{"id":11967,"date":"2018-01-26T17:04:35","date_gmt":"2018-01-26T16:04:35","guid":{"rendered":"https:\/\/www.gamberetta.it\/it\/?p=11967"},"modified":"2022-10-29T14:58:50","modified_gmt":"2022-10-29T12:58:50","slug":"intervista-blogger-laura-teso","status":"publish","type":"post","link":"https:\/\/www.gamberetta.it\/it\/2018\/01\/26\/intervista-blogger-laura-teso\/","title":{"rendered":"SEI DOMANDE AI MIEI AMICI BLOGGER: VI PRESENTO LAURA TESO"},"content":{"rendered":"\n<p>La prima intervista del 2018 \u00e8 a un&#8217;amica blogger di recente acquisizione, un anno esatto, con cui ho condiviso momenti davvero belli del 2017, come la <strong>mostra di beneficenza Marta4kids<\/strong> inaugurata a Padova lo scorso gennaio, e diverse scampagnate in giro nella nostra bella regione, il Veneto. Perch\u00e9 Laura Teso sta a Padova ma \u00e8 spesso in giro, ora \u00e8 appena tornata da Roma (Laura com&#8217;\u00e8 andata?) e soprattutto in Veneto. Racconta le sue esperienze di viaggio in un blog bellissimo che si chiama <strong>My Corner of Italy<\/strong>. Attenzione che \u00e8 in inglese, e un inglese pulito, pignolo, perfetto da cui tutti gli pseudoblogger pretenziosi (aiuto) dovrebbero imparare, invece di scrivere cose illeggibili e incomprensibili. Ora non insultatemi ma per me, cresciuta a pane e inglese, \u00e8 essenziale poter contare su contenuti di qualit\u00e0, e Laura a mio avviso soddisfa appieno i requisiti, di forma e di sostanza.<\/p>\n\n\n\n<div class=\"wp-block-image\"><figure class=\"aligncenter\"><img loading=\"lazy\" decoding=\"async\" width=\"300\" height=\"225\" src=\"https:\/\/www.gamberetta.it\/wp-content\/uploads\/2018\/01\/20170402_085119-300x225.jpg\" alt=\"\" class=\"wp-image-11970\" srcset=\"https:\/\/www.gamberetta.it\/wp-content\/uploads\/2018\/01\/20170402_085119-300x225.jpg 300w, https:\/\/www.gamberetta.it\/wp-content\/uploads\/2018\/01\/20170402_085119-768x576.jpg 768w, https:\/\/www.gamberetta.it\/wp-content\/uploads\/2018\/01\/20170402_085119-1024x768.jpg 1024w, https:\/\/www.gamberetta.it\/wp-content\/uploads\/2018\/01\/20170402_085119-60x45.jpg 60w, https:\/\/www.gamberetta.it\/wp-content\/uploads\/2018\/01\/20170402_085119-1000x750.jpg 1000w, https:\/\/www.gamberetta.it\/wp-content\/uploads\/2018\/01\/20170402_085119-570x428.jpg 570w, https:\/\/www.gamberetta.it\/wp-content\/uploads\/2018\/01\/20170402_085119-330x248.jpg 330w, https:\/\/www.gamberetta.it\/wp-content\/uploads\/2018\/01\/20170402_085119.jpg 1200w\" sizes=\"(max-width: 300px) 100vw, 300px\" \/><\/figure><\/div>\n\n\n\n<p>Lei \u00e8 cos\u00ec come la leggete, una persona profonda appunto, senza una parola di troppo ma molto divertente e smart, mi trovo bene e mi diverto quando siamo in giro, non so se si \u00e8 capito. Dove siamo state? Due volte in barca, nelle isole della laguna di Venezia in primavera e nei canali di Padova in autunno. Ricordo che non sapevamo di essere entrambe presenti alla prima gita, mi mand\u00f2 questo messaggio&#8230;<\/p>\n\n\n\n<p>L \u2013 Stai per caso salendo sul delta tour o hai una sosia?<\/p>\n\n\n\n<p>R \u2013 SI, alzati cos\u00ec ti vedo.<\/p>\n\n\n\n<p>Che ridere! Cos\u00ec mi sono trovata il posto a sedere comodamente con vista su Venezia e laguna, \u00e8 stata proprio una bella giornata anzi ora chiedo quando ricomincia la nuova stagione.<\/p>\n\n\n\n<p>In autunno siamo state a camminare a Combai (TV) per la festa dei marroni IGP.<\/p>\n\n\n\n<p>What else? Ho una domandina che non ho fatto e ne approfitto oggi: dove hai imparato l&#8217;inglese \u2013 qui, l\u00e0, in UK, dall&#8217;altra parte dell&#8217;oceano? Laura illuminami, ora cerco i nostri selfie! Sui dolci non so aiutarti ma se vuoi consigli per la Basilicata sono qua. A presto, anzi see you soon!<\/p>\n\n\n\n<div class=\"wp-block-image\"><figure class=\"aligncenter\"><img loading=\"lazy\" decoding=\"async\" width=\"300\" height=\"225\" src=\"https:\/\/www.gamberetta.it\/wp-content\/uploads\/2018\/01\/20171023_173927-300x225.jpg\" alt=\"\" class=\"wp-image-11968\" srcset=\"https:\/\/www.gamberetta.it\/wp-content\/uploads\/2018\/01\/20171023_173927-300x225.jpg 300w, https:\/\/www.gamberetta.it\/wp-content\/uploads\/2018\/01\/20171023_173927-768x576.jpg 768w, https:\/\/www.gamberetta.it\/wp-content\/uploads\/2018\/01\/20171023_173927-1024x768.jpg 1024w, https:\/\/www.gamberetta.it\/wp-content\/uploads\/2018\/01\/20171023_173927-60x45.jpg 60w, https:\/\/www.gamberetta.it\/wp-content\/uploads\/2018\/01\/20171023_173927-1000x750.jpg 1000w, https:\/\/www.gamberetta.it\/wp-content\/uploads\/2018\/01\/20171023_173927-570x428.jpg 570w, https:\/\/www.gamberetta.it\/wp-content\/uploads\/2018\/01\/20171023_173927-330x248.jpg 330w, https:\/\/www.gamberetta.it\/wp-content\/uploads\/2018\/01\/20171023_173927.jpg 1200w\" sizes=\"(max-width: 300px) 100vw, 300px\" \/><\/figure><\/div>\n\n\n\n<h2 class=\"wp-block-heading\"><u>1&nbsp; Chi sei \u2013 dove ti trovi?<\/u><\/h2>\n\n\n\n<p>Chi sono e dove mi trovo? Chiss\u00e0 perch\u00e9, che io sia di fronte a molte persone, note o sconosciute, o che sia qui sola a scrivere, trovo sempre difficile presentarmi. Non posso che dire l&#8217;essenziale. Un nome, Laura, una citt\u00e0, la mia amata Padova e un blog, <strong>My Corner of Italy<\/strong>, in cui racconto l&#8217;Italia agli stranieri.<\/p>\n\n\n\n<h2 class=\"wp-block-heading\"><u>2&nbsp; Do per scontato che ti piaccia viaggiare avendo un blog di viaggi. Cosa cerchi quando viaggi?<\/u><\/h2>\n\n\n\n<p>Amo viaggiare anche se non ho la possibilit\u00e0 di farlo spesso. Non sono amante delle mete esotiche e lontane. E questo far\u00e0 storcere il naso a molti. Il mio sogno sarebbe invece partire e visitare l&#8217;Europa intera in lungo e in largo. Spesso per\u00f2 <strong>preferisco visitare la nostra Italia, specialmente i piccoli borghi<\/strong>. Quando viaggio cerco atmosfere particolari: uno scorcio romantico, una bottega artigiana dove trovare un souvenir fatto con il cuore, una trattoria dove gustare i piatti del luogo. Sono una sognatrice, vorrei ancora vivere atmosfere d&#8217;altri tempi in questo mondo caotico. Forse \u00e8 per questo che amo tanto i paesi, dove la vita pare scorrere pi\u00f9 lenta e le persone sono pi\u00f9 aperte ad un sorriso e ad una chiacchierata.<\/p>\n\n\n\n<h2 class=\"wp-block-heading\"><u>3&nbsp; Qual \u00e8 il tuo rapporto con il web? C\u2019entra col tuo lavoro e la vita di tutti i giorni o \u00e8 soprattutto una passione?<\/u><\/h2>\n\n\n\n<p><strong>Il web \u00e8 il mio pane quotidiano<\/strong>. Al di l\u00e0 di lavoro e passione, \u00e8 una componente essenziale della mia vita. Io sono una \u201cricercatrice seriale di informazioni\u201d. E internet \u00e8 chiaramente una fonte inesauribile, da mediare e valutare. Per cui non ti dico le ore che passo online, tra incarichi per il blog, letture, musica, informazioni per il prossimo viaggio o per una gita nei paraggi, per una cena, per le notizie del giorno o per l&#8217;acquisto di un nuovo elettrodomestico. E quanto tempo perdo a fare paragoni e a valutare recensioni! &#8216;na tragedia!<\/p>\n\n\n\n<h2 class=\"wp-block-heading\"><u>4&nbsp; Raccontaci una bella esperienza di viaggio e un brutto episodio accaduto durante un viaggio.<\/u><\/h2>\n\n\n\n<p>Se chiudo gli occhi e penso ad un viaggio che mi ha resa felice, devo rispondere <strong>Bretagna<\/strong>. Desideravo andarci da quando ero ragazzina, dopo aver visto delle meravigliose immagini in un libro. L\u00ec ho trovato paesaggi ed atmosfere che hanno superato le mie aspettative. Mi \u00e8 rimasta nel cuore e ci penso ancora spesso. Per quanto riguarda esperienze negative, purtroppo mi \u00e8 capitato un atterraggio un po&#8217; rocambolesco. Nulla di che rispetto ad altri che ho sentito, ma mi \u00e8 bastato per trasformare l&#8217;amore per il volo in terrore. Infatti non ho pi\u00f9 volato, e questo \u00e8 un problema. Per carit\u00e0, adoro i viaggi on the road, vedere il paesaggio che cambia lungo le strade, potermi fermare quando scorgo qualcosa di interessante o quando sono stufa&#8230; Ma vuoi mettere la comodit\u00e0 dell&#8217;aereo? Un&#8217;altra cosa che rischia spesso di rovinarmi i viaggi \u00e8 la mia stessa smania di vedere di pi\u00f9. Difatti ho spesso inserito troppe tappe in un viaggio. Da qualche tempo sto cercando di impormi di fare meno cose e con pi\u00f9 calma. E&#8217; che poi, quando sono in viaggio, in auto lungo una strada che mi porta alla meta successiva, e vedo un cartello che indica un&#8217;ulteriore attrazione o un borgo interessante&#8230; non resisto.<\/p>\n\n\n\n<h2 class=\"wp-block-heading\"><u>5&nbsp; C\u2019\u00e8 un prodotto locale (cibo o bevanda) che hai scoperto in viaggio e ti \u00e8 particolarmente piaciuto?<\/u><\/h2>\n\n\n\n<p>Lo so, il mio blog \u00e8 My Corner of Italy, ma devo rispondere di nuovo: <strong>Francia<\/strong>. Io sono una vera golosa. E puoi immaginare come i dessert francesi siano stati una vera rivelazione. La <strong>tarte tatin<\/strong> \u00e8 diventata la mia torta preferita. Di una dolcezza che per molti \u00e8 stucchevole, per me \u00e8 invece un abbraccio dolce e sensuale che mi riporta in un attimo ad <strong>Amboise<\/strong> e mi fa dimenticare le amarezze del quotidiano. Se invece parliamo di Italia, <strong>ho uno sconfinato amore per i pici, all&#8217;aglione o al cacio e pepe<\/strong> che siano, scoperti durante un viaggio tra <strong>Toscana e Umbria<\/strong>. Anche in questo caso, al di l\u00e0 del picio in s\u00e9, in me scatta una sorta di &#8220;sinestesia&#8221; tra percezione di gusto, olfatto e l&#8217;attivazione del piacevole ricordo di un luogo che ho amato e dove ho vissuto esperienze ed emozioni piacevoli.<\/p>\n\n\n\n<h2 class=\"wp-block-heading\"><u>6&nbsp; Dove andrai nei prossimi mesi? Quali sono i tuoi programmi di viaggio?<\/u><\/h2>\n\n\n\n<p>5 A parte qualche giro nei dintorni, <strong>un blitz nel Senese e una visita alle necropoli Etrusche del Lazio<\/strong>, per ora non ho altri programmi certi. Pi\u00f9 avanti vorrei tanto poter \u201ccalare nelle Puglie\u201d e visitare <strong>Val d&#8217;Itria e Salento<\/strong>, con una puntatina a <strong>Matera<\/strong>, che \u00e8 nella mia wishlist da molto. Inoltre, prima o poi torner\u00f2 nella mia amata Francia: <strong>Provenza e Normandia<\/strong> le possibili mete. A quel punto per\u00f2 dovr\u00f2 creare un My corner of France.<\/p>\n\n\n\n<p><\/p>\n","protected":false},"excerpt":{"rendered":"<p>La prima intervista del 2018 \u00e8 a un&#8217;amica blogger di recente acquisizione, un anno esatto, con cui ho condiviso momenti davvero belli del 2017, come la mostra di beneficenza Marta4kids inaugurata a Padova lo scorso gennaio, e diverse scampagnate in giro nella nostra bella regione, il Veneto. Perch\u00e9 Laura Teso sta a Padova ma \u00e8 &hellip; <a class=\"more-link\" href=\"https:\/\/www.gamberetta.it\/it\/2018\/01\/26\/intervista-blogger-laura-teso\/\">Leggi tutto<i class=\"ion-ios-arrow-thin-right\"><\/i><\/a><\/p>\n","protected":false},"author":2,"featured_media":11970,"comment_status":"open","ping_status":"closed","sticky":false,"template":"","format":"standard","meta":{"footnotes":""},"categories":[68,26,105,28,58],"tags":[1956,2293],"class_list":["post-11967","post","type-post","status-publish","format-standard","has-post-thumbnail","hentry","category-food-wine","category-friends","category-in-campagna","category-myself","category-venezia","tag-blog-di-viaggio","tag-laura-teso-blogger"],"yoast_head":"<!-- This site is optimized with the Yoast SEO plugin v23.5 - https:\/\/yoast.com\/wordpress\/plugins\/seo\/ -->\n<title>SEI DOMANDE AI MIEI AMICI BLOGGER: VI PRESENTO LAURA TESO - Gamberetta<\/title>\n<meta name=\"robots\" content=\"index, follow, max-snippet:-1, max-image-preview:large, max-video-preview:-1\" \/>\n<link rel=\"canonical\" href=\"https:\/\/www.gamberetta.it\/it\/2018\/01\/26\/intervista-blogger-laura-teso\/\" \/>\n<meta property=\"og:locale\" content=\"it_IT\" \/>\n<meta property=\"og:type\" content=\"article\" \/>\n<meta property=\"og:title\" content=\"SEI DOMANDE AI MIEI AMICI BLOGGER: VI PRESENTO LAURA TESO - Gamberetta\" \/>\n<meta property=\"og:description\" content=\"La prima intervista del 2018 \u00e8 a un&#8217;amica blogger di recente acquisizione, un anno esatto, con cui ho condiviso momenti davvero belli del 2017, come la mostra di beneficenza Marta4kids inaugurata a Padova lo scorso gennaio, e diverse scampagnate in giro nella nostra bella regione, il Veneto. Perch\u00e9 Laura Teso sta a Padova ma \u00e8 &hellip; Leggi tutto\" \/>\n<meta property=\"og:url\" content=\"https:\/\/www.gamberetta.it\/it\/2018\/01\/26\/intervista-blogger-laura-teso\/\" \/>\n<meta property=\"og:site_name\" content=\"Gamberetta\" \/>\n<meta property=\"article:publisher\" content=\"https:\/\/www.facebook.com\/Gamberettatravelblog\" \/>\n<meta property=\"article:published_time\" content=\"2018-01-26T16:04:35+00:00\" \/>\n<meta property=\"article:modified_time\" content=\"2022-10-29T12:58:50+00:00\" \/>\n<meta property=\"og:image\" content=\"https:\/\/www.gamberetta.it\/wp-content\/uploads\/2018\/01\/20170402_085119.jpg\" \/>\n\t<meta property=\"og:image:width\" content=\"1200\" \/>\n\t<meta property=\"og:image:height\" content=\"900\" \/>\n\t<meta property=\"og:image:type\" content=\"image\/jpeg\" \/>\n<meta name=\"author\" content=\"gamberetta\" \/>\n<meta name=\"twitter:card\" content=\"summary_large_image\" \/>\n<meta name=\"twitter:creator\" content=\"@robertazennaro\" \/>\n<meta name=\"twitter:site\" content=\"@robertazennaro\" \/>\n<meta name=\"twitter:label1\" content=\"Scritto da\" \/>\n\t<meta name=\"twitter:data1\" content=\"gamberetta\" \/>\n\t<meta name=\"twitter:label2\" content=\"Tempo di lettura stimato\" \/>\n\t<meta name=\"twitter:data2\" content=\"6 minuti\" \/>\n<script type=\"application\/ld+json\" class=\"yoast-schema-graph\">{\"@context\":\"https:\/\/schema.org\",\"@graph\":[{\"@type\":\"WebPage\",\"@id\":\"https:\/\/www.gamberetta.it\/it\/2018\/01\/26\/intervista-blogger-laura-teso\/\",\"url\":\"https:\/\/www.gamberetta.it\/it\/2018\/01\/26\/intervista-blogger-laura-teso\/\",\"name\":\"SEI DOMANDE AI MIEI AMICI BLOGGER: VI PRESENTO LAURA TESO - Gamberetta\",\"isPartOf\":{\"@id\":\"https:\/\/www.gamberetta.it\/it\/#website\"},\"primaryImageOfPage\":{\"@id\":\"https:\/\/www.gamberetta.it\/it\/2018\/01\/26\/intervista-blogger-laura-teso\/#primaryimage\"},\"image\":{\"@id\":\"https:\/\/www.gamberetta.it\/it\/2018\/01\/26\/intervista-blogger-laura-teso\/#primaryimage\"},\"thumbnailUrl\":\"https:\/\/www.gamberetta.it\/wp-content\/uploads\/2018\/01\/20170402_085119.jpg\",\"datePublished\":\"2018-01-26T16:04:35+00:00\",\"dateModified\":\"2022-10-29T12:58:50+00:00\",\"author\":{\"@id\":\"https:\/\/www.gamberetta.it\/it\/#\/schema\/person\/7a4a919927c944edb5f3f9c665590124\"},\"breadcrumb\":{\"@id\":\"https:\/\/www.gamberetta.it\/it\/2018\/01\/26\/intervista-blogger-laura-teso\/#breadcrumb\"},\"inLanguage\":\"it-IT\",\"potentialAction\":[{\"@type\":\"ReadAction\",\"target\":[\"https:\/\/www.gamberetta.it\/it\/2018\/01\/26\/intervista-blogger-laura-teso\/\"]}]},{\"@type\":\"ImageObject\",\"inLanguage\":\"it-IT\",\"@id\":\"https:\/\/www.gamberetta.it\/it\/2018\/01\/26\/intervista-blogger-laura-teso\/#primaryimage\",\"url\":\"https:\/\/www.gamberetta.it\/wp-content\/uploads\/2018\/01\/20170402_085119.jpg\",\"contentUrl\":\"https:\/\/www.gamberetta.it\/wp-content\/uploads\/2018\/01\/20170402_085119.jpg\",\"width\":1200,\"height\":900},{\"@type\":\"BreadcrumbList\",\"@id\":\"https:\/\/www.gamberetta.it\/it\/2018\/01\/26\/intervista-blogger-laura-teso\/#breadcrumb\",\"itemListElement\":[{\"@type\":\"ListItem\",\"position\":1,\"name\":\"Home\",\"item\":\"https:\/\/www.gamberetta.it\/it\/\"},{\"@type\":\"ListItem\",\"position\":2,\"name\":\"SEI DOMANDE AI MIEI AMICI BLOGGER: VI PRESENTO LAURA TESO\"}]},{\"@type\":\"WebSite\",\"@id\":\"https:\/\/www.gamberetta.it\/it\/#website\",\"url\":\"https:\/\/www.gamberetta.it\/it\/\",\"name\":\"Gamberetta\",\"description\":\"Il mio blog senza fronzoli: pensieri e parole, sempre e ovunque in viaggio\",\"potentialAction\":[{\"@type\":\"SearchAction\",\"target\":{\"@type\":\"EntryPoint\",\"urlTemplate\":\"https:\/\/www.gamberetta.it\/it\/?s={search_term_string}\"},\"query-input\":{\"@type\":\"PropertyValueSpecification\",\"valueRequired\":true,\"valueName\":\"search_term_string\"}}],\"inLanguage\":\"it-IT\"},{\"@type\":\"Person\",\"@id\":\"https:\/\/www.gamberetta.it\/it\/#\/schema\/person\/7a4a919927c944edb5f3f9c665590124\",\"name\":\"gamberetta\",\"image\":{\"@type\":\"ImageObject\",\"inLanguage\":\"it-IT\",\"@id\":\"https:\/\/www.gamberetta.it\/it\/#\/schema\/person\/image\/\",\"url\":\"https:\/\/secure.gravatar.com\/avatar\/7ef5d82656b8958070b4f589b7ae1784?s=96&d=mm&r=g\",\"contentUrl\":\"https:\/\/secure.gravatar.com\/avatar\/7ef5d82656b8958070b4f589b7ae1784?s=96&d=mm&r=g\",\"caption\":\"gamberetta\"},\"description\":\"Sono Toro ascendente Scorpione, terra di contrasti dove ora prevale una met\u00e0, ora l\u2019altra. L\u2019infanzia in Veneto e gli ultimi anni passati a Milano hanno sviluppato in me una serie ulteriore di conflitti. Scrivo da sempre, la scrittura \u00e8 la migliore forma espressiva che mi consente di fissare concetti altrimenti sospesi nell\u2019aria. Da bambina scrivevo poesie con uno stile quasi leopardiano poi sono passata ai diari di viaggio dalla prima volta in USA nel 1998 e non ho pi\u00f9 smesso...\",\"url\":\"https:\/\/www.gamberetta.it\/it\/author\/gamberettarossa\/\"}]}<\/script>\n<!-- \/ Yoast SEO plugin. -->","yoast_head_json":{"title":"SEI DOMANDE AI MIEI AMICI BLOGGER: VI PRESENTO LAURA TESO - Gamberetta","robots":{"index":"index","follow":"follow","max-snippet":"max-snippet:-1","max-image-preview":"max-image-preview:large","max-video-preview":"max-video-preview:-1"},"canonical":"https:\/\/www.gamberetta.it\/it\/2018\/01\/26\/intervista-blogger-laura-teso\/","og_locale":"it_IT","og_type":"article","og_title":"SEI DOMANDE AI MIEI AMICI BLOGGER: VI PRESENTO LAURA TESO - Gamberetta","og_description":"La prima intervista del 2018 \u00e8 a un&#8217;amica blogger di recente acquisizione, un anno esatto, con cui ho condiviso momenti davvero belli del 2017, come la mostra di beneficenza Marta4kids inaugurata a Padova lo scorso gennaio, e diverse scampagnate in giro nella nostra bella regione, il Veneto. Perch\u00e9 Laura Teso sta a Padova ma \u00e8 &hellip; Leggi tutto","og_url":"https:\/\/www.gamberetta.it\/it\/2018\/01\/26\/intervista-blogger-laura-teso\/","og_site_name":"Gamberetta","article_publisher":"https:\/\/www.facebook.com\/Gamberettatravelblog","article_published_time":"2018-01-26T16:04:35+00:00","article_modified_time":"2022-10-29T12:58:50+00:00","og_image":[{"width":1200,"height":900,"url":"https:\/\/www.gamberetta.it\/wp-content\/uploads\/2018\/01\/20170402_085119.jpg","type":"image\/jpeg"}],"author":"gamberetta","twitter_card":"summary_large_image","twitter_creator":"@robertazennaro","twitter_site":"@robertazennaro","twitter_misc":{"Scritto da":"gamberetta","Tempo di lettura stimato":"6 minuti"},"schema":{"@context":"https:\/\/schema.org","@graph":[{"@type":"WebPage","@id":"https:\/\/www.gamberetta.it\/it\/2018\/01\/26\/intervista-blogger-laura-teso\/","url":"https:\/\/www.gamberetta.it\/it\/2018\/01\/26\/intervista-blogger-laura-teso\/","name":"SEI DOMANDE AI MIEI AMICI BLOGGER: VI PRESENTO LAURA TESO - Gamberetta","isPartOf":{"@id":"https:\/\/www.gamberetta.it\/it\/#website"},"primaryImageOfPage":{"@id":"https:\/\/www.gamberetta.it\/it\/2018\/01\/26\/intervista-blogger-laura-teso\/#primaryimage"},"image":{"@id":"https:\/\/www.gamberetta.it\/it\/2018\/01\/26\/intervista-blogger-laura-teso\/#primaryimage"},"thumbnailUrl":"https:\/\/www.gamberetta.it\/wp-content\/uploads\/2018\/01\/20170402_085119.jpg","datePublished":"2018-01-26T16:04:35+00:00","dateModified":"2022-10-29T12:58:50+00:00","author":{"@id":"https:\/\/www.gamberetta.it\/it\/#\/schema\/person\/7a4a919927c944edb5f3f9c665590124"},"breadcrumb":{"@id":"https:\/\/www.gamberetta.it\/it\/2018\/01\/26\/intervista-blogger-laura-teso\/#breadcrumb"},"inLanguage":"it-IT","potentialAction":[{"@type":"ReadAction","target":["https:\/\/www.gamberetta.it\/it\/2018\/01\/26\/intervista-blogger-laura-teso\/"]}]},{"@type":"ImageObject","inLanguage":"it-IT","@id":"https:\/\/www.gamberetta.it\/it\/2018\/01\/26\/intervista-blogger-laura-teso\/#primaryimage","url":"https:\/\/www.gamberetta.it\/wp-content\/uploads\/2018\/01\/20170402_085119.jpg","contentUrl":"https:\/\/www.gamberetta.it\/wp-content\/uploads\/2018\/01\/20170402_085119.jpg","width":1200,"height":900},{"@type":"BreadcrumbList","@id":"https:\/\/www.gamberetta.it\/it\/2018\/01\/26\/intervista-blogger-laura-teso\/#breadcrumb","itemListElement":[{"@type":"ListItem","position":1,"name":"Home","item":"https:\/\/www.gamberetta.it\/it\/"},{"@type":"ListItem","position":2,"name":"SEI DOMANDE AI MIEI AMICI BLOGGER: VI PRESENTO LAURA TESO"}]},{"@type":"WebSite","@id":"https:\/\/www.gamberetta.it\/it\/#website","url":"https:\/\/www.gamberetta.it\/it\/","name":"Gamberetta","description":"Il mio blog senza fronzoli: pensieri e parole, sempre e ovunque in viaggio","potentialAction":[{"@type":"SearchAction","target":{"@type":"EntryPoint","urlTemplate":"https:\/\/www.gamberetta.it\/it\/?s={search_term_string}"},"query-input":{"@type":"PropertyValueSpecification","valueRequired":true,"valueName":"search_term_string"}}],"inLanguage":"it-IT"},{"@type":"Person","@id":"https:\/\/www.gamberetta.it\/it\/#\/schema\/person\/7a4a919927c944edb5f3f9c665590124","name":"gamberetta","image":{"@type":"ImageObject","inLanguage":"it-IT","@id":"https:\/\/www.gamberetta.it\/it\/#\/schema\/person\/image\/","url":"https:\/\/secure.gravatar.com\/avatar\/7ef5d82656b8958070b4f589b7ae1784?s=96&d=mm&r=g","contentUrl":"https:\/\/secure.gravatar.com\/avatar\/7ef5d82656b8958070b4f589b7ae1784?s=96&d=mm&r=g","caption":"gamberetta"},"description":"Sono Toro ascendente Scorpione, terra di contrasti dove ora prevale una met\u00e0, ora l\u2019altra. L\u2019infanzia in Veneto e gli ultimi anni passati a Milano hanno sviluppato in me una serie ulteriore di conflitti. Scrivo da sempre, la scrittura \u00e8 la migliore forma espressiva che mi consente di fissare concetti altrimenti sospesi nell\u2019aria. Da bambina scrivevo poesie con uno stile quasi leopardiano poi sono passata ai diari di viaggio dalla prima volta in USA nel 1998 e non ho pi\u00f9 smesso...","url":"https:\/\/www.gamberetta.it\/it\/author\/gamberettarossa\/"}]}},"_links":{"self":[{"href":"https:\/\/www.gamberetta.it\/it\/wp-json\/wp\/v2\/posts\/11967"}],"collection":[{"href":"https:\/\/www.gamberetta.it\/it\/wp-json\/wp\/v2\/posts"}],"about":[{"href":"https:\/\/www.gamberetta.it\/it\/wp-json\/wp\/v2\/types\/post"}],"author":[{"embeddable":true,"href":"https:\/\/www.gamberetta.it\/it\/wp-json\/wp\/v2\/users\/2"}],"replies":[{"embeddable":true,"href":"https:\/\/www.gamberetta.it\/it\/wp-json\/wp\/v2\/comments?post=11967"}],"version-history":[{"count":4,"href":"https:\/\/www.gamberetta.it\/it\/wp-json\/wp\/v2\/posts\/11967\/revisions"}],"predecessor-version":[{"id":20124,"href":"https:\/\/www.gamberetta.it\/it\/wp-json\/wp\/v2\/posts\/11967\/revisions\/20124"}],"wp:featuredmedia":[{"embeddable":true,"href":"https:\/\/www.gamberetta.it\/it\/wp-json\/wp\/v2\/media\/11970"}],"wp:attachment":[{"href":"https:\/\/www.gamberetta.it\/it\/wp-json\/wp\/v2\/media?parent=11967"}],"wp:term":[{"taxonomy":"category","embeddable":true,"href":"https:\/\/www.gamberetta.it\/it\/wp-json\/wp\/v2\/categories?post=11967"},{"taxonomy":"post_tag","embeddable":true,"href":"https:\/\/www.gamberetta.it\/it\/wp-json\/wp\/v2\/tags?post=11967"}],"curies":[{"name":"wp","href":"https:\/\/api.w.org\/{rel}","templated":true}]}}