{"id":13623,"date":"2018-11-20T14:16:06","date_gmt":"2018-11-20T13:16:06","guid":{"rendered":"https:\/\/www.gamberetta.it\/it\/?p=13623"},"modified":"2019-12-29T11:46:29","modified_gmt":"2019-12-29T10:46:29","slug":"viaggio-nella-calabria-del-vino-paolo-librandi","status":"publish","type":"post","link":"https:\/\/www.gamberetta.it\/it\/2018\/11\/20\/viaggio-nella-calabria-del-vino-paolo-librandi\/","title":{"rendered":"VIAGGIO NELLA CALABRIA DEL VINO: OTTO DOMANDE A PAOLO LIBRANDI"},"content":{"rendered":"\n<p><span style=\"color: #000000\"><span style=\"font-family: Calibri, sans-serif\"><span style=\"font-size: medium\">Nella Calabria del vino brillano tante stelle piccole e grandi, Librandi \u00e8 sicuramente tra le cantine che meglio rappresentano il territorio. Essendo questa una famiglia di vignaioli da quattro generazioni ha l&#8217;onere e l&#8217;onore di portare il proprio nome impresso su ognuna delle bottiglie che produce ed esporta in oltre trenta paesi. In Italia la Calabria rappresenta la punta dello stivale ed \u00e8 distesa tra terra e acqua, tra montagna e mare, con una grande variet\u00e0 di ambienti naturali spesso incontaminati e bellezze storiche, a volte celate allo sguardo dei pi\u00f9, dove un animo curioso come il mio sguazza alla ricerca di perle nascoste. Sono stata loro ospite nella scorsa primavera in occasione di un evento \u2013 che ho raccontato in <\/span><\/span><\/span><a href=\"https:\/\/www.gamberetta.it\/it\/2018\/04\/28\/librandi-strade-della-calabria-autentica\/\"><span style=\"color: #000000\"><span style=\"font-family: Calibri, sans-serif\"><span style=\"font-size: medium\">questo post<\/span><\/span><\/span><\/a><span style=\"color: #000000\"><span style=\"font-family: Calibri, sans-serif\"><span style=\"font-size: medium\"> \u2013 dedicato alla scoperta della loro splendida regione dai monti della Sila al mar Ionio, a Cir\u00f2 Marina dove \u201cnascono\u201d questi vini. Ho parlato con tutta la famiglia: Nicodemo Librandi che ha fatto crescere l&#8217;azienda e i figli, Paolo e Raffaele. Impegnatissimi nel consolidare oggi la presenza sui mercati (Raffaele \u00e8 p<\/span><\/span><\/span><span style=\"color: #000000\"><span style=\"font-family: Calibri, sans-serif\"><span style=\"font-size: medium\"><span lang=\"it-IT\">residente del Consorzio del Cir\u00f2)<\/span><\/span><\/span><\/span><span style=\"color: #000000\"><span style=\"font-family: Calibri, sans-serif\"><span style=\"font-size: medium\"> lavorano su tutta la filiera a partire naturalmente dalla vigna, con la collaborazione tecnica di Donato Lanati e del suo studio Enosis Meraviglia. <\/span><\/span><\/span><\/p>\n\n\n\n<figure class=\"wp-block-gallery columns-2 is-cropped wp-block-gallery-2 is-layout-flex wp-block-gallery-is-layout-flex\"><ul class=\"blocks-gallery-grid\"><li class=\"blocks-gallery-item\"><figure><a href=\"https:\/\/www.gamberetta.it\/wp-content\/uploads\/2018\/11\/cal18-70.jpg\"><img loading=\"lazy\" decoding=\"async\" width=\"960\" height=\"720\" src=\"https:\/\/www.gamberetta.it\/wp-content\/uploads\/2018\/11\/cal18-70.jpg\" alt=\"\" data-id=\"13626\" class=\"wp-image-13626\" srcset=\"https:\/\/www.gamberetta.it\/wp-content\/uploads\/2018\/11\/cal18-70.jpg 960w, https:\/\/www.gamberetta.it\/wp-content\/uploads\/2018\/11\/cal18-70-300x225.jpg 300w, https:\/\/www.gamberetta.it\/wp-content\/uploads\/2018\/11\/cal18-70-768x576.jpg 768w, https:\/\/www.gamberetta.it\/wp-content\/uploads\/2018\/11\/cal18-70-60x45.jpg 60w, https:\/\/www.gamberetta.it\/wp-content\/uploads\/2018\/11\/cal18-70-570x428.jpg 570w, https:\/\/www.gamberetta.it\/wp-content\/uploads\/2018\/11\/cal18-70-330x248.jpg 330w\" sizes=\"(max-width: 960px) 100vw, 960px\" \/><\/a><\/figure><\/li><li class=\"blocks-gallery-item\"><figure><a href=\"https:\/\/www.gamberetta.it\/wp-content\/uploads\/2018\/11\/cal18-74.jpg\"><img loading=\"lazy\" decoding=\"async\" width=\"960\" height=\"720\" src=\"https:\/\/www.gamberetta.it\/wp-content\/uploads\/2018\/11\/cal18-74.jpg\" alt=\"\" data-id=\"13627\" class=\"wp-image-13627\" srcset=\"https:\/\/www.gamberetta.it\/wp-content\/uploads\/2018\/11\/cal18-74.jpg 960w, https:\/\/www.gamberetta.it\/wp-content\/uploads\/2018\/11\/cal18-74-300x225.jpg 300w, https:\/\/www.gamberetta.it\/wp-content\/uploads\/2018\/11\/cal18-74-768x576.jpg 768w, https:\/\/www.gamberetta.it\/wp-content\/uploads\/2018\/11\/cal18-74-60x45.jpg 60w, https:\/\/www.gamberetta.it\/wp-content\/uploads\/2018\/11\/cal18-74-570x428.jpg 570w, https:\/\/www.gamberetta.it\/wp-content\/uploads\/2018\/11\/cal18-74-330x248.jpg 330w\" sizes=\"(max-width: 960px) 100vw, 960px\" \/><\/a><\/figure><\/li><li class=\"blocks-gallery-item\"><figure><a href=\"https:\/\/www.gamberetta.it\/wp-content\/uploads\/2018\/11\/cal18-68.jpg\"><img loading=\"lazy\" decoding=\"async\" width=\"960\" height=\"720\" src=\"https:\/\/www.gamberetta.it\/wp-content\/uploads\/2018\/11\/cal18-68.jpg\" alt=\"\" data-id=\"13625\" class=\"wp-image-13625\" srcset=\"https:\/\/www.gamberetta.it\/wp-content\/uploads\/2018\/11\/cal18-68.jpg 960w, https:\/\/www.gamberetta.it\/wp-content\/uploads\/2018\/11\/cal18-68-300x225.jpg 300w, https:\/\/www.gamberetta.it\/wp-content\/uploads\/2018\/11\/cal18-68-768x576.jpg 768w, https:\/\/www.gamberetta.it\/wp-content\/uploads\/2018\/11\/cal18-68-60x45.jpg 60w, https:\/\/www.gamberetta.it\/wp-content\/uploads\/2018\/11\/cal18-68-570x428.jpg 570w, https:\/\/www.gamberetta.it\/wp-content\/uploads\/2018\/11\/cal18-68-330x248.jpg 330w\" sizes=\"(max-width: 960px) 100vw, 960px\" \/><\/a><\/figure><\/li><li class=\"blocks-gallery-item\"><figure><a href=\"https:\/\/www.gamberetta.it\/wp-content\/uploads\/2018\/11\/cal18-80.jpg\"><img loading=\"lazy\" decoding=\"async\" width=\"960\" height=\"720\" src=\"https:\/\/www.gamberetta.it\/wp-content\/uploads\/2018\/11\/cal18-80.jpg\" alt=\"\" data-id=\"13629\" class=\"wp-image-13629\" srcset=\"https:\/\/www.gamberetta.it\/wp-content\/uploads\/2018\/11\/cal18-80.jpg 960w, https:\/\/www.gamberetta.it\/wp-content\/uploads\/2018\/11\/cal18-80-300x225.jpg 300w, https:\/\/www.gamberetta.it\/wp-content\/uploads\/2018\/11\/cal18-80-768x576.jpg 768w, https:\/\/www.gamberetta.it\/wp-content\/uploads\/2018\/11\/cal18-80-60x45.jpg 60w, https:\/\/www.gamberetta.it\/wp-content\/uploads\/2018\/11\/cal18-80-570x428.jpg 570w, https:\/\/www.gamberetta.it\/wp-content\/uploads\/2018\/11\/cal18-80-330x248.jpg 330w\" sizes=\"(max-width: 960px) 100vw, 960px\" \/><\/a><\/figure><\/li><\/ul><\/figure>\n\n\n\n<p><span style=\"color: #000000\"><span style=\"font-family: Calibri, sans-serif\"><span style=\"font-size: medium\">Ho chiesto proprio a Paolo Librandi di raccontare come si muove la sua azienda nel mondo del vino, un mondo che oggi \u00e8 in fermento come non mai. Me lo ha raccontato e le otto domande che pongo periodicamente al vignaiolo hanno avuto otto risposte di ampio respiro, una particolare espressione, la visione che va oltre la propria azienda. La pubblico a fine anno perch\u00e9 nel frattempo li ho seguiti nei raggiungimenti di questi ultimi mesi, che danno ragione a loro e rendono merito alla loro bella Calabria. <\/span><\/span><\/span><\/p>\n\n\n\n<p><span style=\"color: #000000\"><span style=\"font-family: Calibri, sans-serif\"><span style=\"font-size: medium\">Al <\/span><\/span><\/span><span style=\"color: #000000\"><span style=\"font-family: Calibri, sans-serif\"><span style=\"font-size: medium\"><b>Merano Wine Festival <\/b><\/span><\/span><\/span><span style=\"color: #000000\"><span style=\"font-family: Calibri, sans-serif\"><span style=\"font-size: medium\">la <\/span><\/span><\/span><span style=\"color: #000000\"><span style=\"font-family: Calibri, sans-serif\"><span style=\"font-size: medium\"><span lang=\"it-IT\">preziosa terra del Cirotano ha vinto l&#8217;ottava edizione del Premio al Territorio, riconoscimento che <\/span><\/span><\/span><\/span><span style=\"color: #000000\"><span style=\"font-family: Calibri, sans-serif\"><span style=\"font-size: medium\"><span lang=\"it-IT\"><i>Vinarius<\/i><\/span><\/span><\/span><\/span><span style=\"color: #000000\"><span style=\"font-family: Calibri, sans-serif\"><span style=\"font-size: medium\"><span lang=\"it-IT\"> (<\/span><\/span><\/span><\/span><span style=\"color: #000000\"><span style=\"font-family: Calibri, sans-serif\"><span style=\"font-size: medium\"><span lang=\"it-IT\">Associazione delle Enoteche Italiane) <\/span><\/span><\/span><\/span><span style=\"color: #000000\"><span style=\"font-family: Calibri, sans-serif\"><span style=\"font-size: medium\"><span lang=\"it-IT\">attribuisce a un <\/span><\/span><\/span><\/span><span style=\"color: #000000\"><span style=\"font-family: Calibri, sans-serif\"><span style=\"font-size: medium\"><span lang=\"it-IT\"><i>particolare ambito geografico in virt\u00f9 della sua vocazione vitivinicola, del suo paniere agroalimentare, dello sviluppo sostenibile, della tradizione, della storia e della sua accoglienza turistica. <\/i><\/span><\/span><\/span><\/span><\/p>\n\n\n\n<p><span style=\"color: #000000\"><span style=\"font-family: Calibri, sans-serif\"><span style=\"font-size: medium\"><span lang=\"it-IT\">Il <\/span><\/span><\/span><\/span><span style=\"color: #000000\"><span style=\"font-family: Calibri, sans-serif\"><span style=\"font-size: medium\"><span lang=\"it-IT\"><b>Critone Val di Neto IGT<\/b><\/span><\/span><\/span><\/span><span style=\"color: #000000\"><span style=\"font-family: Calibri, sans-serif\"><span style=\"font-size: medium\"><span lang=\"it-IT\">, uno dei vini Librandi pi\u00f9 diffusi sul mercato nazionale e internazionale, \u00e8 stato inserito all\u201981\u00b0 posto nella lista dei 100 vini pi\u00f9 importanti dell\u2019anno da Wine Spectator, tra i pi\u00f9 influenti magazine del settore e vera istituzione nel mondo del vino. <\/span><\/span><\/span><\/span><span style=\"color: #000000\"><span style=\"font-family: Calibri, sans-serif\"><span style=\"font-size: medium\"><span lang=\"it-IT\"><i>Uno dei riconoscimenti pi\u00f9 rilevanti a cui potesse aspirare, <\/i><\/span><\/span><\/span><\/span><span style=\"color: #000000\"><span style=\"font-family: Calibri, sans-serif\"><span style=\"font-size: medium\"><span lang=\"it-IT\"><i>un premio al vino e al lavoro di tutto il team. <\/i><\/span><\/span><\/span><\/span><\/p>\n\n\n\n<h2 class=\"wp-block-heading\"><span style=\"color: #000000\"><span style=\"font-family: Calibri, sans-serif\"><span style=\"font-size: medium\"><u>1 Chi sei \u2013 dove ti trovi? Raccontaci qualcosa di te e del tuo vino.<\/u><\/span><\/span><\/span><\/h2>\n\n\n\n<p><span style=\"color: #000000\"><span style=\"font-family: Calibri, sans-serif\"><span style=\"font-size: medium\">Io sono Paolo Librandi, uno dei proprietari della terza generazione dei Librandi. Al momento mi trovo a Cir\u00f2 Marina, dove vivo insieme alla mia famiglia e dove cerco di passare pi\u00f9 tempo che posso, visto che per lunghi periodi dell\u2019anno il lavoro mi porta fuori sede. I nostri vini sono vini di territorio prima di tutte le altre caratteristiche. La fede nelle nostre terre, testimoniata dagli <\/span><\/span><\/span><span style=\"color: #000000\"><span style=\"font-family: Calibri, sans-serif\"><span style=\"font-size: medium\">ingenti investimenti fatti nel corso degli anni<\/span><\/span><\/span><span style=\"color: #000000\"><span style=\"font-family: Calibri, sans-serif\"><span style=\"font-size: medium\">, anche e soprattutto nella acquisizione di terreni vocati e nella creazione di un cospicuo parco vigneti, ci porta naturalmente a <\/span><\/span><\/span><span style=\"color: #000000\"><span style=\"font-family: Calibri, sans-serif\"><span style=\"font-size: medium\"><b>creare vini che esprimono l\u2019essenza del territorio in tutte le sue sfaccettature<\/b><\/span><\/span><\/span><span style=\"color: #000000\"><span style=\"font-family: Calibri, sans-serif\"><span style=\"font-size: medium\">.<\/span><\/span><\/span><\/p>\n\n\n\n<h2 class=\"wp-block-heading\"><span style=\"color: #000000\"><span style=\"font-family: Calibri, sans-serif\"><span style=\"font-size: medium\"><u>2 L&#8217;arte di fare il vino nasce nella vigna e si sviluppa in cantina.&nbsp;E poi cosa c&#8217;\u00e8 dietro un grande vino? <\/u><\/span><\/span><\/span><\/h2>\n\n\n\n<p><span style=\"color: #000000\"><span style=\"font-family: Calibri, sans-serif\"><span style=\"font-size: medium\">Dietro un grande vino, e qui parlo a titolo strettamente personale c\u2019\u00e8, oltre a quanto premesso nella domanda, un\u2019idea originaria, un sogno, e <\/span><\/span><\/span><span style=\"color: #000000\"><span style=\"font-family: Calibri, sans-serif\"><span style=\"font-size: medium\"><b>la dedizione e l\u2019impegno di tutti i giorni per realizzarlo<\/b><\/span><\/span><\/span><span style=\"color: #000000\"><span style=\"font-family: Calibri, sans-serif\"><span style=\"font-size: medium\">. Seguire i vigneti con costanza, quasi parlandoci ogni giorno, seguire l\u2019uva nel suo viaggio verso la cantina e poi dallo scarico nelle tramogge a tutte le fasi di lavorazione. Seguirlo nell\u2019affinamento e poi nell\u2019imbottigliamento senza trascurare nessun dettaglio. Solo cos\u00ec e con l\u2019aiuto di madre natura si pu\u00f2 sperare di produrre grandi vini.<\/span><\/span><\/span><\/p>\n\n\n\n<figure class=\"wp-block-gallery columns-2 is-cropped wp-block-gallery-3 is-layout-flex wp-block-gallery-is-layout-flex\"><ul class=\"blocks-gallery-grid\"><li class=\"blocks-gallery-item\"><figure><a href=\"https:\/\/www.gamberetta.it\/wp-content\/uploads\/2018\/11\/cal18-50.jpg\"><img loading=\"lazy\" decoding=\"async\" width=\"960\" height=\"720\" src=\"https:\/\/www.gamberetta.it\/wp-content\/uploads\/2018\/11\/cal18-50.jpg\" alt=\"\" data-id=\"13632\" class=\"wp-image-13632\" srcset=\"https:\/\/www.gamberetta.it\/wp-content\/uploads\/2018\/11\/cal18-50.jpg 960w, https:\/\/www.gamberetta.it\/wp-content\/uploads\/2018\/11\/cal18-50-300x225.jpg 300w, https:\/\/www.gamberetta.it\/wp-content\/uploads\/2018\/11\/cal18-50-768x576.jpg 768w, https:\/\/www.gamberetta.it\/wp-content\/uploads\/2018\/11\/cal18-50-60x45.jpg 60w, https:\/\/www.gamberetta.it\/wp-content\/uploads\/2018\/11\/cal18-50-570x428.jpg 570w, https:\/\/www.gamberetta.it\/wp-content\/uploads\/2018\/11\/cal18-50-330x248.jpg 330w\" sizes=\"(max-width: 960px) 100vw, 960px\" \/><\/a><\/figure><\/li><li class=\"blocks-gallery-item\"><figure><a href=\"https:\/\/www.gamberetta.it\/wp-content\/uploads\/2018\/11\/cal18-94.jpg\"><img loading=\"lazy\" decoding=\"async\" width=\"960\" height=\"720\" src=\"https:\/\/www.gamberetta.it\/wp-content\/uploads\/2018\/11\/cal18-94.jpg\" alt=\"\" data-id=\"13633\" class=\"wp-image-13633\" srcset=\"https:\/\/www.gamberetta.it\/wp-content\/uploads\/2018\/11\/cal18-94.jpg 960w, https:\/\/www.gamberetta.it\/wp-content\/uploads\/2018\/11\/cal18-94-300x225.jpg 300w, https:\/\/www.gamberetta.it\/wp-content\/uploads\/2018\/11\/cal18-94-768x576.jpg 768w, https:\/\/www.gamberetta.it\/wp-content\/uploads\/2018\/11\/cal18-94-60x45.jpg 60w, https:\/\/www.gamberetta.it\/wp-content\/uploads\/2018\/11\/cal18-94-570x428.jpg 570w, https:\/\/www.gamberetta.it\/wp-content\/uploads\/2018\/11\/cal18-94-330x248.jpg 330w\" sizes=\"(max-width: 960px) 100vw, 960px\" \/><\/a><\/figure><\/li><li class=\"blocks-gallery-item\"><figure><a href=\"https:\/\/www.gamberetta.it\/wp-content\/uploads\/2018\/11\/cal18-97.jpg\"><img loading=\"lazy\" decoding=\"async\" width=\"960\" height=\"720\" src=\"https:\/\/www.gamberetta.it\/wp-content\/uploads\/2018\/11\/cal18-97.jpg\" alt=\"\" data-id=\"13634\" class=\"wp-image-13634\" srcset=\"https:\/\/www.gamberetta.it\/wp-content\/uploads\/2018\/11\/cal18-97.jpg 960w, https:\/\/www.gamberetta.it\/wp-content\/uploads\/2018\/11\/cal18-97-300x225.jpg 300w, https:\/\/www.gamberetta.it\/wp-content\/uploads\/2018\/11\/cal18-97-768x576.jpg 768w, https:\/\/www.gamberetta.it\/wp-content\/uploads\/2018\/11\/cal18-97-60x45.jpg 60w, https:\/\/www.gamberetta.it\/wp-content\/uploads\/2018\/11\/cal18-97-570x428.jpg 570w, https:\/\/www.gamberetta.it\/wp-content\/uploads\/2018\/11\/cal18-97-330x248.jpg 330w\" sizes=\"(max-width: 960px) 100vw, 960px\" \/><\/a><\/figure><\/li><li class=\"blocks-gallery-item\"><figure><a href=\"https:\/\/www.gamberetta.it\/wp-content\/uploads\/2018\/11\/cal18-100.jpg\"><img loading=\"lazy\" decoding=\"async\" width=\"960\" height=\"720\" src=\"https:\/\/www.gamberetta.it\/wp-content\/uploads\/2018\/11\/cal18-100.jpg\" alt=\"\" data-id=\"13635\" class=\"wp-image-13635\" srcset=\"https:\/\/www.gamberetta.it\/wp-content\/uploads\/2018\/11\/cal18-100.jpg 960w, https:\/\/www.gamberetta.it\/wp-content\/uploads\/2018\/11\/cal18-100-300x225.jpg 300w, https:\/\/www.gamberetta.it\/wp-content\/uploads\/2018\/11\/cal18-100-768x576.jpg 768w, https:\/\/www.gamberetta.it\/wp-content\/uploads\/2018\/11\/cal18-100-60x45.jpg 60w, https:\/\/www.gamberetta.it\/wp-content\/uploads\/2018\/11\/cal18-100-570x428.jpg 570w, https:\/\/www.gamberetta.it\/wp-content\/uploads\/2018\/11\/cal18-100-330x248.jpg 330w\" sizes=\"(max-width: 960px) 100vw, 960px\" \/><\/a><\/figure><\/li><\/ul><\/figure>\n\n\n\n<h2 class=\"wp-block-heading\"><span style=\"color: #000000\"><span style=\"font-family: Calibri, sans-serif\"><span style=\"font-size: medium\"><u>3 Come \u00e8 cambiato il vino, e come \u00e8 cambiato il tuo lavoro negli&nbsp;ultimi anni? La tecnologia \u00e8 uno strumento necessario o si pu\u00f2 farne a meno? <\/u><\/span><\/span><\/span><\/h2>\n\n\n\n<p><span style=\"color: #000000\"><span style=\"font-family: Calibri, sans-serif\"><span style=\"font-size: medium\">Domanda ostica. Io sono nel mondo del vino in modo continuativo da circa 15 anni e in questi anni vedo una crescente affermazione in termini di grandi numeri, di vini sempre pi\u00f9 piacevoli ed immediati. Meno spigolosi. Non scopro niente di nuovo ovviamente. L\u2019offerta mondiale, anche in termini di informazione, \u00e8 diventata per\u00f2 talmente vasta e facilmente reperibile, che chiunque pu\u00f2 ormai trovare la sua strada in termini di scelte e questo \u00e8 un bene. Altro dato importante \u00e8 che <\/span><\/span><\/span><span style=\"color: #000000\"><span style=\"font-family: Calibri, sans-serif\"><span style=\"font-size: medium\"><b>ormai si beve molto bene a cifre abbordabili <\/b><\/span><\/span><\/span><span style=\"color: #000000\"><span style=\"font-family: Calibri, sans-serif\"><span style=\"font-size: medium\">dai pi\u00f9, questa a mio modo di vedere \u00e8 la conquista pi\u00f9 importante dell\u2019ultimo ventennio. La tecnologia per me \u00e8 una grande possibilit\u00e0, laddove \u00e8 di ausilio per tirare fuori dalle nostre uve il meglio. Rispetto per\u00f2 chi ne limita l\u2019uso a patto che il vino sia buono. Non sono un grande sostenitore di vini di concetto i cui eventuali difetti devono essere accettati per l\u2019idea che c\u2019\u00e8 dietro. Per me un vino con difetti non \u00e8 buono e quindi non lo bevo. <\/span><\/span><\/span><\/p>\n\n\n\n<h2 class=\"wp-block-heading\"><span style=\"color: #000000\"><span style=\"font-family: Calibri, sans-serif\"><span style=\"font-size: medium\"><u>4 Raccontaci una bella esperienza e un brutto episodio legati al tuo&nbsp;lavoro di vignaiolo.<\/u><\/span><\/span><\/span><\/h2>\n\n\n\n<p><span style=\"color: #000000\"><span style=\"font-family: Calibri, sans-serif\"><span style=\"font-size: medium\"><b>La pi\u00f9 bella esperienza \u00e8 sempre quella di assaggiare il proprio vino quando \u00e8 ancora in vasca<\/b><\/span><\/span><\/span><span style=\"color: #000000\"><span style=\"font-family: Calibri, sans-serif\"><span style=\"font-size: medium\"> e<\/span><\/span><\/span><span style=\"color: #000000\"><span style=\"font-family: Calibri, sans-serif\"><span style=\"font-size: medium\"> intravedere caratteristiche importanti. Gli episodi brutti sono legati tutti, indistintamente, agli eventi accidentali che ti rovinano il lavoro svolto con grande impegno in vigna. Per giorni non ti va di parlare. Ma poi si ricomincia sempre perch\u00e9 si tratta di agricoltura alla fine e va accettata per quello che \u00e8.<\/span><\/span><\/span><\/p>\n\n\n\n<h2 class=\"wp-block-heading\"><span style=\"color: #000000\"><span style=\"font-family: Calibri, sans-serif\"><span style=\"font-size: medium\"><u>5 Fare il vino significa anche uscire dall&#8217;azienda per far conoscere&nbsp;le persone e il territorio &#8220;dietro&#8221; una bottiglia. Dove porterai il tuo vino nei prossimi mesi? <\/u><\/span><\/span><\/span><\/h2>\n\n\n\n<p><span style=\"color: #000000\"><span style=\"font-family: Calibri, sans-serif\"><span style=\"font-size: medium\"><b>La nostra azienda esporta in oltre trenta mercati esteri<\/b><\/span><\/span><\/span><span style=\"color: #000000\"><span style=\"font-family: Calibri, sans-serif\"><span style=\"font-size: medium\">, quando viaggiamo per promuovere i prodotti ci sentiamo anche e soprattutto ambasciatori della nostra terra. Attualmente, non dimenticando i nostri mercati tradizionali, io e mio fratello Raffaele stiamo puntando decisi verso i nuovi mercati asiatici, dalla Cina a Singapore e Hong Kong dove si svolger\u00e0 Vinexpo, per poi effettuare un tour in queste zone in costante espansione. Anche la Russia rappresenta sempre pi\u00f9 un nuovo e importante sbocco per i nostri vini, insieme ad Australia e Brasile.<\/span><\/span><\/span><\/p>\n\n\n\n<h2 class=\"wp-block-heading\"><span style=\"color: #000000\"><span style=\"font-family: Calibri, sans-serif\"><span style=\"font-size: medium\"><u>6 E&#8217; possibile visitare la tua cantina? E dove possiamo assaggiare il&nbsp;tuo vino? <\/u><\/span><\/span><\/span><\/h2>\n\n\n\n<p><span style=\"color: #000000\"><span style=\"font-family: Calibri, sans-serif\"><span style=\"font-size: medium\">La cantina \u00e8 sempre aperta ai visitatori cos\u00ec come la nostra sala degustazione.<\/span><\/span><\/span><\/p>\n\n\n\n<figure class=\"wp-block-gallery columns-2 is-cropped wp-block-gallery-4 is-layout-flex wp-block-gallery-is-layout-flex\"><ul class=\"blocks-gallery-grid\"><li class=\"blocks-gallery-item\"><figure><a href=\"https:\/\/www.gamberetta.it\/wp-content\/uploads\/2018\/11\/cal18-19.jpg\"><img loading=\"lazy\" decoding=\"async\" width=\"960\" height=\"720\" src=\"https:\/\/www.gamberetta.it\/wp-content\/uploads\/2018\/11\/cal18-19.jpg\" alt=\"\" data-id=\"13630\" class=\"wp-image-13630\" srcset=\"https:\/\/www.gamberetta.it\/wp-content\/uploads\/2018\/11\/cal18-19.jpg 960w, https:\/\/www.gamberetta.it\/wp-content\/uploads\/2018\/11\/cal18-19-300x225.jpg 300w, https:\/\/www.gamberetta.it\/wp-content\/uploads\/2018\/11\/cal18-19-768x576.jpg 768w, https:\/\/www.gamberetta.it\/wp-content\/uploads\/2018\/11\/cal18-19-60x45.jpg 60w, https:\/\/www.gamberetta.it\/wp-content\/uploads\/2018\/11\/cal18-19-570x428.jpg 570w, https:\/\/www.gamberetta.it\/wp-content\/uploads\/2018\/11\/cal18-19-330x248.jpg 330w\" sizes=\"(max-width: 960px) 100vw, 960px\" \/><\/a><\/figure><\/li><li class=\"blocks-gallery-item\"><figure><a href=\"https:\/\/www.gamberetta.it\/wp-content\/uploads\/2018\/11\/cal18-24.jpg\"><img loading=\"lazy\" decoding=\"async\" width=\"960\" height=\"720\" src=\"https:\/\/www.gamberetta.it\/wp-content\/uploads\/2018\/11\/cal18-24.jpg\" alt=\"\" data-id=\"13631\" class=\"wp-image-13631\" srcset=\"https:\/\/www.gamberetta.it\/wp-content\/uploads\/2018\/11\/cal18-24.jpg 960w, https:\/\/www.gamberetta.it\/wp-content\/uploads\/2018\/11\/cal18-24-300x225.jpg 300w, https:\/\/www.gamberetta.it\/wp-content\/uploads\/2018\/11\/cal18-24-768x576.jpg 768w, https:\/\/www.gamberetta.it\/wp-content\/uploads\/2018\/11\/cal18-24-60x45.jpg 60w, https:\/\/www.gamberetta.it\/wp-content\/uploads\/2018\/11\/cal18-24-570x428.jpg 570w, https:\/\/www.gamberetta.it\/wp-content\/uploads\/2018\/11\/cal18-24-330x248.jpg 330w\" sizes=\"(max-width: 960px) 100vw, 960px\" \/><\/a><\/figure><\/li><\/ul><\/figure>\n\n\n\n<h2 class=\"wp-block-heading\"><span style=\"color: #000000\"><span style=\"font-family: Calibri, sans-serif\"><span style=\"font-size: medium\"><u>7 Una piccola provocazione: se fossi ministro dell&#8217;agricoltura cosa&nbsp;faresti per agevolare il lavoro del vignaiolo? <\/u><\/span><\/span><\/span><\/h2>\n\n\n\n<p><span style=\"color: #000000\"><span style=\"font-family: Calibri, sans-serif\"><span style=\"font-size: medium\">Proverei a mettere un focus sempre pi\u00f9 importante sulle attivit\u00e0 di <\/span><\/span><\/span><span style=\"color: #000000\"><span style=\"font-family: Calibri, sans-serif\"><span style=\"font-size: medium\"><b>promozione del brand Italia e dei brand regionali<\/b><\/span><\/span><\/span><span style=\"color: #000000\"><span style=\"font-family: Calibri, sans-serif\"><span style=\"font-size: medium\">. A volte interpretare l\u2019Italia del vino pu\u00f2 essere complicato per i nuovi mercati, \u00e8 necessario trovare il modo per comunicare quello che siamo e quello che abbiamo in modo pi\u00f9 semplice ed incisivo.<\/span><\/span><\/span><\/p>\n\n\n\n<h2 class=\"wp-block-heading\"><span style=\"color: #000000\"><span style=\"font-family: Calibri, sans-serif\"><span style=\"font-size: medium\"><u>8 Consiglieresti a un giovane di fare il vignaiolo? SI \u2013 NO \u2013&nbsp;Perch\u00e9? <\/u><\/span><\/span><\/span><\/h2>\n\n\n\n<p><span style=\"color: #000000\"><span style=\"font-family: Calibri, sans-serif\"><span style=\"font-size: medium\">Dipende dal giovane. Nel senso che se il giovane accetta un lavoro che presenta innumerevoli criticit\u00e0 e rischi ed ha la passione e la perseveranza che sono necessarie per creare reddito in questo contesto, allora s\u00ec, perch\u00e9 si tratta di un lavoro meraviglioso.<\/span><\/span><\/span><\/p>\n\n\n\n<p><span style=\"color: #000000\"><span style=\"font-family: Calibri, sans-serif\"><span style=\"font-size: medium\">Link utili:<\/span><\/span><\/span><\/p>\n\n\n\n<p><span style=\"color: #000000\"> <span style=\"font-family: Calibri, sans-serif\"><span style=\"font-size: medium\">www.librandi.it <\/span><\/span><\/span><\/p>\n\n\n\n<p><span style=\"color: #000000\"><span style=\"font-family: Calibri, sans-serif\">Ti \u00e8 piaciuto questo post sui miei amici? Blogger. Guide turistiche. Vignaioli. Allora leggi anche gli altri, li trovi qui:<\/span><\/span><\/p>\n\n\n\n<figure class=\"wp-block-embed-wordpress wp-block-embed is-type-wp-embed is-provider-gamberetta-rossa\"><div class=\"wp-block-embed__wrapper\">\n<blockquote class=\"wp-embedded-content\" data-secret=\"Xqz11RLbsv\"><a href=\"https:\/\/www.gamberetta.it\/it\/friends-amici\/\">Friends &#8211; Amici<\/a><\/blockquote><iframe loading=\"lazy\" class=\"wp-embedded-content\" sandbox=\"allow-scripts\" security=\"restricted\" style=\"position: absolute; clip: rect(1px, 1px, 1px, 1px);\" title=\"&#8220;Friends &#8211; Amici&#8221; &#8212; Gamberetta\" src=\"https:\/\/www.gamberetta.it\/it\/friends-amici\/embed\/#?secret=Xqz11RLbsv\" data-secret=\"Xqz11RLbsv\" width=\"600\" height=\"338\" frameborder=\"0\" marginwidth=\"0\" marginheight=\"0\" scrolling=\"no\"><\/iframe>\n<\/div><\/figure>\n","protected":false},"excerpt":{"rendered":"<p>Nella Calabria del vino brillano tante stelle piccole e grandi, Librandi \u00e8 sicuramente tra le cantine che meglio rappresentano il territorio. Essendo questa una famiglia di vignaioli da quattro generazioni ha l&#8217;onere e l&#8217;onore di portare il proprio nome impresso su ognuna delle bottiglie che produce ed esporta in oltre trenta paesi. In Italia la &hellip; <a class=\"more-link\" href=\"https:\/\/www.gamberetta.it\/it\/2018\/11\/20\/viaggio-nella-calabria-del-vino-paolo-librandi\/\">Leggi tutto<i class=\"ion-ios-arrow-thin-right\"><\/i><\/a><\/p>\n","protected":false},"author":2,"featured_media":13629,"comment_status":"open","ping_status":"closed","sticky":false,"template":"","format":"standard","meta":{"footnotes":""},"categories":[68,28,34],"tags":[2349,2533,2537,2532,2347,2348,2538,2535,2536,2358,2539,2534,2350,2540],"class_list":["post-13623","post","type-post","status-publish","format-standard","has-post-thumbnail","hentry","category-food-wine","category-myself","category-viaggi-italia-europa","tag-calabria-autentica","tag-ciro-superiore-librandi","tag-critone-val-di-neto-igt-wine-spectator","tag-librandi-ciro-marina","tag-librandi-cuore-mediterraneo","tag-librandi-terre-lontane","tag-merano-wine-festival-terra-del-cirotano","tag-nicodemo-librandi","tag-paolo-librandi","tag-parco-nazionale-della-sila","tag-premio-territorio-vinarius","tag-raffaele-librandi-presidente-consorzio-del-ciro","tag-turismo-calabria","tag-vinarius-associazione-delle-enoteche-italiane"],"yoast_head":"<!-- This site is optimized with the Yoast SEO plugin v23.5 - https:\/\/yoast.com\/wordpress\/plugins\/seo\/ -->\n<title>VIAGGIO NELLA CALABRIA DEL VINO: OTTO DOMANDE A PAOLO LIBRANDI - Gamberetta<\/title>\n<meta name=\"robots\" content=\"index, follow, max-snippet:-1, max-image-preview:large, max-video-preview:-1\" \/>\n<link rel=\"canonical\" href=\"https:\/\/www.gamberetta.it\/it\/2018\/11\/20\/viaggio-nella-calabria-del-vino-paolo-librandi\/\" \/>\n<meta property=\"og:locale\" content=\"it_IT\" \/>\n<meta property=\"og:type\" content=\"article\" \/>\n<meta property=\"og:title\" content=\"VIAGGIO NELLA CALABRIA DEL VINO: OTTO DOMANDE A PAOLO LIBRANDI - Gamberetta\" \/>\n<meta property=\"og:description\" content=\"Nella Calabria del vino brillano tante stelle piccole e grandi, Librandi \u00e8 sicuramente tra le cantine che meglio rappresentano il territorio. Essendo questa una famiglia di vignaioli da quattro generazioni ha l&#8217;onere e l&#8217;onore di portare il proprio nome impresso su ognuna delle bottiglie che produce ed esporta in oltre trenta paesi. In Italia la &hellip; Leggi tutto\" \/>\n<meta property=\"og:url\" content=\"https:\/\/www.gamberetta.it\/it\/2018\/11\/20\/viaggio-nella-calabria-del-vino-paolo-librandi\/\" \/>\n<meta property=\"og:site_name\" content=\"Gamberetta\" \/>\n<meta property=\"article:publisher\" content=\"https:\/\/www.facebook.com\/Gamberettatravelblog\" \/>\n<meta property=\"article:published_time\" content=\"2018-11-20T13:16:06+00:00\" \/>\n<meta property=\"article:modified_time\" content=\"2019-12-29T10:46:29+00:00\" \/>\n<meta property=\"og:image\" content=\"https:\/\/www.gamberetta.it\/wp-content\/uploads\/2018\/11\/cal18-80.jpg\" \/>\n\t<meta property=\"og:image:width\" content=\"960\" \/>\n\t<meta property=\"og:image:height\" content=\"720\" \/>\n\t<meta property=\"og:image:type\" content=\"image\/jpeg\" \/>\n<meta name=\"author\" content=\"gamberetta\" \/>\n<meta name=\"twitter:card\" content=\"summary_large_image\" \/>\n<meta name=\"twitter:creator\" content=\"@robertazennaro\" \/>\n<meta name=\"twitter:site\" content=\"@robertazennaro\" \/>\n<meta name=\"twitter:label1\" content=\"Scritto da\" \/>\n\t<meta name=\"twitter:data1\" content=\"gamberetta\" \/>\n\t<meta name=\"twitter:label2\" content=\"Tempo di lettura stimato\" \/>\n\t<meta name=\"twitter:data2\" content=\"6 minuti\" \/>\n<script type=\"application\/ld+json\" class=\"yoast-schema-graph\">{\"@context\":\"https:\/\/schema.org\",\"@graph\":[{\"@type\":\"WebPage\",\"@id\":\"https:\/\/www.gamberetta.it\/it\/2018\/11\/20\/viaggio-nella-calabria-del-vino-paolo-librandi\/\",\"url\":\"https:\/\/www.gamberetta.it\/it\/2018\/11\/20\/viaggio-nella-calabria-del-vino-paolo-librandi\/\",\"name\":\"VIAGGIO NELLA CALABRIA DEL VINO: OTTO DOMANDE A PAOLO LIBRANDI - Gamberetta\",\"isPartOf\":{\"@id\":\"https:\/\/www.gamberetta.it\/it\/#website\"},\"primaryImageOfPage\":{\"@id\":\"https:\/\/www.gamberetta.it\/it\/2018\/11\/20\/viaggio-nella-calabria-del-vino-paolo-librandi\/#primaryimage\"},\"image\":{\"@id\":\"https:\/\/www.gamberetta.it\/it\/2018\/11\/20\/viaggio-nella-calabria-del-vino-paolo-librandi\/#primaryimage\"},\"thumbnailUrl\":\"https:\/\/www.gamberetta.it\/wp-content\/uploads\/2018\/11\/cal18-80.jpg\",\"datePublished\":\"2018-11-20T13:16:06+00:00\",\"dateModified\":\"2019-12-29T10:46:29+00:00\",\"author\":{\"@id\":\"https:\/\/www.gamberetta.it\/it\/#\/schema\/person\/7a4a919927c944edb5f3f9c665590124\"},\"breadcrumb\":{\"@id\":\"https:\/\/www.gamberetta.it\/it\/2018\/11\/20\/viaggio-nella-calabria-del-vino-paolo-librandi\/#breadcrumb\"},\"inLanguage\":\"it-IT\",\"potentialAction\":[{\"@type\":\"ReadAction\",\"target\":[\"https:\/\/www.gamberetta.it\/it\/2018\/11\/20\/viaggio-nella-calabria-del-vino-paolo-librandi\/\"]}]},{\"@type\":\"ImageObject\",\"inLanguage\":\"it-IT\",\"@id\":\"https:\/\/www.gamberetta.it\/it\/2018\/11\/20\/viaggio-nella-calabria-del-vino-paolo-librandi\/#primaryimage\",\"url\":\"https:\/\/www.gamberetta.it\/wp-content\/uploads\/2018\/11\/cal18-80.jpg\",\"contentUrl\":\"https:\/\/www.gamberetta.it\/wp-content\/uploads\/2018\/11\/cal18-80.jpg\",\"width\":960,\"height\":720},{\"@type\":\"BreadcrumbList\",\"@id\":\"https:\/\/www.gamberetta.it\/it\/2018\/11\/20\/viaggio-nella-calabria-del-vino-paolo-librandi\/#breadcrumb\",\"itemListElement\":[{\"@type\":\"ListItem\",\"position\":1,\"name\":\"Home\",\"item\":\"https:\/\/www.gamberetta.it\/it\/\"},{\"@type\":\"ListItem\",\"position\":2,\"name\":\"VIAGGIO NELLA CALABRIA DEL VINO: OTTO DOMANDE A PAOLO LIBRANDI\"}]},{\"@type\":\"WebSite\",\"@id\":\"https:\/\/www.gamberetta.it\/it\/#website\",\"url\":\"https:\/\/www.gamberetta.it\/it\/\",\"name\":\"Gamberetta\",\"description\":\"Il mio blog senza fronzoli: pensieri e parole, sempre e ovunque in viaggio\",\"potentialAction\":[{\"@type\":\"SearchAction\",\"target\":{\"@type\":\"EntryPoint\",\"urlTemplate\":\"https:\/\/www.gamberetta.it\/it\/?s={search_term_string}\"},\"query-input\":{\"@type\":\"PropertyValueSpecification\",\"valueRequired\":true,\"valueName\":\"search_term_string\"}}],\"inLanguage\":\"it-IT\"},{\"@type\":\"Person\",\"@id\":\"https:\/\/www.gamberetta.it\/it\/#\/schema\/person\/7a4a919927c944edb5f3f9c665590124\",\"name\":\"gamberetta\",\"image\":{\"@type\":\"ImageObject\",\"inLanguage\":\"it-IT\",\"@id\":\"https:\/\/www.gamberetta.it\/it\/#\/schema\/person\/image\/\",\"url\":\"https:\/\/secure.gravatar.com\/avatar\/7ef5d82656b8958070b4f589b7ae1784?s=96&d=mm&r=g\",\"contentUrl\":\"https:\/\/secure.gravatar.com\/avatar\/7ef5d82656b8958070b4f589b7ae1784?s=96&d=mm&r=g\",\"caption\":\"gamberetta\"},\"description\":\"Sono Toro ascendente Scorpione, terra di contrasti dove ora prevale una met\u00e0, ora l\u2019altra. L\u2019infanzia in Veneto e gli ultimi anni passati a Milano hanno sviluppato in me una serie ulteriore di conflitti. Scrivo da sempre, la scrittura \u00e8 la migliore forma espressiva che mi consente di fissare concetti altrimenti sospesi nell\u2019aria. Da bambina scrivevo poesie con uno stile quasi leopardiano poi sono passata ai diari di viaggio dalla prima volta in USA nel 1998 e non ho pi\u00f9 smesso...\",\"url\":\"https:\/\/www.gamberetta.it\/it\/author\/gamberettarossa\/\"}]}<\/script>\n<!-- \/ Yoast SEO plugin. -->","yoast_head_json":{"title":"VIAGGIO NELLA CALABRIA DEL VINO: OTTO DOMANDE A PAOLO LIBRANDI - Gamberetta","robots":{"index":"index","follow":"follow","max-snippet":"max-snippet:-1","max-image-preview":"max-image-preview:large","max-video-preview":"max-video-preview:-1"},"canonical":"https:\/\/www.gamberetta.it\/it\/2018\/11\/20\/viaggio-nella-calabria-del-vino-paolo-librandi\/","og_locale":"it_IT","og_type":"article","og_title":"VIAGGIO NELLA CALABRIA DEL VINO: OTTO DOMANDE A PAOLO LIBRANDI - Gamberetta","og_description":"Nella Calabria del vino brillano tante stelle piccole e grandi, Librandi \u00e8 sicuramente tra le cantine che meglio rappresentano il territorio. Essendo questa una famiglia di vignaioli da quattro generazioni ha l&#8217;onere e l&#8217;onore di portare il proprio nome impresso su ognuna delle bottiglie che produce ed esporta in oltre trenta paesi. In Italia la &hellip; Leggi tutto","og_url":"https:\/\/www.gamberetta.it\/it\/2018\/11\/20\/viaggio-nella-calabria-del-vino-paolo-librandi\/","og_site_name":"Gamberetta","article_publisher":"https:\/\/www.facebook.com\/Gamberettatravelblog","article_published_time":"2018-11-20T13:16:06+00:00","article_modified_time":"2019-12-29T10:46:29+00:00","og_image":[{"width":960,"height":720,"url":"https:\/\/www.gamberetta.it\/wp-content\/uploads\/2018\/11\/cal18-80.jpg","type":"image\/jpeg"}],"author":"gamberetta","twitter_card":"summary_large_image","twitter_creator":"@robertazennaro","twitter_site":"@robertazennaro","twitter_misc":{"Scritto da":"gamberetta","Tempo di lettura stimato":"6 minuti"},"schema":{"@context":"https:\/\/schema.org","@graph":[{"@type":"WebPage","@id":"https:\/\/www.gamberetta.it\/it\/2018\/11\/20\/viaggio-nella-calabria-del-vino-paolo-librandi\/","url":"https:\/\/www.gamberetta.it\/it\/2018\/11\/20\/viaggio-nella-calabria-del-vino-paolo-librandi\/","name":"VIAGGIO NELLA CALABRIA DEL VINO: OTTO DOMANDE A PAOLO LIBRANDI - Gamberetta","isPartOf":{"@id":"https:\/\/www.gamberetta.it\/it\/#website"},"primaryImageOfPage":{"@id":"https:\/\/www.gamberetta.it\/it\/2018\/11\/20\/viaggio-nella-calabria-del-vino-paolo-librandi\/#primaryimage"},"image":{"@id":"https:\/\/www.gamberetta.it\/it\/2018\/11\/20\/viaggio-nella-calabria-del-vino-paolo-librandi\/#primaryimage"},"thumbnailUrl":"https:\/\/www.gamberetta.it\/wp-content\/uploads\/2018\/11\/cal18-80.jpg","datePublished":"2018-11-20T13:16:06+00:00","dateModified":"2019-12-29T10:46:29+00:00","author":{"@id":"https:\/\/www.gamberetta.it\/it\/#\/schema\/person\/7a4a919927c944edb5f3f9c665590124"},"breadcrumb":{"@id":"https:\/\/www.gamberetta.it\/it\/2018\/11\/20\/viaggio-nella-calabria-del-vino-paolo-librandi\/#breadcrumb"},"inLanguage":"it-IT","potentialAction":[{"@type":"ReadAction","target":["https:\/\/www.gamberetta.it\/it\/2018\/11\/20\/viaggio-nella-calabria-del-vino-paolo-librandi\/"]}]},{"@type":"ImageObject","inLanguage":"it-IT","@id":"https:\/\/www.gamberetta.it\/it\/2018\/11\/20\/viaggio-nella-calabria-del-vino-paolo-librandi\/#primaryimage","url":"https:\/\/www.gamberetta.it\/wp-content\/uploads\/2018\/11\/cal18-80.jpg","contentUrl":"https:\/\/www.gamberetta.it\/wp-content\/uploads\/2018\/11\/cal18-80.jpg","width":960,"height":720},{"@type":"BreadcrumbList","@id":"https:\/\/www.gamberetta.it\/it\/2018\/11\/20\/viaggio-nella-calabria-del-vino-paolo-librandi\/#breadcrumb","itemListElement":[{"@type":"ListItem","position":1,"name":"Home","item":"https:\/\/www.gamberetta.it\/it\/"},{"@type":"ListItem","position":2,"name":"VIAGGIO NELLA CALABRIA DEL VINO: OTTO DOMANDE A PAOLO LIBRANDI"}]},{"@type":"WebSite","@id":"https:\/\/www.gamberetta.it\/it\/#website","url":"https:\/\/www.gamberetta.it\/it\/","name":"Gamberetta","description":"Il mio blog senza fronzoli: pensieri e parole, sempre e ovunque in viaggio","potentialAction":[{"@type":"SearchAction","target":{"@type":"EntryPoint","urlTemplate":"https:\/\/www.gamberetta.it\/it\/?s={search_term_string}"},"query-input":{"@type":"PropertyValueSpecification","valueRequired":true,"valueName":"search_term_string"}}],"inLanguage":"it-IT"},{"@type":"Person","@id":"https:\/\/www.gamberetta.it\/it\/#\/schema\/person\/7a4a919927c944edb5f3f9c665590124","name":"gamberetta","image":{"@type":"ImageObject","inLanguage":"it-IT","@id":"https:\/\/www.gamberetta.it\/it\/#\/schema\/person\/image\/","url":"https:\/\/secure.gravatar.com\/avatar\/7ef5d82656b8958070b4f589b7ae1784?s=96&d=mm&r=g","contentUrl":"https:\/\/secure.gravatar.com\/avatar\/7ef5d82656b8958070b4f589b7ae1784?s=96&d=mm&r=g","caption":"gamberetta"},"description":"Sono Toro ascendente Scorpione, terra di contrasti dove ora prevale una met\u00e0, ora l\u2019altra. L\u2019infanzia in Veneto e gli ultimi anni passati a Milano hanno sviluppato in me una serie ulteriore di conflitti. Scrivo da sempre, la scrittura \u00e8 la migliore forma espressiva che mi consente di fissare concetti altrimenti sospesi nell\u2019aria. Da bambina scrivevo poesie con uno stile quasi leopardiano poi sono passata ai diari di viaggio dalla prima volta in USA nel 1998 e non ho pi\u00f9 smesso...","url":"https:\/\/www.gamberetta.it\/it\/author\/gamberettarossa\/"}]}},"_links":{"self":[{"href":"https:\/\/www.gamberetta.it\/it\/wp-json\/wp\/v2\/posts\/13623"}],"collection":[{"href":"https:\/\/www.gamberetta.it\/it\/wp-json\/wp\/v2\/posts"}],"about":[{"href":"https:\/\/www.gamberetta.it\/it\/wp-json\/wp\/v2\/types\/post"}],"author":[{"embeddable":true,"href":"https:\/\/www.gamberetta.it\/it\/wp-json\/wp\/v2\/users\/2"}],"replies":[{"embeddable":true,"href":"https:\/\/www.gamberetta.it\/it\/wp-json\/wp\/v2\/comments?post=13623"}],"version-history":[{"count":3,"href":"https:\/\/www.gamberetta.it\/it\/wp-json\/wp\/v2\/posts\/13623\/revisions"}],"predecessor-version":[{"id":15857,"href":"https:\/\/www.gamberetta.it\/it\/wp-json\/wp\/v2\/posts\/13623\/revisions\/15857"}],"wp:featuredmedia":[{"embeddable":true,"href":"https:\/\/www.gamberetta.it\/it\/wp-json\/wp\/v2\/media\/13629"}],"wp:attachment":[{"href":"https:\/\/www.gamberetta.it\/it\/wp-json\/wp\/v2\/media?parent=13623"}],"wp:term":[{"taxonomy":"category","embeddable":true,"href":"https:\/\/www.gamberetta.it\/it\/wp-json\/wp\/v2\/categories?post=13623"},{"taxonomy":"post_tag","embeddable":true,"href":"https:\/\/www.gamberetta.it\/it\/wp-json\/wp\/v2\/tags?post=13623"}],"curies":[{"name":"wp","href":"https:\/\/api.w.org\/{rel}","templated":true}]}}