{"id":1456,"date":"2013-06-14T17:05:03","date_gmt":"2013-06-14T17:05:03","guid":{"rendered":"https:\/\/www.gamberetta.it\/?p=1456"},"modified":"2013-06-14T17:05:03","modified_gmt":"2013-06-14T17:05:03","slug":"in-friuli","status":"publish","type":"post","link":"https:\/\/www.gamberetta.it\/it\/2013\/06\/14\/in-friuli\/","title":{"rendered":"IN FRIULI"},"content":{"rendered":"<p>In <b>Friuli<\/b> ho passato gli anni dell&#8217;universit\u00e0, a <b>Udine<\/b>, il periodo pi\u00f9 bello della mia vita assieme agli anni di <b>Milano<\/b>, che si sono appena conclusi. Anni di conoscenze e scoperte, di condivisione e di crescenti responsabilit\u00e0, di mangiate e bevute a tutte le ore del giorno anche le pi\u00f9 improbabili, di zingarate e (perch\u00e9 no?) anche di cazzate in compagnia. Poi ho iniziato a viaggiare per lavoro, sempre pi\u00f9 lontano, tornando in Friuli a piccolissime dosi sino al nulla dell&#8217;ultimo periodo. Da un paio di mesi ci sto tornando, sempre per lavoro quindi un po&#8217; mordi e fuggi. Ogni volta mi viene un tuffo al cuore per tutto ci\u00f2 che rappresenta questa terra per me.<\/p>\n<p><a href=\"https:\/\/www.gamberetta.it\/wp-content\/uploads\/2013\/06\/natale-035.jpg\"><img loading=\"lazy\" decoding=\"async\" class=\"aligncenter size-full wp-image-1457\" alt=\"???????????????????????????????\" src=\"https:\/\/www.gamberetta.it\/wp-content\/uploads\/2013\/06\/natale-035.jpg\" width=\"448\" height=\"335\" srcset=\"https:\/\/www.gamberetta.it\/wp-content\/uploads\/2013\/06\/natale-035.jpg 448w, https:\/\/www.gamberetta.it\/wp-content\/uploads\/2013\/06\/natale-035-300x224.jpg 300w\" sizes=\"(max-width: 448px) 100vw, 448px\" \/><\/a><\/p>\n<p><b>Friuli Venezia Giulia <\/b>sarebbe il nome completo della regione, unita anche se ciascuna delle sue quattro province \u00e8 diversa dalle altre. Il Friuli \u00e8 un piccolo scrigno, una mini Italia col mare e i monti, con  tutti i possibili ambienti e paesaggi che ci potremmo aspettare, dolci e aspri, grigi e coloratissimi. Ha un bagaglio storico enorme e nicchie enogastronomiche eccellenti. E soprattutto ha i miei vecchi amici di un tempo. Qui abitano ancora tanti compagni dei bei tempi andati, molti dei quali con famiglia, che mi invitano da loro ogni volta che ci troviamo sui social network.<\/p>\n<p><a href=\"https:\/\/www.gamberetta.it\/wp-content\/uploads\/2013\/06\/natale-029.jpg\"><img loading=\"lazy\" decoding=\"async\" class=\"aligncenter size-full wp-image-1458\" alt=\"???????????????????????????????\" src=\"https:\/\/www.gamberetta.it\/wp-content\/uploads\/2013\/06\/natale-029.jpg\" width=\"448\" height=\"335\" srcset=\"https:\/\/www.gamberetta.it\/wp-content\/uploads\/2013\/06\/natale-029.jpg 448w, https:\/\/www.gamberetta.it\/wp-content\/uploads\/2013\/06\/natale-029-300x224.jpg 300w\" sizes=\"(max-width: 448px) 100vw, 448px\" \/><\/a><\/p>\n<p>Venerd\u00ec, stasera, finalmente torno a Udine per un&#8217;occasione che ho colto al volo all&#8217;ultimo minuto: partecipare a un blogtour (che novit\u00e0 eh?) organizzato dalla regione e dedicato agli <b>itinerari friulani sulla grande guerra<\/b>, in particolare in <b>Carnia<\/b>. Camminamenti, gallerie, vie di fuga e rifugio durante le battaglie che quasi un secolo fa videro l&#8217;Italia vincitrice e i patrii confini ridisegnati, rispetto al ben diverso assetto precedente. In compagnia di altri tre blogger andremo in cerca delle memorie della <b>grande guerra tra luoghi, panorami e sapori<\/b>. Rivedremo alcune montagne dove i nostri nonni hanno combattuto per la nostra libert\u00e0, a passo lento perch\u00e9 cammineremo, che bello! Ma potremo anche godere dei panorami di confine tra <b>Italia, Austria e Slovenia<\/b>, per poi scendere verso sud tra le dolci colline dove si producono il <b>prosciutto di San Daniele <\/b>e alcuni tra i migliori <b>vini<\/b> italiani. Questo sar\u00e0 il mio fine settimana.<\/p>\n<p><a href=\"https:\/\/www.gamberetta.it\/wp-content\/uploads\/2013\/06\/p1010015.jpg\"><img loading=\"lazy\" decoding=\"async\" class=\"aligncenter size-full wp-image-1459\" alt=\"???????????????????????????????\" src=\"https:\/\/www.gamberetta.it\/wp-content\/uploads\/2013\/06\/p1010015.jpg\" width=\"448\" height=\"335\" srcset=\"https:\/\/www.gamberetta.it\/wp-content\/uploads\/2013\/06\/p1010015.jpg 448w, https:\/\/www.gamberetta.it\/wp-content\/uploads\/2013\/06\/p1010015-300x224.jpg 300w\" sizes=\"(max-width: 448px) 100vw, 448px\" \/><\/a><\/p>\n<p>Le immagini che ho trovato sono della mia ultima compagna di stanza durante l&#8217;universit\u00e0, che sta vicino a <b>Tarvisio<\/b> e ogni anno mi manda gli auguri di Natale e di compleanno allegandovi una foto delle sue montagne, non sono bellissime?<\/p>\n","protected":false},"excerpt":{"rendered":"<p>In Friuli ho passato gli anni dell&#8217;universit\u00e0, a Udine, il periodo pi\u00f9 bello della mia vita assieme agli anni di Milano, che si sono appena conclusi. Anni di conoscenze e scoperte, di condivisione e di crescenti responsabilit\u00e0, di mangiate e bevute a tutte le ore del giorno anche le pi\u00f9 improbabili, di zingarate e (perch\u00e9 &hellip; <a class=\"more-link\" href=\"https:\/\/www.gamberetta.it\/it\/2013\/06\/14\/in-friuli\/\">Leggi tutto<i class=\"ion-ios-arrow-thin-right\"><\/i><\/a><\/p>\n","protected":false},"author":2,"featured_media":10101,"comment_status":"open","ping_status":"closed","sticky":false,"template":"","format":"standard","meta":{"footnotes":""},"categories":[68,26,28,33,58,34],"tags":[631,632,633,634,635,636,637,414,638,639,416],"class_list":["post-1456","post","type-post","status-publish","format-standard","has-post-thumbnail","hentry","category-food-wine","category-friends","category-myself","category-travelling","category-venezia","category-viaggi-italia-europa","tag-austria","tag-carnia","tag-friuli-venezia-giulia","tag-friuli-venezia-giulia-turismo","tag-grande-guera","tag-italia","tag-san-daniele","tag-slovenia","tag-tarvisio","tag-turismo","tag-udine"],"yoast_head":"<!-- This site is optimized with the Yoast SEO plugin v23.5 - https:\/\/yoast.com\/wordpress\/plugins\/seo\/ -->\n<title>IN FRIULI - Gamberetta<\/title>\n<meta name=\"robots\" content=\"index, follow, max-snippet:-1, max-image-preview:large, max-video-preview:-1\" \/>\n<link rel=\"canonical\" href=\"https:\/\/www.gamberetta.it\/it\/2013\/06\/14\/in-friuli\/\" \/>\n<meta property=\"og:locale\" content=\"it_IT\" \/>\n<meta property=\"og:type\" content=\"article\" \/>\n<meta property=\"og:title\" content=\"IN FRIULI - Gamberetta\" \/>\n<meta property=\"og:description\" content=\"In Friuli ho passato gli anni dell&#8217;universit\u00e0, a Udine, il periodo pi\u00f9 bello della mia vita assieme agli anni di Milano, che si sono appena conclusi. Anni di conoscenze e scoperte, di condivisione e di crescenti responsabilit\u00e0, di mangiate e bevute a tutte le ore del giorno anche le pi\u00f9 improbabili, di zingarate e (perch\u00e9 &hellip; Leggi tutto\" \/>\n<meta property=\"og:url\" content=\"https:\/\/www.gamberetta.it\/it\/2013\/06\/14\/in-friuli\/\" \/>\n<meta property=\"og:site_name\" content=\"Gamberetta\" \/>\n<meta property=\"article:publisher\" content=\"https:\/\/www.facebook.com\/Gamberettatravelblog\" \/>\n<meta property=\"article:published_time\" content=\"2013-06-14T17:05:03+00:00\" \/>\n<meta property=\"og:image\" content=\"https:\/\/www.gamberetta.it\/wp-content\/uploads\/2013\/06\/p1010015-1.jpg\" \/>\n\t<meta property=\"og:image:width\" content=\"300\" \/>\n\t<meta property=\"og:image:height\" content=\"224\" \/>\n\t<meta property=\"og:image:type\" content=\"image\/jpeg\" \/>\n<meta name=\"author\" content=\"gamberetta\" \/>\n<meta name=\"twitter:card\" content=\"summary_large_image\" \/>\n<meta name=\"twitter:creator\" content=\"@robertazennaro\" \/>\n<meta name=\"twitter:site\" content=\"@robertazennaro\" \/>\n<meta name=\"twitter:label1\" content=\"Scritto da\" \/>\n\t<meta name=\"twitter:data1\" content=\"gamberetta\" \/>\n\t<meta name=\"twitter:label2\" content=\"Tempo di lettura stimato\" \/>\n\t<meta name=\"twitter:data2\" content=\"2 minuti\" \/>\n<script type=\"application\/ld+json\" class=\"yoast-schema-graph\">{\"@context\":\"https:\/\/schema.org\",\"@graph\":[{\"@type\":\"WebPage\",\"@id\":\"https:\/\/www.gamberetta.it\/it\/2013\/06\/14\/in-friuli\/\",\"url\":\"https:\/\/www.gamberetta.it\/it\/2013\/06\/14\/in-friuli\/\",\"name\":\"IN FRIULI - Gamberetta\",\"isPartOf\":{\"@id\":\"https:\/\/www.gamberetta.it\/it\/#website\"},\"primaryImageOfPage\":{\"@id\":\"https:\/\/www.gamberetta.it\/it\/2013\/06\/14\/in-friuli\/#primaryimage\"},\"image\":{\"@id\":\"https:\/\/www.gamberetta.it\/it\/2013\/06\/14\/in-friuli\/#primaryimage\"},\"thumbnailUrl\":\"https:\/\/www.gamberetta.it\/wp-content\/uploads\/2013\/06\/p1010015-1.jpg\",\"datePublished\":\"2013-06-14T17:05:03+00:00\",\"dateModified\":\"2013-06-14T17:05:03+00:00\",\"author\":{\"@id\":\"https:\/\/www.gamberetta.it\/it\/#\/schema\/person\/7a4a919927c944edb5f3f9c665590124\"},\"breadcrumb\":{\"@id\":\"https:\/\/www.gamberetta.it\/it\/2013\/06\/14\/in-friuli\/#breadcrumb\"},\"inLanguage\":\"it-IT\",\"potentialAction\":[{\"@type\":\"ReadAction\",\"target\":[\"https:\/\/www.gamberetta.it\/it\/2013\/06\/14\/in-friuli\/\"]}]},{\"@type\":\"ImageObject\",\"inLanguage\":\"it-IT\",\"@id\":\"https:\/\/www.gamberetta.it\/it\/2013\/06\/14\/in-friuli\/#primaryimage\",\"url\":\"https:\/\/www.gamberetta.it\/wp-content\/uploads\/2013\/06\/p1010015-1.jpg\",\"contentUrl\":\"https:\/\/www.gamberetta.it\/wp-content\/uploads\/2013\/06\/p1010015-1.jpg\",\"width\":300,\"height\":224},{\"@type\":\"BreadcrumbList\",\"@id\":\"https:\/\/www.gamberetta.it\/it\/2013\/06\/14\/in-friuli\/#breadcrumb\",\"itemListElement\":[{\"@type\":\"ListItem\",\"position\":1,\"name\":\"Home\",\"item\":\"https:\/\/www.gamberetta.it\/it\/\"},{\"@type\":\"ListItem\",\"position\":2,\"name\":\"IN FRIULI\"}]},{\"@type\":\"WebSite\",\"@id\":\"https:\/\/www.gamberetta.it\/it\/#website\",\"url\":\"https:\/\/www.gamberetta.it\/it\/\",\"name\":\"Gamberetta\",\"description\":\"Il mio blog senza fronzoli: pensieri e parole, sempre e ovunque in viaggio\",\"potentialAction\":[{\"@type\":\"SearchAction\",\"target\":{\"@type\":\"EntryPoint\",\"urlTemplate\":\"https:\/\/www.gamberetta.it\/it\/?s={search_term_string}\"},\"query-input\":{\"@type\":\"PropertyValueSpecification\",\"valueRequired\":true,\"valueName\":\"search_term_string\"}}],\"inLanguage\":\"it-IT\"},{\"@type\":\"Person\",\"@id\":\"https:\/\/www.gamberetta.it\/it\/#\/schema\/person\/7a4a919927c944edb5f3f9c665590124\",\"name\":\"gamberetta\",\"image\":{\"@type\":\"ImageObject\",\"inLanguage\":\"it-IT\",\"@id\":\"https:\/\/www.gamberetta.it\/it\/#\/schema\/person\/image\/\",\"url\":\"https:\/\/secure.gravatar.com\/avatar\/7ef5d82656b8958070b4f589b7ae1784?s=96&d=mm&r=g\",\"contentUrl\":\"https:\/\/secure.gravatar.com\/avatar\/7ef5d82656b8958070b4f589b7ae1784?s=96&d=mm&r=g\",\"caption\":\"gamberetta\"},\"description\":\"Sono Toro ascendente Scorpione, terra di contrasti dove ora prevale una met\u00e0, ora l\u2019altra. L\u2019infanzia in Veneto e gli ultimi anni passati a Milano hanno sviluppato in me una serie ulteriore di conflitti. Scrivo da sempre, la scrittura \u00e8 la migliore forma espressiva che mi consente di fissare concetti altrimenti sospesi nell\u2019aria. Da bambina scrivevo poesie con uno stile quasi leopardiano poi sono passata ai diari di viaggio dalla prima volta in USA nel 1998 e non ho pi\u00f9 smesso...\",\"url\":\"https:\/\/www.gamberetta.it\/it\/author\/gamberettarossa\/\"}]}<\/script>\n<!-- \/ Yoast SEO plugin. -->","yoast_head_json":{"title":"IN FRIULI - Gamberetta","robots":{"index":"index","follow":"follow","max-snippet":"max-snippet:-1","max-image-preview":"max-image-preview:large","max-video-preview":"max-video-preview:-1"},"canonical":"https:\/\/www.gamberetta.it\/it\/2013\/06\/14\/in-friuli\/","og_locale":"it_IT","og_type":"article","og_title":"IN FRIULI - Gamberetta","og_description":"In Friuli ho passato gli anni dell&#8217;universit\u00e0, a Udine, il periodo pi\u00f9 bello della mia vita assieme agli anni di Milano, che si sono appena conclusi. Anni di conoscenze e scoperte, di condivisione e di crescenti responsabilit\u00e0, di mangiate e bevute a tutte le ore del giorno anche le pi\u00f9 improbabili, di zingarate e (perch\u00e9 &hellip; Leggi tutto","og_url":"https:\/\/www.gamberetta.it\/it\/2013\/06\/14\/in-friuli\/","og_site_name":"Gamberetta","article_publisher":"https:\/\/www.facebook.com\/Gamberettatravelblog","article_published_time":"2013-06-14T17:05:03+00:00","og_image":[{"width":300,"height":224,"url":"https:\/\/www.gamberetta.it\/wp-content\/uploads\/2013\/06\/p1010015-1.jpg","type":"image\/jpeg"}],"author":"gamberetta","twitter_card":"summary_large_image","twitter_creator":"@robertazennaro","twitter_site":"@robertazennaro","twitter_misc":{"Scritto da":"gamberetta","Tempo di lettura stimato":"2 minuti"},"schema":{"@context":"https:\/\/schema.org","@graph":[{"@type":"WebPage","@id":"https:\/\/www.gamberetta.it\/it\/2013\/06\/14\/in-friuli\/","url":"https:\/\/www.gamberetta.it\/it\/2013\/06\/14\/in-friuli\/","name":"IN FRIULI - Gamberetta","isPartOf":{"@id":"https:\/\/www.gamberetta.it\/it\/#website"},"primaryImageOfPage":{"@id":"https:\/\/www.gamberetta.it\/it\/2013\/06\/14\/in-friuli\/#primaryimage"},"image":{"@id":"https:\/\/www.gamberetta.it\/it\/2013\/06\/14\/in-friuli\/#primaryimage"},"thumbnailUrl":"https:\/\/www.gamberetta.it\/wp-content\/uploads\/2013\/06\/p1010015-1.jpg","datePublished":"2013-06-14T17:05:03+00:00","dateModified":"2013-06-14T17:05:03+00:00","author":{"@id":"https:\/\/www.gamberetta.it\/it\/#\/schema\/person\/7a4a919927c944edb5f3f9c665590124"},"breadcrumb":{"@id":"https:\/\/www.gamberetta.it\/it\/2013\/06\/14\/in-friuli\/#breadcrumb"},"inLanguage":"it-IT","potentialAction":[{"@type":"ReadAction","target":["https:\/\/www.gamberetta.it\/it\/2013\/06\/14\/in-friuli\/"]}]},{"@type":"ImageObject","inLanguage":"it-IT","@id":"https:\/\/www.gamberetta.it\/it\/2013\/06\/14\/in-friuli\/#primaryimage","url":"https:\/\/www.gamberetta.it\/wp-content\/uploads\/2013\/06\/p1010015-1.jpg","contentUrl":"https:\/\/www.gamberetta.it\/wp-content\/uploads\/2013\/06\/p1010015-1.jpg","width":300,"height":224},{"@type":"BreadcrumbList","@id":"https:\/\/www.gamberetta.it\/it\/2013\/06\/14\/in-friuli\/#breadcrumb","itemListElement":[{"@type":"ListItem","position":1,"name":"Home","item":"https:\/\/www.gamberetta.it\/it\/"},{"@type":"ListItem","position":2,"name":"IN FRIULI"}]},{"@type":"WebSite","@id":"https:\/\/www.gamberetta.it\/it\/#website","url":"https:\/\/www.gamberetta.it\/it\/","name":"Gamberetta","description":"Il mio blog senza fronzoli: pensieri e parole, sempre e ovunque in viaggio","potentialAction":[{"@type":"SearchAction","target":{"@type":"EntryPoint","urlTemplate":"https:\/\/www.gamberetta.it\/it\/?s={search_term_string}"},"query-input":{"@type":"PropertyValueSpecification","valueRequired":true,"valueName":"search_term_string"}}],"inLanguage":"it-IT"},{"@type":"Person","@id":"https:\/\/www.gamberetta.it\/it\/#\/schema\/person\/7a4a919927c944edb5f3f9c665590124","name":"gamberetta","image":{"@type":"ImageObject","inLanguage":"it-IT","@id":"https:\/\/www.gamberetta.it\/it\/#\/schema\/person\/image\/","url":"https:\/\/secure.gravatar.com\/avatar\/7ef5d82656b8958070b4f589b7ae1784?s=96&d=mm&r=g","contentUrl":"https:\/\/secure.gravatar.com\/avatar\/7ef5d82656b8958070b4f589b7ae1784?s=96&d=mm&r=g","caption":"gamberetta"},"description":"Sono Toro ascendente Scorpione, terra di contrasti dove ora prevale una met\u00e0, ora l\u2019altra. L\u2019infanzia in Veneto e gli ultimi anni passati a Milano hanno sviluppato in me una serie ulteriore di conflitti. Scrivo da sempre, la scrittura \u00e8 la migliore forma espressiva che mi consente di fissare concetti altrimenti sospesi nell\u2019aria. Da bambina scrivevo poesie con uno stile quasi leopardiano poi sono passata ai diari di viaggio dalla prima volta in USA nel 1998 e non ho pi\u00f9 smesso...","url":"https:\/\/www.gamberetta.it\/it\/author\/gamberettarossa\/"}]}},"_links":{"self":[{"href":"https:\/\/www.gamberetta.it\/it\/wp-json\/wp\/v2\/posts\/1456"}],"collection":[{"href":"https:\/\/www.gamberetta.it\/it\/wp-json\/wp\/v2\/posts"}],"about":[{"href":"https:\/\/www.gamberetta.it\/it\/wp-json\/wp\/v2\/types\/post"}],"author":[{"embeddable":true,"href":"https:\/\/www.gamberetta.it\/it\/wp-json\/wp\/v2\/users\/2"}],"replies":[{"embeddable":true,"href":"https:\/\/www.gamberetta.it\/it\/wp-json\/wp\/v2\/comments?post=1456"}],"version-history":[{"count":0,"href":"https:\/\/www.gamberetta.it\/it\/wp-json\/wp\/v2\/posts\/1456\/revisions"}],"wp:featuredmedia":[{"embeddable":true,"href":"https:\/\/www.gamberetta.it\/it\/wp-json\/wp\/v2\/media\/10101"}],"wp:attachment":[{"href":"https:\/\/www.gamberetta.it\/it\/wp-json\/wp\/v2\/media?parent=1456"}],"wp:term":[{"taxonomy":"category","embeddable":true,"href":"https:\/\/www.gamberetta.it\/it\/wp-json\/wp\/v2\/categories?post=1456"},{"taxonomy":"post_tag","embeddable":true,"href":"https:\/\/www.gamberetta.it\/it\/wp-json\/wp\/v2\/tags?post=1456"}],"curies":[{"name":"wp","href":"https:\/\/api.w.org\/{rel}","templated":true}]}}