{"id":14931,"date":"2019-08-07T21:47:28","date_gmt":"2019-08-07T19:47:28","guid":{"rendered":"https:\/\/www.gamberetta.it\/it\/?p=14931"},"modified":"2026-01-31T11:43:37","modified_gmt":"2026-01-31T10:43:37","slug":"oltrepo-biodiverso-i-luoghi-della-visita","status":"publish","type":"post","link":"https:\/\/www.gamberetta.it\/it\/2019\/08\/07\/oltrepo-biodiverso-i-luoghi-della-visita\/","title":{"rendered":"OLTREP\u00d2 BIODIVERSO: I LUOGHI DELLA VISITA"},"content":{"rendered":"\n<p>Oltrep\u00f2 Biodiverso \u00e8 iniziato a Voghera e terminato a Pavia. Oltre alle tante attivit\u00e0 svolte \u00e8 diventato spunto per approfondire la conoscenza di questo territorio particolare, e per creare nuovi percorsi in diverse stagioni dell&#8217;anno. La vendemmia \u00e8 alle porte, sarebbe bello andare a vedere il lavoro dei vignaioli. In silenzio senza disturbare. Qualcuno vuole venire? Intanto andiamo insieme alla scoperta dei luoghi visitati durante il tour dello scorso mese di giugno. Buona lettura!<\/p>\n\n\n\n<h2 class=\"wp-block-heading\"><strong>VOGHERA<\/strong><\/h2>\n\n\n\n<p>Situata sul 45\u00b0 parallelo \u00e8 da secoli un importante nodo viario posto in posizione strategica tra Lombardia, Piemonte e Liguria. Voghera \u00e8 il terzo comune della provincia per dimensioni, dopo Pavia e Vigevano, e vanta una storia plurimillenaria. Tra i numerosi luoghi di interesse artistico annovera chiese costruite tra il periodo romanico, gotico e rinascimentale; il castello visconteo, i palazzi soprattutto neoclassici. Un peccato arrivarci in treno e partire subito, senza fermarsi.<\/p>\n\n\n\n<h2 class=\"wp-block-heading\"><strong>VARZI<\/strong><\/h2>\n\n\n\n<p>Patria del celeberrimo salame DOP, Varzi \u00e8 un delizioso borgo medievale legato storicamente alla vicina Liguria. Si trova lungo la strada del Passo Penice oltre il quale c&#8217;\u00e8 Bobbio, in provincia di Piacenza ed \u00e8 dominato dal Castello Malaspina.<\/p>\n\n\n<div class=\"wp-block-image\">\n<figure class=\"aligncenter\"><img loading=\"lazy\" decoding=\"async\" width=\"768\" height=\"1024\" src=\"https:\/\/www.gamberetta.it\/wp-content\/uploads\/2019\/08\/IMG_20190621_144822-768x1024.jpg\" alt=\"\" class=\"wp-image-14956\" srcset=\"https:\/\/www.gamberetta.it\/wp-content\/uploads\/2019\/08\/IMG_20190621_144822-768x1024.jpg 768w, https:\/\/www.gamberetta.it\/wp-content\/uploads\/2019\/08\/IMG_20190621_144822-225x300.jpg 225w, https:\/\/www.gamberetta.it\/wp-content\/uploads\/2019\/08\/IMG_20190621_144822-600x800.jpg 600w, https:\/\/www.gamberetta.it\/wp-content\/uploads\/2019\/08\/IMG_20190621_144822.jpg 900w\" sizes=\"(max-width: 768px) 100vw, 768px\" \/><\/figure><\/div>\n\n\n<h3 class=\"wp-block-heading\"><span style=\"text-decoration: underline\">Cosa abbiamo visto durante il tour Oltrep\u00f2 biodiverso.<\/span><\/h3>\n\n\n\n<p>Presso la Fondazione per lo Sviluppo dell&#8217;Oltrep\u00f2 Pavese abbiamo conosciuto le referenti del progetto Vigneti e Natura. Dopo le presentazioni di rito siamo salite tra le viette del paese fino a Vicolo dietro le Mura, dove si trova la Bottega del Pastaio.&nbsp;Il nostro pranzo leggero verteva naturalmente sul salame di Varzi DOP, prodotto&nbsp;dal Salumificio La Scaletta, abbinato a due vini strepitosi: Chardonnay di Ca&#8217; del G\u00e8 e Bonarda di Guerci.<\/p>\n\n\n<div class=\"wp-block-image\">\n<figure class=\"aligncenter\"><img loading=\"lazy\" decoding=\"async\" width=\"768\" height=\"1024\" src=\"https:\/\/www.gamberetta.it\/wp-content\/uploads\/2019\/08\/IMG_20190621_133817-768x1024.jpg\" alt=\"\" class=\"wp-image-14958\" srcset=\"https:\/\/www.gamberetta.it\/wp-content\/uploads\/2019\/08\/IMG_20190621_133817-768x1024.jpg 768w, https:\/\/www.gamberetta.it\/wp-content\/uploads\/2019\/08\/IMG_20190621_133817-225x300.jpg 225w, https:\/\/www.gamberetta.it\/wp-content\/uploads\/2019\/08\/IMG_20190621_133817-600x800.jpg 600w, https:\/\/www.gamberetta.it\/wp-content\/uploads\/2019\/08\/IMG_20190621_133817.jpg 900w\" sizes=\"(max-width: 768px) 100vw, 768px\" \/><\/figure><\/div>\n\n\n<p>Oltre l&#8217;Oltrep\u00f2 mi sarebbe tanto piaciuto salire fino al passo e scollinare verso Bobbio e Piacenza ma questo \u00e8 un altro viaggio mi sa, che inizia con l&#8217;adiacente Val Tidone.<\/p>\n\n\n\n<h2 class=\"wp-block-heading\"><strong>RIVANAZZANO TERME<\/strong><\/h2>\n\n\n\n<p>Antica localit\u00e0 termale che contende alla vicina Salice Terme il ruolo di fonte di benessere e cura del corpo. Si trova poco a sud di Voghera presso il confine con la provincia di Alessandria, lungo l&#8217;antica via del sale che dalla Lombardia, lungo la valle Staffora, giungeva sino a Genova.<\/p>\n\n\n\n<h3 class=\"wp-block-heading\"><span style=\"text-decoration: underline\">Cosa abbiamo visto durante il tour Oltrep\u00f2 biodiverso.<\/span><\/h3>\n\n\n\n<p>Venerd\u00ec il primo giorno del tour siamo stati ospiti della&nbsp;<strong>Cascina Chiericoni<\/strong>, azienda agricola biologica della famiglia Lucotti che \u00e8 anche fattoria didattica e agriturismo. Domenica, alla fine, proprio a Rivanazzano abbiamo pranzato con la cosa pi\u00f9 sana e adatta per l&#8217;estate: una coppa di gelato di&nbsp;<strong>Gelateria Albertini<\/strong>. Oltre a queste nobili attivit\u00e0 mi sarebbe piaciuto tuffarmi nelle acque termali, spero di poterlo fare la prossima volta.<\/p>\n\n\n\n<p><a href=\"http:\/\/www.cascinachiericoni.it\/\">http:\/\/www.cascinachiericoni.it\/<\/a><\/p>\n\n\n\n<figure class=\"wp-block-image\"><img loading=\"lazy\" decoding=\"async\" width=\"1024\" height=\"768\" src=\"https:\/\/www.gamberetta.it\/wp-content\/uploads\/2019\/08\/IMG_20190621_162812-1024x768.jpg\" alt=\"\" class=\"wp-image-14960\" srcset=\"https:\/\/www.gamberetta.it\/wp-content\/uploads\/2019\/08\/IMG_20190621_162812-1024x768.jpg 1024w, https:\/\/www.gamberetta.it\/wp-content\/uploads\/2019\/08\/IMG_20190621_162812-300x225.jpg 300w, https:\/\/www.gamberetta.it\/wp-content\/uploads\/2019\/08\/IMG_20190621_162812-768x576.jpg 768w, https:\/\/www.gamberetta.it\/wp-content\/uploads\/2019\/08\/IMG_20190621_162812-1000x750.jpg 1000w, https:\/\/www.gamberetta.it\/wp-content\/uploads\/2019\/08\/IMG_20190621_162812-570x428.jpg 570w, https:\/\/www.gamberetta.it\/wp-content\/uploads\/2019\/08\/IMG_20190621_162812-330x248.jpg 330w, https:\/\/www.gamberetta.it\/wp-content\/uploads\/2019\/08\/IMG_20190621_162812.jpg 1200w\" sizes=\"(max-width: 1024px) 100vw, 1024px\" \/><\/figure>\n\n\n\n<h2 class=\"wp-block-heading\"><strong>GODIASCO SALICE TERME<\/strong><\/h2>\n\n\n\n<p>Comune oggi noto soprattutto per le fonti termali, si trova sulla via del sale che anticamente raggiungeva la vicina Alessandria e da qui Genova. Ha una ricca storia alle spalle intrecciata alle vicende dei marchesi Malaspina. Nel centro storico si trovano l&#8217;omonimo palazzo e i resti delle mura medievali.<\/p>\n\n\n\n<h3 class=\"wp-block-heading\"><span style=\"text-decoration: underline\">Cosa abbiamo visto durante il tour Oltrep\u00f2 biodiverso.<\/span><\/h3>\n\n\n\n<p>A Godiasco ci siamo fermati ad ammirare il campo di lavanda in fiore di&nbsp;<strong>Fattoria Cabanon<\/strong>&nbsp;che non \u00e8 solo un&#8217;azienda agricola, ma \u00e8 tante cose insieme: produce infatti vino, lavanda e oli essenziali. Nata come azienda vinicola ha poi diversificato la produzione secondo una tendenza che premia chi osa, investendo in progetti in grado di rendere unici dei paesaggi gi\u00e0 belli come questo. E favorire la biodiversit\u00e0, uno dei valori essenziali dell&#8217;agricoltura di domani.<\/p>\n\n\n\n<p><a href=\"http:\/\/www.cabanon.it\/\">http:\/\/www.cabanon.it\/<\/a><\/p>\n\n\n\n<figure class=\"wp-block-image\"><img loading=\"lazy\" decoding=\"async\" width=\"1024\" height=\"681\" src=\"https:\/\/www.gamberetta.it\/wp-content\/uploads\/2019\/08\/DSC_2327-1024x681.jpg\" alt=\"\" class=\"wp-image-14962\" srcset=\"https:\/\/www.gamberetta.it\/wp-content\/uploads\/2019\/08\/DSC_2327-1024x681.jpg 1024w, https:\/\/www.gamberetta.it\/wp-content\/uploads\/2019\/08\/DSC_2327-300x200.jpg 300w, https:\/\/www.gamberetta.it\/wp-content\/uploads\/2019\/08\/DSC_2327-768x511.jpg 768w, https:\/\/www.gamberetta.it\/wp-content\/uploads\/2019\/08\/DSC_2327.jpg 1200w\" sizes=\"(max-width: 1024px) 100vw, 1024px\" \/><\/figure>\n\n\n\n<h2 class=\"wp-block-heading\"><strong>FORTUNAGO,&nbsp;<\/strong><strong>BORGO PRIOLO, RUINO<\/strong><\/h2>\n\n\n\n<p><strong>Fortunago<\/strong>&nbsp;appartiene ai Borghi pi\u00f9 belli d&#8217;Italia e si trova su una collina che domina boschi e vallate da ogni lato. Di antica fondazione, \u00e8 il classico paese da scoprire a passeggio, tra vicoli e vecchie case in mattoni e pietra naturale.&nbsp;<strong>Borgo Priolo<\/strong>, di antica fondazione, \u00e8 incastonato tra la vallata e la fascia collinare, dove torri e castelli segnano il crinale ondulato,&nbsp;nel cuore dell&#8217;area viticola oltrepadana.&nbsp;<strong>Ruino<\/strong>&nbsp;infine in alta collina ci porta verso la Val Tidone al confine emiliano, la provincia di Piacenza si trova oltre il Passo del Carmine. Inutile dire che vorrei venire qua a camminare!<\/p>\n\n\n\n<h3 class=\"wp-block-heading\"><span style=\"text-decoration: underline\">Cosa abbiamo visto durante il tour Oltrep\u00f2 biodiverso.<\/span><\/h3>\n\n\n\n<p>Sabato mattina attraversiamo in auto Fortunago per raggiungere la cantina, situata in un castello medievale.&nbsp;<strong>Castello di Stefanago<\/strong>&nbsp;\u00e8 stata per me una scoperta e un piccolo viaggio nella viticoltura di domani, stretta tra la tradizione da mantenere e le sfide dei cambiamenti climatici. Infatti qui si coltiva al vite a quasi 600 metri slm e si vendemmia come una volta a partire dal mese di settembre.<\/p>\n\n\n\n<p><a href=\"https:\/\/www.castellodistefanago.it\/\">https:\/\/www.castellodistefanago.it\/<\/a><\/p>\n\n\n\n<figure class=\"wp-block-image\"><img loading=\"lazy\" decoding=\"async\" width=\"1024\" height=\"768\" src=\"https:\/\/www.gamberetta.it\/wp-content\/uploads\/2019\/08\/IMG_20190622_100820-1024x768.jpg\" alt=\"\" class=\"wp-image-14964\" srcset=\"https:\/\/www.gamberetta.it\/wp-content\/uploads\/2019\/08\/IMG_20190622_100820-1024x768.jpg 1024w, https:\/\/www.gamberetta.it\/wp-content\/uploads\/2019\/08\/IMG_20190622_100820-300x225.jpg 300w, https:\/\/www.gamberetta.it\/wp-content\/uploads\/2019\/08\/IMG_20190622_100820-768x576.jpg 768w, https:\/\/www.gamberetta.it\/wp-content\/uploads\/2019\/08\/IMG_20190622_100820-1000x750.jpg 1000w, https:\/\/www.gamberetta.it\/wp-content\/uploads\/2019\/08\/IMG_20190622_100820-570x428.jpg 570w, https:\/\/www.gamberetta.it\/wp-content\/uploads\/2019\/08\/IMG_20190622_100820-330x248.jpg 330w, https:\/\/www.gamberetta.it\/wp-content\/uploads\/2019\/08\/IMG_20190622_100820.jpg 1200w\" sizes=\"(max-width: 1024px) 100vw, 1024px\" \/><\/figure>\n\n\n\n<p>Pure&nbsp;<strong>Torre degli Alberi<\/strong>&nbsp;si trova in un contesto medievale ed \u00e8 intriso di storia, forse \u00e8 il luogo dove pi\u00f9 di tutti ho visto scorrere la presenza delle persone per ben duemila anni. Dalla stele romana collocata all&#8217;ingresso alla storia dei proprietari, la famiglia Dal Verme: ieri partigiani, oggi imprenditori in agricoltura e allevamento.<\/p>\n\n\n\n<p><a href=\"http:\/\/www.torredeglialberi.it\" class=\"broken_link\">http:\/\/www.torredeglialberi.it<\/a><\/p>\n\n\n\n<figure class=\"wp-block-image\"><img loading=\"lazy\" decoding=\"async\" width=\"1024\" height=\"768\" src=\"https:\/\/www.gamberetta.it\/wp-content\/uploads\/2019\/08\/IMG_20190622_124041-1024x768.jpg\" alt=\"\" class=\"wp-image-14968\" srcset=\"https:\/\/www.gamberetta.it\/wp-content\/uploads\/2019\/08\/IMG_20190622_124041-1024x768.jpg 1024w, https:\/\/www.gamberetta.it\/wp-content\/uploads\/2019\/08\/IMG_20190622_124041-300x225.jpg 300w, https:\/\/www.gamberetta.it\/wp-content\/uploads\/2019\/08\/IMG_20190622_124041-768x576.jpg 768w, https:\/\/www.gamberetta.it\/wp-content\/uploads\/2019\/08\/IMG_20190622_124041-1000x750.jpg 1000w, https:\/\/www.gamberetta.it\/wp-content\/uploads\/2019\/08\/IMG_20190622_124041-570x428.jpg 570w, https:\/\/www.gamberetta.it\/wp-content\/uploads\/2019\/08\/IMG_20190622_124041-330x248.jpg 330w, https:\/\/www.gamberetta.it\/wp-content\/uploads\/2019\/08\/IMG_20190622_124041.jpg 1200w\" sizes=\"(max-width: 1024px) 100vw, 1024px\" \/><\/figure>\n\n\n\n<p>Perch\u00e9 infine ho nominato il&nbsp;<strong>Passo del Carmine<\/strong>? Perch\u00e9 sabato pomeriggio sconfiniamo, da Ruino e Torre degli Alberi fino a una \u201cgrande opera\u201d del secolo scorso,&nbsp;dalle forme decisamente ardite. Costruita durante il periodo fascista come si vede dalle iscrizioni e targhe,&nbsp;<strong>la diga del Molato forma il lago di Trebecco.<\/strong>&nbsp;Andateci e prendete qualcosa al bar, con una bella visuale sulle acque e i boschi circostanti dove \u00e8 possibile camminare su sentieri segnati. Un bel posto incontaminato e rilassante.<\/p>\n\n\n\n<figure class=\"wp-block-image\"><img loading=\"lazy\" decoding=\"async\" width=\"1024\" height=\"681\" src=\"https:\/\/www.gamberetta.it\/wp-content\/uploads\/2019\/08\/DSC_2429-1024x681.jpg\" alt=\"\" class=\"wp-image-14976\" srcset=\"https:\/\/www.gamberetta.it\/wp-content\/uploads\/2019\/08\/DSC_2429-1024x681.jpg 1024w, https:\/\/www.gamberetta.it\/wp-content\/uploads\/2019\/08\/DSC_2429-300x200.jpg 300w, https:\/\/www.gamberetta.it\/wp-content\/uploads\/2019\/08\/DSC_2429-768x511.jpg 768w, https:\/\/www.gamberetta.it\/wp-content\/uploads\/2019\/08\/DSC_2429.jpg 1200w\" sizes=\"(max-width: 1024px) 100vw, 1024px\" \/><\/figure>\n\n\n\n<h2 class=\"wp-block-heading\"><strong>SANTA MARIA DELLA VERSA<\/strong><\/h2>\n\n\n\n<p>Prende il nome dall&#8217;omonimo torrente, identifica la valle e delle colline particolarmente vocate alla produzione vinicola. Infatti una delle maggiori cantine sociali si trova proprio qui.<\/p>\n\n\n\n<h3 class=\"wp-block-heading\"><span style=\"text-decoration: underline\">Cosa abbiamo visto durante il tour Oltrep\u00f2 biodiverso.<\/span><\/h3>\n\n\n\n<p>Attraversiamo le colline costellate di vigneti per arrivare in localit\u00e0 Case Nuove, dove si trova una piccola cantina dal nome particolare,\u00a0<strong>Quvestra<\/strong>, che produce ottimi vini e spumanti. Dal 2025 si chiama Tenuta Ballerio.<\/p>\n\n\n\n<p><a href=\"https:\/\/www.tenutaballerio.it\/#\">https:\/\/www.tenutaballerio.it\/#<\/a><\/p>\n\n\n\n<figure class=\"wp-block-image\"><img loading=\"lazy\" decoding=\"async\" width=\"1024\" height=\"681\" src=\"https:\/\/www.gamberetta.it\/wp-content\/uploads\/2019\/08\/DSC_2435-1024x681.jpg\" alt=\"\" class=\"wp-image-14974\" srcset=\"https:\/\/www.gamberetta.it\/wp-content\/uploads\/2019\/08\/DSC_2435-1024x681.jpg 1024w, https:\/\/www.gamberetta.it\/wp-content\/uploads\/2019\/08\/DSC_2435-300x200.jpg 300w, https:\/\/www.gamberetta.it\/wp-content\/uploads\/2019\/08\/DSC_2435-768x511.jpg 768w, https:\/\/www.gamberetta.it\/wp-content\/uploads\/2019\/08\/DSC_2435.jpg 1200w\" sizes=\"(max-width: 1024px) 100vw, 1024px\" \/><\/figure>\n\n\n\n<h2 class=\"wp-block-heading\"><strong>CANNETO PAVESE<\/strong><\/h2>\n\n\n\n<p>Fa parte dei comuni di prima collina tra le valli Versa e Scuropasso. Ha nel territorio la sua maggiore ricchezza, dovuta principalmente alla produzione vinicola. Le cantine sono sparse tra diverse frazioni. Il Club del Buttafuoco Storico ha sede proprio qui.<\/p>\n\n\n\n<p><a href=\"https:\/\/www.buttafuocostorico.com\">https:\/\/www.buttafuocostorico.com<\/a><\/p>\n\n\n\n<p>Venerd\u00ec sera ceniamo al&nbsp;<strong>Ristorante Bazzini&nbsp;<\/strong>che ha una storia di quasi ottant&#8217;anni e da due \u00e8 rinato a nuova vita, grazie a una gestione&nbsp;innovativa&nbsp;e lungimirante che guarda al territorio attualizzando piatti e ricette. E rimane&nbsp;legata alla sua storia decennale e all&#8217;attivit\u00e0 commerciale, come mostrano le immagini alle pareti in ricordo di chi li ha preceduti. Il nostro menu \u00e8 sano e leggero. I vini Riesling e moscato sono ottimi. Compagnia super e musica dal vivo di accompagnamento. Cosa volere di pi\u00f9? Non un lucano ma una grappa di moscato d&#8217;Asti dal vicino Piemonte.&nbsp;Siamo per l&#8217;appunto circondati da bella gente tra cui la delegazione locale dei Lions Club, una cinquantina di signore che ci allietano con discorsi canti e balli. Al tavolo accanto al nostro siede una delle mie presentatrici televisive preferite con cui scambiamo due parole, a tema viaggi ovviamente, e ci facciamo una foto ricordo a cui tengo molto. E infine c&#8217;\u00e8&nbsp;<strong>Francesca Panizzari&nbsp;<\/strong>sindaco di Canneto Pavese, con cui chiacchiero e faccio il rituale selfie. Che piacere trovare amministratori consapevoli dell&#8217;importanza del territorio come volano economico e turistico!!<\/p>\n\n\n\n<figure class=\"wp-block-embed is-type-wp-embed is-provider-ristorante-bazzini wp-block-embed-ristorante-bazzini\"><div class=\"wp-block-embed__wrapper\">\n<blockquote class=\"wp-embedded-content\" data-secret=\"RIsst76evd\"><a href=\"https:\/\/www.ristorantebazzini.com\/\">Home<\/a><\/blockquote><iframe loading=\"lazy\" class=\"wp-embedded-content\" sandbox=\"allow-scripts\" security=\"restricted\" style=\"position: absolute; visibility: hidden;\" title=\"&#8220;Home&#8221; &#8212; | Ristorante Bazzini\" src=\"https:\/\/www.ristorantebazzini.com\/embed\/#?secret=Tn3H73I4Of#?secret=RIsst76evd\" data-secret=\"RIsst76evd\" width=\"600\" height=\"338\" frameborder=\"0\" marginwidth=\"0\" marginheight=\"0\" scrolling=\"no\"><\/iframe>\n<\/div><\/figure>\n\n\n\n<figure class=\"wp-block-image\"><img loading=\"lazy\" decoding=\"async\" width=\"1024\" height=\"768\" src=\"https:\/\/www.gamberetta.it\/wp-content\/uploads\/2019\/08\/IMG_20190621_203309-1024x768.jpg\" alt=\"\" class=\"wp-image-14978\" srcset=\"https:\/\/www.gamberetta.it\/wp-content\/uploads\/2019\/08\/IMG_20190621_203309-1024x768.jpg 1024w, https:\/\/www.gamberetta.it\/wp-content\/uploads\/2019\/08\/IMG_20190621_203309-300x225.jpg 300w, https:\/\/www.gamberetta.it\/wp-content\/uploads\/2019\/08\/IMG_20190621_203309-768x576.jpg 768w, https:\/\/www.gamberetta.it\/wp-content\/uploads\/2019\/08\/IMG_20190621_203309-1000x750.jpg 1000w, https:\/\/www.gamberetta.it\/wp-content\/uploads\/2019\/08\/IMG_20190621_203309-570x428.jpg 570w, https:\/\/www.gamberetta.it\/wp-content\/uploads\/2019\/08\/IMG_20190621_203309-330x248.jpg 330w, https:\/\/www.gamberetta.it\/wp-content\/uploads\/2019\/08\/IMG_20190621_203309.jpg 1200w\" sizes=\"(max-width: 1024px) 100vw, 1024px\" \/><\/figure>\n\n\n\n<h2 class=\"wp-block-heading\"><span style=\"text-decoration: underline\">Cosa abbiamo visto durante il tour Oltrep\u00f2 biodiverso.<\/span><\/h2>\n\n\n\n<p>Domenica mattina, sempre a Canneto, siamo ospiti di&nbsp;<strong>Marco Piovani<\/strong>&nbsp;nel suo laboratorio di scultura dove d\u00e0 forma al legno, facendolo diventare corpi, forme e volti. Possiamo vedere le sue opere,&nbsp;soprattutto i famosi crocifissi,&nbsp;nelle vicine chiese ma anche agli angoli delle strade di campagna. Massimo Piovani, suo figlio, \u00e8 produttore di Buttafuoco storico. Marco \u00e8 un personaggio schivo che dalle origini parmigiane ha ricavato l&#8217;amore per la terra e la cucina e durante gli anni di lavoro a Milano (dove faceva il salumiere) ha trovato la pace in queste colline. Si rifugiava proprio qui nei fine settimana e ora ne ha fatto il&nbsp;<em>buen retiro&nbsp;<\/em>di tutta la famiglia. Con la moglie si dedica anche a preservare le tradizioni agricole, alla&nbsp;raccolta e catalogazione di attrezzi agricoli,&nbsp;centinaia di oggetti e strumenti di lavoro oggi visibili in un piccolo museo.&nbsp;Marco ci spiega origine e utilizzo di questi utensili rimasti in uso fino a pochi anni fa, prezioso ricordo dell&#8217;Italia rurale oggi quasi scomparsa.<\/p>\n\n\n\n<figure class=\"wp-block-image\"><img loading=\"lazy\" decoding=\"async\" width=\"1024\" height=\"768\" src=\"https:\/\/www.gamberetta.it\/wp-content\/uploads\/2019\/08\/IMG_20190623_085701-1024x768.jpg\" alt=\"\" class=\"wp-image-14980\" srcset=\"https:\/\/www.gamberetta.it\/wp-content\/uploads\/2019\/08\/IMG_20190623_085701-1024x768.jpg 1024w, https:\/\/www.gamberetta.it\/wp-content\/uploads\/2019\/08\/IMG_20190623_085701-300x225.jpg 300w, https:\/\/www.gamberetta.it\/wp-content\/uploads\/2019\/08\/IMG_20190623_085701-768x576.jpg 768w, https:\/\/www.gamberetta.it\/wp-content\/uploads\/2019\/08\/IMG_20190623_085701-1000x750.jpg 1000w, https:\/\/www.gamberetta.it\/wp-content\/uploads\/2019\/08\/IMG_20190623_085701-570x428.jpg 570w, https:\/\/www.gamberetta.it\/wp-content\/uploads\/2019\/08\/IMG_20190623_085701-330x248.jpg 330w, https:\/\/www.gamberetta.it\/wp-content\/uploads\/2019\/08\/IMG_20190623_085701.jpg 1200w\" sizes=\"(max-width: 1024px) 100vw, 1024px\" \/><\/figure>\n\n\n\n<h2 class=\"wp-block-heading\"><strong>REA PO<\/strong><\/h2>\n\n\n\n<p>Sabato sera attraversiamo Ticino e Po, fiumi carichi d&#8217;acqua in questi giorni e lungo gli argini ammiriamo i campi coltivati intensamente, anche troppo per i miei gusti. Ticino e Po si incontrano al&nbsp;<strong>Ponte della Becca<\/strong>, vediamo un angolo di&nbsp;<strong>Pianura Padana&nbsp;<\/strong>che l&#8217;uomo modella da secoli ma tuttora in equilibrio mutevole. Le piene dei fiumi sono una presenza e un ricordo costante seppure le chiaviche ed altre opere idrauliche abbiano consentito di vivere, lavorare e sviluppare diverse attivit\u00e0 agricole. Tra strade strette e sinuose arriviamo in un paese piccolo, di nome e di fatto: Rea Po, che conoscevo solo per un Bed &amp; Breakfast e ho scoperto essere un piccolo punto di riferimento per la cucina locale. Ci accolgono alla&nbsp;<strong>Ca&#8217; Vecchia<\/strong>&nbsp;la signora Tina e il marito, ci preparano una cena leggera e gustosa &#8220;nonostante&#8221; sia incentrata su un prodotto&nbsp;prodotto locale particolare&nbsp;come la&nbsp;<strong>Cipolla di Breme<\/strong>, gustoso e versatile.&nbsp;Peccato che fra un mese finisca ma intanto ce la siamo goduta. Zuppa di cipolle. Baccal\u00e0 e dei nervetti, che ricorder\u00f2 a lungo. Pinot nero riesling e moscato in abbinamento.<\/p>\n\n\n\n<p><a href=\"http:\/\/www.lacavecchia.it\">http:\/\/www.lacavecchia.it<\/a><\/p>\n\n\n\n<figure class=\"wp-block-image\"><img loading=\"lazy\" decoding=\"async\" width=\"768\" height=\"1024\" src=\"https:\/\/www.gamberetta.it\/wp-content\/uploads\/2019\/08\/IMG_20190622_202131-768x1024.jpg\" alt=\"\" class=\"wp-image-14982\" srcset=\"https:\/\/www.gamberetta.it\/wp-content\/uploads\/2019\/08\/IMG_20190622_202131-768x1024.jpg 768w, https:\/\/www.gamberetta.it\/wp-content\/uploads\/2019\/08\/IMG_20190622_202131-225x300.jpg 225w, https:\/\/www.gamberetta.it\/wp-content\/uploads\/2019\/08\/IMG_20190622_202131-600x800.jpg 600w, https:\/\/www.gamberetta.it\/wp-content\/uploads\/2019\/08\/IMG_20190622_202131.jpg 900w\" sizes=\"(max-width: 768px) 100vw, 768px\" \/><\/figure>\n\n\n\n<h2 class=\"wp-block-heading\"><strong>STRADELLA<\/strong><\/h2>\n\n\n\n<p>Si trova tra la pianura padana e le colline, all&#8217;imboccatura della Valle Versa. Qui gli Appennini toccano il loro punto pi\u00f9 settentrionale: nelle giornate limpide si possono scorgere Alpi e Appennini insieme. Un tempo sede di produzione di fisarmoniche, ora ha nella viticoltura e manifatture le principali attivit\u00e0.<\/p>\n\n\n\n<h3 class=\"wp-block-heading\"><span style=\"text-decoration: underline\">Cosa abbiamo visto durante il tour Oltrep\u00f2 biodiverso.<\/span><\/h3>\n\n\n\n<p>Abbiamo visto che a Stradella ferve la vita notturna e nel fine settimana il centro \u00e8 animato da tanti giovani, che affollano i locali fino alle ore piccole. Noi facevamo base proprio qui, essendo alloggiate presso&nbsp;<strong>Hotel Italia&nbsp;<\/strong>un albergo a gestione familiare, con ristorante annesso, molto accogliente sia per le persone d&#8217;affari sia per gli ospiti in vacanza come noi.<\/p>\n\n\n\n<figure class=\"wp-block-embed is-type-wp-embed is-provider-hotel-italia wp-block-embed-hotel-italia\"><div class=\"wp-block-embed__wrapper\">\n<blockquote class=\"wp-embedded-content\" data-secret=\"nBiKsQbH6t\"><a href=\"https:\/\/www.hotelitalia.pv.it\/\">Home<\/a><\/blockquote><iframe loading=\"lazy\" class=\"wp-embedded-content\" sandbox=\"allow-scripts\" security=\"restricted\" style=\"position: absolute; visibility: hidden;\" title=\"&#8220;Home&#8221; &#8212; HOTEL ITALIA\" src=\"https:\/\/www.hotelitalia.pv.it\/embed\/#?secret=nBiKsQbH6t\" data-secret=\"nBiKsQbH6t\" width=\"600\" height=\"338\" frameborder=\"0\" marginwidth=\"0\" marginheight=\"0\" scrolling=\"no\"><\/iframe>\n<\/div><\/figure>\n\n\n\n<figure class=\"wp-block-image\"><img loading=\"lazy\" decoding=\"async\" width=\"1024\" height=\"768\" src=\"https:\/\/www.gamberetta.it\/wp-content\/uploads\/2019\/08\/IMG_20190622_074713-1024x768.jpg\" alt=\"\" class=\"wp-image-14984\" srcset=\"https:\/\/www.gamberetta.it\/wp-content\/uploads\/2019\/08\/IMG_20190622_074713-1024x768.jpg 1024w, https:\/\/www.gamberetta.it\/wp-content\/uploads\/2019\/08\/IMG_20190622_074713-300x225.jpg 300w, https:\/\/www.gamberetta.it\/wp-content\/uploads\/2019\/08\/IMG_20190622_074713-768x576.jpg 768w, https:\/\/www.gamberetta.it\/wp-content\/uploads\/2019\/08\/IMG_20190622_074713-1000x750.jpg 1000w, https:\/\/www.gamberetta.it\/wp-content\/uploads\/2019\/08\/IMG_20190622_074713-570x428.jpg 570w, https:\/\/www.gamberetta.it\/wp-content\/uploads\/2019\/08\/IMG_20190622_074713-330x248.jpg 330w, https:\/\/www.gamberetta.it\/wp-content\/uploads\/2019\/08\/IMG_20190622_074713.jpg 1200w\" sizes=\"(max-width: 1024px) 100vw, 1024px\" \/><\/figure>\n\n\n\n<h2 class=\"wp-block-heading\"><strong>PONTE NIZZA<\/strong><\/h2>\n\n\n\n<p>Si trova&nbsp;tra Voghera e Varzi,&nbsp;al centro delle quattro province: Pavia, Alessandria, Piacenza, Genova, a&nbsp;poca distanza dal confine con la Liguria.<\/p>\n\n\n\n<h3 class=\"wp-block-heading\"><span style=\"text-decoration: underline\">Cosa abbiamo visto durante il tour Oltrep\u00f2 biodiverso.<\/span><\/h3>\n\n\n\n<p><strong>Sant&#8217;Alberto di Butrio&nbsp;<\/strong>\u00e8 un eremo dell&#8217;XI secolo immerso nelle colline. Circondato da boschi di abeti, castagni e querce, a quasi 700 metri slm, Sant&#8217;Alberto ci \u201caccoglie\u201d con imponenti cartelli che invitano al silenzio. Io sono stata sempre zitta, incredibile, anzi a bocca aperta, l&#8217;ho ammirato dentro (la chiesetta con le pareti affrescate, il chiostro) e fuori (il giardino fiorito con il pozzo). Costruito su vari livelli ospita attivit\u00e0 spirituali propriamente dette, e attivit\u00e0 produttive come il miele fatto dalle tante api che quass\u00f9 stanno proprio bene; \u00e8 davvero un luogo di pace! Domenica quindi, alla fine del nostro giro, visitiamo luoghi di misticismo e meditazione.&nbsp;Niente vino ma i piaceri dello spirito.<\/p>\n\n\n<div class=\"wp-block-image\">\n<figure class=\"aligncenter\"><img loading=\"lazy\" decoding=\"async\" width=\"1024\" height=\"768\" src=\"https:\/\/www.gamberetta.it\/wp-content\/uploads\/2019\/08\/IMG_20190623_104758-1024x768.jpg\" alt=\"\" class=\"wp-image-14986\" srcset=\"https:\/\/www.gamberetta.it\/wp-content\/uploads\/2019\/08\/IMG_20190623_104758-1024x768.jpg 1024w, https:\/\/www.gamberetta.it\/wp-content\/uploads\/2019\/08\/IMG_20190623_104758-300x225.jpg 300w, https:\/\/www.gamberetta.it\/wp-content\/uploads\/2019\/08\/IMG_20190623_104758-768x576.jpg 768w, https:\/\/www.gamberetta.it\/wp-content\/uploads\/2019\/08\/IMG_20190623_104758-1000x750.jpg 1000w, https:\/\/www.gamberetta.it\/wp-content\/uploads\/2019\/08\/IMG_20190623_104758-570x428.jpg 570w, https:\/\/www.gamberetta.it\/wp-content\/uploads\/2019\/08\/IMG_20190623_104758-330x248.jpg 330w, https:\/\/www.gamberetta.it\/wp-content\/uploads\/2019\/08\/IMG_20190623_104758.jpg 1200w\" sizes=\"(max-width: 1024px) 100vw, 1024px\" \/><figcaption class=\"wp-element-caption\">Sant_alberto<\/figcaption><\/figure><\/div>\n\n\n<p>Mi piace scoprire le chicche sconosciute nascoste fra una cantina e l&#8217;altra. Quante ce ne sono in Oltrep\u00f2??<\/p>\n\n\n\n<p><em>Oltrep\u00f2 Biodiverso continua nel prossimo post, dove andremo alla scoperta delle cantine che ci hanno ospitati.<\/em><\/p>\n\n\n\n<p>Post in collaborazione con:<\/p>\n\n\n\n<p><strong>Fondazione per lo Sviluppo dell\u2019Oltrep\u00f2 Pavese<\/strong><\/p>\n\n\n\n<p><strong>Strada del Vino e dei Sapori dell\u2019Oltrep\u00f2 Pavese<\/strong><\/p>\n\n\n\n<p><strong>Attivaree Oltrep\u00f2 Biodiverso<\/strong><\/p>\n\n\n\n<p><strong>F.L.A. Fondazione Lombardia per l&#8217;Ambiente<\/strong><\/p>\n\n\n\n<p><a href=\"https:\/\/flanet.org\/\">https:\/\/flanet.org\/<\/a><\/p>\n\n\n\n<p>Ti \u00e8 piaciuto questo post su Pavia e la Lombardia? Allora leggi anche gli altri, li trovi qui:<\/p>\n\n\n\n<figure class=\"wp-block-embed is-type-wp-embed is-provider-gamberetta wp-block-embed-gamberetta\"><div class=\"wp-block-embed__wrapper\">\n<blockquote class=\"wp-embedded-content\" data-secret=\"MuWUgVCNOk\"><a href=\"https:\/\/www.gamberetta.it\/it\/myselfsudime\/milano-e-la-lombardia\/\">Milano e la Lombardia<\/a><\/blockquote><iframe loading=\"lazy\" class=\"wp-embedded-content\" sandbox=\"allow-scripts\" security=\"restricted\" style=\"position: absolute; visibility: hidden;\" title=\"&#8220;Milano e la Lombardia&#8221; &#8212; Gamberetta\" src=\"https:\/\/www.gamberetta.it\/it\/myselfsudime\/milano-e-la-lombardia\/embed\/#?secret=7DM7msvzGQ#?secret=MuWUgVCNOk\" data-secret=\"MuWUgVCNOk\" width=\"600\" height=\"338\" frameborder=\"0\" marginwidth=\"0\" marginheight=\"0\" scrolling=\"no\"><\/iframe>\n<\/div><\/figure>\n","protected":false},"excerpt":{"rendered":"<p>Oltrep\u00f2 Biodiverso \u00e8 iniziato a Voghera e terminato a Pavia. Oltre alle tante attivit\u00e0 svolte \u00e8 diventato spunto per approfondire la conoscenza di questo territorio particolare, e per creare nuovi percorsi in diverse stagioni dell&#8217;anno. La vendemmia \u00e8 alle porte, sarebbe bello andare a vedere il lavoro dei vignaioli. In silenzio senza disturbare. Qualcuno vuole &hellip; <a class=\"more-link\" href=\"https:\/\/www.gamberetta.it\/it\/2019\/08\/07\/oltrepo-biodiverso-i-luoghi-della-visita\/\">Leggi tutto<i class=\"ion-ios-arrow-thin-right\"><\/i><\/a><\/p>\n","protected":false},"author":2,"featured_media":40548,"comment_status":"open","ping_status":"closed","sticky":false,"template":"","format":"standard","meta":{"footnotes":""},"categories":[68,26,105,73,33],"tags":[],"class_list":["post-14931","post","type-post","status-publish","format-standard","has-post-thumbnail","hentry","category-food-wine","category-friends","category-in-campagna","category-milano","category-travelling"],"yoast_head":"<!-- This site is optimized with the Yoast SEO plugin v23.5 - https:\/\/yoast.com\/wordpress\/plugins\/seo\/ -->\n<title>OLTREP\u00d2 BIODIVERSO: I LUOGHI DELLA VISITA - Gamberetta<\/title>\n<meta name=\"robots\" content=\"index, follow, max-snippet:-1, max-image-preview:large, max-video-preview:-1\" \/>\n<link rel=\"canonical\" href=\"https:\/\/www.gamberetta.it\/it\/2019\/08\/07\/oltrepo-biodiverso-i-luoghi-della-visita\/\" \/>\n<meta property=\"og:locale\" content=\"it_IT\" \/>\n<meta property=\"og:type\" content=\"article\" \/>\n<meta property=\"og:title\" content=\"OLTREP\u00d2 BIODIVERSO: I LUOGHI DELLA VISITA - Gamberetta\" \/>\n<meta property=\"og:description\" content=\"Oltrep\u00f2 Biodiverso \u00e8 iniziato a Voghera e terminato a Pavia. Oltre alle tante attivit\u00e0 svolte \u00e8 diventato spunto per approfondire la conoscenza di questo territorio particolare, e per creare nuovi percorsi in diverse stagioni dell&#8217;anno. La vendemmia \u00e8 alle porte, sarebbe bello andare a vedere il lavoro dei vignaioli. In silenzio senza disturbare. Qualcuno vuole &hellip; Leggi tutto\" \/>\n<meta property=\"og:url\" content=\"https:\/\/www.gamberetta.it\/it\/2019\/08\/07\/oltrepo-biodiverso-i-luoghi-della-visita\/\" \/>\n<meta property=\"og:site_name\" content=\"Gamberetta\" \/>\n<meta property=\"article:publisher\" content=\"https:\/\/www.facebook.com\/Gamberettatravelblog\" \/>\n<meta property=\"article:published_time\" content=\"2019-08-07T19:47:28+00:00\" \/>\n<meta property=\"article:modified_time\" content=\"2026-01-31T10:43:37+00:00\" \/>\n<meta name=\"author\" content=\"gamberetta\" \/>\n<meta name=\"twitter:card\" content=\"summary_large_image\" \/>\n<meta name=\"twitter:creator\" content=\"@robertazennaro\" \/>\n<meta name=\"twitter:site\" content=\"@robertazennaro\" \/>\n<meta name=\"twitter:label1\" content=\"Scritto da\" \/>\n\t<meta name=\"twitter:data1\" content=\"gamberetta\" \/>\n\t<meta name=\"twitter:label2\" content=\"Tempo di lettura stimato\" \/>\n\t<meta name=\"twitter:data2\" content=\"13 minuti\" \/>\n<script type=\"application\/ld+json\" class=\"yoast-schema-graph\">{\"@context\":\"https:\/\/schema.org\",\"@graph\":[{\"@type\":\"WebPage\",\"@id\":\"https:\/\/www.gamberetta.it\/it\/2019\/08\/07\/oltrepo-biodiverso-i-luoghi-della-visita\/\",\"url\":\"https:\/\/www.gamberetta.it\/it\/2019\/08\/07\/oltrepo-biodiverso-i-luoghi-della-visita\/\",\"name\":\"OLTREP\u00d2 BIODIVERSO: I LUOGHI DELLA VISITA - Gamberetta\",\"isPartOf\":{\"@id\":\"https:\/\/www.gamberetta.it\/it\/#website\"},\"primaryImageOfPage\":{\"@id\":\"https:\/\/www.gamberetta.it\/it\/2019\/08\/07\/oltrepo-biodiverso-i-luoghi-della-visita\/#primaryimage\"},\"image\":{\"@id\":\"https:\/\/www.gamberetta.it\/it\/2019\/08\/07\/oltrepo-biodiverso-i-luoghi-della-visita\/#primaryimage\"},\"thumbnailUrl\":\"\",\"datePublished\":\"2019-08-07T19:47:28+00:00\",\"dateModified\":\"2026-01-31T10:43:37+00:00\",\"author\":{\"@id\":\"https:\/\/www.gamberetta.it\/it\/#\/schema\/person\/7a4a919927c944edb5f3f9c665590124\"},\"breadcrumb\":{\"@id\":\"https:\/\/www.gamberetta.it\/it\/2019\/08\/07\/oltrepo-biodiverso-i-luoghi-della-visita\/#breadcrumb\"},\"inLanguage\":\"it-IT\",\"potentialAction\":[{\"@type\":\"ReadAction\",\"target\":[\"https:\/\/www.gamberetta.it\/it\/2019\/08\/07\/oltrepo-biodiverso-i-luoghi-della-visita\/\"]}]},{\"@type\":\"ImageObject\",\"inLanguage\":\"it-IT\",\"@id\":\"https:\/\/www.gamberetta.it\/it\/2019\/08\/07\/oltrepo-biodiverso-i-luoghi-della-visita\/#primaryimage\",\"url\":\"\",\"contentUrl\":\"\"},{\"@type\":\"BreadcrumbList\",\"@id\":\"https:\/\/www.gamberetta.it\/it\/2019\/08\/07\/oltrepo-biodiverso-i-luoghi-della-visita\/#breadcrumb\",\"itemListElement\":[{\"@type\":\"ListItem\",\"position\":1,\"name\":\"Home\",\"item\":\"https:\/\/www.gamberetta.it\/it\/\"},{\"@type\":\"ListItem\",\"position\":2,\"name\":\"OLTREP\u00d2 BIODIVERSO: I LUOGHI DELLA VISITA\"}]},{\"@type\":\"WebSite\",\"@id\":\"https:\/\/www.gamberetta.it\/it\/#website\",\"url\":\"https:\/\/www.gamberetta.it\/it\/\",\"name\":\"Gamberetta\",\"description\":\"Il mio blog senza fronzoli: pensieri e parole, sempre e ovunque in viaggio\",\"potentialAction\":[{\"@type\":\"SearchAction\",\"target\":{\"@type\":\"EntryPoint\",\"urlTemplate\":\"https:\/\/www.gamberetta.it\/it\/?s={search_term_string}\"},\"query-input\":{\"@type\":\"PropertyValueSpecification\",\"valueRequired\":true,\"valueName\":\"search_term_string\"}}],\"inLanguage\":\"it-IT\"},{\"@type\":\"Person\",\"@id\":\"https:\/\/www.gamberetta.it\/it\/#\/schema\/person\/7a4a919927c944edb5f3f9c665590124\",\"name\":\"gamberetta\",\"image\":{\"@type\":\"ImageObject\",\"inLanguage\":\"it-IT\",\"@id\":\"https:\/\/www.gamberetta.it\/it\/#\/schema\/person\/image\/\",\"url\":\"https:\/\/secure.gravatar.com\/avatar\/7ef5d82656b8958070b4f589b7ae1784?s=96&d=mm&r=g\",\"contentUrl\":\"https:\/\/secure.gravatar.com\/avatar\/7ef5d82656b8958070b4f589b7ae1784?s=96&d=mm&r=g\",\"caption\":\"gamberetta\"},\"description\":\"Sono Toro ascendente Scorpione, terra di contrasti dove ora prevale una met\u00e0, ora l\u2019altra. L\u2019infanzia in Veneto e gli ultimi anni passati a Milano hanno sviluppato in me una serie ulteriore di conflitti. Scrivo da sempre, la scrittura \u00e8 la migliore forma espressiva che mi consente di fissare concetti altrimenti sospesi nell\u2019aria. Da bambina scrivevo poesie con uno stile quasi leopardiano poi sono passata ai diari di viaggio dalla prima volta in USA nel 1998 e non ho pi\u00f9 smesso...\",\"url\":\"https:\/\/www.gamberetta.it\/it\/author\/gamberettarossa\/\"}]}<\/script>\n<!-- \/ Yoast SEO plugin. -->","yoast_head_json":{"title":"OLTREP\u00d2 BIODIVERSO: I LUOGHI DELLA VISITA - Gamberetta","robots":{"index":"index","follow":"follow","max-snippet":"max-snippet:-1","max-image-preview":"max-image-preview:large","max-video-preview":"max-video-preview:-1"},"canonical":"https:\/\/www.gamberetta.it\/it\/2019\/08\/07\/oltrepo-biodiverso-i-luoghi-della-visita\/","og_locale":"it_IT","og_type":"article","og_title":"OLTREP\u00d2 BIODIVERSO: I LUOGHI DELLA VISITA - Gamberetta","og_description":"Oltrep\u00f2 Biodiverso \u00e8 iniziato a Voghera e terminato a Pavia. Oltre alle tante attivit\u00e0 svolte \u00e8 diventato spunto per approfondire la conoscenza di questo territorio particolare, e per creare nuovi percorsi in diverse stagioni dell&#8217;anno. La vendemmia \u00e8 alle porte, sarebbe bello andare a vedere il lavoro dei vignaioli. In silenzio senza disturbare. Qualcuno vuole &hellip; Leggi tutto","og_url":"https:\/\/www.gamberetta.it\/it\/2019\/08\/07\/oltrepo-biodiverso-i-luoghi-della-visita\/","og_site_name":"Gamberetta","article_publisher":"https:\/\/www.facebook.com\/Gamberettatravelblog","article_published_time":"2019-08-07T19:47:28+00:00","article_modified_time":"2026-01-31T10:43:37+00:00","author":"gamberetta","twitter_card":"summary_large_image","twitter_creator":"@robertazennaro","twitter_site":"@robertazennaro","twitter_misc":{"Scritto da":"gamberetta","Tempo di lettura stimato":"13 minuti"},"schema":{"@context":"https:\/\/schema.org","@graph":[{"@type":"WebPage","@id":"https:\/\/www.gamberetta.it\/it\/2019\/08\/07\/oltrepo-biodiverso-i-luoghi-della-visita\/","url":"https:\/\/www.gamberetta.it\/it\/2019\/08\/07\/oltrepo-biodiverso-i-luoghi-della-visita\/","name":"OLTREP\u00d2 BIODIVERSO: I LUOGHI DELLA VISITA - Gamberetta","isPartOf":{"@id":"https:\/\/www.gamberetta.it\/it\/#website"},"primaryImageOfPage":{"@id":"https:\/\/www.gamberetta.it\/it\/2019\/08\/07\/oltrepo-biodiverso-i-luoghi-della-visita\/#primaryimage"},"image":{"@id":"https:\/\/www.gamberetta.it\/it\/2019\/08\/07\/oltrepo-biodiverso-i-luoghi-della-visita\/#primaryimage"},"thumbnailUrl":"","datePublished":"2019-08-07T19:47:28+00:00","dateModified":"2026-01-31T10:43:37+00:00","author":{"@id":"https:\/\/www.gamberetta.it\/it\/#\/schema\/person\/7a4a919927c944edb5f3f9c665590124"},"breadcrumb":{"@id":"https:\/\/www.gamberetta.it\/it\/2019\/08\/07\/oltrepo-biodiverso-i-luoghi-della-visita\/#breadcrumb"},"inLanguage":"it-IT","potentialAction":[{"@type":"ReadAction","target":["https:\/\/www.gamberetta.it\/it\/2019\/08\/07\/oltrepo-biodiverso-i-luoghi-della-visita\/"]}]},{"@type":"ImageObject","inLanguage":"it-IT","@id":"https:\/\/www.gamberetta.it\/it\/2019\/08\/07\/oltrepo-biodiverso-i-luoghi-della-visita\/#primaryimage","url":"","contentUrl":""},{"@type":"BreadcrumbList","@id":"https:\/\/www.gamberetta.it\/it\/2019\/08\/07\/oltrepo-biodiverso-i-luoghi-della-visita\/#breadcrumb","itemListElement":[{"@type":"ListItem","position":1,"name":"Home","item":"https:\/\/www.gamberetta.it\/it\/"},{"@type":"ListItem","position":2,"name":"OLTREP\u00d2 BIODIVERSO: I LUOGHI DELLA VISITA"}]},{"@type":"WebSite","@id":"https:\/\/www.gamberetta.it\/it\/#website","url":"https:\/\/www.gamberetta.it\/it\/","name":"Gamberetta","description":"Il mio blog senza fronzoli: pensieri e parole, sempre e ovunque in viaggio","potentialAction":[{"@type":"SearchAction","target":{"@type":"EntryPoint","urlTemplate":"https:\/\/www.gamberetta.it\/it\/?s={search_term_string}"},"query-input":{"@type":"PropertyValueSpecification","valueRequired":true,"valueName":"search_term_string"}}],"inLanguage":"it-IT"},{"@type":"Person","@id":"https:\/\/www.gamberetta.it\/it\/#\/schema\/person\/7a4a919927c944edb5f3f9c665590124","name":"gamberetta","image":{"@type":"ImageObject","inLanguage":"it-IT","@id":"https:\/\/www.gamberetta.it\/it\/#\/schema\/person\/image\/","url":"https:\/\/secure.gravatar.com\/avatar\/7ef5d82656b8958070b4f589b7ae1784?s=96&d=mm&r=g","contentUrl":"https:\/\/secure.gravatar.com\/avatar\/7ef5d82656b8958070b4f589b7ae1784?s=96&d=mm&r=g","caption":"gamberetta"},"description":"Sono Toro ascendente Scorpione, terra di contrasti dove ora prevale una met\u00e0, ora l\u2019altra. L\u2019infanzia in Veneto e gli ultimi anni passati a Milano hanno sviluppato in me una serie ulteriore di conflitti. Scrivo da sempre, la scrittura \u00e8 la migliore forma espressiva che mi consente di fissare concetti altrimenti sospesi nell\u2019aria. Da bambina scrivevo poesie con uno stile quasi leopardiano poi sono passata ai diari di viaggio dalla prima volta in USA nel 1998 e non ho pi\u00f9 smesso...","url":"https:\/\/www.gamberetta.it\/it\/author\/gamberettarossa\/"}]}},"_links":{"self":[{"href":"https:\/\/www.gamberetta.it\/it\/wp-json\/wp\/v2\/posts\/14931"}],"collection":[{"href":"https:\/\/www.gamberetta.it\/it\/wp-json\/wp\/v2\/posts"}],"about":[{"href":"https:\/\/www.gamberetta.it\/it\/wp-json\/wp\/v2\/types\/post"}],"author":[{"embeddable":true,"href":"https:\/\/www.gamberetta.it\/it\/wp-json\/wp\/v2\/users\/2"}],"replies":[{"embeddable":true,"href":"https:\/\/www.gamberetta.it\/it\/wp-json\/wp\/v2\/comments?post=14931"}],"version-history":[{"count":7,"href":"https:\/\/www.gamberetta.it\/it\/wp-json\/wp\/v2\/posts\/14931\/revisions"}],"predecessor-version":[{"id":40546,"href":"https:\/\/www.gamberetta.it\/it\/wp-json\/wp\/v2\/posts\/14931\/revisions\/40546"}],"wp:featuredmedia":[{"embeddable":true,"href":"https:\/\/www.gamberetta.it\/it\/wp-json\/wp\/v2\/media\/40548"}],"wp:attachment":[{"href":"https:\/\/www.gamberetta.it\/it\/wp-json\/wp\/v2\/media?parent=14931"}],"wp:term":[{"taxonomy":"category","embeddable":true,"href":"https:\/\/www.gamberetta.it\/it\/wp-json\/wp\/v2\/categories?post=14931"},{"taxonomy":"post_tag","embeddable":true,"href":"https:\/\/www.gamberetta.it\/it\/wp-json\/wp\/v2\/tags?post=14931"}],"curies":[{"name":"wp","href":"https:\/\/api.w.org\/{rel}","templated":true}]}}