{"id":15211,"date":"2019-09-16T10:53:20","date_gmt":"2019-09-16T08:53:20","guid":{"rendered":"https:\/\/www.gamberetta.it\/it\/?p=15211"},"modified":"2025-01-07T19:40:03","modified_gmt":"2025-01-07T18:40:03","slug":"in-viaggio-tra-pavia-e-stradella-ospitalita-in-oltrepo-pavese","status":"publish","type":"post","link":"https:\/\/www.gamberetta.it\/it\/2019\/09\/16\/in-viaggio-tra-pavia-e-stradella-ospitalita-in-oltrepo-pavese\/","title":{"rendered":"IN VIAGGIO TRA PAVIA E STRADELLA: OSPITALIT\u00c0 IN OLTREP\u00d2 PAVESE"},"content":{"rendered":"\n<p>Ci ho provato tanto che finalmente \u00e8 arrivata un&#8217;intervista doppia:\noggi vi mostro l&#8217;Oltrep\u00f2 Pavese attraverso le parole di due professionisti\ndell&#8217;ospitalit\u00e0. In questo angolo di Lombardia mi rendo conto che si nascondono\nancora tanti luoghi da scoprire, dopo oltre dieci anni di frequentazioni da\nparte mia: temi da approfondire e persone da conoscere. Per esempio dove ho\nmangiato e dormito durante il tour <strong>Oltrep\u00f2 biodiverso <\/strong>dello scorso\ngiugno, i cui luoghi della visita sono descritti in questo post. Meritavano un approfondimento ed eccovi di seguito\nle parole di <strong>Tina Bergonzi <\/strong>della Ca&#8217; Vecchia di Rea Po, e <strong>Simone\nScarani <\/strong>dell&#8217;Albergo Italia di Stradella. <\/p>\n\n\n\n<figure class=\"wp-block-image\"><img loading=\"lazy\" decoding=\"async\" width=\"768\" height=\"1024\" src=\"https:\/\/www.gamberetta.it\/wp-content\/uploads\/2019\/09\/IMG_20190622_201053-768x1024.jpg\" alt=\"\" class=\"wp-image-15212\" srcset=\"https:\/\/www.gamberetta.it\/wp-content\/uploads\/2019\/09\/IMG_20190622_201053-768x1024.jpg 768w, https:\/\/www.gamberetta.it\/wp-content\/uploads\/2019\/09\/IMG_20190622_201053-225x300.jpg 225w, https:\/\/www.gamberetta.it\/wp-content\/uploads\/2019\/09\/IMG_20190622_201053-600x800.jpg 600w, https:\/\/www.gamberetta.it\/wp-content\/uploads\/2019\/09\/IMG_20190622_201053.jpg 900w\" sizes=\"(max-width: 768px) 100vw, 768px\" \/><\/figure>\n\n\n\n<p>Nel lasciare la parola a loro che ci hanno ospitato e nutrito, li ringrazio per il loro punto di vista prezioso, da professionisti, un contributo da non dare mai per scontato. Specialmente quando \u00e8 in gioco l&#8217;ospitalit\u00e0 di oggi con le sue sfide sempre nuove. In bocca al lupo e arrivederci a presto!<\/p>\n\n\n\n<figure class=\"wp-block-image\"><img loading=\"lazy\" decoding=\"async\" width=\"1024\" height=\"768\" src=\"https:\/\/www.gamberetta.it\/wp-content\/uploads\/2019\/09\/IMG_20190622_074713-1024x768.jpg\" alt=\"\" class=\"wp-image-15213\" srcset=\"https:\/\/www.gamberetta.it\/wp-content\/uploads\/2019\/09\/IMG_20190622_074713-1024x768.jpg 1024w, https:\/\/www.gamberetta.it\/wp-content\/uploads\/2019\/09\/IMG_20190622_074713-300x225.jpg 300w, https:\/\/www.gamberetta.it\/wp-content\/uploads\/2019\/09\/IMG_20190622_074713-768x576.jpg 768w, https:\/\/www.gamberetta.it\/wp-content\/uploads\/2019\/09\/IMG_20190622_074713-1000x750.jpg 1000w, https:\/\/www.gamberetta.it\/wp-content\/uploads\/2019\/09\/IMG_20190622_074713-570x428.jpg 570w, https:\/\/www.gamberetta.it\/wp-content\/uploads\/2019\/09\/IMG_20190622_074713-330x248.jpg 330w, https:\/\/www.gamberetta.it\/wp-content\/uploads\/2019\/09\/IMG_20190622_074713.jpg 1200w\" sizes=\"(max-width: 1024px) 100vw, 1024px\" \/><\/figure>\n\n\n\n<h2 class=\"wp-block-heading\"><span style=\"text-decoration: underline\">1&nbsp; Chi sei \u2013 dove ti trovi? Raccontaci qualcosa di te e del tuo lavoro.<\/span><\/h2>\n\n\n\n<p>TB&nbsp; Sono Tina Bergonzi, abito a\nRea (PV). <strong>Ho iniziato l\u2019attivit\u00e0 di B&amp;B nel 2003, a cui ho aggiunto\nquella di ristoratrice nel 2006<\/strong> perch\u00e9 questa attivit\u00e0 risponde esattamente\nalla mia passione.<\/p>\n\n\n\n<p>SS&nbsp; Siamo la famiglia Scarani, <strong>siamo originari di Stradella, amanti dell&#8217;Oltrep\u00f2 Pavese, e proprietari di questo albergo dal 1990<\/strong>. La famiglia ha sempre operato nel settore alimentare, e dal 1990 si occupa a tempo pieno dell&#8217;Hotel con Pierlauro (il pap\u00e0), Annalisa e Simone (i due figli) che dopo aver studiato e fatto esperienze altrove, hanno deciso di impegnarsi nell&#8217;attivit\u00e0 di famiglia per vederla crescere sempre di pi\u00f9.<\/p>\n\n\n\n<figure class=\"wp-block-image\"><img loading=\"lazy\" decoding=\"async\" width=\"1024\" height=\"768\" src=\"https:\/\/www.gamberetta.it\/wp-content\/uploads\/2019\/09\/IMG_20190622_085816-1024x768.jpg\" alt=\"\" class=\"wp-image-15214\" srcset=\"https:\/\/www.gamberetta.it\/wp-content\/uploads\/2019\/09\/IMG_20190622_085816-1024x768.jpg 1024w, https:\/\/www.gamberetta.it\/wp-content\/uploads\/2019\/09\/IMG_20190622_085816-300x225.jpg 300w, https:\/\/www.gamberetta.it\/wp-content\/uploads\/2019\/09\/IMG_20190622_085816-768x576.jpg 768w, https:\/\/www.gamberetta.it\/wp-content\/uploads\/2019\/09\/IMG_20190622_085816-1000x750.jpg 1000w, https:\/\/www.gamberetta.it\/wp-content\/uploads\/2019\/09\/IMG_20190622_085816-570x428.jpg 570w, https:\/\/www.gamberetta.it\/wp-content\/uploads\/2019\/09\/IMG_20190622_085816-330x248.jpg 330w, https:\/\/www.gamberetta.it\/wp-content\/uploads\/2019\/09\/IMG_20190622_085816.jpg 1200w\" sizes=\"(max-width: 1024px) 100vw, 1024px\" \/><\/figure>\n\n\n\n<h2 class=\"wp-block-heading\"><span style=\"text-decoration: underline\">2&nbsp; Da dove vengono i tuoi ospiti? Sono pi\u00f9 italiani o stranieri?<\/span><\/h2>\n\n\n\n<p>TB&nbsp; Gli ospiti sono italiani\nall\u201980%, gli stranieri al 20%.<\/p>\n\n\n\n<p>SS&nbsp; Hotel Italia lavora principalmente con il settore di viaggi business. Quindi la maggiore occupazione si ha durante la settimana, mentre nei week-end la situazione \u00e8 pi\u00f9 tranquilla. Gli ospiti sono per la maggior parte italiani, nonostante la percentuale di stranieri sia sempre pi\u00f9 significativa durante gli ultimi anni, grazie all&#8217;espansione di affari verso i mercati esteri di molte aziende locali, che invitano clienti fornitori e tecnici a Stradella, creando un buon indotto per l&#8217;hotel. Da quest&#8217;anno abbiamo introdotto la <em>bike room<\/em>, un vero e proprio deposito biciclette attrezzato, dedicato ai <strong>cicloturisti che percorrono la Ciclovia del Po e la via Francigena<\/strong> (si veda sul sito).<\/p>\n\n\n\n<figure class=\"wp-block-image\"><img loading=\"lazy\" decoding=\"async\" width=\"768\" height=\"1024\" src=\"https:\/\/www.gamberetta.it\/wp-content\/uploads\/2019\/09\/IMG_20190622_202131-768x1024.jpg\" alt=\"\" class=\"wp-image-15215\" srcset=\"https:\/\/www.gamberetta.it\/wp-content\/uploads\/2019\/09\/IMG_20190622_202131-768x1024.jpg 768w, https:\/\/www.gamberetta.it\/wp-content\/uploads\/2019\/09\/IMG_20190622_202131-225x300.jpg 225w, https:\/\/www.gamberetta.it\/wp-content\/uploads\/2019\/09\/IMG_20190622_202131-600x800.jpg 600w, https:\/\/www.gamberetta.it\/wp-content\/uploads\/2019\/09\/IMG_20190622_202131.jpg 900w\" sizes=\"(max-width: 768px) 100vw, 768px\" \/><\/figure>\n\n\n\n<h2 class=\"wp-block-heading\"><span style=\"text-decoration: underline\">3&nbsp; Hai verificato alcuni stereotipi sulle caratteristiche dei turisti a seconda della loro provenienza?<\/span><\/h2>\n\n\n\n<p>TB&nbsp; S\u00ec, noto caratteristiche\nricorrenti; ad esempio la conoscenza, la competenza e la curiosit\u00e0 dei Belgi,\noppure la richiesta di uno sconto da parte di persone provenienti dalla stessa\narea geografica.<\/p>\n\n\n\n<p>SS&nbsp; Gli italiani che viaggiano per lavoro sono molto stressati e difficili da coinvolgere in attivit\u00e0 extra. Al contrario <strong>gli stranieri sono molto rilassati ed incuriositi dagli aspetti tipici della localit\u00e0<\/strong>, per la maggior parte legati all&#8217;enogastronomia ed alla presenza di monumenti e chiese (Pavia riscuote molto successo).<\/p>\n\n\n\n<figure class=\"wp-block-image\"><img loading=\"lazy\" decoding=\"async\" width=\"768\" height=\"1024\" src=\"https:\/\/www.gamberetta.it\/wp-content\/uploads\/2019\/09\/IMG_20190622_074423-768x1024.jpg\" alt=\"\" class=\"wp-image-15216\" srcset=\"https:\/\/www.gamberetta.it\/wp-content\/uploads\/2019\/09\/IMG_20190622_074423-768x1024.jpg 768w, https:\/\/www.gamberetta.it\/wp-content\/uploads\/2019\/09\/IMG_20190622_074423-225x300.jpg 225w, https:\/\/www.gamberetta.it\/wp-content\/uploads\/2019\/09\/IMG_20190622_074423-600x800.jpg 600w, https:\/\/www.gamberetta.it\/wp-content\/uploads\/2019\/09\/IMG_20190622_074423.jpg 900w\" sizes=\"(max-width: 768px) 100vw, 768px\" \/><\/figure>\n\n\n\n<h2 class=\"wp-block-heading\"><span style=\"text-decoration: underline\">4&nbsp; Raccontaci qualche aneddoto bello o brutto legato al tuo lavoro.<\/span><\/h2>\n\n\n\n<p>TB&nbsp; <strong>Un signore olandese aveva\nconosciuto due sorelle del nostro paese in giovent\u00f9<\/strong>. Sono riuscita a\nrintracciarne una che, pur abitando altrove, \u00e8 riuscita a raggiungerci: \u00e8 stato\nun incontro davvero emozionante.<\/p>\n\n\n\n<p>SS&nbsp; Con 30 camere e apertura 365 giorni all&#8217;anno, purtroppo i problemi non mancano, sia guai materiali che psicologici&#8230; Non passa giorno che non si guasti qualcosa in hotel, ma questo \u00e8 del tutto normale, basta pensare a quello che succede normalmente nelle nostre case che, rispetto a un hotel, sono piccoline. Di norma a Ferragosto si rompe l&#8217;aria condizionata, ed a Capodanno si rompe il riscaldamento&#8230; Per fortuna noi dello staff ci siamo dotati di una preparazione tecnica minima che possa permetterci di riparare o comunque gestire le situazioni, in attesa dell&#8217;intervento dei tecnici. Non \u00e8 raro che poi i tecnici chiedano consigli a noi su come gestire i problemi&#8230; del resto <strong>il mestiere dell&#8217;albergatore \u00e8 veramente complesso e tocca una serie infinita di capacit\u00e0, di settori e conoscenze che si devono avere per forza<\/strong>. Chi vuole intraprendere questa professione deve farsene una ragione, altrimenti meglio guardare altrove. In tanti anni abbiamo fatto di tutto: riparato caldaie, docce, lampade, macchine del caff\u00e8 e lavastoviglie, cambiato pneumatici forati, riparato vetture dei clienti, spalato metri di neve, e perfino <em>disgorgato<\/em> gli scarichi intasati con le mani nude. Perch\u00e9 le cose accadono sempre quando i negozi sono chiusi e i tecnici sono in ferie, ma i nostri clienti non si sono (quasi) mai accorti di nulla. Questo \u00e8 il nostro maggior vanto perch\u00e9 per noi l&#8217;ospitalit\u00e0 \u00e8 sacra, se paghi per dormire da noi non ti deve mancare nulla e devi sentirti sempre e comunque coccolato. Magari abbiamo ancora qualche moquette nelle camere, magari il parcheggio \u00e8 un po&#8217; stretto, magari non ti facciamo il carpaccio di frutta precisino a colazione o settanta tipi di affettato&#8230;ma da noi non ti sentirai mai abbandonato a te stesso.<\/p>\n\n\n\n<figure class=\"wp-block-image\"><img loading=\"lazy\" decoding=\"async\" width=\"1024\" height=\"768\" src=\"https:\/\/www.gamberetta.it\/wp-content\/uploads\/2019\/09\/IMG_20190622_074606-1024x768.jpg\" alt=\"\" class=\"wp-image-15217\" srcset=\"https:\/\/www.gamberetta.it\/wp-content\/uploads\/2019\/09\/IMG_20190622_074606-1024x768.jpg 1024w, https:\/\/www.gamberetta.it\/wp-content\/uploads\/2019\/09\/IMG_20190622_074606-300x225.jpg 300w, https:\/\/www.gamberetta.it\/wp-content\/uploads\/2019\/09\/IMG_20190622_074606-768x576.jpg 768w, https:\/\/www.gamberetta.it\/wp-content\/uploads\/2019\/09\/IMG_20190622_074606-1000x750.jpg 1000w, https:\/\/www.gamberetta.it\/wp-content\/uploads\/2019\/09\/IMG_20190622_074606-570x428.jpg 570w, https:\/\/www.gamberetta.it\/wp-content\/uploads\/2019\/09\/IMG_20190622_074606-330x248.jpg 330w, https:\/\/www.gamberetta.it\/wp-content\/uploads\/2019\/09\/IMG_20190622_074606.jpg 1200w\" sizes=\"(max-width: 1024px) 100vw, 1024px\" \/><\/figure>\n\n\n\n<h2 class=\"wp-block-heading\"><span style=\"text-decoration: underline\">5&nbsp; Cosa fa di un ospite una persona speciale, di quelle che a fine soggiorno fa venire voglia di starci insieme pi\u00f9 tempo? Si pu\u00f2 diventare amici degli ospiti e mantenersi in contatto anche dopo?<\/span><\/h2>\n\n\n\n<p>TB&nbsp; Siamo diventati amici con\nalcuni clienti. Uno di questi, proveniente dalla <strong>Norvegia<\/strong>, frequenta la\nnostra struttura dal 2006. Altri, bikers provenienti dalla <strong>Germania<\/strong>, ci\nhanno dedicato un libro. <strong>Molti italiani considerano il nostro B&amp;B una\ntappa obbligatoria nei loro viaggi annuali<\/strong>.<\/p>\n\n\n\n<p>SS&nbsp; Certamente si pu\u00f2 instaurare un ottimo rapporto, anche di amicizia. Essendo abituati a lavorare con gente stressata, non \u00e8 facile. In ogni caso \u00e8 sempre un piacere avere a che fare con persone che cercano il contatto umano, che si fermano a pensare che tu stai lavorando per loro e ti sono riconoscenti per questo. Noi, dal canto nostro, abbiamo le nostre simpatie ed antipatie ma, ovviamente, non possiamo darle a vedere.<\/p>\n\n\n\n<figure class=\"wp-block-image\"><img loading=\"lazy\" decoding=\"async\" width=\"768\" height=\"1024\" src=\"https:\/\/www.gamberetta.it\/wp-content\/uploads\/2019\/09\/IMG_20190622_201444-768x1024.jpg\" alt=\"\" class=\"wp-image-15219\" srcset=\"https:\/\/www.gamberetta.it\/wp-content\/uploads\/2019\/09\/IMG_20190622_201444-768x1024.jpg 768w, https:\/\/www.gamberetta.it\/wp-content\/uploads\/2019\/09\/IMG_20190622_201444-225x300.jpg 225w, https:\/\/www.gamberetta.it\/wp-content\/uploads\/2019\/09\/IMG_20190622_201444-600x800.jpg 600w, https:\/\/www.gamberetta.it\/wp-content\/uploads\/2019\/09\/IMG_20190622_201444.jpg 900w\" sizes=\"(max-width: 768px) 100vw, 768px\" \/><\/figure>\n\n\n\n<h2 class=\"wp-block-heading\"><span style=\"text-decoration: underline\">6&nbsp; L&#8217;ospitalit\u00e0 si compone di tanti fattori, secondo te quali doti o talenti deve avere chi se ne occupa, e cosa si impara invece lavorando \u201csul campo\u201d?<\/span><\/h2>\n\n\n\n<p>TB&nbsp; <strong>L\u2019ospitalit\u00e0 dev\u2019essere\nconsiderata un\u2019arte <\/strong>che comprende intuizione, padronanza delle lingue\nstraniere, conoscenza della storia e del territorio, senso alto del \u201cservizio\u201d,\ne infine la pazienza che si sviluppa sul campo.<\/p>\n\n\n\n<p>SS&nbsp; Come ho scritto prima, sul campo si impara ad accontentare il cliente in tutto, e sulla carta si imparano tante cose utili. Attualmente mi verrebbe da pensare soprattutto all&#8217;utilizzo delle tecnologie informatiche ed alle lingue. <strong>Il maggior talento per noi \u00e8 e sar\u00e0 sempre la disponibilit\u00e0<\/strong>. Noi viaggiamo molto, anche per prendere ispirazione professionale. Durante un soggiorno in un piccolo hotel dimenticato da tutti, in un posto dimenticato da tutti ci \u00e8 capitato di avere un guasto nella doccia. L&#8217;albergatore non era per nulla preparato, e l&#8217;albergo era fatiscente. Ma lui ha riparato la doccia, dopo averci lavorato e sudato un bel po&#8217;; un esempio di ospitalit\u00e0 che non dimenticher\u00f2 mai.<\/p>\n\n\n\n<figure class=\"wp-block-image\"><img loading=\"lazy\" decoding=\"async\" width=\"1024\" height=\"768\" src=\"https:\/\/www.gamberetta.it\/wp-content\/uploads\/2019\/09\/IMG_20190622_200948-1-1024x768.jpg\" alt=\"\" class=\"wp-image-15222\" srcset=\"https:\/\/www.gamberetta.it\/wp-content\/uploads\/2019\/09\/IMG_20190622_200948-1-1024x768.jpg 1024w, https:\/\/www.gamberetta.it\/wp-content\/uploads\/2019\/09\/IMG_20190622_200948-1-300x225.jpg 300w, https:\/\/www.gamberetta.it\/wp-content\/uploads\/2019\/09\/IMG_20190622_200948-1-768x576.jpg 768w, https:\/\/www.gamberetta.it\/wp-content\/uploads\/2019\/09\/IMG_20190622_200948-1-1000x750.jpg 1000w, https:\/\/www.gamberetta.it\/wp-content\/uploads\/2019\/09\/IMG_20190622_200948-1-570x428.jpg 570w, https:\/\/www.gamberetta.it\/wp-content\/uploads\/2019\/09\/IMG_20190622_200948-1-330x248.jpg 330w, https:\/\/www.gamberetta.it\/wp-content\/uploads\/2019\/09\/IMG_20190622_200948-1.jpg 1200w\" sizes=\"(max-width: 1024px) 100vw, 1024px\" \/><\/figure>\n\n\n\n<h2 class=\"wp-block-heading\"><span style=\"text-decoration: underline\">7&nbsp; Ospitare delle persone significa anche uscire, far conoscere le persone e il territorio &#8220;dietro&#8221; una struttura. In altre parole viaggiare. Come pubblicizzi la tua struttura? Dove vai quando non sei impegnato al lavoro?<\/span><\/h2>\n\n\n\n<p>TB&nbsp; <strong>Avevo iniziato negli anni\n\u201990 aderendo a un corso<\/strong>, che aveva previsto anche un viaggio in Irlanda con\nsoggiorno in B&amp;B. Da qui \u00e8 nata l&#8217;idea da cui ha preso forma la Ca&#8217;\nVecchia.<\/p>\n\n\n\n<p>SS&nbsp; La nostra struttura \u00e8 presente sulle maggiori Ota (booking ed expedia). Il nostro sito \u00e8 dotato di un <em>booking engine <\/em>diretto. La presenza sui social \u00e8 abbastanza &#8220;timida&#8221; mentre cerchiamo di essere sempre presenti nelle comunicazioni integrate del nostro territorio, attraverso la Strada del Vino e dei Sapori ed il portale Oltrepopavese.com. Come gi\u00e0 detto, <strong>siamo viaggiatori e sfruttiamo i viaggi per migliorarci sempre di pi\u00f9<\/strong>, cercando ispirazioni, cose da imitare e cose da evitare.<\/p>\n\n\n\n<h2 class=\"wp-block-heading\"><span style=\"text-decoration: underline\">8&nbsp; Consiglieresti a un giovane di occuparsi di ospitalit\u00e0? SI \u2013 NO \u2013 Perch\u00e9?<\/span><\/h2>\n\n\n\n<p>TB&nbsp; Consiglio di occuparsi di\nospitalit\u00e0 se seriamente motivati, non pensando al lato economico come unico\nscopo.<\/p>\n\n\n\n<p>SS&nbsp; S\u00ec, certamente, perch\u00e9 \u00e8 un\nsettore completo. Certo che bisogna mettersi bene in testa che i sacrifici sono\ntanti, ma chi sa fare questo sapr\u00e0 cavarsela in ogni altro settore.<\/p>\n\n\n\n<p>Post in collaborazione con:<\/p>\n\n\n\n<p><strong>Fondazione per lo Sviluppo dell\u2019Oltrep\u00f2 Pavese<\/strong><\/p>\n\n\n\n<p><strong>Strada del Vino e dei Sapori dell\u2019Oltrep\u00f2 Pavese<\/strong><\/p>\n\n\n\n<p><strong>Attivaree Oltrep\u00f2 Biodiverso<\/strong>\u201d<\/p>\n\n\n\n<p><strong>Attivaree Oltrep\u00f2\nBiodiverso<\/strong>\u201d<\/p>\n\n\n\n<figure class=\"wp-block-embed is-type-wp-embed is-provider-attiv-aree-oltrep wp-block-embed-attiv-aree-oltrep is-provider-attiv-aree-oltrepo\"><div class=\"wp-block-embed__wrapper\">\n<blockquote class=\"wp-embedded-content\" data-secret=\"ZwfgL5eDx5\"><a href=\"https:\/\/www.attivaree-oltrepobiodiverso.it\/\">Home Page<\/a><\/blockquote><iframe loading=\"lazy\" class=\"wp-embedded-content\" sandbox=\"allow-scripts\" security=\"restricted\" style=\"position: absolute; visibility: hidden;\" title=\"&#8220;Home Page&#8221; &#8212; Attiv-Aree OltreP\u00f2\" src=\"https:\/\/www.attivaree-oltrepobiodiverso.it\/embed\/#?secret=ZwfgL5eDx5\" data-secret=\"ZwfgL5eDx5\" width=\"600\" height=\"338\" frameborder=\"0\" marginwidth=\"0\" marginheight=\"0\" scrolling=\"no\"><\/iframe>\n<\/div><\/figure>\n\n\n\n<p><strong>F.L.A. Fondazione\nLombardia per l&#8217;Ambiente<\/strong><\/p>\n\n\n\n<p><a href=\"https:\/\/flanet.org\/\">https:\/\/flanet.org\/<\/a><\/p>\n\n\n\n<p>Per saperne di pi\u00f9:<\/p>\n\n\n\n<p><a href=\"http:\/\/www.lacavecchia.it\">http:\/\/www.lacavecchia.it<\/a><\/p>\n\n\n\n<p>&nbsp;&nbsp;<a href=\"https:\/\/www.hotelitalia.pv.it\/\">https:\/\/www.hotelitalia.pv.it\/<\/a>   <\/p>\n\n\n\n<p>Ti \u00e8 piaciuto questo post sui miei amici? Blogger. Guide turistiche. Vignaioli. Allora leggi anche gli altri, li trovi qui:<\/p>\n\n\n\n<figure class=\"wp-block-embed is-type-wp-embed is-provider-gamberetta wp-block-embed-gamberetta is-provider-gamberetta-rossa\"><div class=\"wp-block-embed__wrapper\">\n<blockquote class=\"wp-embedded-content\" data-secret=\"XHFkG5XisL\"><a href=\"https:\/\/www.gamberetta.it\/it\/friends-amici\/\">Friends &#8211; Amici<\/a><\/blockquote><iframe loading=\"lazy\" class=\"wp-embedded-content\" sandbox=\"allow-scripts\" security=\"restricted\" style=\"position: absolute; visibility: hidden;\" title=\"&#8220;Friends &#8211; Amici&#8221; &#8212; Gamberetta\" src=\"https:\/\/www.gamberetta.it\/it\/friends-amici\/embed\/#?secret=3YYVfniiv7#?secret=XHFkG5XisL\" data-secret=\"XHFkG5XisL\" width=\"600\" height=\"338\" frameborder=\"0\" marginwidth=\"0\" marginheight=\"0\" scrolling=\"no\"><\/iframe>\n<\/div><\/figure>\n","protected":false},"excerpt":{"rendered":"<p>Ci ho provato tanto che finalmente \u00e8 arrivata un&#8217;intervista doppia: oggi vi mostro l&#8217;Oltrep\u00f2 Pavese attraverso le parole di due professionisti dell&#8217;ospitalit\u00e0. In questo angolo di Lombardia mi rendo conto che si nascondono ancora tanti luoghi da scoprire, dopo oltre dieci anni di frequentazioni da parte mia: temi da approfondire e persone da conoscere. Per &hellip; <a class=\"more-link\" href=\"https:\/\/www.gamberetta.it\/it\/2019\/09\/16\/in-viaggio-tra-pavia-e-stradella-ospitalita-in-oltrepo-pavese\/\">Leggi tutto<i class=\"ion-ios-arrow-thin-right\"><\/i><\/a><\/p>\n","protected":false},"author":2,"featured_media":38849,"comment_status":"open","ping_status":"closed","sticky":false,"template":"","format":"standard","meta":{"footnotes":""},"categories":[71,68,105,73,33,34],"tags":[],"class_list":["post-15211","post","type-post","status-publish","format-standard","has-post-thumbnail","hentry","category-baratto","category-food-wine","category-in-campagna","category-milano","category-travelling","category-viaggi-italia-europa"],"yoast_head":"<!-- This site is optimized with the Yoast SEO plugin v23.5 - https:\/\/yoast.com\/wordpress\/plugins\/seo\/ -->\n<title>IN VIAGGIO TRA PAVIA E STRADELLA: OSPITALIT\u00c0 IN OLTREP\u00d2 PAVESE - Gamberetta<\/title>\n<meta name=\"robots\" content=\"index, follow, max-snippet:-1, max-image-preview:large, max-video-preview:-1\" \/>\n<link rel=\"canonical\" href=\"https:\/\/www.gamberetta.it\/it\/2019\/09\/16\/in-viaggio-tra-pavia-e-stradella-ospitalita-in-oltrepo-pavese\/\" \/>\n<meta property=\"og:locale\" content=\"it_IT\" \/>\n<meta property=\"og:type\" content=\"article\" \/>\n<meta property=\"og:title\" content=\"IN VIAGGIO TRA PAVIA E STRADELLA: OSPITALIT\u00c0 IN OLTREP\u00d2 PAVESE - Gamberetta\" \/>\n<meta property=\"og:description\" content=\"Ci ho provato tanto che finalmente \u00e8 arrivata un&#8217;intervista doppia: oggi vi mostro l&#8217;Oltrep\u00f2 Pavese attraverso le parole di due professionisti dell&#8217;ospitalit\u00e0. In questo angolo di Lombardia mi rendo conto che si nascondono ancora tanti luoghi da scoprire, dopo oltre dieci anni di frequentazioni da parte mia: temi da approfondire e persone da conoscere. Per &hellip; Leggi tutto\" \/>\n<meta property=\"og:url\" content=\"https:\/\/www.gamberetta.it\/it\/2019\/09\/16\/in-viaggio-tra-pavia-e-stradella-ospitalita-in-oltrepo-pavese\/\" \/>\n<meta property=\"og:site_name\" content=\"Gamberetta\" \/>\n<meta property=\"article:publisher\" content=\"https:\/\/www.facebook.com\/Gamberettatravelblog\" \/>\n<meta property=\"article:published_time\" content=\"2019-09-16T08:53:20+00:00\" \/>\n<meta property=\"article:modified_time\" content=\"2025-01-07T18:40:03+00:00\" \/>\n<meta name=\"author\" content=\"gamberetta\" \/>\n<meta name=\"twitter:card\" content=\"summary_large_image\" \/>\n<meta name=\"twitter:creator\" content=\"@robertazennaro\" \/>\n<meta name=\"twitter:site\" content=\"@robertazennaro\" \/>\n<meta name=\"twitter:label1\" content=\"Scritto da\" \/>\n\t<meta name=\"twitter:data1\" content=\"gamberetta\" \/>\n\t<meta name=\"twitter:label2\" content=\"Tempo di lettura stimato\" \/>\n\t<meta name=\"twitter:data2\" content=\"10 minuti\" \/>\n<script type=\"application\/ld+json\" class=\"yoast-schema-graph\">{\"@context\":\"https:\/\/schema.org\",\"@graph\":[{\"@type\":\"WebPage\",\"@id\":\"https:\/\/www.gamberetta.it\/it\/2019\/09\/16\/in-viaggio-tra-pavia-e-stradella-ospitalita-in-oltrepo-pavese\/\",\"url\":\"https:\/\/www.gamberetta.it\/it\/2019\/09\/16\/in-viaggio-tra-pavia-e-stradella-ospitalita-in-oltrepo-pavese\/\",\"name\":\"IN VIAGGIO TRA PAVIA E STRADELLA: OSPITALIT\u00c0 IN OLTREP\u00d2 PAVESE - Gamberetta\",\"isPartOf\":{\"@id\":\"https:\/\/www.gamberetta.it\/it\/#website\"},\"primaryImageOfPage\":{\"@id\":\"https:\/\/www.gamberetta.it\/it\/2019\/09\/16\/in-viaggio-tra-pavia-e-stradella-ospitalita-in-oltrepo-pavese\/#primaryimage\"},\"image\":{\"@id\":\"https:\/\/www.gamberetta.it\/it\/2019\/09\/16\/in-viaggio-tra-pavia-e-stradella-ospitalita-in-oltrepo-pavese\/#primaryimage\"},\"thumbnailUrl\":\"\",\"datePublished\":\"2019-09-16T08:53:20+00:00\",\"dateModified\":\"2025-01-07T18:40:03+00:00\",\"author\":{\"@id\":\"https:\/\/www.gamberetta.it\/it\/#\/schema\/person\/7a4a919927c944edb5f3f9c665590124\"},\"breadcrumb\":{\"@id\":\"https:\/\/www.gamberetta.it\/it\/2019\/09\/16\/in-viaggio-tra-pavia-e-stradella-ospitalita-in-oltrepo-pavese\/#breadcrumb\"},\"inLanguage\":\"it-IT\",\"potentialAction\":[{\"@type\":\"ReadAction\",\"target\":[\"https:\/\/www.gamberetta.it\/it\/2019\/09\/16\/in-viaggio-tra-pavia-e-stradella-ospitalita-in-oltrepo-pavese\/\"]}]},{\"@type\":\"ImageObject\",\"inLanguage\":\"it-IT\",\"@id\":\"https:\/\/www.gamberetta.it\/it\/2019\/09\/16\/in-viaggio-tra-pavia-e-stradella-ospitalita-in-oltrepo-pavese\/#primaryimage\",\"url\":\"\",\"contentUrl\":\"\"},{\"@type\":\"BreadcrumbList\",\"@id\":\"https:\/\/www.gamberetta.it\/it\/2019\/09\/16\/in-viaggio-tra-pavia-e-stradella-ospitalita-in-oltrepo-pavese\/#breadcrumb\",\"itemListElement\":[{\"@type\":\"ListItem\",\"position\":1,\"name\":\"Home\",\"item\":\"https:\/\/www.gamberetta.it\/it\/\"},{\"@type\":\"ListItem\",\"position\":2,\"name\":\"IN VIAGGIO TRA PAVIA E STRADELLA: OSPITALIT\u00c0 IN OLTREP\u00d2 PAVESE\"}]},{\"@type\":\"WebSite\",\"@id\":\"https:\/\/www.gamberetta.it\/it\/#website\",\"url\":\"https:\/\/www.gamberetta.it\/it\/\",\"name\":\"Gamberetta\",\"description\":\"Il mio blog senza fronzoli: pensieri e parole, sempre e ovunque in viaggio\",\"potentialAction\":[{\"@type\":\"SearchAction\",\"target\":{\"@type\":\"EntryPoint\",\"urlTemplate\":\"https:\/\/www.gamberetta.it\/it\/?s={search_term_string}\"},\"query-input\":{\"@type\":\"PropertyValueSpecification\",\"valueRequired\":true,\"valueName\":\"search_term_string\"}}],\"inLanguage\":\"it-IT\"},{\"@type\":\"Person\",\"@id\":\"https:\/\/www.gamberetta.it\/it\/#\/schema\/person\/7a4a919927c944edb5f3f9c665590124\",\"name\":\"gamberetta\",\"image\":{\"@type\":\"ImageObject\",\"inLanguage\":\"it-IT\",\"@id\":\"https:\/\/www.gamberetta.it\/it\/#\/schema\/person\/image\/\",\"url\":\"https:\/\/secure.gravatar.com\/avatar\/7ef5d82656b8958070b4f589b7ae1784?s=96&d=mm&r=g\",\"contentUrl\":\"https:\/\/secure.gravatar.com\/avatar\/7ef5d82656b8958070b4f589b7ae1784?s=96&d=mm&r=g\",\"caption\":\"gamberetta\"},\"description\":\"Sono Toro ascendente Scorpione, terra di contrasti dove ora prevale una met\u00e0, ora l\u2019altra. L\u2019infanzia in Veneto e gli ultimi anni passati a Milano hanno sviluppato in me una serie ulteriore di conflitti. Scrivo da sempre, la scrittura \u00e8 la migliore forma espressiva che mi consente di fissare concetti altrimenti sospesi nell\u2019aria. Da bambina scrivevo poesie con uno stile quasi leopardiano poi sono passata ai diari di viaggio dalla prima volta in USA nel 1998 e non ho pi\u00f9 smesso...\",\"url\":\"https:\/\/www.gamberetta.it\/it\/author\/gamberettarossa\/\"}]}<\/script>\n<!-- \/ Yoast SEO plugin. -->","yoast_head_json":{"title":"IN VIAGGIO TRA PAVIA E STRADELLA: OSPITALIT\u00c0 IN OLTREP\u00d2 PAVESE - Gamberetta","robots":{"index":"index","follow":"follow","max-snippet":"max-snippet:-1","max-image-preview":"max-image-preview:large","max-video-preview":"max-video-preview:-1"},"canonical":"https:\/\/www.gamberetta.it\/it\/2019\/09\/16\/in-viaggio-tra-pavia-e-stradella-ospitalita-in-oltrepo-pavese\/","og_locale":"it_IT","og_type":"article","og_title":"IN VIAGGIO TRA PAVIA E STRADELLA: OSPITALIT\u00c0 IN OLTREP\u00d2 PAVESE - Gamberetta","og_description":"Ci ho provato tanto che finalmente \u00e8 arrivata un&#8217;intervista doppia: oggi vi mostro l&#8217;Oltrep\u00f2 Pavese attraverso le parole di due professionisti dell&#8217;ospitalit\u00e0. In questo angolo di Lombardia mi rendo conto che si nascondono ancora tanti luoghi da scoprire, dopo oltre dieci anni di frequentazioni da parte mia: temi da approfondire e persone da conoscere. Per &hellip; Leggi tutto","og_url":"https:\/\/www.gamberetta.it\/it\/2019\/09\/16\/in-viaggio-tra-pavia-e-stradella-ospitalita-in-oltrepo-pavese\/","og_site_name":"Gamberetta","article_publisher":"https:\/\/www.facebook.com\/Gamberettatravelblog","article_published_time":"2019-09-16T08:53:20+00:00","article_modified_time":"2025-01-07T18:40:03+00:00","author":"gamberetta","twitter_card":"summary_large_image","twitter_creator":"@robertazennaro","twitter_site":"@robertazennaro","twitter_misc":{"Scritto da":"gamberetta","Tempo di lettura stimato":"10 minuti"},"schema":{"@context":"https:\/\/schema.org","@graph":[{"@type":"WebPage","@id":"https:\/\/www.gamberetta.it\/it\/2019\/09\/16\/in-viaggio-tra-pavia-e-stradella-ospitalita-in-oltrepo-pavese\/","url":"https:\/\/www.gamberetta.it\/it\/2019\/09\/16\/in-viaggio-tra-pavia-e-stradella-ospitalita-in-oltrepo-pavese\/","name":"IN VIAGGIO TRA PAVIA E STRADELLA: OSPITALIT\u00c0 IN OLTREP\u00d2 PAVESE - Gamberetta","isPartOf":{"@id":"https:\/\/www.gamberetta.it\/it\/#website"},"primaryImageOfPage":{"@id":"https:\/\/www.gamberetta.it\/it\/2019\/09\/16\/in-viaggio-tra-pavia-e-stradella-ospitalita-in-oltrepo-pavese\/#primaryimage"},"image":{"@id":"https:\/\/www.gamberetta.it\/it\/2019\/09\/16\/in-viaggio-tra-pavia-e-stradella-ospitalita-in-oltrepo-pavese\/#primaryimage"},"thumbnailUrl":"","datePublished":"2019-09-16T08:53:20+00:00","dateModified":"2025-01-07T18:40:03+00:00","author":{"@id":"https:\/\/www.gamberetta.it\/it\/#\/schema\/person\/7a4a919927c944edb5f3f9c665590124"},"breadcrumb":{"@id":"https:\/\/www.gamberetta.it\/it\/2019\/09\/16\/in-viaggio-tra-pavia-e-stradella-ospitalita-in-oltrepo-pavese\/#breadcrumb"},"inLanguage":"it-IT","potentialAction":[{"@type":"ReadAction","target":["https:\/\/www.gamberetta.it\/it\/2019\/09\/16\/in-viaggio-tra-pavia-e-stradella-ospitalita-in-oltrepo-pavese\/"]}]},{"@type":"ImageObject","inLanguage":"it-IT","@id":"https:\/\/www.gamberetta.it\/it\/2019\/09\/16\/in-viaggio-tra-pavia-e-stradella-ospitalita-in-oltrepo-pavese\/#primaryimage","url":"","contentUrl":""},{"@type":"BreadcrumbList","@id":"https:\/\/www.gamberetta.it\/it\/2019\/09\/16\/in-viaggio-tra-pavia-e-stradella-ospitalita-in-oltrepo-pavese\/#breadcrumb","itemListElement":[{"@type":"ListItem","position":1,"name":"Home","item":"https:\/\/www.gamberetta.it\/it\/"},{"@type":"ListItem","position":2,"name":"IN VIAGGIO TRA PAVIA E STRADELLA: OSPITALIT\u00c0 IN OLTREP\u00d2 PAVESE"}]},{"@type":"WebSite","@id":"https:\/\/www.gamberetta.it\/it\/#website","url":"https:\/\/www.gamberetta.it\/it\/","name":"Gamberetta","description":"Il mio blog senza fronzoli: pensieri e parole, sempre e ovunque in viaggio","potentialAction":[{"@type":"SearchAction","target":{"@type":"EntryPoint","urlTemplate":"https:\/\/www.gamberetta.it\/it\/?s={search_term_string}"},"query-input":{"@type":"PropertyValueSpecification","valueRequired":true,"valueName":"search_term_string"}}],"inLanguage":"it-IT"},{"@type":"Person","@id":"https:\/\/www.gamberetta.it\/it\/#\/schema\/person\/7a4a919927c944edb5f3f9c665590124","name":"gamberetta","image":{"@type":"ImageObject","inLanguage":"it-IT","@id":"https:\/\/www.gamberetta.it\/it\/#\/schema\/person\/image\/","url":"https:\/\/secure.gravatar.com\/avatar\/7ef5d82656b8958070b4f589b7ae1784?s=96&d=mm&r=g","contentUrl":"https:\/\/secure.gravatar.com\/avatar\/7ef5d82656b8958070b4f589b7ae1784?s=96&d=mm&r=g","caption":"gamberetta"},"description":"Sono Toro ascendente Scorpione, terra di contrasti dove ora prevale una met\u00e0, ora l\u2019altra. L\u2019infanzia in Veneto e gli ultimi anni passati a Milano hanno sviluppato in me una serie ulteriore di conflitti. Scrivo da sempre, la scrittura \u00e8 la migliore forma espressiva che mi consente di fissare concetti altrimenti sospesi nell\u2019aria. Da bambina scrivevo poesie con uno stile quasi leopardiano poi sono passata ai diari di viaggio dalla prima volta in USA nel 1998 e non ho pi\u00f9 smesso...","url":"https:\/\/www.gamberetta.it\/it\/author\/gamberettarossa\/"}]}},"_links":{"self":[{"href":"https:\/\/www.gamberetta.it\/it\/wp-json\/wp\/v2\/posts\/15211"}],"collection":[{"href":"https:\/\/www.gamberetta.it\/it\/wp-json\/wp\/v2\/posts"}],"about":[{"href":"https:\/\/www.gamberetta.it\/it\/wp-json\/wp\/v2\/types\/post"}],"author":[{"embeddable":true,"href":"https:\/\/www.gamberetta.it\/it\/wp-json\/wp\/v2\/users\/2"}],"replies":[{"embeddable":true,"href":"https:\/\/www.gamberetta.it\/it\/wp-json\/wp\/v2\/comments?post=15211"}],"version-history":[{"count":6,"href":"https:\/\/www.gamberetta.it\/it\/wp-json\/wp\/v2\/posts\/15211\/revisions"}],"predecessor-version":[{"id":38846,"href":"https:\/\/www.gamberetta.it\/it\/wp-json\/wp\/v2\/posts\/15211\/revisions\/38846"}],"wp:featuredmedia":[{"embeddable":true,"href":"https:\/\/www.gamberetta.it\/it\/wp-json\/wp\/v2\/media\/38849"}],"wp:attachment":[{"href":"https:\/\/www.gamberetta.it\/it\/wp-json\/wp\/v2\/media?parent=15211"}],"wp:term":[{"taxonomy":"category","embeddable":true,"href":"https:\/\/www.gamberetta.it\/it\/wp-json\/wp\/v2\/categories?post=15211"},{"taxonomy":"post_tag","embeddable":true,"href":"https:\/\/www.gamberetta.it\/it\/wp-json\/wp\/v2\/tags?post=15211"}],"curies":[{"name":"wp","href":"https:\/\/api.w.org\/{rel}","templated":true}]}}