{"id":15435,"date":"2019-10-29T09:53:54","date_gmt":"2019-10-29T08:53:54","guid":{"rendered":"https:\/\/www.gamberetta.it\/it\/?p=15435"},"modified":"2026-01-20T17:45:28","modified_gmt":"2026-01-20T16:45:28","slug":"in-viaggio-con-la-guida-escursionistica-sulla-via-degli-dei-con-stefano-fazzioli","status":"publish","type":"post","link":"https:\/\/www.gamberetta.it\/it\/2019\/10\/29\/in-viaggio-con-la-guida-escursionistica-sulla-via-degli-dei-con-stefano-fazzioli\/","title":{"rendered":"IN CAMMINO CON LA GUIDA ESCURSIONISTICA: SULLA VIA DEGLI DEI CON STEFANO FAZZIOLI"},"content":{"rendered":"\n<p>Stefano \u00e8 stata la nostra guida un mese fa sulla <strong>Via degli Dei<\/strong>, il percorso escursionistico che abbiamo fatto assieme ad altri camminatori da Bologna a Madonna di Fornelli per assaggiare l&#8217;appennino bolognese. Un cammino parziale che mi ha lasciato la voglia di tornare per salire al Passo della Futa e poi gi\u00f9 a sud, fino a Firenze. Me ne mancano due terzi. <strong>Appennino Slow<\/strong> \u00e8 l&#8217;organizzazione che in quei giorni ha ideato l&#8217;evento <strong>Dei Suoni i Passi<\/strong>, il trekking musicale che ho raccontato in <a href=\"https:\/\/www.gamberetta.it\/it\/2019\/09\/12\/sulla-via-degli-dei-con-appennino-slow\/\">questo post<\/a>. <\/p>\n\n\n\n<figure class=\"wp-block-image\"><img loading=\"lazy\" decoding=\"async\" width=\"768\" height=\"1024\" src=\"https:\/\/www.gamberetta.it\/wp-content\/uploads\/2019\/09\/IMG_20190907_132850-768x1024.jpg\" alt=\"\" class=\"wp-image-15149\" srcset=\"https:\/\/www.gamberetta.it\/wp-content\/uploads\/2019\/09\/IMG_20190907_132850-768x1024.jpg 768w, https:\/\/www.gamberetta.it\/wp-content\/uploads\/2019\/09\/IMG_20190907_132850-225x300.jpg 225w, https:\/\/www.gamberetta.it\/wp-content\/uploads\/2019\/09\/IMG_20190907_132850-600x800.jpg 600w, https:\/\/www.gamberetta.it\/wp-content\/uploads\/2019\/09\/IMG_20190907_132850.jpg 900w\" sizes=\"(max-width: 768px) 100vw, 768px\" \/><\/figure>\n\n\n\n<p>Alla fine di un tour io saluto sempre le guide che mi portano in giro a scoprire il loro territorio, sia esso un patrimonio storico \u2013 artistico sia un paesaggio naturale. E le ringrazio perch\u00e9 sono gli \u201cangeli custodi\u201d che mi fanno sorridere e diventare pi\u00f9 ricca. Sono sorridente soprattutto all&#8217;arrivo, e sono ricca per la mia nuova conquista anche se mi stanco in cammino, sulle salite che tolgono il fiato e sulle discese che spezzano le gambe. Fare la guida escursionistica implica assieme alla conoscenza del proprio territorio altre doti, come la capacit\u00e0 di tenere insieme persone che camminano col loro passo pi\u00f9 o meno veloce, e naturalmente la necessit\u00e0 di muoversi in sicurezza. Il valore aggiunto di guide come Stefano \u00e8 molteplice: parla della sua terra in modo appassionato e non mancano gli aneddoti sulla sua famiglia, le figlie, il cane. Abita qui, respira quest&#8217;aria ogni giorno. E non rimpiange la citt\u00e0 di Bologna. <\/p>\n\n\n\n<figure class=\"wp-block-image\"><img loading=\"lazy\" decoding=\"async\" width=\"768\" height=\"1024\" src=\"https:\/\/www.gamberetta.it\/wp-content\/uploads\/2019\/09\/IMG_20190906_111601-768x1024.jpg\" alt=\"\" class=\"wp-image-15159\" srcset=\"https:\/\/www.gamberetta.it\/wp-content\/uploads\/2019\/09\/IMG_20190906_111601-768x1024.jpg 768w, https:\/\/www.gamberetta.it\/wp-content\/uploads\/2019\/09\/IMG_20190906_111601-225x300.jpg 225w, https:\/\/www.gamberetta.it\/wp-content\/uploads\/2019\/09\/IMG_20190906_111601-600x800.jpg 600w, https:\/\/www.gamberetta.it\/wp-content\/uploads\/2019\/09\/IMG_20190906_111601.jpg 900w\" sizes=\"(max-width: 768px) 100vw, 768px\" \/><\/figure>\n\n\n\n<p>Mi chiede come io abbia potuto apprezzare un cammino a tratti scivoloso e il tempo instabile. Ma io mi sento fortunata, perch\u00e9 in tre giorni il meteo \u00e8 stato variabile, marzolino pi\u00f9 che settembrino, passando dal fosco e grigio al limpido soleggiato, fino alla pioggia autunnale che mi ha tolto l&#8217;emozione della tappa domenicale, con arrivo al Passo della Futa.<\/p>\n\n\n\n<figure class=\"wp-block-image\"><img loading=\"lazy\" decoding=\"async\" width=\"1024\" height=\"768\" src=\"https:\/\/www.gamberetta.it\/wp-content\/uploads\/2019\/10\/IMG_20190906_150148-1024x768.jpg\" alt=\"\" class=\"wp-image-15436\" srcset=\"https:\/\/www.gamberetta.it\/wp-content\/uploads\/2019\/10\/IMG_20190906_150148-1024x768.jpg 1024w, https:\/\/www.gamberetta.it\/wp-content\/uploads\/2019\/10\/IMG_20190906_150148-300x225.jpg 300w, https:\/\/www.gamberetta.it\/wp-content\/uploads\/2019\/10\/IMG_20190906_150148-768x576.jpg 768w, https:\/\/www.gamberetta.it\/wp-content\/uploads\/2019\/10\/IMG_20190906_150148-1000x750.jpg 1000w, https:\/\/www.gamberetta.it\/wp-content\/uploads\/2019\/10\/IMG_20190906_150148-570x428.jpg 570w, https:\/\/www.gamberetta.it\/wp-content\/uploads\/2019\/10\/IMG_20190906_150148-330x248.jpg 330w, https:\/\/www.gamberetta.it\/wp-content\/uploads\/2019\/10\/IMG_20190906_150148.jpg 1200w\" sizes=\"(max-width: 1024px) 100vw, 1024px\" \/><\/figure>\n\n\n\n<p>Stefano \u00e8 guida\nprofessionista ambientale ed escursionistica. In cammino ci fa vedere le piante\ne toccare la terra che calpestiamo. Pi\u00f9 lontano ci mostra l&#8217;orizzonte\nfrastagliato dei monti e ondulato delle colline, una linea dove le cime\nappenniniche svettano sui boschi e i paesi punteggiano il paesaggio. Qui dove\nmilioni di anni fa c&#8217;era il mare e, dopo l&#8217;ultima glaciazione, la terra si \u00e8\nsollevata ma non come hanno fatto le Alpi, lasciandoci sabbie e argille ricche\ndi fossili. Qui dove si respira la storia millenaria dei popoli di passaggio, a\npartire da etruschi e romani. La catena montuosa, l&#8217;Appennino, unisce le\npersone in cammino, oggi come ieri. L&#8217;ho sperimentato sulla mia pelle, la Via\ndegli Dei porta a una condivisione profonda che nel nostro caso \u00e8 iniziata a\npasso silenzioso ed \u00e8 finita di sera, attorno a un tavolo, fra brindisi e\nracconti. <\/p>\n\n\n\n<p>Stefano ha scritto \u201cla\nguida ufficiale\u201d della Via degli Dei, dove non manca di raccontare il suo\nprogressivo innamoramento per questo trekking, iniziato da solo con lo zaino in\nspalla. Adesso me la studio per arrivare preparata alle prossime tappe del\ncammino. E ora gli cedo la parola.<\/p>\n\n\n\n<h2 class=\"wp-block-heading\"><span style=\"text-decoration: underline\">1&nbsp; Da dove vengono gli ospiti in visita? Sono pi\u00f9 italiani o stranieri?<\/span><\/h2>\n\n\n\n<p>Al momento sono pi\u00f9 gli\nitaliani, ma anche gli stranieri sono tanti. <strong>Pensa che negli anni \u201880 e \u201890\ngli stranieri conoscevano il percorso e gli italiani no<\/strong>, probabilmente\nperch\u00e9 la cultura del cammino da noi \u00e8 arrivata molto pi\u00f9 tardi, diciamo con la\ncrisi economica di 10 anni fa.<\/p>\n\n\n\n<h2 class=\"wp-block-heading\"><span style=\"text-decoration: underline\">2&nbsp; Sono pi\u00f9 facili da gestire gli ospiti informati? O \u00e8 meglio prendere per mano persone che arrivano e sanno poco del luogo in cui si trovano?<\/span><\/h2>\n\n\n\n<p>Chi \u00e8 informato o che\nspesso crede di esserlo va da solo. Con la guida vengono persone che\ngeneralmente non hanno esperienza di cammino e sono coscienti e consapevoli dei\nrischi delle escursioni in montagna. <\/p>\n\n\n\n<p>Se vuoi per\u00f2 conoscere almeno un poco i territori che si attraversano farlo con una guida \u00e8 un\u2019ottima idea, la guida dovrebbe fare proprio questo. Certo \u00e8 che una guida, quando vive e conosce profondamente i territori, pu\u00f2 fare entrare chi \u00e8 interessato in empatia con i luoghi. Se devo essere sincero oggi sono pochi quelli che sono interessati a conoscere un territorio, <strong>il camminare sta diventando sempre pi\u00f9 una disciplina sportiva<\/strong>.<\/p>\n\n\n\n<figure class=\"wp-block-image\"><img loading=\"lazy\" decoding=\"async\" width=\"1024\" height=\"768\" src=\"https:\/\/www.gamberetta.it\/wp-content\/uploads\/2019\/10\/IMG_20190907_110229-1024x768.jpg\" alt=\"\" class=\"wp-image-15437\" srcset=\"https:\/\/www.gamberetta.it\/wp-content\/uploads\/2019\/10\/IMG_20190907_110229-1024x768.jpg 1024w, https:\/\/www.gamberetta.it\/wp-content\/uploads\/2019\/10\/IMG_20190907_110229-300x225.jpg 300w, https:\/\/www.gamberetta.it\/wp-content\/uploads\/2019\/10\/IMG_20190907_110229-768x576.jpg 768w, https:\/\/www.gamberetta.it\/wp-content\/uploads\/2019\/10\/IMG_20190907_110229-1000x750.jpg 1000w, https:\/\/www.gamberetta.it\/wp-content\/uploads\/2019\/10\/IMG_20190907_110229-570x428.jpg 570w, https:\/\/www.gamberetta.it\/wp-content\/uploads\/2019\/10\/IMG_20190907_110229-330x248.jpg 330w, https:\/\/www.gamberetta.it\/wp-content\/uploads\/2019\/10\/IMG_20190907_110229.jpg 1200w\" sizes=\"(max-width: 1024px) 100vw, 1024px\" \/><\/figure>\n\n\n\n<h2 class=\"wp-block-heading\"><span style=\"text-decoration: underline\">3&nbsp; Ci sono due \u2013 tre aneddoti successi durante un trekking che avete voglia di raccontare?<\/span><\/h2>\n\n\n\n<p>Non saprei&#8230; mi vengono in\nmente camminando.<\/p>\n\n\n\n<h2 class=\"wp-block-heading\"><span style=\"text-decoration: underline\">4&nbsp; E un&#8217;esperienza invece da dimenticare?<\/span><\/h2>\n\n\n\n<p>Da dimenticare sono certi gruppi che si coalizzano contro la guida, per quale ragione non so. Mi dispiace dirlo ma mi \u00e8 successo quando c\u2019erano troppe femmine, nei gruppi quasi totalmente in rosa.<\/p>\n\n\n\n<figure class=\"wp-block-image\"><img loading=\"lazy\" decoding=\"async\" width=\"1024\" height=\"768\" src=\"https:\/\/www.gamberetta.it\/wp-content\/uploads\/2019\/10\/IMG_20190907_142646-1024x768.jpg\" alt=\"\" class=\"wp-image-15438\" srcset=\"https:\/\/www.gamberetta.it\/wp-content\/uploads\/2019\/10\/IMG_20190907_142646-1024x768.jpg 1024w, https:\/\/www.gamberetta.it\/wp-content\/uploads\/2019\/10\/IMG_20190907_142646-300x225.jpg 300w, https:\/\/www.gamberetta.it\/wp-content\/uploads\/2019\/10\/IMG_20190907_142646-768x576.jpg 768w, https:\/\/www.gamberetta.it\/wp-content\/uploads\/2019\/10\/IMG_20190907_142646-1000x750.jpg 1000w, https:\/\/www.gamberetta.it\/wp-content\/uploads\/2019\/10\/IMG_20190907_142646-570x428.jpg 570w, https:\/\/www.gamberetta.it\/wp-content\/uploads\/2019\/10\/IMG_20190907_142646-330x248.jpg 330w, https:\/\/www.gamberetta.it\/wp-content\/uploads\/2019\/10\/IMG_20190907_142646.jpg 1200w\" sizes=\"(max-width: 1024px) 100vw, 1024px\" \/><\/figure>\n\n\n\n<h2 class=\"wp-block-heading\"><span style=\"text-decoration: underline\">5&nbsp; Quali sono le domande o gli atteggiamenti degli ospiti in visita che possono \u201cmettere in crisi\u201d o imbarazzare una guida, anche con esperienza?<\/span><\/h2>\n\n\n\n<p>Direi nessuna quando una\nguida \u00e8 una GUIDA. L\u2019esperienza, la preparazione e la determinazione e a volte\nun tocco di leadership fanno in modo che non mi sia mai messo in crisi per\nnessuna ragione, anche se questo a volte e soprattutto a prima vista io possa\nrisultare antipatico. D\u2019altra parte la responsabilit\u00e0 che abbiamo obbliga a\ncerti comportamenti. Questo dovrebbe valere per tutte le guide, ma non \u00e8 sempre\ncos\u00ec.<\/p>\n\n\n\n<h2 class=\"wp-block-heading\"><span style=\"text-decoration: underline\">6&nbsp; Esistono o avete verificato alcuni stereotipi sulle caratteristiche dei turisti a seconda della loro provenienza?<\/span><\/h2>\n\n\n\n<p>Direi di no.<\/p>\n\n\n\n<figure class=\"wp-block-image\"><img loading=\"lazy\" decoding=\"async\" width=\"768\" height=\"1024\" src=\"https:\/\/www.gamberetta.it\/wp-content\/uploads\/2019\/10\/IMG_20190907_153056-768x1024.jpg\" alt=\"\" class=\"wp-image-15439\" srcset=\"https:\/\/www.gamberetta.it\/wp-content\/uploads\/2019\/10\/IMG_20190907_153056-768x1024.jpg 768w, https:\/\/www.gamberetta.it\/wp-content\/uploads\/2019\/10\/IMG_20190907_153056-225x300.jpg 225w, https:\/\/www.gamberetta.it\/wp-content\/uploads\/2019\/10\/IMG_20190907_153056-60x80.jpg 60w, https:\/\/www.gamberetta.it\/wp-content\/uploads\/2019\/10\/IMG_20190907_153056-600x800.jpg 600w, https:\/\/www.gamberetta.it\/wp-content\/uploads\/2019\/10\/IMG_20190907_153056.jpg 900w\" sizes=\"(max-width: 768px) 100vw, 768px\" \/><\/figure>\n\n\n\n<h2 class=\"wp-block-heading\"><span style=\"text-decoration: underline\">7&nbsp; Come si conciliano gli aspetti tecnici di una cammino e quelli pi\u00f9 leggeri? Se un ospite ha fretta lo assecondate o cercate di trattenerlo?<\/span><\/h2>\n\n\n\n<p>Chi viene con una guida fa\nla scelta di andare in gruppo, e se non ne \u00e8 consapevole lo diventa man mano, <strong>la\nvelocit\u00e0 di cammino dipende sempre dal pi\u00f9 lento<\/strong>. Quando i clienti sono\nsingoli o gruppi di 2\/3 allora li assecondo.<\/p>\n\n\n\n<h2 class=\"wp-block-heading\"><span style=\"text-decoration: underline\">8&nbsp; Cosa fa di un ospite una persona speciale, di quelle che a fine servizio vi fa voglia di starci insieme pi\u00f9 tempo?<\/span><\/h2>\n\n\n\n<p>L\u2019empatia, quando partecipa e vive al 100% il percorso. Quando alla fine piange, si commuove, quando \u00e8 stravolto dalla stanchezza, quando fa di tutto per arrivare in fondo, quando vuole conoscere, quando vuole superare con la tua guida e supporto un proprio limite.<\/p>\n\n\n\n<h2 class=\"wp-block-heading\"><span style=\"text-decoration: underline\">9&nbsp; Si pu\u00f2 diventare amici degli ospiti in visita? Pu\u00f2 succedere di mantenersi in contatto anche dopo?<\/span><\/h2>\n\n\n\n<p>Si \u00e8 successo molte volte,\nho avuto gruppi veramente speciali, alcuni dopo anni si vedono ancora.<\/p>\n\n\n\n<h2 class=\"wp-block-heading\"><span style=\"text-decoration: underline\">10&nbsp; Consigliereste a un giovane di studiare per diventare guida escursionistica? SI \u2013 NO \u2013 Perch\u00e9?<\/span><\/h2>\n\n\n\n<p>Su questo ci scrivo un\nlibro e poi te lo faccio leggere&#8230;. visto che \u00e8 un argomento che ti interessa\ndirettamente magari ne parliamo, \u00e8 una risposta molto articolata.<\/p>\n\n\n\n<p><\/p>\n\n\n\n<p>Ti \u00e8 piaciuto questo post sui miei amici? Blogger. Guide turistiche. Vignaioli. Allora leggi anche gli altri, li trovi qui:<\/p>\n\n\n\n<figure class=\"wp-block-embed is-type-wp-embed is-provider-gamberetta wp-block-embed-gamberetta is-provider-gamberetta-rossa\"><div class=\"wp-block-embed__wrapper\">\n<blockquote class=\"wp-embedded-content\" data-secret=\"AJXmjJjOg4\"><a href=\"https:\/\/www.gamberetta.it\/it\/friends-amici\/\">Friends &#8211; Amici<\/a><\/blockquote><iframe loading=\"lazy\" class=\"wp-embedded-content\" sandbox=\"allow-scripts\" security=\"restricted\" style=\"position: absolute; clip: rect(1px, 1px, 1px, 1px);\" title=\"&#8220;Friends &#8211; Amici&#8221; &#8212; Gamberetta\" src=\"https:\/\/www.gamberetta.it\/it\/friends-amici\/embed\/#?secret=AJXmjJjOg4\" data-secret=\"AJXmjJjOg4\" width=\"600\" height=\"338\" frameborder=\"0\" marginwidth=\"0\" marginheight=\"0\" scrolling=\"no\"><\/iframe>\n<\/div><\/figure>\n\n\n\n<p><\/p>\n","protected":false},"excerpt":{"rendered":"<p>Stefano \u00e8 stata la nostra guida un mese fa sulla Via degli Dei, il percorso escursionistico che abbiamo fatto assieme ad altri camminatori da Bologna a Madonna di Fornelli per assaggiare l&#8217;appennino bolognese. Un cammino parziale che mi ha lasciato la voglia di tornare per salire al Passo della Futa e poi gi\u00f9 a sud, &hellip; <a class=\"more-link\" href=\"https:\/\/www.gamberetta.it\/it\/2019\/10\/29\/in-viaggio-con-la-guida-escursionistica-sulla-via-degli-dei-con-stefano-fazzioli\/\">Leggi tutto<i class=\"ion-ios-arrow-thin-right\"><\/i><\/a><\/p>\n","protected":false},"author":2,"featured_media":40463,"comment_status":"open","ping_status":"closed","sticky":false,"template":"","format":"standard","meta":{"footnotes":""},"categories":[26,105,69,34],"tags":[2782,2784,2783,2780],"class_list":["post-15435","post","type-post","status-publish","format-standard","has-post-thumbnail","hentry","category-friends","category-in-campagna","category-trains","category-viaggi-italia-europa","tag-appennino-slow-via-degli-dei","tag-dei-suoni-i-passi-sulla-via-degli-dei","tag-stefano-fazzioli-guida-escursionistica","tag-via-degli-dei-bologna-firenze"],"yoast_head":"<!-- This site is optimized with the Yoast SEO plugin v23.5 - https:\/\/yoast.com\/wordpress\/plugins\/seo\/ -->\n<title>IN CAMMINO CON LA GUIDA ESCURSIONISTICA: SULLA VIA DEGLI DEI CON STEFANO FAZZIOLI - Gamberetta<\/title>\n<meta name=\"robots\" content=\"index, follow, max-snippet:-1, max-image-preview:large, max-video-preview:-1\" \/>\n<link rel=\"canonical\" href=\"https:\/\/www.gamberetta.it\/it\/2019\/10\/29\/in-viaggio-con-la-guida-escursionistica-sulla-via-degli-dei-con-stefano-fazzioli\/\" \/>\n<meta property=\"og:locale\" content=\"it_IT\" \/>\n<meta property=\"og:type\" content=\"article\" \/>\n<meta property=\"og:title\" content=\"IN CAMMINO CON LA GUIDA ESCURSIONISTICA: SULLA VIA DEGLI DEI CON STEFANO FAZZIOLI - Gamberetta\" \/>\n<meta property=\"og:description\" content=\"Stefano \u00e8 stata la nostra guida un mese fa sulla Via degli Dei, il percorso escursionistico che abbiamo fatto assieme ad altri camminatori da Bologna a Madonna di Fornelli per assaggiare l&#8217;appennino bolognese. Un cammino parziale che mi ha lasciato la voglia di tornare per salire al Passo della Futa e poi gi\u00f9 a sud, &hellip; Leggi tutto\" \/>\n<meta property=\"og:url\" content=\"https:\/\/www.gamberetta.it\/it\/2019\/10\/29\/in-viaggio-con-la-guida-escursionistica-sulla-via-degli-dei-con-stefano-fazzioli\/\" \/>\n<meta property=\"og:site_name\" content=\"Gamberetta\" \/>\n<meta property=\"article:publisher\" content=\"https:\/\/www.facebook.com\/Gamberettatravelblog\" \/>\n<meta property=\"article:published_time\" content=\"2019-10-29T08:53:54+00:00\" \/>\n<meta property=\"article:modified_time\" content=\"2026-01-20T16:45:28+00:00\" \/>\n<meta name=\"author\" content=\"gamberetta\" \/>\n<meta name=\"twitter:card\" content=\"summary_large_image\" \/>\n<meta name=\"twitter:creator\" content=\"@robertazennaro\" \/>\n<meta name=\"twitter:site\" content=\"@robertazennaro\" \/>\n<meta name=\"twitter:label1\" content=\"Scritto da\" \/>\n\t<meta name=\"twitter:data1\" content=\"gamberetta\" \/>\n\t<meta name=\"twitter:label2\" content=\"Tempo di lettura stimato\" \/>\n\t<meta name=\"twitter:data2\" content=\"8 minuti\" \/>\n<script type=\"application\/ld+json\" class=\"yoast-schema-graph\">{\"@context\":\"https:\/\/schema.org\",\"@graph\":[{\"@type\":\"WebPage\",\"@id\":\"https:\/\/www.gamberetta.it\/it\/2019\/10\/29\/in-viaggio-con-la-guida-escursionistica-sulla-via-degli-dei-con-stefano-fazzioli\/\",\"url\":\"https:\/\/www.gamberetta.it\/it\/2019\/10\/29\/in-viaggio-con-la-guida-escursionistica-sulla-via-degli-dei-con-stefano-fazzioli\/\",\"name\":\"IN CAMMINO CON LA GUIDA ESCURSIONISTICA: SULLA VIA DEGLI DEI CON STEFANO FAZZIOLI - Gamberetta\",\"isPartOf\":{\"@id\":\"https:\/\/www.gamberetta.it\/it\/#website\"},\"primaryImageOfPage\":{\"@id\":\"https:\/\/www.gamberetta.it\/it\/2019\/10\/29\/in-viaggio-con-la-guida-escursionistica-sulla-via-degli-dei-con-stefano-fazzioli\/#primaryimage\"},\"image\":{\"@id\":\"https:\/\/www.gamberetta.it\/it\/2019\/10\/29\/in-viaggio-con-la-guida-escursionistica-sulla-via-degli-dei-con-stefano-fazzioli\/#primaryimage\"},\"thumbnailUrl\":\"\",\"datePublished\":\"2019-10-29T08:53:54+00:00\",\"dateModified\":\"2026-01-20T16:45:28+00:00\",\"author\":{\"@id\":\"https:\/\/www.gamberetta.it\/it\/#\/schema\/person\/7a4a919927c944edb5f3f9c665590124\"},\"breadcrumb\":{\"@id\":\"https:\/\/www.gamberetta.it\/it\/2019\/10\/29\/in-viaggio-con-la-guida-escursionistica-sulla-via-degli-dei-con-stefano-fazzioli\/#breadcrumb\"},\"inLanguage\":\"it-IT\",\"potentialAction\":[{\"@type\":\"ReadAction\",\"target\":[\"https:\/\/www.gamberetta.it\/it\/2019\/10\/29\/in-viaggio-con-la-guida-escursionistica-sulla-via-degli-dei-con-stefano-fazzioli\/\"]}]},{\"@type\":\"ImageObject\",\"inLanguage\":\"it-IT\",\"@id\":\"https:\/\/www.gamberetta.it\/it\/2019\/10\/29\/in-viaggio-con-la-guida-escursionistica-sulla-via-degli-dei-con-stefano-fazzioli\/#primaryimage\",\"url\":\"\",\"contentUrl\":\"\"},{\"@type\":\"BreadcrumbList\",\"@id\":\"https:\/\/www.gamberetta.it\/it\/2019\/10\/29\/in-viaggio-con-la-guida-escursionistica-sulla-via-degli-dei-con-stefano-fazzioli\/#breadcrumb\",\"itemListElement\":[{\"@type\":\"ListItem\",\"position\":1,\"name\":\"Home\",\"item\":\"https:\/\/www.gamberetta.it\/it\/\"},{\"@type\":\"ListItem\",\"position\":2,\"name\":\"IN CAMMINO CON LA GUIDA ESCURSIONISTICA: SULLA VIA DEGLI DEI CON STEFANO FAZZIOLI\"}]},{\"@type\":\"WebSite\",\"@id\":\"https:\/\/www.gamberetta.it\/it\/#website\",\"url\":\"https:\/\/www.gamberetta.it\/it\/\",\"name\":\"Gamberetta\",\"description\":\"Il mio blog senza fronzoli: pensieri e parole, sempre e ovunque in viaggio\",\"potentialAction\":[{\"@type\":\"SearchAction\",\"target\":{\"@type\":\"EntryPoint\",\"urlTemplate\":\"https:\/\/www.gamberetta.it\/it\/?s={search_term_string}\"},\"query-input\":{\"@type\":\"PropertyValueSpecification\",\"valueRequired\":true,\"valueName\":\"search_term_string\"}}],\"inLanguage\":\"it-IT\"},{\"@type\":\"Person\",\"@id\":\"https:\/\/www.gamberetta.it\/it\/#\/schema\/person\/7a4a919927c944edb5f3f9c665590124\",\"name\":\"gamberetta\",\"image\":{\"@type\":\"ImageObject\",\"inLanguage\":\"it-IT\",\"@id\":\"https:\/\/www.gamberetta.it\/it\/#\/schema\/person\/image\/\",\"url\":\"https:\/\/secure.gravatar.com\/avatar\/7ef5d82656b8958070b4f589b7ae1784?s=96&d=mm&r=g\",\"contentUrl\":\"https:\/\/secure.gravatar.com\/avatar\/7ef5d82656b8958070b4f589b7ae1784?s=96&d=mm&r=g\",\"caption\":\"gamberetta\"},\"description\":\"Sono Toro ascendente Scorpione, terra di contrasti dove ora prevale una met\u00e0, ora l\u2019altra. L\u2019infanzia in Veneto e gli ultimi anni passati a Milano hanno sviluppato in me una serie ulteriore di conflitti. Scrivo da sempre, la scrittura \u00e8 la migliore forma espressiva che mi consente di fissare concetti altrimenti sospesi nell\u2019aria. Da bambina scrivevo poesie con uno stile quasi leopardiano poi sono passata ai diari di viaggio dalla prima volta in USA nel 1998 e non ho pi\u00f9 smesso...\",\"url\":\"https:\/\/www.gamberetta.it\/it\/author\/gamberettarossa\/\"}]}<\/script>\n<!-- \/ Yoast SEO plugin. -->","yoast_head_json":{"title":"IN CAMMINO CON LA GUIDA ESCURSIONISTICA: SULLA VIA DEGLI DEI CON STEFANO FAZZIOLI - Gamberetta","robots":{"index":"index","follow":"follow","max-snippet":"max-snippet:-1","max-image-preview":"max-image-preview:large","max-video-preview":"max-video-preview:-1"},"canonical":"https:\/\/www.gamberetta.it\/it\/2019\/10\/29\/in-viaggio-con-la-guida-escursionistica-sulla-via-degli-dei-con-stefano-fazzioli\/","og_locale":"it_IT","og_type":"article","og_title":"IN CAMMINO CON LA GUIDA ESCURSIONISTICA: SULLA VIA DEGLI DEI CON STEFANO FAZZIOLI - Gamberetta","og_description":"Stefano \u00e8 stata la nostra guida un mese fa sulla Via degli Dei, il percorso escursionistico che abbiamo fatto assieme ad altri camminatori da Bologna a Madonna di Fornelli per assaggiare l&#8217;appennino bolognese. Un cammino parziale che mi ha lasciato la voglia di tornare per salire al Passo della Futa e poi gi\u00f9 a sud, &hellip; Leggi tutto","og_url":"https:\/\/www.gamberetta.it\/it\/2019\/10\/29\/in-viaggio-con-la-guida-escursionistica-sulla-via-degli-dei-con-stefano-fazzioli\/","og_site_name":"Gamberetta","article_publisher":"https:\/\/www.facebook.com\/Gamberettatravelblog","article_published_time":"2019-10-29T08:53:54+00:00","article_modified_time":"2026-01-20T16:45:28+00:00","author":"gamberetta","twitter_card":"summary_large_image","twitter_creator":"@robertazennaro","twitter_site":"@robertazennaro","twitter_misc":{"Scritto da":"gamberetta","Tempo di lettura stimato":"8 minuti"},"schema":{"@context":"https:\/\/schema.org","@graph":[{"@type":"WebPage","@id":"https:\/\/www.gamberetta.it\/it\/2019\/10\/29\/in-viaggio-con-la-guida-escursionistica-sulla-via-degli-dei-con-stefano-fazzioli\/","url":"https:\/\/www.gamberetta.it\/it\/2019\/10\/29\/in-viaggio-con-la-guida-escursionistica-sulla-via-degli-dei-con-stefano-fazzioli\/","name":"IN CAMMINO CON LA GUIDA ESCURSIONISTICA: SULLA VIA DEGLI DEI CON STEFANO FAZZIOLI - Gamberetta","isPartOf":{"@id":"https:\/\/www.gamberetta.it\/it\/#website"},"primaryImageOfPage":{"@id":"https:\/\/www.gamberetta.it\/it\/2019\/10\/29\/in-viaggio-con-la-guida-escursionistica-sulla-via-degli-dei-con-stefano-fazzioli\/#primaryimage"},"image":{"@id":"https:\/\/www.gamberetta.it\/it\/2019\/10\/29\/in-viaggio-con-la-guida-escursionistica-sulla-via-degli-dei-con-stefano-fazzioli\/#primaryimage"},"thumbnailUrl":"","datePublished":"2019-10-29T08:53:54+00:00","dateModified":"2026-01-20T16:45:28+00:00","author":{"@id":"https:\/\/www.gamberetta.it\/it\/#\/schema\/person\/7a4a919927c944edb5f3f9c665590124"},"breadcrumb":{"@id":"https:\/\/www.gamberetta.it\/it\/2019\/10\/29\/in-viaggio-con-la-guida-escursionistica-sulla-via-degli-dei-con-stefano-fazzioli\/#breadcrumb"},"inLanguage":"it-IT","potentialAction":[{"@type":"ReadAction","target":["https:\/\/www.gamberetta.it\/it\/2019\/10\/29\/in-viaggio-con-la-guida-escursionistica-sulla-via-degli-dei-con-stefano-fazzioli\/"]}]},{"@type":"ImageObject","inLanguage":"it-IT","@id":"https:\/\/www.gamberetta.it\/it\/2019\/10\/29\/in-viaggio-con-la-guida-escursionistica-sulla-via-degli-dei-con-stefano-fazzioli\/#primaryimage","url":"","contentUrl":""},{"@type":"BreadcrumbList","@id":"https:\/\/www.gamberetta.it\/it\/2019\/10\/29\/in-viaggio-con-la-guida-escursionistica-sulla-via-degli-dei-con-stefano-fazzioli\/#breadcrumb","itemListElement":[{"@type":"ListItem","position":1,"name":"Home","item":"https:\/\/www.gamberetta.it\/it\/"},{"@type":"ListItem","position":2,"name":"IN CAMMINO CON LA GUIDA ESCURSIONISTICA: SULLA VIA DEGLI DEI CON STEFANO FAZZIOLI"}]},{"@type":"WebSite","@id":"https:\/\/www.gamberetta.it\/it\/#website","url":"https:\/\/www.gamberetta.it\/it\/","name":"Gamberetta","description":"Il mio blog senza fronzoli: pensieri e parole, sempre e ovunque in viaggio","potentialAction":[{"@type":"SearchAction","target":{"@type":"EntryPoint","urlTemplate":"https:\/\/www.gamberetta.it\/it\/?s={search_term_string}"},"query-input":{"@type":"PropertyValueSpecification","valueRequired":true,"valueName":"search_term_string"}}],"inLanguage":"it-IT"},{"@type":"Person","@id":"https:\/\/www.gamberetta.it\/it\/#\/schema\/person\/7a4a919927c944edb5f3f9c665590124","name":"gamberetta","image":{"@type":"ImageObject","inLanguage":"it-IT","@id":"https:\/\/www.gamberetta.it\/it\/#\/schema\/person\/image\/","url":"https:\/\/secure.gravatar.com\/avatar\/7ef5d82656b8958070b4f589b7ae1784?s=96&d=mm&r=g","contentUrl":"https:\/\/secure.gravatar.com\/avatar\/7ef5d82656b8958070b4f589b7ae1784?s=96&d=mm&r=g","caption":"gamberetta"},"description":"Sono Toro ascendente Scorpione, terra di contrasti dove ora prevale una met\u00e0, ora l\u2019altra. L\u2019infanzia in Veneto e gli ultimi anni passati a Milano hanno sviluppato in me una serie ulteriore di conflitti. Scrivo da sempre, la scrittura \u00e8 la migliore forma espressiva che mi consente di fissare concetti altrimenti sospesi nell\u2019aria. Da bambina scrivevo poesie con uno stile quasi leopardiano poi sono passata ai diari di viaggio dalla prima volta in USA nel 1998 e non ho pi\u00f9 smesso...","url":"https:\/\/www.gamberetta.it\/it\/author\/gamberettarossa\/"}]}},"_links":{"self":[{"href":"https:\/\/www.gamberetta.it\/it\/wp-json\/wp\/v2\/posts\/15435"}],"collection":[{"href":"https:\/\/www.gamberetta.it\/it\/wp-json\/wp\/v2\/posts"}],"about":[{"href":"https:\/\/www.gamberetta.it\/it\/wp-json\/wp\/v2\/types\/post"}],"author":[{"embeddable":true,"href":"https:\/\/www.gamberetta.it\/it\/wp-json\/wp\/v2\/users\/2"}],"replies":[{"embeddable":true,"href":"https:\/\/www.gamberetta.it\/it\/wp-json\/wp\/v2\/comments?post=15435"}],"version-history":[{"count":9,"href":"https:\/\/www.gamberetta.it\/it\/wp-json\/wp\/v2\/posts\/15435\/revisions"}],"predecessor-version":[{"id":40461,"href":"https:\/\/www.gamberetta.it\/it\/wp-json\/wp\/v2\/posts\/15435\/revisions\/40461"}],"wp:featuredmedia":[{"embeddable":true,"href":"https:\/\/www.gamberetta.it\/it\/wp-json\/wp\/v2\/media\/40463"}],"wp:attachment":[{"href":"https:\/\/www.gamberetta.it\/it\/wp-json\/wp\/v2\/media?parent=15435"}],"wp:term":[{"taxonomy":"category","embeddable":true,"href":"https:\/\/www.gamberetta.it\/it\/wp-json\/wp\/v2\/categories?post=15435"},{"taxonomy":"post_tag","embeddable":true,"href":"https:\/\/www.gamberetta.it\/it\/wp-json\/wp\/v2\/tags?post=15435"}],"curies":[{"name":"wp","href":"https:\/\/api.w.org\/{rel}","templated":true}]}}