{"id":15547,"date":"2019-10-20T12:32:12","date_gmt":"2019-10-20T10:32:12","guid":{"rendered":"https:\/\/www.gamberetta.it\/it\/?p=15547"},"modified":"2021-08-17T16:25:55","modified_gmt":"2021-08-17T14:25:55","slug":"in-cammino-a-montecatini-per-il-tuscany-walking-event","status":"publish","type":"post","link":"https:\/\/www.gamberetta.it\/it\/2019\/10\/20\/in-cammino-a-montecatini-per-il-tuscany-walking-event\/","title":{"rendered":"IN CAMMINO A MONTECATINI PER IL TUSCANY WALKING EVENT"},"content":{"rendered":"\n<p>Montecatini Terme \u00e8 la ridente cittadina toscana che ho scoperto due settimane fa in occasione di <strong>Tuscany Walking Event<\/strong> (TWE) costola dell&#8217;evento analogo <strong>Mallorca Walking Event<\/strong> a cui ho preso parte sei mesi fa. Quest&#8217;ultimo si \u00e8 tenuto ad aprile 2019 nella pi\u00f9 grande delle isole Baleari, l&#8217;ho raccontato in <a href=\"https:\/\/www.gamberetta.it\/it\/2019\/09\/25\/in-cammino-per-il-mallorca-walking-event\/\">questo post<\/a>.  <\/p>\n\n\n\n<p>  <\/p>\n\n\n\n<figure class=\"wp-block-image\"><img loading=\"lazy\" decoding=\"async\" width=\"1024\" height=\"768\" src=\"https:\/\/www.gamberetta.it\/wp-content\/uploads\/2019\/10\/IMG_20191003_165424-1024x768.jpg\" alt=\"\" class=\"wp-image-15552\" srcset=\"https:\/\/www.gamberetta.it\/wp-content\/uploads\/2019\/10\/IMG_20191003_165424-1024x768.jpg 1024w, https:\/\/www.gamberetta.it\/wp-content\/uploads\/2019\/10\/IMG_20191003_165424-300x225.jpg 300w, https:\/\/www.gamberetta.it\/wp-content\/uploads\/2019\/10\/IMG_20191003_165424-768x576.jpg 768w, https:\/\/www.gamberetta.it\/wp-content\/uploads\/2019\/10\/IMG_20191003_165424-1000x750.jpg 1000w, https:\/\/www.gamberetta.it\/wp-content\/uploads\/2019\/10\/IMG_20191003_165424-570x428.jpg 570w, https:\/\/www.gamberetta.it\/wp-content\/uploads\/2019\/10\/IMG_20191003_165424-330x248.jpg 330w, https:\/\/www.gamberetta.it\/wp-content\/uploads\/2019\/10\/IMG_20191003_165424.jpg 1200w\" sizes=\"(max-width: 1024px) 100vw, 1024px\" \/><\/figure>\n\n\n\n<p>Organizzati da una societ\u00e0 olandese entrambi sono frequentati soprattutto da escursionisti olandesi e belgi, in entrambi i casi ho camminato, circondata da signore e signori muscolosi e prestanti, miei coetanei o pi\u00f9 grandi, vestiti per camminare (leggi scarpe) e per prendere il sole (leggi pantaloncini).  <\/p>\n\n\n\n<figure class=\"wp-block-image\"><img loading=\"lazy\" decoding=\"async\" width=\"1024\" height=\"768\" src=\"https:\/\/www.gamberetta.it\/wp-content\/uploads\/2019\/10\/IMG_20191003_160059-1024x768.jpg\" alt=\"\" class=\"wp-image-15553\" srcset=\"https:\/\/www.gamberetta.it\/wp-content\/uploads\/2019\/10\/IMG_20191003_160059-1024x768.jpg 1024w, https:\/\/www.gamberetta.it\/wp-content\/uploads\/2019\/10\/IMG_20191003_160059-300x225.jpg 300w, https:\/\/www.gamberetta.it\/wp-content\/uploads\/2019\/10\/IMG_20191003_160059-768x576.jpg 768w, https:\/\/www.gamberetta.it\/wp-content\/uploads\/2019\/10\/IMG_20191003_160059-1000x750.jpg 1000w, https:\/\/www.gamberetta.it\/wp-content\/uploads\/2019\/10\/IMG_20191003_160059-570x428.jpg 570w, https:\/\/www.gamberetta.it\/wp-content\/uploads\/2019\/10\/IMG_20191003_160059-330x248.jpg 330w, https:\/\/www.gamberetta.it\/wp-content\/uploads\/2019\/10\/IMG_20191003_160059.jpg 1200w\" sizes=\"(max-width: 1024px) 100vw, 1024px\" \/><\/figure>\n\n\n\n<p>Le magliette di ciascun evento sono per me un cimelio da esibire, anche se il tessuto tecnico (poliestere) mi fa sudare troppo, infatti preferisco le T shirt di cotone per camminare. E le alterno.<\/p>\n\n\n\n<p>Montecatini\nsi trova in provincia di Pistoia, appartiene alla Toscana minore e ne\nincarna il migliore spirito provinciale per vari motivi:<\/p>\n\n\n\n<ul class=\"wp-block-list\"><li>la\n\tcollocazione centrale a breve distanza dalle maggiori mete\n\tturistiche regionali,\n\t<\/li><li>la\n\tposizione invidiabile fra mare e montagna che la rende appetibile\n\tper soggiornarvi tutto l&#8217;anno,\n\t<\/li><li>la\n\tstazione ferroviaria vicina al centro, per viaggiare comodamente\n\trispettando l&#8217;ambiente,\n\t<\/li><li>le\n\tsue ampie aree verdi, meta per molti delle passeggiate mattutine, \n\t\n\t<\/li><li>la\n\tdimensione ideale di cittadina n\u00e9 grande n\u00e9 piccola,\n\t<\/li><li>le\n\tterme. \n\t\n<\/li><\/ul>\n\n\n\n<p>Scoprire a piedi Montecatini e alcuni borghi vicini ha moltiplicato la mia esperienza e mi ha permesso di osservarne pregi e difetti. Ne parler\u00f2 in un post dedicato, qui vi racconto il mio cammino durante TWE.<\/p>\n\n\n\n<figure class=\"wp-block-image\"><img loading=\"lazy\" decoding=\"async\" width=\"1024\" height=\"768\" src=\"https:\/\/www.gamberetta.it\/wp-content\/uploads\/2019\/10\/IMG_20191003_131053-1024x768.jpg\" alt=\"\" class=\"wp-image-15554\" srcset=\"https:\/\/www.gamberetta.it\/wp-content\/uploads\/2019\/10\/IMG_20191003_131053-1024x768.jpg 1024w, https:\/\/www.gamberetta.it\/wp-content\/uploads\/2019\/10\/IMG_20191003_131053-300x225.jpg 300w, https:\/\/www.gamberetta.it\/wp-content\/uploads\/2019\/10\/IMG_20191003_131053-768x576.jpg 768w, https:\/\/www.gamberetta.it\/wp-content\/uploads\/2019\/10\/IMG_20191003_131053-1000x750.jpg 1000w, https:\/\/www.gamberetta.it\/wp-content\/uploads\/2019\/10\/IMG_20191003_131053-570x428.jpg 570w, https:\/\/www.gamberetta.it\/wp-content\/uploads\/2019\/10\/IMG_20191003_131053-330x248.jpg 330w, https:\/\/www.gamberetta.it\/wp-content\/uploads\/2019\/10\/IMG_20191003_131053.jpg 1200w\" sizes=\"(max-width: 1024px) 100vw, 1024px\" \/><\/figure>\n\n\n\n<p>A Montecatini ho percorso vie poco battute per due giorni. Scoprire la Toscana in cammino \u00e8 fonte di grandi sorprese, soprattutto nelle mezze stagioni: <strong>la Via Francigena \u00e8 il percorso pi\u00f9 noto e battuto. <\/strong>Il tratto toscano si dipana attraverso zone diverse ricche di storia e natura, pianeggianti e montuose, popolate e deserte, prima di avvicinarsi al Lazio dove ad attendere i camminatori c&#8217;\u00e8 <em>Roma Caput Mundi<\/em>, destinazione finale. Ma non sono venuta qui per la via Francigena. Il tema di TWE dice tutto: <strong>From Pinocchio to Leonardo<\/strong>.  <\/p>\n\n\n\n<figure class=\"wp-block-image\"><img loading=\"lazy\" decoding=\"async\" width=\"1024\" height=\"768\" src=\"https:\/\/www.gamberetta.it\/wp-content\/uploads\/2019\/10\/IMG_20191004_121030-1024x768.jpg\" alt=\"\" class=\"wp-image-15556\" srcset=\"https:\/\/www.gamberetta.it\/wp-content\/uploads\/2019\/10\/IMG_20191004_121030-1024x768.jpg 1024w, https:\/\/www.gamberetta.it\/wp-content\/uploads\/2019\/10\/IMG_20191004_121030-300x225.jpg 300w, https:\/\/www.gamberetta.it\/wp-content\/uploads\/2019\/10\/IMG_20191004_121030-768x576.jpg 768w, https:\/\/www.gamberetta.it\/wp-content\/uploads\/2019\/10\/IMG_20191004_121030-1000x750.jpg 1000w, https:\/\/www.gamberetta.it\/wp-content\/uploads\/2019\/10\/IMG_20191004_121030-570x428.jpg 570w, https:\/\/www.gamberetta.it\/wp-content\/uploads\/2019\/10\/IMG_20191004_121030-330x248.jpg 330w, https:\/\/www.gamberetta.it\/wp-content\/uploads\/2019\/10\/IMG_20191004_121030.jpg 1200w\" sizes=\"(max-width: 1024px) 100vw, 1024px\" \/><\/figure>\n\n\n\n<p>La nostra camminata di 15 chilometri inizia e finisce con un breve tratto in treno, da e per Montecatini. Si compone di tre parti uguali di cinque chilometri ciascuna. I coraggiosi camminatori che fanno 25 chilometri fanno una tratta supplementare sempre fra le colline, la prima per Montecarlo, a piedi.<\/p>\n\n\n\n<h2 class=\"wp-block-heading\"><span style=\"text-decoration: underline\">Da Montecatini a Montecarlo<\/span><\/h2>\n\n\n\n<p>Andiamo in treno a Montecarlo, due stazioni vicine, riempiendo un piccolo treno locale. Vi lascio immaginare la faccia sorpresa del capotreno che a fatica chiude le porte del convoglio, invaso da 350 camminatori! <\/p>\n\n\n\n<figure class=\"wp-block-gallery columns-3 is-cropped wp-block-gallery-2 is-layout-flex wp-block-gallery-is-layout-flex\"><ul class=\"blocks-gallery-grid\"><li class=\"blocks-gallery-item\"><figure><img loading=\"lazy\" decoding=\"async\" width=\"768\" height=\"1024\" src=\"https:\/\/www.gamberetta.it\/wp-content\/uploads\/2019\/10\/IMG_20191004_082309-1-768x1024.jpg\" alt=\"\" data-id=\"15569\" data-link=\"https:\/\/www.gamberetta.it\/it\/?attachment_id=15569\" class=\"wp-image-15569\" srcset=\"https:\/\/www.gamberetta.it\/wp-content\/uploads\/2019\/10\/IMG_20191004_082309-1-768x1024.jpg 768w, https:\/\/www.gamberetta.it\/wp-content\/uploads\/2019\/10\/IMG_20191004_082309-1-225x300.jpg 225w, https:\/\/www.gamberetta.it\/wp-content\/uploads\/2019\/10\/IMG_20191004_082309-1-600x800.jpg 600w, https:\/\/www.gamberetta.it\/wp-content\/uploads\/2019\/10\/IMG_20191004_082309-1.jpg 900w\" sizes=\"(max-width: 768px) 100vw, 768px\" \/><\/figure><\/li><li class=\"blocks-gallery-item\"><figure><img loading=\"lazy\" decoding=\"async\" width=\"768\" height=\"1024\" src=\"https:\/\/www.gamberetta.it\/wp-content\/uploads\/2019\/10\/IMG_20191004_090112-1-768x1024.jpg\" alt=\"\" data-id=\"15571\" data-link=\"https:\/\/www.gamberetta.it\/it\/?attachment_id=15571\" class=\"wp-image-15571\" srcset=\"https:\/\/www.gamberetta.it\/wp-content\/uploads\/2019\/10\/IMG_20191004_090112-1-768x1024.jpg 768w, https:\/\/www.gamberetta.it\/wp-content\/uploads\/2019\/10\/IMG_20191004_090112-1-225x300.jpg 225w, https:\/\/www.gamberetta.it\/wp-content\/uploads\/2019\/10\/IMG_20191004_090112-1-600x800.jpg 600w, https:\/\/www.gamberetta.it\/wp-content\/uploads\/2019\/10\/IMG_20191004_090112-1.jpg 900w\" sizes=\"(max-width: 768px) 100vw, 768px\" \/><\/figure><\/li><li class=\"blocks-gallery-item\"><figure><img loading=\"lazy\" decoding=\"async\" width=\"768\" height=\"1024\" src=\"https:\/\/www.gamberetta.it\/wp-content\/uploads\/2019\/10\/IMG_20191004_090445-768x1024.jpg\" alt=\"\" data-id=\"15573\" data-link=\"https:\/\/www.gamberetta.it\/it\/?attachment_id=15573\" class=\"wp-image-15573\" srcset=\"https:\/\/www.gamberetta.it\/wp-content\/uploads\/2019\/10\/IMG_20191004_090445-768x1024.jpg 768w, https:\/\/www.gamberetta.it\/wp-content\/uploads\/2019\/10\/IMG_20191004_090445-225x300.jpg 225w, https:\/\/www.gamberetta.it\/wp-content\/uploads\/2019\/10\/IMG_20191004_090445-600x800.jpg 600w, https:\/\/www.gamberetta.it\/wp-content\/uploads\/2019\/10\/IMG_20191004_090445.jpg 900w\" sizes=\"(max-width: 768px) 100vw, 768px\" \/><\/figure><\/li><li class=\"blocks-gallery-item\"><figure><img loading=\"lazy\" decoding=\"async\" width=\"768\" height=\"1024\" src=\"https:\/\/www.gamberetta.it\/wp-content\/uploads\/2019\/10\/IMG_20191004_091153-1-768x1024.jpg\" alt=\"\" data-id=\"15575\" data-link=\"https:\/\/www.gamberetta.it\/it\/?attachment_id=15575\" class=\"wp-image-15575\" srcset=\"https:\/\/www.gamberetta.it\/wp-content\/uploads\/2019\/10\/IMG_20191004_091153-1-768x1024.jpg 768w, https:\/\/www.gamberetta.it\/wp-content\/uploads\/2019\/10\/IMG_20191004_091153-1-225x300.jpg 225w, https:\/\/www.gamberetta.it\/wp-content\/uploads\/2019\/10\/IMG_20191004_091153-1-600x800.jpg 600w, https:\/\/www.gamberetta.it\/wp-content\/uploads\/2019\/10\/IMG_20191004_091153-1.jpg 900w\" sizes=\"(max-width: 768px) 100vw, 768px\" \/><\/figure><\/li><\/ul><\/figure>\n\n\n\n<p>Dove arriva il treno \u00e8 ancora pianura ma subito ci addentriamo in salita fra vigneti e uliveti, paesaggio tipicamente toscano. Mancano solo i cipressi, che vedremo pi\u00f9 avanti. Nelle colline boscose vi sono soprattutto querce e faggi, mentre i pini marittimi con le loro chiome generose svettano isolati verso il cielo.  <\/p>\n\n\n\n<div class=\"wp-block-image\"><figure class=\"aligncenter\"><img loading=\"lazy\" decoding=\"async\" width=\"768\" height=\"1024\" src=\"https:\/\/www.gamberetta.it\/wp-content\/uploads\/2019\/10\/IMG_20191004_110821-768x1024.jpg\" alt=\"\" class=\"wp-image-15577\" srcset=\"https:\/\/www.gamberetta.it\/wp-content\/uploads\/2019\/10\/IMG_20191004_110821-768x1024.jpg 768w, https:\/\/www.gamberetta.it\/wp-content\/uploads\/2019\/10\/IMG_20191004_110821-225x300.jpg 225w, https:\/\/www.gamberetta.it\/wp-content\/uploads\/2019\/10\/IMG_20191004_110821-600x800.jpg 600w, https:\/\/www.gamberetta.it\/wp-content\/uploads\/2019\/10\/IMG_20191004_110821.jpg 900w\" sizes=\"(max-width: 768px) 100vw, 768px\" \/><\/figure><\/div>\n\n\n\n<p>Parlo con i miei compagni di trekking, alcuni conoscono l&#8217;Italia e la Toscana, altri sono alla prima visita in questa zona e li vedo felici. Non potrebbe essere altrimenti, le vedute che ci circondano piacciono molto anche a me. Il clima perfetto ci agevola, c&#8217;\u00e8 il sole e fa caldo, sembra di essere ancora in estate.  <\/p>\n\n\n\n<figure class=\"wp-block-image\"><img loading=\"lazy\" decoding=\"async\" width=\"1024\" height=\"768\" src=\"https:\/\/www.gamberetta.it\/wp-content\/uploads\/2019\/10\/IMG_20191004_091254-1024x768.jpg\" alt=\"\" class=\"wp-image-15551\" srcset=\"https:\/\/www.gamberetta.it\/wp-content\/uploads\/2019\/10\/IMG_20191004_091254-1024x768.jpg 1024w, https:\/\/www.gamberetta.it\/wp-content\/uploads\/2019\/10\/IMG_20191004_091254-300x225.jpg 300w, https:\/\/www.gamberetta.it\/wp-content\/uploads\/2019\/10\/IMG_20191004_091254-768x576.jpg 768w, https:\/\/www.gamberetta.it\/wp-content\/uploads\/2019\/10\/IMG_20191004_091254-60x45.jpg 60w, https:\/\/www.gamberetta.it\/wp-content\/uploads\/2019\/10\/IMG_20191004_091254-1000x750.jpg 1000w, https:\/\/www.gamberetta.it\/wp-content\/uploads\/2019\/10\/IMG_20191004_091254-570x428.jpg 570w, https:\/\/www.gamberetta.it\/wp-content\/uploads\/2019\/10\/IMG_20191004_091254-330x248.jpg 330w, https:\/\/www.gamberetta.it\/wp-content\/uploads\/2019\/10\/IMG_20191004_091254.jpg 1200w\" sizes=\"(max-width: 1024px) 100vw, 1024px\" \/><\/figure>\n\n\n\n<p>Persino i ruderi sono affascinanti se inseriti in un contesto piacevole, molti vecchi edifici sono gi\u00e0 diventati agriturismo o B&amp;B soprattutto ai tempi d&#8217;oro quando nasceva il turismo rurale. Ora magari il mercato si \u00e8 un po&#8217; saturato ma, conoscendo le persone attorno a me, oggi potrebbero adocchiare qualcosa da acquistare.  <\/p>\n\n\n\n<figure class=\"wp-block-image\"><img loading=\"lazy\" decoding=\"async\" width=\"1024\" height=\"768\" src=\"https:\/\/www.gamberetta.it\/wp-content\/uploads\/2019\/10\/IMG_20191004_091549-1024x768.jpg\" alt=\"\" class=\"wp-image-15579\" srcset=\"https:\/\/www.gamberetta.it\/wp-content\/uploads\/2019\/10\/IMG_20191004_091549-1024x768.jpg 1024w, https:\/\/www.gamberetta.it\/wp-content\/uploads\/2019\/10\/IMG_20191004_091549-300x225.jpg 300w, https:\/\/www.gamberetta.it\/wp-content\/uploads\/2019\/10\/IMG_20191004_091549-768x576.jpg 768w, https:\/\/www.gamberetta.it\/wp-content\/uploads\/2019\/10\/IMG_20191004_091549-1000x750.jpg 1000w, https:\/\/www.gamberetta.it\/wp-content\/uploads\/2019\/10\/IMG_20191004_091549-570x428.jpg 570w, https:\/\/www.gamberetta.it\/wp-content\/uploads\/2019\/10\/IMG_20191004_091549-330x248.jpg 330w, https:\/\/www.gamberetta.it\/wp-content\/uploads\/2019\/10\/IMG_20191004_091549.jpg 1200w\" sizes=\"(max-width: 1024px) 100vw, 1024px\" \/><\/figure>\n\n\n\n<p>Non sarebbe la prima volta che gruppi omogenei di stranieri scelgono zone italiane ben delimitate per un <em>buen retiro<\/em> o un investimento, in Toscana \u00e8 successo pi\u00f9 volte ora il sud \u00e8 la nuova frontiera. Con le case in vendita a un euro ci sono molte possibilit\u00e0 e poi via ai restauri! Non \u00e8 affar mio per fortuna.<\/p>\n\n\n\n<figure class=\"wp-block-image\"><img loading=\"lazy\" decoding=\"async\" width=\"1024\" height=\"768\" src=\"https:\/\/www.gamberetta.it\/wp-content\/uploads\/2019\/10\/IMG_20191004_103000-1024x768.jpg\" alt=\"\" class=\"wp-image-15581\" srcset=\"https:\/\/www.gamberetta.it\/wp-content\/uploads\/2019\/10\/IMG_20191004_103000-1024x768.jpg 1024w, https:\/\/www.gamberetta.it\/wp-content\/uploads\/2019\/10\/IMG_20191004_103000-300x225.jpg 300w, https:\/\/www.gamberetta.it\/wp-content\/uploads\/2019\/10\/IMG_20191004_103000-768x576.jpg 768w, https:\/\/www.gamberetta.it\/wp-content\/uploads\/2019\/10\/IMG_20191004_103000-1000x750.jpg 1000w, https:\/\/www.gamberetta.it\/wp-content\/uploads\/2019\/10\/IMG_20191004_103000-570x428.jpg 570w, https:\/\/www.gamberetta.it\/wp-content\/uploads\/2019\/10\/IMG_20191004_103000-330x248.jpg 330w, https:\/\/www.gamberetta.it\/wp-content\/uploads\/2019\/10\/IMG_20191004_103000.jpg 1200w\" sizes=\"(max-width: 1024px) 100vw, 1024px\" \/><\/figure>\n\n\n\n<p>Dopo un&#8217;ora vediamo un paesino in alto che ci aspetta in cima a una collina.<\/p>\n\n\n\n<div class=\"wp-block-image\"><figure class=\"aligncenter\"><img loading=\"lazy\" decoding=\"async\" width=\"768\" height=\"1024\" src=\"https:\/\/www.gamberetta.it\/wp-content\/uploads\/2019\/10\/IMG_20191004_092736-768x1024.jpg\" alt=\"\" class=\"wp-image-15583\" srcset=\"https:\/\/www.gamberetta.it\/wp-content\/uploads\/2019\/10\/IMG_20191004_092736-768x1024.jpg 768w, https:\/\/www.gamberetta.it\/wp-content\/uploads\/2019\/10\/IMG_20191004_092736-225x300.jpg 225w, https:\/\/www.gamberetta.it\/wp-content\/uploads\/2019\/10\/IMG_20191004_092736-600x800.jpg 600w, https:\/\/www.gamberetta.it\/wp-content\/uploads\/2019\/10\/IMG_20191004_092736.jpg 900w\" sizes=\"(max-width: 768px) 100vw, 768px\" \/><\/figure><\/div>\n\n\n\n<h2 class=\"wp-block-heading\"><span style=\"text-decoration: underline\">Da Montecarlo a Collodi<\/span><\/h2>\n\n\n\n<p>Montecarlo \u00e8 un classico borgo medievale cinto da alte mura, sorvegliato da torri che ricordano il tempo passato, quando era conteso tra Pisa, Firenze e Lucca (siamo a ovest della provincia di Pistoia). Dal 2018 Montecarlo \u00e8 Bandiera Arancione del TCI. Fra botteghe ricolme di souvenir, prodotti tipici da assaggiare, non solo vino e olio, ci sono da vedere la chiesa di Sant&#8217;Andrea e la fortezza del Cerruglio. <\/p>\n\n\n\n<div class=\"wp-block-image\"><figure class=\"aligncenter\"><img loading=\"lazy\" decoding=\"async\" width=\"768\" height=\"1024\" src=\"https:\/\/www.gamberetta.it\/wp-content\/uploads\/2019\/10\/IMG_20191004_095300-768x1024.jpg\" alt=\"\" class=\"wp-image-15584\" srcset=\"https:\/\/www.gamberetta.it\/wp-content\/uploads\/2019\/10\/IMG_20191004_095300-768x1024.jpg 768w, https:\/\/www.gamberetta.it\/wp-content\/uploads\/2019\/10\/IMG_20191004_095300-225x300.jpg 225w, https:\/\/www.gamberetta.it\/wp-content\/uploads\/2019\/10\/IMG_20191004_095300-60x80.jpg 60w, https:\/\/www.gamberetta.it\/wp-content\/uploads\/2019\/10\/IMG_20191004_095300-600x800.jpg 600w, https:\/\/www.gamberetta.it\/wp-content\/uploads\/2019\/10\/IMG_20191004_095300.jpg 900w\" sizes=\"(max-width: 768px) 100vw, 768px\" \/><\/figure><\/div>\n\n\n\n<p>Ci fanno compagnia prima i figuranti in costume convenuti per le riprese televisive in corso proprio oggi, poi i gatti del paese. I baretti della via principale sono presi d&#8217;assalto dagli amici olandesi.<\/p>\n\n\n\n<figure class=\"wp-block-image\"><img loading=\"lazy\" decoding=\"async\" width=\"1024\" height=\"768\" src=\"https:\/\/www.gamberetta.it\/wp-content\/uploads\/2019\/10\/IMG_20191004_101303-1024x768.jpg\" alt=\"\" class=\"wp-image-15586\" srcset=\"https:\/\/www.gamberetta.it\/wp-content\/uploads\/2019\/10\/IMG_20191004_101303-1024x768.jpg 1024w, https:\/\/www.gamberetta.it\/wp-content\/uploads\/2019\/10\/IMG_20191004_101303-300x225.jpg 300w, https:\/\/www.gamberetta.it\/wp-content\/uploads\/2019\/10\/IMG_20191004_101303-768x576.jpg 768w, https:\/\/www.gamberetta.it\/wp-content\/uploads\/2019\/10\/IMG_20191004_101303-1000x750.jpg 1000w, https:\/\/www.gamberetta.it\/wp-content\/uploads\/2019\/10\/IMG_20191004_101303-570x428.jpg 570w, https:\/\/www.gamberetta.it\/wp-content\/uploads\/2019\/10\/IMG_20191004_101303-330x248.jpg 330w, https:\/\/www.gamberetta.it\/wp-content\/uploads\/2019\/10\/IMG_20191004_101303.jpg 1200w\" sizes=\"(max-width: 1024px) 100vw, 1024px\" \/><\/figure>\n\n\n\n<p>Io invece rincorro i gattini che si crogiolano al sole: dopo la diffidenza iniziale si lasciano coccolare e mi fanno le fusa. Io sono felice qui! Stiamo fermi quasi un&#8217;ora, appena vedo muoversi i primi camminatori chiedo di unirmi a loro e ci inerpichiamo nuovamente nei sentieri tra le colline.  <\/p>\n\n\n\n<div class=\"wp-block-image\"><figure class=\"aligncenter\"><img loading=\"lazy\" decoding=\"async\" width=\"768\" height=\"1024\" src=\"https:\/\/www.gamberetta.it\/wp-content\/uploads\/2019\/10\/IMG_20191004_100235-768x1024.jpg\" alt=\"\" class=\"wp-image-15588\" srcset=\"https:\/\/www.gamberetta.it\/wp-content\/uploads\/2019\/10\/IMG_20191004_100235-768x1024.jpg 768w, https:\/\/www.gamberetta.it\/wp-content\/uploads\/2019\/10\/IMG_20191004_100235-225x300.jpg 225w, https:\/\/www.gamberetta.it\/wp-content\/uploads\/2019\/10\/IMG_20191004_100235-600x800.jpg 600w, https:\/\/www.gamberetta.it\/wp-content\/uploads\/2019\/10\/IMG_20191004_100235.jpg 900w\" sizes=\"(max-width: 768px) 100vw, 768px\" \/><\/figure><\/div>\n\n\n\n<p>Le frecce blu messe per noi dagli organizzatori di TWE non mi sono molto chiare. Destra, sinistra, dritto, meglio stare insieme. Io sono l&#8217;unica italiana e do indicazioni sul paesaggio circostante. Entriamo nel bosco che finalmente ha un aspetto poco antropizzato e selvaggio, per una nuova esperienza sensoriale.<\/p>\n\n\n\n<figure class=\"wp-block-image\"><img loading=\"lazy\" decoding=\"async\" width=\"1024\" height=\"768\" src=\"https:\/\/www.gamberetta.it\/wp-content\/uploads\/2019\/10\/IMG_20191004_094633-1024x768.jpg\" alt=\"\" class=\"wp-image-15590\" srcset=\"https:\/\/www.gamberetta.it\/wp-content\/uploads\/2019\/10\/IMG_20191004_094633-1024x768.jpg 1024w, https:\/\/www.gamberetta.it\/wp-content\/uploads\/2019\/10\/IMG_20191004_094633-300x225.jpg 300w, https:\/\/www.gamberetta.it\/wp-content\/uploads\/2019\/10\/IMG_20191004_094633-768x576.jpg 768w, https:\/\/www.gamberetta.it\/wp-content\/uploads\/2019\/10\/IMG_20191004_094633-1000x750.jpg 1000w, https:\/\/www.gamberetta.it\/wp-content\/uploads\/2019\/10\/IMG_20191004_094633-570x428.jpg 570w, https:\/\/www.gamberetta.it\/wp-content\/uploads\/2019\/10\/IMG_20191004_094633-330x248.jpg 330w, https:\/\/www.gamberetta.it\/wp-content\/uploads\/2019\/10\/IMG_20191004_094633.jpg 1200w\" sizes=\"(max-width: 1024px) 100vw, 1024px\" \/><\/figure>\n\n\n\n<p>Guardo\nin basso, voglio sentire il terreno non solo con i piedi: \u00e8 soffice\nquanto basta per sostenere il mio peso. Non \u00e8 umido, scivoloso, n\u00e9\nsecco da sbriciolarsi. A tratti calpestiamo la <strong>strada romana<\/strong>,\nuna via lastricata che mi fa volare con la fantasia fino a un tempo\nlontano: il Medioevo, quando i commercianti trasportavano beni di\nprima necessit\u00e0 tra Lucca e Firenze a dorso di mulo. E pi\u00f9 indietro\nin epoca romana, cerco i solchi delle ruote dei carri ai lati della\nmulattiera, ma non li vedo! Incontriamo alcuni pellegrini sulla via\nFrancigena, alla quale ci accostiamo in questo tratto, e dei passanti\nche ci indirizzano a un albero.  \n<\/p>\n\n\n\n<div class=\"wp-block-image\"><figure class=\"aligncenter\"><img loading=\"lazy\" decoding=\"async\" width=\"768\" height=\"1024\" src=\"https:\/\/www.gamberetta.it\/wp-content\/uploads\/2019\/10\/IMG_20191004_105627-768x1024.jpg\" alt=\"\" class=\"wp-image-15592\" srcset=\"https:\/\/www.gamberetta.it\/wp-content\/uploads\/2019\/10\/IMG_20191004_105627-768x1024.jpg 768w, https:\/\/www.gamberetta.it\/wp-content\/uploads\/2019\/10\/IMG_20191004_105627-225x300.jpg 225w, https:\/\/www.gamberetta.it\/wp-content\/uploads\/2019\/10\/IMG_20191004_105627-600x800.jpg 600w, https:\/\/www.gamberetta.it\/wp-content\/uploads\/2019\/10\/IMG_20191004_105627.jpg 900w\" sizes=\"(max-width: 768px) 100vw, 768px\" \/><\/figure><\/div>\n\n\n\n<p><strong>Quercione <\/strong>\u00e8 il cartello pi\u00f9 evocativo, una indicazione da seguire che ci porta a una radura dove appunto una quercia centenaria sparge i suoi rami su una superficie enorme e fa buio sotto le fronde. Impressionante il suo tronco e l&#8217;ampiezza dell&#8217;albero, protetto e puntellato, che tutti guardano con rispetto e ammirazione.<\/p>\n\n\n\n<figure class=\"wp-block-image\"><img loading=\"lazy\" decoding=\"async\" width=\"1024\" height=\"768\" src=\"https:\/\/www.gamberetta.it\/wp-content\/uploads\/2019\/10\/IMG_20191004_105813-1024x768.jpg\" alt=\"\" class=\"wp-image-15594\" srcset=\"https:\/\/www.gamberetta.it\/wp-content\/uploads\/2019\/10\/IMG_20191004_105813-1024x768.jpg 1024w, https:\/\/www.gamberetta.it\/wp-content\/uploads\/2019\/10\/IMG_20191004_105813-300x225.jpg 300w, https:\/\/www.gamberetta.it\/wp-content\/uploads\/2019\/10\/IMG_20191004_105813-768x576.jpg 768w, https:\/\/www.gamberetta.it\/wp-content\/uploads\/2019\/10\/IMG_20191004_105813-1000x750.jpg 1000w, https:\/\/www.gamberetta.it\/wp-content\/uploads\/2019\/10\/IMG_20191004_105813-570x428.jpg 570w, https:\/\/www.gamberetta.it\/wp-content\/uploads\/2019\/10\/IMG_20191004_105813-330x248.jpg 330w, https:\/\/www.gamberetta.it\/wp-content\/uploads\/2019\/10\/IMG_20191004_105813.jpg 1200w\" sizes=\"(max-width: 1024px) 100vw, 1024px\" \/><\/figure>\n\n\n\n<p>Cercando sul web ho scovato anzi scavato nella sua storia che passa attraverso il periodo nazifascista, quando taluni personaggi volevano tagliarne i rami per fare legna da ardere, prontamente bloccati dalla gente del posto. E bravi sempre gli amici toscani!<\/p>\n\n\n\n<div class=\"wp-block-image\"><figure class=\"aligncenter\"><img loading=\"lazy\" decoding=\"async\" width=\"768\" height=\"1024\" src=\"https:\/\/www.gamberetta.it\/wp-content\/uploads\/2019\/10\/IMG_20191004_105647_1-768x1024.jpg\" alt=\"\" class=\"wp-image-15596\" srcset=\"https:\/\/www.gamberetta.it\/wp-content\/uploads\/2019\/10\/IMG_20191004_105647_1-768x1024.jpg 768w, https:\/\/www.gamberetta.it\/wp-content\/uploads\/2019\/10\/IMG_20191004_105647_1-225x300.jpg 225w, https:\/\/www.gamberetta.it\/wp-content\/uploads\/2019\/10\/IMG_20191004_105647_1-600x800.jpg 600w, https:\/\/www.gamberetta.it\/wp-content\/uploads\/2019\/10\/IMG_20191004_105647_1.jpg 900w\" sizes=\"(max-width: 768px) 100vw, 768px\" \/><\/figure><\/div>\n\n\n\n<p>Dalla storia del Quercione alla favola il passo \u00e8 breve, proprio qui Collodi si sarebbe ispirato per scrivere Pinocchio. E dalla favola alla leggenda, si dice che le streghe si riuniscano sotto l&#8217;albero per i loro sabba, nelle notti di luna piena. I locals mi facciano sapere qualche altro aneddoto grazie!<\/p>\n\n\n\n<h2 class=\"wp-block-heading\"><span style=\"text-decoration: underline\">Da Collodi a Pescia<\/span><\/h2>\n\n\n\n<p>Carlo Lorenzini era originario di Collodi da parte di madre e ora tutti lo conosciamo come Carlo Collodi. L&#8217;autore delle <strong>Avventure di Pinocchio<\/strong> ha trasportato i luoghi e le persone della sua infanzia nel famoso libro e l&#8217;omaggio che ora gli viene tributato \u00e8 totale.<\/p>\n\n\n\n<div class=\"wp-block-image\"><figure class=\"aligncenter\"><img loading=\"lazy\" decoding=\"async\" width=\"768\" height=\"1024\" src=\"https:\/\/www.gamberetta.it\/wp-content\/uploads\/2019\/10\/IMG_20191004_132026-768x1024.jpg\" alt=\"\" class=\"wp-image-15598\" srcset=\"https:\/\/www.gamberetta.it\/wp-content\/uploads\/2019\/10\/IMG_20191004_132026-768x1024.jpg 768w, https:\/\/www.gamberetta.it\/wp-content\/uploads\/2019\/10\/IMG_20191004_132026-225x300.jpg 225w, https:\/\/www.gamberetta.it\/wp-content\/uploads\/2019\/10\/IMG_20191004_132026-600x800.jpg 600w, https:\/\/www.gamberetta.it\/wp-content\/uploads\/2019\/10\/IMG_20191004_132026.jpg 900w\" sizes=\"(max-width: 768px) 100vw, 768px\" \/><\/figure><\/div>\n\n\n\n<p>Nel parco omonimo e in tutto il paese le statue del burattino e dei suoi compagni d&#8217;avventura salutano gli ospiti. La prima che incontriamo, coloratissima e altissima, si trova all&#8217;inizio del paese e contrasta con la  barocca eleganza di <strong>Villa Garzoni<\/strong>, l&#8217;edificio imponente che si vede da tutte le angolazioni. Collodi \u201csarebbe\u201d un borgo antico eppure \u00e8 diventato famoso grazie a un burattino di legno!<\/p>\n\n\n\n<div class=\"wp-block-image\"><figure class=\"aligncenter\"><img loading=\"lazy\" decoding=\"async\" width=\"768\" height=\"1024\" src=\"https:\/\/www.gamberetta.it\/wp-content\/uploads\/2019\/10\/IMG_20191004_121121-768x1024.jpg\" alt=\"\" class=\"wp-image-15604\" srcset=\"https:\/\/www.gamberetta.it\/wp-content\/uploads\/2019\/10\/IMG_20191004_121121-768x1024.jpg 768w, https:\/\/www.gamberetta.it\/wp-content\/uploads\/2019\/10\/IMG_20191004_121121-225x300.jpg 225w, https:\/\/www.gamberetta.it\/wp-content\/uploads\/2019\/10\/IMG_20191004_121121-600x800.jpg 600w, https:\/\/www.gamberetta.it\/wp-content\/uploads\/2019\/10\/IMG_20191004_121121.jpg 900w\" sizes=\"(max-width: 768px) 100vw, 768px\" \/><\/figure><\/div>\n\n\n\n<p>Siamo tutti invogliati a tornare bambini e a immergerci in questa favola moderna, nata alla fine dell&#8217;Ottocento. E spiace lasciare il paese ma una salita, l&#8217;ultima, ci porta sul sentiero per Pescia lungo la <strong>Via della Fiaba<\/strong>.  <\/p>\n\n\n\n<div class=\"wp-block-image\"><figure class=\"aligncenter\"><img loading=\"lazy\" decoding=\"async\" width=\"768\" height=\"1024\" src=\"https:\/\/www.gamberetta.it\/wp-content\/uploads\/2019\/10\/IMG_20191004_133754-768x1024.jpg\" alt=\"\" class=\"wp-image-15602\" srcset=\"https:\/\/www.gamberetta.it\/wp-content\/uploads\/2019\/10\/IMG_20191004_133754-768x1024.jpg 768w, https:\/\/www.gamberetta.it\/wp-content\/uploads\/2019\/10\/IMG_20191004_133754-225x300.jpg 225w, https:\/\/www.gamberetta.it\/wp-content\/uploads\/2019\/10\/IMG_20191004_133754-600x800.jpg 600w, https:\/\/www.gamberetta.it\/wp-content\/uploads\/2019\/10\/IMG_20191004_133754.jpg 900w\" sizes=\"(max-width: 768px) 100vw, 768px\" \/><\/figure><\/div>\n\n\n\n<p>Sono gli ultimi cinque chilometri e si sentono sulle gambe, nonostante io proceda spedita grazie ai bastoncini dei quali i camminatori olandesi non conoscono l&#8217;utilizzo. Presto la salita finisce e inizia una dolce discesa dove <strong>vigne sparute<\/strong>, ormai spoglie dei loro dolci frutti, attendono i vignaioli per le ultime pulizie della stagione.  <\/p>\n\n\n\n<figure class=\"wp-block-image\"><img loading=\"lazy\" decoding=\"async\" width=\"1024\" height=\"768\" src=\"https:\/\/www.gamberetta.it\/wp-content\/uploads\/2019\/10\/IMG_20191004_132935-1024x768.jpg\" alt=\"\" class=\"wp-image-15606\" srcset=\"https:\/\/www.gamberetta.it\/wp-content\/uploads\/2019\/10\/IMG_20191004_132935-1024x768.jpg 1024w, https:\/\/www.gamberetta.it\/wp-content\/uploads\/2019\/10\/IMG_20191004_132935-300x225.jpg 300w, https:\/\/www.gamberetta.it\/wp-content\/uploads\/2019\/10\/IMG_20191004_132935-768x576.jpg 768w, https:\/\/www.gamberetta.it\/wp-content\/uploads\/2019\/10\/IMG_20191004_132935-1000x750.jpg 1000w, https:\/\/www.gamberetta.it\/wp-content\/uploads\/2019\/10\/IMG_20191004_132935-570x428.jpg 570w, https:\/\/www.gamberetta.it\/wp-content\/uploads\/2019\/10\/IMG_20191004_132935-330x248.jpg 330w, https:\/\/www.gamberetta.it\/wp-content\/uploads\/2019\/10\/IMG_20191004_132935.jpg 1200w\" sizes=\"(max-width: 1024px) 100vw, 1024px\" \/><\/figure>\n\n\n\n<p>Poco oltre ci fanno ombra <strong>immensi uliveti <\/strong>che daranno i loro preziosi frutti fra un mese, sono gi\u00e0 corredati dalle reti per la raccolta delle olive. Invero mi sembrano un poco trascurati, o forse il forte inerbimento \u00e8 una scelta degli ulivicoltori. Se lo fanno per rispetto dell&#8217;ambiente ben venga!<\/p>\n\n\n\n<figure class=\"wp-block-image\"><img loading=\"lazy\" decoding=\"async\" width=\"1024\" height=\"768\" src=\"https:\/\/www.gamberetta.it\/wp-content\/uploads\/2019\/10\/IMG_20191004_134759-1024x768.jpg\" alt=\"\" class=\"wp-image-15608\" srcset=\"https:\/\/www.gamberetta.it\/wp-content\/uploads\/2019\/10\/IMG_20191004_134759-1024x768.jpg 1024w, https:\/\/www.gamberetta.it\/wp-content\/uploads\/2019\/10\/IMG_20191004_134759-300x225.jpg 300w, https:\/\/www.gamberetta.it\/wp-content\/uploads\/2019\/10\/IMG_20191004_134759-768x576.jpg 768w, https:\/\/www.gamberetta.it\/wp-content\/uploads\/2019\/10\/IMG_20191004_134759-1000x750.jpg 1000w, https:\/\/www.gamberetta.it\/wp-content\/uploads\/2019\/10\/IMG_20191004_134759-570x428.jpg 570w, https:\/\/www.gamberetta.it\/wp-content\/uploads\/2019\/10\/IMG_20191004_134759-330x248.jpg 330w, https:\/\/www.gamberetta.it\/wp-content\/uploads\/2019\/10\/IMG_20191004_134759.jpg 1200w\" sizes=\"(max-width: 1024px) 100vw, 1024px\" \/><\/figure>\n\n\n\n<p>Lo splendido clima che ci accompagna all&#8217;inizio di ottobre rende possibile la coltivazione di palme e piante tropicali, sembra un&#8217;illusione; c&#8217;\u00e8 persino uno struzzo a seguirci per un breve tratto di strada, incuriosito dalla nostra presenza (siamo davvero tanti!) ma per fortuna c&#8217;\u00e8 una rete a separarci.  <\/p>\n\n\n\n<div class=\"wp-block-image\"><figure class=\"aligncenter\"><img loading=\"lazy\" decoding=\"async\" width=\"768\" height=\"1024\" src=\"https:\/\/www.gamberetta.it\/wp-content\/uploads\/2019\/10\/IMG_20191004_133130-768x1024.jpg\" alt=\"\" class=\"wp-image-15610\" srcset=\"https:\/\/www.gamberetta.it\/wp-content\/uploads\/2019\/10\/IMG_20191004_133130-768x1024.jpg 768w, https:\/\/www.gamberetta.it\/wp-content\/uploads\/2019\/10\/IMG_20191004_133130-225x300.jpg 225w, https:\/\/www.gamberetta.it\/wp-content\/uploads\/2019\/10\/IMG_20191004_133130-600x800.jpg 600w, https:\/\/www.gamberetta.it\/wp-content\/uploads\/2019\/10\/IMG_20191004_133130.jpg 900w\" sizes=\"(max-width: 768px) 100vw, 768px\" \/><\/figure><\/div>\n\n\n\n<p>L&#8217;ultimo sentiero in discesa ha, tutto attorno, una distesa di ciclamini che mi fanno tanto autunno, un tappeto rosa incredibile. Non ne ho mai visti tanti come quest&#8217;anno in giro per gli Appennini, che sia di buon auspicio?<\/p>\n\n\n\n<figure class=\"wp-block-image\"><img loading=\"lazy\" decoding=\"async\" width=\"1024\" height=\"768\" src=\"https:\/\/www.gamberetta.it\/wp-content\/uploads\/2019\/10\/IMG_20191004_135615-1024x768.jpg\" alt=\"\" class=\"wp-image-15612\" srcset=\"https:\/\/www.gamberetta.it\/wp-content\/uploads\/2019\/10\/IMG_20191004_135615-1024x768.jpg 1024w, https:\/\/www.gamberetta.it\/wp-content\/uploads\/2019\/10\/IMG_20191004_135615-300x225.jpg 300w, https:\/\/www.gamberetta.it\/wp-content\/uploads\/2019\/10\/IMG_20191004_135615-768x576.jpg 768w, https:\/\/www.gamberetta.it\/wp-content\/uploads\/2019\/10\/IMG_20191004_135615-1000x750.jpg 1000w, https:\/\/www.gamberetta.it\/wp-content\/uploads\/2019\/10\/IMG_20191004_135615-570x428.jpg 570w, https:\/\/www.gamberetta.it\/wp-content\/uploads\/2019\/10\/IMG_20191004_135615-330x248.jpg 330w, https:\/\/www.gamberetta.it\/wp-content\/uploads\/2019\/10\/IMG_20191004_135615.jpg 1200w\" sizes=\"(max-width: 1024px) 100vw, 1024px\" \/><\/figure>\n\n\n\n<h2 class=\"wp-block-heading\"><span style=\"text-decoration: underline\">Da Pescia a Montecatini  <\/span><\/h2>\n\n\n\n<p>A Pescia ci attende un&#8217;ultima passeggiata in centro dove invece di immergerci nell&#8217;atmosfera cittadina, siamo pronti per rilassarci. Troviamo i camminatori gi\u00e0 arrivati, pi\u00f9 veloci di noi, sparsi nei baretti di paese seduti davanti a una birretta. Hanno la faccia felice, una gioia contagiosa, ma io corro in stazione per tornare subito al <strong>Walking Village<\/strong> del TWE, collocato alle <strong>Terme la Salute<\/strong>. Sapete cos&#8217;\u00e8?  <\/p>\n\n\n\n<figure class=\"wp-block-image\"><img loading=\"lazy\" decoding=\"async\" width=\"1024\" height=\"768\" src=\"https:\/\/www.gamberetta.it\/wp-content\/uploads\/2019\/10\/IMG_20191003_125925-1024x768.jpg\" alt=\"\" class=\"wp-image-15614\" srcset=\"https:\/\/www.gamberetta.it\/wp-content\/uploads\/2019\/10\/IMG_20191003_125925-1024x768.jpg 1024w, https:\/\/www.gamberetta.it\/wp-content\/uploads\/2019\/10\/IMG_20191003_125925-300x225.jpg 300w, https:\/\/www.gamberetta.it\/wp-content\/uploads\/2019\/10\/IMG_20191003_125925-768x576.jpg 768w, https:\/\/www.gamberetta.it\/wp-content\/uploads\/2019\/10\/IMG_20191003_125925-1000x750.jpg 1000w, https:\/\/www.gamberetta.it\/wp-content\/uploads\/2019\/10\/IMG_20191003_125925-570x428.jpg 570w, https:\/\/www.gamberetta.it\/wp-content\/uploads\/2019\/10\/IMG_20191003_125925-330x248.jpg 330w, https:\/\/www.gamberetta.it\/wp-content\/uploads\/2019\/10\/IMG_20191003_125925.jpg 1200w\" sizes=\"(max-width: 1024px) 100vw, 1024px\" \/><\/figure>\n\n\n\n<p>Il Village \u00e8 un ampio spazio pronto a accoglierci prima e dopo il cammino, accanto agli stand degli sponsor tecnici e dei gadget \u00e8 corredato da un baretto (aperto praticamente per noi) che sforna bibite, snack, pizza.<\/p>\n\n\n\n<figure class=\"wp-block-image\"><img loading=\"lazy\" decoding=\"async\" width=\"1024\" height=\"768\" src=\"https:\/\/www.gamberetta.it\/wp-content\/uploads\/2019\/10\/IMG_20191003_130540-1024x768.jpg\" alt=\"\" class=\"wp-image-15616\" srcset=\"https:\/\/www.gamberetta.it\/wp-content\/uploads\/2019\/10\/IMG_20191003_130540-1024x768.jpg 1024w, https:\/\/www.gamberetta.it\/wp-content\/uploads\/2019\/10\/IMG_20191003_130540-300x225.jpg 300w, https:\/\/www.gamberetta.it\/wp-content\/uploads\/2019\/10\/IMG_20191003_130540-768x576.jpg 768w, https:\/\/www.gamberetta.it\/wp-content\/uploads\/2019\/10\/IMG_20191003_130540-1000x750.jpg 1000w, https:\/\/www.gamberetta.it\/wp-content\/uploads\/2019\/10\/IMG_20191003_130540-570x428.jpg 570w, https:\/\/www.gamberetta.it\/wp-content\/uploads\/2019\/10\/IMG_20191003_130540-330x248.jpg 330w, https:\/\/www.gamberetta.it\/wp-content\/uploads\/2019\/10\/IMG_20191003_130540.jpg 1200w\" sizes=\"(max-width: 1024px) 100vw, 1024px\" \/><\/figure>\n\n\n\n<p>Ogni camminatore in arrivo \u00e8 accolto da un applauso e da una ola, un saluto bellissimo che ci unisce prima del meritato riposo. Qui sembra di tornare a Mallorca, l&#8217;atmosfera festosa \u00e8 la stessa, le facce felici pure, i sorrisi di coloro che ho conosciuto sei mesi fa e rivisto qui dicono tanto del potere aggregante del cammino. Una pratica, il camminare, che apprezzo sempre pi\u00f9.  <\/p>\n\n\n\n<figure class=\"wp-block-image\"><img loading=\"lazy\" decoding=\"async\" width=\"1024\" height=\"768\" src=\"https:\/\/www.gamberetta.it\/wp-content\/uploads\/2019\/10\/IMG_20191003_160105-1024x768.jpg\" alt=\"\" class=\"wp-image-15620\" srcset=\"https:\/\/www.gamberetta.it\/wp-content\/uploads\/2019\/10\/IMG_20191003_160105-1024x768.jpg 1024w, https:\/\/www.gamberetta.it\/wp-content\/uploads\/2019\/10\/IMG_20191003_160105-300x225.jpg 300w, https:\/\/www.gamberetta.it\/wp-content\/uploads\/2019\/10\/IMG_20191003_160105-768x576.jpg 768w, https:\/\/www.gamberetta.it\/wp-content\/uploads\/2019\/10\/IMG_20191003_160105-1000x750.jpg 1000w, https:\/\/www.gamberetta.it\/wp-content\/uploads\/2019\/10\/IMG_20191003_160105-570x428.jpg 570w, https:\/\/www.gamberetta.it\/wp-content\/uploads\/2019\/10\/IMG_20191003_160105-330x248.jpg 330w, https:\/\/www.gamberetta.it\/wp-content\/uploads\/2019\/10\/IMG_20191003_160105.jpg 1200w\" sizes=\"(max-width: 1024px) 100vw, 1024px\" \/><\/figure>\n\n\n\n<p>Mi\nresta il tempo di un brindisi italo \u2013 olandese e un arrivederci al\n2020, prima alle Baleari poi qui, e poi&#8230; Sorpresa! Pare che Walking\nEvents, la societ\u00e0 organizzatrice, si espanda e ci porti a a\ncamminare pi\u00f9 lontano.<\/p>\n\n\n\n<p>Arrivederci\n\u00e8 un saluto internazionale al quale aggiungo il mio personale Grazie\na Nathalie, Armando e coloro con cui ho condiviso queste due belle\ngiornate. Ora ne ho raccontata solo una, nel prossimo post vi porter\u00f2\nalla scoperta di Montecatini, diciamo da diversi punti di vista.<\/p>\n\n\n\n<p>Post\nscriptum \u2013 sapete che il giorno prima e il giorno dopo \u00e8 piovuto?\nMa che fortuna abbiamo avuto? \n<\/p>\n\n\n\n<p>***\nContinua *** \n<\/p>\n\n\n\n<p>Post\nin collaborazione con:<\/p>\n\n\n\n<figure class=\"wp-block-embed is-type-wp-embed is-provider-walking-events wp-block-embed-walking-events\"><div class=\"wp-block-embed__wrapper\">\n<blockquote class=\"wp-embedded-content\" data-secret=\"vdtpaQQN0l\"><a href=\"https:\/\/www.walking-events.com\/\">Home<\/a><\/blockquote><iframe loading=\"lazy\" class=\"wp-embedded-content\" sandbox=\"allow-scripts\" security=\"restricted\" style=\"position: absolute; clip: rect(1px, 1px, 1px, 1px);\" title=\"&#8220;Home&#8221; &#8212; Walking Events\" src=\"https:\/\/www.walking-events.com\/embed\/#?secret=vdtpaQQN0l\" data-secret=\"vdtpaQQN0l\" width=\"600\" height=\"338\" frameborder=\"0\" marginwidth=\"0\" marginheight=\"0\" scrolling=\"no\"><\/iframe>\n<\/div><\/figure>\n","protected":false},"excerpt":{"rendered":"<p>Montecatini Terme \u00e8 la ridente cittadina toscana che ho scoperto due settimane fa in occasione di Tuscany Walking Event (TWE) costola dell&#8217;evento analogo Mallorca Walking Event a cui ho preso parte sei mesi fa. Quest&#8217;ultimo si \u00e8 tenuto ad aprile 2019 nella pi\u00f9 grande delle isole Baleari, l&#8217;ho raccontato in questo post. Organizzati da una &hellip; <a class=\"more-link\" href=\"https:\/\/www.gamberetta.it\/it\/2019\/10\/20\/in-cammino-a-montecatini-per-il-tuscany-walking-event\/\">Leggi tutto<i class=\"ion-ios-arrow-thin-right\"><\/i><\/a><\/p>\n","protected":false},"author":2,"featured_media":17956,"comment_status":"open","ping_status":"closed","sticky":false,"template":"","format":"standard","meta":{"footnotes":""},"categories":[71,68,26,105,546,69,34],"tags":[2683,2826,520,2685,2828,2824,2827,2825,2689],"class_list":["post-15547","post","type-post","status-publish","format-standard","has-post-thumbnail","hentry","category-baratto","category-food-wine","category-friends","category-in-campagna","category-toscana-2","category-trains","category-viaggi-italia-europa","tag-mallorca-walking-event","tag-montecatini-cosa-visitare","tag-montecatini-terme","tag-mwe19","tag-turismo-toscana","tag-tuscany-walking-event","tag-twe19","tag-visit-tuscany","tag-we-go-the-extra-mile"],"yoast_head":"<!-- This site is optimized with the Yoast SEO plugin v23.5 - https:\/\/yoast.com\/wordpress\/plugins\/seo\/ -->\n<title>IN CAMMINO A MONTECATINI PER IL TUSCANY WALKING EVENT - Gamberetta<\/title>\n<meta name=\"robots\" content=\"index, follow, max-snippet:-1, max-image-preview:large, max-video-preview:-1\" \/>\n<link rel=\"canonical\" href=\"https:\/\/www.gamberetta.it\/it\/2019\/10\/20\/in-cammino-a-montecatini-per-il-tuscany-walking-event\/\" \/>\n<meta property=\"og:locale\" content=\"it_IT\" \/>\n<meta property=\"og:type\" content=\"article\" \/>\n<meta property=\"og:title\" content=\"IN CAMMINO A MONTECATINI PER IL TUSCANY WALKING EVENT - Gamberetta\" \/>\n<meta property=\"og:description\" content=\"Montecatini Terme \u00e8 la ridente cittadina toscana che ho scoperto due settimane fa in occasione di Tuscany Walking Event (TWE) costola dell&#8217;evento analogo Mallorca Walking Event a cui ho preso parte sei mesi fa. Quest&#8217;ultimo si \u00e8 tenuto ad aprile 2019 nella pi\u00f9 grande delle isole Baleari, l&#8217;ho raccontato in questo post. Organizzati da una &hellip; Leggi tutto\" \/>\n<meta property=\"og:url\" content=\"https:\/\/www.gamberetta.it\/it\/2019\/10\/20\/in-cammino-a-montecatini-per-il-tuscany-walking-event\/\" \/>\n<meta property=\"og:site_name\" content=\"Gamberetta\" \/>\n<meta property=\"article:publisher\" content=\"https:\/\/www.facebook.com\/Gamberettatravelblog\" \/>\n<meta property=\"article:published_time\" content=\"2019-10-20T10:32:12+00:00\" \/>\n<meta property=\"article:modified_time\" content=\"2021-08-17T14:25:55+00:00\" \/>\n<meta name=\"author\" content=\"gamberetta\" \/>\n<meta name=\"twitter:card\" content=\"summary_large_image\" \/>\n<meta name=\"twitter:creator\" content=\"@robertazennaro\" \/>\n<meta name=\"twitter:site\" content=\"@robertazennaro\" \/>\n<meta name=\"twitter:label1\" content=\"Scritto da\" \/>\n\t<meta name=\"twitter:data1\" content=\"gamberetta\" \/>\n\t<meta name=\"twitter:label2\" content=\"Tempo di lettura stimato\" \/>\n\t<meta name=\"twitter:data2\" content=\"9 minuti\" \/>\n<script type=\"application\/ld+json\" class=\"yoast-schema-graph\">{\"@context\":\"https:\/\/schema.org\",\"@graph\":[{\"@type\":\"WebPage\",\"@id\":\"https:\/\/www.gamberetta.it\/it\/2019\/10\/20\/in-cammino-a-montecatini-per-il-tuscany-walking-event\/\",\"url\":\"https:\/\/www.gamberetta.it\/it\/2019\/10\/20\/in-cammino-a-montecatini-per-il-tuscany-walking-event\/\",\"name\":\"IN CAMMINO A MONTECATINI PER IL TUSCANY WALKING EVENT - Gamberetta\",\"isPartOf\":{\"@id\":\"https:\/\/www.gamberetta.it\/it\/#website\"},\"primaryImageOfPage\":{\"@id\":\"https:\/\/www.gamberetta.it\/it\/2019\/10\/20\/in-cammino-a-montecatini-per-il-tuscany-walking-event\/#primaryimage\"},\"image\":{\"@id\":\"https:\/\/www.gamberetta.it\/it\/2019\/10\/20\/in-cammino-a-montecatini-per-il-tuscany-walking-event\/#primaryimage\"},\"thumbnailUrl\":\"\",\"datePublished\":\"2019-10-20T10:32:12+00:00\",\"dateModified\":\"2021-08-17T14:25:55+00:00\",\"author\":{\"@id\":\"https:\/\/www.gamberetta.it\/it\/#\/schema\/person\/7a4a919927c944edb5f3f9c665590124\"},\"breadcrumb\":{\"@id\":\"https:\/\/www.gamberetta.it\/it\/2019\/10\/20\/in-cammino-a-montecatini-per-il-tuscany-walking-event\/#breadcrumb\"},\"inLanguage\":\"it-IT\",\"potentialAction\":[{\"@type\":\"ReadAction\",\"target\":[\"https:\/\/www.gamberetta.it\/it\/2019\/10\/20\/in-cammino-a-montecatini-per-il-tuscany-walking-event\/\"]}]},{\"@type\":\"ImageObject\",\"inLanguage\":\"it-IT\",\"@id\":\"https:\/\/www.gamberetta.it\/it\/2019\/10\/20\/in-cammino-a-montecatini-per-il-tuscany-walking-event\/#primaryimage\",\"url\":\"\",\"contentUrl\":\"\"},{\"@type\":\"BreadcrumbList\",\"@id\":\"https:\/\/www.gamberetta.it\/it\/2019\/10\/20\/in-cammino-a-montecatini-per-il-tuscany-walking-event\/#breadcrumb\",\"itemListElement\":[{\"@type\":\"ListItem\",\"position\":1,\"name\":\"Home\",\"item\":\"https:\/\/www.gamberetta.it\/it\/\"},{\"@type\":\"ListItem\",\"position\":2,\"name\":\"IN CAMMINO A MONTECATINI PER IL TUSCANY WALKING EVENT\"}]},{\"@type\":\"WebSite\",\"@id\":\"https:\/\/www.gamberetta.it\/it\/#website\",\"url\":\"https:\/\/www.gamberetta.it\/it\/\",\"name\":\"Gamberetta\",\"description\":\"Il mio blog senza fronzoli: pensieri e parole, sempre e ovunque in viaggio\",\"potentialAction\":[{\"@type\":\"SearchAction\",\"target\":{\"@type\":\"EntryPoint\",\"urlTemplate\":\"https:\/\/www.gamberetta.it\/it\/?s={search_term_string}\"},\"query-input\":{\"@type\":\"PropertyValueSpecification\",\"valueRequired\":true,\"valueName\":\"search_term_string\"}}],\"inLanguage\":\"it-IT\"},{\"@type\":\"Person\",\"@id\":\"https:\/\/www.gamberetta.it\/it\/#\/schema\/person\/7a4a919927c944edb5f3f9c665590124\",\"name\":\"gamberetta\",\"image\":{\"@type\":\"ImageObject\",\"inLanguage\":\"it-IT\",\"@id\":\"https:\/\/www.gamberetta.it\/it\/#\/schema\/person\/image\/\",\"url\":\"https:\/\/secure.gravatar.com\/avatar\/7ef5d82656b8958070b4f589b7ae1784?s=96&d=mm&r=g\",\"contentUrl\":\"https:\/\/secure.gravatar.com\/avatar\/7ef5d82656b8958070b4f589b7ae1784?s=96&d=mm&r=g\",\"caption\":\"gamberetta\"},\"description\":\"Sono Toro ascendente Scorpione, terra di contrasti dove ora prevale una met\u00e0, ora l\u2019altra. L\u2019infanzia in Veneto e gli ultimi anni passati a Milano hanno sviluppato in me una serie ulteriore di conflitti. Scrivo da sempre, la scrittura \u00e8 la migliore forma espressiva che mi consente di fissare concetti altrimenti sospesi nell\u2019aria. Da bambina scrivevo poesie con uno stile quasi leopardiano poi sono passata ai diari di viaggio dalla prima volta in USA nel 1998 e non ho pi\u00f9 smesso...\",\"url\":\"https:\/\/www.gamberetta.it\/it\/author\/gamberettarossa\/\"}]}<\/script>\n<!-- \/ Yoast SEO plugin. -->","yoast_head_json":{"title":"IN CAMMINO A MONTECATINI PER IL TUSCANY WALKING EVENT - Gamberetta","robots":{"index":"index","follow":"follow","max-snippet":"max-snippet:-1","max-image-preview":"max-image-preview:large","max-video-preview":"max-video-preview:-1"},"canonical":"https:\/\/www.gamberetta.it\/it\/2019\/10\/20\/in-cammino-a-montecatini-per-il-tuscany-walking-event\/","og_locale":"it_IT","og_type":"article","og_title":"IN CAMMINO A MONTECATINI PER IL TUSCANY WALKING EVENT - Gamberetta","og_description":"Montecatini Terme \u00e8 la ridente cittadina toscana che ho scoperto due settimane fa in occasione di Tuscany Walking Event (TWE) costola dell&#8217;evento analogo Mallorca Walking Event a cui ho preso parte sei mesi fa. Quest&#8217;ultimo si \u00e8 tenuto ad aprile 2019 nella pi\u00f9 grande delle isole Baleari, l&#8217;ho raccontato in questo post. Organizzati da una &hellip; Leggi tutto","og_url":"https:\/\/www.gamberetta.it\/it\/2019\/10\/20\/in-cammino-a-montecatini-per-il-tuscany-walking-event\/","og_site_name":"Gamberetta","article_publisher":"https:\/\/www.facebook.com\/Gamberettatravelblog","article_published_time":"2019-10-20T10:32:12+00:00","article_modified_time":"2021-08-17T14:25:55+00:00","author":"gamberetta","twitter_card":"summary_large_image","twitter_creator":"@robertazennaro","twitter_site":"@robertazennaro","twitter_misc":{"Scritto da":"gamberetta","Tempo di lettura stimato":"9 minuti"},"schema":{"@context":"https:\/\/schema.org","@graph":[{"@type":"WebPage","@id":"https:\/\/www.gamberetta.it\/it\/2019\/10\/20\/in-cammino-a-montecatini-per-il-tuscany-walking-event\/","url":"https:\/\/www.gamberetta.it\/it\/2019\/10\/20\/in-cammino-a-montecatini-per-il-tuscany-walking-event\/","name":"IN CAMMINO A MONTECATINI PER IL TUSCANY WALKING EVENT - Gamberetta","isPartOf":{"@id":"https:\/\/www.gamberetta.it\/it\/#website"},"primaryImageOfPage":{"@id":"https:\/\/www.gamberetta.it\/it\/2019\/10\/20\/in-cammino-a-montecatini-per-il-tuscany-walking-event\/#primaryimage"},"image":{"@id":"https:\/\/www.gamberetta.it\/it\/2019\/10\/20\/in-cammino-a-montecatini-per-il-tuscany-walking-event\/#primaryimage"},"thumbnailUrl":"","datePublished":"2019-10-20T10:32:12+00:00","dateModified":"2021-08-17T14:25:55+00:00","author":{"@id":"https:\/\/www.gamberetta.it\/it\/#\/schema\/person\/7a4a919927c944edb5f3f9c665590124"},"breadcrumb":{"@id":"https:\/\/www.gamberetta.it\/it\/2019\/10\/20\/in-cammino-a-montecatini-per-il-tuscany-walking-event\/#breadcrumb"},"inLanguage":"it-IT","potentialAction":[{"@type":"ReadAction","target":["https:\/\/www.gamberetta.it\/it\/2019\/10\/20\/in-cammino-a-montecatini-per-il-tuscany-walking-event\/"]}]},{"@type":"ImageObject","inLanguage":"it-IT","@id":"https:\/\/www.gamberetta.it\/it\/2019\/10\/20\/in-cammino-a-montecatini-per-il-tuscany-walking-event\/#primaryimage","url":"","contentUrl":""},{"@type":"BreadcrumbList","@id":"https:\/\/www.gamberetta.it\/it\/2019\/10\/20\/in-cammino-a-montecatini-per-il-tuscany-walking-event\/#breadcrumb","itemListElement":[{"@type":"ListItem","position":1,"name":"Home","item":"https:\/\/www.gamberetta.it\/it\/"},{"@type":"ListItem","position":2,"name":"IN CAMMINO A MONTECATINI PER IL TUSCANY WALKING EVENT"}]},{"@type":"WebSite","@id":"https:\/\/www.gamberetta.it\/it\/#website","url":"https:\/\/www.gamberetta.it\/it\/","name":"Gamberetta","description":"Il mio blog senza fronzoli: pensieri e parole, sempre e ovunque in viaggio","potentialAction":[{"@type":"SearchAction","target":{"@type":"EntryPoint","urlTemplate":"https:\/\/www.gamberetta.it\/it\/?s={search_term_string}"},"query-input":{"@type":"PropertyValueSpecification","valueRequired":true,"valueName":"search_term_string"}}],"inLanguage":"it-IT"},{"@type":"Person","@id":"https:\/\/www.gamberetta.it\/it\/#\/schema\/person\/7a4a919927c944edb5f3f9c665590124","name":"gamberetta","image":{"@type":"ImageObject","inLanguage":"it-IT","@id":"https:\/\/www.gamberetta.it\/it\/#\/schema\/person\/image\/","url":"https:\/\/secure.gravatar.com\/avatar\/7ef5d82656b8958070b4f589b7ae1784?s=96&d=mm&r=g","contentUrl":"https:\/\/secure.gravatar.com\/avatar\/7ef5d82656b8958070b4f589b7ae1784?s=96&d=mm&r=g","caption":"gamberetta"},"description":"Sono Toro ascendente Scorpione, terra di contrasti dove ora prevale una met\u00e0, ora l\u2019altra. L\u2019infanzia in Veneto e gli ultimi anni passati a Milano hanno sviluppato in me una serie ulteriore di conflitti. Scrivo da sempre, la scrittura \u00e8 la migliore forma espressiva che mi consente di fissare concetti altrimenti sospesi nell\u2019aria. Da bambina scrivevo poesie con uno stile quasi leopardiano poi sono passata ai diari di viaggio dalla prima volta in USA nel 1998 e non ho pi\u00f9 smesso...","url":"https:\/\/www.gamberetta.it\/it\/author\/gamberettarossa\/"}]}},"_links":{"self":[{"href":"https:\/\/www.gamberetta.it\/it\/wp-json\/wp\/v2\/posts\/15547"}],"collection":[{"href":"https:\/\/www.gamberetta.it\/it\/wp-json\/wp\/v2\/posts"}],"about":[{"href":"https:\/\/www.gamberetta.it\/it\/wp-json\/wp\/v2\/types\/post"}],"author":[{"embeddable":true,"href":"https:\/\/www.gamberetta.it\/it\/wp-json\/wp\/v2\/users\/2"}],"replies":[{"embeddable":true,"href":"https:\/\/www.gamberetta.it\/it\/wp-json\/wp\/v2\/comments?post=15547"}],"version-history":[{"count":5,"href":"https:\/\/www.gamberetta.it\/it\/wp-json\/wp\/v2\/posts\/15547\/revisions"}],"predecessor-version":[{"id":17954,"href":"https:\/\/www.gamberetta.it\/it\/wp-json\/wp\/v2\/posts\/15547\/revisions\/17954"}],"wp:featuredmedia":[{"embeddable":true,"href":"https:\/\/www.gamberetta.it\/it\/wp-json\/wp\/v2\/media\/17956"}],"wp:attachment":[{"href":"https:\/\/www.gamberetta.it\/it\/wp-json\/wp\/v2\/media?parent=15547"}],"wp:term":[{"taxonomy":"category","embeddable":true,"href":"https:\/\/www.gamberetta.it\/it\/wp-json\/wp\/v2\/categories?post=15547"},{"taxonomy":"post_tag","embeddable":true,"href":"https:\/\/www.gamberetta.it\/it\/wp-json\/wp\/v2\/tags?post=15547"}],"curies":[{"name":"wp","href":"https:\/\/api.w.org\/{rel}","templated":true}]}}