{"id":15625,"date":"2019-10-24T00:45:57","date_gmt":"2019-10-23T22:45:57","guid":{"rendered":"https:\/\/www.gamberetta.it\/it\/?p=15625"},"modified":"2021-08-16T19:50:54","modified_gmt":"2021-08-16T17:50:54","slug":"in-cammino-in-calabria-lungo-la-via-popilia","status":"publish","type":"post","link":"https:\/\/www.gamberetta.it\/it\/2019\/10\/24\/in-cammino-in-calabria-lungo-la-via-popilia\/","title":{"rendered":"IN CAMMINO IN CALABRIA LUNGO LA VIA POPILIA"},"content":{"rendered":"\n<p>All&#8217;inizio\ndi ottobre sono scesa nel profondo sud per una settimana in cammino,\nin quella Calabria autentica che da tre anni scopro a pezzetti e\nsempre mi sorprende, fatta com&#8217;\u00e8 di profondi contrasti. Borghi e\npaesaggi, nuove infrastrutture e sentieri selvaggi, gente schiva e\ncontinui assaggi. Cose di una volta che nel profondo sud sono ancora\nvere, vissute. Dopo tutto il tempo impiegato per arrivare laggi\u00f9\nmeritano una visita approfondita, non certo un viaggio mordi e fuggi.\n\n<\/p>\n\n\n\n<figure class=\"wp-block-image\"><img loading=\"lazy\" decoding=\"async\" width=\"768\" height=\"1024\" src=\"https:\/\/www.gamberetta.it\/wp-content\/uploads\/2019\/10\/IMG_20191006_101848-768x1024.jpg\" alt=\"\" class=\"wp-image-15629\" srcset=\"https:\/\/www.gamberetta.it\/wp-content\/uploads\/2019\/10\/IMG_20191006_101848-768x1024.jpg 768w, https:\/\/www.gamberetta.it\/wp-content\/uploads\/2019\/10\/IMG_20191006_101848-225x300.jpg 225w, https:\/\/www.gamberetta.it\/wp-content\/uploads\/2019\/10\/IMG_20191006_101848-600x800.jpg 600w, https:\/\/www.gamberetta.it\/wp-content\/uploads\/2019\/10\/IMG_20191006_101848.jpg 900w\" sizes=\"(max-width: 768px) 100vw, 768px\" \/><\/figure>\n\n\n\n<p>E come dico spesso: cosa c&#8217;\u00e8 di meglio di camminare per scoprire un territorio?  <\/p>\n\n\n\n<figure class=\"wp-block-image\"><img loading=\"lazy\" decoding=\"async\" width=\"1024\" height=\"768\" src=\"https:\/\/www.gamberetta.it\/wp-content\/uploads\/2019\/10\/IMG_20191006_111507-1024x768.jpg\" alt=\"\" class=\"wp-image-15627\" srcset=\"https:\/\/www.gamberetta.it\/wp-content\/uploads\/2019\/10\/IMG_20191006_111507-1024x768.jpg 1024w, https:\/\/www.gamberetta.it\/wp-content\/uploads\/2019\/10\/IMG_20191006_111507-300x225.jpg 300w, https:\/\/www.gamberetta.it\/wp-content\/uploads\/2019\/10\/IMG_20191006_111507-768x576.jpg 768w, https:\/\/www.gamberetta.it\/wp-content\/uploads\/2019\/10\/IMG_20191006_111507-1000x750.jpg 1000w, https:\/\/www.gamberetta.it\/wp-content\/uploads\/2019\/10\/IMG_20191006_111507-570x428.jpg 570w, https:\/\/www.gamberetta.it\/wp-content\/uploads\/2019\/10\/IMG_20191006_111507-330x248.jpg 330w, https:\/\/www.gamberetta.it\/wp-content\/uploads\/2019\/10\/IMG_20191006_111507.jpg 1200w\" sizes=\"(max-width: 1024px) 100vw, 1024px\" \/><\/figure>\n\n\n\n<p>Potr\u00e0 sembrare paradossale ma da tempo non mi trovavo in un luogo cos\u00ec arroccato al suo passato, in senso fisico e figurato, e al contempo immerso nel presente ma aperto, in alcune istanze, al futuro. Anelante a uno sviluppo necessario per garantire un domani grazie la nascita di nuove imprese, al fermento di idee portate qui da giovani emigranti di ritorno, portate avanti da amministratori locali (sindaci e non solo), da associazioni e gruppi (con molto volontariato). Tutte queste persone ci hanno prima ospitato, sfamato, dissetato nel migliore spirito meridionale, e poi allietato con le loro storie struggenti che parlano di tradizioni vive, grandi sacrifici e sane prospettive. Sempre col sorriso sulle labbra e senza dimenticare i problemi vecchi e nuovi della regione, la presenza della malavita, una reputazione non certo brillante frutto di pregiudizi e fatti di cronaca.<\/p>\n\n\n\n<figure class=\"wp-block-image\"><img loading=\"lazy\" decoding=\"async\" width=\"1024\" height=\"768\" src=\"https:\/\/www.gamberetta.it\/wp-content\/uploads\/2019\/10\/IMG_20191006_144629-1024x768.jpg\" alt=\"\" class=\"wp-image-15628\" srcset=\"https:\/\/www.gamberetta.it\/wp-content\/uploads\/2019\/10\/IMG_20191006_144629-1024x768.jpg 1024w, https:\/\/www.gamberetta.it\/wp-content\/uploads\/2019\/10\/IMG_20191006_144629-300x225.jpg 300w, https:\/\/www.gamberetta.it\/wp-content\/uploads\/2019\/10\/IMG_20191006_144629-768x576.jpg 768w, https:\/\/www.gamberetta.it\/wp-content\/uploads\/2019\/10\/IMG_20191006_144629-1000x750.jpg 1000w, https:\/\/www.gamberetta.it\/wp-content\/uploads\/2019\/10\/IMG_20191006_144629-570x428.jpg 570w, https:\/\/www.gamberetta.it\/wp-content\/uploads\/2019\/10\/IMG_20191006_144629-330x248.jpg 330w, https:\/\/www.gamberetta.it\/wp-content\/uploads\/2019\/10\/IMG_20191006_144629.jpg 1200w\" sizes=\"(max-width: 1024px) 100vw, 1024px\" \/><\/figure>\n\n\n\n<p>Se scrivo tutto ora vengono fuori migliaia di parole, provo a scandirle piano per diluire io stessa il dolce peso delle emozioni di questo viaggio, particolarmente toccante. E pure faticoso.<\/p>\n\n\n\n<figure class=\"wp-block-image\"><img loading=\"lazy\" decoding=\"async\" width=\"1024\" height=\"768\" src=\"https:\/\/www.gamberetta.it\/wp-content\/uploads\/2019\/10\/IMG_20191006_104453-1024x768.jpg\" alt=\"\" class=\"wp-image-15630\" srcset=\"https:\/\/www.gamberetta.it\/wp-content\/uploads\/2019\/10\/IMG_20191006_104453-1024x768.jpg 1024w, https:\/\/www.gamberetta.it\/wp-content\/uploads\/2019\/10\/IMG_20191006_104453-300x225.jpg 300w, https:\/\/www.gamberetta.it\/wp-content\/uploads\/2019\/10\/IMG_20191006_104453-768x576.jpg 768w, https:\/\/www.gamberetta.it\/wp-content\/uploads\/2019\/10\/IMG_20191006_104453-1000x750.jpg 1000w, https:\/\/www.gamberetta.it\/wp-content\/uploads\/2019\/10\/IMG_20191006_104453-570x428.jpg 570w, https:\/\/www.gamberetta.it\/wp-content\/uploads\/2019\/10\/IMG_20191006_104453-330x248.jpg 330w, https:\/\/www.gamberetta.it\/wp-content\/uploads\/2019\/10\/IMG_20191006_104453.jpg 1200w\" sizes=\"(max-width: 1024px) 100vw, 1024px\" \/><\/figure>\n\n\n\n<p>Camminare per una settimana \u00e8 stata una piccola impresa che non ero sicura di compiere, finch\u00e9 mi sono decisa di aderire all&#8217;invito del presidente di <strong>Associazione La Via Popilia<\/strong>,con cui ero in contatto da due anni, l&#8217;ingegner Ferdinando Morelli che inizio a ringraziare da qui. Ho dovuto farmi qualche esame di coscienza sulle condizioni della mia schiena, e non solo, prima di partire. Gli organizzatori hanno assicurato la presenza di un mezzo d&#8217;appoggio e hanno preparato un programma che sapientemente alternava il cammino alle visite ai borghi, per cui non avrei dovuto camminare per i classici 20 \u2013 25 chilometri al giorno ma solo 12 \u2013 15 chilometri, senza portare lo zaino in spalla. Ho confermato la mia presenza e preparato i bagagli: trolley e zainetto.  <\/p>\n\n\n\n<figure class=\"wp-block-image\"><img loading=\"lazy\" decoding=\"async\" width=\"1024\" height=\"768\" src=\"https:\/\/www.gamberetta.it\/wp-content\/uploads\/2019\/10\/IMG_20191006_173404-1024x768.jpg\" alt=\"\" class=\"wp-image-15631\" srcset=\"https:\/\/www.gamberetta.it\/wp-content\/uploads\/2019\/10\/IMG_20191006_173404-1024x768.jpg 1024w, https:\/\/www.gamberetta.it\/wp-content\/uploads\/2019\/10\/IMG_20191006_173404-300x225.jpg 300w, https:\/\/www.gamberetta.it\/wp-content\/uploads\/2019\/10\/IMG_20191006_173404-768x576.jpg 768w, https:\/\/www.gamberetta.it\/wp-content\/uploads\/2019\/10\/IMG_20191006_173404-1000x750.jpg 1000w, https:\/\/www.gamberetta.it\/wp-content\/uploads\/2019\/10\/IMG_20191006_173404-570x428.jpg 570w, https:\/\/www.gamberetta.it\/wp-content\/uploads\/2019\/10\/IMG_20191006_173404-330x248.jpg 330w, https:\/\/www.gamberetta.it\/wp-content\/uploads\/2019\/10\/IMG_20191006_173404.jpg 1200w\" sizes=\"(max-width: 1024px) 100vw, 1024px\" \/><\/figure>\n\n\n\n<p>In caso di pioggia era pronto il piano B che abbiamo dovuto attuare un paio di volte, senza perdere tempo n\u00e9  perderci d&#8217;animo. Alla fine ero stanca, lo confesso, poich\u00e9 mi spaventava la descrizione di un paio di percorsi ci ho rinunciato e ho atteso gli amici all&#8217;arrivo sul pulmino. Oppure mi sono aggregata al gruppo birretta, coloro che hanno preferito una pausa nel baretto del paese prima di riunirci ai camminatori pi\u00f9 tosti.<\/p>\n\n\n\n<figure class=\"wp-block-image\"><img loading=\"lazy\" decoding=\"async\" width=\"1024\" height=\"768\" src=\"https:\/\/www.gamberetta.it\/wp-content\/uploads\/2019\/10\/IMG_20191008_175005-1024x768.jpg\" alt=\"\" class=\"wp-image-15632\" srcset=\"https:\/\/www.gamberetta.it\/wp-content\/uploads\/2019\/10\/IMG_20191008_175005-1024x768.jpg 1024w, https:\/\/www.gamberetta.it\/wp-content\/uploads\/2019\/10\/IMG_20191008_175005-300x225.jpg 300w, https:\/\/www.gamberetta.it\/wp-content\/uploads\/2019\/10\/IMG_20191008_175005-768x576.jpg 768w, https:\/\/www.gamberetta.it\/wp-content\/uploads\/2019\/10\/IMG_20191008_175005-1000x750.jpg 1000w, https:\/\/www.gamberetta.it\/wp-content\/uploads\/2019\/10\/IMG_20191008_175005-570x428.jpg 570w, https:\/\/www.gamberetta.it\/wp-content\/uploads\/2019\/10\/IMG_20191008_175005-330x248.jpg 330w, https:\/\/www.gamberetta.it\/wp-content\/uploads\/2019\/10\/IMG_20191008_175005.jpg 1200w\" sizes=\"(max-width: 1024px) 100vw, 1024px\" \/><\/figure>\n\n\n\n<p>Partenza sabato cinque ottobre, rientro sabato dodici ottobre. Sono scesa dalla Toscana (dov&#8217;ero andata a camminare, NdR) in auto con due grandi camminatori, che non conoscevo ma in sette ore di viaggio siamo diventati un po&#8217; amici, chiacchierando e cantando. Abbiamo continuato a conoscerci in Calabria e il prossimo mese spero di andare a camminare da loro in Toscana. Dopo la Via Popilia vorrei conoscere la Via Sacra Etrusca, un nuovo cammino che parte da Pisa e in circa 300 chilometri arriva al Lazio settentrionale, attraverso il cuore pi\u00f9 antico della Toscana. <\/p>\n\n\n\n<figure class=\"wp-block-image\"><img loading=\"lazy\" decoding=\"async\" width=\"1024\" height=\"768\" src=\"https:\/\/www.gamberetta.it\/wp-content\/uploads\/2019\/10\/IMG_20191010_130412-1024x768.jpg\" alt=\"\" class=\"wp-image-15633\" srcset=\"https:\/\/www.gamberetta.it\/wp-content\/uploads\/2019\/10\/IMG_20191010_130412-1024x768.jpg 1024w, https:\/\/www.gamberetta.it\/wp-content\/uploads\/2019\/10\/IMG_20191010_130412-300x225.jpg 300w, https:\/\/www.gamberetta.it\/wp-content\/uploads\/2019\/10\/IMG_20191010_130412-768x576.jpg 768w, https:\/\/www.gamberetta.it\/wp-content\/uploads\/2019\/10\/IMG_20191010_130412-1000x750.jpg 1000w, https:\/\/www.gamberetta.it\/wp-content\/uploads\/2019\/10\/IMG_20191010_130412-570x428.jpg 570w, https:\/\/www.gamberetta.it\/wp-content\/uploads\/2019\/10\/IMG_20191010_130412-330x248.jpg 330w, https:\/\/www.gamberetta.it\/wp-content\/uploads\/2019\/10\/IMG_20191010_130412.jpg 1200w\" sizes=\"(max-width: 1024px) 100vw, 1024px\" \/><\/figure>\n\n\n\n<h2 class=\"wp-block-heading\"> I MIEI NUOVI COMPAGNI DI CAMMINO<\/h2>\n\n\n\n<p>A cinquant&#8217;anni suonati e a fronte dei tanti tour tra cui gli ultimi, in cui sempre pi\u00f9 spesso sono circondata da giovincelli, anche sulla Via Popilia pensavo di camminare con persone pi\u00f9 piccole, a cui dispensare le mie perle di saggia viaggiatrice e le esperienze in giro per il mondo. Invece NO, al contrario ero la pi\u00f9 giovane ed \u00e8 stato assai piacevole trovarmi nella fascia junior, avere accanto brillanti coetanee, illustri viaggiatori e camminatori, ora amici. Li ho osservati e fotografati, anche di soppiatto, con alterni risultati.<\/p>\n\n\n\n<figure class=\"wp-block-image\"><img loading=\"lazy\" decoding=\"async\" width=\"768\" height=\"1024\" src=\"https:\/\/www.gamberetta.it\/wp-content\/uploads\/2019\/10\/IMG_20191006_092602-768x1024.jpg\" alt=\"\" class=\"wp-image-15637\" srcset=\"https:\/\/www.gamberetta.it\/wp-content\/uploads\/2019\/10\/IMG_20191006_092602-768x1024.jpg 768w, https:\/\/www.gamberetta.it\/wp-content\/uploads\/2019\/10\/IMG_20191006_092602-225x300.jpg 225w, https:\/\/www.gamberetta.it\/wp-content\/uploads\/2019\/10\/IMG_20191006_092602-600x800.jpg 600w, https:\/\/www.gamberetta.it\/wp-content\/uploads\/2019\/10\/IMG_20191006_092602.jpg 900w\" sizes=\"(max-width: 768px) 100vw, 768px\" \/><\/figure>\n\n\n\n<p><strong> <\/strong> Nuovi compagni di cammino sono pure i calabresi, ho chiesto loro di raccontarsi e spero raccolgano l&#8217;appello, per unire le loro voci alla mia e fare della nostra esperienza, anche stavolta, un racconto corale.<\/p>\n\n\n\n<figure class=\"wp-block-image\"><img loading=\"lazy\" decoding=\"async\" width=\"1024\" height=\"768\" src=\"https:\/\/www.gamberetta.it\/wp-content\/uploads\/2019\/10\/IMG_20191009_085245-1024x768.jpg\" alt=\"\" class=\"wp-image-15635\" srcset=\"https:\/\/www.gamberetta.it\/wp-content\/uploads\/2019\/10\/IMG_20191009_085245-1024x768.jpg 1024w, https:\/\/www.gamberetta.it\/wp-content\/uploads\/2019\/10\/IMG_20191009_085245-300x225.jpg 300w, https:\/\/www.gamberetta.it\/wp-content\/uploads\/2019\/10\/IMG_20191009_085245-768x576.jpg 768w, https:\/\/www.gamberetta.it\/wp-content\/uploads\/2019\/10\/IMG_20191009_085245-1000x750.jpg 1000w, https:\/\/www.gamberetta.it\/wp-content\/uploads\/2019\/10\/IMG_20191009_085245-570x428.jpg 570w, https:\/\/www.gamberetta.it\/wp-content\/uploads\/2019\/10\/IMG_20191009_085245-330x248.jpg 330w, https:\/\/www.gamberetta.it\/wp-content\/uploads\/2019\/10\/IMG_20191009_085245.jpg 1200w\" sizes=\"(max-width: 1024px) 100vw, 1024px\" \/><\/figure>\n\n\n\n<p>Cosa fa il cammino alle persone? Le unisce prima nel silenzio e nella fatica del camminare, ognuno nel suo spazio dentro e fuori dal corpo, poi nelle pause e nei momenti conviviali. Alla fine della giornata a tavola si consuma il racconto della giornata, condiviso e aumentato dalle sensazioni personali, dalle esperienze di ciascuno, una cosa bellissima. Di seguito un breve profilo personale dei miei nuovi amici, che saluto con questa semplice domanda: Quando ci rimettiamo in cammino?<\/p>\n\n\n\n<figure class=\"wp-block-image\"><img loading=\"lazy\" decoding=\"async\" width=\"768\" height=\"1024\" src=\"https:\/\/www.gamberetta.it\/wp-content\/uploads\/2019\/10\/IMG_20191009_175608-768x1024.jpg\" alt=\"\" class=\"wp-image-15639\" srcset=\"https:\/\/www.gamberetta.it\/wp-content\/uploads\/2019\/10\/IMG_20191009_175608-768x1024.jpg 768w, https:\/\/www.gamberetta.it\/wp-content\/uploads\/2019\/10\/IMG_20191009_175608-225x300.jpg 225w, https:\/\/www.gamberetta.it\/wp-content\/uploads\/2019\/10\/IMG_20191009_175608-600x800.jpg 600w, https:\/\/www.gamberetta.it\/wp-content\/uploads\/2019\/10\/IMG_20191009_175608.jpg 900w\" sizes=\"(max-width: 768px) 100vw, 768px\" \/><\/figure>\n\n\n\n<h2 class=\"wp-block-heading\">ISABELLA<\/h2>\n\n\n\n<p>Canadese di nascita, italiana anzi calabrese di stirpe, Isabella Voce ha scelto la Calabria per studiare e al suo arrivo nella terra natia, dopo lo shock iniziale climatico e umano, ha capito che qui voleva stare e qui ha trovato l&#8217;amore con cui ha messo su famiglia. Con Tonino Isabella condivide oneri e onori di raccontare la Calabria ai canadesi tra i quali vi sono migliaia di oriundi italiani, soprattutto nella citt\u00e0 dov&#8217;\u00e8 nata, Toronto. Turismo delle radici \u00e8 il soggetto della loro attivit\u00e0 di operatore turistico incoming, nata per promuovere la Calabria come destinazione turistica sia alla scoperta delle sue bellezze, sia per cercare le origini e le storie che ciascuna famiglia ha portato con s\u00e9, da una sponda all&#8217;altra dell&#8217;Oceano.<\/p>\n\n\n\n<p><strong> <\/strong> <\/p>\n\n\n\n<figure class=\"wp-block-image\"><img loading=\"lazy\" decoding=\"async\" width=\"1024\" height=\"768\" src=\"https:\/\/www.gamberetta.it\/wp-content\/uploads\/2019\/10\/IMG_20191006_150914-1024x768.jpg\" alt=\"\" class=\"wp-image-15643\" srcset=\"https:\/\/www.gamberetta.it\/wp-content\/uploads\/2019\/10\/IMG_20191006_150914-1024x768.jpg 1024w, https:\/\/www.gamberetta.it\/wp-content\/uploads\/2019\/10\/IMG_20191006_150914-300x225.jpg 300w, https:\/\/www.gamberetta.it\/wp-content\/uploads\/2019\/10\/IMG_20191006_150914-768x576.jpg 768w, https:\/\/www.gamberetta.it\/wp-content\/uploads\/2019\/10\/IMG_20191006_150914-1000x750.jpg 1000w, https:\/\/www.gamberetta.it\/wp-content\/uploads\/2019\/10\/IMG_20191006_150914-570x428.jpg 570w, https:\/\/www.gamberetta.it\/wp-content\/uploads\/2019\/10\/IMG_20191006_150914-330x248.jpg 330w, https:\/\/www.gamberetta.it\/wp-content\/uploads\/2019\/10\/IMG_20191006_150914.jpg 1200w\" sizes=\"(max-width: 1024px) 100vw, 1024px\" \/><\/figure>\n\n\n\n<figure class=\"wp-block-image\"><img loading=\"lazy\" decoding=\"async\" width=\"1024\" height=\"768\" src=\"https:\/\/www.gamberetta.it\/wp-content\/uploads\/2019\/10\/IMG_20191006_115552-1024x768.jpg\" alt=\"\" class=\"wp-image-15645\" srcset=\"https:\/\/www.gamberetta.it\/wp-content\/uploads\/2019\/10\/IMG_20191006_115552-1024x768.jpg 1024w, https:\/\/www.gamberetta.it\/wp-content\/uploads\/2019\/10\/IMG_20191006_115552-300x225.jpg 300w, https:\/\/www.gamberetta.it\/wp-content\/uploads\/2019\/10\/IMG_20191006_115552-768x576.jpg 768w, https:\/\/www.gamberetta.it\/wp-content\/uploads\/2019\/10\/IMG_20191006_115552-1000x750.jpg 1000w, https:\/\/www.gamberetta.it\/wp-content\/uploads\/2019\/10\/IMG_20191006_115552-570x428.jpg 570w, https:\/\/www.gamberetta.it\/wp-content\/uploads\/2019\/10\/IMG_20191006_115552-330x248.jpg 330w, https:\/\/www.gamberetta.it\/wp-content\/uploads\/2019\/10\/IMG_20191006_115552.jpg 1200w\" sizes=\"(max-width: 1024px) 100vw, 1024px\" \/><\/figure>\n\n\n\n<h2 class=\"wp-block-heading\">EMILIO E CRISTINA<\/h2>\n\n\n\n<p>Riminesi doc e motociclisti, Emilio Salvatori e Cristina Zoli scoprono il mondo su due ruote. Fanno viaggiare le persone sia verso Rimini sia verso mete lontane. Si muovono in moto per viaggiare due volte, non solo verso una destinazione ma per tutto il tempo del viaggio. Ci hanno raggiunto a Laino Borgo proprio in sella alla loro motocicletta, quando sono scesi hanno tolto il casco per presentarsi. Li ho visti un poco stanchi per la lunga traversata dell&#8217;Italia e un attimo perplessi all&#8217;idea di lasciare il loro mezzo qualche giorno, per unirsi a noi in cammino. Un bel cambio, non c&#8217;\u00e8 che dire, ma ci siamo subito affiatati e alla fine del giro si sono rimessi in moto per rifare il percorso verso nord, lungo i mille chilometri che separano Cosenza da Rimini. Ho molto imparato dal loro modo impeccabile, sempre garbato e rispettoso nonostante le tante esperienze al loro attivo, di approcciarsi al viaggio con qualunque mezzo, con la curiosit\u00e0 di un bambino pronto e attento a vedere chi o cosa c&#8217;\u00e8 oltre una collina o dentro un edificio. Una bella lezione per me da viaggiatrice, non su due ruote. Moto e Viaggi \u00e8 il portale con i loro tanti reportage di viaggio.<\/p>\n\n\n\n<figure class=\"wp-block-image\"><img loading=\"lazy\" decoding=\"async\" width=\"1024\" height=\"768\" src=\"https:\/\/www.gamberetta.it\/wp-content\/uploads\/2019\/10\/IMG_20191009_083141-1024x768.jpg\" alt=\"\" class=\"wp-image-15659\" srcset=\"https:\/\/www.gamberetta.it\/wp-content\/uploads\/2019\/10\/IMG_20191009_083141-1024x768.jpg 1024w, https:\/\/www.gamberetta.it\/wp-content\/uploads\/2019\/10\/IMG_20191009_083141-300x225.jpg 300w, https:\/\/www.gamberetta.it\/wp-content\/uploads\/2019\/10\/IMG_20191009_083141-768x576.jpg 768w, https:\/\/www.gamberetta.it\/wp-content\/uploads\/2019\/10\/IMG_20191009_083141-1000x750.jpg 1000w, https:\/\/www.gamberetta.it\/wp-content\/uploads\/2019\/10\/IMG_20191009_083141-570x428.jpg 570w, https:\/\/www.gamberetta.it\/wp-content\/uploads\/2019\/10\/IMG_20191009_083141-330x248.jpg 330w, https:\/\/www.gamberetta.it\/wp-content\/uploads\/2019\/10\/IMG_20191009_083141.jpg 1200w\" sizes=\"(max-width: 1024px) 100vw, 1024px\" \/><\/figure>\n\n\n\n<figure class=\"wp-block-image\"><img loading=\"lazy\" decoding=\"async\" width=\"1024\" height=\"768\" src=\"https:\/\/www.gamberetta.it\/wp-content\/uploads\/2019\/10\/IMG_20191007_111908-1024x768.jpg\" alt=\"\" class=\"wp-image-15655\" srcset=\"https:\/\/www.gamberetta.it\/wp-content\/uploads\/2019\/10\/IMG_20191007_111908-1024x768.jpg 1024w, https:\/\/www.gamberetta.it\/wp-content\/uploads\/2019\/10\/IMG_20191007_111908-300x225.jpg 300w, https:\/\/www.gamberetta.it\/wp-content\/uploads\/2019\/10\/IMG_20191007_111908-768x576.jpg 768w, https:\/\/www.gamberetta.it\/wp-content\/uploads\/2019\/10\/IMG_20191007_111908-1000x750.jpg 1000w, https:\/\/www.gamberetta.it\/wp-content\/uploads\/2019\/10\/IMG_20191007_111908-570x428.jpg 570w, https:\/\/www.gamberetta.it\/wp-content\/uploads\/2019\/10\/IMG_20191007_111908-330x248.jpg 330w, https:\/\/www.gamberetta.it\/wp-content\/uploads\/2019\/10\/IMG_20191007_111908.jpg 1200w\" sizes=\"(max-width: 1024px) 100vw, 1024px\" \/><\/figure>\n\n\n\n<h2 class=\"wp-block-heading\">GIANFRANCO<\/h2>\n\n\n\n<p>Toscano doc, scrittore, divulgatore e camminatore di lungo corso, pioniere di diversi cammini oggi diventati di moda, Gianfranco Bracci studia e costruisce percorsi escursionistici di varia difficolt\u00e0. Progettare sentieri \u00e8 una cosa seria e in questi anni di turismo lento, con la riscossa dei cammini in vertiginoso sviluppo pi\u00f9 di altre attivit\u00e0 ludico sportive, c&#8217;\u00e8 tanto bisogno di affrontarli con seriet\u00e0 e in sicurezza. Camminare con Gianfranco \u00e8 una fonte di arricchimento costante per la gioia che traspare dalle sue parole, dagli sguardi protesi verso l&#8217;infinito, dai movimenti armoniosi e sicuri di un corpo plasmato per camminare: \u00e8 stato un piacere conoscerlo e lo attendo trepidante per il prossimo cammino, lungo la Via Sacra Etrusca.<\/p>\n\n\n\n<figure class=\"wp-block-image\"><img loading=\"lazy\" decoding=\"async\" width=\"1024\" height=\"768\" src=\"https:\/\/www.gamberetta.it\/wp-content\/uploads\/2019\/10\/IMG_20191009_123348-1024x768.jpg\" alt=\"\" class=\"wp-image-15649\" srcset=\"https:\/\/www.gamberetta.it\/wp-content\/uploads\/2019\/10\/IMG_20191009_123348-1024x768.jpg 1024w, https:\/\/www.gamberetta.it\/wp-content\/uploads\/2019\/10\/IMG_20191009_123348-300x225.jpg 300w, https:\/\/www.gamberetta.it\/wp-content\/uploads\/2019\/10\/IMG_20191009_123348-768x576.jpg 768w, https:\/\/www.gamberetta.it\/wp-content\/uploads\/2019\/10\/IMG_20191009_123348-1000x750.jpg 1000w, https:\/\/www.gamberetta.it\/wp-content\/uploads\/2019\/10\/IMG_20191009_123348-570x428.jpg 570w, https:\/\/www.gamberetta.it\/wp-content\/uploads\/2019\/10\/IMG_20191009_123348-330x248.jpg 330w, https:\/\/www.gamberetta.it\/wp-content\/uploads\/2019\/10\/IMG_20191009_123348.jpg 1200w\" sizes=\"(max-width: 1024px) 100vw, 1024px\" \/><\/figure>\n\n\n\n<h2 class=\"wp-block-heading\">LEONARDO<\/h2>\n\n\n\n<p>Dirigente bancario in pensione, toscano come Gianfranco il suo amico e compagno di merende, Leonardo Valentini si comporta da moderno trascinatore di folle. Capace di condurre le persone come un abile direttore d&#8217;orchestra, unisce gesti sicuri a parole forbite, in vari idiomi del presente e del passato. Canta pure, a volte \u00e8 facile seguirlo a volte \u00e8 meglio lasciarlo fare, specie quando mescola seriet\u00e0 e facezie, rigore e colore.  <\/p>\n\n\n\n<figure class=\"wp-block-image\"><img loading=\"lazy\" decoding=\"async\" width=\"1024\" height=\"768\" src=\"https:\/\/www.gamberetta.it\/wp-content\/uploads\/2019\/10\/IMG_20191008_170609-1024x768.jpg\" alt=\"\" class=\"wp-image-15651\" srcset=\"https:\/\/www.gamberetta.it\/wp-content\/uploads\/2019\/10\/IMG_20191008_170609-1024x768.jpg 1024w, https:\/\/www.gamberetta.it\/wp-content\/uploads\/2019\/10\/IMG_20191008_170609-300x225.jpg 300w, https:\/\/www.gamberetta.it\/wp-content\/uploads\/2019\/10\/IMG_20191008_170609-768x576.jpg 768w, https:\/\/www.gamberetta.it\/wp-content\/uploads\/2019\/10\/IMG_20191008_170609-1000x750.jpg 1000w, https:\/\/www.gamberetta.it\/wp-content\/uploads\/2019\/10\/IMG_20191008_170609-570x428.jpg 570w, https:\/\/www.gamberetta.it\/wp-content\/uploads\/2019\/10\/IMG_20191008_170609-330x248.jpg 330w, https:\/\/www.gamberetta.it\/wp-content\/uploads\/2019\/10\/IMG_20191008_170609.jpg 1200w\" sizes=\"(max-width: 1024px) 100vw, 1024px\" \/><\/figure>\n\n\n\n<h2 class=\"wp-block-heading\">FERDINANDO  <\/h2>\n\n\n\n<p>Il presidente dell&#8217;associazione La Via Popilia \u00e8 l&#8217;ingegner Ferdinando Morelli, a cui per due anni ho dato del lei dall&#8217;incontro a Paestum durante BMTA (Borsa Mediterranea del Turismo Archeologico) sino all&#8217;inizio del nostro cammino a Laino Borgo. Ora ci diamo del tu e posso dire che ho imparato molto da lui sulla gestione dei gruppi, della serie non si finisce mai di imparare. Se si vedono subito il suo animo di ingegnere e le indubbie capacit\u00e0 organizzative, ho imparato a conoscere anche il suo animo gentile e disponibile, che deve sempre accomodare tutto e tutti, partecipanti e collaboratori locali. Un grande uomo che ringrazio ancora di cuore.<\/p>\n\n\n\n<figure class=\"wp-block-image\"><img loading=\"lazy\" decoding=\"async\" width=\"1024\" height=\"768\" src=\"https:\/\/www.gamberetta.it\/wp-content\/uploads\/2019\/10\/IMG_20191008_104042-1024x768.jpg\" alt=\"\" class=\"wp-image-15653\" srcset=\"https:\/\/www.gamberetta.it\/wp-content\/uploads\/2019\/10\/IMG_20191008_104042-1024x768.jpg 1024w, https:\/\/www.gamberetta.it\/wp-content\/uploads\/2019\/10\/IMG_20191008_104042-300x225.jpg 300w, https:\/\/www.gamberetta.it\/wp-content\/uploads\/2019\/10\/IMG_20191008_104042-768x576.jpg 768w, https:\/\/www.gamberetta.it\/wp-content\/uploads\/2019\/10\/IMG_20191008_104042-1000x750.jpg 1000w, https:\/\/www.gamberetta.it\/wp-content\/uploads\/2019\/10\/IMG_20191008_104042-570x428.jpg 570w, https:\/\/www.gamberetta.it\/wp-content\/uploads\/2019\/10\/IMG_20191008_104042-330x248.jpg 330w, https:\/\/www.gamberetta.it\/wp-content\/uploads\/2019\/10\/IMG_20191008_104042.jpg 1200w\" sizes=\"(max-width: 1024px) 100vw, 1024px\" \/><\/figure>\n\n\n\n<figure class=\"wp-block-image\"><img loading=\"lazy\" decoding=\"async\" width=\"1024\" height=\"768\" src=\"https:\/\/www.gamberetta.it\/wp-content\/uploads\/2019\/10\/IMG_20191009_103752-1024x768.jpg\" alt=\"\" class=\"wp-image-15647\" srcset=\"https:\/\/www.gamberetta.it\/wp-content\/uploads\/2019\/10\/IMG_20191009_103752-1024x768.jpg 1024w, https:\/\/www.gamberetta.it\/wp-content\/uploads\/2019\/10\/IMG_20191009_103752-300x225.jpg 300w, https:\/\/www.gamberetta.it\/wp-content\/uploads\/2019\/10\/IMG_20191009_103752-768x576.jpg 768w, https:\/\/www.gamberetta.it\/wp-content\/uploads\/2019\/10\/IMG_20191009_103752-1000x750.jpg 1000w, https:\/\/www.gamberetta.it\/wp-content\/uploads\/2019\/10\/IMG_20191009_103752-570x428.jpg 570w, https:\/\/www.gamberetta.it\/wp-content\/uploads\/2019\/10\/IMG_20191009_103752-330x248.jpg 330w, https:\/\/www.gamberetta.it\/wp-content\/uploads\/2019\/10\/IMG_20191009_103752.jpg 1200w\" sizes=\"(max-width: 1024px) 100vw, 1024px\" \/><\/figure>\n\n\n\n<h2 class=\"wp-block-heading\">GIUSEPPE<\/h2>\n\n\n\n<p>Last but not least, l&#8217;autista del nostro pulmino (anzi dei pulmini al plurale, abbiamo dovuto cambiarlo a un certo punto) \u00e8 stato bravissimo e gentilissimo. Pure a Giuseppe Baratta va un sentito grazie, lui ci ha tirato fuori pi\u00f9 volte da situazioni delicate tipo parcheggi improbabili e fuoristrada inattesi nel buio della notte. A parte l&#8217;uscita da un parcheggio che l&#8217;ha messo in difficolt\u00e0 per il resto \u00e8 stato impeccabile. A presto!<\/p>\n\n\n\n<figure class=\"wp-block-image\"><img loading=\"lazy\" decoding=\"async\" width=\"1024\" height=\"768\" src=\"https:\/\/www.gamberetta.it\/wp-content\/uploads\/2019\/10\/IMG_20191010_153751-1024x768.jpg\" alt=\"\" class=\"wp-image-15641\" srcset=\"https:\/\/www.gamberetta.it\/wp-content\/uploads\/2019\/10\/IMG_20191010_153751-1024x768.jpg 1024w, https:\/\/www.gamberetta.it\/wp-content\/uploads\/2019\/10\/IMG_20191010_153751-300x225.jpg 300w, https:\/\/www.gamberetta.it\/wp-content\/uploads\/2019\/10\/IMG_20191010_153751-768x576.jpg 768w, https:\/\/www.gamberetta.it\/wp-content\/uploads\/2019\/10\/IMG_20191010_153751-1000x750.jpg 1000w, https:\/\/www.gamberetta.it\/wp-content\/uploads\/2019\/10\/IMG_20191010_153751-570x428.jpg 570w, https:\/\/www.gamberetta.it\/wp-content\/uploads\/2019\/10\/IMG_20191010_153751-330x248.jpg 330w, https:\/\/www.gamberetta.it\/wp-content\/uploads\/2019\/10\/IMG_20191010_153751.jpg 1200w\" sizes=\"(max-width: 1024px) 100vw, 1024px\" \/><\/figure>\n\n\n\n<p>Post in collaborazione con Associazione La Via Popilia:<\/p>\n\n\n\n<figure class=\"wp-block-embed is-type-wp-embed is-provider-la-via-popilia wp-block-embed-la-via-popilia\"><div class=\"wp-block-embed__wrapper\">\n<blockquote class=\"wp-embedded-content\" data-secret=\"zx2LdWvK3F\"><a href=\"https:\/\/www.laviapopilia.it\/\">Home<\/a><\/blockquote><iframe loading=\"lazy\" title=\"&#8220;Home&#8221; &#8212; La Via Popilia\" class=\"wp-embedded-content\" sandbox=\"allow-scripts\" security=\"restricted\" style=\"position: absolute; clip: rect(1px, 1px, 1px, 1px);\" src=\"https:\/\/www.laviapopilia.it\/embed\/#?secret=zx2LdWvK3F\" data-secret=\"zx2LdWvK3F\" width=\"600\" height=\"338\" frameborder=\"0\" marginwidth=\"0\" marginheight=\"0\" scrolling=\"no\"><\/iframe>\n<\/div><\/figure>\n\n\n\n<p>Sulla pagina Facebook de La Via Popilia trovate tanti post sulla nostra settimana in cammino e anche sui numerosi eventi locali previsti tra cui rievocazioni storiche e visite guidate.<strong> <\/strong> <\/p>\n\n\n\n<p> <\/p>\n","protected":false},"excerpt":{"rendered":"<p>All&#8217;inizio di ottobre sono scesa nel profondo sud per una settimana in cammino, in quella Calabria autentica che da tre anni scopro a pezzetti e sempre mi sorprende, fatta com&#8217;\u00e8 di profondi contrasti. Borghi e paesaggi, nuove infrastrutture e sentieri selvaggi, gente schiva e continui assaggi. Cose di una volta che nel profondo sud sono &hellip; <a class=\"more-link\" href=\"https:\/\/www.gamberetta.it\/it\/2019\/10\/24\/in-cammino-in-calabria-lungo-la-via-popilia\/\">Leggi tutto<i class=\"ion-ios-arrow-thin-right\"><\/i><\/a><\/p>\n","protected":false},"author":2,"featured_media":17951,"comment_status":"open","ping_status":"closed","sticky":false,"template":"","format":"standard","meta":{"footnotes":""},"categories":[71,68,26,33,34],"tags":[2831,2830,2832,2829],"class_list":["post-15625","post","type-post","status-publish","format-standard","has-post-thumbnail","hentry","category-baratto","category-food-wine","category-friends","category-travelling","category-viaggi-italia-europa","tag-ab-regio-ad-capuam","tag-in-calabria-lungo-la-via-popilia","tag-la-via-popilia","tag-pandosia-bruzia"],"yoast_head":"<!-- This site is optimized with the Yoast SEO plugin v23.5 - https:\/\/yoast.com\/wordpress\/plugins\/seo\/ -->\n<title>IN CAMMINO IN CALABRIA LUNGO LA VIA POPILIA - Gamberetta<\/title>\n<meta name=\"robots\" content=\"index, follow, max-snippet:-1, max-image-preview:large, max-video-preview:-1\" \/>\n<link rel=\"canonical\" href=\"https:\/\/www.gamberetta.it\/it\/2019\/10\/24\/in-cammino-in-calabria-lungo-la-via-popilia\/\" \/>\n<meta property=\"og:locale\" content=\"it_IT\" \/>\n<meta property=\"og:type\" content=\"article\" \/>\n<meta property=\"og:title\" content=\"IN CAMMINO IN CALABRIA LUNGO LA VIA POPILIA - Gamberetta\" \/>\n<meta property=\"og:description\" content=\"All&#8217;inizio di ottobre sono scesa nel profondo sud per una settimana in cammino, in quella Calabria autentica che da tre anni scopro a pezzetti e sempre mi sorprende, fatta com&#8217;\u00e8 di profondi contrasti. Borghi e paesaggi, nuove infrastrutture e sentieri selvaggi, gente schiva e continui assaggi. Cose di una volta che nel profondo sud sono &hellip; Leggi tutto\" \/>\n<meta property=\"og:url\" content=\"https:\/\/www.gamberetta.it\/it\/2019\/10\/24\/in-cammino-in-calabria-lungo-la-via-popilia\/\" \/>\n<meta property=\"og:site_name\" content=\"Gamberetta\" \/>\n<meta property=\"article:publisher\" content=\"https:\/\/www.facebook.com\/Gamberettatravelblog\" \/>\n<meta property=\"article:published_time\" content=\"2019-10-23T22:45:57+00:00\" \/>\n<meta property=\"article:modified_time\" content=\"2021-08-16T17:50:54+00:00\" \/>\n<meta name=\"author\" content=\"gamberetta\" \/>\n<meta name=\"twitter:card\" content=\"summary_large_image\" \/>\n<meta name=\"twitter:creator\" content=\"@robertazennaro\" \/>\n<meta name=\"twitter:site\" content=\"@robertazennaro\" \/>\n<meta name=\"twitter:label1\" content=\"Scritto da\" \/>\n\t<meta name=\"twitter:data1\" content=\"gamberetta\" \/>\n\t<meta name=\"twitter:label2\" content=\"Tempo di lettura stimato\" \/>\n\t<meta name=\"twitter:data2\" content=\"7 minuti\" \/>\n<script type=\"application\/ld+json\" class=\"yoast-schema-graph\">{\"@context\":\"https:\/\/schema.org\",\"@graph\":[{\"@type\":\"WebPage\",\"@id\":\"https:\/\/www.gamberetta.it\/it\/2019\/10\/24\/in-cammino-in-calabria-lungo-la-via-popilia\/\",\"url\":\"https:\/\/www.gamberetta.it\/it\/2019\/10\/24\/in-cammino-in-calabria-lungo-la-via-popilia\/\",\"name\":\"IN CAMMINO IN CALABRIA LUNGO LA VIA POPILIA - Gamberetta\",\"isPartOf\":{\"@id\":\"https:\/\/www.gamberetta.it\/it\/#website\"},\"primaryImageOfPage\":{\"@id\":\"https:\/\/www.gamberetta.it\/it\/2019\/10\/24\/in-cammino-in-calabria-lungo-la-via-popilia\/#primaryimage\"},\"image\":{\"@id\":\"https:\/\/www.gamberetta.it\/it\/2019\/10\/24\/in-cammino-in-calabria-lungo-la-via-popilia\/#primaryimage\"},\"thumbnailUrl\":\"\",\"datePublished\":\"2019-10-23T22:45:57+00:00\",\"dateModified\":\"2021-08-16T17:50:54+00:00\",\"author\":{\"@id\":\"https:\/\/www.gamberetta.it\/it\/#\/schema\/person\/7a4a919927c944edb5f3f9c665590124\"},\"breadcrumb\":{\"@id\":\"https:\/\/www.gamberetta.it\/it\/2019\/10\/24\/in-cammino-in-calabria-lungo-la-via-popilia\/#breadcrumb\"},\"inLanguage\":\"it-IT\",\"potentialAction\":[{\"@type\":\"ReadAction\",\"target\":[\"https:\/\/www.gamberetta.it\/it\/2019\/10\/24\/in-cammino-in-calabria-lungo-la-via-popilia\/\"]}]},{\"@type\":\"ImageObject\",\"inLanguage\":\"it-IT\",\"@id\":\"https:\/\/www.gamberetta.it\/it\/2019\/10\/24\/in-cammino-in-calabria-lungo-la-via-popilia\/#primaryimage\",\"url\":\"\",\"contentUrl\":\"\"},{\"@type\":\"BreadcrumbList\",\"@id\":\"https:\/\/www.gamberetta.it\/it\/2019\/10\/24\/in-cammino-in-calabria-lungo-la-via-popilia\/#breadcrumb\",\"itemListElement\":[{\"@type\":\"ListItem\",\"position\":1,\"name\":\"Home\",\"item\":\"https:\/\/www.gamberetta.it\/it\/\"},{\"@type\":\"ListItem\",\"position\":2,\"name\":\"IN CAMMINO IN CALABRIA LUNGO LA VIA POPILIA\"}]},{\"@type\":\"WebSite\",\"@id\":\"https:\/\/www.gamberetta.it\/it\/#website\",\"url\":\"https:\/\/www.gamberetta.it\/it\/\",\"name\":\"Gamberetta\",\"description\":\"Il mio blog senza fronzoli: pensieri e parole, sempre e ovunque in viaggio\",\"potentialAction\":[{\"@type\":\"SearchAction\",\"target\":{\"@type\":\"EntryPoint\",\"urlTemplate\":\"https:\/\/www.gamberetta.it\/it\/?s={search_term_string}\"},\"query-input\":{\"@type\":\"PropertyValueSpecification\",\"valueRequired\":true,\"valueName\":\"search_term_string\"}}],\"inLanguage\":\"it-IT\"},{\"@type\":\"Person\",\"@id\":\"https:\/\/www.gamberetta.it\/it\/#\/schema\/person\/7a4a919927c944edb5f3f9c665590124\",\"name\":\"gamberetta\",\"image\":{\"@type\":\"ImageObject\",\"inLanguage\":\"it-IT\",\"@id\":\"https:\/\/www.gamberetta.it\/it\/#\/schema\/person\/image\/\",\"url\":\"https:\/\/secure.gravatar.com\/avatar\/7ef5d82656b8958070b4f589b7ae1784?s=96&d=mm&r=g\",\"contentUrl\":\"https:\/\/secure.gravatar.com\/avatar\/7ef5d82656b8958070b4f589b7ae1784?s=96&d=mm&r=g\",\"caption\":\"gamberetta\"},\"description\":\"Sono Toro ascendente Scorpione, terra di contrasti dove ora prevale una met\u00e0, ora l\u2019altra. L\u2019infanzia in Veneto e gli ultimi anni passati a Milano hanno sviluppato in me una serie ulteriore di conflitti. Scrivo da sempre, la scrittura \u00e8 la migliore forma espressiva che mi consente di fissare concetti altrimenti sospesi nell\u2019aria. Da bambina scrivevo poesie con uno stile quasi leopardiano poi sono passata ai diari di viaggio dalla prima volta in USA nel 1998 e non ho pi\u00f9 smesso...\",\"url\":\"https:\/\/www.gamberetta.it\/it\/author\/gamberettarossa\/\"}]}<\/script>\n<!-- \/ Yoast SEO plugin. -->","yoast_head_json":{"title":"IN CAMMINO IN CALABRIA LUNGO LA VIA POPILIA - Gamberetta","robots":{"index":"index","follow":"follow","max-snippet":"max-snippet:-1","max-image-preview":"max-image-preview:large","max-video-preview":"max-video-preview:-1"},"canonical":"https:\/\/www.gamberetta.it\/it\/2019\/10\/24\/in-cammino-in-calabria-lungo-la-via-popilia\/","og_locale":"it_IT","og_type":"article","og_title":"IN CAMMINO IN CALABRIA LUNGO LA VIA POPILIA - Gamberetta","og_description":"All&#8217;inizio di ottobre sono scesa nel profondo sud per una settimana in cammino, in quella Calabria autentica che da tre anni scopro a pezzetti e sempre mi sorprende, fatta com&#8217;\u00e8 di profondi contrasti. Borghi e paesaggi, nuove infrastrutture e sentieri selvaggi, gente schiva e continui assaggi. Cose di una volta che nel profondo sud sono &hellip; Leggi tutto","og_url":"https:\/\/www.gamberetta.it\/it\/2019\/10\/24\/in-cammino-in-calabria-lungo-la-via-popilia\/","og_site_name":"Gamberetta","article_publisher":"https:\/\/www.facebook.com\/Gamberettatravelblog","article_published_time":"2019-10-23T22:45:57+00:00","article_modified_time":"2021-08-16T17:50:54+00:00","author":"gamberetta","twitter_card":"summary_large_image","twitter_creator":"@robertazennaro","twitter_site":"@robertazennaro","twitter_misc":{"Scritto da":"gamberetta","Tempo di lettura stimato":"7 minuti"},"schema":{"@context":"https:\/\/schema.org","@graph":[{"@type":"WebPage","@id":"https:\/\/www.gamberetta.it\/it\/2019\/10\/24\/in-cammino-in-calabria-lungo-la-via-popilia\/","url":"https:\/\/www.gamberetta.it\/it\/2019\/10\/24\/in-cammino-in-calabria-lungo-la-via-popilia\/","name":"IN CAMMINO IN CALABRIA LUNGO LA VIA POPILIA - Gamberetta","isPartOf":{"@id":"https:\/\/www.gamberetta.it\/it\/#website"},"primaryImageOfPage":{"@id":"https:\/\/www.gamberetta.it\/it\/2019\/10\/24\/in-cammino-in-calabria-lungo-la-via-popilia\/#primaryimage"},"image":{"@id":"https:\/\/www.gamberetta.it\/it\/2019\/10\/24\/in-cammino-in-calabria-lungo-la-via-popilia\/#primaryimage"},"thumbnailUrl":"","datePublished":"2019-10-23T22:45:57+00:00","dateModified":"2021-08-16T17:50:54+00:00","author":{"@id":"https:\/\/www.gamberetta.it\/it\/#\/schema\/person\/7a4a919927c944edb5f3f9c665590124"},"breadcrumb":{"@id":"https:\/\/www.gamberetta.it\/it\/2019\/10\/24\/in-cammino-in-calabria-lungo-la-via-popilia\/#breadcrumb"},"inLanguage":"it-IT","potentialAction":[{"@type":"ReadAction","target":["https:\/\/www.gamberetta.it\/it\/2019\/10\/24\/in-cammino-in-calabria-lungo-la-via-popilia\/"]}]},{"@type":"ImageObject","inLanguage":"it-IT","@id":"https:\/\/www.gamberetta.it\/it\/2019\/10\/24\/in-cammino-in-calabria-lungo-la-via-popilia\/#primaryimage","url":"","contentUrl":""},{"@type":"BreadcrumbList","@id":"https:\/\/www.gamberetta.it\/it\/2019\/10\/24\/in-cammino-in-calabria-lungo-la-via-popilia\/#breadcrumb","itemListElement":[{"@type":"ListItem","position":1,"name":"Home","item":"https:\/\/www.gamberetta.it\/it\/"},{"@type":"ListItem","position":2,"name":"IN CAMMINO IN CALABRIA LUNGO LA VIA POPILIA"}]},{"@type":"WebSite","@id":"https:\/\/www.gamberetta.it\/it\/#website","url":"https:\/\/www.gamberetta.it\/it\/","name":"Gamberetta","description":"Il mio blog senza fronzoli: pensieri e parole, sempre e ovunque in viaggio","potentialAction":[{"@type":"SearchAction","target":{"@type":"EntryPoint","urlTemplate":"https:\/\/www.gamberetta.it\/it\/?s={search_term_string}"},"query-input":{"@type":"PropertyValueSpecification","valueRequired":true,"valueName":"search_term_string"}}],"inLanguage":"it-IT"},{"@type":"Person","@id":"https:\/\/www.gamberetta.it\/it\/#\/schema\/person\/7a4a919927c944edb5f3f9c665590124","name":"gamberetta","image":{"@type":"ImageObject","inLanguage":"it-IT","@id":"https:\/\/www.gamberetta.it\/it\/#\/schema\/person\/image\/","url":"https:\/\/secure.gravatar.com\/avatar\/7ef5d82656b8958070b4f589b7ae1784?s=96&d=mm&r=g","contentUrl":"https:\/\/secure.gravatar.com\/avatar\/7ef5d82656b8958070b4f589b7ae1784?s=96&d=mm&r=g","caption":"gamberetta"},"description":"Sono Toro ascendente Scorpione, terra di contrasti dove ora prevale una met\u00e0, ora l\u2019altra. L\u2019infanzia in Veneto e gli ultimi anni passati a Milano hanno sviluppato in me una serie ulteriore di conflitti. Scrivo da sempre, la scrittura \u00e8 la migliore forma espressiva che mi consente di fissare concetti altrimenti sospesi nell\u2019aria. Da bambina scrivevo poesie con uno stile quasi leopardiano poi sono passata ai diari di viaggio dalla prima volta in USA nel 1998 e non ho pi\u00f9 smesso...","url":"https:\/\/www.gamberetta.it\/it\/author\/gamberettarossa\/"}]}},"_links":{"self":[{"href":"https:\/\/www.gamberetta.it\/it\/wp-json\/wp\/v2\/posts\/15625"}],"collection":[{"href":"https:\/\/www.gamberetta.it\/it\/wp-json\/wp\/v2\/posts"}],"about":[{"href":"https:\/\/www.gamberetta.it\/it\/wp-json\/wp\/v2\/types\/post"}],"author":[{"embeddable":true,"href":"https:\/\/www.gamberetta.it\/it\/wp-json\/wp\/v2\/users\/2"}],"replies":[{"embeddable":true,"href":"https:\/\/www.gamberetta.it\/it\/wp-json\/wp\/v2\/comments?post=15625"}],"version-history":[{"count":3,"href":"https:\/\/www.gamberetta.it\/it\/wp-json\/wp\/v2\/posts\/15625\/revisions"}],"predecessor-version":[{"id":17949,"href":"https:\/\/www.gamberetta.it\/it\/wp-json\/wp\/v2\/posts\/15625\/revisions\/17949"}],"wp:featuredmedia":[{"embeddable":true,"href":"https:\/\/www.gamberetta.it\/it\/wp-json\/wp\/v2\/media\/17951"}],"wp:attachment":[{"href":"https:\/\/www.gamberetta.it\/it\/wp-json\/wp\/v2\/media?parent=15625"}],"wp:term":[{"taxonomy":"category","embeddable":true,"href":"https:\/\/www.gamberetta.it\/it\/wp-json\/wp\/v2\/categories?post=15625"},{"taxonomy":"post_tag","embeddable":true,"href":"https:\/\/www.gamberetta.it\/it\/wp-json\/wp\/v2\/tags?post=15625"}],"curies":[{"name":"wp","href":"https:\/\/api.w.org\/{rel}","templated":true}]}}