{"id":16199,"date":"2020-01-27T17:00:41","date_gmt":"2020-01-27T16:00:41","guid":{"rendered":"https:\/\/www.gamberetta.it\/it\/?p=16199"},"modified":"2020-01-27T17:00:43","modified_gmt":"2020-01-27T16:00:43","slug":"la-giornata-della-memoria-visitare-il-campo-di-ferramonti-in-calabria","status":"publish","type":"post","link":"https:\/\/www.gamberetta.it\/it\/2020\/01\/27\/la-giornata-della-memoria-visitare-il-campo-di-ferramonti-in-calabria\/","title":{"rendered":"LA GIORNATA DELLA MEMORIA: VISITARE IL CAMPO DI FERRAMONTI IN CALABRIA"},"content":{"rendered":"\n<p>Ferramonti \u00e8 la frazione di Tarsia, in provincia di Cosenza, nota per il campo di concentramento dove sono state internate oltre tremila persone, nel corso della Seconda Guerra Mondiale. L&#8217;ho visitato lo scorso mese di ottobre, durante il&nbsp;cammino lungo La Via Popilia, \u00e8 stata una visita densa di significato innanzi tutto perch\u00e9 non mi sono sentita in un luogo di sofferenza e morte, e questa \u00e8 la prima cosa che voglio sottolineare.<\/p>\n\n\n\n<figure class=\"wp-block-image size-large\"><img loading=\"lazy\" decoding=\"async\" width=\"1024\" height=\"768\" src=\"https:\/\/www.gamberetta.it\/wp-content\/uploads\/2020\/01\/IMG_20191008_122421-1024x768.jpg\" alt=\"\" class=\"wp-image-16200\" srcset=\"https:\/\/www.gamberetta.it\/wp-content\/uploads\/2020\/01\/IMG_20191008_122421-1024x768.jpg 1024w, https:\/\/www.gamberetta.it\/wp-content\/uploads\/2020\/01\/IMG_20191008_122421-300x225.jpg 300w, https:\/\/www.gamberetta.it\/wp-content\/uploads\/2020\/01\/IMG_20191008_122421-768x576.jpg 768w, https:\/\/www.gamberetta.it\/wp-content\/uploads\/2020\/01\/IMG_20191008_122421-1000x750.jpg 1000w, https:\/\/www.gamberetta.it\/wp-content\/uploads\/2020\/01\/IMG_20191008_122421-570x428.jpg 570w, https:\/\/www.gamberetta.it\/wp-content\/uploads\/2020\/01\/IMG_20191008_122421-330x248.jpg 330w, https:\/\/www.gamberetta.it\/wp-content\/uploads\/2020\/01\/IMG_20191008_122421.jpg 1200w\" sizes=\"(max-width: 1024px) 100vw, 1024px\" \/><\/figure>\n\n\n\n<p>Ci sono arrivata a piedi, entrando in religioso silenzio e uscendo con un sincero stupore, dopo avere letto e ascoltato le storie di vita di questi italiani e stranieri, ebrei e non, costretti a vivere qui durante le persecuzioni naziste. Nel campo d&#8217;internamento di Ferramonti si incrociano storia e memoria, e oggi si guarda al futuro con iniziative ed eventi periodici organizzati nel museo dall&#8217;amministrazione comunale, a cui l&#8217;area appartiene.<\/p>\n\n\n\n<figure class=\"wp-block-image size-large\"><img loading=\"lazy\" decoding=\"async\" width=\"1024\" height=\"768\" src=\"https:\/\/www.gamberetta.it\/wp-content\/uploads\/2020\/01\/IMG_20191008_124112-1024x768.jpg\" alt=\"\" class=\"wp-image-16201\" srcset=\"https:\/\/www.gamberetta.it\/wp-content\/uploads\/2020\/01\/IMG_20191008_124112-1024x768.jpg 1024w, https:\/\/www.gamberetta.it\/wp-content\/uploads\/2020\/01\/IMG_20191008_124112-300x225.jpg 300w, https:\/\/www.gamberetta.it\/wp-content\/uploads\/2020\/01\/IMG_20191008_124112-768x576.jpg 768w, https:\/\/www.gamberetta.it\/wp-content\/uploads\/2020\/01\/IMG_20191008_124112-1000x750.jpg 1000w, https:\/\/www.gamberetta.it\/wp-content\/uploads\/2020\/01\/IMG_20191008_124112-570x428.jpg 570w, https:\/\/www.gamberetta.it\/wp-content\/uploads\/2020\/01\/IMG_20191008_124112-330x248.jpg 330w, https:\/\/www.gamberetta.it\/wp-content\/uploads\/2020\/01\/IMG_20191008_124112.jpg 1200w\" sizes=\"(max-width: 1024px) 100vw, 1024px\" \/><\/figure>\n\n\n\n<h2 class=\"wp-block-heading\">LA STORIA<\/h2>\n\n\n\n<p>Ferramonti \u00e8 stato costruito per internare gli ebrei che vivevano in Calabria, non solo nella zona di Tarsia, ed ha poi allargato la sua funzione diventando il campo di concentramento fascista pi\u00f9 grande presente sul suolo italiano. Non solo per gli ebrei quindi, ma per italiani e stranieri di varie etnie e religioni, rifugiati politici e antifascisti: libici, yugoslavi, greci, francesi, cinesi. Occupa una superficie di 16 ettari su un&#8217;area di paludi malariche, al tempo soggette a bonifica, poco distante dal corso del fiume Crati.<\/p>\n\n\n\n<figure class=\"wp-block-image size-large\"><img loading=\"lazy\" decoding=\"async\" width=\"1024\" height=\"768\" src=\"https:\/\/www.gamberetta.it\/wp-content\/uploads\/2020\/01\/IMG_20191008_112329-1024x768.jpg\" alt=\"\" class=\"wp-image-16202\" srcset=\"https:\/\/www.gamberetta.it\/wp-content\/uploads\/2020\/01\/IMG_20191008_112329-1024x768.jpg 1024w, https:\/\/www.gamberetta.it\/wp-content\/uploads\/2020\/01\/IMG_20191008_112329-300x225.jpg 300w, https:\/\/www.gamberetta.it\/wp-content\/uploads\/2020\/01\/IMG_20191008_112329-768x576.jpg 768w, https:\/\/www.gamberetta.it\/wp-content\/uploads\/2020\/01\/IMG_20191008_112329-1000x750.jpg 1000w, https:\/\/www.gamberetta.it\/wp-content\/uploads\/2020\/01\/IMG_20191008_112329-570x428.jpg 570w, https:\/\/www.gamberetta.it\/wp-content\/uploads\/2020\/01\/IMG_20191008_112329-330x248.jpg 330w, https:\/\/www.gamberetta.it\/wp-content\/uploads\/2020\/01\/IMG_20191008_112329.jpg 1200w\" sizes=\"(max-width: 1024px) 100vw, 1024px\" \/><\/figure>\n\n\n\n<p>Progettato da Eugenio Parrini, amico di Mussolini con interessi economici in zona, fu utilizzato per tre anni dal 1940 al 1943, \u00e8 poi stato affidato alle truppe alleate, infine sgomberato e chiuso nel 1945.<\/p>\n\n\n\n<p>Conteneva oltre 90 baracche dove gli internati svolgevano attivit\u00e0 quotidiane ricreative, culturali e religiose, in una comunit\u00e0 <em>sui generis<\/em> dove erano in funzione l&#8217;asilo, la scuola, la libreria, una chiesa e ben tre sinagoghe.<\/p>\n\n\n\n<figure class=\"wp-block-image size-large\"><img loading=\"lazy\" decoding=\"async\" width=\"1024\" height=\"768\" src=\"https:\/\/www.gamberetta.it\/wp-content\/uploads\/2020\/01\/IMG_20191008_122053-1024x768.jpg\" alt=\"\" class=\"wp-image-16203\" srcset=\"https:\/\/www.gamberetta.it\/wp-content\/uploads\/2020\/01\/IMG_20191008_122053-1024x768.jpg 1024w, https:\/\/www.gamberetta.it\/wp-content\/uploads\/2020\/01\/IMG_20191008_122053-300x225.jpg 300w, https:\/\/www.gamberetta.it\/wp-content\/uploads\/2020\/01\/IMG_20191008_122053-768x576.jpg 768w, https:\/\/www.gamberetta.it\/wp-content\/uploads\/2020\/01\/IMG_20191008_122053-1000x750.jpg 1000w, https:\/\/www.gamberetta.it\/wp-content\/uploads\/2020\/01\/IMG_20191008_122053-570x428.jpg 570w, https:\/\/www.gamberetta.it\/wp-content\/uploads\/2020\/01\/IMG_20191008_122053-330x248.jpg 330w, https:\/\/www.gamberetta.it\/wp-content\/uploads\/2020\/01\/IMG_20191008_122053.jpg 1200w\" sizes=\"(max-width: 1024px) 100vw, 1024px\" \/><\/figure>\n\n\n\n<p>La direzione era affidata a civili, il controllo a una guarnigione militare. Le cure mediche con pronto soccorso e farmacia erano in capo a medici internati e infermieri. Nel campo furono celebrati matrimoni e nacquero bambini.<\/p>\n\n\n\n<figure class=\"wp-block-image size-large\"><img loading=\"lazy\" decoding=\"async\" width=\"768\" height=\"1024\" src=\"https:\/\/www.gamberetta.it\/wp-content\/uploads\/2020\/01\/IMG_20191008_123402-768x1024.jpg\" alt=\"\" class=\"wp-image-16205\" srcset=\"https:\/\/www.gamberetta.it\/wp-content\/uploads\/2020\/01\/IMG_20191008_123402-768x1024.jpg 768w, https:\/\/www.gamberetta.it\/wp-content\/uploads\/2020\/01\/IMG_20191008_123402-225x300.jpg 225w, https:\/\/www.gamberetta.it\/wp-content\/uploads\/2020\/01\/IMG_20191008_123402-600x800.jpg 600w, https:\/\/www.gamberetta.it\/wp-content\/uploads\/2020\/01\/IMG_20191008_123402.jpg 900w\" sizes=\"(max-width: 768px) 100vw, 768px\" \/><\/figure>\n\n\n\n<p>La malaria esisteva ma non fece tanti danni quanto le condizioni igieniche scarse, il freddo e la malnutrizione che colp\u00ec i pi\u00f9 deboli, causando per\u00f2 pochi decessi in proporzione alle persone ospitate. C&#8217;\u00e8 da dire che il supporto esterno, morale e materiale, non venne meno n\u00e9 da parte della popolazione civile n\u00e9 delle autorit\u00e0 religiose. C&#8217;era solidariet\u00e0 fra chi era fuori, libero, e chi si trovava nel campo, internato.<\/p>\n\n\n\n<figure class=\"wp-block-image size-large\"><img loading=\"lazy\" decoding=\"async\" width=\"1024\" height=\"768\" src=\"https:\/\/www.gamberetta.it\/wp-content\/uploads\/2020\/01\/IMG_20191008_123349-1024x768.jpg\" alt=\"\" class=\"wp-image-16207\" srcset=\"https:\/\/www.gamberetta.it\/wp-content\/uploads\/2020\/01\/IMG_20191008_123349-1024x768.jpg 1024w, https:\/\/www.gamberetta.it\/wp-content\/uploads\/2020\/01\/IMG_20191008_123349-300x225.jpg 300w, https:\/\/www.gamberetta.it\/wp-content\/uploads\/2020\/01\/IMG_20191008_123349-768x576.jpg 768w, https:\/\/www.gamberetta.it\/wp-content\/uploads\/2020\/01\/IMG_20191008_123349-1000x750.jpg 1000w, https:\/\/www.gamberetta.it\/wp-content\/uploads\/2020\/01\/IMG_20191008_123349-570x428.jpg 570w, https:\/\/www.gamberetta.it\/wp-content\/uploads\/2020\/01\/IMG_20191008_123349-330x248.jpg 330w, https:\/\/www.gamberetta.it\/wp-content\/uploads\/2020\/01\/IMG_20191008_123349.jpg 1200w\" sizes=\"(max-width: 1024px) 100vw, 1024px\" \/><\/figure>\n\n\n\n<h2 class=\"wp-block-heading\">LA VISITA<\/h2>\n\n\n\n<p>Il campo di internamento a Ferramonti di Tarsia \u00e8 un luogo emblematico per conoscere, attraverso documenti e testimonianze, la vita da reclusi degli internati e la storia del campo a partire dal 1938, quando il regime fascista di Mussolini promulg\u00f2 le leggi razziali.<\/p>\n\n\n\n<figure class=\"wp-block-image size-large\"><img loading=\"lazy\" decoding=\"async\" width=\"1024\" height=\"768\" src=\"https:\/\/www.gamberetta.it\/wp-content\/uploads\/2020\/01\/IMG_20191008_123256-1024x768.jpg\" alt=\"\" class=\"wp-image-16209\" srcset=\"https:\/\/www.gamberetta.it\/wp-content\/uploads\/2020\/01\/IMG_20191008_123256-1024x768.jpg 1024w, https:\/\/www.gamberetta.it\/wp-content\/uploads\/2020\/01\/IMG_20191008_123256-300x225.jpg 300w, https:\/\/www.gamberetta.it\/wp-content\/uploads\/2020\/01\/IMG_20191008_123256-768x576.jpg 768w, https:\/\/www.gamberetta.it\/wp-content\/uploads\/2020\/01\/IMG_20191008_123256-1000x750.jpg 1000w, https:\/\/www.gamberetta.it\/wp-content\/uploads\/2020\/01\/IMG_20191008_123256-570x428.jpg 570w, https:\/\/www.gamberetta.it\/wp-content\/uploads\/2020\/01\/IMG_20191008_123256-330x248.jpg 330w, https:\/\/www.gamberetta.it\/wp-content\/uploads\/2020\/01\/IMG_20191008_123256.jpg 1200w\" sizes=\"(max-width: 1024px) 100vw, 1024px\" \/><\/figure>\n\n\n\n<p>Assieme ad Angelo e Immacolata, le nostre guide, ci accompagna nella visita Roberto Ameruso sindaco di Tarsia. In questi casi a volte faccio la scolaretta indisciplinata, sgattaiolando tra una sala e l&#8217;altra a fare foto mentre ascolto le spiegazioni da lontano.<\/p>\n\n\n\n<figure class=\"wp-block-image size-large\"><img loading=\"lazy\" decoding=\"async\" width=\"1024\" height=\"768\" src=\"https:\/\/www.gamberetta.it\/wp-content\/uploads\/2020\/01\/IMG_20191008_124045-1024x768.jpg\" alt=\"\" class=\"wp-image-16213\" srcset=\"https:\/\/www.gamberetta.it\/wp-content\/uploads\/2020\/01\/IMG_20191008_124045-1024x768.jpg 1024w, https:\/\/www.gamberetta.it\/wp-content\/uploads\/2020\/01\/IMG_20191008_124045-300x225.jpg 300w, https:\/\/www.gamberetta.it\/wp-content\/uploads\/2020\/01\/IMG_20191008_124045-768x576.jpg 768w, https:\/\/www.gamberetta.it\/wp-content\/uploads\/2020\/01\/IMG_20191008_124045-1000x750.jpg 1000w, https:\/\/www.gamberetta.it\/wp-content\/uploads\/2020\/01\/IMG_20191008_124045-570x428.jpg 570w, https:\/\/www.gamberetta.it\/wp-content\/uploads\/2020\/01\/IMG_20191008_124045-330x248.jpg 330w, https:\/\/www.gamberetta.it\/wp-content\/uploads\/2020\/01\/IMG_20191008_124045.jpg 1200w\" sizes=\"(max-width: 1024px) 100vw, 1024px\" \/><\/figure>\n\n\n\n<p>I volti degli internati mi colpiscono quasi quanto i disegni e le parole scritte che ci hanno lasciato, vergate a mano o riportate stampate a chiare lettere. Li immagino nella quotidianit\u00e0 degli spazi condivisi, come il dormitorio con due file ordinate di brande di legno. Nei giochi dei bimbi, nel tentativo di sorridere alla vita.<\/p>\n\n\n\n<figure class=\"wp-block-image size-large\"><img loading=\"lazy\" decoding=\"async\" width=\"1024\" height=\"768\" src=\"https:\/\/www.gamberetta.it\/wp-content\/uploads\/2020\/01\/IMG_20191008_123419-1024x768.jpg\" alt=\"\" class=\"wp-image-16215\" srcset=\"https:\/\/www.gamberetta.it\/wp-content\/uploads\/2020\/01\/IMG_20191008_123419-1024x768.jpg 1024w, https:\/\/www.gamberetta.it\/wp-content\/uploads\/2020\/01\/IMG_20191008_123419-300x225.jpg 300w, https:\/\/www.gamberetta.it\/wp-content\/uploads\/2020\/01\/IMG_20191008_123419-768x576.jpg 768w, https:\/\/www.gamberetta.it\/wp-content\/uploads\/2020\/01\/IMG_20191008_123419-1000x750.jpg 1000w, https:\/\/www.gamberetta.it\/wp-content\/uploads\/2020\/01\/IMG_20191008_123419-570x428.jpg 570w, https:\/\/www.gamberetta.it\/wp-content\/uploads\/2020\/01\/IMG_20191008_123419-330x248.jpg 330w, https:\/\/www.gamberetta.it\/wp-content\/uploads\/2020\/01\/IMG_20191008_123419.jpg 1200w\" sizes=\"(max-width: 1024px) 100vw, 1024px\" \/><\/figure>\n\n\n\n<p>Le immagini toccanti visibili alle pareti, le parole di dolore e speranza degli internati costituiscono una collezione permanente unica per il nostro Paese, testimonianza di un periodo nero dal quale essi sono usciti quasi tutti in vita.<\/p>\n\n\n\n<figure class=\"wp-block-image size-large\"><img loading=\"lazy\" decoding=\"async\" width=\"1024\" height=\"768\" src=\"https:\/\/www.gamberetta.it\/wp-content\/uploads\/2020\/01\/IMG_20191008_123432-1024x768.jpg\" alt=\"\" class=\"wp-image-16217\" srcset=\"https:\/\/www.gamberetta.it\/wp-content\/uploads\/2020\/01\/IMG_20191008_123432-1024x768.jpg 1024w, https:\/\/www.gamberetta.it\/wp-content\/uploads\/2020\/01\/IMG_20191008_123432-300x225.jpg 300w, https:\/\/www.gamberetta.it\/wp-content\/uploads\/2020\/01\/IMG_20191008_123432-768x576.jpg 768w, https:\/\/www.gamberetta.it\/wp-content\/uploads\/2020\/01\/IMG_20191008_123432-1000x750.jpg 1000w, https:\/\/www.gamberetta.it\/wp-content\/uploads\/2020\/01\/IMG_20191008_123432-570x428.jpg 570w, https:\/\/www.gamberetta.it\/wp-content\/uploads\/2020\/01\/IMG_20191008_123432-330x248.jpg 330w, https:\/\/www.gamberetta.it\/wp-content\/uploads\/2020\/01\/IMG_20191008_123432.jpg 1200w\" sizes=\"(max-width: 1024px) 100vw, 1024px\" \/><\/figure>\n\n\n\n<p>Come detto qui non c&#8217;erano forni crematori o altri strumenti di sofferenza e morte, e nel campo vi furono davvero pochi decessi. Ferramonti ha rappresentato, paradossalmente, una speranza di vita per gli ebrei durante i tre anni di apertura, e poi di riscatto alla fine della guerra, fino a diventare oggi un simbolo per tutti.<\/p>\n\n\n\n<h2 class=\"wp-block-heading\">IL FUTURO<\/h2>\n\n\n\n<p>Dal 25 aprile 2004 il campo di Ferramonti \u00e8 diventato un Museo della Memoria e una Fondazione, arricchita costantemente da testimonianze, dirette e indirette, degli abitanti dell&#8217;area circostante ma soprattutto dai contributi di chi ci \u00e8 passato e, diversamente dagli altri campi di concentramento, ne \u00e8 uscito.<\/p>\n\n\n\n<figure class=\"wp-block-image size-large\"><img loading=\"lazy\" decoding=\"async\" width=\"1024\" height=\"768\" src=\"https:\/\/www.gamberetta.it\/wp-content\/uploads\/2020\/01\/IMG_20191008_121836-1024x768.jpg\" alt=\"\" class=\"wp-image-16219\" srcset=\"https:\/\/www.gamberetta.it\/wp-content\/uploads\/2020\/01\/IMG_20191008_121836-1024x768.jpg 1024w, https:\/\/www.gamberetta.it\/wp-content\/uploads\/2020\/01\/IMG_20191008_121836-300x225.jpg 300w, https:\/\/www.gamberetta.it\/wp-content\/uploads\/2020\/01\/IMG_20191008_121836-768x576.jpg 768w, https:\/\/www.gamberetta.it\/wp-content\/uploads\/2020\/01\/IMG_20191008_121836-1000x750.jpg 1000w, https:\/\/www.gamberetta.it\/wp-content\/uploads\/2020\/01\/IMG_20191008_121836-570x428.jpg 570w, https:\/\/www.gamberetta.it\/wp-content\/uploads\/2020\/01\/IMG_20191008_121836-330x248.jpg 330w, https:\/\/www.gamberetta.it\/wp-content\/uploads\/2020\/01\/IMG_20191008_121836.jpg 1200w\" sizes=\"(max-width: 1024px) 100vw, 1024px\" \/><\/figure>\n\n\n\n<p>Diversi ex internati hanno fatto fortuna nelle rispettive professioni: politici, artisti, sportivi, imprenditori attivi in tutto il mondo. Lo psichiatra Ernst Bernhard e il giornalista Riccardo Ehrmann sono i miei preferiti. Il primo \u00e8 stato allievo di Jung, il secondo ha annunciato assieme a Gunter Schabowski la caduta del muro di Berlino, il 9 novembre 1989, quando era corrispondente ANSA in Germania.<\/p>\n\n\n\n<figure class=\"wp-block-image size-large\"><img loading=\"lazy\" decoding=\"async\" width=\"768\" height=\"1024\" src=\"https:\/\/www.gamberetta.it\/wp-content\/uploads\/2020\/01\/IMG_20191008_124537-768x1024.jpg\" alt=\"\" class=\"wp-image-16221\" srcset=\"https:\/\/www.gamberetta.it\/wp-content\/uploads\/2020\/01\/IMG_20191008_124537-768x1024.jpg 768w, https:\/\/www.gamberetta.it\/wp-content\/uploads\/2020\/01\/IMG_20191008_124537-225x300.jpg 225w, https:\/\/www.gamberetta.it\/wp-content\/uploads\/2020\/01\/IMG_20191008_124537-600x800.jpg 600w, https:\/\/www.gamberetta.it\/wp-content\/uploads\/2020\/01\/IMG_20191008_124537.jpg 900w\" sizes=\"(max-width: 768px) 100vw, 768px\" \/><\/figure>\n\n\n\n<p>L&#8217;archivio di Ferramonti e la biblioteca, dedicata all&#8217;editore austriaco Gustav Brenner, sono in allestimento, assieme al bookshop e caffetteria. Saranno dotati di materiale cartaceo e pubblicazioni anche multimediali, per una catalogazione e fruizione completa dove alle permanenti sono accostate esposizioni temporanee.<\/p>\n\n\n\n<figure class=\"wp-block-image size-large\"><img loading=\"lazy\" decoding=\"async\" width=\"1024\" height=\"768\" src=\"https:\/\/www.gamberetta.it\/wp-content\/uploads\/2020\/01\/IMG_20191008_125033-1024x768.jpg\" alt=\"\" class=\"wp-image-16223\" srcset=\"https:\/\/www.gamberetta.it\/wp-content\/uploads\/2020\/01\/IMG_20191008_125033-1024x768.jpg 1024w, https:\/\/www.gamberetta.it\/wp-content\/uploads\/2020\/01\/IMG_20191008_125033-300x225.jpg 300w, https:\/\/www.gamberetta.it\/wp-content\/uploads\/2020\/01\/IMG_20191008_125033-768x576.jpg 768w, https:\/\/www.gamberetta.it\/wp-content\/uploads\/2020\/01\/IMG_20191008_125033-1000x750.jpg 1000w, https:\/\/www.gamberetta.it\/wp-content\/uploads\/2020\/01\/IMG_20191008_125033-570x428.jpg 570w, https:\/\/www.gamberetta.it\/wp-content\/uploads\/2020\/01\/IMG_20191008_125033-330x248.jpg 330w, https:\/\/www.gamberetta.it\/wp-content\/uploads\/2020\/01\/IMG_20191008_125033.jpg 1200w\" sizes=\"(max-width: 1024px) 100vw, 1024px\" \/><\/figure>\n\n\n\n<p>Ferramonti \u00e8 un luogo di ricerca dal valore inestimabile, che va ben oltre la dimensione locale e coinvolge le comunit\u00e0 ebraiche sparse per il mondo, con le quali sono possibili collaborazioni e gemellaggi.<\/p>\n\n\n\n<figure class=\"wp-block-image size-large\"><img loading=\"lazy\" decoding=\"async\" width=\"768\" height=\"1024\" src=\"https:\/\/www.gamberetta.it\/wp-content\/uploads\/2020\/01\/IMG_20191008_125720-768x1024.jpg\" alt=\"\" class=\"wp-image-16225\" srcset=\"https:\/\/www.gamberetta.it\/wp-content\/uploads\/2020\/01\/IMG_20191008_125720-768x1024.jpg 768w, https:\/\/www.gamberetta.it\/wp-content\/uploads\/2020\/01\/IMG_20191008_125720-225x300.jpg 225w, https:\/\/www.gamberetta.it\/wp-content\/uploads\/2020\/01\/IMG_20191008_125720-600x800.jpg 600w, https:\/\/www.gamberetta.it\/wp-content\/uploads\/2020\/01\/IMG_20191008_125720.jpg 900w\" sizes=\"(max-width: 768px) 100vw, 768px\" \/><\/figure>\n\n\n\n<p>A Ferramonti si celebrano sia l&#8217;anniversario della liberazione dell&#8217;Italia dal nazifascismo, sia le festivit\u00e0 ebraiche, ovviamente \u00e8 un punto di riferimento per le comunit\u00e0 tuttora presenti in Calabria, con la speranza che guerre e persecuzioni razziali divengano un brutto ricordo del passato come recita la nostra costituzione: l&#8217;Italia ripudia la guerra.<\/p>\n\n\n\n<p>Per saperne di pi\u00f9:<\/p>\n\n\n\n<figure class=\"wp-block-embed-wordpress wp-block-embed is-type-wp-embed is-provider-campo-di-concetramento-di-ferramonti-di-tarsia\"><div class=\"wp-block-embed__wrapper\">\n<blockquote class=\"wp-embedded-content\" data-secret=\"TDVxxeCaAB\"><a href=\"https:\/\/www.campodiferramonti.it\/\">Home<\/a><\/blockquote><iframe loading=\"lazy\" title=\"&#8220;Home&#8221; &#8212; Campo di Concetramento di Ferramonti di Tarsia\" class=\"wp-embedded-content\" sandbox=\"allow-scripts\" security=\"restricted\" style=\"position: absolute; clip: rect(1px, 1px, 1px, 1px);\" src=\"https:\/\/www.campodiferramonti.it\/embed\/#?secret=TDVxxeCaAB\" data-secret=\"TDVxxeCaAB\" width=\"600\" height=\"338\" frameborder=\"0\" marginwidth=\"0\" marginheight=\"0\" scrolling=\"no\"><\/iframe>\n<\/div><\/figure>\n\n\n\n<p>Post in collaborazione con:<\/p>\n\n\n\n<figure class=\"wp-block-embed-wordpress wp-block-embed is-type-wp-embed is-provider-la-via-popilia\"><div class=\"wp-block-embed__wrapper\">\n<blockquote class=\"wp-embedded-content\" data-secret=\"zQhH0W2KsT\"><a href=\"https:\/\/www.laviapopilia.it\/\">Home<\/a><\/blockquote><iframe loading=\"lazy\" title=\"&#8220;Home&#8221; &#8212; La Via Popilia\" class=\"wp-embedded-content\" sandbox=\"allow-scripts\" security=\"restricted\" style=\"position: absolute; clip: rect(1px, 1px, 1px, 1px);\" src=\"https:\/\/www.laviapopilia.it\/embed\/#?secret=zQhH0W2KsT\" data-secret=\"zQhH0W2KsT\" width=\"600\" height=\"338\" frameborder=\"0\" marginwidth=\"0\" marginheight=\"0\" scrolling=\"no\"><\/iframe>\n<\/div><\/figure>\n\n\n\n<p>Sulla pagina Facebook de La Via Popilia trovate tanti post sulla nostra settimana in cammino e anche sui numerosi eventi locali previsti tra cui rievocazioni storiche e visite guidate. <\/p>\n","protected":false},"excerpt":{"rendered":"<p>Ferramonti \u00e8 la frazione di Tarsia, in provincia di Cosenza, nota per il campo di concentramento dove sono state internate oltre tremila persone, nel corso della Seconda Guerra Mondiale. L&#8217;ho visitato lo scorso mese di ottobre, durante il&nbsp;cammino lungo La Via Popilia, \u00e8 stata una visita densa di significato innanzi tutto perch\u00e9 non mi sono &hellip; <a class=\"more-link\" href=\"https:\/\/www.gamberetta.it\/it\/2020\/01\/27\/la-giornata-della-memoria-visitare-il-campo-di-ferramonti-in-calabria\/\">Leggi tutto<i class=\"ion-ios-arrow-thin-right\"><\/i><\/a><\/p>\n","protected":false},"author":2,"featured_media":16228,"comment_status":"open","ping_status":"closed","sticky":false,"template":"","format":"standard","meta":{"footnotes":""},"categories":[71,26,105,33,34],"tags":[2831,2891,2890,2887,2888,2830,2832,2829,2889],"class_list":["post-16199","post","type-post","status-publish","format-standard","has-post-thumbnail","hentry","category-baratto","category-friends","category-in-campagna","category-travelling","category-viaggi-italia-europa","tag-ab-regio-ad-capuam","tag-campi-di-concentramento-nazisti","tag-campo-di-concentramento-di-ferramonti","tag-ferramonti-di-tarsia","tag-giornata-della-memoria-in-italia","tag-in-calabria-lungo-la-via-popilia","tag-la-via-popilia","tag-pandosia-bruzia","tag-roberto-ameruso-sindaco-di-tarsia"],"yoast_head":"<!-- This site is optimized with the Yoast SEO plugin v23.5 - https:\/\/yoast.com\/wordpress\/plugins\/seo\/ -->\n<title>LA GIORNATA DELLA MEMORIA: VISITARE IL CAMPO DI FERRAMONTI IN CALABRIA - Gamberetta<\/title>\n<meta name=\"robots\" content=\"index, follow, max-snippet:-1, max-image-preview:large, max-video-preview:-1\" \/>\n<link rel=\"canonical\" href=\"https:\/\/www.gamberetta.it\/it\/2020\/01\/27\/la-giornata-della-memoria-visitare-il-campo-di-ferramonti-in-calabria\/\" \/>\n<meta property=\"og:locale\" content=\"it_IT\" \/>\n<meta property=\"og:type\" content=\"article\" \/>\n<meta property=\"og:title\" content=\"LA GIORNATA DELLA MEMORIA: VISITARE IL CAMPO DI FERRAMONTI IN CALABRIA - Gamberetta\" \/>\n<meta property=\"og:description\" content=\"Ferramonti \u00e8 la frazione di Tarsia, in provincia di Cosenza, nota per il campo di concentramento dove sono state internate oltre tremila persone, nel corso della Seconda Guerra Mondiale. L&#8217;ho visitato lo scorso mese di ottobre, durante il&nbsp;cammino lungo La Via Popilia, \u00e8 stata una visita densa di significato innanzi tutto perch\u00e9 non mi sono &hellip; Leggi tutto\" \/>\n<meta property=\"og:url\" content=\"https:\/\/www.gamberetta.it\/it\/2020\/01\/27\/la-giornata-della-memoria-visitare-il-campo-di-ferramonti-in-calabria\/\" \/>\n<meta property=\"og:site_name\" content=\"Gamberetta\" \/>\n<meta property=\"article:publisher\" content=\"https:\/\/www.facebook.com\/Gamberettatravelblog\" \/>\n<meta property=\"article:published_time\" content=\"2020-01-27T16:00:41+00:00\" \/>\n<meta property=\"article:modified_time\" content=\"2020-01-27T16:00:43+00:00\" \/>\n<meta name=\"author\" content=\"gamberetta\" \/>\n<meta name=\"twitter:card\" content=\"summary_large_image\" \/>\n<meta name=\"twitter:creator\" content=\"@robertazennaro\" \/>\n<meta name=\"twitter:site\" content=\"@robertazennaro\" \/>\n<meta name=\"twitter:label1\" content=\"Scritto da\" \/>\n\t<meta name=\"twitter:data1\" content=\"gamberetta\" \/>\n\t<meta name=\"twitter:label2\" content=\"Tempo di lettura stimato\" \/>\n\t<meta name=\"twitter:data2\" content=\"4 minuti\" \/>\n<script type=\"application\/ld+json\" class=\"yoast-schema-graph\">{\"@context\":\"https:\/\/schema.org\",\"@graph\":[{\"@type\":\"WebPage\",\"@id\":\"https:\/\/www.gamberetta.it\/it\/2020\/01\/27\/la-giornata-della-memoria-visitare-il-campo-di-ferramonti-in-calabria\/\",\"url\":\"https:\/\/www.gamberetta.it\/it\/2020\/01\/27\/la-giornata-della-memoria-visitare-il-campo-di-ferramonti-in-calabria\/\",\"name\":\"LA GIORNATA DELLA MEMORIA: VISITARE IL CAMPO DI FERRAMONTI IN CALABRIA - Gamberetta\",\"isPartOf\":{\"@id\":\"https:\/\/www.gamberetta.it\/it\/#website\"},\"primaryImageOfPage\":{\"@id\":\"https:\/\/www.gamberetta.it\/it\/2020\/01\/27\/la-giornata-della-memoria-visitare-il-campo-di-ferramonti-in-calabria\/#primaryimage\"},\"image\":{\"@id\":\"https:\/\/www.gamberetta.it\/it\/2020\/01\/27\/la-giornata-della-memoria-visitare-il-campo-di-ferramonti-in-calabria\/#primaryimage\"},\"thumbnailUrl\":\"\",\"datePublished\":\"2020-01-27T16:00:41+00:00\",\"dateModified\":\"2020-01-27T16:00:43+00:00\",\"author\":{\"@id\":\"https:\/\/www.gamberetta.it\/it\/#\/schema\/person\/7a4a919927c944edb5f3f9c665590124\"},\"breadcrumb\":{\"@id\":\"https:\/\/www.gamberetta.it\/it\/2020\/01\/27\/la-giornata-della-memoria-visitare-il-campo-di-ferramonti-in-calabria\/#breadcrumb\"},\"inLanguage\":\"it-IT\",\"potentialAction\":[{\"@type\":\"ReadAction\",\"target\":[\"https:\/\/www.gamberetta.it\/it\/2020\/01\/27\/la-giornata-della-memoria-visitare-il-campo-di-ferramonti-in-calabria\/\"]}]},{\"@type\":\"ImageObject\",\"inLanguage\":\"it-IT\",\"@id\":\"https:\/\/www.gamberetta.it\/it\/2020\/01\/27\/la-giornata-della-memoria-visitare-il-campo-di-ferramonti-in-calabria\/#primaryimage\",\"url\":\"\",\"contentUrl\":\"\"},{\"@type\":\"BreadcrumbList\",\"@id\":\"https:\/\/www.gamberetta.it\/it\/2020\/01\/27\/la-giornata-della-memoria-visitare-il-campo-di-ferramonti-in-calabria\/#breadcrumb\",\"itemListElement\":[{\"@type\":\"ListItem\",\"position\":1,\"name\":\"Home\",\"item\":\"https:\/\/www.gamberetta.it\/it\/\"},{\"@type\":\"ListItem\",\"position\":2,\"name\":\"LA GIORNATA DELLA MEMORIA: VISITARE IL CAMPO DI FERRAMONTI IN CALABRIA\"}]},{\"@type\":\"WebSite\",\"@id\":\"https:\/\/www.gamberetta.it\/it\/#website\",\"url\":\"https:\/\/www.gamberetta.it\/it\/\",\"name\":\"Gamberetta\",\"description\":\"Il mio blog senza fronzoli: pensieri e parole, sempre e ovunque in viaggio\",\"potentialAction\":[{\"@type\":\"SearchAction\",\"target\":{\"@type\":\"EntryPoint\",\"urlTemplate\":\"https:\/\/www.gamberetta.it\/it\/?s={search_term_string}\"},\"query-input\":{\"@type\":\"PropertyValueSpecification\",\"valueRequired\":true,\"valueName\":\"search_term_string\"}}],\"inLanguage\":\"it-IT\"},{\"@type\":\"Person\",\"@id\":\"https:\/\/www.gamberetta.it\/it\/#\/schema\/person\/7a4a919927c944edb5f3f9c665590124\",\"name\":\"gamberetta\",\"image\":{\"@type\":\"ImageObject\",\"inLanguage\":\"it-IT\",\"@id\":\"https:\/\/www.gamberetta.it\/it\/#\/schema\/person\/image\/\",\"url\":\"https:\/\/secure.gravatar.com\/avatar\/7ef5d82656b8958070b4f589b7ae1784?s=96&d=mm&r=g\",\"contentUrl\":\"https:\/\/secure.gravatar.com\/avatar\/7ef5d82656b8958070b4f589b7ae1784?s=96&d=mm&r=g\",\"caption\":\"gamberetta\"},\"description\":\"Sono Toro ascendente Scorpione, terra di contrasti dove ora prevale una met\u00e0, ora l\u2019altra. L\u2019infanzia in Veneto e gli ultimi anni passati a Milano hanno sviluppato in me una serie ulteriore di conflitti. Scrivo da sempre, la scrittura \u00e8 la migliore forma espressiva che mi consente di fissare concetti altrimenti sospesi nell\u2019aria. Da bambina scrivevo poesie con uno stile quasi leopardiano poi sono passata ai diari di viaggio dalla prima volta in USA nel 1998 e non ho pi\u00f9 smesso...\",\"url\":\"https:\/\/www.gamberetta.it\/it\/author\/gamberettarossa\/\"}]}<\/script>\n<!-- \/ Yoast SEO plugin. -->","yoast_head_json":{"title":"LA GIORNATA DELLA MEMORIA: VISITARE IL CAMPO DI FERRAMONTI IN CALABRIA - Gamberetta","robots":{"index":"index","follow":"follow","max-snippet":"max-snippet:-1","max-image-preview":"max-image-preview:large","max-video-preview":"max-video-preview:-1"},"canonical":"https:\/\/www.gamberetta.it\/it\/2020\/01\/27\/la-giornata-della-memoria-visitare-il-campo-di-ferramonti-in-calabria\/","og_locale":"it_IT","og_type":"article","og_title":"LA GIORNATA DELLA MEMORIA: VISITARE IL CAMPO DI FERRAMONTI IN CALABRIA - Gamberetta","og_description":"Ferramonti \u00e8 la frazione di Tarsia, in provincia di Cosenza, nota per il campo di concentramento dove sono state internate oltre tremila persone, nel corso della Seconda Guerra Mondiale. L&#8217;ho visitato lo scorso mese di ottobre, durante il&nbsp;cammino lungo La Via Popilia, \u00e8 stata una visita densa di significato innanzi tutto perch\u00e9 non mi sono &hellip; Leggi tutto","og_url":"https:\/\/www.gamberetta.it\/it\/2020\/01\/27\/la-giornata-della-memoria-visitare-il-campo-di-ferramonti-in-calabria\/","og_site_name":"Gamberetta","article_publisher":"https:\/\/www.facebook.com\/Gamberettatravelblog","article_published_time":"2020-01-27T16:00:41+00:00","article_modified_time":"2020-01-27T16:00:43+00:00","author":"gamberetta","twitter_card":"summary_large_image","twitter_creator":"@robertazennaro","twitter_site":"@robertazennaro","twitter_misc":{"Scritto da":"gamberetta","Tempo di lettura stimato":"4 minuti"},"schema":{"@context":"https:\/\/schema.org","@graph":[{"@type":"WebPage","@id":"https:\/\/www.gamberetta.it\/it\/2020\/01\/27\/la-giornata-della-memoria-visitare-il-campo-di-ferramonti-in-calabria\/","url":"https:\/\/www.gamberetta.it\/it\/2020\/01\/27\/la-giornata-della-memoria-visitare-il-campo-di-ferramonti-in-calabria\/","name":"LA GIORNATA DELLA MEMORIA: VISITARE IL CAMPO DI FERRAMONTI IN CALABRIA - Gamberetta","isPartOf":{"@id":"https:\/\/www.gamberetta.it\/it\/#website"},"primaryImageOfPage":{"@id":"https:\/\/www.gamberetta.it\/it\/2020\/01\/27\/la-giornata-della-memoria-visitare-il-campo-di-ferramonti-in-calabria\/#primaryimage"},"image":{"@id":"https:\/\/www.gamberetta.it\/it\/2020\/01\/27\/la-giornata-della-memoria-visitare-il-campo-di-ferramonti-in-calabria\/#primaryimage"},"thumbnailUrl":"","datePublished":"2020-01-27T16:00:41+00:00","dateModified":"2020-01-27T16:00:43+00:00","author":{"@id":"https:\/\/www.gamberetta.it\/it\/#\/schema\/person\/7a4a919927c944edb5f3f9c665590124"},"breadcrumb":{"@id":"https:\/\/www.gamberetta.it\/it\/2020\/01\/27\/la-giornata-della-memoria-visitare-il-campo-di-ferramonti-in-calabria\/#breadcrumb"},"inLanguage":"it-IT","potentialAction":[{"@type":"ReadAction","target":["https:\/\/www.gamberetta.it\/it\/2020\/01\/27\/la-giornata-della-memoria-visitare-il-campo-di-ferramonti-in-calabria\/"]}]},{"@type":"ImageObject","inLanguage":"it-IT","@id":"https:\/\/www.gamberetta.it\/it\/2020\/01\/27\/la-giornata-della-memoria-visitare-il-campo-di-ferramonti-in-calabria\/#primaryimage","url":"","contentUrl":""},{"@type":"BreadcrumbList","@id":"https:\/\/www.gamberetta.it\/it\/2020\/01\/27\/la-giornata-della-memoria-visitare-il-campo-di-ferramonti-in-calabria\/#breadcrumb","itemListElement":[{"@type":"ListItem","position":1,"name":"Home","item":"https:\/\/www.gamberetta.it\/it\/"},{"@type":"ListItem","position":2,"name":"LA GIORNATA DELLA MEMORIA: VISITARE IL CAMPO DI FERRAMONTI IN CALABRIA"}]},{"@type":"WebSite","@id":"https:\/\/www.gamberetta.it\/it\/#website","url":"https:\/\/www.gamberetta.it\/it\/","name":"Gamberetta","description":"Il mio blog senza fronzoli: pensieri e parole, sempre e ovunque in viaggio","potentialAction":[{"@type":"SearchAction","target":{"@type":"EntryPoint","urlTemplate":"https:\/\/www.gamberetta.it\/it\/?s={search_term_string}"},"query-input":{"@type":"PropertyValueSpecification","valueRequired":true,"valueName":"search_term_string"}}],"inLanguage":"it-IT"},{"@type":"Person","@id":"https:\/\/www.gamberetta.it\/it\/#\/schema\/person\/7a4a919927c944edb5f3f9c665590124","name":"gamberetta","image":{"@type":"ImageObject","inLanguage":"it-IT","@id":"https:\/\/www.gamberetta.it\/it\/#\/schema\/person\/image\/","url":"https:\/\/secure.gravatar.com\/avatar\/7ef5d82656b8958070b4f589b7ae1784?s=96&d=mm&r=g","contentUrl":"https:\/\/secure.gravatar.com\/avatar\/7ef5d82656b8958070b4f589b7ae1784?s=96&d=mm&r=g","caption":"gamberetta"},"description":"Sono Toro ascendente Scorpione, terra di contrasti dove ora prevale una met\u00e0, ora l\u2019altra. L\u2019infanzia in Veneto e gli ultimi anni passati a Milano hanno sviluppato in me una serie ulteriore di conflitti. Scrivo da sempre, la scrittura \u00e8 la migliore forma espressiva che mi consente di fissare concetti altrimenti sospesi nell\u2019aria. Da bambina scrivevo poesie con uno stile quasi leopardiano poi sono passata ai diari di viaggio dalla prima volta in USA nel 1998 e non ho pi\u00f9 smesso...","url":"https:\/\/www.gamberetta.it\/it\/author\/gamberettarossa\/"}]}},"_links":{"self":[{"href":"https:\/\/www.gamberetta.it\/it\/wp-json\/wp\/v2\/posts\/16199"}],"collection":[{"href":"https:\/\/www.gamberetta.it\/it\/wp-json\/wp\/v2\/posts"}],"about":[{"href":"https:\/\/www.gamberetta.it\/it\/wp-json\/wp\/v2\/types\/post"}],"author":[{"embeddable":true,"href":"https:\/\/www.gamberetta.it\/it\/wp-json\/wp\/v2\/users\/2"}],"replies":[{"embeddable":true,"href":"https:\/\/www.gamberetta.it\/it\/wp-json\/wp\/v2\/comments?post=16199"}],"version-history":[{"count":1,"href":"https:\/\/www.gamberetta.it\/it\/wp-json\/wp\/v2\/posts\/16199\/revisions"}],"predecessor-version":[{"id":16226,"href":"https:\/\/www.gamberetta.it\/it\/wp-json\/wp\/v2\/posts\/16199\/revisions\/16226"}],"wp:featuredmedia":[{"embeddable":true,"href":"https:\/\/www.gamberetta.it\/it\/wp-json\/wp\/v2\/media\/16228"}],"wp:attachment":[{"href":"https:\/\/www.gamberetta.it\/it\/wp-json\/wp\/v2\/media?parent=16199"}],"wp:term":[{"taxonomy":"category","embeddable":true,"href":"https:\/\/www.gamberetta.it\/it\/wp-json\/wp\/v2\/categories?post=16199"},{"taxonomy":"post_tag","embeddable":true,"href":"https:\/\/www.gamberetta.it\/it\/wp-json\/wp\/v2\/tags?post=16199"}],"curies":[{"name":"wp","href":"https:\/\/api.w.org\/{rel}","templated":true}]}}