{"id":16537,"date":"2020-03-30T11:19:10","date_gmt":"2020-03-30T09:19:10","guid":{"rendered":"https:\/\/www.gamberetta.it\/it\/?p=16537"},"modified":"2020-03-30T11:19:12","modified_gmt":"2020-03-30T09:19:12","slug":"cosa-vedere-a-mormanno-nel-parco-nazionale-del-pollino","status":"publish","type":"post","link":"https:\/\/www.gamberetta.it\/it\/2020\/03\/30\/cosa-vedere-a-mormanno-nel-parco-nazionale-del-pollino\/","title":{"rendered":"COSA VEDERE A MORMANNO NEL PARCO NAZIONALE DEL POLLINO"},"content":{"rendered":"\n<p>Pi\u00f9 grande di Laino, Mormanno ha quasi 3000 abitanti e si trova a 840 metri slm. Arriviamo in paese a met\u00e0 pomeriggio del 6 ottobre, domenica. In Piazza Umberto I osservo in silenzio gli uomini del paese, mediamente anziani, che indugiano a passeggio e nei bar del centro.<\/p>\n\n\n\n<figure class=\"wp-block-image size-large\"><img loading=\"lazy\" decoding=\"async\" width=\"1024\" height=\"768\" src=\"https:\/\/www.gamberetta.it\/wp-content\/uploads\/2020\/03\/IMG_20191006_171518-1024x768.jpg\" alt=\"\" class=\"wp-image-16540\" srcset=\"https:\/\/www.gamberetta.it\/wp-content\/uploads\/2020\/03\/IMG_20191006_171518-1024x768.jpg 1024w, https:\/\/www.gamberetta.it\/wp-content\/uploads\/2020\/03\/IMG_20191006_171518-300x225.jpg 300w, https:\/\/www.gamberetta.it\/wp-content\/uploads\/2020\/03\/IMG_20191006_171518-768x576.jpg 768w, https:\/\/www.gamberetta.it\/wp-content\/uploads\/2020\/03\/IMG_20191006_171518-1000x750.jpg 1000w, https:\/\/www.gamberetta.it\/wp-content\/uploads\/2020\/03\/IMG_20191006_171518-570x428.jpg 570w, https:\/\/www.gamberetta.it\/wp-content\/uploads\/2020\/03\/IMG_20191006_171518-330x248.jpg 330w, https:\/\/www.gamberetta.it\/wp-content\/uploads\/2020\/03\/IMG_20191006_171518.jpg 1200w\" sizes=\"(max-width: 1024px) 100vw, 1024px\" \/><\/figure>\n\n\n\n<p>Seguo i compagni di cammino nella visita guidata, curata dall&#8217;Associazione il Calabrone (un gioco di parole niente male). Collabora con Proloco, servizio civile e varie associazioni locali. Alcuni volontari sono impegnati per curare e pulire l&#8217;ex ferrovia Calabro Lucana dove abbiamo camminato poco fa. Ora anzi da un bel po&#8217; \u00e8 dismessa, ma speriamo nei grandi progetti per farla diventare un percorso ciclopedonale, in parte gi\u00e0 avviati.<\/p>\n\n\n\n<figure class=\"wp-block-image size-large\"><img loading=\"lazy\" decoding=\"async\" width=\"1024\" height=\"768\" src=\"https:\/\/www.gamberetta.it\/wp-content\/uploads\/2020\/03\/IMG_20191006_171432-1024x768.jpg\" alt=\"\" class=\"wp-image-16541\" srcset=\"https:\/\/www.gamberetta.it\/wp-content\/uploads\/2020\/03\/IMG_20191006_171432-1024x768.jpg 1024w, https:\/\/www.gamberetta.it\/wp-content\/uploads\/2020\/03\/IMG_20191006_171432-300x225.jpg 300w, https:\/\/www.gamberetta.it\/wp-content\/uploads\/2020\/03\/IMG_20191006_171432-768x576.jpg 768w, https:\/\/www.gamberetta.it\/wp-content\/uploads\/2020\/03\/IMG_20191006_171432-1000x750.jpg 1000w, https:\/\/www.gamberetta.it\/wp-content\/uploads\/2020\/03\/IMG_20191006_171432-570x428.jpg 570w, https:\/\/www.gamberetta.it\/wp-content\/uploads\/2020\/03\/IMG_20191006_171432-330x248.jpg 330w, https:\/\/www.gamberetta.it\/wp-content\/uploads\/2020\/03\/IMG_20191006_171432.jpg 1200w\" sizes=\"(max-width: 1024px) 100vw, 1024px\" \/><\/figure>\n\n\n\n<p>Io sogno sempre che riaprano le piccole ferrovie e il traffico su gomma si riduca di conseguenza.<\/p>\n\n\n\n<p>In piazza sorge il duomo di Santa Maria in Colle, principale luogo di interesse di questo paese che sconta, come molti altri, un notevole spopolamento. Il turismo lento si spera che aiuti a invertire questa tendenza.<\/p>\n\n\n\n<figure class=\"wp-block-image size-large\"><img loading=\"lazy\" decoding=\"async\" width=\"768\" height=\"1024\" src=\"https:\/\/www.gamberetta.it\/wp-content\/uploads\/2020\/03\/IMG_20191006_163041-768x1024.jpg\" alt=\"\" class=\"wp-image-16539\" srcset=\"https:\/\/www.gamberetta.it\/wp-content\/uploads\/2020\/03\/IMG_20191006_163041-768x1024.jpg 768w, https:\/\/www.gamberetta.it\/wp-content\/uploads\/2020\/03\/IMG_20191006_163041-225x300.jpg 225w, https:\/\/www.gamberetta.it\/wp-content\/uploads\/2020\/03\/IMG_20191006_163041-60x80.jpg 60w, https:\/\/www.gamberetta.it\/wp-content\/uploads\/2020\/03\/IMG_20191006_163041-600x800.jpg 600w, https:\/\/www.gamberetta.it\/wp-content\/uploads\/2020\/03\/IMG_20191006_163041.jpg 900w\" sizes=\"(max-width: 768px) 100vw, 768px\" \/><\/figure>\n\n\n\n<p>Si tratta di una chiesa barocca a tre navate dalla facciata in tufo che sovrasta imponente la piazza.<\/p>\n\n\n\n<figure class=\"wp-block-image size-large\"><img loading=\"lazy\" decoding=\"async\" width=\"768\" height=\"1024\" src=\"https:\/\/www.gamberetta.it\/wp-content\/uploads\/2020\/03\/IMG_20191006_163112-768x1024.jpg\" alt=\"\" class=\"wp-image-16542\" srcset=\"https:\/\/www.gamberetta.it\/wp-content\/uploads\/2020\/03\/IMG_20191006_163112-768x1024.jpg 768w, https:\/\/www.gamberetta.it\/wp-content\/uploads\/2020\/03\/IMG_20191006_163112-225x300.jpg 225w, https:\/\/www.gamberetta.it\/wp-content\/uploads\/2020\/03\/IMG_20191006_163112-600x800.jpg 600w, https:\/\/www.gamberetta.it\/wp-content\/uploads\/2020\/03\/IMG_20191006_163112.jpg 900w\" sizes=\"(max-width: 768px) 100vw, 768px\" \/><\/figure>\n\n\n\n<p>Il gi\u00e0 ricco interno \u00e8 abbellito da tanti mazzi di fiori, una cascata di colori che su da noi, nel nord pi\u00f9 grigio, non si userebbero nemmeno per il pi\u00f9 sfarzoso dei matrimoni.<\/p>\n\n\n\n<figure class=\"wp-block-image size-large\"><img loading=\"lazy\" decoding=\"async\" width=\"768\" height=\"1024\" src=\"https:\/\/www.gamberetta.it\/wp-content\/uploads\/2020\/03\/IMG_20191006_163458-768x1024.jpg\" alt=\"\" class=\"wp-image-16543\" srcset=\"https:\/\/www.gamberetta.it\/wp-content\/uploads\/2020\/03\/IMG_20191006_163458-768x1024.jpg 768w, https:\/\/www.gamberetta.it\/wp-content\/uploads\/2020\/03\/IMG_20191006_163458-225x300.jpg 225w, https:\/\/www.gamberetta.it\/wp-content\/uploads\/2020\/03\/IMG_20191006_163458-600x800.jpg 600w, https:\/\/www.gamberetta.it\/wp-content\/uploads\/2020\/03\/IMG_20191006_163458.jpg 900w\" sizes=\"(max-width: 768px) 100vw, 768px\" \/><\/figure>\n\n\n\n<p>Il sud \u00e8 anche questo e lo dico da \u201cignorante\u201d nel senso che lo conosco abbastanza poco da volermi avvicinare alla conoscenza di questi territori, cos\u00ec diversi dal freddo e triste nord, con curiosit\u00e0 e circospezione.<\/p>\n\n\n\n<figure class=\"wp-block-image size-large\"><img loading=\"lazy\" decoding=\"async\" width=\"1024\" height=\"768\" src=\"https:\/\/www.gamberetta.it\/wp-content\/uploads\/2020\/03\/IMG_20191006_163448-1024x768.jpg\" alt=\"\" class=\"wp-image-16544\" srcset=\"https:\/\/www.gamberetta.it\/wp-content\/uploads\/2020\/03\/IMG_20191006_163448-1024x768.jpg 1024w, https:\/\/www.gamberetta.it\/wp-content\/uploads\/2020\/03\/IMG_20191006_163448-300x225.jpg 300w, https:\/\/www.gamberetta.it\/wp-content\/uploads\/2020\/03\/IMG_20191006_163448-768x576.jpg 768w, https:\/\/www.gamberetta.it\/wp-content\/uploads\/2020\/03\/IMG_20191006_163448-1000x750.jpg 1000w, https:\/\/www.gamberetta.it\/wp-content\/uploads\/2020\/03\/IMG_20191006_163448-570x428.jpg 570w, https:\/\/www.gamberetta.it\/wp-content\/uploads\/2020\/03\/IMG_20191006_163448-330x248.jpg 330w, https:\/\/www.gamberetta.it\/wp-content\/uploads\/2020\/03\/IMG_20191006_163448.jpg 1200w\" sizes=\"(max-width: 1024px) 100vw, 1024px\" \/><\/figure>\n\n\n\n<p>Tutti questi fiori sembra che parlino, anzi che vogliano esplodere come silenziosi fuochi d&#8217;artificio.<\/p>\n\n\n\n<figure class=\"wp-block-image size-large\"><img loading=\"lazy\" decoding=\"async\" width=\"768\" height=\"1024\" src=\"https:\/\/www.gamberetta.it\/wp-content\/uploads\/2020\/03\/IMG_20191006_163750-768x1024.jpg\" alt=\"\" class=\"wp-image-16545\" srcset=\"https:\/\/www.gamberetta.it\/wp-content\/uploads\/2020\/03\/IMG_20191006_163750-768x1024.jpg 768w, https:\/\/www.gamberetta.it\/wp-content\/uploads\/2020\/03\/IMG_20191006_163750-225x300.jpg 225w, https:\/\/www.gamberetta.it\/wp-content\/uploads\/2020\/03\/IMG_20191006_163750-600x800.jpg 600w, https:\/\/www.gamberetta.it\/wp-content\/uploads\/2020\/03\/IMG_20191006_163750.jpg 900w\" sizes=\"(max-width: 768px) 100vw, 768px\" \/><\/figure>\n\n\n\n<p>Nella sacrestia e nella cripta sotterranea, anch&#8217;esse scavate nel tufo, hanno trovato antiche sepolture.<\/p>\n\n\n\n<figure class=\"wp-block-image size-large\"><img loading=\"lazy\" decoding=\"async\" width=\"768\" height=\"1024\" src=\"https:\/\/www.gamberetta.it\/wp-content\/uploads\/2020\/03\/IMG_20191006_170616-768x1024.jpg\" alt=\"\" class=\"wp-image-16546\" srcset=\"https:\/\/www.gamberetta.it\/wp-content\/uploads\/2020\/03\/IMG_20191006_170616-768x1024.jpg 768w, https:\/\/www.gamberetta.it\/wp-content\/uploads\/2020\/03\/IMG_20191006_170616-225x300.jpg 225w, https:\/\/www.gamberetta.it\/wp-content\/uploads\/2020\/03\/IMG_20191006_170616-600x800.jpg 600w, https:\/\/www.gamberetta.it\/wp-content\/uploads\/2020\/03\/IMG_20191006_170616.jpg 900w\" sizes=\"(max-width: 768px) 100vw, 768px\" \/><\/figure>\n\n\n\n<p>La guida ci racconta una storia che mi colpisce molto, non a lieto fine, sull&#8217;imprenditoria locale. Riguarda il pastificio D&#8217;Alessandro che fino agli anni Ottanta diede lavoro a tanti mormannesi, era paragonato alle maggiori industrie pastarie del nord e si sono spesi fiumi di parole, alla fine, per giustificare il suo declino.<\/p>\n\n\n\n<p>Al culmine era considerato \u201cla Fiat del paese\u201d: lavorava al top della materia prima (grano pugliese) e utilizzava il top delle tecnologie. Nel 1972, fra l&#8217;altro durante il cambio generazionale in azienda, il fondatore mor\u00ec in un misterioso incidente stradale e i figli non riuscirono a proseguirne il lavoro finch\u00e9 il pastificio ha chiuso. Un vero peccato.<\/p>\n\n\n\n<p>Conosciamo meglio la storia di Mormanno attraverso la mostra fotografica e le vecchie immagini del paese.<\/p>\n\n\n\n<figure class=\"wp-block-image size-large\"><img loading=\"lazy\" decoding=\"async\" width=\"1024\" height=\"768\" src=\"https:\/\/www.gamberetta.it\/wp-content\/uploads\/2020\/03\/IMG_20191006_164000-1024x768.jpg\" alt=\"\" class=\"wp-image-16547\" srcset=\"https:\/\/www.gamberetta.it\/wp-content\/uploads\/2020\/03\/IMG_20191006_164000-1024x768.jpg 1024w, https:\/\/www.gamberetta.it\/wp-content\/uploads\/2020\/03\/IMG_20191006_164000-300x225.jpg 300w, https:\/\/www.gamberetta.it\/wp-content\/uploads\/2020\/03\/IMG_20191006_164000-768x576.jpg 768w, https:\/\/www.gamberetta.it\/wp-content\/uploads\/2020\/03\/IMG_20191006_164000-1000x750.jpg 1000w, https:\/\/www.gamberetta.it\/wp-content\/uploads\/2020\/03\/IMG_20191006_164000-570x428.jpg 570w, https:\/\/www.gamberetta.it\/wp-content\/uploads\/2020\/03\/IMG_20191006_164000-330x248.jpg 330w, https:\/\/www.gamberetta.it\/wp-content\/uploads\/2020\/03\/IMG_20191006_164000.jpg 1200w\" sizes=\"(max-width: 1024px) 100vw, 1024px\" \/><\/figure>\n\n\n\n<p>Paesaggi urbani, scorci rurali, volti degli anziani scomparsi. Questa esposizione temporanea \u00e8 ben collocata nella piccola cripta \u2013 museo, vedremo ogni giorno un museo diverso sulla storia millenaria della Calabria.<\/p>\n\n\n\n<p>Il nostro filo conduttore \u00e8 la storia: della VP e dei popoli diversi che si sono incrociati quaggi\u00f9, per mare e per terra. Enotri e Brettii, gli antenati dei Calabresi. Greci, Romani, barbari a pi\u00f9 riprese. i longobardi del sud rimasti pi\u00f9 a lungo qui (quattro secoli) che al nord (due secoli). Termini come Enotria e Italia sono nati in Calabria. Ma torniamo alla mostra.<\/p>\n\n\n\n<figure class=\"wp-block-image size-large\"><img loading=\"lazy\" decoding=\"async\" width=\"1024\" height=\"768\" src=\"https:\/\/www.gamberetta.it\/wp-content\/uploads\/2020\/03\/IMG_20191006_163722-1024x768.jpg\" alt=\"\" class=\"wp-image-16548\" srcset=\"https:\/\/www.gamberetta.it\/wp-content\/uploads\/2020\/03\/IMG_20191006_163722-1024x768.jpg 1024w, https:\/\/www.gamberetta.it\/wp-content\/uploads\/2020\/03\/IMG_20191006_163722-300x225.jpg 300w, https:\/\/www.gamberetta.it\/wp-content\/uploads\/2020\/03\/IMG_20191006_163722-768x576.jpg 768w, https:\/\/www.gamberetta.it\/wp-content\/uploads\/2020\/03\/IMG_20191006_163722-1000x750.jpg 1000w, https:\/\/www.gamberetta.it\/wp-content\/uploads\/2020\/03\/IMG_20191006_163722-570x428.jpg 570w, https:\/\/www.gamberetta.it\/wp-content\/uploads\/2020\/03\/IMG_20191006_163722-330x248.jpg 330w, https:\/\/www.gamberetta.it\/wp-content\/uploads\/2020\/03\/IMG_20191006_163722.jpg 1200w\" sizes=\"(max-width: 1024px) 100vw, 1024px\" \/><\/figure>\n\n\n\n<p>Il titolo \u00e8 significativo. Un paese ci vuole. La guida cita &#8220;La luna e i fal\u00f2&#8221; di Cesare Pavese. Citt\u00e0 \u00e8 il paese mentre la campagna \u00e8 dove si lavora. Ecco uno spunto di riflessione interessante e utile, per confrontare nord e sud, individualismo e senso di comunit\u00e0, fare da s\u00e9 e stare insieme. Quanto ci sarebbe da dire su questo?<\/p>\n\n\n\n<p>Oggi ceniamo e dormiamo in un ex convento, un luogo spirituale ma non ancora pienamente operativo, che fa capo a Pollino Food Experience dello stesso gruppo di Lavinium Albergo Diffuso.<\/p>\n\n\n\n<figure class=\"wp-block-image size-large\"><img loading=\"lazy\" decoding=\"async\" width=\"1024\" height=\"768\" src=\"https:\/\/www.gamberetta.it\/wp-content\/uploads\/2020\/03\/IMG_20191006_180729-1024x768.jpg\" alt=\"\" class=\"wp-image-16549\" srcset=\"https:\/\/www.gamberetta.it\/wp-content\/uploads\/2020\/03\/IMG_20191006_180729-1024x768.jpg 1024w, https:\/\/www.gamberetta.it\/wp-content\/uploads\/2020\/03\/IMG_20191006_180729-300x225.jpg 300w, https:\/\/www.gamberetta.it\/wp-content\/uploads\/2020\/03\/IMG_20191006_180729-768x576.jpg 768w, https:\/\/www.gamberetta.it\/wp-content\/uploads\/2020\/03\/IMG_20191006_180729-1000x750.jpg 1000w, https:\/\/www.gamberetta.it\/wp-content\/uploads\/2020\/03\/IMG_20191006_180729-570x428.jpg 570w, https:\/\/www.gamberetta.it\/wp-content\/uploads\/2020\/03\/IMG_20191006_180729-330x248.jpg 330w, https:\/\/www.gamberetta.it\/wp-content\/uploads\/2020\/03\/IMG_20191006_180729.jpg 1200w\" sizes=\"(max-width: 1024px) 100vw, 1024px\" \/><\/figure>\n\n\n\n<p>La pioggia ci accompagna per le prossime 24 ore e dobbiamo ridurre gli spostamenti a piedi. Buona notte!<\/p>\n\n\n\n<p>Post in collaborazione con:<\/p>\n\n\n\n<figure class=\"wp-block-embed-wordpress wp-block-embed is-type-wp-embed is-provider-la-via-popilia\"><div class=\"wp-block-embed__wrapper\">\n<blockquote class=\"wp-embedded-content\" data-secret=\"dcbVANqXQx\"><a href=\"https:\/\/www.laviapopilia.it\/\">Home<\/a><\/blockquote><iframe loading=\"lazy\" title=\"&#8220;Home&#8221; &#8212; La Via Popilia\" class=\"wp-embedded-content\" sandbox=\"allow-scripts\" security=\"restricted\" style=\"position: absolute; clip: rect(1px, 1px, 1px, 1px);\" src=\"https:\/\/www.laviapopilia.it\/embed\/#?secret=dcbVANqXQx\" data-secret=\"dcbVANqXQx\" width=\"600\" height=\"338\" frameborder=\"0\" marginwidth=\"0\" marginheight=\"0\" scrolling=\"no\"><\/iframe>\n<\/div><\/figure>\n\n\n\n<p>Sulla pagina Facebook de La Via Popilia trovate tanti post sulla nostra settimana in cammino e anche sui numerosi eventi locali previsti tra cui rievocazioni storiche e visite guidate.&nbsp;<\/p>\n\n\n\n<p><\/p>\n","protected":false},"excerpt":{"rendered":"<p>Pi\u00f9 grande di Laino, Mormanno ha quasi 3000 abitanti e si trova a 840 metri slm. Arriviamo in paese a met\u00e0 pomeriggio del 6 ottobre, domenica. In Piazza Umberto I osservo in silenzio gli uomini del paese, mediamente anziani, che indugiano a passeggio e nei bar del centro. Seguo i compagni di cammino nella visita &hellip; <a class=\"more-link\" href=\"https:\/\/www.gamberetta.it\/it\/2020\/03\/30\/cosa-vedere-a-mormanno-nel-parco-nazionale-del-pollino\/\">Leggi tutto<i class=\"ion-ios-arrow-thin-right\"><\/i><\/a><\/p>\n","protected":false},"author":2,"featured_media":16556,"comment_status":"open","ping_status":"closed","sticky":false,"template":"","format":"standard","meta":{"footnotes":""},"categories":[68,28,69,34],"tags":[2831,2919,2830,2832,2829],"class_list":["post-16537","post","type-post","status-publish","format-standard","has-post-thumbnail","hentry","category-food-wine","category-myself","category-trains","category-viaggi-italia-europa","tag-ab-regio-ad-capuam","tag-cooperativa-il-calabrone","tag-in-calabria-lungo-la-via-popilia","tag-la-via-popilia","tag-pandosia-bruzia"],"yoast_head":"<!-- This site is optimized with the Yoast SEO plugin v23.5 - https:\/\/yoast.com\/wordpress\/plugins\/seo\/ -->\n<title>COSA VEDERE A MORMANNO NEL PARCO NAZIONALE DEL POLLINO - Gamberetta<\/title>\n<meta name=\"robots\" content=\"index, follow, max-snippet:-1, max-image-preview:large, max-video-preview:-1\" \/>\n<link rel=\"canonical\" href=\"https:\/\/www.gamberetta.it\/it\/2020\/03\/30\/cosa-vedere-a-mormanno-nel-parco-nazionale-del-pollino\/\" \/>\n<meta property=\"og:locale\" content=\"it_IT\" \/>\n<meta property=\"og:type\" content=\"article\" \/>\n<meta property=\"og:title\" content=\"COSA VEDERE A MORMANNO NEL PARCO NAZIONALE DEL POLLINO - Gamberetta\" \/>\n<meta property=\"og:description\" content=\"Pi\u00f9 grande di Laino, Mormanno ha quasi 3000 abitanti e si trova a 840 metri slm. Arriviamo in paese a met\u00e0 pomeriggio del 6 ottobre, domenica. In Piazza Umberto I osservo in silenzio gli uomini del paese, mediamente anziani, che indugiano a passeggio e nei bar del centro. Seguo i compagni di cammino nella visita &hellip; Leggi tutto\" \/>\n<meta property=\"og:url\" content=\"https:\/\/www.gamberetta.it\/it\/2020\/03\/30\/cosa-vedere-a-mormanno-nel-parco-nazionale-del-pollino\/\" \/>\n<meta property=\"og:site_name\" content=\"Gamberetta\" \/>\n<meta property=\"article:publisher\" content=\"https:\/\/www.facebook.com\/Gamberettatravelblog\" \/>\n<meta property=\"article:published_time\" content=\"2020-03-30T09:19:10+00:00\" \/>\n<meta property=\"article:modified_time\" content=\"2020-03-30T09:19:12+00:00\" \/>\n<meta name=\"author\" content=\"gamberetta\" \/>\n<meta name=\"twitter:card\" content=\"summary_large_image\" \/>\n<meta name=\"twitter:creator\" content=\"@robertazennaro\" \/>\n<meta name=\"twitter:site\" content=\"@robertazennaro\" \/>\n<meta name=\"twitter:label1\" content=\"Scritto da\" \/>\n\t<meta name=\"twitter:data1\" content=\"gamberetta\" \/>\n\t<meta name=\"twitter:label2\" content=\"Tempo di lettura stimato\" \/>\n\t<meta name=\"twitter:data2\" content=\"3 minuti\" \/>\n<script type=\"application\/ld+json\" class=\"yoast-schema-graph\">{\"@context\":\"https:\/\/schema.org\",\"@graph\":[{\"@type\":\"WebPage\",\"@id\":\"https:\/\/www.gamberetta.it\/it\/2020\/03\/30\/cosa-vedere-a-mormanno-nel-parco-nazionale-del-pollino\/\",\"url\":\"https:\/\/www.gamberetta.it\/it\/2020\/03\/30\/cosa-vedere-a-mormanno-nel-parco-nazionale-del-pollino\/\",\"name\":\"COSA VEDERE A MORMANNO NEL PARCO NAZIONALE DEL POLLINO - Gamberetta\",\"isPartOf\":{\"@id\":\"https:\/\/www.gamberetta.it\/it\/#website\"},\"primaryImageOfPage\":{\"@id\":\"https:\/\/www.gamberetta.it\/it\/2020\/03\/30\/cosa-vedere-a-mormanno-nel-parco-nazionale-del-pollino\/#primaryimage\"},\"image\":{\"@id\":\"https:\/\/www.gamberetta.it\/it\/2020\/03\/30\/cosa-vedere-a-mormanno-nel-parco-nazionale-del-pollino\/#primaryimage\"},\"thumbnailUrl\":\"\",\"datePublished\":\"2020-03-30T09:19:10+00:00\",\"dateModified\":\"2020-03-30T09:19:12+00:00\",\"author\":{\"@id\":\"https:\/\/www.gamberetta.it\/it\/#\/schema\/person\/7a4a919927c944edb5f3f9c665590124\"},\"breadcrumb\":{\"@id\":\"https:\/\/www.gamberetta.it\/it\/2020\/03\/30\/cosa-vedere-a-mormanno-nel-parco-nazionale-del-pollino\/#breadcrumb\"},\"inLanguage\":\"it-IT\",\"potentialAction\":[{\"@type\":\"ReadAction\",\"target\":[\"https:\/\/www.gamberetta.it\/it\/2020\/03\/30\/cosa-vedere-a-mormanno-nel-parco-nazionale-del-pollino\/\"]}]},{\"@type\":\"ImageObject\",\"inLanguage\":\"it-IT\",\"@id\":\"https:\/\/www.gamberetta.it\/it\/2020\/03\/30\/cosa-vedere-a-mormanno-nel-parco-nazionale-del-pollino\/#primaryimage\",\"url\":\"\",\"contentUrl\":\"\"},{\"@type\":\"BreadcrumbList\",\"@id\":\"https:\/\/www.gamberetta.it\/it\/2020\/03\/30\/cosa-vedere-a-mormanno-nel-parco-nazionale-del-pollino\/#breadcrumb\",\"itemListElement\":[{\"@type\":\"ListItem\",\"position\":1,\"name\":\"Home\",\"item\":\"https:\/\/www.gamberetta.it\/it\/\"},{\"@type\":\"ListItem\",\"position\":2,\"name\":\"COSA VEDERE A MORMANNO NEL PARCO NAZIONALE DEL POLLINO\"}]},{\"@type\":\"WebSite\",\"@id\":\"https:\/\/www.gamberetta.it\/it\/#website\",\"url\":\"https:\/\/www.gamberetta.it\/it\/\",\"name\":\"Gamberetta\",\"description\":\"Il mio blog senza fronzoli: pensieri e parole, sempre e ovunque in viaggio\",\"potentialAction\":[{\"@type\":\"SearchAction\",\"target\":{\"@type\":\"EntryPoint\",\"urlTemplate\":\"https:\/\/www.gamberetta.it\/it\/?s={search_term_string}\"},\"query-input\":{\"@type\":\"PropertyValueSpecification\",\"valueRequired\":true,\"valueName\":\"search_term_string\"}}],\"inLanguage\":\"it-IT\"},{\"@type\":\"Person\",\"@id\":\"https:\/\/www.gamberetta.it\/it\/#\/schema\/person\/7a4a919927c944edb5f3f9c665590124\",\"name\":\"gamberetta\",\"image\":{\"@type\":\"ImageObject\",\"inLanguage\":\"it-IT\",\"@id\":\"https:\/\/www.gamberetta.it\/it\/#\/schema\/person\/image\/\",\"url\":\"https:\/\/secure.gravatar.com\/avatar\/7ef5d82656b8958070b4f589b7ae1784?s=96&d=mm&r=g\",\"contentUrl\":\"https:\/\/secure.gravatar.com\/avatar\/7ef5d82656b8958070b4f589b7ae1784?s=96&d=mm&r=g\",\"caption\":\"gamberetta\"},\"description\":\"Sono Toro ascendente Scorpione, terra di contrasti dove ora prevale una met\u00e0, ora l\u2019altra. L\u2019infanzia in Veneto e gli ultimi anni passati a Milano hanno sviluppato in me una serie ulteriore di conflitti. Scrivo da sempre, la scrittura \u00e8 la migliore forma espressiva che mi consente di fissare concetti altrimenti sospesi nell\u2019aria. Da bambina scrivevo poesie con uno stile quasi leopardiano poi sono passata ai diari di viaggio dalla prima volta in USA nel 1998 e non ho pi\u00f9 smesso...\",\"url\":\"https:\/\/www.gamberetta.it\/it\/author\/gamberettarossa\/\"}]}<\/script>\n<!-- \/ Yoast SEO plugin. -->","yoast_head_json":{"title":"COSA VEDERE A MORMANNO NEL PARCO NAZIONALE DEL POLLINO - Gamberetta","robots":{"index":"index","follow":"follow","max-snippet":"max-snippet:-1","max-image-preview":"max-image-preview:large","max-video-preview":"max-video-preview:-1"},"canonical":"https:\/\/www.gamberetta.it\/it\/2020\/03\/30\/cosa-vedere-a-mormanno-nel-parco-nazionale-del-pollino\/","og_locale":"it_IT","og_type":"article","og_title":"COSA VEDERE A MORMANNO NEL PARCO NAZIONALE DEL POLLINO - Gamberetta","og_description":"Pi\u00f9 grande di Laino, Mormanno ha quasi 3000 abitanti e si trova a 840 metri slm. Arriviamo in paese a met\u00e0 pomeriggio del 6 ottobre, domenica. In Piazza Umberto I osservo in silenzio gli uomini del paese, mediamente anziani, che indugiano a passeggio e nei bar del centro. Seguo i compagni di cammino nella visita &hellip; Leggi tutto","og_url":"https:\/\/www.gamberetta.it\/it\/2020\/03\/30\/cosa-vedere-a-mormanno-nel-parco-nazionale-del-pollino\/","og_site_name":"Gamberetta","article_publisher":"https:\/\/www.facebook.com\/Gamberettatravelblog","article_published_time":"2020-03-30T09:19:10+00:00","article_modified_time":"2020-03-30T09:19:12+00:00","author":"gamberetta","twitter_card":"summary_large_image","twitter_creator":"@robertazennaro","twitter_site":"@robertazennaro","twitter_misc":{"Scritto da":"gamberetta","Tempo di lettura stimato":"3 minuti"},"schema":{"@context":"https:\/\/schema.org","@graph":[{"@type":"WebPage","@id":"https:\/\/www.gamberetta.it\/it\/2020\/03\/30\/cosa-vedere-a-mormanno-nel-parco-nazionale-del-pollino\/","url":"https:\/\/www.gamberetta.it\/it\/2020\/03\/30\/cosa-vedere-a-mormanno-nel-parco-nazionale-del-pollino\/","name":"COSA VEDERE A MORMANNO NEL PARCO NAZIONALE DEL POLLINO - Gamberetta","isPartOf":{"@id":"https:\/\/www.gamberetta.it\/it\/#website"},"primaryImageOfPage":{"@id":"https:\/\/www.gamberetta.it\/it\/2020\/03\/30\/cosa-vedere-a-mormanno-nel-parco-nazionale-del-pollino\/#primaryimage"},"image":{"@id":"https:\/\/www.gamberetta.it\/it\/2020\/03\/30\/cosa-vedere-a-mormanno-nel-parco-nazionale-del-pollino\/#primaryimage"},"thumbnailUrl":"","datePublished":"2020-03-30T09:19:10+00:00","dateModified":"2020-03-30T09:19:12+00:00","author":{"@id":"https:\/\/www.gamberetta.it\/it\/#\/schema\/person\/7a4a919927c944edb5f3f9c665590124"},"breadcrumb":{"@id":"https:\/\/www.gamberetta.it\/it\/2020\/03\/30\/cosa-vedere-a-mormanno-nel-parco-nazionale-del-pollino\/#breadcrumb"},"inLanguage":"it-IT","potentialAction":[{"@type":"ReadAction","target":["https:\/\/www.gamberetta.it\/it\/2020\/03\/30\/cosa-vedere-a-mormanno-nel-parco-nazionale-del-pollino\/"]}]},{"@type":"ImageObject","inLanguage":"it-IT","@id":"https:\/\/www.gamberetta.it\/it\/2020\/03\/30\/cosa-vedere-a-mormanno-nel-parco-nazionale-del-pollino\/#primaryimage","url":"","contentUrl":""},{"@type":"BreadcrumbList","@id":"https:\/\/www.gamberetta.it\/it\/2020\/03\/30\/cosa-vedere-a-mormanno-nel-parco-nazionale-del-pollino\/#breadcrumb","itemListElement":[{"@type":"ListItem","position":1,"name":"Home","item":"https:\/\/www.gamberetta.it\/it\/"},{"@type":"ListItem","position":2,"name":"COSA VEDERE A MORMANNO NEL PARCO NAZIONALE DEL POLLINO"}]},{"@type":"WebSite","@id":"https:\/\/www.gamberetta.it\/it\/#website","url":"https:\/\/www.gamberetta.it\/it\/","name":"Gamberetta","description":"Il mio blog senza fronzoli: pensieri e parole, sempre e ovunque in viaggio","potentialAction":[{"@type":"SearchAction","target":{"@type":"EntryPoint","urlTemplate":"https:\/\/www.gamberetta.it\/it\/?s={search_term_string}"},"query-input":{"@type":"PropertyValueSpecification","valueRequired":true,"valueName":"search_term_string"}}],"inLanguage":"it-IT"},{"@type":"Person","@id":"https:\/\/www.gamberetta.it\/it\/#\/schema\/person\/7a4a919927c944edb5f3f9c665590124","name":"gamberetta","image":{"@type":"ImageObject","inLanguage":"it-IT","@id":"https:\/\/www.gamberetta.it\/it\/#\/schema\/person\/image\/","url":"https:\/\/secure.gravatar.com\/avatar\/7ef5d82656b8958070b4f589b7ae1784?s=96&d=mm&r=g","contentUrl":"https:\/\/secure.gravatar.com\/avatar\/7ef5d82656b8958070b4f589b7ae1784?s=96&d=mm&r=g","caption":"gamberetta"},"description":"Sono Toro ascendente Scorpione, terra di contrasti dove ora prevale una met\u00e0, ora l\u2019altra. L\u2019infanzia in Veneto e gli ultimi anni passati a Milano hanno sviluppato in me una serie ulteriore di conflitti. Scrivo da sempre, la scrittura \u00e8 la migliore forma espressiva che mi consente di fissare concetti altrimenti sospesi nell\u2019aria. Da bambina scrivevo poesie con uno stile quasi leopardiano poi sono passata ai diari di viaggio dalla prima volta in USA nel 1998 e non ho pi\u00f9 smesso...","url":"https:\/\/www.gamberetta.it\/it\/author\/gamberettarossa\/"}]}},"_links":{"self":[{"href":"https:\/\/www.gamberetta.it\/it\/wp-json\/wp\/v2\/posts\/16537"}],"collection":[{"href":"https:\/\/www.gamberetta.it\/it\/wp-json\/wp\/v2\/posts"}],"about":[{"href":"https:\/\/www.gamberetta.it\/it\/wp-json\/wp\/v2\/types\/post"}],"author":[{"embeddable":true,"href":"https:\/\/www.gamberetta.it\/it\/wp-json\/wp\/v2\/users\/2"}],"replies":[{"embeddable":true,"href":"https:\/\/www.gamberetta.it\/it\/wp-json\/wp\/v2\/comments?post=16537"}],"version-history":[{"count":3,"href":"https:\/\/www.gamberetta.it\/it\/wp-json\/wp\/v2\/posts\/16537\/revisions"}],"predecessor-version":[{"id":16554,"href":"https:\/\/www.gamberetta.it\/it\/wp-json\/wp\/v2\/posts\/16537\/revisions\/16554"}],"wp:featuredmedia":[{"embeddable":true,"href":"https:\/\/www.gamberetta.it\/it\/wp-json\/wp\/v2\/media\/16556"}],"wp:attachment":[{"href":"https:\/\/www.gamberetta.it\/it\/wp-json\/wp\/v2\/media?parent=16537"}],"wp:term":[{"taxonomy":"category","embeddable":true,"href":"https:\/\/www.gamberetta.it\/it\/wp-json\/wp\/v2\/categories?post=16537"},{"taxonomy":"post_tag","embeddable":true,"href":"https:\/\/www.gamberetta.it\/it\/wp-json\/wp\/v2\/tags?post=16537"}],"curies":[{"name":"wp","href":"https:\/\/api.w.org\/{rel}","templated":true}]}}