{"id":16754,"date":"2020-06-18T18:50:36","date_gmt":"2020-06-18T16:50:36","guid":{"rendered":"https:\/\/www.gamberetta.it\/it\/?p=16754"},"modified":"2020-06-18T18:58:09","modified_gmt":"2020-06-18T16:58:09","slug":"itinerario-di-due-giorni-nel-sud-ovest-della-sardegna","status":"publish","type":"post","link":"https:\/\/www.gamberetta.it\/it\/2020\/06\/18\/itinerario-di-due-giorni-nel-sud-ovest-della-sardegna\/","title":{"rendered":"ITINERARIO DI DUE GIORNI NEL SUD OVEST DELLA SARDEGNA"},"content":{"rendered":"\n<p>Due anni fa dopo la visita di Barumini avevamo ancora tempo e voglia di girare la Sardegna. Con Simonetta andiamo sul sicuro e non ci facciamo mai sfuggire le possibilit\u00e0 di esplorare luoghi pi\u00f9 o meno conosciuti.<br>Se Barumini \u00e8 il solo sito archeologico oggi riconosciuto da UNESCO nell&#8217;isola, nell&#8217;elenco sardo c&#8217;\u00e8 anche, come bene immateriale, il canto a tenore che affonda le sue origini a Bitti. Non perdete l&#8217;occasione di ascoltare i Tenores di Bitti o altri gruppi di canto popolare, fatevi raccontare le loro storie, dal vivo mettono i brividi. Brrr!<\/p>\n\n\n\n<figure class=\"wp-block-image size-large\"><img loading=\"lazy\" decoding=\"async\" width=\"768\" height=\"1024\" src=\"https:\/\/www.gamberetta.it\/wp-content\/uploads\/2020\/06\/20180827_111006-e1592495234775-768x1024.jpg\" alt=\"\" class=\"wp-image-16947\" srcset=\"https:\/\/www.gamberetta.it\/wp-content\/uploads\/2020\/06\/20180827_111006-e1592495234775-768x1024.jpg 768w, https:\/\/www.gamberetta.it\/wp-content\/uploads\/2020\/06\/20180827_111006-e1592495234775-225x300.jpg 225w, https:\/\/www.gamberetta.it\/wp-content\/uploads\/2020\/06\/20180827_111006-e1592495234775-600x800.jpg 600w, https:\/\/www.gamberetta.it\/wp-content\/uploads\/2020\/06\/20180827_111006-e1592495234775-60x80.jpg 60w, https:\/\/www.gamberetta.it\/wp-content\/uploads\/2020\/06\/20180827_111006-e1592495234775.jpg 900w\" sizes=\"(max-width: 768px) 100vw, 768px\" \/><\/figure>\n\n\n\n<p>UNESCO ha ancora molto da fare sull&#8217;isola, la \u201cTentative list\u201d della Sardegna comprende vari siti in attesa di valutazione:<\/p>\n\n\n\n<ul class=\"wp-block-list\"><li>A nord le meraviglie naturali di Maddalena e Asinara \u201cisole nell&#8217;isola\u201d<\/li><li>Al centro i siti archeologici della penisola del Sinis, i giganti di Mont&#8217;e Prama e il sito punico di Tharros<\/li><li>A sud le miniere del Sulcis e l&#8217;area archeologica di Nora, sempre di origine punica.<\/li><\/ul>\n\n\n\n<figure class=\"wp-block-image size-large\"><img loading=\"lazy\" decoding=\"async\" width=\"1024\" height=\"768\" src=\"https:\/\/www.gamberetta.it\/wp-content\/uploads\/2020\/06\/20180826_122952-1024x768.jpg\" alt=\"\" class=\"wp-image-16948\" srcset=\"https:\/\/www.gamberetta.it\/wp-content\/uploads\/2020\/06\/20180826_122952-1024x768.jpg 1024w, https:\/\/www.gamberetta.it\/wp-content\/uploads\/2020\/06\/20180826_122952-300x225.jpg 300w, https:\/\/www.gamberetta.it\/wp-content\/uploads\/2020\/06\/20180826_122952-768x576.jpg 768w, https:\/\/www.gamberetta.it\/wp-content\/uploads\/2020\/06\/20180826_122952-1000x750.jpg 1000w, https:\/\/www.gamberetta.it\/wp-content\/uploads\/2020\/06\/20180826_122952-570x428.jpg 570w, https:\/\/www.gamberetta.it\/wp-content\/uploads\/2020\/06\/20180826_122952-330x248.jpg 330w, https:\/\/www.gamberetta.it\/wp-content\/uploads\/2020\/06\/20180826_122952.jpg 1200w\" sizes=\"(max-width: 1024px) 100vw, 1024px\" \/><\/figure>\n\n\n\n<p>Alla conferenza stampa di UNESCO Festival Experience, sempre a Barumini, conosciamo Carla Medau sindaca di Pula che gentilmente ci invita a farle visita. La ringrazier\u00f2 sempre per avermi permesso di visitare il sito nella sua completezza, in una giornata limpida di fine agosto piena di tutto, in ottima compagnia, completando cos\u00ec il mio percorso nella storia e archeologia sarda. Vedere un sito sul mare \u00e8 una doppia emozione per me.<\/p>\n\n\n\n<p>Segnatelo fra le cose da vedere assieme ad altre rovine solo un poco pi\u00f9 lontane e pi\u00f9 recenti, greche o romane per esempio, unite dal filo sottile della storia, la nostra. Unite dal comune senso di appartenenza alle radici mediterranee che affondano nel mare e salgono su entrambe le sponde con le loro pietre, erette in Italia e in Grecia, in Tunisia e in Libia e in altri luoghi magici, da uomini coraggiosi per sfidare il tempo, le intemperie. E la storia.<\/p>\n\n\n\n<p>La nostra piccola storia continua nel capoluogo sardo dove ci fermiamo due giorni. Cagliari ci \u00e8 piaciuta molto e l&#8217;abbiamo scoperta poco a poco, soprattutto di sera, siamo andate tanto in giro: un giorno con il bus pubblico a Pula e Nora, un giorno in auto nel Sulcis. Abbiamo visto il mare, un poco da vicino, molto da lontano. Visitare le spiagge non era il mio primo pensiero! Anche questo \u00e8 #Sardegnadentro.<\/p>\n\n\n\n<h2 class=\"wp-block-heading\">L&#8217;AREA ARCHEOLOGICA DI NORA<\/h2>\n\n\n\n<p>A ovest di Cagliari, a meno di un&#8217;ora in auto, nel comune di Pula si trova l&#8217;antica citt\u00e0 di Nora. Noi in realt\u00e0 ci siamo andate con il bus ARST (il tragitto \u00e8 un po&#8217; pi\u00f9 lungo) che parte ogni mezz&#8217;ora dall&#8217;autostazione, di fronte alla stazione dei treni. Lungo il tragitto nel golfo di Cagliari facilmente si vedono i fenicotteri rosa, dal mio punto di vista come turista \u00e8 sempre una bella vista, e credo piaccia molto anche ai cagliaritani.<\/p>\n\n\n\n<p>Il centro di Pula \u00e8 carino se volete fare due passi dopo la visita, per\u00f2 il sito prende abbastanza tempo. La sindaca ci accoglie in municipio dove si concede al rito del selfie. Per questo la ringrazio tanto, e soprattutto la ringrazio per il suo supporto durante tutta la nostra visita. Ci racconta alcune tematiche della sua amministrazione (\u00e8 al secondo mandato), mi fa piacere l&#8217;attenzione al sociale e alle questioni di genere, come si vede ad esempio nelle due panchine della piazza del municipio.<\/p>\n\n\n\n<figure class=\"wp-block-image size-large\"><img loading=\"lazy\" decoding=\"async\" width=\"1024\" height=\"768\" src=\"https:\/\/www.gamberetta.it\/wp-content\/uploads\/2020\/06\/20180827_101823-1024x768.jpg\" alt=\"\" class=\"wp-image-16951\" srcset=\"https:\/\/www.gamberetta.it\/wp-content\/uploads\/2020\/06\/20180827_101823-1024x768.jpg 1024w, https:\/\/www.gamberetta.it\/wp-content\/uploads\/2020\/06\/20180827_101823-300x225.jpg 300w, https:\/\/www.gamberetta.it\/wp-content\/uploads\/2020\/06\/20180827_101823-768x576.jpg 768w, https:\/\/www.gamberetta.it\/wp-content\/uploads\/2020\/06\/20180827_101823-1000x750.jpg 1000w, https:\/\/www.gamberetta.it\/wp-content\/uploads\/2020\/06\/20180827_101823-570x428.jpg 570w, https:\/\/www.gamberetta.it\/wp-content\/uploads\/2020\/06\/20180827_101823-330x248.jpg 330w, https:\/\/www.gamberetta.it\/wp-content\/uploads\/2020\/06\/20180827_101823.jpg 1200w\" sizes=\"(max-width: 1024px) 100vw, 1024px\" \/><\/figure>\n\n\n\n<p>Sono rosse e \u201cparlano\u201d di donne con frasi a effetto, sempre attuali.<\/p>\n\n\n\n<figure class=\"wp-block-image size-large\"><img loading=\"lazy\" decoding=\"async\" width=\"1024\" height=\"768\" src=\"https:\/\/www.gamberetta.it\/wp-content\/uploads\/2020\/06\/20180827_094717-1024x768.jpg\" alt=\"\" class=\"wp-image-16950\" srcset=\"https:\/\/www.gamberetta.it\/wp-content\/uploads\/2020\/06\/20180827_094717-1024x768.jpg 1024w, https:\/\/www.gamberetta.it\/wp-content\/uploads\/2020\/06\/20180827_094717-300x225.jpg 300w, https:\/\/www.gamberetta.it\/wp-content\/uploads\/2020\/06\/20180827_094717-768x576.jpg 768w, https:\/\/www.gamberetta.it\/wp-content\/uploads\/2020\/06\/20180827_094717-1000x750.jpg 1000w, https:\/\/www.gamberetta.it\/wp-content\/uploads\/2020\/06\/20180827_094717-570x428.jpg 570w, https:\/\/www.gamberetta.it\/wp-content\/uploads\/2020\/06\/20180827_094717-330x248.jpg 330w, https:\/\/www.gamberetta.it\/wp-content\/uploads\/2020\/06\/20180827_094717.jpg 1200w\" sizes=\"(max-width: 1024px) 100vw, 1024px\" \/><\/figure>\n\n\n\n<p>Mettete in conto almeno mezza giornata, 4 \u2013 5 ore, per vedere tutto. C&#8217;\u00e8 una parte archeologica, una naturalistica e una bella spiaggia, fate voi.<\/p>\n\n\n\n<figure class=\"wp-block-image size-large\"><img loading=\"lazy\" decoding=\"async\" width=\"1024\" height=\"768\" src=\"https:\/\/www.gamberetta.it\/wp-content\/uploads\/2020\/06\/20180827_123954-1024x768.jpg\" alt=\"\" class=\"wp-image-16952\" srcset=\"https:\/\/www.gamberetta.it\/wp-content\/uploads\/2020\/06\/20180827_123954-1024x768.jpg 1024w, https:\/\/www.gamberetta.it\/wp-content\/uploads\/2020\/06\/20180827_123954-300x225.jpg 300w, https:\/\/www.gamberetta.it\/wp-content\/uploads\/2020\/06\/20180827_123954-768x576.jpg 768w, https:\/\/www.gamberetta.it\/wp-content\/uploads\/2020\/06\/20180827_123954-1000x750.jpg 1000w, https:\/\/www.gamberetta.it\/wp-content\/uploads\/2020\/06\/20180827_123954-570x428.jpg 570w, https:\/\/www.gamberetta.it\/wp-content\/uploads\/2020\/06\/20180827_123954-330x248.jpg 330w, https:\/\/www.gamberetta.it\/wp-content\/uploads\/2020\/06\/20180827_123954.jpg 1200w\" sizes=\"(max-width: 1024px) 100vw, 1024px\" \/><\/figure>\n\n\n\n<p>Il vasto sito archeologico sul mare \u00e8 di una bellezza struggente, ha tremila anni di storia e molte parti ben conservate di epoca fenicia (con il cimitero tophet), punica, romana. Si vedono persino i resti sotto l&#8217;acqua limpida, da terra oppure se volete a nuoto. Approfittate come noi delle visite guidate che partono dalla biglietteria, vi daranno tutte le informazioni utili per godere appieno di tanta bellezza.<\/p>\n\n\n\n<figure class=\"wp-block-image size-large\"><img loading=\"lazy\" decoding=\"async\" width=\"1024\" height=\"681\" src=\"https:\/\/www.gamberetta.it\/wp-content\/uploads\/2020\/06\/DSC_0980-1024x681.jpg\" alt=\"\" class=\"wp-image-16953\" srcset=\"https:\/\/www.gamberetta.it\/wp-content\/uploads\/2020\/06\/DSC_0980-1024x681.jpg 1024w, https:\/\/www.gamberetta.it\/wp-content\/uploads\/2020\/06\/DSC_0980-300x200.jpg 300w, https:\/\/www.gamberetta.it\/wp-content\/uploads\/2020\/06\/DSC_0980-768x511.jpg 768w, https:\/\/www.gamberetta.it\/wp-content\/uploads\/2020\/06\/DSC_0980.jpg 1200w\" sizes=\"(max-width: 1024px) 100vw, 1024px\" \/><\/figure>\n\n\n\n<p>Sono in corso tuttora degli scavi in campagne seguite da ben quattro Universit\u00e0, tra cui Padova.<\/p>\n\n\n\n<p>Le strade che percorriamo oggi erano animate oltre duemila anni fa da migliaia di persone.<\/p>\n\n\n\n<figure class=\"wp-block-image size-large\"><img loading=\"lazy\" decoding=\"async\" width=\"1024\" height=\"682\" src=\"https:\/\/www.gamberetta.it\/wp-content\/uploads\/2020\/06\/DSC_0962-1024x682.jpg\" alt=\"\" class=\"wp-image-16954\" srcset=\"https:\/\/www.gamberetta.it\/wp-content\/uploads\/2020\/06\/DSC_0962-1024x682.jpg 1024w, https:\/\/www.gamberetta.it\/wp-content\/uploads\/2020\/06\/DSC_0962-300x200.jpg 300w, https:\/\/www.gamberetta.it\/wp-content\/uploads\/2020\/06\/DSC_0962-768x511.jpg 768w, https:\/\/www.gamberetta.it\/wp-content\/uploads\/2020\/06\/DSC_0962.jpg 1200w\" sizes=\"(max-width: 1024px) 100vw, 1024px\" \/><\/figure>\n\n\n\n<p>Ottomila abitanti faceva Nora, tanti quanti ne fa adesso.<\/p>\n\n\n\n<p>Le terme si distinguono chiaramente, cos\u00ec come le colonne relative a templi e santuari, nonch\u00e9 il foro.<\/p>\n\n\n\n<figure class=\"wp-block-image size-large\"><img loading=\"lazy\" decoding=\"async\" width=\"1024\" height=\"662\" src=\"https:\/\/www.gamberetta.it\/wp-content\/uploads\/2020\/06\/DSC_0992-1024x662.jpg\" alt=\"\" class=\"wp-image-16956\" srcset=\"https:\/\/www.gamberetta.it\/wp-content\/uploads\/2020\/06\/DSC_0992-1024x662.jpg 1024w, https:\/\/www.gamberetta.it\/wp-content\/uploads\/2020\/06\/DSC_0992-300x194.jpg 300w, https:\/\/www.gamberetta.it\/wp-content\/uploads\/2020\/06\/DSC_0992-768x497.jpg 768w, https:\/\/www.gamberetta.it\/wp-content\/uploads\/2020\/06\/DSC_0992.jpg 1200w\" sizes=\"(max-width: 1024px) 100vw, 1024px\" \/><\/figure>\n\n\n\n<p>Pavimenti a mosaico ornano le case nobiliari degli abitanti pi\u00f9 ricchi.<\/p>\n\n\n\n<figure class=\"wp-block-image size-large\"><img loading=\"lazy\" decoding=\"async\" width=\"1024\" height=\"681\" src=\"https:\/\/www.gamberetta.it\/wp-content\/uploads\/2020\/06\/DSC_0958-1024x681.jpg\" alt=\"\" class=\"wp-image-16955\" srcset=\"https:\/\/www.gamberetta.it\/wp-content\/uploads\/2020\/06\/DSC_0958-1024x681.jpg 1024w, https:\/\/www.gamberetta.it\/wp-content\/uploads\/2020\/06\/DSC_0958-300x200.jpg 300w, https:\/\/www.gamberetta.it\/wp-content\/uploads\/2020\/06\/DSC_0958-768x511.jpg 768w, https:\/\/www.gamberetta.it\/wp-content\/uploads\/2020\/06\/DSC_0958.jpg 1200w\" sizes=\"(max-width: 1024px) 100vw, 1024px\" \/><\/figure>\n\n\n\n<p>L&#8217;acquedotto funzionava con un ingegnoso sistema tuttora visibile.<\/p>\n\n\n\n<p>L&#8217;anfiteatro aveva un migliaio di posti a sedere, all&#8217;epoca era rivestito di marmo.<\/p>\n\n\n\n<p>Oggi, come possiamo vedere, \u00e8 utilizzato per spettacoli estivi.<\/p>\n\n\n\n<figure class=\"wp-block-image size-large\"><img loading=\"lazy\" decoding=\"async\" width=\"1024\" height=\"768\" src=\"https:\/\/www.gamberetta.it\/wp-content\/uploads\/2020\/06\/20180827_112438-1024x768.jpg\" alt=\"\" class=\"wp-image-16961\" srcset=\"https:\/\/www.gamberetta.it\/wp-content\/uploads\/2020\/06\/20180827_112438-1024x768.jpg 1024w, https:\/\/www.gamberetta.it\/wp-content\/uploads\/2020\/06\/20180827_112438-300x225.jpg 300w, https:\/\/www.gamberetta.it\/wp-content\/uploads\/2020\/06\/20180827_112438-768x576.jpg 768w, https:\/\/www.gamberetta.it\/wp-content\/uploads\/2020\/06\/20180827_112438-1000x750.jpg 1000w, https:\/\/www.gamberetta.it\/wp-content\/uploads\/2020\/06\/20180827_112438-570x428.jpg 570w, https:\/\/www.gamberetta.it\/wp-content\/uploads\/2020\/06\/20180827_112438-330x248.jpg 330w, https:\/\/www.gamberetta.it\/wp-content\/uploads\/2020\/06\/20180827_112438.jpg 1200w\" sizes=\"(max-width: 1024px) 100vw, 1024px\" \/><\/figure>\n\n\n\n<p>La stele di Nora porta scritto per la prima volta il nome antico della Sardegna, molti cimeli e i frutti dello scavo si vedono nei musei locali tra i quali il pi\u00f9 ricco si trova proprio a Cagliari.<\/p>\n\n\n\n<figure class=\"wp-block-image size-large\"><img loading=\"lazy\" decoding=\"async\" width=\"681\" height=\"1024\" src=\"https:\/\/www.gamberetta.it\/wp-content\/uploads\/2020\/06\/DSC_1015-e1592499173462-681x1024.jpg\" alt=\"\" class=\"wp-image-16957\" srcset=\"https:\/\/www.gamberetta.it\/wp-content\/uploads\/2020\/06\/DSC_1015-e1592499173462-681x1024.jpg 681w, https:\/\/www.gamberetta.it\/wp-content\/uploads\/2020\/06\/DSC_1015-e1592499173462-200x300.jpg 200w, https:\/\/www.gamberetta.it\/wp-content\/uploads\/2020\/06\/DSC_1015-e1592499173462-768x1155.jpg 768w, https:\/\/www.gamberetta.it\/wp-content\/uploads\/2020\/06\/DSC_1015-e1592499173462-60x90.jpg 60w, https:\/\/www.gamberetta.it\/wp-content\/uploads\/2020\/06\/DSC_1015-e1592499173462.jpg 798w\" sizes=\"(max-width: 681px) 100vw, 681px\" \/><\/figure>\n\n\n\n<p>La passione per i siti su mare non toglie l&#8217;emozione di ogni nuova vista, che mi lascia sempre a bocca aperta.<\/p>\n\n\n\n<p>La torre saracena svetta all&#8217;estremit\u00e0 occidentale con vista sull&#8217;istmo.<\/p>\n\n\n\n<figure class=\"wp-block-image size-large\"><img loading=\"lazy\" decoding=\"async\" width=\"1024\" height=\"681\" src=\"https:\/\/www.gamberetta.it\/wp-content\/uploads\/2020\/06\/DSC_1005-1024x681.jpg\" alt=\"\" class=\"wp-image-16958\" srcset=\"https:\/\/www.gamberetta.it\/wp-content\/uploads\/2020\/06\/DSC_1005-1024x681.jpg 1024w, https:\/\/www.gamberetta.it\/wp-content\/uploads\/2020\/06\/DSC_1005-300x200.jpg 300w, https:\/\/www.gamberetta.it\/wp-content\/uploads\/2020\/06\/DSC_1005-768x511.jpg 768w, https:\/\/www.gamberetta.it\/wp-content\/uploads\/2020\/06\/DSC_1005.jpg 1200w\" sizes=\"(max-width: 1024px) 100vw, 1024px\" \/><\/figure>\n\n\n\n<p>Per saperne di pi\u00f9:<\/p>\n\n\n\n<p>https:\/\/www.sardegnaturismo.it\/it\/esplora\/antica-citta-di-nora<\/p>\n\n\n\n<h2 class=\"wp-block-heading\">LA LAGUNA DI NORA<\/h2>\n\n\n\n<p>Oltre il sito archeologico si estende una parte di Nora con un fascino diverso.<\/p>\n\n\n\n<figure class=\"wp-block-image size-large\"><img loading=\"lazy\" decoding=\"async\" width=\"1024\" height=\"681\" src=\"https:\/\/www.gamberetta.it\/wp-content\/uploads\/2020\/06\/DSC_1025-1024x681.jpg\" alt=\"\" class=\"wp-image-16962\" srcset=\"https:\/\/www.gamberetta.it\/wp-content\/uploads\/2020\/06\/DSC_1025-1024x681.jpg 1024w, https:\/\/www.gamberetta.it\/wp-content\/uploads\/2020\/06\/DSC_1025-300x200.jpg 300w, https:\/\/www.gamberetta.it\/wp-content\/uploads\/2020\/06\/DSC_1025-768x511.jpg 768w, https:\/\/www.gamberetta.it\/wp-content\/uploads\/2020\/06\/DSC_1025.jpg 1200w\" sizes=\"(max-width: 1024px) 100vw, 1024px\" \/><\/figure>\n\n\n\n<p>La laguna di Nora \u00e8 uno scrigno della biodiversit\u00e0, affollata da una ricca avifauna stanziale e migratoria, nonch\u00e9 da molte specie ittiche in acqua. Si pu\u00f2 scoprire a passeggio sui suoi sentieri, ricchi di pannelli con didascalie.<\/p>\n\n\n\n<figure class=\"wp-block-image size-large\"><img loading=\"lazy\" decoding=\"async\" width=\"1024\" height=\"736\" src=\"https:\/\/www.gamberetta.it\/wp-content\/uploads\/2020\/06\/20180827_131501-1024x736.jpg\" alt=\"\" class=\"wp-image-16966\" srcset=\"https:\/\/www.gamberetta.it\/wp-content\/uploads\/2020\/06\/20180827_131501-1024x736.jpg 1024w, https:\/\/www.gamberetta.it\/wp-content\/uploads\/2020\/06\/20180827_131501-300x216.jpg 300w, https:\/\/www.gamberetta.it\/wp-content\/uploads\/2020\/06\/20180827_131501-768x552.jpg 768w, https:\/\/www.gamberetta.it\/wp-content\/uploads\/2020\/06\/20180827_131501.jpg 1200w\" sizes=\"(max-width: 1024px) 100vw, 1024px\" \/><\/figure>\n\n\n\n<p>A piedi ma pure in bici e in canoa, da affittare in loco.<\/p>\n\n\n\n<figure class=\"wp-block-image size-large\"><img loading=\"lazy\" decoding=\"async\" width=\"1024\" height=\"681\" src=\"https:\/\/www.gamberetta.it\/wp-content\/uploads\/2020\/06\/DSC_1025-1-1024x681.jpg\" alt=\"\" class=\"wp-image-16964\" srcset=\"https:\/\/www.gamberetta.it\/wp-content\/uploads\/2020\/06\/DSC_1025-1-1024x681.jpg 1024w, https:\/\/www.gamberetta.it\/wp-content\/uploads\/2020\/06\/DSC_1025-1-300x200.jpg 300w, https:\/\/www.gamberetta.it\/wp-content\/uploads\/2020\/06\/DSC_1025-1-768x511.jpg 768w, https:\/\/www.gamberetta.it\/wp-content\/uploads\/2020\/06\/DSC_1025-1.jpg 1200w\" sizes=\"(max-width: 1024px) 100vw, 1024px\" \/><\/figure>\n\n\n\n<p>Molto interessante \u00e8 anche il Centro visite, con un ricco acquario dedicato a tutte le creature marine dalle pi\u00f9 piccole alle pi\u00f9 grandi, come i cetacei, e il Santuario delle tartarughe.<\/p>\n\n\n\n<figure class=\"wp-block-image size-large\"><img loading=\"lazy\" decoding=\"async\" width=\"1024\" height=\"768\" src=\"https:\/\/www.gamberetta.it\/wp-content\/uploads\/2020\/06\/20180827_133052-1024x768.jpg\" alt=\"\" class=\"wp-image-16965\" srcset=\"https:\/\/www.gamberetta.it\/wp-content\/uploads\/2020\/06\/20180827_133052-1024x768.jpg 1024w, https:\/\/www.gamberetta.it\/wp-content\/uploads\/2020\/06\/20180827_133052-300x225.jpg 300w, https:\/\/www.gamberetta.it\/wp-content\/uploads\/2020\/06\/20180827_133052-768x576.jpg 768w, https:\/\/www.gamberetta.it\/wp-content\/uploads\/2020\/06\/20180827_133052-1000x750.jpg 1000w, https:\/\/www.gamberetta.it\/wp-content\/uploads\/2020\/06\/20180827_133052-570x428.jpg 570w, https:\/\/www.gamberetta.it\/wp-content\/uploads\/2020\/06\/20180827_133052-330x248.jpg 330w, https:\/\/www.gamberetta.it\/wp-content\/uploads\/2020\/06\/20180827_133052.jpg 1200w\" sizes=\"(max-width: 1024px) 100vw, 1024px\" \/><\/figure>\n\n\n\n<p>In questo centro di recupero di animali in due grandi vasche troviamo due testuggini in cura, trovate con ami o altre ferite dai pescatori, che le hanno salvate e portate qui al sicuro per la riabilitazione.<\/p>\n\n\n\n<figure class=\"wp-block-image size-large\"><img loading=\"lazy\" decoding=\"async\" width=\"1024\" height=\"681\" src=\"https:\/\/www.gamberetta.it\/wp-content\/uploads\/2020\/06\/DSC_1033-1024x681.jpg\" alt=\"\" class=\"wp-image-16963\" srcset=\"https:\/\/www.gamberetta.it\/wp-content\/uploads\/2020\/06\/DSC_1033-1024x681.jpg 1024w, https:\/\/www.gamberetta.it\/wp-content\/uploads\/2020\/06\/DSC_1033-300x200.jpg 300w, https:\/\/www.gamberetta.it\/wp-content\/uploads\/2020\/06\/DSC_1033-768x511.jpg 768w, https:\/\/www.gamberetta.it\/wp-content\/uploads\/2020\/06\/DSC_1033.jpg 1200w\" sizes=\"(max-width: 1024px) 100vw, 1024px\" \/><\/figure>\n\n\n\n<p>Vi consiglio questa visita anche \u2013 ma non solo \u2013 se siete una famiglia con bambini. A me \u00e8 piaciuta molto.<\/p>\n\n\n\n<p>Per saperne di pi\u00f9:<\/p>\n\n\n\n<p>http:\/\/www.lagunadinora.it\/<\/p>\n\n\n\n<h2 class=\"wp-block-heading\">SANT&#8217;EFISIO<\/h2>\n\n\n\n<p>Al lato est c&#8217;\u00e8 la parte spirituale del sito, un punto di riferimento devozionale per la Sardegna: la chiesetta dedicata a Sant&#8217;Efisio ricorda il luogo del martirio del santo. Ogni anno, il tre maggio, la lunga processione partita da Cagliari termina proprio qui.<\/p>\n\n\n\n<figure class=\"wp-block-image size-large\"><img loading=\"lazy\" decoding=\"async\" width=\"1024\" height=\"681\" src=\"https:\/\/www.gamberetta.it\/wp-content\/uploads\/2020\/06\/DSC_1016-1024x681.jpg\" alt=\"\" class=\"wp-image-16959\" srcset=\"https:\/\/www.gamberetta.it\/wp-content\/uploads\/2020\/06\/DSC_1016-1024x681.jpg 1024w, https:\/\/www.gamberetta.it\/wp-content\/uploads\/2020\/06\/DSC_1016-300x200.jpg 300w, https:\/\/www.gamberetta.it\/wp-content\/uploads\/2020\/06\/DSC_1016-768x511.jpg 768w, https:\/\/www.gamberetta.it\/wp-content\/uploads\/2020\/06\/DSC_1016.jpg 1200w\" sizes=\"(max-width: 1024px) 100vw, 1024px\" \/><\/figure>\n\n\n\n<p>Se avete nutrito abbastanza il vostro spirito (non sto scherzando) potete poi nutrire il corpo al vicino ristorante&#8230;<\/p>\n\n\n\n<figure class=\"wp-block-image size-large\"><img loading=\"lazy\" decoding=\"async\" width=\"1024\" height=\"768\" src=\"https:\/\/www.gamberetta.it\/wp-content\/uploads\/2020\/06\/20180827_145406-1024x768.jpg\" alt=\"\" class=\"wp-image-16968\" srcset=\"https:\/\/www.gamberetta.it\/wp-content\/uploads\/2020\/06\/20180827_145406-1024x768.jpg 1024w, https:\/\/www.gamberetta.it\/wp-content\/uploads\/2020\/06\/20180827_145406-300x225.jpg 300w, https:\/\/www.gamberetta.it\/wp-content\/uploads\/2020\/06\/20180827_145406-768x576.jpg 768w, https:\/\/www.gamberetta.it\/wp-content\/uploads\/2020\/06\/20180827_145406-1000x750.jpg 1000w, https:\/\/www.gamberetta.it\/wp-content\/uploads\/2020\/06\/20180827_145406-570x428.jpg 570w, https:\/\/www.gamberetta.it\/wp-content\/uploads\/2020\/06\/20180827_145406-330x248.jpg 330w, https:\/\/www.gamberetta.it\/wp-content\/uploads\/2020\/06\/20180827_145406.jpg 1200w\" sizes=\"(max-width: 1024px) 100vw, 1024px\" \/><\/figure>\n\n\n\n<p>E finire la giornata nella bella spiaggia che per noi, nel pomeriggio, non \u00e8 nemmeno troppo affollata.<\/p>\n\n\n\n<figure class=\"wp-block-image size-large\"><img loading=\"lazy\" decoding=\"async\" width=\"1024\" height=\"768\" src=\"https:\/\/www.gamberetta.it\/wp-content\/uploads\/2020\/06\/20180827_123951-1024x768.jpg\" alt=\"\" class=\"wp-image-16960\" srcset=\"https:\/\/www.gamberetta.it\/wp-content\/uploads\/2020\/06\/20180827_123951-1024x768.jpg 1024w, https:\/\/www.gamberetta.it\/wp-content\/uploads\/2020\/06\/20180827_123951-300x225.jpg 300w, https:\/\/www.gamberetta.it\/wp-content\/uploads\/2020\/06\/20180827_123951-768x576.jpg 768w, https:\/\/www.gamberetta.it\/wp-content\/uploads\/2020\/06\/20180827_123951-1000x750.jpg 1000w, https:\/\/www.gamberetta.it\/wp-content\/uploads\/2020\/06\/20180827_123951-570x428.jpg 570w, https:\/\/www.gamberetta.it\/wp-content\/uploads\/2020\/06\/20180827_123951-330x248.jpg 330w, https:\/\/www.gamberetta.it\/wp-content\/uploads\/2020\/06\/20180827_123951.jpg 1200w\" sizes=\"(max-width: 1024px) 100vw, 1024px\" \/><\/figure>\n\n\n\n<p>Questo momento di relax \u00e8 allietato da un momento carramba, l&#8217;incontro con mia cugina e la sua famiglia, marito e bambini. Alloggiano qui vicino, abbiamo dovuto fare qualche incastro per vederci, ma che soddisfazione chiacchierare \u201clontano da casa\u201d.<\/p>\n\n\n\n<p>Per saperne di pi\u00f9:<\/p>\n\n\n\n<p>https:\/\/www.sardegnaturismo.it\/it\/luoghi\/sud\/pula<\/p>\n\n\n\n<h2 class=\"wp-block-heading\">CARBONIA E LA MINIERA DI SERBARIU<\/h2>\n\n\n\n<p>Le miniere mi affascinano tanto, nonostante portino il carico enorme della sofferenza, delle fatiche e dei lutti patiti dai minatori. Nessuno dei loro familiari n\u00e9 i superstiti, perch\u00e9 molti sono morti o si sono ammalati scendendo in miniera, ha voglia di parlarne, in nessun posto. \u00c8 come se avessero cancellato quel periodo, eliminato i ricordi, spazzandoli via con un colpo di scopa ben assestato alla polvere e alle pietre. Quelle da spostare, sollevare, trasportare con la forza delle braccia. Con la testa a posto, occhi naso e orecchie vigili, sempre attenti a recepire ogni potenziale pericolo.<\/p>\n\n\n\n<p>L&#8217;archeologia industriale ha una delle sue applicazioni migliori, a mio avviso, proprio nelle miniere. Noi leggiamo e vediamo oggi, nei musei dedicati alle ex miniere, quello che migliaia di italiani hanno vissuto. Ogni visita per me \u00e8 un pugno allo stomaco ma invece di fermarmi, sono ogni volta pi\u00f9 curiosa di vederne altre, di scavare ancora nel buio della memoria degli altri. La rete europea che include luoghi simbolici come la Ruhr in Germania e Marcinelle in Belgio, passa per la Sardegna. Ma quante ce ne sono? Cercando la mappa delle miniere italiane ne ho trovate in quasi tutte le regioni e spero, con calma, di vederne venti. Per ora sono a quota tre, dopo Abbadia San Salvatore (SI) in Toscana e Valle Imperina (BL) in Veneto, l&#8217;ultima mia visita \u00e8 stata a Serbariu con il suo interessante museo del carbone.<\/p>\n\n\n\n<figure class=\"wp-block-image size-large\"><img loading=\"lazy\" decoding=\"async\" width=\"768\" height=\"1024\" src=\"https:\/\/www.gamberetta.it\/wp-content\/uploads\/2020\/06\/20180826_112216-e1592499400351-768x1024.jpg\" alt=\"\" class=\"wp-image-16969\" srcset=\"https:\/\/www.gamberetta.it\/wp-content\/uploads\/2020\/06\/20180826_112216-e1592499400351-768x1024.jpg 768w, https:\/\/www.gamberetta.it\/wp-content\/uploads\/2020\/06\/20180826_112216-e1592499400351-225x300.jpg 225w, https:\/\/www.gamberetta.it\/wp-content\/uploads\/2020\/06\/20180826_112216-e1592499400351-600x800.jpg 600w, https:\/\/www.gamberetta.it\/wp-content\/uploads\/2020\/06\/20180826_112216-e1592499400351-60x80.jpg 60w, https:\/\/www.gamberetta.it\/wp-content\/uploads\/2020\/06\/20180826_112216-e1592499400351.jpg 900w\" sizes=\"(max-width: 768px) 100vw, 768px\" \/><\/figure>\n\n\n\n<p>Serbariu si trova nel comune di Carbonia, un inno all&#8217;architettura fascista che con parole mie definisco sempre \u201cl&#8217;unica cosa buona fatta da Mussolini\u201d. Vedere Carbonia fa capire come e quando sono nate le miniere.<\/p>\n\n\n\n<figure class=\"wp-block-image size-large\"><img loading=\"lazy\" decoding=\"async\" width=\"1024\" height=\"768\" src=\"https:\/\/www.gamberetta.it\/wp-content\/uploads\/2020\/06\/20180826_101727-1024x768.jpg\" alt=\"\" class=\"wp-image-16970\" srcset=\"https:\/\/www.gamberetta.it\/wp-content\/uploads\/2020\/06\/20180826_101727-1024x768.jpg 1024w, https:\/\/www.gamberetta.it\/wp-content\/uploads\/2020\/06\/20180826_101727-300x225.jpg 300w, https:\/\/www.gamberetta.it\/wp-content\/uploads\/2020\/06\/20180826_101727-768x576.jpg 768w, https:\/\/www.gamberetta.it\/wp-content\/uploads\/2020\/06\/20180826_101727-1000x750.jpg 1000w, https:\/\/www.gamberetta.it\/wp-content\/uploads\/2020\/06\/20180826_101727-570x428.jpg 570w, https:\/\/www.gamberetta.it\/wp-content\/uploads\/2020\/06\/20180826_101727-330x248.jpg 330w, https:\/\/www.gamberetta.it\/wp-content\/uploads\/2020\/06\/20180826_101727.jpg 1200w\" sizes=\"(max-width: 1024px) 100vw, 1024px\" \/><\/figure>\n\n\n\n<p>L&#8217;aria fresca che si respira, nella grande piazza e nei luoghi istituzionali del centro, contrasta con ci\u00f2 che ci aspetta in miniera.<\/p>\n\n\n\n<figure class=\"wp-block-image size-large\"><img loading=\"lazy\" decoding=\"async\" width=\"768\" height=\"1024\" src=\"https:\/\/www.gamberetta.it\/wp-content\/uploads\/2020\/06\/20180826_101938-e1592499434814-768x1024.jpg\" alt=\"\" class=\"wp-image-16971\" srcset=\"https:\/\/www.gamberetta.it\/wp-content\/uploads\/2020\/06\/20180826_101938-e1592499434814-768x1024.jpg 768w, https:\/\/www.gamberetta.it\/wp-content\/uploads\/2020\/06\/20180826_101938-e1592499434814-225x300.jpg 225w, https:\/\/www.gamberetta.it\/wp-content\/uploads\/2020\/06\/20180826_101938-e1592499434814-600x800.jpg 600w, https:\/\/www.gamberetta.it\/wp-content\/uploads\/2020\/06\/20180826_101938-e1592499434814-60x80.jpg 60w, https:\/\/www.gamberetta.it\/wp-content\/uploads\/2020\/06\/20180826_101938-e1592499434814.jpg 900w\" sizes=\"(max-width: 768px) 100vw, 768px\" \/><\/figure>\n\n\n\n<p>Caschetto in testa con i nostri colori istituzionali, Simo giallo, io rigorosamente rosso, scendiamo nella galleria sotterranea con il gruppo della nostra visita.<\/p>\n\n\n\n<p>La guida appare perentoria nelle affermazioni e disposizioni, ma lo fa per sicurezza ed \u00e8 cos\u00ec preparata che in un ambiente da affrontare con cura, capisco che \u00e8 giusto cos\u00ec.<\/p>\n\n\n\n<figure class=\"wp-block-image size-large\"><img loading=\"lazy\" decoding=\"async\" width=\"1024\" height=\"768\" src=\"https:\/\/www.gamberetta.it\/wp-content\/uploads\/2020\/06\/20180826_115919-1024x768.jpg\" alt=\"\" class=\"wp-image-16972\" srcset=\"https:\/\/www.gamberetta.it\/wp-content\/uploads\/2020\/06\/20180826_115919-1024x768.jpg 1024w, https:\/\/www.gamberetta.it\/wp-content\/uploads\/2020\/06\/20180826_115919-300x225.jpg 300w, https:\/\/www.gamberetta.it\/wp-content\/uploads\/2020\/06\/20180826_115919-768x576.jpg 768w, https:\/\/www.gamberetta.it\/wp-content\/uploads\/2020\/06\/20180826_115919-1000x750.jpg 1000w, https:\/\/www.gamberetta.it\/wp-content\/uploads\/2020\/06\/20180826_115919-570x428.jpg 570w, https:\/\/www.gamberetta.it\/wp-content\/uploads\/2020\/06\/20180826_115919-330x248.jpg 330w, https:\/\/www.gamberetta.it\/wp-content\/uploads\/2020\/06\/20180826_115919.jpg 1200w\" sizes=\"(max-width: 1024px) 100vw, 1024px\" \/><\/figure>\n\n\n\n<p>Nei percorsi sotterranei si procede accucciati, fra gli impianti con il meglio della tecnologia dell&#8217;epoca, quando erano in funzione.<\/p>\n\n\n\n<p>Scendere in miniera da visitatori \u00e8 impressionante e commovente: a ogni oggetto corrispondono i volti di chi l&#8217;ha utilizzato, il sudore della fronte, la tensione dei muscoli.<\/p>\n\n\n\n<p>La miniera ha tre livelli: quello del terreno, il sotto e il sopra, tutti da vedere.<\/p>\n\n\n\n<p>Nella sala degli argani vediamo mucchi di lamiera arrugginita, erano anch&#8217;essi tecnologici.<\/p>\n\n\n\n<figure class=\"wp-block-image size-large\"><img loading=\"lazy\" decoding=\"async\" width=\"1024\" height=\"768\" src=\"https:\/\/www.gamberetta.it\/wp-content\/uploads\/2020\/06\/20180826_114249-1024x768.jpg\" alt=\"\" class=\"wp-image-16978\" srcset=\"https:\/\/www.gamberetta.it\/wp-content\/uploads\/2020\/06\/20180826_114249-1024x768.jpg 1024w, https:\/\/www.gamberetta.it\/wp-content\/uploads\/2020\/06\/20180826_114249-300x225.jpg 300w, https:\/\/www.gamberetta.it\/wp-content\/uploads\/2020\/06\/20180826_114249-768x576.jpg 768w, https:\/\/www.gamberetta.it\/wp-content\/uploads\/2020\/06\/20180826_114249-1000x750.jpg 1000w, https:\/\/www.gamberetta.it\/wp-content\/uploads\/2020\/06\/20180826_114249-570x428.jpg 570w, https:\/\/www.gamberetta.it\/wp-content\/uploads\/2020\/06\/20180826_114249-330x248.jpg 330w, https:\/\/www.gamberetta.it\/wp-content\/uploads\/2020\/06\/20180826_114249.jpg 1200w\" sizes=\"(max-width: 1024px) 100vw, 1024px\" \/><\/figure>\n\n\n\n<p>Al piano terra la lampisteria \u00e8 adibita a museo e svolge egregiamente la sua funzione didattica.<\/p>\n\n\n\n<figure class=\"wp-block-image size-large\"><img loading=\"lazy\" decoding=\"async\" width=\"1024\" height=\"768\" src=\"https:\/\/www.gamberetta.it\/wp-content\/uploads\/2020\/06\/20180826_123017-1024x768.jpg\" alt=\"\" class=\"wp-image-16977\" srcset=\"https:\/\/www.gamberetta.it\/wp-content\/uploads\/2020\/06\/20180826_123017-1024x768.jpg 1024w, https:\/\/www.gamberetta.it\/wp-content\/uploads\/2020\/06\/20180826_123017-300x225.jpg 300w, https:\/\/www.gamberetta.it\/wp-content\/uploads\/2020\/06\/20180826_123017-768x576.jpg 768w, https:\/\/www.gamberetta.it\/wp-content\/uploads\/2020\/06\/20180826_123017-1000x750.jpg 1000w, https:\/\/www.gamberetta.it\/wp-content\/uploads\/2020\/06\/20180826_123017-570x428.jpg 570w, https:\/\/www.gamberetta.it\/wp-content\/uploads\/2020\/06\/20180826_123017-330x248.jpg 330w, https:\/\/www.gamberetta.it\/wp-content\/uploads\/2020\/06\/20180826_123017.jpg 1200w\" sizes=\"(max-width: 1024px) 100vw, 1024px\" \/><\/figure>\n\n\n\n<p>Accanto agli esaurienti pannelli esplicativi, il catalogo multimediale comprende fotografie e ritratti del lavoro quotidiano, video, testimonianze. C&#8217;\u00e8 infine una ricca panoramica di utensili.<\/p>\n\n\n\n<figure class=\"wp-block-image size-large\"><img loading=\"lazy\" decoding=\"async\" width=\"768\" height=\"1024\" src=\"https:\/\/www.gamberetta.it\/wp-content\/uploads\/2020\/06\/20180826_112611-768x1024.jpg\" alt=\"\" class=\"wp-image-16973\" srcset=\"https:\/\/www.gamberetta.it\/wp-content\/uploads\/2020\/06\/20180826_112611-768x1024.jpg 768w, https:\/\/www.gamberetta.it\/wp-content\/uploads\/2020\/06\/20180826_112611-225x300.jpg 225w, https:\/\/www.gamberetta.it\/wp-content\/uploads\/2020\/06\/20180826_112611-600x800.jpg 600w, https:\/\/www.gamberetta.it\/wp-content\/uploads\/2020\/06\/20180826_112611.jpg 900w\" sizes=\"(max-width: 768px) 100vw, 768px\" \/><\/figure>\n\n\n\n<p>Accanto agli oggetti d&#8217;uso quotidiano dei minatori, gli accessori sono i miei preferiti, veri frammenti di storia.<\/p>\n\n\n\n<p>Fra questi, le medagliette doppie rappresentano l&#8217;oggetto pi\u00f9 leggero, ma non meno importante.<\/p>\n\n\n\n<figure class=\"wp-block-image size-large\"><img loading=\"lazy\" decoding=\"async\" width=\"1024\" height=\"768\" src=\"https:\/\/www.gamberetta.it\/wp-content\/uploads\/2020\/06\/20180826_112726-1024x768.jpg\" alt=\"\" class=\"wp-image-16974\" srcset=\"https:\/\/www.gamberetta.it\/wp-content\/uploads\/2020\/06\/20180826_112726-1024x768.jpg 1024w, https:\/\/www.gamberetta.it\/wp-content\/uploads\/2020\/06\/20180826_112726-300x225.jpg 300w, https:\/\/www.gamberetta.it\/wp-content\/uploads\/2020\/06\/20180826_112726-768x576.jpg 768w, https:\/\/www.gamberetta.it\/wp-content\/uploads\/2020\/06\/20180826_112726-1000x750.jpg 1000w, https:\/\/www.gamberetta.it\/wp-content\/uploads\/2020\/06\/20180826_112726-570x428.jpg 570w, https:\/\/www.gamberetta.it\/wp-content\/uploads\/2020\/06\/20180826_112726-330x248.jpg 330w, https:\/\/www.gamberetta.it\/wp-content\/uploads\/2020\/06\/20180826_112726.jpg 1200w\" sizes=\"(max-width: 1024px) 100vw, 1024px\" \/><\/figure>\n\n\n\n<p>A inizio turno la si indossava, ognuna con il nome del minatore, assieme agli strumenti pesanti, per essere identificato; a fine turno si mollava appesa al muro.<\/p>\n\n\n\n<p>Se non c&#8217;era la medaglietta era successo qualcosa e si doveva intervenire. Andare a cercare il disperso.<\/p>\n\n\n\n<p>La strettezza e il buio dello spazio in miniera, da condividere con i colleghi, non dava alcuna intimit\u00e0.<\/p>\n\n\n\n<p>Contrasta con gli spazi condivisi sopra, come le docce e gli spogliatoi. Altrettanto privi di intimit\u00e0. Corpi accanto ad altri corpi, mani capaci, muscoli forti. La miniera ha infine un dentro e un fuori.<\/p>\n\n\n\n<figure class=\"wp-block-image size-large\"><img loading=\"lazy\" decoding=\"async\" width=\"1024\" height=\"768\" src=\"https:\/\/www.gamberetta.it\/wp-content\/uploads\/2020\/06\/20180826_112634-1024x768.jpg\" alt=\"\" class=\"wp-image-16975\" srcset=\"https:\/\/www.gamberetta.it\/wp-content\/uploads\/2020\/06\/20180826_112634-1024x768.jpg 1024w, https:\/\/www.gamberetta.it\/wp-content\/uploads\/2020\/06\/20180826_112634-300x225.jpg 300w, https:\/\/www.gamberetta.it\/wp-content\/uploads\/2020\/06\/20180826_112634-768x576.jpg 768w, https:\/\/www.gamberetta.it\/wp-content\/uploads\/2020\/06\/20180826_112634-1000x750.jpg 1000w, https:\/\/www.gamberetta.it\/wp-content\/uploads\/2020\/06\/20180826_112634-570x428.jpg 570w, https:\/\/www.gamberetta.it\/wp-content\/uploads\/2020\/06\/20180826_112634-330x248.jpg 330w, https:\/\/www.gamberetta.it\/wp-content\/uploads\/2020\/06\/20180826_112634.jpg 1200w\" sizes=\"(max-width: 1024px) 100vw, 1024px\" \/><\/figure>\n\n\n\n<p>Gli spazi esterni sono la nostra via di accesso, dal forte impatto visivo.<\/p>\n\n\n\n<p>All&#8217;aria aperta oggi svettano nel cielo grossi edifici squadrati, come ciminiere e capannoni.<\/p>\n\n\n\n<figure class=\"wp-block-image size-large\"><img loading=\"lazy\" decoding=\"async\" width=\"1024\" height=\"768\" src=\"https:\/\/www.gamberetta.it\/wp-content\/uploads\/2020\/06\/20180826_113949-1024x768.jpg\" alt=\"\" class=\"wp-image-16976\" srcset=\"https:\/\/www.gamberetta.it\/wp-content\/uploads\/2020\/06\/20180826_113949-1024x768.jpg 1024w, https:\/\/www.gamberetta.it\/wp-content\/uploads\/2020\/06\/20180826_113949-300x225.jpg 300w, https:\/\/www.gamberetta.it\/wp-content\/uploads\/2020\/06\/20180826_113949-768x576.jpg 768w, https:\/\/www.gamberetta.it\/wp-content\/uploads\/2020\/06\/20180826_113949-1000x750.jpg 1000w, https:\/\/www.gamberetta.it\/wp-content\/uploads\/2020\/06\/20180826_113949-570x428.jpg 570w, https:\/\/www.gamberetta.it\/wp-content\/uploads\/2020\/06\/20180826_113949-330x248.jpg 330w, https:\/\/www.gamberetta.it\/wp-content\/uploads\/2020\/06\/20180826_113949.jpg 1200w\" sizes=\"(max-width: 1024px) 100vw, 1024px\" \/><\/figure>\n\n\n\n<p>Mentre per i minatori questi erano croce e delizia: aria da immagazzinare prima di andare gi\u00f9 a lavorare, aria da respirare all&#8217;uscita.<\/p>\n\n\n\n<p>Se la storia delle miniere, non solo questa, si pu\u00f2 leggere sui libri, a Serbariu si toccano con mano le storie di vita di migliaia di sardi. Le miniere sono un luogo da vedere, che tutti dovrebbero vedere.<\/p>\n\n\n\n<p>Per saperne di pi\u00f9:<\/p>\n\n\n\n<p><blockquote class=\"wp-embedded-content\" data-secret=\"0qHlnF4ktV\"><a href=\"https:\/\/www.museodelcarbone.it\/\">Home<\/a><\/blockquote><iframe loading=\"lazy\" class=\"wp-embedded-content\" sandbox=\"allow-scripts\" security=\"restricted\" style=\"position: absolute; clip: rect(1px, 1px, 1px, 1px);\" title=\"&#8220;Home&#8221; &#8212; Museo del Carbone\" src=\"https:\/\/www.museodelcarbone.it\/embed\/#?secret=0qHlnF4ktV\" data-secret=\"0qHlnF4ktV\" width=\"600\" height=\"338\" frameborder=\"0\" marginwidth=\"0\" marginheight=\"0\" scrolling=\"no\"><\/iframe><\/p>\n\n\n\n<h2 class=\"wp-block-heading\">SANT&#8217;ANTIOCO<\/h2>\n\n\n\n<p>Cosa facciamo a Sant&#8217;Antioco in mezza giornata?<\/p>\n\n\n\n<p>Uno spuntino veloce e un&#8217;ora di relax in una spiaggia tranquilla.<\/p>\n\n\n\n<p>L&#8217;isola di Sant&#8217;Antioco per nostra fortuna si raggiunge comodamente in auto, essendo collegata da un ponte all&#8217;isola principale. La vicina San Pietro necessita invece di traghetto.<\/p>\n\n\n\n<figure class=\"wp-block-image size-large\"><img loading=\"lazy\" decoding=\"async\" width=\"1024\" height=\"682\" src=\"https:\/\/www.gamberetta.it\/wp-content\/uploads\/2020\/06\/DSC_0953-1024x682.jpg\" alt=\"\" class=\"wp-image-16980\" srcset=\"https:\/\/www.gamberetta.it\/wp-content\/uploads\/2020\/06\/DSC_0953-1024x682.jpg 1024w, https:\/\/www.gamberetta.it\/wp-content\/uploads\/2020\/06\/DSC_0953-300x200.jpg 300w, https:\/\/www.gamberetta.it\/wp-content\/uploads\/2020\/06\/DSC_0953-768x511.jpg 768w, https:\/\/www.gamberetta.it\/wp-content\/uploads\/2020\/06\/DSC_0953.jpg 1200w\" sizes=\"(max-width: 1024px) 100vw, 1024px\" \/><\/figure>\n\n\n\n<p>Compiamo il giro in senso orario, in vista del suo splendido mare con calette super affollate dove si vedono da lontano file di auto, aggiustate quasi una sull&#8217;altra, irraggiungibili.<\/p>\n\n\n\n<figure class=\"wp-block-image size-large\"><img loading=\"lazy\" decoding=\"async\" width=\"1024\" height=\"681\" src=\"https:\/\/www.gamberetta.it\/wp-content\/uploads\/2020\/06\/DSC_0957-1024x681.jpg\" alt=\"\" class=\"wp-image-16981\" srcset=\"https:\/\/www.gamberetta.it\/wp-content\/uploads\/2020\/06\/DSC_0957-1024x681.jpg 1024w, https:\/\/www.gamberetta.it\/wp-content\/uploads\/2020\/06\/DSC_0957-300x200.jpg 300w, https:\/\/www.gamberetta.it\/wp-content\/uploads\/2020\/06\/DSC_0957-768x511.jpg 768w, https:\/\/www.gamberetta.it\/wp-content\/uploads\/2020\/06\/DSC_0957.jpg 1200w\" sizes=\"(max-width: 1024px) 100vw, 1024px\" \/><\/figure>\n\n\n\n<p>Divaghiamo nell&#8217;interno, un poco apposta un poco per sbaglio, circondate da macchia mediterranea verdissima e profumata. Ben presto il cellulare mi abbandona e faccio solo poche foto, con la reflex.<\/p>\n\n\n\n<figure class=\"wp-block-image size-large\"><img loading=\"lazy\" decoding=\"async\" width=\"1024\" height=\"681\" src=\"https:\/\/www.gamberetta.it\/wp-content\/uploads\/2020\/06\/DSC_0954-1024x681.jpg\" alt=\"\" class=\"wp-image-16982\" srcset=\"https:\/\/www.gamberetta.it\/wp-content\/uploads\/2020\/06\/DSC_0954-1024x681.jpg 1024w, https:\/\/www.gamberetta.it\/wp-content\/uploads\/2020\/06\/DSC_0954-300x200.jpg 300w, https:\/\/www.gamberetta.it\/wp-content\/uploads\/2020\/06\/DSC_0954-768x511.jpg 768w, https:\/\/www.gamberetta.it\/wp-content\/uploads\/2020\/06\/DSC_0954.jpg 1200w\" sizes=\"(max-width: 1024px) 100vw, 1024px\" \/><\/figure>\n\n\n\n<p>Mi attraggono molte cose, guardare ma non toccare:<\/p>\n\n\n\n<ul class=\"wp-block-list\"><li>I vigneti e i cartelli che inneggiano allo stupendo vitigno locale, il Carignano del Sulcis,<\/li><li>I siti archeologici (anche se con Simo all&#8217;arrivo ci siamo dette \u201cora basta cultura\u201d),<\/li><li>Calasetta con le sue casette chiare dove sarebbe bello indugiare. Un&#8217;altra volta.<\/li><\/ul>\n\n\n\n<p>Io mi segno da vedere: Calasetta qui a Sant&#8217;Antioco, Carloforte a San Pietro.<\/p>\n\n\n\n<p>Per la prossima visita con calma, fermandomi a dormire da qualche parte tipo l&#8217;ostello o un BB.<\/p>\n\n\n\n<p>Per saperne di pi\u00f9:<\/p>\n\n\n\n<p><blockquote class=\"wp-embedded-content\" data-secret=\"PpmXwdPA5H\"><a href=\"http:\/\/www.sant-antioco.it\/\">Home<\/a><\/blockquote><iframe loading=\"lazy\" class=\"wp-embedded-content\" sandbox=\"allow-scripts\" security=\"restricted\" style=\"position: absolute; clip: rect(1px, 1px, 1px, 1px);\" title=\"&#8220;Home&#8221; &#8212; \" src=\"http:\/\/www.sant-antioco.it\/embed\/#?secret=PpmXwdPA5H\" data-secret=\"PpmXwdPA5H\" width=\"600\" height=\"338\" frameborder=\"0\" marginwidth=\"0\" marginheight=\"0\" scrolling=\"no\"><\/iframe><\/p>\n\n\n\n<h2 class=\"wp-block-heading\">SULCIS IN FUNDO<\/h2>\n\n\n\n<p>Del Sulcis vorrei parlare tanto ma mi trattengo, ci vedo tanti problemi e altrettante opportunit\u00e0. Noi ci siamo andate un giorno, in auto, per fare pi\u00f9 cose e ottimizzare i tempi ma c&#8217;erano i mezzi pubblici come alternativa possibile. Incredibile no?<\/p>\n\n\n\n<p>In una mappa impietosa dove le linee ferroviarie oggi tagliano l&#8217;isola praticamente solo da nordest a sudovest (lasciando sguarnita la maggior parte del territorio), dove si fa un gran parlare dei trenini turistici funzionanti a carbone e a singhiozzo (vanno e vengono come il vento), a me piace l&#8217;opportunit\u00e0 di poter prendere un treno normale, io da turista, perch\u00e9 le persone che ne hanno bisogno nel quotidiano saranno cento volte di pi\u00f9.<\/p>\n\n\n\n<p>O gli autobus se fossero efficaci (come numero) ed efficienti (come capillarit\u00e0). Invece non va cos\u00ec.<\/p>\n\n\n\n<p>Carbonia e Iglesias hanno la fortuna di trovarsi su una linea ferroviaria, cosa non scontata in Sardegna, forse a ricordo delle prime linee costruite attorno all&#8217;unit\u00e0 d&#8217;Italia, nella seconda met\u00e0 dell&#8217;Ottocento. O in memoria delle miniere attive fino a pochi anni fa e portatrici di reddito, se non di una ricchezza ora meno presente. Una passata epopea prima da cancellare, ora da valorizzare con ogni mezzo possibile. La chiusura delle attivit\u00e0 minerarie doveva creare opportunit\u00e0 per reinventarsi e costruire con l&#8217;ambiente un rapporto migliore, pi\u00f9 rispettoso e duraturo. Se questo \u00e8 avvenuto si sapr\u00e0 in futuro.<\/p>\n\n\n\n<p>Io da utente del paesaggio di passaggio, da donna curiosa che viene, vede e chiede, me lo auguro. Ma \u00e8 dura nel quotidiano, mi dicono gli abitanti del Sulcis. Perch\u00e9 c&#8217;\u00e8 poco lavoro rispetto ad altre aree dell&#8217;isola, le attivit\u00e0 legate al turismo aiutano ma non sono per tutti, n\u00e9 per tutto l&#8217;anno. Io vorrei vedere applicate qui le virt\u00f9 della buona agricoltura, del rispetto della terra e dell&#8217;aria, pratiche richiedenti volont\u00e0, tempo, dedizione. Forse stiamo andando in questa direzione. Per ora abbraccio gli amici di questa parte di Sardegna, bella e aspra, e dico a tutti loro di tenere duro.<\/p>\n\n\n\n<p>E il capoluogo?? Di Cagliari parler\u00f2 in uno spazio a parte, abbiamo fatto base in centro ma non vi dir\u00f2 dove, era un posto sfortunato senza alcuni servizi essenziali per chi viaggia. Un peccato perch\u00e9 \u00e8 in ottima posizione ed ha una vista superlativa sul mare. Qui mi preme mostrare il luogo di passaggio per antonomasia, amato oppure odiato da tutti i viaggiatori. La stazione. Guardate com&#8217;\u00e8 bella questa vista.<\/p>\n\n\n\n<figure class=\"wp-block-image size-large\"><img loading=\"lazy\" decoding=\"async\" width=\"1024\" height=\"681\" src=\"https:\/\/www.gamberetta.it\/wp-content\/uploads\/2020\/06\/DSC_0786-1024x681.jpg\" alt=\"\" class=\"wp-image-16983\" srcset=\"https:\/\/www.gamberetta.it\/wp-content\/uploads\/2020\/06\/DSC_0786-1024x681.jpg 1024w, https:\/\/www.gamberetta.it\/wp-content\/uploads\/2020\/06\/DSC_0786-300x200.jpg 300w, https:\/\/www.gamberetta.it\/wp-content\/uploads\/2020\/06\/DSC_0786-768x511.jpg 768w, https:\/\/www.gamberetta.it\/wp-content\/uploads\/2020\/06\/DSC_0786.jpg 1200w\" sizes=\"(max-width: 1024px) 100vw, 1024px\" \/><\/figure>\n\n\n\n<p>Arrivare in treno a Cagliari \u00e8 una di quelle esperienze che segnano, ai locali potr\u00e0 non dire nulla ma per me si tratta di un macrocosmo, un pieno di volti e oggetti in movimento degno di un saggio sociologico. Tutt&#8217;altro che un non luogo. Penso alla biglietteria e al Mc Donald&#8217;s, al deposito bagagli e al vecchio locomotore degli anni Venti parcheggiato in bella vista.<\/p>\n\n\n\n<figure class=\"wp-block-image size-large\"><img loading=\"lazy\" decoding=\"async\" width=\"1024\" height=\"768\" src=\"https:\/\/www.gamberetta.it\/wp-content\/uploads\/2020\/06\/20180827_075251-1024x768.jpg\" alt=\"\" class=\"wp-image-16984\" srcset=\"https:\/\/www.gamberetta.it\/wp-content\/uploads\/2020\/06\/20180827_075251-1024x768.jpg 1024w, https:\/\/www.gamberetta.it\/wp-content\/uploads\/2020\/06\/20180827_075251-300x225.jpg 300w, https:\/\/www.gamberetta.it\/wp-content\/uploads\/2020\/06\/20180827_075251-768x576.jpg 768w, https:\/\/www.gamberetta.it\/wp-content\/uploads\/2020\/06\/20180827_075251-1000x750.jpg 1000w, https:\/\/www.gamberetta.it\/wp-content\/uploads\/2020\/06\/20180827_075251-570x428.jpg 570w, https:\/\/www.gamberetta.it\/wp-content\/uploads\/2020\/06\/20180827_075251-330x248.jpg 330w, https:\/\/www.gamberetta.it\/wp-content\/uploads\/2020\/06\/20180827_075251.jpg 1200w\" sizes=\"(max-width: 1024px) 100vw, 1024px\" \/><\/figure>\n\n\n\n<p>E penso al mio luogo preferito, il baretto all&#8217;angolo con dei gestori gentilissimi, dove ho aspettato la Simo leggendo il giornale fra l&#8217;andirivieni dei tanti passeggeri. Senza \u201ctoccare\u201d la stazione marittima da cui si possono raggiungere altre isole e la terraferma. Non penso alle crociere, tranquilli. Ma a tornare s\u00ec.<\/p>\n\n\n\n<p><em>Ti \u00e8 piaciuto questo post sulla Sardegna? Se vuoi leggere anche gli altri cerca SARDEGNA con la lente nel menu a destra. E se vuoi commentare mi far\u00e0 piacere. Grazie! Roberta Gamberettarossa.<\/em><\/p>\n","protected":false},"excerpt":{"rendered":"<p>Due anni fa dopo la visita di Barumini avevamo ancora tempo e voglia di girare la Sardegna. Con Simonetta andiamo sul sicuro e non ci facciamo mai sfuggire le possibilit\u00e0 di esplorare luoghi pi\u00f9 o meno conosciuti.Se Barumini \u00e8 il solo sito archeologico oggi riconosciuto da UNESCO nell&#8217;isola, nell&#8217;elenco sardo c&#8217;\u00e8 anche, come bene immateriale, &hellip; <a class=\"more-link\" href=\"https:\/\/www.gamberetta.it\/it\/2020\/06\/18\/itinerario-di-due-giorni-nel-sud-ovest-della-sardegna\/\">Leggi tutto<i class=\"ion-ios-arrow-thin-right\"><\/i><\/a><\/p>\n","protected":false},"author":2,"featured_media":16991,"comment_status":"open","ping_status":"closed","sticky":false,"template":"","format":"standard","meta":{"footnotes":""},"categories":[71,68,26,69,34],"tags":[],"class_list":["post-16754","post","type-post","status-publish","format-standard","has-post-thumbnail","hentry","category-baratto","category-food-wine","category-friends","category-trains","category-viaggi-italia-europa"],"yoast_head":"<!-- This site is optimized with the Yoast SEO plugin v23.5 - https:\/\/yoast.com\/wordpress\/plugins\/seo\/ -->\n<title>ITINERARIO DI DUE GIORNI NEL SUD OVEST DELLA SARDEGNA - Gamberetta<\/title>\n<meta name=\"robots\" content=\"index, follow, max-snippet:-1, max-image-preview:large, max-video-preview:-1\" \/>\n<link rel=\"canonical\" href=\"https:\/\/www.gamberetta.it\/it\/2020\/06\/18\/itinerario-di-due-giorni-nel-sud-ovest-della-sardegna\/\" \/>\n<meta property=\"og:locale\" content=\"it_IT\" \/>\n<meta property=\"og:type\" content=\"article\" \/>\n<meta property=\"og:title\" content=\"ITINERARIO DI DUE GIORNI NEL SUD OVEST DELLA SARDEGNA - Gamberetta\" \/>\n<meta property=\"og:description\" content=\"Due anni fa dopo la visita di Barumini avevamo ancora tempo e voglia di girare la Sardegna. Con Simonetta andiamo sul sicuro e non ci facciamo mai sfuggire le possibilit\u00e0 di esplorare luoghi pi\u00f9 o meno conosciuti.Se Barumini \u00e8 il solo sito archeologico oggi riconosciuto da UNESCO nell&#8217;isola, nell&#8217;elenco sardo c&#8217;\u00e8 anche, come bene immateriale, &hellip; Leggi tutto\" \/>\n<meta property=\"og:url\" content=\"https:\/\/www.gamberetta.it\/it\/2020\/06\/18\/itinerario-di-due-giorni-nel-sud-ovest-della-sardegna\/\" \/>\n<meta property=\"og:site_name\" content=\"Gamberetta\" \/>\n<meta property=\"article:publisher\" content=\"https:\/\/www.facebook.com\/Gamberettatravelblog\" \/>\n<meta property=\"article:published_time\" content=\"2020-06-18T16:50:36+00:00\" \/>\n<meta property=\"article:modified_time\" content=\"2020-06-18T16:58:09+00:00\" \/>\n<meta name=\"author\" content=\"gamberetta\" \/>\n<meta name=\"twitter:card\" content=\"summary_large_image\" \/>\n<meta name=\"twitter:creator\" content=\"@robertazennaro\" \/>\n<meta name=\"twitter:site\" content=\"@robertazennaro\" \/>\n<meta name=\"twitter:label1\" content=\"Scritto da\" \/>\n\t<meta name=\"twitter:data1\" content=\"gamberetta\" \/>\n\t<meta name=\"twitter:label2\" content=\"Tempo di lettura stimato\" \/>\n\t<meta name=\"twitter:data2\" content=\"13 minuti\" \/>\n<script type=\"application\/ld+json\" class=\"yoast-schema-graph\">{\"@context\":\"https:\/\/schema.org\",\"@graph\":[{\"@type\":\"WebPage\",\"@id\":\"https:\/\/www.gamberetta.it\/it\/2020\/06\/18\/itinerario-di-due-giorni-nel-sud-ovest-della-sardegna\/\",\"url\":\"https:\/\/www.gamberetta.it\/it\/2020\/06\/18\/itinerario-di-due-giorni-nel-sud-ovest-della-sardegna\/\",\"name\":\"ITINERARIO DI DUE GIORNI NEL SUD OVEST DELLA SARDEGNA - Gamberetta\",\"isPartOf\":{\"@id\":\"https:\/\/www.gamberetta.it\/it\/#website\"},\"primaryImageOfPage\":{\"@id\":\"https:\/\/www.gamberetta.it\/it\/2020\/06\/18\/itinerario-di-due-giorni-nel-sud-ovest-della-sardegna\/#primaryimage\"},\"image\":{\"@id\":\"https:\/\/www.gamberetta.it\/it\/2020\/06\/18\/itinerario-di-due-giorni-nel-sud-ovest-della-sardegna\/#primaryimage\"},\"thumbnailUrl\":\"\",\"datePublished\":\"2020-06-18T16:50:36+00:00\",\"dateModified\":\"2020-06-18T16:58:09+00:00\",\"author\":{\"@id\":\"https:\/\/www.gamberetta.it\/it\/#\/schema\/person\/7a4a919927c944edb5f3f9c665590124\"},\"breadcrumb\":{\"@id\":\"https:\/\/www.gamberetta.it\/it\/2020\/06\/18\/itinerario-di-due-giorni-nel-sud-ovest-della-sardegna\/#breadcrumb\"},\"inLanguage\":\"it-IT\",\"potentialAction\":[{\"@type\":\"ReadAction\",\"target\":[\"https:\/\/www.gamberetta.it\/it\/2020\/06\/18\/itinerario-di-due-giorni-nel-sud-ovest-della-sardegna\/\"]}]},{\"@type\":\"ImageObject\",\"inLanguage\":\"it-IT\",\"@id\":\"https:\/\/www.gamberetta.it\/it\/2020\/06\/18\/itinerario-di-due-giorni-nel-sud-ovest-della-sardegna\/#primaryimage\",\"url\":\"\",\"contentUrl\":\"\"},{\"@type\":\"BreadcrumbList\",\"@id\":\"https:\/\/www.gamberetta.it\/it\/2020\/06\/18\/itinerario-di-due-giorni-nel-sud-ovest-della-sardegna\/#breadcrumb\",\"itemListElement\":[{\"@type\":\"ListItem\",\"position\":1,\"name\":\"Home\",\"item\":\"https:\/\/www.gamberetta.it\/it\/\"},{\"@type\":\"ListItem\",\"position\":2,\"name\":\"ITINERARIO DI DUE GIORNI NEL SUD OVEST DELLA SARDEGNA\"}]},{\"@type\":\"WebSite\",\"@id\":\"https:\/\/www.gamberetta.it\/it\/#website\",\"url\":\"https:\/\/www.gamberetta.it\/it\/\",\"name\":\"Gamberetta\",\"description\":\"Il mio blog senza fronzoli: pensieri e parole, sempre e ovunque in viaggio\",\"potentialAction\":[{\"@type\":\"SearchAction\",\"target\":{\"@type\":\"EntryPoint\",\"urlTemplate\":\"https:\/\/www.gamberetta.it\/it\/?s={search_term_string}\"},\"query-input\":{\"@type\":\"PropertyValueSpecification\",\"valueRequired\":true,\"valueName\":\"search_term_string\"}}],\"inLanguage\":\"it-IT\"},{\"@type\":\"Person\",\"@id\":\"https:\/\/www.gamberetta.it\/it\/#\/schema\/person\/7a4a919927c944edb5f3f9c665590124\",\"name\":\"gamberetta\",\"image\":{\"@type\":\"ImageObject\",\"inLanguage\":\"it-IT\",\"@id\":\"https:\/\/www.gamberetta.it\/it\/#\/schema\/person\/image\/\",\"url\":\"https:\/\/secure.gravatar.com\/avatar\/7ef5d82656b8958070b4f589b7ae1784?s=96&d=mm&r=g\",\"contentUrl\":\"https:\/\/secure.gravatar.com\/avatar\/7ef5d82656b8958070b4f589b7ae1784?s=96&d=mm&r=g\",\"caption\":\"gamberetta\"},\"description\":\"Sono Toro ascendente Scorpione, terra di contrasti dove ora prevale una met\u00e0, ora l\u2019altra. L\u2019infanzia in Veneto e gli ultimi anni passati a Milano hanno sviluppato in me una serie ulteriore di conflitti. Scrivo da sempre, la scrittura \u00e8 la migliore forma espressiva che mi consente di fissare concetti altrimenti sospesi nell\u2019aria. Da bambina scrivevo poesie con uno stile quasi leopardiano poi sono passata ai diari di viaggio dalla prima volta in USA nel 1998 e non ho pi\u00f9 smesso...\",\"url\":\"https:\/\/www.gamberetta.it\/it\/author\/gamberettarossa\/\"}]}<\/script>\n<!-- \/ Yoast SEO plugin. -->","yoast_head_json":{"title":"ITINERARIO DI DUE GIORNI NEL SUD OVEST DELLA SARDEGNA - Gamberetta","robots":{"index":"index","follow":"follow","max-snippet":"max-snippet:-1","max-image-preview":"max-image-preview:large","max-video-preview":"max-video-preview:-1"},"canonical":"https:\/\/www.gamberetta.it\/it\/2020\/06\/18\/itinerario-di-due-giorni-nel-sud-ovest-della-sardegna\/","og_locale":"it_IT","og_type":"article","og_title":"ITINERARIO DI DUE GIORNI NEL SUD OVEST DELLA SARDEGNA - Gamberetta","og_description":"Due anni fa dopo la visita di Barumini avevamo ancora tempo e voglia di girare la Sardegna. Con Simonetta andiamo sul sicuro e non ci facciamo mai sfuggire le possibilit\u00e0 di esplorare luoghi pi\u00f9 o meno conosciuti.Se Barumini \u00e8 il solo sito archeologico oggi riconosciuto da UNESCO nell&#8217;isola, nell&#8217;elenco sardo c&#8217;\u00e8 anche, come bene immateriale, &hellip; Leggi tutto","og_url":"https:\/\/www.gamberetta.it\/it\/2020\/06\/18\/itinerario-di-due-giorni-nel-sud-ovest-della-sardegna\/","og_site_name":"Gamberetta","article_publisher":"https:\/\/www.facebook.com\/Gamberettatravelblog","article_published_time":"2020-06-18T16:50:36+00:00","article_modified_time":"2020-06-18T16:58:09+00:00","author":"gamberetta","twitter_card":"summary_large_image","twitter_creator":"@robertazennaro","twitter_site":"@robertazennaro","twitter_misc":{"Scritto da":"gamberetta","Tempo di lettura stimato":"13 minuti"},"schema":{"@context":"https:\/\/schema.org","@graph":[{"@type":"WebPage","@id":"https:\/\/www.gamberetta.it\/it\/2020\/06\/18\/itinerario-di-due-giorni-nel-sud-ovest-della-sardegna\/","url":"https:\/\/www.gamberetta.it\/it\/2020\/06\/18\/itinerario-di-due-giorni-nel-sud-ovest-della-sardegna\/","name":"ITINERARIO DI DUE GIORNI NEL SUD OVEST DELLA SARDEGNA - Gamberetta","isPartOf":{"@id":"https:\/\/www.gamberetta.it\/it\/#website"},"primaryImageOfPage":{"@id":"https:\/\/www.gamberetta.it\/it\/2020\/06\/18\/itinerario-di-due-giorni-nel-sud-ovest-della-sardegna\/#primaryimage"},"image":{"@id":"https:\/\/www.gamberetta.it\/it\/2020\/06\/18\/itinerario-di-due-giorni-nel-sud-ovest-della-sardegna\/#primaryimage"},"thumbnailUrl":"","datePublished":"2020-06-18T16:50:36+00:00","dateModified":"2020-06-18T16:58:09+00:00","author":{"@id":"https:\/\/www.gamberetta.it\/it\/#\/schema\/person\/7a4a919927c944edb5f3f9c665590124"},"breadcrumb":{"@id":"https:\/\/www.gamberetta.it\/it\/2020\/06\/18\/itinerario-di-due-giorni-nel-sud-ovest-della-sardegna\/#breadcrumb"},"inLanguage":"it-IT","potentialAction":[{"@type":"ReadAction","target":["https:\/\/www.gamberetta.it\/it\/2020\/06\/18\/itinerario-di-due-giorni-nel-sud-ovest-della-sardegna\/"]}]},{"@type":"ImageObject","inLanguage":"it-IT","@id":"https:\/\/www.gamberetta.it\/it\/2020\/06\/18\/itinerario-di-due-giorni-nel-sud-ovest-della-sardegna\/#primaryimage","url":"","contentUrl":""},{"@type":"BreadcrumbList","@id":"https:\/\/www.gamberetta.it\/it\/2020\/06\/18\/itinerario-di-due-giorni-nel-sud-ovest-della-sardegna\/#breadcrumb","itemListElement":[{"@type":"ListItem","position":1,"name":"Home","item":"https:\/\/www.gamberetta.it\/it\/"},{"@type":"ListItem","position":2,"name":"ITINERARIO DI DUE GIORNI NEL SUD OVEST DELLA SARDEGNA"}]},{"@type":"WebSite","@id":"https:\/\/www.gamberetta.it\/it\/#website","url":"https:\/\/www.gamberetta.it\/it\/","name":"Gamberetta","description":"Il mio blog senza fronzoli: pensieri e parole, sempre e ovunque in viaggio","potentialAction":[{"@type":"SearchAction","target":{"@type":"EntryPoint","urlTemplate":"https:\/\/www.gamberetta.it\/it\/?s={search_term_string}"},"query-input":{"@type":"PropertyValueSpecification","valueRequired":true,"valueName":"search_term_string"}}],"inLanguage":"it-IT"},{"@type":"Person","@id":"https:\/\/www.gamberetta.it\/it\/#\/schema\/person\/7a4a919927c944edb5f3f9c665590124","name":"gamberetta","image":{"@type":"ImageObject","inLanguage":"it-IT","@id":"https:\/\/www.gamberetta.it\/it\/#\/schema\/person\/image\/","url":"https:\/\/secure.gravatar.com\/avatar\/7ef5d82656b8958070b4f589b7ae1784?s=96&d=mm&r=g","contentUrl":"https:\/\/secure.gravatar.com\/avatar\/7ef5d82656b8958070b4f589b7ae1784?s=96&d=mm&r=g","caption":"gamberetta"},"description":"Sono Toro ascendente Scorpione, terra di contrasti dove ora prevale una met\u00e0, ora l\u2019altra. L\u2019infanzia in Veneto e gli ultimi anni passati a Milano hanno sviluppato in me una serie ulteriore di conflitti. Scrivo da sempre, la scrittura \u00e8 la migliore forma espressiva che mi consente di fissare concetti altrimenti sospesi nell\u2019aria. Da bambina scrivevo poesie con uno stile quasi leopardiano poi sono passata ai diari di viaggio dalla prima volta in USA nel 1998 e non ho pi\u00f9 smesso...","url":"https:\/\/www.gamberetta.it\/it\/author\/gamberettarossa\/"}]}},"_links":{"self":[{"href":"https:\/\/www.gamberetta.it\/it\/wp-json\/wp\/v2\/posts\/16754"}],"collection":[{"href":"https:\/\/www.gamberetta.it\/it\/wp-json\/wp\/v2\/posts"}],"about":[{"href":"https:\/\/www.gamberetta.it\/it\/wp-json\/wp\/v2\/types\/post"}],"author":[{"embeddable":true,"href":"https:\/\/www.gamberetta.it\/it\/wp-json\/wp\/v2\/users\/2"}],"replies":[{"embeddable":true,"href":"https:\/\/www.gamberetta.it\/it\/wp-json\/wp\/v2\/comments?post=16754"}],"version-history":[{"count":7,"href":"https:\/\/www.gamberetta.it\/it\/wp-json\/wp\/v2\/posts\/16754\/revisions"}],"predecessor-version":[{"id":16989,"href":"https:\/\/www.gamberetta.it\/it\/wp-json\/wp\/v2\/posts\/16754\/revisions\/16989"}],"wp:featuredmedia":[{"embeddable":true,"href":"https:\/\/www.gamberetta.it\/it\/wp-json\/wp\/v2\/media\/16991"}],"wp:attachment":[{"href":"https:\/\/www.gamberetta.it\/it\/wp-json\/wp\/v2\/media?parent=16754"}],"wp:term":[{"taxonomy":"category","embeddable":true,"href":"https:\/\/www.gamberetta.it\/it\/wp-json\/wp\/v2\/categories?post=16754"},{"taxonomy":"post_tag","embeddable":true,"href":"https:\/\/www.gamberetta.it\/it\/wp-json\/wp\/v2\/tags?post=16754"}],"curies":[{"name":"wp","href":"https:\/\/api.w.org\/{rel}","templated":true}]}}