{"id":1689,"date":"2013-07-15T07:00:08","date_gmt":"2013-07-15T07:00:08","guid":{"rendered":"https:\/\/www.gamberetta.it\/?p=1689"},"modified":"2017-02-05T19:39:07","modified_gmt":"2017-02-05T18:39:07","slug":"castelli-e-fortezze-sulle-due-sponde-delladriatico","status":"publish","type":"post","link":"https:\/\/www.gamberetta.it\/it\/2013\/07\/15\/castelli-e-fortezze-sulle-due-sponde-delladriatico\/","title":{"rendered":"CASTELLI E FORTEZZE SULLE DUE SPONDE DELL&#8217;ADRIATICO"},"content":{"rendered":"<p><span style=\"color: #000000\"><span style=\"font-size: medium\">La <\/span><\/span><span style=\"color: #000000\"><span style=\"font-size: medium\"><b>costa adriatica<\/b><\/span><\/span><span style=\"color: #000000\"><span style=\"font-size: medium\">, soprattutto nei mesi estivi, \u00e8 spesso associata alle sue <\/span><\/span><span style=\"color: #000000\"><span style=\"font-size: medium\"><b>spiagge<\/b><\/span><\/span><span style=\"color: #000000\"><span style=\"font-size: medium\"> e alla vita di <\/span><\/span><span style=\"color: #000000\"><span style=\"font-size: medium\"><b>mare<\/b><\/span><\/span><span style=\"color: #000000\"><span style=\"font-size: medium\">, intensa di giorno e di notte. Il mare d&#8217;inverno, al contrario, diventa luogo di pensieri silenziosi e ricordi da interiorizzare. <\/span><\/span><\/p>\n<p><span style=\"color: #000000\"><span style=\"font-size: medium\">Voltando le spalle al mare c&#8217;\u00e8 anche un <\/span><\/span><span style=\"color: #000000\"><span style=\"font-size: medium\"><b>entroterra<\/b><\/span><\/span><span style=\"color: #000000\"><span style=\"font-size: medium\"> da scoprire per chi vuole vedere dentro, verso le <\/span><\/span><span style=\"color: #000000\"><span style=\"font-size: medium\"><b>colline<\/b><\/span><\/span><span style=\"color: #000000\"><span style=\"font-size: medium\"> e gli <\/span><\/span><span style=\"color: #000000\"><span style=\"font-size: medium\"><b>appennini<\/b><\/span><\/span><span style=\"color: #000000\"><span style=\"font-size: medium\">, <\/span><\/span><span style=\"color: #000000\"><span style=\"font-size: medium\"><b>paesaggi <\/b><\/span><\/span><span style=\"color: #000000\"><span style=\"font-size: medium\">dolci e mossi dalle fronde degli alberi, <\/span><\/span><span style=\"color: #000000\"><span style=\"font-size: medium\"><b>borghi e rocche medievali<\/b><\/span><\/span><span style=\"color: #000000\"><span style=\"font-size: medium\"> ricchi di storia centenaria, gente genuina e sorridente. <\/span><\/span><\/p>\n<p><span style=\"color: #000000\"><span style=\"font-size: medium\">Conosco abbastanza poco queste zone e sono felicissima di partire, il prossimo <\/span><\/span><span style=\"color: #000000\"><span style=\"font-size: medium\"><b>luned\u00ec 22 luglio<\/b><\/span><\/span><span style=\"color: #000000\"><span style=\"font-size: medium\">, con otto amici blogger alla scoperta dei <\/span><\/span><span style=\"color: #000000\"><span style=\"font-size: medium\"><b>castelli e fortezze<\/b><\/span><\/span><span style=\"color: #000000\"><span style=\"font-size: medium\"> che, arroccati su queste \u201cmorbide\u201d colline, punteggiano appunto l&#8217;entroterra <\/span><\/span><span style=\"color: #000000\"><span style=\"font-size: medium\"><b>della Romagna e delle Marche.<\/b><\/span><\/span><\/p>\n<p><span style=\"color: #000000\"><span style=\"font-size: medium\"><b>Adristorical Lands<\/b><\/span><\/span><span style=\"color: #000000\"><span style=\"font-size: medium\"> \u00e8 il nome del progetto, finanziato dall&#8217;Unione europea, i cui partner sono le <\/span><\/span><span style=\"color: #000000\"><span style=\"font-size: medium\"><b>comunit\u00e0 che si affacciano sul mare Adriatico<\/b><\/span><\/span><span style=\"color: #000000\"><span style=\"font-size: medium\"> in Italia e nella \u201cEx Jugoslavia\u201d. Il progetto mira a valorizzare aree ricche di storia antica, promuovendo forme di turismo responsabile e la cooperazione tra questi territori che videro intensi scambi commerciali e culturali nei secoli passati.<\/span><\/span><\/p>\n<p><img loading=\"lazy\" decoding=\"async\" class=\"size-medium wp-image-10093 aligncenter\" src=\"https:\/\/www.gamberetta.it\/wp-content\/uploads\/2013\/07\/ra33-300x225.jpg\" alt=\"ra33\" width=\"300\" height=\"225\" srcset=\"https:\/\/www.gamberetta.it\/wp-content\/uploads\/2013\/07\/ra33-300x225.jpg 300w, https:\/\/www.gamberetta.it\/wp-content\/uploads\/2013\/07\/ra33-768x576.jpg 768w, https:\/\/www.gamberetta.it\/wp-content\/uploads\/2013\/07\/ra33-60x45.jpg 60w, https:\/\/www.gamberetta.it\/wp-content\/uploads\/2013\/07\/ra33-570x428.jpg 570w, https:\/\/www.gamberetta.it\/wp-content\/uploads\/2013\/07\/ra33-330x248.jpg 330w, https:\/\/www.gamberetta.it\/wp-content\/uploads\/2013\/07\/ra33.jpg 960w\" sizes=\"(max-width: 300px) 100vw, 300px\" \/><\/p>\n<p><span style=\"color: #000000\"><span style=\"font-size: medium\">Partiremo dalla provincia di <\/span><\/span><span style=\"color: #000000\"><span style=\"font-size: medium\"><b>Ravenna<\/b><\/span><\/span><span style=\"color: #000000\"><span style=\"font-size: medium\">, oggi ricca <\/span><\/span><span style=\"color: #000000\"><span style=\"font-size: medium\"><b>zona agricola<\/b><\/span><\/span><span style=\"color: #000000\"><span style=\"font-size: medium\"> ma ieri culla di storia e spiritualit\u00e0, trasmesse sino ai giorni nostri attraverso i mosaici bizantini di <\/span><\/span><span style=\"color: #000000\"><span style=\"font-size: medium\"><b>Sant&#8217;Apollinare in Classe<\/b><\/span><\/span><span style=\"color: #000000\"><span style=\"font-size: medium\"> che saranno una graditissima scoperta per me. Ci passo abbastanza spesso per lavoro, in mancanza di tempo ho lasciato gli occhi su tante cittadine interessanti come <\/span><\/span><span style=\"color: #000000\"><span style=\"font-size: medium\"><b>Faenza, Brisighella, Riolo Terme, Lugo e Bagnara<\/b><\/span><\/span><span style=\"color: #000000\"><span style=\"font-size: medium\">.<\/span><\/span><\/p>\n<p><img loading=\"lazy\" decoding=\"async\" class=\"alignnone size-medium wp-image-10095 aligncenter\" src=\"https:\/\/www.gamberetta.it\/wp-content\/uploads\/2013\/07\/an53-300x225.jpg\" alt=\"an53\" width=\"300\" height=\"225\" srcset=\"https:\/\/www.gamberetta.it\/wp-content\/uploads\/2013\/07\/an53-300x225.jpg 300w, https:\/\/www.gamberetta.it\/wp-content\/uploads\/2013\/07\/an53-768x576.jpg 768w, https:\/\/www.gamberetta.it\/wp-content\/uploads\/2013\/07\/an53-60x45.jpg 60w, https:\/\/www.gamberetta.it\/wp-content\/uploads\/2013\/07\/an53-570x428.jpg 570w, https:\/\/www.gamberetta.it\/wp-content\/uploads\/2013\/07\/an53-330x248.jpg 330w, https:\/\/www.gamberetta.it\/wp-content\/uploads\/2013\/07\/an53.jpg 960w\" sizes=\"(max-width: 300px) 100vw, 300px\" \/><\/p>\n<p><span style=\"color: #000000\"><span style=\"font-size: medium\">Nelle <\/span><\/span><span style=\"color: #000000\"><span style=\"font-size: medium\"><b>Marche<\/b><\/span><\/span><span style=\"color: #000000\"><span style=\"font-size: medium\"> visiteremo <\/span><\/span><span style=\"color: #000000\"><span style=\"font-size: medium\"><b>Gradara e Mondavio<\/b><\/span><\/span><span style=\"color: #000000\"><span style=\"font-size: medium\">, <\/span><\/span><span style=\"color: #000000\"><span style=\"font-size: medium\"><b>Corinaldo e Offagna<\/b><\/span><\/span><span style=\"color: #000000\"><span style=\"font-size: medium\"> per poi fermarci sul <\/span><\/span><span style=\"color: #000000\"><span style=\"font-size: medium\"><b>Conero<\/b><\/span><\/span><span style=\"color: #000000\"><span style=\"font-size: medium\">, questo promontorio che sa di mare anche se come uno scrigno conserva paesaggi preziosi anche al suo interno, inclusi dei <\/span><\/span><span style=\"color: #000000\"><span style=\"font-size: medium\"><b>vini rossi<\/b><\/span><\/span><span style=\"color: #000000\"><span style=\"font-size: medium\"> strepitosi e un <\/span><\/span><span style=\"color: #000000\"><span style=\"font-size: medium\"><b>vino rosato<\/b><\/span><\/span><span style=\"color: #000000\"><span style=\"font-size: medium\"> molto particolare. Ci ho passato delle splendide vacanze di Pasqua quasi 30 anni fa, con la mia famiglia scendemmo con roulotte e tenda, e la gatta e tutto l&#8217;armamentario in stile Fantozzi, fu una settimana splendida di cui conserviamo tutti i ricordi e tante fotografie.<\/span><\/span><\/p>\n<p><img loading=\"lazy\" decoding=\"async\" class=\"alignnone size-medium wp-image-10094 aligncenter\" src=\"https:\/\/www.gamberetta.it\/wp-content\/uploads\/2013\/07\/mc3-300x225.jpg\" alt=\"mc3\" width=\"300\" height=\"225\" srcset=\"https:\/\/www.gamberetta.it\/wp-content\/uploads\/2013\/07\/mc3-300x225.jpg 300w, https:\/\/www.gamberetta.it\/wp-content\/uploads\/2013\/07\/mc3-768x576.jpg 768w, https:\/\/www.gamberetta.it\/wp-content\/uploads\/2013\/07\/mc3-60x45.jpg 60w, https:\/\/www.gamberetta.it\/wp-content\/uploads\/2013\/07\/mc3-570x428.jpg 570w, https:\/\/www.gamberetta.it\/wp-content\/uploads\/2013\/07\/mc3-330x248.jpg 330w, https:\/\/www.gamberetta.it\/wp-content\/uploads\/2013\/07\/mc3.jpg 960w\" sizes=\"(max-width: 300px) 100vw, 300px\" \/><\/p>\n<p><span style=\"color: #000000\"><span style=\"font-size: medium\"><b>Recanati<\/b><\/span><\/span><span style=\"color: #000000\"><span style=\"font-size: medium\"> citt\u00e0 di <\/span><\/span><span style=\"color: #000000\"><span style=\"font-size: medium\"><b>Leopardi<\/b><\/span><\/span><span style=\"color: #000000\"><span style=\"font-size: medium\"> e l&#8217;abbazia di <\/span><\/span><span style=\"color: #000000\"><span style=\"font-size: medium\"><b>Fiastra<\/b><\/span><\/span><span style=\"color: #000000\"><span style=\"font-size: medium\"> a <\/span><\/span><span style=\"color: #000000\"><span style=\"font-size: medium\"><b>Urbisaglia<\/b><\/span><\/span><span style=\"color: #000000\"><span style=\"font-size: medium\"> saranno le mete di una visita all&#8217;insegna della poesia e della storia per passare infine, via mare, a <\/span><\/span><span style=\"color: #000000\"><span style=\"font-size: medium\"><b>Spalato<\/b><\/span><\/span><span style=\"color: #000000\"><span style=\"font-size: medium\"> e all&#8217;altra sponda dell&#8217;Adriatico alla scoperta delle antiche fortezze e dei castelli di <\/span><\/span><span style=\"color: #000000\"><span style=\"font-size: medium\"><b>terra bosniaca<\/b><\/span><\/span><span style=\"color: #000000\"><span style=\"font-size: medium\">.<\/span><\/span><\/p>\n<p><span style=\"color: #000000\"><span style=\"font-size: medium\"><b>Mostar<\/b><\/span><\/span><span style=\"color: #000000\"><span style=\"font-size: medium\"> significa \u201ccustode del ponte\u201d sulla <\/span><\/span><span style=\"color: #000000\"><span style=\"font-size: medium\"><b>Neretva<\/b><\/span><\/span><span style=\"color: #000000\"><span style=\"font-size: medium\">, la citt\u00e0 <\/span><\/span><span style=\"color: #000000\"><span style=\"font-size: medium\">\u00e8 stata nominata in anni tristi per la terribile guerra che segu\u00ec allo sfaldamento della Jugoslavia, pi\u00f9 che per le sue numerose bellezze, a cominciare da quel ponte vecchio che fu distrutto durante la guerra e che ora, ricostruito, ne rappresenta la rinascita. E ancora vedremo <\/span><\/span><span style=\"color: #000000\"><span style=\"font-size: medium\">monasteri, fortezze, moschee, musei in localit\u00e0 che ora per me sono solo dei nomi ma che sono sicura sapranno sorprendermi: <\/span><\/span><span style=\"color: #000000\"><span style=\"font-size: medium\"><b>Pocitelj, Capljina, Blagaj, Konjic, <\/b><\/span><\/span><span style=\"font-size: medium\"><b>Jablanica, <\/b><\/span><span style=\"color: #000000\"><span style=\"font-size: medium\"><b>\u017ditomisli\u0107i<\/b><\/span><\/span><span style=\"color: #000000\"><span style=\"font-size: medium\">. <\/span><\/span><\/p>\n<p><span style=\"color: #000000\"><span style=\"font-size: medium\"><b>Che dire? Curiosit\u00e0 a mille!<\/b><\/span><\/span><span style=\"color: #000000\"><span style=\"font-size: medium\"> Devo studiare un po&#8217; ma non vedo l&#8217;ora di partire e di condividere questa splendida avventura con i miei blog \u2013 compagni e con gli amici in rete. Sar\u00f2 inviata per il blog <a href=\"http:\/\/www.girovagate.com\/\">Girovagate<\/a>, p<\/span><\/span><span style=\"color: #000000\"><span style=\"font-size: medium\">otete seguirci su Facebook e Twitter, all&#8217;hashtag #adriatictour e sul portale <a href=\"http:\/\/www.adristorical-lands.eu\/\">Adristorical Lands<\/a>.<\/span><\/span><\/p>\n","protected":false},"excerpt":{"rendered":"<p>La costa adriatica, soprattutto nei mesi estivi, \u00e8 spesso associata alle sue spiagge e alla vita di mare, intensa di giorno e di notte. Il mare d&#8217;inverno, al contrario, diventa luogo di pensieri silenziosi e ricordi da interiorizzare. Voltando le spalle al mare c&#8217;\u00e8 anche un entroterra da scoprire per chi vuole vedere dentro, verso &hellip; <a class=\"more-link\" href=\"https:\/\/www.gamberetta.it\/it\/2013\/07\/15\/castelli-e-fortezze-sulle-due-sponde-delladriatico\/\">Leggi tutto<i class=\"ion-ios-arrow-thin-right\"><\/i><\/a><\/p>\n","protected":false},"author":2,"featured_media":10093,"comment_status":"open","ping_status":"closed","sticky":false,"template":"","format":"standard","meta":{"footnotes":""},"categories":[68,26,28,33,58,34],"tags":[740,741,742,743,744,745,746,747,748,749,750,751,752,753,633,754,755,756,757,758,759,760,761,762,763,764,765,593,766,767,768,769,770,57,771],"class_list":["post-1689","post","type-post","status-publish","format-standard","has-post-thumbnail","hentry","category-food-wine","category-friends","category-myself","category-travelling","category-venezia","category-viaggi-italia-europa","tag-abruzzo","tag-adriatico","tag-adristorical-lands","tag-ancona","tag-bagnara","tag-blagaj","tag-bosnia-erzegovina","tag-brisighella","tag-capljina","tag-conero","tag-corinaldo","tag-emilia-romagna","tag-faenza","tag-fiastra","tag-friuli-venezia-giulia","tag-gradara","tag-jablanica","tag-konjic","tag-leopardi","tag-lugo","tag-marche","tag-mare-adriatico","tag-molise","tag-mondavio","tag-mostar","tag-offagna","tag-pocitelj","tag-puglia","tag-ravenna","tag-recanati","tag-riolo-terme","tag-spalato","tag-urbisaglia","tag-veneto","tag-zitomislici"],"yoast_head":"<!-- This site is optimized with the Yoast SEO plugin v23.5 - https:\/\/yoast.com\/wordpress\/plugins\/seo\/ -->\n<title>CASTELLI E FORTEZZE SULLE DUE SPONDE DELL&#039;ADRIATICO - Gamberetta<\/title>\n<meta name=\"robots\" content=\"index, follow, max-snippet:-1, max-image-preview:large, max-video-preview:-1\" \/>\n<link rel=\"canonical\" href=\"https:\/\/www.gamberetta.it\/it\/2013\/07\/15\/castelli-e-fortezze-sulle-due-sponde-delladriatico\/\" \/>\n<meta property=\"og:locale\" content=\"it_IT\" \/>\n<meta property=\"og:type\" content=\"article\" \/>\n<meta property=\"og:title\" content=\"CASTELLI E FORTEZZE SULLE DUE SPONDE DELL&#039;ADRIATICO - Gamberetta\" \/>\n<meta property=\"og:description\" content=\"La costa adriatica, soprattutto nei mesi estivi, \u00e8 spesso associata alle sue spiagge e alla vita di mare, intensa di giorno e di notte. Il mare d&#8217;inverno, al contrario, diventa luogo di pensieri silenziosi e ricordi da interiorizzare. Voltando le spalle al mare c&#8217;\u00e8 anche un entroterra da scoprire per chi vuole vedere dentro, verso &hellip; Leggi tutto\" \/>\n<meta property=\"og:url\" content=\"https:\/\/www.gamberetta.it\/it\/2013\/07\/15\/castelli-e-fortezze-sulle-due-sponde-delladriatico\/\" \/>\n<meta property=\"og:site_name\" content=\"Gamberetta\" \/>\n<meta property=\"article:publisher\" content=\"https:\/\/www.facebook.com\/Gamberettatravelblog\" \/>\n<meta property=\"article:published_time\" content=\"2013-07-15T07:00:08+00:00\" \/>\n<meta property=\"article:modified_time\" content=\"2017-02-05T18:39:07+00:00\" \/>\n<meta property=\"og:image\" content=\"https:\/\/www.gamberetta.it\/wp-content\/uploads\/2013\/07\/ra33.jpg\" \/>\n\t<meta property=\"og:image:width\" content=\"960\" \/>\n\t<meta property=\"og:image:height\" content=\"720\" \/>\n\t<meta property=\"og:image:type\" content=\"image\/jpeg\" \/>\n<meta name=\"author\" content=\"gamberetta\" \/>\n<meta name=\"twitter:card\" content=\"summary_large_image\" \/>\n<meta name=\"twitter:creator\" content=\"@robertazennaro\" \/>\n<meta name=\"twitter:site\" content=\"@robertazennaro\" \/>\n<meta name=\"twitter:label1\" content=\"Scritto da\" \/>\n\t<meta name=\"twitter:data1\" content=\"gamberetta\" \/>\n\t<meta name=\"twitter:label2\" content=\"Tempo di lettura stimato\" \/>\n\t<meta name=\"twitter:data2\" content=\"2 minuti\" \/>\n<script type=\"application\/ld+json\" class=\"yoast-schema-graph\">{\"@context\":\"https:\/\/schema.org\",\"@graph\":[{\"@type\":\"WebPage\",\"@id\":\"https:\/\/www.gamberetta.it\/it\/2013\/07\/15\/castelli-e-fortezze-sulle-due-sponde-delladriatico\/\",\"url\":\"https:\/\/www.gamberetta.it\/it\/2013\/07\/15\/castelli-e-fortezze-sulle-due-sponde-delladriatico\/\",\"name\":\"CASTELLI E FORTEZZE SULLE DUE SPONDE DELL'ADRIATICO - Gamberetta\",\"isPartOf\":{\"@id\":\"https:\/\/www.gamberetta.it\/it\/#website\"},\"primaryImageOfPage\":{\"@id\":\"https:\/\/www.gamberetta.it\/it\/2013\/07\/15\/castelli-e-fortezze-sulle-due-sponde-delladriatico\/#primaryimage\"},\"image\":{\"@id\":\"https:\/\/www.gamberetta.it\/it\/2013\/07\/15\/castelli-e-fortezze-sulle-due-sponde-delladriatico\/#primaryimage\"},\"thumbnailUrl\":\"https:\/\/www.gamberetta.it\/wp-content\/uploads\/2013\/07\/ra33.jpg\",\"datePublished\":\"2013-07-15T07:00:08+00:00\",\"dateModified\":\"2017-02-05T18:39:07+00:00\",\"author\":{\"@id\":\"https:\/\/www.gamberetta.it\/it\/#\/schema\/person\/7a4a919927c944edb5f3f9c665590124\"},\"breadcrumb\":{\"@id\":\"https:\/\/www.gamberetta.it\/it\/2013\/07\/15\/castelli-e-fortezze-sulle-due-sponde-delladriatico\/#breadcrumb\"},\"inLanguage\":\"it-IT\",\"potentialAction\":[{\"@type\":\"ReadAction\",\"target\":[\"https:\/\/www.gamberetta.it\/it\/2013\/07\/15\/castelli-e-fortezze-sulle-due-sponde-delladriatico\/\"]}]},{\"@type\":\"ImageObject\",\"inLanguage\":\"it-IT\",\"@id\":\"https:\/\/www.gamberetta.it\/it\/2013\/07\/15\/castelli-e-fortezze-sulle-due-sponde-delladriatico\/#primaryimage\",\"url\":\"https:\/\/www.gamberetta.it\/wp-content\/uploads\/2013\/07\/ra33.jpg\",\"contentUrl\":\"https:\/\/www.gamberetta.it\/wp-content\/uploads\/2013\/07\/ra33.jpg\",\"width\":960,\"height\":720},{\"@type\":\"BreadcrumbList\",\"@id\":\"https:\/\/www.gamberetta.it\/it\/2013\/07\/15\/castelli-e-fortezze-sulle-due-sponde-delladriatico\/#breadcrumb\",\"itemListElement\":[{\"@type\":\"ListItem\",\"position\":1,\"name\":\"Home\",\"item\":\"https:\/\/www.gamberetta.it\/it\/\"},{\"@type\":\"ListItem\",\"position\":2,\"name\":\"CASTELLI E FORTEZZE SULLE DUE SPONDE DELL&#8217;ADRIATICO\"}]},{\"@type\":\"WebSite\",\"@id\":\"https:\/\/www.gamberetta.it\/it\/#website\",\"url\":\"https:\/\/www.gamberetta.it\/it\/\",\"name\":\"Gamberetta\",\"description\":\"Il mio blog senza fronzoli: pensieri e parole, sempre e ovunque in viaggio\",\"potentialAction\":[{\"@type\":\"SearchAction\",\"target\":{\"@type\":\"EntryPoint\",\"urlTemplate\":\"https:\/\/www.gamberetta.it\/it\/?s={search_term_string}\"},\"query-input\":{\"@type\":\"PropertyValueSpecification\",\"valueRequired\":true,\"valueName\":\"search_term_string\"}}],\"inLanguage\":\"it-IT\"},{\"@type\":\"Person\",\"@id\":\"https:\/\/www.gamberetta.it\/it\/#\/schema\/person\/7a4a919927c944edb5f3f9c665590124\",\"name\":\"gamberetta\",\"image\":{\"@type\":\"ImageObject\",\"inLanguage\":\"it-IT\",\"@id\":\"https:\/\/www.gamberetta.it\/it\/#\/schema\/person\/image\/\",\"url\":\"https:\/\/secure.gravatar.com\/avatar\/7ef5d82656b8958070b4f589b7ae1784?s=96&d=mm&r=g\",\"contentUrl\":\"https:\/\/secure.gravatar.com\/avatar\/7ef5d82656b8958070b4f589b7ae1784?s=96&d=mm&r=g\",\"caption\":\"gamberetta\"},\"description\":\"Sono Toro ascendente Scorpione, terra di contrasti dove ora prevale una met\u00e0, ora l\u2019altra. L\u2019infanzia in Veneto e gli ultimi anni passati a Milano hanno sviluppato in me una serie ulteriore di conflitti. Scrivo da sempre, la scrittura \u00e8 la migliore forma espressiva che mi consente di fissare concetti altrimenti sospesi nell\u2019aria. Da bambina scrivevo poesie con uno stile quasi leopardiano poi sono passata ai diari di viaggio dalla prima volta in USA nel 1998 e non ho pi\u00f9 smesso...\",\"url\":\"https:\/\/www.gamberetta.it\/it\/author\/gamberettarossa\/\"}]}<\/script>\n<!-- \/ Yoast SEO plugin. -->","yoast_head_json":{"title":"CASTELLI E FORTEZZE SULLE DUE SPONDE DELL'ADRIATICO - Gamberetta","robots":{"index":"index","follow":"follow","max-snippet":"max-snippet:-1","max-image-preview":"max-image-preview:large","max-video-preview":"max-video-preview:-1"},"canonical":"https:\/\/www.gamberetta.it\/it\/2013\/07\/15\/castelli-e-fortezze-sulle-due-sponde-delladriatico\/","og_locale":"it_IT","og_type":"article","og_title":"CASTELLI E FORTEZZE SULLE DUE SPONDE DELL'ADRIATICO - Gamberetta","og_description":"La costa adriatica, soprattutto nei mesi estivi, \u00e8 spesso associata alle sue spiagge e alla vita di mare, intensa di giorno e di notte. Il mare d&#8217;inverno, al contrario, diventa luogo di pensieri silenziosi e ricordi da interiorizzare. Voltando le spalle al mare c&#8217;\u00e8 anche un entroterra da scoprire per chi vuole vedere dentro, verso &hellip; Leggi tutto","og_url":"https:\/\/www.gamberetta.it\/it\/2013\/07\/15\/castelli-e-fortezze-sulle-due-sponde-delladriatico\/","og_site_name":"Gamberetta","article_publisher":"https:\/\/www.facebook.com\/Gamberettatravelblog","article_published_time":"2013-07-15T07:00:08+00:00","article_modified_time":"2017-02-05T18:39:07+00:00","og_image":[{"width":960,"height":720,"url":"https:\/\/www.gamberetta.it\/wp-content\/uploads\/2013\/07\/ra33.jpg","type":"image\/jpeg"}],"author":"gamberetta","twitter_card":"summary_large_image","twitter_creator":"@robertazennaro","twitter_site":"@robertazennaro","twitter_misc":{"Scritto da":"gamberetta","Tempo di lettura stimato":"2 minuti"},"schema":{"@context":"https:\/\/schema.org","@graph":[{"@type":"WebPage","@id":"https:\/\/www.gamberetta.it\/it\/2013\/07\/15\/castelli-e-fortezze-sulle-due-sponde-delladriatico\/","url":"https:\/\/www.gamberetta.it\/it\/2013\/07\/15\/castelli-e-fortezze-sulle-due-sponde-delladriatico\/","name":"CASTELLI E FORTEZZE SULLE DUE SPONDE DELL'ADRIATICO - Gamberetta","isPartOf":{"@id":"https:\/\/www.gamberetta.it\/it\/#website"},"primaryImageOfPage":{"@id":"https:\/\/www.gamberetta.it\/it\/2013\/07\/15\/castelli-e-fortezze-sulle-due-sponde-delladriatico\/#primaryimage"},"image":{"@id":"https:\/\/www.gamberetta.it\/it\/2013\/07\/15\/castelli-e-fortezze-sulle-due-sponde-delladriatico\/#primaryimage"},"thumbnailUrl":"https:\/\/www.gamberetta.it\/wp-content\/uploads\/2013\/07\/ra33.jpg","datePublished":"2013-07-15T07:00:08+00:00","dateModified":"2017-02-05T18:39:07+00:00","author":{"@id":"https:\/\/www.gamberetta.it\/it\/#\/schema\/person\/7a4a919927c944edb5f3f9c665590124"},"breadcrumb":{"@id":"https:\/\/www.gamberetta.it\/it\/2013\/07\/15\/castelli-e-fortezze-sulle-due-sponde-delladriatico\/#breadcrumb"},"inLanguage":"it-IT","potentialAction":[{"@type":"ReadAction","target":["https:\/\/www.gamberetta.it\/it\/2013\/07\/15\/castelli-e-fortezze-sulle-due-sponde-delladriatico\/"]}]},{"@type":"ImageObject","inLanguage":"it-IT","@id":"https:\/\/www.gamberetta.it\/it\/2013\/07\/15\/castelli-e-fortezze-sulle-due-sponde-delladriatico\/#primaryimage","url":"https:\/\/www.gamberetta.it\/wp-content\/uploads\/2013\/07\/ra33.jpg","contentUrl":"https:\/\/www.gamberetta.it\/wp-content\/uploads\/2013\/07\/ra33.jpg","width":960,"height":720},{"@type":"BreadcrumbList","@id":"https:\/\/www.gamberetta.it\/it\/2013\/07\/15\/castelli-e-fortezze-sulle-due-sponde-delladriatico\/#breadcrumb","itemListElement":[{"@type":"ListItem","position":1,"name":"Home","item":"https:\/\/www.gamberetta.it\/it\/"},{"@type":"ListItem","position":2,"name":"CASTELLI E FORTEZZE SULLE DUE SPONDE DELL&#8217;ADRIATICO"}]},{"@type":"WebSite","@id":"https:\/\/www.gamberetta.it\/it\/#website","url":"https:\/\/www.gamberetta.it\/it\/","name":"Gamberetta","description":"Il mio blog senza fronzoli: pensieri e parole, sempre e ovunque in viaggio","potentialAction":[{"@type":"SearchAction","target":{"@type":"EntryPoint","urlTemplate":"https:\/\/www.gamberetta.it\/it\/?s={search_term_string}"},"query-input":{"@type":"PropertyValueSpecification","valueRequired":true,"valueName":"search_term_string"}}],"inLanguage":"it-IT"},{"@type":"Person","@id":"https:\/\/www.gamberetta.it\/it\/#\/schema\/person\/7a4a919927c944edb5f3f9c665590124","name":"gamberetta","image":{"@type":"ImageObject","inLanguage":"it-IT","@id":"https:\/\/www.gamberetta.it\/it\/#\/schema\/person\/image\/","url":"https:\/\/secure.gravatar.com\/avatar\/7ef5d82656b8958070b4f589b7ae1784?s=96&d=mm&r=g","contentUrl":"https:\/\/secure.gravatar.com\/avatar\/7ef5d82656b8958070b4f589b7ae1784?s=96&d=mm&r=g","caption":"gamberetta"},"description":"Sono Toro ascendente Scorpione, terra di contrasti dove ora prevale una met\u00e0, ora l\u2019altra. L\u2019infanzia in Veneto e gli ultimi anni passati a Milano hanno sviluppato in me una serie ulteriore di conflitti. Scrivo da sempre, la scrittura \u00e8 la migliore forma espressiva che mi consente di fissare concetti altrimenti sospesi nell\u2019aria. Da bambina scrivevo poesie con uno stile quasi leopardiano poi sono passata ai diari di viaggio dalla prima volta in USA nel 1998 e non ho pi\u00f9 smesso...","url":"https:\/\/www.gamberetta.it\/it\/author\/gamberettarossa\/"}]}},"_links":{"self":[{"href":"https:\/\/www.gamberetta.it\/it\/wp-json\/wp\/v2\/posts\/1689"}],"collection":[{"href":"https:\/\/www.gamberetta.it\/it\/wp-json\/wp\/v2\/posts"}],"about":[{"href":"https:\/\/www.gamberetta.it\/it\/wp-json\/wp\/v2\/types\/post"}],"author":[{"embeddable":true,"href":"https:\/\/www.gamberetta.it\/it\/wp-json\/wp\/v2\/users\/2"}],"replies":[{"embeddable":true,"href":"https:\/\/www.gamberetta.it\/it\/wp-json\/wp\/v2\/comments?post=1689"}],"version-history":[{"count":0,"href":"https:\/\/www.gamberetta.it\/it\/wp-json\/wp\/v2\/posts\/1689\/revisions"}],"wp:featuredmedia":[{"embeddable":true,"href":"https:\/\/www.gamberetta.it\/it\/wp-json\/wp\/v2\/media\/10093"}],"wp:attachment":[{"href":"https:\/\/www.gamberetta.it\/it\/wp-json\/wp\/v2\/media?parent=1689"}],"wp:term":[{"taxonomy":"category","embeddable":true,"href":"https:\/\/www.gamberetta.it\/it\/wp-json\/wp\/v2\/categories?post=1689"},{"taxonomy":"post_tag","embeddable":true,"href":"https:\/\/www.gamberetta.it\/it\/wp-json\/wp\/v2\/tags?post=1689"}],"curies":[{"name":"wp","href":"https:\/\/api.w.org\/{rel}","templated":true}]}}