{"id":17718,"date":"2021-07-19T18:34:00","date_gmt":"2021-07-19T16:34:00","guid":{"rendered":"https:\/\/www.gamberetta.it\/it\/?p=17718"},"modified":"2021-10-20T22:45:37","modified_gmt":"2021-10-20T20:45:37","slug":"cinque-luoghi-da-visitare-in-oltrepo-mantovano","status":"publish","type":"post","link":"https:\/\/www.gamberetta.it\/it\/2021\/07\/19\/cinque-luoghi-da-visitare-in-oltrepo-mantovano\/","title":{"rendered":"CINQUE LUOGHI DA VISITARE IN OLTREP\u00d2 MANTOVANO"},"content":{"rendered":"\n<p>La bassa mantovana \u00e8 bagnata dal fiume Po, che segna i suoi confini naturali con le vicine province di Verona e Rovigo in Veneto, di Modena e Ferrara in Emilia Romagna. Il grande fiume, fulcro della vita e delle attivit\u00e0 produttive locali; per un turista curioso il grande fiume pu\u00f2 diventare il filo conduttore per una visita.<\/p>\n\n\n\n<figure class=\"wp-block-image size-large\"><img loading=\"lazy\" decoding=\"async\" width=\"1024\" height=\"768\" src=\"https:\/\/www.gamberetta.it\/wp-content\/uploads\/2021\/07\/IMG_20210710_181623.jpg\" alt=\"Vista dall'argine del fiume Po\" class=\"wp-image-17723\" srcset=\"https:\/\/www.gamberetta.it\/wp-content\/uploads\/2021\/07\/IMG_20210710_181623.jpg 1024w, https:\/\/www.gamberetta.it\/wp-content\/uploads\/2021\/07\/IMG_20210710_181623-300x225.jpg 300w, https:\/\/www.gamberetta.it\/wp-content\/uploads\/2021\/07\/IMG_20210710_181623-768x576.jpg 768w, https:\/\/www.gamberetta.it\/wp-content\/uploads\/2021\/07\/IMG_20210710_181623-1000x750.jpg 1000w, https:\/\/www.gamberetta.it\/wp-content\/uploads\/2021\/07\/IMG_20210710_181623-570x428.jpg 570w, https:\/\/www.gamberetta.it\/wp-content\/uploads\/2021\/07\/IMG_20210710_181623-330x248.jpg 330w\" sizes=\"(max-width: 1024px) 100vw, 1024px\" \/><\/figure>\n\n\n\n<p>In Oltrep\u00f2 mantovano non si arriva per caso, ci dev&#8217;essere una motivazione per ogni visitatore che viene a conoscerlo per sorprendersi al cospetto del suo morbido paesaggio, della storia millenaria, dei prodotti tipici. Sono cos\u00ec tanti i tesori nascosti dietro un cancello o il portone di un palazzo<\/p>\n\n\n\n<ul class=\"wp-block-list\"><li>torri e castelli medievali,<\/li><li>chiesette con l&#8217;interno affrescato,<\/li><li>ville e palazzi dove importanti personaggi del passato hanno trascorso parte della vita.<\/li><\/ul>\n\n\n\n<p>Sono duemila anni, dal tempo degli antichi Romani, che uomini e donne lasciano una traccia del loro passaggio su questa terra. Tracce indelebili e tangibili come la pietra e il metallo delle statue che ornano il centro dei paesi, palpabili come la fitta nebbia autunnale che tutto avvolge. E contrapposte al liquido fluire delle acque del fiume.<\/p>\n\n\n\n<div class=\"wp-block-image\"><figure class=\"aligncenter size-large\"><img loading=\"lazy\" decoding=\"async\" width=\"768\" height=\"1024\" src=\"https:\/\/www.gamberetta.it\/wp-content\/uploads\/2021\/07\/IMG_20210710_182346.jpg\" alt=\"Felonica\" class=\"wp-image-17725\" srcset=\"https:\/\/www.gamberetta.it\/wp-content\/uploads\/2021\/07\/IMG_20210710_182346.jpg 768w, https:\/\/www.gamberetta.it\/wp-content\/uploads\/2021\/07\/IMG_20210710_182346-225x300.jpg 225w, https:\/\/www.gamberetta.it\/wp-content\/uploads\/2021\/07\/IMG_20210710_182346-600x800.jpg 600w\" sizes=\"(max-width: 768px) 100vw, 768px\" \/><\/figure><\/div>\n\n\n\n<p>Molti mantovani, presi dalla frenesia della vita quotidiana, probabilmente non sono consapevoli della bellezza che hanno intorno, ed \u00e8 un peccato perch\u00e9 di bellezza qui ce n&#8217;\u00e8 tanta. Per fortuna sono sempre pi\u00f9 frequenti gli eventi che i comuni virtuosi organizzano per la popolazione locale, le visite per le scuole per esempio, forti di una comunit\u00e0 solida e appoggiati a folte schiere di volontari, senza i quali si potrebbe fare ben poco.<\/p>\n\n\n\n<div class=\"wp-block-image\"><figure class=\"aligncenter size-large\"><img loading=\"lazy\" decoding=\"async\" width=\"768\" height=\"1024\" src=\"https:\/\/www.gamberetta.it\/wp-content\/uploads\/2021\/07\/IMG_20210710_111931.jpg\" alt=\"io e Franchino\" class=\"wp-image-17736\" srcset=\"https:\/\/www.gamberetta.it\/wp-content\/uploads\/2021\/07\/IMG_20210710_111931.jpg 768w, https:\/\/www.gamberetta.it\/wp-content\/uploads\/2021\/07\/IMG_20210710_111931-225x300.jpg 225w, https:\/\/www.gamberetta.it\/wp-content\/uploads\/2021\/07\/IMG_20210710_111931-600x800.jpg 600w\" sizes=\"(max-width: 768px) 100vw, 768px\" \/><\/figure><\/div>\n\n\n\n<p>Persino gli allestimenti museali sono stati possibili, negli anni pi\u00f9 recenti, grazie a loro. E nonostante i danni del terremoto del 2012 che hanno fermato o ritardato molti restauri e progetti, nonostante il coronavirus che si \u00e8 messo di traverso in questo processo, ora siamo pronti a ripartire!!<\/p>\n\n\n\n<div class=\"wp-block-image\"><figure class=\"aligncenter size-large\"><img loading=\"lazy\" decoding=\"async\" width=\"768\" height=\"1024\" src=\"https:\/\/www.gamberetta.it\/wp-content\/uploads\/2021\/07\/IMG_20210710_121539.jpg\" alt=\"Io e Lamberto\" class=\"wp-image-17726\" srcset=\"https:\/\/www.gamberetta.it\/wp-content\/uploads\/2021\/07\/IMG_20210710_121539.jpg 768w, https:\/\/www.gamberetta.it\/wp-content\/uploads\/2021\/07\/IMG_20210710_121539-225x300.jpg 225w, https:\/\/www.gamberetta.it\/wp-content\/uploads\/2021\/07\/IMG_20210710_121539-600x800.jpg 600w\" sizes=\"(max-width: 768px) 100vw, 768px\" \/><\/figure><\/div>\n\n\n\n<p>Oggi vi invito a scoprire questa terra generosa, seguendo le tracce del mio piccolo viaggio dello scorso fine settimana, un itinerario culturale che mi ha fornito diverse suggestioni e spero dia tanti spunti di visita a tutti voi. Senza la pretesa di esaurire tutto in due \u2013 tre giorni, ch\u00e9 l&#8217;Oltrep\u00f2 mantovano ha tantissimo da vedere e va assaporato lentamente. A proposito di lentezza: viaggiare in automobile \u00e8 l&#8217;opzione che d\u00e0 pi\u00f9 libert\u00e0 di movimento ma questo per il turismo slow \u00e8 un vero paradiso. Arrivando a Ostiglia in treno come ho fatto io, con un po&#8217; di tempo a disposizione, pazienza e curiosit\u00e0, avrete tutti gli ingredienti per creare la ricetta perfetta del viaggiatore curioso.<\/p>\n\n\n\n<p>Qui infatti si possono praticare attivit\u00e0 all&#8217;aria aperta come pedalare, remare, camminare. La ciclabile tra Ostiglia e Treviso \u00e8 ormai una realt\u00e0, l&#8217;ultima altisonante opera all&#8217;insegna della mobilit\u00e0 sostenibile e volano per tutta una serie di attivit\u00e0 collaterali adatte a tutti, cittadini permanenti e temporanei, italiani e stranieri. Ovunque le piste ciclabili sono prese d&#8217;assalto da pedalatori esperti e attrezzati, cos\u00ec come dai locali di tutte le et\u00e0. E vi sono ben due collegamenti internazionali, Eurovelo 7 e 8, fra Oltrep\u00f2 mantovano, l&#8217;Italia e l&#8217;Europa.<\/p>\n\n\n\n<p>Se volete vedere il panorama dall&#8217;acqua salite su una barca per una piccola ma divertente crociera fluviale. Vedrete l&#8217;opera della natura: la ricchezza selvaggia dei regni animale e vegetale, paludi e piccole isole protette come riserve naturali. E vedrete le opere dell&#8217;ingegno umano: l&#8217;effetto della bonifica e le opere idrauliche con cui l&#8217;uomo, da secoli, cerca di fronteggiare e dominare la forza delle acque.<\/p>\n\n\n\n<div class=\"wp-block-image\"><figure class=\"aligncenter size-large\"><img loading=\"lazy\" decoding=\"async\" width=\"768\" height=\"1024\" src=\"https:\/\/www.gamberetta.it\/wp-content\/uploads\/2021\/07\/IMG_20210710_181757.jpg\" alt=\"il fiume Po visto dall'argine\" class=\"wp-image-17745\" srcset=\"https:\/\/www.gamberetta.it\/wp-content\/uploads\/2021\/07\/IMG_20210710_181757.jpg 768w, https:\/\/www.gamberetta.it\/wp-content\/uploads\/2021\/07\/IMG_20210710_181757-225x300.jpg 225w, https:\/\/www.gamberetta.it\/wp-content\/uploads\/2021\/07\/IMG_20210710_181757-600x800.jpg 600w\" sizes=\"(max-width: 768px) 100vw, 768px\" \/><\/figure><\/div>\n\n\n\n<p>E camminate! Essere in piano significa che potete fare molti chilometri in tempi abbastanza ridotti, fermandovi tutte le volte che volete.<\/p>\n\n\n\n<h2 class=\"wp-block-heading\">OSTIGLIA<\/h2>\n\n\n\n<p>A Ostiglia c&#8217;\u00e8 la stazione ferroviaria ed \u00e8 proprio qui che scendo dal treno proveniente da Verona. Siamo sulla linea del Brennero, facile collegamento in direzione nord \u2013 sud. Ostiglia si trova in posizione strategica sulla sponda sinistra del fiume Po. Viene a prendermi <a href=\"http:\/\/www.giroviaggiandoblog.com\/\">Lamberto Funghi collega blogger<\/a>, con cui condivido il piacere di questi tre giorni di tour.<\/p>\n\n\n\n<figure class=\"wp-block-image size-large\"><img loading=\"lazy\" decoding=\"async\" width=\"1024\" height=\"768\" src=\"https:\/\/www.gamberetta.it\/wp-content\/uploads\/2021\/07\/IMG_20210709_130142.jpg\" alt=\"Si parte dalla stazione di Ostiglia\" class=\"wp-image-17727\" srcset=\"https:\/\/www.gamberetta.it\/wp-content\/uploads\/2021\/07\/IMG_20210709_130142.jpg 1024w, https:\/\/www.gamberetta.it\/wp-content\/uploads\/2021\/07\/IMG_20210709_130142-300x225.jpg 300w, https:\/\/www.gamberetta.it\/wp-content\/uploads\/2021\/07\/IMG_20210709_130142-768x576.jpg 768w, https:\/\/www.gamberetta.it\/wp-content\/uploads\/2021\/07\/IMG_20210709_130142-1000x750.jpg 1000w, https:\/\/www.gamberetta.it\/wp-content\/uploads\/2021\/07\/IMG_20210709_130142-570x428.jpg 570w, https:\/\/www.gamberetta.it\/wp-content\/uploads\/2021\/07\/IMG_20210709_130142-330x248.jpg 330w\" sizes=\"(max-width: 1024px) 100vw, 1024px\" \/><\/figure>\n\n\n\n<p>Partiamo dalla&nbsp;<strong>Piazza Cornelio<\/strong>, che ricorda lo storico romano del primo secolo a.C. nato qui nell&#8217;antica Hostilia.<\/p>\n\n\n\n<div class=\"wp-block-image\"><figure class=\"aligncenter size-large\"><img loading=\"lazy\" decoding=\"async\" width=\"768\" height=\"1024\" src=\"https:\/\/www.gamberetta.it\/wp-content\/uploads\/2021\/07\/IMG_20210709_164150.jpg\" alt=\"Piazza Cornelio\" class=\"wp-image-17728\" srcset=\"https:\/\/www.gamberetta.it\/wp-content\/uploads\/2021\/07\/IMG_20210709_164150.jpg 768w, https:\/\/www.gamberetta.it\/wp-content\/uploads\/2021\/07\/IMG_20210709_164150-225x300.jpg 225w, https:\/\/www.gamberetta.it\/wp-content\/uploads\/2021\/07\/IMG_20210709_164150-600x800.jpg 600w\" sizes=\"(max-width: 768px) 100vw, 768px\" \/><\/figure><\/div>\n\n\n\n<p>Nel vicino ufficio del turismo prendiamo il materiale informativo e&#8230; le bici gialle per girare Ostiglia in libert\u00e0.<\/p>\n\n\n\n<div class=\"wp-block-image\"><figure class=\"aligncenter size-large\"><img loading=\"lazy\" decoding=\"async\" width=\"768\" height=\"1024\" src=\"https:\/\/www.gamberetta.it\/wp-content\/uploads\/2021\/07\/IMG_20210709_153724.jpg\" alt=\"Ostiglia ufficio del turismo\" class=\"wp-image-17729\" srcset=\"https:\/\/www.gamberetta.it\/wp-content\/uploads\/2021\/07\/IMG_20210709_153724.jpg 768w, https:\/\/www.gamberetta.it\/wp-content\/uploads\/2021\/07\/IMG_20210709_153724-225x300.jpg 225w, https:\/\/www.gamberetta.it\/wp-content\/uploads\/2021\/07\/IMG_20210709_153724-600x800.jpg 600w\" sizes=\"(max-width: 768px) 100vw, 768px\" \/><\/figure><\/div>\n\n\n\n<p>Lasciamo da parte il Museo della Farmacopea e il Museo Archeologico per una prossima visita.<\/p>\n\n\n\n<div class=\"wp-block-image\"><figure class=\"aligncenter size-large\"><img loading=\"lazy\" decoding=\"async\" width=\"768\" height=\"1024\" src=\"https:\/\/www.gamberetta.it\/wp-content\/uploads\/2021\/07\/IMG_20210709_161052.jpg\" alt=\"Biblioteca musicale Greggiati\" class=\"wp-image-17730\" srcset=\"https:\/\/www.gamberetta.it\/wp-content\/uploads\/2021\/07\/IMG_20210709_161052.jpg 768w, https:\/\/www.gamberetta.it\/wp-content\/uploads\/2021\/07\/IMG_20210709_161052-225x300.jpg 225w, https:\/\/www.gamberetta.it\/wp-content\/uploads\/2021\/07\/IMG_20210709_161052-600x800.jpg 600w\" sizes=\"(max-width: 768px) 100vw, 768px\" \/><\/figure><\/div>\n\n\n\n<p>Prima di vedere le torri medievali ci rechiamo alla&nbsp;<strong>Biblioteca Musicale Greggiati<\/strong>, collezione di manoscritti e volumi raccolti dal sacerdote ostigliese Giuseppe Greggiati.<\/p>\n\n\n\n<figure class=\"wp-block-image size-large\"><img loading=\"lazy\" decoding=\"async\" width=\"1024\" height=\"768\" src=\"https:\/\/www.gamberetta.it\/wp-content\/uploads\/2021\/07\/IMG_20210709_172209-Copia.jpg\" alt=\"Fondo Mondadori\" class=\"wp-image-17731\" srcset=\"https:\/\/www.gamberetta.it\/wp-content\/uploads\/2021\/07\/IMG_20210709_172209-Copia.jpg 1024w, https:\/\/www.gamberetta.it\/wp-content\/uploads\/2021\/07\/IMG_20210709_172209-Copia-300x225.jpg 300w, https:\/\/www.gamberetta.it\/wp-content\/uploads\/2021\/07\/IMG_20210709_172209-Copia-768x576.jpg 768w, https:\/\/www.gamberetta.it\/wp-content\/uploads\/2021\/07\/IMG_20210709_172209-Copia-1000x750.jpg 1000w, https:\/\/www.gamberetta.it\/wp-content\/uploads\/2021\/07\/IMG_20210709_172209-Copia-570x428.jpg 570w, https:\/\/www.gamberetta.it\/wp-content\/uploads\/2021\/07\/IMG_20210709_172209-Copia-330x248.jpg 330w\" sizes=\"(max-width: 1024px) 100vw, 1024px\" \/><\/figure>\n\n\n\n<p>Al&nbsp;<strong>Fondo Mondadori&nbsp;<\/strong>ammiriamo la biblioteca personale dell&#8217;editore Arnoldo Mondadori e i libri che immensi autori del Novecento gli hanno dedicato e autografato.<\/p>\n\n\n\n<h2 class=\"wp-block-heading\">REVERE<\/h2>\n\n\n\n<p>Revere si trova di fronte a Ostiglia, le due localit\u00e0 sono unite da un lungo ponte metallico. Nei tre giorni di tour in Oltrep\u00f2 Mantovano andiamo a scoprire alcuni tesori, piccoli e grandi, tra una riva e l&#8217;altra del Po.<\/p>\n\n\n\n<figure class=\"wp-block-image size-large\"><img loading=\"lazy\" decoding=\"async\" width=\"1024\" height=\"768\" src=\"https:\/\/www.gamberetta.it\/wp-content\/uploads\/2021\/07\/IMG_20210710_093517.jpg\" alt=\"Palazzo ducale Revere\" class=\"wp-image-17721\" srcset=\"https:\/\/www.gamberetta.it\/wp-content\/uploads\/2021\/07\/IMG_20210710_093517.jpg 1024w, https:\/\/www.gamberetta.it\/wp-content\/uploads\/2021\/07\/IMG_20210710_093517-300x225.jpg 300w, https:\/\/www.gamberetta.it\/wp-content\/uploads\/2021\/07\/IMG_20210710_093517-768x576.jpg 768w, https:\/\/www.gamberetta.it\/wp-content\/uploads\/2021\/07\/IMG_20210710_093517-1000x750.jpg 1000w, https:\/\/www.gamberetta.it\/wp-content\/uploads\/2021\/07\/IMG_20210710_093517-570x428.jpg 570w, https:\/\/www.gamberetta.it\/wp-content\/uploads\/2021\/07\/IMG_20210710_093517-330x248.jpg 330w\" sizes=\"(max-width: 1024px) 100vw, 1024px\" \/><\/figure>\n\n\n\n<p>A Revere il&nbsp;<strong>Palazzo Ducale<\/strong>&nbsp;con il&nbsp;<strong>Museo del Fiume Po<\/strong>, la torre e la Piazza Castello mi stupiscono per la loro ricchezza e l&#8217;allestimento, vi possono prendere 3 \u2013 4 ore tranquillamente per la visita.<\/p>\n\n\n\n<figure class=\"wp-block-image size-large\"><img loading=\"lazy\" decoding=\"async\" width=\"1024\" height=\"768\" src=\"https:\/\/www.gamberetta.it\/wp-content\/uploads\/2021\/07\/IMG_20210710_110825.jpg\" alt=\"Mappa del fiume Po\" class=\"wp-image-17735\" srcset=\"https:\/\/www.gamberetta.it\/wp-content\/uploads\/2021\/07\/IMG_20210710_110825.jpg 1024w, https:\/\/www.gamberetta.it\/wp-content\/uploads\/2021\/07\/IMG_20210710_110825-300x225.jpg 300w, https:\/\/www.gamberetta.it\/wp-content\/uploads\/2021\/07\/IMG_20210710_110825-768x576.jpg 768w, https:\/\/www.gamberetta.it\/wp-content\/uploads\/2021\/07\/IMG_20210710_110825-1000x750.jpg 1000w, https:\/\/www.gamberetta.it\/wp-content\/uploads\/2021\/07\/IMG_20210710_110825-570x428.jpg 570w, https:\/\/www.gamberetta.it\/wp-content\/uploads\/2021\/07\/IMG_20210710_110825-330x248.jpg 330w\" sizes=\"(max-width: 1024px) 100vw, 1024px\" \/><\/figure>\n\n\n\n<p>E non abbiamo visto tutto, appena torner\u00f2 a Revere sar\u00e0 la prima cosa da rivedere, assieme alla torre campanaria del XII secolo. Voglio salire in cima per poi scrivere \u201cLa Citt\u00e0 Vista dall&#8217;alto\u201d.<\/p>\n\n\n\n<div class=\"wp-block-image\"><figure class=\"aligncenter size-large\"><img loading=\"lazy\" decoding=\"async\" width=\"768\" height=\"1024\" src=\"https:\/\/www.gamberetta.it\/wp-content\/uploads\/2021\/07\/IMG_20210710_093259-768x1024.jpg\" alt=\"torre medievale\" class=\"wp-image-17732\" srcset=\"https:\/\/www.gamberetta.it\/wp-content\/uploads\/2021\/07\/IMG_20210710_093259-768x1024.jpg 768w, https:\/\/www.gamberetta.it\/wp-content\/uploads\/2021\/07\/IMG_20210710_093259-225x300.jpg 225w, https:\/\/www.gamberetta.it\/wp-content\/uploads\/2021\/07\/IMG_20210710_093259-600x800.jpg 600w, https:\/\/www.gamberetta.it\/wp-content\/uploads\/2021\/07\/IMG_20210710_093259.jpg 900w\" sizes=\"(max-width: 768px) 100vw, 768px\" \/><\/figure><\/div>\n\n\n\n<h2 class=\"wp-block-heading\">BORGOCARBONARA \u2013 VILLA BISIGHINI<\/h2>\n\n\n\n<p><strong>Borgofranco e Carbonara&nbsp;<\/strong>si sono uniti dal primo gennaio 2019 nel comune sparso di Borgocarbonara, con poco meno di 2000 abitanti.<\/p>\n\n\n\n<div class=\"wp-block-image\"><figure class=\"aligncenter size-large\"><img loading=\"lazy\" decoding=\"async\" width=\"768\" height=\"1024\" src=\"https:\/\/www.gamberetta.it\/wp-content\/uploads\/2021\/07\/IMG_20210710_113717-768x1024.jpg\" alt=\"Villa Bisighini\" class=\"wp-image-17733\" srcset=\"https:\/\/www.gamberetta.it\/wp-content\/uploads\/2021\/07\/IMG_20210710_113717-768x1024.jpg 768w, https:\/\/www.gamberetta.it\/wp-content\/uploads\/2021\/07\/IMG_20210710_113717-225x300.jpg 225w, https:\/\/www.gamberetta.it\/wp-content\/uploads\/2021\/07\/IMG_20210710_113717-600x800.jpg 600w, https:\/\/www.gamberetta.it\/wp-content\/uploads\/2021\/07\/IMG_20210710_113717.jpg 900w\" sizes=\"(max-width: 768px) 100vw, 768px\" \/><\/figure><\/div>\n\n\n\n<p><strong>Villa Bisighini<\/strong>&nbsp;\u00e8 un piccolo gioiello liberty ed \u00e8 una stella brillante in questa zona, dove molte dimore di famiglie benestanti sono state costruite a cavallo fra XIX e XX secolo.<\/p>\n\n\n\n<div class=\"wp-block-image\"><figure class=\"aligncenter size-large\"><img loading=\"lazy\" decoding=\"async\" width=\"768\" height=\"1024\" src=\"https:\/\/www.gamberetta.it\/wp-content\/uploads\/2021\/07\/IMG_20210710_114048.jpg\" alt=\"Mausoleo Bisighini\" class=\"wp-image-17734\" srcset=\"https:\/\/www.gamberetta.it\/wp-content\/uploads\/2021\/07\/IMG_20210710_114048.jpg 768w, https:\/\/www.gamberetta.it\/wp-content\/uploads\/2021\/07\/IMG_20210710_114048-225x300.jpg 225w, https:\/\/www.gamberetta.it\/wp-content\/uploads\/2021\/07\/IMG_20210710_114048-600x800.jpg 600w\" sizes=\"(max-width: 768px) 100vw, 768px\" \/><\/figure><\/div>\n\n\n\n<p>Con il mausoleo e l&#8217;annesso parco la villa costituisce il complesso monumentale donato alla citt\u00e0 da Francesco Bisighini (1868 \u2013 1956) impresario edile e mecenate, alla sua morte.<\/p>\n\n\n\n<h2 class=\"wp-block-heading\">FELONICA<\/h2>\n\n\n\n<p>A Felonica l&#8217;attrattiva culturale principale \u00e8 il&nbsp;<strong>Museo della Seconda Guerra Mondiale&nbsp;<\/strong>dove facciamo un tuffo nel passato recente. Osserviamo e ascoltiamo gli eventi bellici locali, poi voliamo sempre pi\u00f9 in alto e lontano negli altri teatri di guerra.<\/p>\n\n\n\n<div class=\"wp-block-image\"><figure class=\"aligncenter size-large\"><img loading=\"lazy\" decoding=\"async\" width=\"768\" height=\"1024\" src=\"https:\/\/www.gamberetta.it\/wp-content\/uploads\/2021\/07\/IMG_20210710_151532.jpg\" alt=\"Felonica museo seconda guerra mondiale\" class=\"wp-image-17737\" srcset=\"https:\/\/www.gamberetta.it\/wp-content\/uploads\/2021\/07\/IMG_20210710_151532.jpg 768w, https:\/\/www.gamberetta.it\/wp-content\/uploads\/2021\/07\/IMG_20210710_151532-225x300.jpg 225w, https:\/\/www.gamberetta.it\/wp-content\/uploads\/2021\/07\/IMG_20210710_151532-600x800.jpg 600w\" sizes=\"(max-width: 768px) 100vw, 768px\" \/><\/figure><\/div>\n\n\n\n<p>Andiamo dentro e fuori i campi di combattimento con un respiro pi\u00f9 lungo, a volte affannoso e saturo del dolore e della morte, della separazione fra chi partiva soldato e chi restava a casa ad aspettare pieno di speranza, spesso senza vedere il ritorno del soldato.<\/p>\n\n\n\n<div class=\"wp-block-image\"><figure class=\"aligncenter size-large\"><img loading=\"lazy\" decoding=\"async\" width=\"768\" height=\"1024\" src=\"https:\/\/www.gamberetta.it\/wp-content\/uploads\/2021\/07\/IMG_20210710_152419.jpg\" alt=\"Felonica museo seconda guerra mondiale\" class=\"wp-image-17738\" srcset=\"https:\/\/www.gamberetta.it\/wp-content\/uploads\/2021\/07\/IMG_20210710_152419.jpg 768w, https:\/\/www.gamberetta.it\/wp-content\/uploads\/2021\/07\/IMG_20210710_152419-225x300.jpg 225w, https:\/\/www.gamberetta.it\/wp-content\/uploads\/2021\/07\/IMG_20210710_152419-600x800.jpg 600w\" sizes=\"(max-width: 768px) 100vw, 768px\" \/><\/figure><\/div>\n\n\n\n<p>Centinaia di oggetti, abiti, immagini (foto, video, documenti audio e multimediali) sono stati raccolti con certosina pazienza, dalle molte persone che hanno deciso di dare una collocazione e un futuro alla memoria.<\/p>\n\n\n\n<h2 class=\"wp-block-heading\">QUISTELLO<\/h2>\n\n\n\n<p>Il&nbsp;<strong>Museo Giuseppe Gorni&nbsp;<\/strong>si trova nella frazione di Nuvolato, \u00e8 ospitato nella scuola Giovanni Pascoli.<\/p>\n\n\n\n<figure class=\"wp-block-image size-large\"><img loading=\"lazy\" decoding=\"async\" width=\"1024\" height=\"768\" src=\"https:\/\/www.gamberetta.it\/wp-content\/uploads\/2021\/07\/IMG_20210711_102927.jpg\" alt=\"Museo Gorni Quistello\" class=\"wp-image-17739\" srcset=\"https:\/\/www.gamberetta.it\/wp-content\/uploads\/2021\/07\/IMG_20210711_102927.jpg 1024w, https:\/\/www.gamberetta.it\/wp-content\/uploads\/2021\/07\/IMG_20210711_102927-300x225.jpg 300w, https:\/\/www.gamberetta.it\/wp-content\/uploads\/2021\/07\/IMG_20210711_102927-768x576.jpg 768w, https:\/\/www.gamberetta.it\/wp-content\/uploads\/2021\/07\/IMG_20210711_102927-1000x750.jpg 1000w, https:\/\/www.gamberetta.it\/wp-content\/uploads\/2021\/07\/IMG_20210711_102927-570x428.jpg 570w, https:\/\/www.gamberetta.it\/wp-content\/uploads\/2021\/07\/IMG_20210711_102927-330x248.jpg 330w\" sizes=\"(max-width: 1024px) 100vw, 1024px\" \/><\/figure>\n\n\n\n<p>La grande esposizione rende merito alla multiforme arte di Gorni (1894 \u2013 1975) con una panoramica sulle varie forme espressive da lui utilizzate sin dai tempi della Grande Guerra e della prigionia in Ungheria.<\/p>\n\n\n\n<div class=\"wp-block-image\"><figure class=\"aligncenter size-large\"><img loading=\"lazy\" decoding=\"async\" width=\"768\" height=\"1024\" src=\"https:\/\/www.gamberetta.it\/wp-content\/uploads\/2021\/07\/IMG_20210711_102323.jpg\" alt=\"Museo Gorni Quistello\" class=\"wp-image-17743\" srcset=\"https:\/\/www.gamberetta.it\/wp-content\/uploads\/2021\/07\/IMG_20210711_102323.jpg 768w, https:\/\/www.gamberetta.it\/wp-content\/uploads\/2021\/07\/IMG_20210711_102323-225x300.jpg 225w, https:\/\/www.gamberetta.it\/wp-content\/uploads\/2021\/07\/IMG_20210711_102323-600x800.jpg 600w\" sizes=\"(max-width: 768px) 100vw, 768px\" \/><\/figure><\/div>\n\n\n\n<p>Appena arrivo qui cerco i riferimenti ad Alberto Viani, il grande scultore nato qui nel 1906 e morto a Mestre nel 1989. Dovevo andare in municipio per vederli, la sua casa natale \u00e8 stata adibita a questo scopo.<\/p>\n\n\n\n<div class=\"wp-block-image\"><figure class=\"aligncenter size-large\"><img loading=\"lazy\" decoding=\"async\" width=\"768\" height=\"1024\" src=\"https:\/\/www.gamberetta.it\/wp-content\/uploads\/2021\/07\/IMG_20210711_110659.jpg\" alt=\"Museo Gorni Quistello\" class=\"wp-image-17742\" srcset=\"https:\/\/www.gamberetta.it\/wp-content\/uploads\/2021\/07\/IMG_20210711_110659.jpg 768w, https:\/\/www.gamberetta.it\/wp-content\/uploads\/2021\/07\/IMG_20210711_110659-225x300.jpg 225w, https:\/\/www.gamberetta.it\/wp-content\/uploads\/2021\/07\/IMG_20210711_110659-600x800.jpg 600w\" sizes=\"(max-width: 768px) 100vw, 768px\" \/><\/figure><\/div>\n\n\n\n<p>Invece nelle Scuole Giovanni Pascoli trovo un altro mondo sconosciuto e super interessante: l&#8217;universo artistico di Giuseppe Gorni, disegnatore e scultore. Chiss\u00e0 se Gorni e Viani si sono incrociati!<\/p>\n\n\n\n<figure class=\"wp-block-image size-large\"><img loading=\"lazy\" decoding=\"async\" width=\"1024\" height=\"768\" src=\"https:\/\/www.gamberetta.it\/wp-content\/uploads\/2021\/07\/IMG_20210711_115343.jpg\" alt=\"Museo diffuso - Nuvolato di Quistello\" class=\"wp-image-17741\" srcset=\"https:\/\/www.gamberetta.it\/wp-content\/uploads\/2021\/07\/IMG_20210711_115343.jpg 1024w, https:\/\/www.gamberetta.it\/wp-content\/uploads\/2021\/07\/IMG_20210711_115343-300x225.jpg 300w, https:\/\/www.gamberetta.it\/wp-content\/uploads\/2021\/07\/IMG_20210711_115343-768x576.jpg 768w, https:\/\/www.gamberetta.it\/wp-content\/uploads\/2021\/07\/IMG_20210711_115343-1000x750.jpg 1000w, https:\/\/www.gamberetta.it\/wp-content\/uploads\/2021\/07\/IMG_20210711_115343-570x428.jpg 570w, https:\/\/www.gamberetta.it\/wp-content\/uploads\/2021\/07\/IMG_20210711_115343-330x248.jpg 330w\" sizes=\"(max-width: 1024px) 100vw, 1024px\" \/><\/figure>\n\n\n\n<p>Sono nati nello stesso paese, vissuti nella stessa epoca, eppure i due artisti \u2013 scultori hanno dato un taglio totalmente diverso alle loro opere. Gorni popolare, vero, terreno. Viani etereo, distaccato, poetico.<\/p>\n\n\n\n<figure class=\"wp-block-image size-large\"><img loading=\"lazy\" decoding=\"async\" width=\"1024\" height=\"768\" src=\"https:\/\/www.gamberetta.it\/wp-content\/uploads\/2021\/07\/IMG_20210711_115731.jpg\" alt=\"Museo diffuso - Nuvolato di Quistello\" class=\"wp-image-17740\" srcset=\"https:\/\/www.gamberetta.it\/wp-content\/uploads\/2021\/07\/IMG_20210711_115731.jpg 1024w, https:\/\/www.gamberetta.it\/wp-content\/uploads\/2021\/07\/IMG_20210711_115731-300x225.jpg 300w, https:\/\/www.gamberetta.it\/wp-content\/uploads\/2021\/07\/IMG_20210711_115731-768x576.jpg 768w, https:\/\/www.gamberetta.it\/wp-content\/uploads\/2021\/07\/IMG_20210711_115731-1000x750.jpg 1000w, https:\/\/www.gamberetta.it\/wp-content\/uploads\/2021\/07\/IMG_20210711_115731-570x428.jpg 570w, https:\/\/www.gamberetta.it\/wp-content\/uploads\/2021\/07\/IMG_20210711_115731-330x248.jpg 330w\" sizes=\"(max-width: 1024px) 100vw, 1024px\" \/><\/figure>\n\n\n\n<p>Il percorso dedicato a Giuseppe Gorni inizia dentro la scuola e continua per le strade di Quistello, per questo si tratta di un museo diffuso.<\/p>\n\n\n\n<p><em>Nel prossimo post vedremo insieme nel dettaglio i luoghi visitati.&nbsp;<\/em><em>Grazie a Lamberto paziente compagno di tour, grazie alle persone che a ogni angolo ci hanno salutati, accolti con sorrisi e sincere parole. E grazie al Consorzio Oltrep\u00f2 Mantovano che ha organizzato questa piccola grande avventura, che speriamo di ripetere in altri tempi e nuovi luoghi!<\/em><\/p>\n\n\n\n<p>Post in collaborazione con:<\/p>\n\n\n\n<p><a href=\"https:\/\/www.oltrepomantovano.eu\/\">https:\/\/www.oltrepomantovano.eu\/<\/a><\/p>\n\n\n\n<p>Ti \u00e8 piaciuto questo post su Mantova e la Lombardia? Allora leggi anche gli altri, li trovi qui:<\/p>\n\n\n\n<p><a href=\"https:\/\/www.gamberetta.it\/it\/myselfsudime\/milano-e-la-lombardia\/\" target=\"_blank\" rel=\"noreferrer noopener\">https:\/\/www.gamberetta.it\/it\/myselfsudime\/milano-e-la-lombardia\/<\/a><\/p>\n","protected":false},"excerpt":{"rendered":"<p>La bassa mantovana \u00e8 bagnata dal fiume Po, che segna i suoi confini naturali con le vicine province di Verona e Rovigo in Veneto, di Modena e Ferrara in Emilia Romagna. Il grande fiume, fulcro della vita e delle attivit\u00e0 produttive locali; per un turista curioso il grande fiume pu\u00f2 diventare il filo conduttore per &hellip; <a class=\"more-link\" href=\"https:\/\/www.gamberetta.it\/it\/2021\/07\/19\/cinque-luoghi-da-visitare-in-oltrepo-mantovano\/\">Leggi tutto<i class=\"ion-ios-arrow-thin-right\"><\/i><\/a><\/p>\n","protected":false},"author":2,"featured_media":17749,"comment_status":"open","ping_status":"closed","sticky":false,"template":"","format":"standard","meta":{"footnotes":""},"categories":[68,105,73,3039,69,33,34],"tags":[3066,3069,3063,3064,3065,3068,2561,3067,3070],"class_list":["post-17718","post","type-post","status-publish","format-standard","has-post-thumbnail","hentry","category-food-wine","category-in-campagna","category-milano","category-musei-e-mostre","category-trains","category-travelling","category-viaggi-italia-europa","tag-aitb-oltrepo-mantovano","tag-borgocarbonara-mantova","tag-consorzio-oltrepo-mantovano","tag-oltrepo-mantovano","tag-ostiglia-mantova","tag-quistello-mantova","tag-regione-lombardia","tag-revere-mantova","tag-sermide-felonica"],"yoast_head":"<!-- This site is optimized with the Yoast SEO plugin v23.5 - https:\/\/yoast.com\/wordpress\/plugins\/seo\/ -->\n<title>CINQUE LUOGHI DA VISITARE IN OLTREP\u00d2 MANTOVANO - Gamberetta<\/title>\n<meta name=\"robots\" content=\"index, follow, max-snippet:-1, max-image-preview:large, max-video-preview:-1\" \/>\n<link rel=\"canonical\" href=\"https:\/\/www.gamberetta.it\/it\/2021\/07\/19\/cinque-luoghi-da-visitare-in-oltrepo-mantovano\/\" \/>\n<meta property=\"og:locale\" content=\"it_IT\" \/>\n<meta property=\"og:type\" content=\"article\" \/>\n<meta property=\"og:title\" content=\"CINQUE LUOGHI DA VISITARE IN OLTREP\u00d2 MANTOVANO - Gamberetta\" \/>\n<meta property=\"og:description\" content=\"La bassa mantovana \u00e8 bagnata dal fiume Po, che segna i suoi confini naturali con le vicine province di Verona e Rovigo in Veneto, di Modena e Ferrara in Emilia Romagna. Il grande fiume, fulcro della vita e delle attivit\u00e0 produttive locali; per un turista curioso il grande fiume pu\u00f2 diventare il filo conduttore per &hellip; Leggi tutto\" \/>\n<meta property=\"og:url\" content=\"https:\/\/www.gamberetta.it\/it\/2021\/07\/19\/cinque-luoghi-da-visitare-in-oltrepo-mantovano\/\" \/>\n<meta property=\"og:site_name\" content=\"Gamberetta\" \/>\n<meta property=\"article:publisher\" content=\"https:\/\/www.facebook.com\/Gamberettatravelblog\" \/>\n<meta property=\"article:published_time\" content=\"2021-07-19T16:34:00+00:00\" \/>\n<meta property=\"article:modified_time\" content=\"2021-10-20T20:45:37+00:00\" \/>\n<meta name=\"author\" content=\"gamberetta\" \/>\n<meta name=\"twitter:card\" content=\"summary_large_image\" \/>\n<meta name=\"twitter:creator\" content=\"@robertazennaro\" \/>\n<meta name=\"twitter:site\" content=\"@robertazennaro\" \/>\n<meta name=\"twitter:label1\" content=\"Scritto da\" \/>\n\t<meta name=\"twitter:data1\" content=\"gamberetta\" \/>\n\t<meta name=\"twitter:label2\" content=\"Tempo di lettura stimato\" \/>\n\t<meta name=\"twitter:data2\" content=\"7 minuti\" \/>\n<script type=\"application\/ld+json\" class=\"yoast-schema-graph\">{\"@context\":\"https:\/\/schema.org\",\"@graph\":[{\"@type\":\"WebPage\",\"@id\":\"https:\/\/www.gamberetta.it\/it\/2021\/07\/19\/cinque-luoghi-da-visitare-in-oltrepo-mantovano\/\",\"url\":\"https:\/\/www.gamberetta.it\/it\/2021\/07\/19\/cinque-luoghi-da-visitare-in-oltrepo-mantovano\/\",\"name\":\"CINQUE LUOGHI DA VISITARE IN OLTREP\u00d2 MANTOVANO - Gamberetta\",\"isPartOf\":{\"@id\":\"https:\/\/www.gamberetta.it\/it\/#website\"},\"primaryImageOfPage\":{\"@id\":\"https:\/\/www.gamberetta.it\/it\/2021\/07\/19\/cinque-luoghi-da-visitare-in-oltrepo-mantovano\/#primaryimage\"},\"image\":{\"@id\":\"https:\/\/www.gamberetta.it\/it\/2021\/07\/19\/cinque-luoghi-da-visitare-in-oltrepo-mantovano\/#primaryimage\"},\"thumbnailUrl\":\"\",\"datePublished\":\"2021-07-19T16:34:00+00:00\",\"dateModified\":\"2021-10-20T20:45:37+00:00\",\"author\":{\"@id\":\"https:\/\/www.gamberetta.it\/it\/#\/schema\/person\/7a4a919927c944edb5f3f9c665590124\"},\"breadcrumb\":{\"@id\":\"https:\/\/www.gamberetta.it\/it\/2021\/07\/19\/cinque-luoghi-da-visitare-in-oltrepo-mantovano\/#breadcrumb\"},\"inLanguage\":\"it-IT\",\"potentialAction\":[{\"@type\":\"ReadAction\",\"target\":[\"https:\/\/www.gamberetta.it\/it\/2021\/07\/19\/cinque-luoghi-da-visitare-in-oltrepo-mantovano\/\"]}]},{\"@type\":\"ImageObject\",\"inLanguage\":\"it-IT\",\"@id\":\"https:\/\/www.gamberetta.it\/it\/2021\/07\/19\/cinque-luoghi-da-visitare-in-oltrepo-mantovano\/#primaryimage\",\"url\":\"\",\"contentUrl\":\"\"},{\"@type\":\"BreadcrumbList\",\"@id\":\"https:\/\/www.gamberetta.it\/it\/2021\/07\/19\/cinque-luoghi-da-visitare-in-oltrepo-mantovano\/#breadcrumb\",\"itemListElement\":[{\"@type\":\"ListItem\",\"position\":1,\"name\":\"Home\",\"item\":\"https:\/\/www.gamberetta.it\/it\/\"},{\"@type\":\"ListItem\",\"position\":2,\"name\":\"CINQUE LUOGHI DA VISITARE IN OLTREP\u00d2 MANTOVANO\"}]},{\"@type\":\"WebSite\",\"@id\":\"https:\/\/www.gamberetta.it\/it\/#website\",\"url\":\"https:\/\/www.gamberetta.it\/it\/\",\"name\":\"Gamberetta\",\"description\":\"Il mio blog senza fronzoli: pensieri e parole, sempre e ovunque in viaggio\",\"potentialAction\":[{\"@type\":\"SearchAction\",\"target\":{\"@type\":\"EntryPoint\",\"urlTemplate\":\"https:\/\/www.gamberetta.it\/it\/?s={search_term_string}\"},\"query-input\":{\"@type\":\"PropertyValueSpecification\",\"valueRequired\":true,\"valueName\":\"search_term_string\"}}],\"inLanguage\":\"it-IT\"},{\"@type\":\"Person\",\"@id\":\"https:\/\/www.gamberetta.it\/it\/#\/schema\/person\/7a4a919927c944edb5f3f9c665590124\",\"name\":\"gamberetta\",\"image\":{\"@type\":\"ImageObject\",\"inLanguage\":\"it-IT\",\"@id\":\"https:\/\/www.gamberetta.it\/it\/#\/schema\/person\/image\/\",\"url\":\"https:\/\/secure.gravatar.com\/avatar\/7ef5d82656b8958070b4f589b7ae1784?s=96&d=mm&r=g\",\"contentUrl\":\"https:\/\/secure.gravatar.com\/avatar\/7ef5d82656b8958070b4f589b7ae1784?s=96&d=mm&r=g\",\"caption\":\"gamberetta\"},\"description\":\"Sono Toro ascendente Scorpione, terra di contrasti dove ora prevale una met\u00e0, ora l\u2019altra. L\u2019infanzia in Veneto e gli ultimi anni passati a Milano hanno sviluppato in me una serie ulteriore di conflitti. Scrivo da sempre, la scrittura \u00e8 la migliore forma espressiva che mi consente di fissare concetti altrimenti sospesi nell\u2019aria. Da bambina scrivevo poesie con uno stile quasi leopardiano poi sono passata ai diari di viaggio dalla prima volta in USA nel 1998 e non ho pi\u00f9 smesso...\",\"url\":\"https:\/\/www.gamberetta.it\/it\/author\/gamberettarossa\/\"}]}<\/script>\n<!-- \/ Yoast SEO plugin. -->","yoast_head_json":{"title":"CINQUE LUOGHI DA VISITARE IN OLTREP\u00d2 MANTOVANO - Gamberetta","robots":{"index":"index","follow":"follow","max-snippet":"max-snippet:-1","max-image-preview":"max-image-preview:large","max-video-preview":"max-video-preview:-1"},"canonical":"https:\/\/www.gamberetta.it\/it\/2021\/07\/19\/cinque-luoghi-da-visitare-in-oltrepo-mantovano\/","og_locale":"it_IT","og_type":"article","og_title":"CINQUE LUOGHI DA VISITARE IN OLTREP\u00d2 MANTOVANO - Gamberetta","og_description":"La bassa mantovana \u00e8 bagnata dal fiume Po, che segna i suoi confini naturali con le vicine province di Verona e Rovigo in Veneto, di Modena e Ferrara in Emilia Romagna. Il grande fiume, fulcro della vita e delle attivit\u00e0 produttive locali; per un turista curioso il grande fiume pu\u00f2 diventare il filo conduttore per &hellip; Leggi tutto","og_url":"https:\/\/www.gamberetta.it\/it\/2021\/07\/19\/cinque-luoghi-da-visitare-in-oltrepo-mantovano\/","og_site_name":"Gamberetta","article_publisher":"https:\/\/www.facebook.com\/Gamberettatravelblog","article_published_time":"2021-07-19T16:34:00+00:00","article_modified_time":"2021-10-20T20:45:37+00:00","author":"gamberetta","twitter_card":"summary_large_image","twitter_creator":"@robertazennaro","twitter_site":"@robertazennaro","twitter_misc":{"Scritto da":"gamberetta","Tempo di lettura stimato":"7 minuti"},"schema":{"@context":"https:\/\/schema.org","@graph":[{"@type":"WebPage","@id":"https:\/\/www.gamberetta.it\/it\/2021\/07\/19\/cinque-luoghi-da-visitare-in-oltrepo-mantovano\/","url":"https:\/\/www.gamberetta.it\/it\/2021\/07\/19\/cinque-luoghi-da-visitare-in-oltrepo-mantovano\/","name":"CINQUE LUOGHI DA VISITARE IN OLTREP\u00d2 MANTOVANO - Gamberetta","isPartOf":{"@id":"https:\/\/www.gamberetta.it\/it\/#website"},"primaryImageOfPage":{"@id":"https:\/\/www.gamberetta.it\/it\/2021\/07\/19\/cinque-luoghi-da-visitare-in-oltrepo-mantovano\/#primaryimage"},"image":{"@id":"https:\/\/www.gamberetta.it\/it\/2021\/07\/19\/cinque-luoghi-da-visitare-in-oltrepo-mantovano\/#primaryimage"},"thumbnailUrl":"","datePublished":"2021-07-19T16:34:00+00:00","dateModified":"2021-10-20T20:45:37+00:00","author":{"@id":"https:\/\/www.gamberetta.it\/it\/#\/schema\/person\/7a4a919927c944edb5f3f9c665590124"},"breadcrumb":{"@id":"https:\/\/www.gamberetta.it\/it\/2021\/07\/19\/cinque-luoghi-da-visitare-in-oltrepo-mantovano\/#breadcrumb"},"inLanguage":"it-IT","potentialAction":[{"@type":"ReadAction","target":["https:\/\/www.gamberetta.it\/it\/2021\/07\/19\/cinque-luoghi-da-visitare-in-oltrepo-mantovano\/"]}]},{"@type":"ImageObject","inLanguage":"it-IT","@id":"https:\/\/www.gamberetta.it\/it\/2021\/07\/19\/cinque-luoghi-da-visitare-in-oltrepo-mantovano\/#primaryimage","url":"","contentUrl":""},{"@type":"BreadcrumbList","@id":"https:\/\/www.gamberetta.it\/it\/2021\/07\/19\/cinque-luoghi-da-visitare-in-oltrepo-mantovano\/#breadcrumb","itemListElement":[{"@type":"ListItem","position":1,"name":"Home","item":"https:\/\/www.gamberetta.it\/it\/"},{"@type":"ListItem","position":2,"name":"CINQUE LUOGHI DA VISITARE IN OLTREP\u00d2 MANTOVANO"}]},{"@type":"WebSite","@id":"https:\/\/www.gamberetta.it\/it\/#website","url":"https:\/\/www.gamberetta.it\/it\/","name":"Gamberetta","description":"Il mio blog senza fronzoli: pensieri e parole, sempre e ovunque in viaggio","potentialAction":[{"@type":"SearchAction","target":{"@type":"EntryPoint","urlTemplate":"https:\/\/www.gamberetta.it\/it\/?s={search_term_string}"},"query-input":{"@type":"PropertyValueSpecification","valueRequired":true,"valueName":"search_term_string"}}],"inLanguage":"it-IT"},{"@type":"Person","@id":"https:\/\/www.gamberetta.it\/it\/#\/schema\/person\/7a4a919927c944edb5f3f9c665590124","name":"gamberetta","image":{"@type":"ImageObject","inLanguage":"it-IT","@id":"https:\/\/www.gamberetta.it\/it\/#\/schema\/person\/image\/","url":"https:\/\/secure.gravatar.com\/avatar\/7ef5d82656b8958070b4f589b7ae1784?s=96&d=mm&r=g","contentUrl":"https:\/\/secure.gravatar.com\/avatar\/7ef5d82656b8958070b4f589b7ae1784?s=96&d=mm&r=g","caption":"gamberetta"},"description":"Sono Toro ascendente Scorpione, terra di contrasti dove ora prevale una met\u00e0, ora l\u2019altra. L\u2019infanzia in Veneto e gli ultimi anni passati a Milano hanno sviluppato in me una serie ulteriore di conflitti. Scrivo da sempre, la scrittura \u00e8 la migliore forma espressiva che mi consente di fissare concetti altrimenti sospesi nell\u2019aria. Da bambina scrivevo poesie con uno stile quasi leopardiano poi sono passata ai diari di viaggio dalla prima volta in USA nel 1998 e non ho pi\u00f9 smesso...","url":"https:\/\/www.gamberetta.it\/it\/author\/gamberettarossa\/"}]}},"_links":{"self":[{"href":"https:\/\/www.gamberetta.it\/it\/wp-json\/wp\/v2\/posts\/17718"}],"collection":[{"href":"https:\/\/www.gamberetta.it\/it\/wp-json\/wp\/v2\/posts"}],"about":[{"href":"https:\/\/www.gamberetta.it\/it\/wp-json\/wp\/v2\/types\/post"}],"author":[{"embeddable":true,"href":"https:\/\/www.gamberetta.it\/it\/wp-json\/wp\/v2\/users\/2"}],"replies":[{"embeddable":true,"href":"https:\/\/www.gamberetta.it\/it\/wp-json\/wp\/v2\/comments?post=17718"}],"version-history":[{"count":5,"href":"https:\/\/www.gamberetta.it\/it\/wp-json\/wp\/v2\/posts\/17718\/revisions"}],"predecessor-version":[{"id":18448,"href":"https:\/\/www.gamberetta.it\/it\/wp-json\/wp\/v2\/posts\/17718\/revisions\/18448"}],"wp:featuredmedia":[{"embeddable":true,"href":"https:\/\/www.gamberetta.it\/it\/wp-json\/wp\/v2\/media\/17749"}],"wp:attachment":[{"href":"https:\/\/www.gamberetta.it\/it\/wp-json\/wp\/v2\/media?parent=17718"}],"wp:term":[{"taxonomy":"category","embeddable":true,"href":"https:\/\/www.gamberetta.it\/it\/wp-json\/wp\/v2\/categories?post=17718"},{"taxonomy":"post_tag","embeddable":true,"href":"https:\/\/www.gamberetta.it\/it\/wp-json\/wp\/v2\/tags?post=17718"}],"curies":[{"name":"wp","href":"https:\/\/api.w.org\/{rel}","templated":true}]}}