{"id":18217,"date":"2021-09-05T13:09:10","date_gmt":"2021-09-05T11:09:10","guid":{"rendered":"https:\/\/www.gamberetta.it\/it\/?p=18217"},"modified":"2021-09-05T14:46:42","modified_gmt":"2021-09-05T12:46:42","slug":"tre-giorni-di-avventure-su-tre-fiumi-con-adventure-rivers-on-tour","status":"publish","type":"post","link":"https:\/\/www.gamberetta.it\/it\/2021\/09\/05\/tre-giorni-di-avventure-su-tre-fiumi-con-adventure-rivers-on-tour\/","title":{"rendered":"TRE GIORNI DI AVVENTURE SU TRE FIUMI CON ADVENTURE RIVERS ON TOUR"},"content":{"rendered":"\n<p>L&#8217;ultimo fine settimana di agosto tre luoghi del Veneto tra il mare e le colline, tra Venezia e Treviso, si sono animati con le attivit\u00e0 di Adventure Rivers on Tour, festival itinerante promosso dalla Regione Veneto, nato attorno a tre fiumi.<\/p>\n\n\n\n<h2 class=\"wp-block-heading\">3 GIORNI, 3 FIUMI, 3 LOCATION<\/h2>\n\n\n\n<p>Il <strong>Meschio <\/strong>a Vittorio Veneto, il <strong>Livenza<\/strong> a Caorle e il <strong>Piave<\/strong> a San Don\u00e0 hanno fatto da cornice alla pratica dei classici sport fluviali, come il kayak e le gite in barca elettrica.<\/p>\n\n\n\n<div class=\"wp-block-image\"><figure class=\"aligncenter size-full\"><img loading=\"lazy\" decoding=\"async\" width=\"768\" height=\"1024\" src=\"https:\/\/www.gamberetta.it\/wp-content\/uploads\/2021\/09\/IMG_20210829_163134.jpg\" alt=\"\" class=\"wp-image-18218\" srcset=\"https:\/\/www.gamberetta.it\/wp-content\/uploads\/2021\/09\/IMG_20210829_163134.jpg 768w, https:\/\/www.gamberetta.it\/wp-content\/uploads\/2021\/09\/IMG_20210829_163134-225x300.jpg 225w, https:\/\/www.gamberetta.it\/wp-content\/uploads\/2021\/09\/IMG_20210829_163134-600x800.jpg 600w\" sizes=\"(max-width: 768px) 100vw, 768px\" \/><\/figure><\/div>\n\n\n\n<p>Nei parchi e nelle dimore rurali scelte come location dagli organizzatori si sono svolte corse non competitive e passeggiate nei dintorni, alla scoperta del territorio a piedi e in bici. Con tappe golose in cantine e aziende agrituristiche, che hanno aperto le porte agli escursionisti per assaggi e degustazioni.<\/p>\n\n\n\n<div class=\"wp-block-image\"><figure class=\"aligncenter size-full\"><img loading=\"lazy\" decoding=\"async\" width=\"768\" height=\"1024\" src=\"https:\/\/www.gamberetta.it\/wp-content\/uploads\/2021\/09\/IMG_20210827_171619.jpg\" alt=\"\" class=\"wp-image-18220\" srcset=\"https:\/\/www.gamberetta.it\/wp-content\/uploads\/2021\/09\/IMG_20210827_171619.jpg 768w, https:\/\/www.gamberetta.it\/wp-content\/uploads\/2021\/09\/IMG_20210827_171619-225x300.jpg 225w, https:\/\/www.gamberetta.it\/wp-content\/uploads\/2021\/09\/IMG_20210827_171619-600x800.jpg 600w\" sizes=\"(max-width: 768px) 100vw, 768px\" \/><\/figure><\/div>\n\n\n\n<p>Tutti questi luoghi sono vicini alle principali vie di comunicazione, eppure non hanno nulla da spartire con il turismo di massa, e sono perfetti per il turismo lento. Il facile accesso alle location e gli ampi parcheggi hanno permesso a tutti i partecipanti di mollare l&#8217;auto e immergersi subito nell&#8217;atmosfera, festaiola e rilassata al contempo. Come ho fatto io, partecipando alla prima e alla terza giornata dell&#8217;evento.<\/p>\n\n\n\n<h2 class=\"wp-block-heading\">LA RICERCA DEL BENESSERE A 360 GRADI<\/h2>\n\n\n\n<p>Da tempo il benessere psicofisico \u00e8 al centro dell&#8217;attenzione e, nella situazione che tutti stiamo affrontando dallo scorso anno, prenderci cura di noi \u00e8 e sar\u00e0 sempre pi\u00f9 importante.<\/p>\n\n\n\n<figure class=\"wp-block-image size-full\"><img loading=\"lazy\" decoding=\"async\" width=\"1024\" height=\"768\" src=\"https:\/\/www.gamberetta.it\/wp-content\/uploads\/2021\/09\/IMG_20210827_152010.jpg\" alt=\"\" class=\"wp-image-18221\" srcset=\"https:\/\/www.gamberetta.it\/wp-content\/uploads\/2021\/09\/IMG_20210827_152010.jpg 1024w, https:\/\/www.gamberetta.it\/wp-content\/uploads\/2021\/09\/IMG_20210827_152010-300x225.jpg 300w, https:\/\/www.gamberetta.it\/wp-content\/uploads\/2021\/09\/IMG_20210827_152010-768x576.jpg 768w, https:\/\/www.gamberetta.it\/wp-content\/uploads\/2021\/09\/IMG_20210827_152010-1000x750.jpg 1000w, https:\/\/www.gamberetta.it\/wp-content\/uploads\/2021\/09\/IMG_20210827_152010-570x428.jpg 570w, https:\/\/www.gamberetta.it\/wp-content\/uploads\/2021\/09\/IMG_20210827_152010-330x248.jpg 330w\" sizes=\"(max-width: 1024px) 100vw, 1024px\" \/><\/figure>\n\n\n\n<p>Per questo ci sono i trattamenti olistici e i massaggi effettuati da professionisti, le lezioni di yoga sul prato, anche per bambini. Sono presenti associazioni locali di promozione e inclusione sociale.<\/p>\n\n\n\n<div class=\"wp-block-image\"><figure class=\"aligncenter size-full\"><img loading=\"lazy\" decoding=\"async\" width=\"768\" height=\"1024\" src=\"https:\/\/www.gamberetta.it\/wp-content\/uploads\/2021\/09\/IMG_20210827_175940.jpg\" alt=\"\" class=\"wp-image-18222\" srcset=\"https:\/\/www.gamberetta.it\/wp-content\/uploads\/2021\/09\/IMG_20210827_175940.jpg 768w, https:\/\/www.gamberetta.it\/wp-content\/uploads\/2021\/09\/IMG_20210827_175940-225x300.jpg 225w, https:\/\/www.gamberetta.it\/wp-content\/uploads\/2021\/09\/IMG_20210827_175940-600x800.jpg 600w\" sizes=\"(max-width: 768px) 100vw, 768px\" \/><\/figure><\/div>\n\n\n\n<p>Gli amici a quattro zampe sono benvenuti e persino partecipano alle attivit\u00e0, di corsa, assieme ai loro padroni.<\/p>\n\n\n\n<figure class=\"wp-block-image size-full\"><img loading=\"lazy\" decoding=\"async\" width=\"1024\" height=\"768\" src=\"https:\/\/www.gamberetta.it\/wp-content\/uploads\/2021\/09\/IMG_20210827_151824.jpg\" alt=\"\" class=\"wp-image-18223\" srcset=\"https:\/\/www.gamberetta.it\/wp-content\/uploads\/2021\/09\/IMG_20210827_151824.jpg 1024w, https:\/\/www.gamberetta.it\/wp-content\/uploads\/2021\/09\/IMG_20210827_151824-300x225.jpg 300w, https:\/\/www.gamberetta.it\/wp-content\/uploads\/2021\/09\/IMG_20210827_151824-768x576.jpg 768w, https:\/\/www.gamberetta.it\/wp-content\/uploads\/2021\/09\/IMG_20210827_151824-1000x750.jpg 1000w, https:\/\/www.gamberetta.it\/wp-content\/uploads\/2021\/09\/IMG_20210827_151824-570x428.jpg 570w, https:\/\/www.gamberetta.it\/wp-content\/uploads\/2021\/09\/IMG_20210827_151824-330x248.jpg 330w\" sizes=\"(max-width: 1024px) 100vw, 1024px\" \/><\/figure>\n\n\n\n<p>Per appagare la vista e il desiderio di shopping, nell&#8217;area centrale si trovano stand di oggettistica e bigiotteria.<\/p>\n\n\n\n<p>Le magliette indossate dai partecipanti alle varie attivit\u00e0, con i loro colori sgargianti, evidenziano gli sponsor e partner tecnici fra cui Bellini Canella, Dynamo Camp, Teva.<\/p>\n\n\n\n<figure class=\"wp-block-image size-full\"><img loading=\"lazy\" decoding=\"async\" width=\"1024\" height=\"768\" src=\"https:\/\/www.gamberetta.it\/wp-content\/uploads\/2021\/09\/IMG_20210827_160112.jpg\" alt=\"\" class=\"wp-image-18224\" srcset=\"https:\/\/www.gamberetta.it\/wp-content\/uploads\/2021\/09\/IMG_20210827_160112.jpg 1024w, https:\/\/www.gamberetta.it\/wp-content\/uploads\/2021\/09\/IMG_20210827_160112-300x225.jpg 300w, https:\/\/www.gamberetta.it\/wp-content\/uploads\/2021\/09\/IMG_20210827_160112-768x576.jpg 768w, https:\/\/www.gamberetta.it\/wp-content\/uploads\/2021\/09\/IMG_20210827_160112-1000x750.jpg 1000w, https:\/\/www.gamberetta.it\/wp-content\/uploads\/2021\/09\/IMG_20210827_160112-570x428.jpg 570w, https:\/\/www.gamberetta.it\/wp-content\/uploads\/2021\/09\/IMG_20210827_160112-330x248.jpg 330w\" sizes=\"(max-width: 1024px) 100vw, 1024px\" \/><\/figure>\n\n\n\n<p>Gli stand enogastronomici sono perfetti per dissetarsi e rifocillarsi, con aperitivi a km zero e tanti prodotti tipici da gustare, spesso biologici, assieme ai produttori.<\/p>\n\n\n\n<p>E infine c&#8217;\u00e8 dell&#8217;ottima musica dal vivo da ascoltare nelle ore serali, assieme ad esibizioni e performance.<\/p>\n\n\n\n<div class=\"wp-block-image\"><figure class=\"aligncenter size-full\"><img loading=\"lazy\" decoding=\"async\" width=\"768\" height=\"1024\" src=\"https:\/\/www.gamberetta.it\/wp-content\/uploads\/2021\/09\/IMG_20210827_184706.jpg\" alt=\"\" class=\"wp-image-18225\" srcset=\"https:\/\/www.gamberetta.it\/wp-content\/uploads\/2021\/09\/IMG_20210827_184706.jpg 768w, https:\/\/www.gamberetta.it\/wp-content\/uploads\/2021\/09\/IMG_20210827_184706-225x300.jpg 225w, https:\/\/www.gamberetta.it\/wp-content\/uploads\/2021\/09\/IMG_20210827_184706-600x800.jpg 600w\" sizes=\"(max-width: 768px) 100vw, 768px\" \/><\/figure><\/div>\n\n\n\n<p>Una kermesse per tutti i sensi dunque, cos\u00ec \u00e8 stato Adventure River Fest.<\/p>\n\n\n\n<p>Inutile dire che molte persone sono accorse a vedere questi luoghi, con il desiderio ancora forte di stare fuori, all&#8217;aria aperta, che caratterizza molti di noi. E con la voglia di stare insieme, con amici vecchi e nuovi.<\/p>\n\n\n\n<h2 class=\"wp-block-heading\">IL FUTURO DELL&#8217;ECOTURISMO<\/h2>\n\n\n\n<p>L&#8217;ecoturismo in generale, e il turismo fluviale in particolare, sono attualissimi e hanno enormi opportunit\u00e0 di sviluppo. Costituiscono una leva eccellente per la promozione del territorio, in tal senso Adventure Rivers on tour ci ha mostrato che attorno ai fiumi c&#8217;\u00e8 tanto da esplorare. Qui tutto ruota attorno al movimento, come le acque di un fiume che scendono a valle nel loro flusso continuo.<\/p>\n\n\n\n<p>La condivisione degli obiettivi ha permesso di unire le forze degli organizzatori, Adventure Outdoor Italia, con i referenti locali dei progetti:<\/p>\n\n\n\n<ul class=\"wp-block-list\"><li>&nbsp;Enjoy the Rivers,<\/li><li>&nbsp;GiraLivenza,<\/li><li>&nbsp;Piave Heritage.<\/li><\/ul>\n\n\n\n<p>E ha seminato progetti per una serie di eventi futuri che non vediamo l&#8217;ora di conoscere in dettaglio.<\/p>\n\n\n\n<h2 class=\"wp-block-heading\">VITTORIO VENETO (TV) VENERD\u00cc 27 AGOSTO<\/h2>\n\n\n\n<p>Prati e boschi per una decina di ettari a poca distanza dal centro storico, questo \u00e8 <strong>l&#8217;area parco Fenderl<\/strong> di Vittorio Veneto. Il Monte Altare, con la grande croce visibile da lontano, sovrasta lo scenario del primo giorno dell&#8217;Adventure River on tour, con tante cose da vedere e attivit\u00e0 da svolgere:<\/p>\n\n\n\n<ul class=\"wp-block-list\"><li>&nbsp;Lezioni di shiatsu.<\/li><li>&nbsp;Yoga balance meeting.<\/li><li>&nbsp;Mercatino vintage.<\/li><li>&nbsp;Bigiotteria e oggettistica.<\/li><\/ul>\n\n\n\n<figure class=\"wp-block-image size-full\"><img loading=\"lazy\" decoding=\"async\" width=\"1024\" height=\"768\" src=\"https:\/\/www.gamberetta.it\/wp-content\/uploads\/2021\/09\/IMG_20210827_153229.jpg\" alt=\"\" class=\"wp-image-18228\" srcset=\"https:\/\/www.gamberetta.it\/wp-content\/uploads\/2021\/09\/IMG_20210827_153229.jpg 1024w, https:\/\/www.gamberetta.it\/wp-content\/uploads\/2021\/09\/IMG_20210827_153229-300x225.jpg 300w, https:\/\/www.gamberetta.it\/wp-content\/uploads\/2021\/09\/IMG_20210827_153229-768x576.jpg 768w, https:\/\/www.gamberetta.it\/wp-content\/uploads\/2021\/09\/IMG_20210827_153229-1000x750.jpg 1000w, https:\/\/www.gamberetta.it\/wp-content\/uploads\/2021\/09\/IMG_20210827_153229-570x428.jpg 570w, https:\/\/www.gamberetta.it\/wp-content\/uploads\/2021\/09\/IMG_20210827_153229-330x248.jpg 330w\" sizes=\"(max-width: 1024px) 100vw, 1024px\" \/><\/figure>\n\n\n\n<p>Guardate che belle le Barbie vintage style&#8230;<\/p>\n\n\n\n<div class=\"wp-block-image\"><figure class=\"aligncenter size-full\"><img loading=\"lazy\" decoding=\"async\" width=\"768\" height=\"1024\" src=\"https:\/\/www.gamberetta.it\/wp-content\/uploads\/2021\/09\/IMG_20210827_151647.jpg\" alt=\"\" class=\"wp-image-18227\" srcset=\"https:\/\/www.gamberetta.it\/wp-content\/uploads\/2021\/09\/IMG_20210827_151647.jpg 768w, https:\/\/www.gamberetta.it\/wp-content\/uploads\/2021\/09\/IMG_20210827_151647-225x300.jpg 225w, https:\/\/www.gamberetta.it\/wp-content\/uploads\/2021\/09\/IMG_20210827_151647-600x800.jpg 600w\" sizes=\"(max-width: 768px) 100vw, 768px\" \/><\/figure><\/div>\n\n\n\n<p>e la Lavanda del lago&#8230;<\/p>\n\n\n\n<div class=\"wp-block-image\"><figure class=\"aligncenter size-full\"><img loading=\"lazy\" decoding=\"async\" width=\"768\" height=\"1024\" src=\"https:\/\/www.gamberetta.it\/wp-content\/uploads\/2021\/09\/IMG_20210827_152203.jpg\" alt=\"\" class=\"wp-image-18226\" srcset=\"https:\/\/www.gamberetta.it\/wp-content\/uploads\/2021\/09\/IMG_20210827_152203.jpg 768w, https:\/\/www.gamberetta.it\/wp-content\/uploads\/2021\/09\/IMG_20210827_152203-225x300.jpg 225w, https:\/\/www.gamberetta.it\/wp-content\/uploads\/2021\/09\/IMG_20210827_152203-600x800.jpg 600w\" sizes=\"(max-width: 768px) 100vw, 768px\" \/><\/figure><\/div>\n\n\n\n<p>Assieme a queste attrattive che sono il cuore di tutti i tre giorni della manifestazione, stand enogastronomici e musica dal vivo allietano il palato e le orecchie, per passare il pomeriggio e la sera in buona compagnia.<\/p>\n\n\n\n<p>Faccio il giro dell&#8217;area centrale per le foto di rito, poi con i miei bastoncini mi avventuro in salita, verso la croce del Monte Altare.<\/p>\n\n\n\n<p>Non ci sono indicazioni n\u00e9 frecce, anzi la stradina in salita a un certo punto \u00e8 sbarrata. L&#8217;unico cartello indica il divieto di transito ai mezzi a motore. A piedi quindi posso andare.<\/p>\n\n\n\n<figure class=\"wp-block-image size-full\"><img loading=\"lazy\" decoding=\"async\" width=\"1024\" height=\"768\" src=\"https:\/\/www.gamberetta.it\/wp-content\/uploads\/2021\/09\/IMG_20210827_164305.jpg\" alt=\"\" class=\"wp-image-18229\" srcset=\"https:\/\/www.gamberetta.it\/wp-content\/uploads\/2021\/09\/IMG_20210827_164305.jpg 1024w, https:\/\/www.gamberetta.it\/wp-content\/uploads\/2021\/09\/IMG_20210827_164305-300x225.jpg 300w, https:\/\/www.gamberetta.it\/wp-content\/uploads\/2021\/09\/IMG_20210827_164305-768x576.jpg 768w, https:\/\/www.gamberetta.it\/wp-content\/uploads\/2021\/09\/IMG_20210827_164305-1000x750.jpg 1000w, https:\/\/www.gamberetta.it\/wp-content\/uploads\/2021\/09\/IMG_20210827_164305-570x428.jpg 570w, https:\/\/www.gamberetta.it\/wp-content\/uploads\/2021\/09\/IMG_20210827_164305-330x248.jpg 330w\" sizes=\"(max-width: 1024px) 100vw, 1024px\" \/><\/figure>\n\n\n\n<p>Salgo per qualche minuto, prima fra i prati poi nel bosco, fino a una casa colonica chiusa, peccato.<\/p>\n\n\n\n<p>Per\u00f2 la vista da quass\u00f9 \u00e8 appagante e, proprio per l&#8217;assenza di cartelli, preferisco tornare gi\u00f9.<\/p>\n\n\n\n<div class=\"wp-block-image\"><figure class=\"aligncenter size-full\"><img loading=\"lazy\" decoding=\"async\" width=\"768\" height=\"1024\" src=\"https:\/\/www.gamberetta.it\/wp-content\/uploads\/2021\/09\/IMG_20210827_165603.jpg\" alt=\"\" class=\"wp-image-18230\" srcset=\"https:\/\/www.gamberetta.it\/wp-content\/uploads\/2021\/09\/IMG_20210827_165603.jpg 768w, https:\/\/www.gamberetta.it\/wp-content\/uploads\/2021\/09\/IMG_20210827_165603-225x300.jpg 225w, https:\/\/www.gamberetta.it\/wp-content\/uploads\/2021\/09\/IMG_20210827_165603-600x800.jpg 600w\" sizes=\"(max-width: 768px) 100vw, 768px\" \/><\/figure><\/div>\n\n\n\n<p>Mi accontento di avere visto un ampio fronte dinanzi a me: la valle con Vittorio Veneto al centro.<\/p>\n\n\n\n<p>E la sagoma del Cansiglio sullo sfondo.<\/p>\n\n\n\n<figure class=\"wp-block-image size-full\"><img loading=\"lazy\" decoding=\"async\" width=\"1024\" height=\"768\" src=\"https:\/\/www.gamberetta.it\/wp-content\/uploads\/2021\/09\/IMG_20210827_180049.jpg\" alt=\"\" class=\"wp-image-18231\" srcset=\"https:\/\/www.gamberetta.it\/wp-content\/uploads\/2021\/09\/IMG_20210827_180049.jpg 1024w, https:\/\/www.gamberetta.it\/wp-content\/uploads\/2021\/09\/IMG_20210827_180049-300x225.jpg 300w, https:\/\/www.gamberetta.it\/wp-content\/uploads\/2021\/09\/IMG_20210827_180049-768x576.jpg 768w, https:\/\/www.gamberetta.it\/wp-content\/uploads\/2021\/09\/IMG_20210827_180049-1000x750.jpg 1000w, https:\/\/www.gamberetta.it\/wp-content\/uploads\/2021\/09\/IMG_20210827_180049-570x428.jpg 570w, https:\/\/www.gamberetta.it\/wp-content\/uploads\/2021\/09\/IMG_20210827_180049-330x248.jpg 330w\" sizes=\"(max-width: 1024px) 100vw, 1024px\" \/><\/figure>\n\n\n\n<p>Scendo appena in tempo per seguire i discorsi di rito, alla presenza dei sindaci: <strong>Antonio Miatto<\/strong> di Vittorio Veneto, <strong>Vincenzo Traetta<\/strong> di Cappella Maggiore. Le autorit\u00e0 presentano i partner locali e istituzionali del progetto, un ruolo importante \u00e8 affidato agli sponsor. <\/p>\n\n\n\n<p>Poi corro a vedere la divertentissima <strong>Beer run<\/strong>, con decine di persone di ogni et\u00e0, piene di energia, pronte ai nastri di partenza.<\/p>\n\n\n\n<figure class=\"wp-block-image size-full\"><img loading=\"lazy\" decoding=\"async\" width=\"1024\" height=\"768\" src=\"https:\/\/www.gamberetta.it\/wp-content\/uploads\/2021\/09\/IMG_20210827_180317.jpg\" alt=\"\" class=\"wp-image-18232\" srcset=\"https:\/\/www.gamberetta.it\/wp-content\/uploads\/2021\/09\/IMG_20210827_180317.jpg 1024w, https:\/\/www.gamberetta.it\/wp-content\/uploads\/2021\/09\/IMG_20210827_180317-300x225.jpg 300w, https:\/\/www.gamberetta.it\/wp-content\/uploads\/2021\/09\/IMG_20210827_180317-768x576.jpg 768w, https:\/\/www.gamberetta.it\/wp-content\/uploads\/2021\/09\/IMG_20210827_180317-1000x750.jpg 1000w, https:\/\/www.gamberetta.it\/wp-content\/uploads\/2021\/09\/IMG_20210827_180317-570x428.jpg 570w, https:\/\/www.gamberetta.it\/wp-content\/uploads\/2021\/09\/IMG_20210827_180317-330x248.jpg 330w\" sizes=\"(max-width: 1024px) 100vw, 1024px\" \/><\/figure>\n\n\n\n<p>Si tratta di una corsa ad anello attorno al parco Fenderl, con sosta degustazione di birre artigianali locali, prodotte da <strong>Prati di Meschio<\/strong> e <strong>Bradipongo<\/strong>.<\/p>\n\n\n\n<p>Qui a Vittorio Veneto siamo sulle sponde del fiume Meschio, che uno dei due birrifici prenda il nome proprio da questo \u00e8 un bel segnale di legame al territorio.<\/p>\n\n\n\n<figure class=\"wp-block-image size-full\"><img loading=\"lazy\" decoding=\"async\" width=\"1024\" height=\"768\" src=\"https:\/\/www.gamberetta.it\/wp-content\/uploads\/2021\/09\/IMG_20210827_181913.jpg\" alt=\"\" class=\"wp-image-18233\" srcset=\"https:\/\/www.gamberetta.it\/wp-content\/uploads\/2021\/09\/IMG_20210827_181913.jpg 1024w, https:\/\/www.gamberetta.it\/wp-content\/uploads\/2021\/09\/IMG_20210827_181913-300x225.jpg 300w, https:\/\/www.gamberetta.it\/wp-content\/uploads\/2021\/09\/IMG_20210827_181913-768x576.jpg 768w, https:\/\/www.gamberetta.it\/wp-content\/uploads\/2021\/09\/IMG_20210827_181913-1000x750.jpg 1000w, https:\/\/www.gamberetta.it\/wp-content\/uploads\/2021\/09\/IMG_20210827_181913-570x428.jpg 570w, https:\/\/www.gamberetta.it\/wp-content\/uploads\/2021\/09\/IMG_20210827_181913-330x248.jpg 330w\" sizes=\"(max-width: 1024px) 100vw, 1024px\" \/><\/figure>\n\n\n\n<p>Assaggio una blanche e una IPA. Le trovo ottime, non banali, come si addice a una birra artigianale.<\/p>\n\n\n\n<p>La mia speranza \u00e8 che sempre di pi\u00f9, come stanno facendo qui, i mastri birrai cerchino di approvvigionarsi di materie prime locali. L&#8217;orzo \u00e8 pi\u00f9 facile, il luppolo meno, ma siamo sulla buona strada.<\/p>\n\n\n\n<div class=\"wp-block-image\"><figure class=\"aligncenter size-full\"><img loading=\"lazy\" decoding=\"async\" width=\"768\" height=\"1024\" src=\"https:\/\/www.gamberetta.it\/wp-content\/uploads\/2021\/09\/IMG_20210827_181400.jpg\" alt=\"\" class=\"wp-image-18234\" srcset=\"https:\/\/www.gamberetta.it\/wp-content\/uploads\/2021\/09\/IMG_20210827_181400.jpg 768w, https:\/\/www.gamberetta.it\/wp-content\/uploads\/2021\/09\/IMG_20210827_181400-225x300.jpg 225w, https:\/\/www.gamberetta.it\/wp-content\/uploads\/2021\/09\/IMG_20210827_181400-600x800.jpg 600w\" sizes=\"(max-width: 768px) 100vw, 768px\" \/><\/figure><\/div>\n\n\n\n<p>Con lo smartphone faccio i miei piccoli video da postare sui social e, nel tempo in cui carico le stories, i primi runner hanno gi\u00e0 completato il primo giro di un chilometro.<\/p>\n\n\n\n<p>Sul braccialetto colorato che hanno al polso si fanno segnare la prima tacca con il pennarello, ogni tacca \u00e8 una birra. Con questo possono assaggiare la prima di&#8230; una lunga serie di birre.<\/p>\n\n\n\n<figure class=\"wp-block-image size-full\"><img loading=\"lazy\" decoding=\"async\" width=\"1024\" height=\"768\" src=\"https:\/\/www.gamberetta.it\/wp-content\/uploads\/2021\/09\/IMG_20210827_182206.jpg\" alt=\"\" class=\"wp-image-18235\" srcset=\"https:\/\/www.gamberetta.it\/wp-content\/uploads\/2021\/09\/IMG_20210827_182206.jpg 1024w, https:\/\/www.gamberetta.it\/wp-content\/uploads\/2021\/09\/IMG_20210827_182206-300x225.jpg 300w, https:\/\/www.gamberetta.it\/wp-content\/uploads\/2021\/09\/IMG_20210827_182206-768x576.jpg 768w, https:\/\/www.gamberetta.it\/wp-content\/uploads\/2021\/09\/IMG_20210827_182206-1000x750.jpg 1000w, https:\/\/www.gamberetta.it\/wp-content\/uploads\/2021\/09\/IMG_20210827_182206-570x428.jpg 570w, https:\/\/www.gamberetta.it\/wp-content\/uploads\/2021\/09\/IMG_20210827_182206-330x248.jpg 330w\" sizes=\"(max-width: 1024px) 100vw, 1024px\" \/><\/figure>\n\n\n\n<p>Io li seguo anzi, gli corro dietro lungo l&#8217;anello.<\/p>\n\n\n\n<p>Le loro magliette danno un bel tocco di colore, le mie preferite son quelle arancioni, mi ricordano i monaci buddhisti. Sette anni fa li ho seguiti in Laos, durante la puja del mattino.<\/p>\n\n\n\n<figure class=\"wp-block-image size-full\"><img loading=\"lazy\" decoding=\"async\" width=\"1024\" height=\"768\" src=\"https:\/\/www.gamberetta.it\/wp-content\/uploads\/2021\/09\/IMG_20210827_183424.jpg\" alt=\"\" class=\"wp-image-18236\" srcset=\"https:\/\/www.gamberetta.it\/wp-content\/uploads\/2021\/09\/IMG_20210827_183424.jpg 1024w, https:\/\/www.gamberetta.it\/wp-content\/uploads\/2021\/09\/IMG_20210827_183424-300x225.jpg 300w, https:\/\/www.gamberetta.it\/wp-content\/uploads\/2021\/09\/IMG_20210827_183424-768x576.jpg 768w, https:\/\/www.gamberetta.it\/wp-content\/uploads\/2021\/09\/IMG_20210827_183424-1000x750.jpg 1000w, https:\/\/www.gamberetta.it\/wp-content\/uploads\/2021\/09\/IMG_20210827_183424-570x428.jpg 570w, https:\/\/www.gamberetta.it\/wp-content\/uploads\/2021\/09\/IMG_20210827_183424-330x248.jpg 330w\" sizes=\"(max-width: 1024px) 100vw, 1024px\" \/><\/figure>\n\n\n\n<p>Non siamo proprio nella stessa situazione ma un po&#8217; s\u00ec. In fin dei conti la corsa ha qualcosa di spirituale, ti mette in contatto con il corpo, dentro e fuori di te, no?? Torno gi\u00f9 ad aspettarli. Arrivano al parco alla spicciolata, in piccoli gruppi, stanchi e divertiti.<\/p>\n\n\n\n<p>Fra una mescita e l&#8217;altra chiacchiero con entrambi i mastri birrai, scopro che uno dei due (Andrea) ha studiato Agraria a Udine subito dopo di me. Praticamente siamo colleghi, in un divertente gioco della memoria facciamo l&#8217;appello e scioriniamo i nomi dei nostri prof e dei compagni dell&#8217;universit\u00e0.<\/p>\n\n\n\n<p>L&#8217;altro (Giovanni) \u00e8 un fisico che ha studiato e lavorato al CERN in Svizzera, ma poi \u00e8 tornato nell&#8217;azienda agricola di famiglia, sia a vocazione agricola, sia di allevamento (animali da cortile e maiali). Una produzione integrata, una bella storia di continuit\u00e0 e resilienza.<\/p>\n\n\n\n<figure class=\"wp-block-image size-full\"><img loading=\"lazy\" decoding=\"async\" width=\"1024\" height=\"768\" src=\"https:\/\/www.gamberetta.it\/wp-content\/uploads\/2021\/09\/IMG_20210827_232306.jpg\" alt=\"\" class=\"wp-image-18237\" srcset=\"https:\/\/www.gamberetta.it\/wp-content\/uploads\/2021\/09\/IMG_20210827_232306.jpg 1024w, https:\/\/www.gamberetta.it\/wp-content\/uploads\/2021\/09\/IMG_20210827_232306-300x225.jpg 300w, https:\/\/www.gamberetta.it\/wp-content\/uploads\/2021\/09\/IMG_20210827_232306-768x576.jpg 768w, https:\/\/www.gamberetta.it\/wp-content\/uploads\/2021\/09\/IMG_20210827_232306-1000x750.jpg 1000w, https:\/\/www.gamberetta.it\/wp-content\/uploads\/2021\/09\/IMG_20210827_232306-570x428.jpg 570w, https:\/\/www.gamberetta.it\/wp-content\/uploads\/2021\/09\/IMG_20210827_232306-330x248.jpg 330w\" sizes=\"(max-width: 1024px) 100vw, 1024px\" \/><\/figure>\n\n\n\n<p>Ora cerco di intercettarli per andare a trovarli e farmi raccontare bene, dal vivo, le loro storie.<\/p>\n\n\n\n<h2 class=\"wp-block-heading\">CA&#8217; CORNIANI DI CAORLE (VE) SABATO 28 AGOSTO<\/h2>\n\n\n\n<p>Dal connubio di cultura e agricoltura \u00e8 nato il progetto di <strong>Ca&#8217; Corniani<\/strong>, spazio multifunzionale collocato in uno splendido contesto agricolo, che valorizza il paesaggio e le opere dell&#8217;uomo. Se fossi stata presente avrei fatto: la visita ai casoni in barca elettrica, la meditazione con le campane tibetane. Per\u00f2 non c&#8217;ero in questa giornata, potete vedere in rete le immagini degli organizzatori.<\/p>\n\n\n\n<h2 class=\"wp-block-heading\">SAN DON\u00c0 DI PIAVE (VE) DOMENICA 29 AGOSTO<\/h2>\n\n\n\n<p>Il <strong>Parco Fluviale di San Don\u00e0<\/strong> si estende per oltre cinque ettari sulla destra orografica del fiume Piave. L&#8217;area ristoro comprende un chiringuito con i tavoli all&#8217;aperto, spazi di relax e area giochi fra prati e alberi, vicino al &#8220;Fiume sacro alla patria&#8221;.<\/p>\n\n\n\n<figure class=\"wp-block-image size-full\"><img loading=\"lazy\" decoding=\"async\" width=\"1024\" height=\"768\" src=\"https:\/\/www.gamberetta.it\/wp-content\/uploads\/2021\/09\/IMG_20210829_154056.jpg\" alt=\"\" class=\"wp-image-18239\" srcset=\"https:\/\/www.gamberetta.it\/wp-content\/uploads\/2021\/09\/IMG_20210829_154056.jpg 1024w, https:\/\/www.gamberetta.it\/wp-content\/uploads\/2021\/09\/IMG_20210829_154056-300x225.jpg 300w, https:\/\/www.gamberetta.it\/wp-content\/uploads\/2021\/09\/IMG_20210829_154056-768x576.jpg 768w, https:\/\/www.gamberetta.it\/wp-content\/uploads\/2021\/09\/IMG_20210829_154056-1000x750.jpg 1000w, https:\/\/www.gamberetta.it\/wp-content\/uploads\/2021\/09\/IMG_20210829_154056-570x428.jpg 570w, https:\/\/www.gamberetta.it\/wp-content\/uploads\/2021\/09\/IMG_20210829_154056-330x248.jpg 330w\" sizes=\"(max-width: 1024px) 100vw, 1024px\" \/><\/figure>\n\n\n\n<p>Il Piave \u00e8 incredibile, da scenario di guerra nel 1918 ora \u00e8 diventato un luogo di pace e amicizia.<\/p>\n\n\n\n<p>Il programma della giornata di domenica comprende:<\/p>\n\n\n\n<ul class=\"wp-block-list\"><li>&nbsp;escursioni fluviali in barca elettrica,<\/li><li>&nbsp;ciclo escursione in abiti vintage,<\/li><li>&nbsp;lezioni di yoga sul prato e massaggi,<\/li><li>&nbsp;animazione per bambini e intrattenimento per adulti.<\/li><li>&nbsp;Nordic walking sull&#8217;argine del fiume Piave.<\/li><\/ul>\n\n\n\n<div class=\"wp-block-image\"><figure class=\"aligncenter size-full\"><img loading=\"lazy\" decoding=\"async\" width=\"768\" height=\"1024\" src=\"https:\/\/www.gamberetta.it\/wp-content\/uploads\/2021\/09\/IMG_20210829_154903.jpg\" alt=\"\" class=\"wp-image-18238\" srcset=\"https:\/\/www.gamberetta.it\/wp-content\/uploads\/2021\/09\/IMG_20210829_154903.jpg 768w, https:\/\/www.gamberetta.it\/wp-content\/uploads\/2021\/09\/IMG_20210829_154903-225x300.jpg 225w, https:\/\/www.gamberetta.it\/wp-content\/uploads\/2021\/09\/IMG_20210829_154903-600x800.jpg 600w\" sizes=\"(max-width: 768px) 100vw, 768px\" \/><\/figure><\/div>\n\n\n\n<p>La pace \u00e8 il sentimento dominante, qualcosa di cui tutti abbiamo bisogno, assieme all&#8217;aria fresca da respirare, al contatto umano da recuperare, alla voglia di giocare, divertirsi, stare insieme.<\/p>\n\n\n\n<p>La magia di Adventure rivers on tour \u00e8 proprio questo: la capacit\u00e0 aggregante e il sentimento di condivisione.<\/p>\n\n\n\n<figure class=\"wp-block-image size-full\"><img loading=\"lazy\" decoding=\"async\" width=\"1024\" height=\"768\" src=\"https:\/\/www.gamberetta.it\/wp-content\/uploads\/2021\/09\/IMG_20210829_160617.jpg\" alt=\"\" class=\"wp-image-18240\" srcset=\"https:\/\/www.gamberetta.it\/wp-content\/uploads\/2021\/09\/IMG_20210829_160617.jpg 1024w, https:\/\/www.gamberetta.it\/wp-content\/uploads\/2021\/09\/IMG_20210829_160617-300x225.jpg 300w, https:\/\/www.gamberetta.it\/wp-content\/uploads\/2021\/09\/IMG_20210829_160617-768x576.jpg 768w, https:\/\/www.gamberetta.it\/wp-content\/uploads\/2021\/09\/IMG_20210829_160617-1000x750.jpg 1000w, https:\/\/www.gamberetta.it\/wp-content\/uploads\/2021\/09\/IMG_20210829_160617-570x428.jpg 570w, https:\/\/www.gamberetta.it\/wp-content\/uploads\/2021\/09\/IMG_20210829_160617-330x248.jpg 330w\" sizes=\"(max-width: 1024px) 100vw, 1024px\" \/><\/figure>\n\n\n\n<p>Io mi unisco al gruppo locale <strong>La Piave Nordic Walking<\/strong>, per un&#8217;ora e mezza e otto chilometri di percorso, verso Musile di Piave. Non solo sono felicissima di avere conosciuto questi camminatori carinissimi.<\/p>\n\n\n\n<p>La bibliotecaria di San Don\u00e0 cammina accanto a me e mi fa da cicerone, con spiegazioni dettagliate della natura attorno a noi, del rapporto con la campagna e col fiume Piave, indissolubile.<\/p>\n\n\n\n<div class=\"wp-block-image\"><figure class=\"aligncenter size-full\"><img loading=\"lazy\" decoding=\"async\" width=\"768\" height=\"1024\" src=\"https:\/\/www.gamberetta.it\/wp-content\/uploads\/2021\/09\/IMG_20210829_162504.jpg\" alt=\"\" class=\"wp-image-18241\" srcset=\"https:\/\/www.gamberetta.it\/wp-content\/uploads\/2021\/09\/IMG_20210829_162504.jpg 768w, https:\/\/www.gamberetta.it\/wp-content\/uploads\/2021\/09\/IMG_20210829_162504-225x300.jpg 225w, https:\/\/www.gamberetta.it\/wp-content\/uploads\/2021\/09\/IMG_20210829_162504-600x800.jpg 600w\" sizes=\"(max-width: 768px) 100vw, 768px\" \/><\/figure><\/div>\n\n\n\n<p>Campagna vuol dire ricchezza e terra fertile, ma anche il rischio di alluvioni che fanno impressione quando le raccontano, vi assicuro.<\/p>\n\n\n\n<p>Eppure tanti vivono nel piano golenale, e non se ne vanno se non sono costretti da avvenimenti avversi.<\/p>\n\n\n\n<figure class=\"wp-block-image size-full\"><img loading=\"lazy\" decoding=\"async\" width=\"1024\" height=\"768\" src=\"https:\/\/www.gamberetta.it\/wp-content\/uploads\/2021\/09\/IMG_20210829_162514.jpg\" alt=\"\" class=\"wp-image-18242\" srcset=\"https:\/\/www.gamberetta.it\/wp-content\/uploads\/2021\/09\/IMG_20210829_162514.jpg 1024w, https:\/\/www.gamberetta.it\/wp-content\/uploads\/2021\/09\/IMG_20210829_162514-300x225.jpg 300w, https:\/\/www.gamberetta.it\/wp-content\/uploads\/2021\/09\/IMG_20210829_162514-768x576.jpg 768w, https:\/\/www.gamberetta.it\/wp-content\/uploads\/2021\/09\/IMG_20210829_162514-1000x750.jpg 1000w, https:\/\/www.gamberetta.it\/wp-content\/uploads\/2021\/09\/IMG_20210829_162514-570x428.jpg 570w, https:\/\/www.gamberetta.it\/wp-content\/uploads\/2021\/09\/IMG_20210829_162514-330x248.jpg 330w\" sizes=\"(max-width: 1024px) 100vw, 1024px\" \/><\/figure>\n\n\n\n<p>La bonifica dell&#8217;inizio del 900 \u00e8 stata la chiave di volta per sfruttare al meglio il terreno.<\/p>\n\n\n\n<p>A San Don\u00e0, poco fuori dal centro, c&#8217;\u00e8 il museo della bonifica. Dovrebbe riaprire a breve con un nuovo allestimento, appena possibile lo voglio visitare.<\/p>\n\n\n\n<figure class=\"wp-block-image size-full\"><img loading=\"lazy\" decoding=\"async\" width=\"1024\" height=\"768\" src=\"https:\/\/www.gamberetta.it\/wp-content\/uploads\/2021\/09\/IMG_20210829_164616.jpg\" alt=\"\" class=\"wp-image-18243\" srcset=\"https:\/\/www.gamberetta.it\/wp-content\/uploads\/2021\/09\/IMG_20210829_164616.jpg 1024w, https:\/\/www.gamberetta.it\/wp-content\/uploads\/2021\/09\/IMG_20210829_164616-300x225.jpg 300w, https:\/\/www.gamberetta.it\/wp-content\/uploads\/2021\/09\/IMG_20210829_164616-768x576.jpg 768w, https:\/\/www.gamberetta.it\/wp-content\/uploads\/2021\/09\/IMG_20210829_164616-1000x750.jpg 1000w, https:\/\/www.gamberetta.it\/wp-content\/uploads\/2021\/09\/IMG_20210829_164616-570x428.jpg 570w, https:\/\/www.gamberetta.it\/wp-content\/uploads\/2021\/09\/IMG_20210829_164616-330x248.jpg 330w\" sizes=\"(max-width: 1024px) 100vw, 1024px\" \/><\/figure>\n\n\n\n<p>Tra le costruzioni pi\u00f9 o meno recenti vediamo le idrovore e tristi allevamenti avicoli, in parte in disuso. Chiss\u00e0 che destinazione potranno avere in futuro?<\/p>\n\n\n\n<p>All&#8217;andata camminiamo sull&#8217;argine che corre alto sulla campagna fertile, intensamente coltivata.<\/p>\n\n\n\n<div class=\"wp-block-image\"><figure class=\"aligncenter size-full\"><img loading=\"lazy\" decoding=\"async\" width=\"768\" height=\"1024\" src=\"https:\/\/www.gamberetta.it\/wp-content\/uploads\/2021\/09\/IMG_20210829_162719.jpg\" alt=\"\" class=\"wp-image-18244\" srcset=\"https:\/\/www.gamberetta.it\/wp-content\/uploads\/2021\/09\/IMG_20210829_162719.jpg 768w, https:\/\/www.gamberetta.it\/wp-content\/uploads\/2021\/09\/IMG_20210829_162719-225x300.jpg 225w, https:\/\/www.gamberetta.it\/wp-content\/uploads\/2021\/09\/IMG_20210829_162719-600x800.jpg 600w\" sizes=\"(max-width: 768px) 100vw, 768px\" \/><\/figure><\/div>\n\n\n\n<p>Vedo gli ultimi campi di cereali e la soia&#8230;<\/p>\n\n\n\n<p>Vedo i vigneti carichi di grappoli d&#8217;uva, bianca e nera, quasi pronti per la vendemmia.<\/p>\n\n\n\n<figure class=\"wp-block-image size-full\"><img loading=\"lazy\" decoding=\"async\" width=\"1024\" height=\"768\" src=\"https:\/\/www.gamberetta.it\/wp-content\/uploads\/2021\/09\/IMG_20210829_163245.jpg\" alt=\"\" class=\"wp-image-18258\" srcset=\"https:\/\/www.gamberetta.it\/wp-content\/uploads\/2021\/09\/IMG_20210829_163245.jpg 1024w, https:\/\/www.gamberetta.it\/wp-content\/uploads\/2021\/09\/IMG_20210829_163245-300x225.jpg 300w, https:\/\/www.gamberetta.it\/wp-content\/uploads\/2021\/09\/IMG_20210829_163245-768x576.jpg 768w, https:\/\/www.gamberetta.it\/wp-content\/uploads\/2021\/09\/IMG_20210829_163245-1000x750.jpg 1000w, https:\/\/www.gamberetta.it\/wp-content\/uploads\/2021\/09\/IMG_20210829_163245-570x428.jpg 570w, https:\/\/www.gamberetta.it\/wp-content\/uploads\/2021\/09\/IMG_20210829_163245-330x248.jpg 330w\" sizes=\"(max-width: 1024px) 100vw, 1024px\" \/><\/figure>\n\n\n\n<p>Il panorama ampio e luminoso lascia presagire l&#8217;arrivo di nuvoloni minacciosi, che dopo poco pi\u00f9 di un&#8217;ora si scaricano su di noi al parco fluviale.<\/p>\n\n\n\n<p>Altrettanto minacciosi sono i motociclisti che ci corrono a breve distanza, sollevando polverone e facendo un rumore del diavolo. Ma si pu\u00f2? Molto meglio i ciclisti che non fanno rumore, e almeno avvisano gentilmente del loro passaggio.<\/p>\n\n\n\n<div class=\"wp-block-image\"><figure class=\"aligncenter size-full\"><img loading=\"lazy\" decoding=\"async\" width=\"768\" height=\"1024\" src=\"https:\/\/www.gamberetta.it\/wp-content\/uploads\/2021\/09\/IMG_20210829_165459.jpg\" alt=\"\" class=\"wp-image-18246\" srcset=\"https:\/\/www.gamberetta.it\/wp-content\/uploads\/2021\/09\/IMG_20210829_165459.jpg 768w, https:\/\/www.gamberetta.it\/wp-content\/uploads\/2021\/09\/IMG_20210829_165459-225x300.jpg 225w, https:\/\/www.gamberetta.it\/wp-content\/uploads\/2021\/09\/IMG_20210829_165459-600x800.jpg 600w\" sizes=\"(max-width: 768px) 100vw, 768px\" \/><\/figure><\/div>\n\n\n\n<p>Tornando da Musile costeggiamo il fiume fra grandi panorami, con varie tonalit\u00e0 di verde a terra e in acqua.<\/p>\n\n\n\n<p>I danni della tromba d&#8217;aria di ferragosto, che ha tremendamente colpito questa zona, sono ben visibili.<\/p>\n\n\n\n<div class=\"wp-block-image\"><figure class=\"aligncenter size-full\"><img loading=\"lazy\" decoding=\"async\" width=\"768\" height=\"1024\" src=\"https:\/\/www.gamberetta.it\/wp-content\/uploads\/2021\/09\/IMG_20210829_170533.jpg\" alt=\"\" class=\"wp-image-18247\" srcset=\"https:\/\/www.gamberetta.it\/wp-content\/uploads\/2021\/09\/IMG_20210829_170533.jpg 768w, https:\/\/www.gamberetta.it\/wp-content\/uploads\/2021\/09\/IMG_20210829_170533-225x300.jpg 225w, https:\/\/www.gamberetta.it\/wp-content\/uploads\/2021\/09\/IMG_20210829_170533-600x800.jpg 600w\" sizes=\"(max-width: 768px) 100vw, 768px\" \/><\/figure><\/div>\n\n\n\n<p>Grandi alberi sono a terra, alcuni spezzati, altri sradicati, sono uno spettacolo impressionante.<\/p>\n\n\n\n<p>Ci vorr\u00e0 molto tempo per ripulire e ripristinare questo ambiente naturale di rara bellezza, in bilico tra il selvaggio e l&#8217;umanizzato.&nbsp;<\/p>\n\n\n\n<div class=\"wp-block-image\"><figure class=\"aligncenter size-full\"><img loading=\"lazy\" decoding=\"async\" width=\"768\" height=\"1024\" src=\"https:\/\/www.gamberetta.it\/wp-content\/uploads\/2021\/09\/IMG_20210829_171512.jpg\" alt=\"\" class=\"wp-image-18248\" srcset=\"https:\/\/www.gamberetta.it\/wp-content\/uploads\/2021\/09\/IMG_20210829_171512.jpg 768w, https:\/\/www.gamberetta.it\/wp-content\/uploads\/2021\/09\/IMG_20210829_171512-225x300.jpg 225w, https:\/\/www.gamberetta.it\/wp-content\/uploads\/2021\/09\/IMG_20210829_171512-600x800.jpg 600w\" sizes=\"(max-width: 768px) 100vw, 768px\" \/><\/figure><\/div>\n\n\n\n<p>Questo percorso si chiama <strong>Il giro dei due ponti <\/strong>ed \u00e8 lungo una dozzina di chilometri, come segnalano le frecce poste dalla scuola di nordic locale. Sar\u00e0 inaugurato ufficialmente il prossimo 15 maggio 2022, segnate la data!<\/p>\n\n\n\n<p>I ponti in realt\u00e0 sono tre. In uscita da San Don\u00e0 c&#8217;\u00e8 il grande ponte stradale blu in cemento e acciaio.<\/p>\n\n\n\n<div class=\"wp-block-image\"><figure class=\"aligncenter size-full\"><img loading=\"lazy\" decoding=\"async\" width=\"768\" height=\"1024\" src=\"https:\/\/www.gamberetta.it\/wp-content\/uploads\/2021\/09\/IMG_20210829_161603.jpg\" alt=\"\" class=\"wp-image-18249\" srcset=\"https:\/\/www.gamberetta.it\/wp-content\/uploads\/2021\/09\/IMG_20210829_161603.jpg 768w, https:\/\/www.gamberetta.it\/wp-content\/uploads\/2021\/09\/IMG_20210829_161603-225x300.jpg 225w, https:\/\/www.gamberetta.it\/wp-content\/uploads\/2021\/09\/IMG_20210829_161603-600x800.jpg 600w\" sizes=\"(max-width: 768px) 100vw, 768px\" \/><\/figure><\/div>\n\n\n\n<p>Quando lo passo a piedi, all&#8217;andata e al ritorno, provo una grande emozione a vedere finalmente il fiume e l&#8217;ambiente attorno a me, a passo lento invece che dal finestrino dell&#8217;auto in corsa.<\/p>\n\n\n\n<p>L&#8217;avr\u00f2 percorso cento volte ma senza potermi soffermare mai su tutto. La cosa pi\u00f9 bella sono le fioriere, semplici opere di arredo urbano che gli danno decoro, rendendo piacevole la traversata.<\/p>\n\n\n\n<div class=\"wp-block-image\"><figure class=\"aligncenter size-full\"><img loading=\"lazy\" decoding=\"async\" width=\"768\" height=\"1024\" src=\"https:\/\/www.gamberetta.it\/wp-content\/uploads\/2021\/09\/IMG_20210829_161609.jpg\" alt=\"\" class=\"wp-image-18250\" srcset=\"https:\/\/www.gamberetta.it\/wp-content\/uploads\/2021\/09\/IMG_20210829_161609.jpg 768w, https:\/\/www.gamberetta.it\/wp-content\/uploads\/2021\/09\/IMG_20210829_161609-225x300.jpg 225w, https:\/\/www.gamberetta.it\/wp-content\/uploads\/2021\/09\/IMG_20210829_161609-600x800.jpg 600w\" sizes=\"(max-width: 768px) 100vw, 768px\" \/><\/figure><\/div>\n\n\n\n<p>Il secondo ponte \u00e8 a Musile, in mezzo c&#8217;\u00e8 il ponte ferroviario, ma che bello \u00e8?<\/p>\n\n\n\n<p>Lo fotografo da ogni angolazione, anche quando passa un treno.<\/p>\n\n\n\n<figure class=\"wp-block-image size-full\"><img loading=\"lazy\" decoding=\"async\" width=\"1024\" height=\"768\" src=\"https:\/\/www.gamberetta.it\/wp-content\/uploads\/2021\/09\/IMG_20210829_165145.jpg\" alt=\"\" class=\"wp-image-18251\" srcset=\"https:\/\/www.gamberetta.it\/wp-content\/uploads\/2021\/09\/IMG_20210829_165145.jpg 1024w, https:\/\/www.gamberetta.it\/wp-content\/uploads\/2021\/09\/IMG_20210829_165145-300x225.jpg 300w, https:\/\/www.gamberetta.it\/wp-content\/uploads\/2021\/09\/IMG_20210829_165145-768x576.jpg 768w, https:\/\/www.gamberetta.it\/wp-content\/uploads\/2021\/09\/IMG_20210829_165145-1000x750.jpg 1000w, https:\/\/www.gamberetta.it\/wp-content\/uploads\/2021\/09\/IMG_20210829_165145-570x428.jpg 570w, https:\/\/www.gamberetta.it\/wp-content\/uploads\/2021\/09\/IMG_20210829_165145-330x248.jpg 330w\" sizes=\"(max-width: 1024px) 100vw, 1024px\" \/><\/figure>\n\n\n\n<p>Le parole scolpite sulla pietra sono la dedica e il ricordo dei nostri soldati e del loro sacrificio, alla fine della Grande Guerra, proprio qui sul fiume Piave sacro alla patria.<\/p>\n\n\n\n<p>Nonno Piero, uno dei ragazzi del 99, vi ha partecipato, per fortuna \u00e8 tornato sano e salvo a Venezia nel 1918.<\/p>\n\n\n\n<figure class=\"wp-block-image size-full\"><img loading=\"lazy\" decoding=\"async\" width=\"1024\" height=\"768\" src=\"https:\/\/www.gamberetta.it\/wp-content\/uploads\/2021\/09\/IMG_20210829_165311.jpg\" alt=\"\" class=\"wp-image-18252\" srcset=\"https:\/\/www.gamberetta.it\/wp-content\/uploads\/2021\/09\/IMG_20210829_165311.jpg 1024w, https:\/\/www.gamberetta.it\/wp-content\/uploads\/2021\/09\/IMG_20210829_165311-300x225.jpg 300w, https:\/\/www.gamberetta.it\/wp-content\/uploads\/2021\/09\/IMG_20210829_165311-768x576.jpg 768w, https:\/\/www.gamberetta.it\/wp-content\/uploads\/2021\/09\/IMG_20210829_165311-1000x750.jpg 1000w, https:\/\/www.gamberetta.it\/wp-content\/uploads\/2021\/09\/IMG_20210829_165311-570x428.jpg 570w, https:\/\/www.gamberetta.it\/wp-content\/uploads\/2021\/09\/IMG_20210829_165311-330x248.jpg 330w\" sizes=\"(max-width: 1024px) 100vw, 1024px\" \/><\/figure>\n\n\n\n<p>Quando torniamo al parco fluviale vediamo per un attimo il ritorno dei partecipanti alla ciclo vintage: in sella a vecchie bici, indossano abiti di una volta.<\/p>\n\n\n\n<figure class=\"wp-block-image size-full\"><img loading=\"lazy\" decoding=\"async\" width=\"1024\" height=\"768\" src=\"https:\/\/www.gamberetta.it\/wp-content\/uploads\/2021\/09\/IMG_20210829_175818.jpg\" alt=\"\" class=\"wp-image-18256\" srcset=\"https:\/\/www.gamberetta.it\/wp-content\/uploads\/2021\/09\/IMG_20210829_175818.jpg 1024w, https:\/\/www.gamberetta.it\/wp-content\/uploads\/2021\/09\/IMG_20210829_175818-300x225.jpg 300w, https:\/\/www.gamberetta.it\/wp-content\/uploads\/2021\/09\/IMG_20210829_175818-768x576.jpg 768w, https:\/\/www.gamberetta.it\/wp-content\/uploads\/2021\/09\/IMG_20210829_175818-1000x750.jpg 1000w, https:\/\/www.gamberetta.it\/wp-content\/uploads\/2021\/09\/IMG_20210829_175818-570x428.jpg 570w, https:\/\/www.gamberetta.it\/wp-content\/uploads\/2021\/09\/IMG_20210829_175818-330x248.jpg 330w\" sizes=\"(max-width: 1024px) 100vw, 1024px\" \/><\/figure>\n\n\n\n<p>Salutano, fanno le foto di rito e pedalano via verso il centro di San Don\u00e0, al museo di Canella appena inaugurato negli uffici aziendali di viale della libert\u00e0. Io ci sono stata solo tre giorni prima alla presentazione del progetto <strong>Piave Heritage <\/strong>di cui vi racconter\u00f2 presto. Chiss\u00e0 cosa gli faranno assaggiare&#8230; Il famoso Bellini prodotto con le pesche bianche coltivate in loco dalla famiglia Canella? Il Rossini alla fragola? O il nuovissimo Puccini?<\/p>\n\n\n\n<div class=\"wp-block-image\"><figure class=\"aligncenter size-full\"><img loading=\"lazy\" decoding=\"async\" width=\"768\" height=\"1024\" src=\"https:\/\/www.gamberetta.it\/wp-content\/uploads\/2021\/09\/IMG_20210829_180828.jpg\" alt=\"\" class=\"wp-image-18253\" srcset=\"https:\/\/www.gamberetta.it\/wp-content\/uploads\/2021\/09\/IMG_20210829_180828.jpg 768w, https:\/\/www.gamberetta.it\/wp-content\/uploads\/2021\/09\/IMG_20210829_180828-225x300.jpg 225w, https:\/\/www.gamberetta.it\/wp-content\/uploads\/2021\/09\/IMG_20210829_180828-600x800.jpg 600w\" sizes=\"(max-width: 768px) 100vw, 768px\" \/><\/figure><\/div>\n\n\n\n<p>Pure noi che abbiamo camminato abbiamo bisogno di rinfrescarci e dissetarci. Una birra \u00e8 proprio quello che ci vuole, seduti al tavolo del chiringuito brindiamo al cammino e a queste nuove amicizie. Sapete quante cose mi hanno insegnato gli istruttori di nordic? Una sola vi dico qui: camminando si suda e una birra \u00e8 l&#8217;ideale alla fine del cammino per reintegrare i sali minerali. Io vi ho avvisati!<\/p>\n\n\n\n<p>Ad allietarci ora c&#8217;\u00e8 anche la musica dal vivo ma, dietro di noi, vediamo il tempo volgere al brutto. In un attimo il cielo si fa scuro e si sentono tuoni sempre pi\u00f9 vicini. Quando i ciclisti tornano per la premiazione finale, alla presenza del sindaco Andrea Cereser, abbiamo giusto il tempo per un ultimo saluto e un brindisi con il <strong>Puccini di Canella.<\/strong><\/p>\n\n\n\n<figure class=\"wp-block-image size-full\"><img loading=\"lazy\" decoding=\"async\" width=\"1024\" height=\"768\" src=\"https:\/\/www.gamberetta.it\/wp-content\/uploads\/2021\/09\/IMG_20210829_180600.jpg\" alt=\"\" class=\"wp-image-18254\" srcset=\"https:\/\/www.gamberetta.it\/wp-content\/uploads\/2021\/09\/IMG_20210829_180600.jpg 1024w, https:\/\/www.gamberetta.it\/wp-content\/uploads\/2021\/09\/IMG_20210829_180600-300x225.jpg 300w, https:\/\/www.gamberetta.it\/wp-content\/uploads\/2021\/09\/IMG_20210829_180600-768x576.jpg 768w, https:\/\/www.gamberetta.it\/wp-content\/uploads\/2021\/09\/IMG_20210829_180600-1000x750.jpg 1000w, https:\/\/www.gamberetta.it\/wp-content\/uploads\/2021\/09\/IMG_20210829_180600-570x428.jpg 570w, https:\/\/www.gamberetta.it\/wp-content\/uploads\/2021\/09\/IMG_20210829_180600-330x248.jpg 330w\" sizes=\"(max-width: 1024px) 100vw, 1024px\" \/><\/figure>\n\n\n\n<p>Poco dopo inizia una pioggia scrosciante che ci costringe a un fuggi fuggi generale.<\/p>\n\n\n\n<p>Peccato ma abbiamo fatto tutto, e ci riserviamo altri festeggiamenti per un prossimo futuro.<\/p>\n\n\n\n<p>Guardate il Puccini, ha un bellissimo colore giallo. \u00c8 squisito, fatto coi mandarini di Ciaculli presidio Slowfood. Assaggiatelo!<\/p>\n\n\n\n<h2 class=\"wp-block-heading\">SALUTI FINALI<\/h2>\n\n\n\n<p>Non finir\u00f2 mai di ringraziare gli organizzatori per tutto ci\u00f2 che hanno fatto prima e durante questo evento cos\u00ec bello e genuino. E per avermi invitata&#8230; Saluto anche il sindaco di San Don\u00e0 che si impegna sempre per dare luce al comune che amministra. E i risultati si vedono! Nelle piccole e nelle grandi cose, per dare valore al territorio e alle persone che lo vivono. Per comunicarlo e condividerlo nella propria comunit\u00e0. Bravo sindaco!<\/p>\n\n\n\n<p>E poi? Cosa bolle in pentola non mi \u00e8 dato sapere, almeno non nel dettaglio, ma sono sicura che queste persone siano gi\u00e0 al lavoro per farci divertire di nuovo. Non vedo l&#8217;ora!<\/p>\n\n\n\n<p><strong>Adventure Rivers on tour <\/strong>finisce con un&#8217;immagine, presso il fiume, dove mi sono fatta la foto abbracciata all&#8217;albero. Questa sono io. E sono felice anche se stanca e spettinata.<\/p>\n\n\n\n<p>Questo \u00e8 un pioppo nero enorme sull&#8217;argine del Piave, alla fine della lezione di Nordic walking. Ci volevano almeno tre me per un abbraccio completo. Ora questa pratica \u00e8 ancora pi\u00f9 benefica del solito: chiss\u00e0 per quanto (tanto) tempo non potremo ancora abbracciarci o stringere mani.<\/p>\n\n\n\n<p>Post in collaborazione con:<\/p>\n\n\n\n<p><a href=\"https:\/\/www.adventureriver.it\/\">https:\/\/www.adventureriver.it\/<\/a><\/p>\n\n\n\n<p>Potete rivedere il programma dettagliato qui:<\/p>\n\n\n\n<p>&nbsp;https:\/\/www.adventureriver.it\/programma.php<\/p>\n\n\n\n<p>Ti \u00e8 piaciuto questo post su Venezia e il Veneto? Allora leggi anche gli altri, li trovi qui:<\/p>\n\n\n\n<p><blockquote class=\"wp-embedded-content\" data-secret=\"ja2AuWfW3P\"><a href=\"https:\/\/www.gamberetta.it\/it\/myselfsudime\/bentornata-a-nordest\/\">Bentornata a Nordest: Venezia e il Veneto<\/a><\/blockquote><iframe loading=\"lazy\" class=\"wp-embedded-content\" sandbox=\"allow-scripts\" security=\"restricted\" style=\"position: absolute; clip: rect(1px, 1px, 1px, 1px);\" title=\"&#8220;Bentornata a Nordest: Venezia e il Veneto&#8221; &#8212; Gamberetta\" src=\"https:\/\/www.gamberetta.it\/it\/myselfsudime\/bentornata-a-nordest\/embed\/#?secret=ja2AuWfW3P\" data-secret=\"ja2AuWfW3P\" width=\"600\" height=\"338\" frameborder=\"0\" marginwidth=\"0\" marginheight=\"0\" scrolling=\"no\"><\/iframe><\/p>\n","protected":false},"excerpt":{"rendered":"<p>L&#8217;ultimo fine settimana di agosto tre luoghi del Veneto tra il mare e le colline, tra Venezia e Treviso, si sono animati con le attivit\u00e0 di Adventure Rivers on Tour, festival itinerante promosso dalla Regione Veneto, nato attorno a tre fiumi. 3 GIORNI, 3 FIUMI, 3 LOCATION Il Meschio a Vittorio Veneto, il Livenza a &hellip; <a class=\"more-link\" href=\"https:\/\/www.gamberetta.it\/it\/2021\/09\/05\/tre-giorni-di-avventure-su-tre-fiumi-con-adventure-rivers-on-tour\/\">Leggi tutto<i class=\"ion-ios-arrow-thin-right\"><\/i><\/a><\/p>\n","protected":false},"author":2,"featured_media":18219,"comment_status":"open","ping_status":"closed","sticky":false,"template":"","format":"standard","meta":{"footnotes":""},"categories":[71,68,26,105,28,58],"tags":[3104,3106,3109,3110,3105,3107,3111,3108],"class_list":["post-18217","post","type-post","status-publish","format-standard","has-post-thumbnail","hentry","category-baratto","category-food-wine","category-friends","category-in-campagna","category-myself","category-venezia","tag-adventure-river-fest","tag-adventure-rivers-on-tour","tag-area-parco-fenderl-vittorio-veneto-treviso","tag-ca-corniani-caorle-venezia","tag-enjoy-the-rivers","tag-giralivenza","tag-parco-fluviale-san-dona-di-piave-venezia","tag-piave-heritage"],"yoast_head":"<!-- This site is optimized with the Yoast SEO plugin v23.5 - https:\/\/yoast.com\/wordpress\/plugins\/seo\/ -->\n<title>TRE GIORNI DI AVVENTURE SU TRE FIUMI CON ADVENTURE RIVERS ON TOUR - Gamberetta<\/title>\n<meta name=\"robots\" content=\"index, follow, max-snippet:-1, max-image-preview:large, max-video-preview:-1\" \/>\n<link rel=\"canonical\" href=\"https:\/\/www.gamberetta.it\/it\/2021\/09\/05\/tre-giorni-di-avventure-su-tre-fiumi-con-adventure-rivers-on-tour\/\" \/>\n<meta property=\"og:locale\" content=\"it_IT\" \/>\n<meta property=\"og:type\" content=\"article\" \/>\n<meta property=\"og:title\" content=\"TRE GIORNI DI AVVENTURE SU TRE FIUMI CON ADVENTURE RIVERS ON TOUR - Gamberetta\" \/>\n<meta property=\"og:description\" content=\"L&#8217;ultimo fine settimana di agosto tre luoghi del Veneto tra il mare e le colline, tra Venezia e Treviso, si sono animati con le attivit\u00e0 di Adventure Rivers on Tour, festival itinerante promosso dalla Regione Veneto, nato attorno a tre fiumi. 3 GIORNI, 3 FIUMI, 3 LOCATION Il Meschio a Vittorio Veneto, il Livenza a &hellip; Leggi tutto\" \/>\n<meta property=\"og:url\" content=\"https:\/\/www.gamberetta.it\/it\/2021\/09\/05\/tre-giorni-di-avventure-su-tre-fiumi-con-adventure-rivers-on-tour\/\" \/>\n<meta property=\"og:site_name\" content=\"Gamberetta\" \/>\n<meta property=\"article:publisher\" content=\"https:\/\/www.facebook.com\/Gamberettatravelblog\" \/>\n<meta property=\"article:published_time\" content=\"2021-09-05T11:09:10+00:00\" \/>\n<meta property=\"article:modified_time\" content=\"2021-09-05T12:46:42+00:00\" \/>\n<meta name=\"author\" content=\"gamberetta\" \/>\n<meta name=\"twitter:card\" content=\"summary_large_image\" \/>\n<meta name=\"twitter:creator\" content=\"@robertazennaro\" \/>\n<meta name=\"twitter:site\" content=\"@robertazennaro\" \/>\n<meta name=\"twitter:label1\" content=\"Scritto da\" \/>\n\t<meta name=\"twitter:data1\" content=\"gamberetta\" \/>\n\t<meta name=\"twitter:label2\" content=\"Tempo di lettura stimato\" \/>\n\t<meta name=\"twitter:data2\" content=\"12 minuti\" \/>\n<script type=\"application\/ld+json\" class=\"yoast-schema-graph\">{\"@context\":\"https:\/\/schema.org\",\"@graph\":[{\"@type\":\"WebPage\",\"@id\":\"https:\/\/www.gamberetta.it\/it\/2021\/09\/05\/tre-giorni-di-avventure-su-tre-fiumi-con-adventure-rivers-on-tour\/\",\"url\":\"https:\/\/www.gamberetta.it\/it\/2021\/09\/05\/tre-giorni-di-avventure-su-tre-fiumi-con-adventure-rivers-on-tour\/\",\"name\":\"TRE GIORNI DI AVVENTURE SU TRE FIUMI CON ADVENTURE RIVERS ON TOUR - Gamberetta\",\"isPartOf\":{\"@id\":\"https:\/\/www.gamberetta.it\/it\/#website\"},\"primaryImageOfPage\":{\"@id\":\"https:\/\/www.gamberetta.it\/it\/2021\/09\/05\/tre-giorni-di-avventure-su-tre-fiumi-con-adventure-rivers-on-tour\/#primaryimage\"},\"image\":{\"@id\":\"https:\/\/www.gamberetta.it\/it\/2021\/09\/05\/tre-giorni-di-avventure-su-tre-fiumi-con-adventure-rivers-on-tour\/#primaryimage\"},\"thumbnailUrl\":\"\",\"datePublished\":\"2021-09-05T11:09:10+00:00\",\"dateModified\":\"2021-09-05T12:46:42+00:00\",\"author\":{\"@id\":\"https:\/\/www.gamberetta.it\/it\/#\/schema\/person\/7a4a919927c944edb5f3f9c665590124\"},\"breadcrumb\":{\"@id\":\"https:\/\/www.gamberetta.it\/it\/2021\/09\/05\/tre-giorni-di-avventure-su-tre-fiumi-con-adventure-rivers-on-tour\/#breadcrumb\"},\"inLanguage\":\"it-IT\",\"potentialAction\":[{\"@type\":\"ReadAction\",\"target\":[\"https:\/\/www.gamberetta.it\/it\/2021\/09\/05\/tre-giorni-di-avventure-su-tre-fiumi-con-adventure-rivers-on-tour\/\"]}]},{\"@type\":\"ImageObject\",\"inLanguage\":\"it-IT\",\"@id\":\"https:\/\/www.gamberetta.it\/it\/2021\/09\/05\/tre-giorni-di-avventure-su-tre-fiumi-con-adventure-rivers-on-tour\/#primaryimage\",\"url\":\"\",\"contentUrl\":\"\"},{\"@type\":\"BreadcrumbList\",\"@id\":\"https:\/\/www.gamberetta.it\/it\/2021\/09\/05\/tre-giorni-di-avventure-su-tre-fiumi-con-adventure-rivers-on-tour\/#breadcrumb\",\"itemListElement\":[{\"@type\":\"ListItem\",\"position\":1,\"name\":\"Home\",\"item\":\"https:\/\/www.gamberetta.it\/it\/\"},{\"@type\":\"ListItem\",\"position\":2,\"name\":\"TRE GIORNI DI AVVENTURE SU TRE FIUMI CON ADVENTURE RIVERS ON TOUR\"}]},{\"@type\":\"WebSite\",\"@id\":\"https:\/\/www.gamberetta.it\/it\/#website\",\"url\":\"https:\/\/www.gamberetta.it\/it\/\",\"name\":\"Gamberetta\",\"description\":\"Il mio blog senza fronzoli: pensieri e parole, sempre e ovunque in viaggio\",\"potentialAction\":[{\"@type\":\"SearchAction\",\"target\":{\"@type\":\"EntryPoint\",\"urlTemplate\":\"https:\/\/www.gamberetta.it\/it\/?s={search_term_string}\"},\"query-input\":{\"@type\":\"PropertyValueSpecification\",\"valueRequired\":true,\"valueName\":\"search_term_string\"}}],\"inLanguage\":\"it-IT\"},{\"@type\":\"Person\",\"@id\":\"https:\/\/www.gamberetta.it\/it\/#\/schema\/person\/7a4a919927c944edb5f3f9c665590124\",\"name\":\"gamberetta\",\"image\":{\"@type\":\"ImageObject\",\"inLanguage\":\"it-IT\",\"@id\":\"https:\/\/www.gamberetta.it\/it\/#\/schema\/person\/image\/\",\"url\":\"https:\/\/secure.gravatar.com\/avatar\/7ef5d82656b8958070b4f589b7ae1784?s=96&d=mm&r=g\",\"contentUrl\":\"https:\/\/secure.gravatar.com\/avatar\/7ef5d82656b8958070b4f589b7ae1784?s=96&d=mm&r=g\",\"caption\":\"gamberetta\"},\"description\":\"Sono Toro ascendente Scorpione, terra di contrasti dove ora prevale una met\u00e0, ora l\u2019altra. L\u2019infanzia in Veneto e gli ultimi anni passati a Milano hanno sviluppato in me una serie ulteriore di conflitti. Scrivo da sempre, la scrittura \u00e8 la migliore forma espressiva che mi consente di fissare concetti altrimenti sospesi nell\u2019aria. Da bambina scrivevo poesie con uno stile quasi leopardiano poi sono passata ai diari di viaggio dalla prima volta in USA nel 1998 e non ho pi\u00f9 smesso...\",\"url\":\"https:\/\/www.gamberetta.it\/it\/author\/gamberettarossa\/\"}]}<\/script>\n<!-- \/ Yoast SEO plugin. -->","yoast_head_json":{"title":"TRE GIORNI DI AVVENTURE SU TRE FIUMI CON ADVENTURE RIVERS ON TOUR - Gamberetta","robots":{"index":"index","follow":"follow","max-snippet":"max-snippet:-1","max-image-preview":"max-image-preview:large","max-video-preview":"max-video-preview:-1"},"canonical":"https:\/\/www.gamberetta.it\/it\/2021\/09\/05\/tre-giorni-di-avventure-su-tre-fiumi-con-adventure-rivers-on-tour\/","og_locale":"it_IT","og_type":"article","og_title":"TRE GIORNI DI AVVENTURE SU TRE FIUMI CON ADVENTURE RIVERS ON TOUR - Gamberetta","og_description":"L&#8217;ultimo fine settimana di agosto tre luoghi del Veneto tra il mare e le colline, tra Venezia e Treviso, si sono animati con le attivit\u00e0 di Adventure Rivers on Tour, festival itinerante promosso dalla Regione Veneto, nato attorno a tre fiumi. 3 GIORNI, 3 FIUMI, 3 LOCATION Il Meschio a Vittorio Veneto, il Livenza a &hellip; Leggi tutto","og_url":"https:\/\/www.gamberetta.it\/it\/2021\/09\/05\/tre-giorni-di-avventure-su-tre-fiumi-con-adventure-rivers-on-tour\/","og_site_name":"Gamberetta","article_publisher":"https:\/\/www.facebook.com\/Gamberettatravelblog","article_published_time":"2021-09-05T11:09:10+00:00","article_modified_time":"2021-09-05T12:46:42+00:00","author":"gamberetta","twitter_card":"summary_large_image","twitter_creator":"@robertazennaro","twitter_site":"@robertazennaro","twitter_misc":{"Scritto da":"gamberetta","Tempo di lettura stimato":"12 minuti"},"schema":{"@context":"https:\/\/schema.org","@graph":[{"@type":"WebPage","@id":"https:\/\/www.gamberetta.it\/it\/2021\/09\/05\/tre-giorni-di-avventure-su-tre-fiumi-con-adventure-rivers-on-tour\/","url":"https:\/\/www.gamberetta.it\/it\/2021\/09\/05\/tre-giorni-di-avventure-su-tre-fiumi-con-adventure-rivers-on-tour\/","name":"TRE GIORNI DI AVVENTURE SU TRE FIUMI CON ADVENTURE RIVERS ON TOUR - Gamberetta","isPartOf":{"@id":"https:\/\/www.gamberetta.it\/it\/#website"},"primaryImageOfPage":{"@id":"https:\/\/www.gamberetta.it\/it\/2021\/09\/05\/tre-giorni-di-avventure-su-tre-fiumi-con-adventure-rivers-on-tour\/#primaryimage"},"image":{"@id":"https:\/\/www.gamberetta.it\/it\/2021\/09\/05\/tre-giorni-di-avventure-su-tre-fiumi-con-adventure-rivers-on-tour\/#primaryimage"},"thumbnailUrl":"","datePublished":"2021-09-05T11:09:10+00:00","dateModified":"2021-09-05T12:46:42+00:00","author":{"@id":"https:\/\/www.gamberetta.it\/it\/#\/schema\/person\/7a4a919927c944edb5f3f9c665590124"},"breadcrumb":{"@id":"https:\/\/www.gamberetta.it\/it\/2021\/09\/05\/tre-giorni-di-avventure-su-tre-fiumi-con-adventure-rivers-on-tour\/#breadcrumb"},"inLanguage":"it-IT","potentialAction":[{"@type":"ReadAction","target":["https:\/\/www.gamberetta.it\/it\/2021\/09\/05\/tre-giorni-di-avventure-su-tre-fiumi-con-adventure-rivers-on-tour\/"]}]},{"@type":"ImageObject","inLanguage":"it-IT","@id":"https:\/\/www.gamberetta.it\/it\/2021\/09\/05\/tre-giorni-di-avventure-su-tre-fiumi-con-adventure-rivers-on-tour\/#primaryimage","url":"","contentUrl":""},{"@type":"BreadcrumbList","@id":"https:\/\/www.gamberetta.it\/it\/2021\/09\/05\/tre-giorni-di-avventure-su-tre-fiumi-con-adventure-rivers-on-tour\/#breadcrumb","itemListElement":[{"@type":"ListItem","position":1,"name":"Home","item":"https:\/\/www.gamberetta.it\/it\/"},{"@type":"ListItem","position":2,"name":"TRE GIORNI DI AVVENTURE SU TRE FIUMI CON ADVENTURE RIVERS ON TOUR"}]},{"@type":"WebSite","@id":"https:\/\/www.gamberetta.it\/it\/#website","url":"https:\/\/www.gamberetta.it\/it\/","name":"Gamberetta","description":"Il mio blog senza fronzoli: pensieri e parole, sempre e ovunque in viaggio","potentialAction":[{"@type":"SearchAction","target":{"@type":"EntryPoint","urlTemplate":"https:\/\/www.gamberetta.it\/it\/?s={search_term_string}"},"query-input":{"@type":"PropertyValueSpecification","valueRequired":true,"valueName":"search_term_string"}}],"inLanguage":"it-IT"},{"@type":"Person","@id":"https:\/\/www.gamberetta.it\/it\/#\/schema\/person\/7a4a919927c944edb5f3f9c665590124","name":"gamberetta","image":{"@type":"ImageObject","inLanguage":"it-IT","@id":"https:\/\/www.gamberetta.it\/it\/#\/schema\/person\/image\/","url":"https:\/\/secure.gravatar.com\/avatar\/7ef5d82656b8958070b4f589b7ae1784?s=96&d=mm&r=g","contentUrl":"https:\/\/secure.gravatar.com\/avatar\/7ef5d82656b8958070b4f589b7ae1784?s=96&d=mm&r=g","caption":"gamberetta"},"description":"Sono Toro ascendente Scorpione, terra di contrasti dove ora prevale una met\u00e0, ora l\u2019altra. L\u2019infanzia in Veneto e gli ultimi anni passati a Milano hanno sviluppato in me una serie ulteriore di conflitti. Scrivo da sempre, la scrittura \u00e8 la migliore forma espressiva che mi consente di fissare concetti altrimenti sospesi nell\u2019aria. Da bambina scrivevo poesie con uno stile quasi leopardiano poi sono passata ai diari di viaggio dalla prima volta in USA nel 1998 e non ho pi\u00f9 smesso...","url":"https:\/\/www.gamberetta.it\/it\/author\/gamberettarossa\/"}]}},"_links":{"self":[{"href":"https:\/\/www.gamberetta.it\/it\/wp-json\/wp\/v2\/posts\/18217"}],"collection":[{"href":"https:\/\/www.gamberetta.it\/it\/wp-json\/wp\/v2\/posts"}],"about":[{"href":"https:\/\/www.gamberetta.it\/it\/wp-json\/wp\/v2\/types\/post"}],"author":[{"embeddable":true,"href":"https:\/\/www.gamberetta.it\/it\/wp-json\/wp\/v2\/users\/2"}],"replies":[{"embeddable":true,"href":"https:\/\/www.gamberetta.it\/it\/wp-json\/wp\/v2\/comments?post=18217"}],"version-history":[{"count":2,"href":"https:\/\/www.gamberetta.it\/it\/wp-json\/wp\/v2\/posts\/18217\/revisions"}],"predecessor-version":[{"id":18259,"href":"https:\/\/www.gamberetta.it\/it\/wp-json\/wp\/v2\/posts\/18217\/revisions\/18259"}],"wp:featuredmedia":[{"embeddable":true,"href":"https:\/\/www.gamberetta.it\/it\/wp-json\/wp\/v2\/media\/18219"}],"wp:attachment":[{"href":"https:\/\/www.gamberetta.it\/it\/wp-json\/wp\/v2\/media?parent=18217"}],"wp:term":[{"taxonomy":"category","embeddable":true,"href":"https:\/\/www.gamberetta.it\/it\/wp-json\/wp\/v2\/categories?post=18217"},{"taxonomy":"post_tag","embeddable":true,"href":"https:\/\/www.gamberetta.it\/it\/wp-json\/wp\/v2\/tags?post=18217"}],"curies":[{"name":"wp","href":"https:\/\/api.w.org\/{rel}","templated":true}]}}