{"id":18380,"date":"2021-10-05T11:16:00","date_gmt":"2021-10-05T09:16:00","guid":{"rendered":"https:\/\/www.gamberetta.it\/it\/?p=18380"},"modified":"2021-10-08T23:02:02","modified_gmt":"2021-10-08T21:02:02","slug":"visitare-il-palazzo-ducale-di-revere","status":"publish","type":"post","link":"https:\/\/www.gamberetta.it\/it\/2021\/10\/05\/visitare-il-palazzo-ducale-di-revere\/","title":{"rendered":"VISITARE IL PALAZZO DUCALE DI REVERE"},"content":{"rendered":"\n<p>Piccole rive, basse sponde di un fiume. Revere come Ostiglia prende il nome dalla sua collocazione, la sponda destra del fiume Po.<\/p>\n\n\n\n<figure class=\"wp-block-image size-full\"><img loading=\"lazy\" decoding=\"async\" width=\"1024\" height=\"768\" src=\"https:\/\/www.gamberetta.it\/wp-content\/uploads\/2021\/07\/IMG_20210710_093517.jpg\" alt=\"esterno palazzo ducale revere\" class=\"wp-image-17721\" srcset=\"https:\/\/www.gamberetta.it\/wp-content\/uploads\/2021\/07\/IMG_20210710_093517.jpg 1024w, https:\/\/www.gamberetta.it\/wp-content\/uploads\/2021\/07\/IMG_20210710_093517-300x225.jpg 300w, https:\/\/www.gamberetta.it\/wp-content\/uploads\/2021\/07\/IMG_20210710_093517-768x576.jpg 768w, https:\/\/www.gamberetta.it\/wp-content\/uploads\/2021\/07\/IMG_20210710_093517-1000x750.jpg 1000w, https:\/\/www.gamberetta.it\/wp-content\/uploads\/2021\/07\/IMG_20210710_093517-570x428.jpg 570w, https:\/\/www.gamberetta.it\/wp-content\/uploads\/2021\/07\/IMG_20210710_093517-330x248.jpg 330w\" sizes=\"(max-width: 1024px) 100vw, 1024px\" \/><\/figure>\n\n\n\n<p>Il <strong>Palazzo Ducale di Revere <\/strong>\u00e8 il principale sito di interesse storico e culturale per chi visita questo paese. Revere ora \u00e8 diventato parte di un comune pi\u00f9 grande che si chiama Borgo Mantovano. Diversi comuni che erano troppo piccoli si sono fusi per motivi economici, avendo cos\u00ec accesso a maggiori fondi di gestione. Revere \u00e8 unito a Pieve di Coriano e Villa Poma dal 1\u00b0 gennaio 2018. Idem dicasi per Sermide e Felonica dal 2017.<\/p>\n\n\n\n<p>La nostra visita si svolge in un sabato assolato di luglio, durante il <a href=\"https:\/\/www.gamberetta.it\/it\/2021\/07\/19\/cinque-luoghi-da-visitare-in-oltrepo-mantovano\/\">blogtour in Oltrep\u00f2 mantovano <\/a>grazie al quale sono stata nei paesi della mia famiglia, lato materno.<\/p>\n\n\n\n<div class=\"wp-block-image\"><figure class=\"aligncenter size-full\"><img loading=\"lazy\" decoding=\"async\" width=\"768\" height=\"1024\" src=\"https:\/\/www.gamberetta.it\/wp-content\/uploads\/2021\/10\/IMG_20210710_093609_revere-palazzo-ducale-esterno-Copia.jpg\" alt=\"revere palazzo ducale esterno\" class=\"wp-image-18384\" srcset=\"https:\/\/www.gamberetta.it\/wp-content\/uploads\/2021\/10\/IMG_20210710_093609_revere-palazzo-ducale-esterno-Copia.jpg 768w, https:\/\/www.gamberetta.it\/wp-content\/uploads\/2021\/10\/IMG_20210710_093609_revere-palazzo-ducale-esterno-Copia-225x300.jpg 225w, https:\/\/www.gamberetta.it\/wp-content\/uploads\/2021\/10\/IMG_20210710_093609_revere-palazzo-ducale-esterno-Copia-600x800.jpg 600w\" sizes=\"(max-width: 768px) 100vw, 768px\" \/><\/figure><\/div>\n\n\n\n<p>Anzi mamma Tina \u00e8 nata proprio qui a Revere. Andiamo a vedere&#8230;<\/p>\n\n\n\n<p>Effettuare delle visite nel secondo anno di una pandemia (poi non lo dico pi\u00f9, prometto) \u00e8 da un certo punto di vista una fortuna. La voglia di ripartire \u00e8 tanta e le opportunit\u00e0 come questa sono boccate di ossigeno, sia per gli ospiti come noi, sia ovviamente per gli operatori turistici. Nei piccoli paesi come questi, ricchi di bellezze poco evidenti al viaggiatore frettoloso, veder ripartire le visite guidate e le altre attivit\u00e0 di accoglienza fa piacere a tutti.<\/p>\n\n\n\n<h2 class=\"wp-block-heading\">PIAZZA CASTELLO<\/h2>\n\n\n\n<p>La mole possente del palazzo domina la piazza del paese.<\/p>\n\n\n\n<p>Mostra gi\u00e0 nella facciata la sua ricca storia e le diverse dominazioni che ha passato.<\/p>\n\n\n\n<figure class=\"wp-block-image size-full\"><img loading=\"lazy\" decoding=\"async\" width=\"1024\" height=\"768\" src=\"https:\/\/www.gamberetta.it\/wp-content\/uploads\/2021\/10\/IMG_20210710_093421_revere-palazzo-ducale-esterno-Copia.jpg\" alt=\"revere palazzo ducale esterno\" class=\"wp-image-18385\" srcset=\"https:\/\/www.gamberetta.it\/wp-content\/uploads\/2021\/10\/IMG_20210710_093421_revere-palazzo-ducale-esterno-Copia.jpg 1024w, https:\/\/www.gamberetta.it\/wp-content\/uploads\/2021\/10\/IMG_20210710_093421_revere-palazzo-ducale-esterno-Copia-300x225.jpg 300w, https:\/\/www.gamberetta.it\/wp-content\/uploads\/2021\/10\/IMG_20210710_093421_revere-palazzo-ducale-esterno-Copia-768x576.jpg 768w, https:\/\/www.gamberetta.it\/wp-content\/uploads\/2021\/10\/IMG_20210710_093421_revere-palazzo-ducale-esterno-Copia-1000x750.jpg 1000w, https:\/\/www.gamberetta.it\/wp-content\/uploads\/2021\/10\/IMG_20210710_093421_revere-palazzo-ducale-esterno-Copia-570x428.jpg 570w, https:\/\/www.gamberetta.it\/wp-content\/uploads\/2021\/10\/IMG_20210710_093421_revere-palazzo-ducale-esterno-Copia-330x248.jpg 330w\" sizes=\"(max-width: 1024px) 100vw, 1024px\" \/><\/figure>\n\n\n\n<p>Molto bello \u00e8 il cortile d&#8217;accesso dove sono in bella mostra vari cimeli:<\/p>\n\n\n\n<ul class=\"wp-block-list\"><li>vecchie imbarcazioni fluviali&#8230;<\/li><li>attrezzi agricoli&#8230;<\/li><li>manifesti delle ultime fiere e manifestazioni&#8230;<\/li><\/ul>\n\n\n\n<figure class=\"wp-block-image size-full\"><img loading=\"lazy\" decoding=\"async\" width=\"1024\" height=\"768\" src=\"https:\/\/www.gamberetta.it\/wp-content\/uploads\/2021\/10\/IMG_20210710_093906_revere-palazzo-ducale-esterno-Copia.jpg\" alt=\"revere palazzo ducale esterno\" class=\"wp-image-18386\" srcset=\"https:\/\/www.gamberetta.it\/wp-content\/uploads\/2021\/10\/IMG_20210710_093906_revere-palazzo-ducale-esterno-Copia.jpg 1024w, https:\/\/www.gamberetta.it\/wp-content\/uploads\/2021\/10\/IMG_20210710_093906_revere-palazzo-ducale-esterno-Copia-300x225.jpg 300w, https:\/\/www.gamberetta.it\/wp-content\/uploads\/2021\/10\/IMG_20210710_093906_revere-palazzo-ducale-esterno-Copia-768x576.jpg 768w, https:\/\/www.gamberetta.it\/wp-content\/uploads\/2021\/10\/IMG_20210710_093906_revere-palazzo-ducale-esterno-Copia-1000x750.jpg 1000w, https:\/\/www.gamberetta.it\/wp-content\/uploads\/2021\/10\/IMG_20210710_093906_revere-palazzo-ducale-esterno-Copia-570x428.jpg 570w, https:\/\/www.gamberetta.it\/wp-content\/uploads\/2021\/10\/IMG_20210710_093906_revere-palazzo-ducale-esterno-Copia-330x248.jpg 330w\" sizes=\"(max-width: 1024px) 100vw, 1024px\" \/><\/figure>\n\n\n\n<p>Questa \u00e8 solo una piccola parte di ci\u00f2 che si vede nelle sezioni espositive, identifica il dualismo di questo territorio, fatto di terra e acqua. Da qui si accede ai piani superiori, con una struttura quattrocentesca e vari rimaneggiamenti, in relazione ai diversi utilizzi che ne sono stati fatti nei secoli.<\/p>\n\n\n\n<h2 class=\"wp-block-heading\">LA STORIA DEL PALAZZO DUCALE<\/h2>\n\n\n\n<p>Il primo impianto \u00e8 dovuto ai Modenesi, si trattava di una fortificazione circondata da ben sette torri.<\/p>\n\n\n\n<p>Risale al XII secolo quando fu costruita anche la torre campanaria.<\/p>\n\n\n\n<div class=\"wp-block-image\"><figure class=\"aligncenter size-full\"><img loading=\"lazy\" decoding=\"async\" width=\"768\" height=\"1024\" src=\"https:\/\/www.gamberetta.it\/wp-content\/uploads\/2021\/10\/IMG_20210710_094738_revere-torre-medievale-Copia.jpg\" alt=\"revere torre campanaria\" class=\"wp-image-18387\" srcset=\"https:\/\/www.gamberetta.it\/wp-content\/uploads\/2021\/10\/IMG_20210710_094738_revere-torre-medievale-Copia.jpg 768w, https:\/\/www.gamberetta.it\/wp-content\/uploads\/2021\/10\/IMG_20210710_094738_revere-torre-medievale-Copia-225x300.jpg 225w, https:\/\/www.gamberetta.it\/wp-content\/uploads\/2021\/10\/IMG_20210710_094738_revere-torre-medievale-Copia-600x800.jpg 600w\" sizes=\"(max-width: 768px) 100vw, 768px\" \/><\/figure><\/div>\n\n\n\n<p>Duecento anni dopo il fortilizio viene ceduto ai Gonzaga.<\/p>\n\n\n\n<p>Ludovico II, attorno alla met\u00e0 del Quattrocento, lo rivoluziona chiamando a s\u00e9 Luca Fancelli, un progettista esordiente che, fra le altre cose, ha fatto esperienza a Venezia e a Firenze (come allievo di Filippo Brunelleschi).<\/p>\n\n\n\n<p>E far\u00e0 esperienza anche a Mantova partecipando al progetto per la chiesa di Sant&#8217;Andrea.<\/p>\n\n\n\n<p>Fancelli concepisce l&#8217;edificio sia come residenza, sia a scopo difensivo.<\/p>\n\n\n\n<p>Ne valorizza l&#8217;estetica alle finestre e in altri dettagli, e aggiunge elementi propri di alte regioni.<\/p>\n\n\n\n<div class=\"wp-block-image\"><figure class=\"aligncenter size-full\"><img loading=\"lazy\" decoding=\"async\" width=\"755\" height=\"1024\" src=\"https:\/\/www.gamberetta.it\/wp-content\/uploads\/2021\/10\/IMG_20210710_103439-Copia.jpg\" alt=\"camini in stile veneziano\" class=\"wp-image-18388\" srcset=\"https:\/\/www.gamberetta.it\/wp-content\/uploads\/2021\/10\/IMG_20210710_103439-Copia.jpg 755w, https:\/\/www.gamberetta.it\/wp-content\/uploads\/2021\/10\/IMG_20210710_103439-Copia-221x300.jpg 221w\" sizes=\"(max-width: 755px) 100vw, 755px\" \/><\/figure><\/div>\n\n\n\n<p>I camini per esempio sono tipicamente veneziani,<\/p>\n\n\n\n<p>La realizzazione di un&#8217;opera architettonica come questa \u00e8 stata possibile per la lungimiranza degli artisti e dei committenti. Siamo nel Quattrocento ma questi sono gi\u00e0 canoni rinascimentali. Il Rinascimento esploder\u00e0 almeno cinquant&#8217;anni dopo.<\/p>\n\n\n\n<p>Fra il Settecento e l&#8217;Ottocento il palazzo vede la dominazione austriaca e francese. Gli austriaci lo trasformano in un presidio militare per le guarnigioni, modificandone la struttura originaria delle sale e degli scaloni.<\/p>\n\n\n\n<p>Siccome \u00e8 arrivato sino a noi tutto sommato non mi dispiace vedere, accanto alle tracce del suo glorioso passato, le cicatrici di oggi che non ne scalfiscono la bellezza.<\/p>\n\n\n\n<p>A proposito di cicatrici, le ultime cicatrici sono recenti e pesanti per l&#8217;intero territorio dell&#8217;Oltrep\u00f2 Mantovano, colpito dal terremoto del 2012.<\/p>\n\n\n\n<p>Il palazzo non ha subito danni ma, tutto intorno, transenne e impalcature si vedono un po&#8217; ovunque: negli edifici civili e religiosi, pubblici e privati.<\/p>\n\n\n\n<p>Oltre ai danni, il sisma ha fatto chiudere attivit\u00e0 che ora, dopo ben nove anni, attendono le necessarie ristrutturazioni per poter ripartire.<\/p>\n\n\n\n<p>Interessante \u00e8 pensare alla mole di materiali che sono stati necessari alla costruzione, nelle sue varie fasi.<\/p>\n\n\n\n<p>La vicinanza del fiume Po certo \u00e8 stata d&#8217;aiuto per trasportare marmi e pietre, sabbia e mattoni.<\/p>\n\n\n\n<p>Gi\u00e0 all&#8217;epoca c&#8217;era un grande movimento di barche sul fiume: andavano a vela seguendo la corrente, mentre controcorrente erano trainate da cavalli. Verso ovest raggiungevano Cremona, Piacenza e oltre.<\/p>\n\n\n\n<h2 class=\"wp-block-heading\">IL MUSEO DEL FIUME PO<\/h2>\n\n\n\n<p>Il <a href=\"http:\/\/reveremuseodelpo.it\/\">Museo del Fiume Po<\/a>, ospitato all&#8217;interno del palazzo, \u00e8 stato fondato nel 1983.<\/p>\n\n\n\n<p>Mostra nelle sue undici stanze la vita che scorre attorno al fiume, fra l&#8217;acqua e la terra. La gente e il suo lavoro sono indissolubilmente legati al fiume Po.<\/p>\n\n\n\n<figure class=\"wp-block-image size-full\"><img loading=\"lazy\" decoding=\"async\" width=\"1024\" height=\"768\" src=\"https:\/\/www.gamberetta.it\/wp-content\/uploads\/2021\/10\/IMG_20210710_104453_revere-palazzo-ducale-museo-del-po-Copia.jpg\" alt=\"oggetti di un tempo che fu\" class=\"wp-image-18389\" srcset=\"https:\/\/www.gamberetta.it\/wp-content\/uploads\/2021\/10\/IMG_20210710_104453_revere-palazzo-ducale-museo-del-po-Copia.jpg 1024w, https:\/\/www.gamberetta.it\/wp-content\/uploads\/2021\/10\/IMG_20210710_104453_revere-palazzo-ducale-museo-del-po-Copia-300x225.jpg 300w, https:\/\/www.gamberetta.it\/wp-content\/uploads\/2021\/10\/IMG_20210710_104453_revere-palazzo-ducale-museo-del-po-Copia-768x576.jpg 768w, https:\/\/www.gamberetta.it\/wp-content\/uploads\/2021\/10\/IMG_20210710_104453_revere-palazzo-ducale-museo-del-po-Copia-1000x750.jpg 1000w, https:\/\/www.gamberetta.it\/wp-content\/uploads\/2021\/10\/IMG_20210710_104453_revere-palazzo-ducale-museo-del-po-Copia-570x428.jpg 570w, https:\/\/www.gamberetta.it\/wp-content\/uploads\/2021\/10\/IMG_20210710_104453_revere-palazzo-ducale-museo-del-po-Copia-330x248.jpg 330w\" sizes=\"(max-width: 1024px) 100vw, 1024px\" \/><\/figure>\n\n\n\n<p>Il museo contiene preziosi tesori e una ricca documentazione fra cui:<\/p>\n\n\n\n<ul class=\"wp-block-list\"><li>cimeli preistorici e archeologici,<\/li><li>testimonianze storiche da Roma al Rinascimento,<\/li><\/ul>\n\n\n\n<figure class=\"wp-block-image size-full\"><img loading=\"lazy\" decoding=\"async\" width=\"1024\" height=\"768\" src=\"https:\/\/www.gamberetta.it\/wp-content\/uploads\/2021\/10\/IMG_20210710_104853_revere-palazzo-ducale-museo-del-po-Copia.jpg\" alt=\"Quadri\" class=\"wp-image-18392\" srcset=\"https:\/\/www.gamberetta.it\/wp-content\/uploads\/2021\/10\/IMG_20210710_104853_revere-palazzo-ducale-museo-del-po-Copia.jpg 1024w, https:\/\/www.gamberetta.it\/wp-content\/uploads\/2021\/10\/IMG_20210710_104853_revere-palazzo-ducale-museo-del-po-Copia-300x225.jpg 300w, https:\/\/www.gamberetta.it\/wp-content\/uploads\/2021\/10\/IMG_20210710_104853_revere-palazzo-ducale-museo-del-po-Copia-768x576.jpg 768w, https:\/\/www.gamberetta.it\/wp-content\/uploads\/2021\/10\/IMG_20210710_104853_revere-palazzo-ducale-museo-del-po-Copia-1000x750.jpg 1000w, https:\/\/www.gamberetta.it\/wp-content\/uploads\/2021\/10\/IMG_20210710_104853_revere-palazzo-ducale-museo-del-po-Copia-570x428.jpg 570w, https:\/\/www.gamberetta.it\/wp-content\/uploads\/2021\/10\/IMG_20210710_104853_revere-palazzo-ducale-museo-del-po-Copia-330x248.jpg 330w\" sizes=\"(max-width: 1024px) 100vw, 1024px\" \/><\/figure>\n\n\n\n<ul class=\"wp-block-list\"><li>modellini di barche e vari mezzi di trasporto,<\/li><li>ampia rappresentanza della ricca fauna locale,<\/li><\/ul>\n\n\n\n<figure class=\"wp-block-image size-full\"><img loading=\"lazy\" decoding=\"async\" width=\"1024\" height=\"768\" src=\"https:\/\/www.gamberetta.it\/wp-content\/uploads\/2021\/10\/IMG_20210710_111503.jpg\" alt=\"Modellini di navi\" class=\"wp-image-18403\" srcset=\"https:\/\/www.gamberetta.it\/wp-content\/uploads\/2021\/10\/IMG_20210710_111503.jpg 1024w, https:\/\/www.gamberetta.it\/wp-content\/uploads\/2021\/10\/IMG_20210710_111503-300x225.jpg 300w, https:\/\/www.gamberetta.it\/wp-content\/uploads\/2021\/10\/IMG_20210710_111503-768x576.jpg 768w, https:\/\/www.gamberetta.it\/wp-content\/uploads\/2021\/10\/IMG_20210710_111503-1000x750.jpg 1000w, https:\/\/www.gamberetta.it\/wp-content\/uploads\/2021\/10\/IMG_20210710_111503-570x428.jpg 570w, https:\/\/www.gamberetta.it\/wp-content\/uploads\/2021\/10\/IMG_20210710_111503-330x248.jpg 330w\" sizes=\"(max-width: 1024px) 100vw, 1024px\" \/><\/figure>\n\n\n\n<ul class=\"wp-block-list\"><li>la caccia e la pesca con i loro utensili,<\/li><li>le vecchie attrezzature degli artigiani e agricoltori,<\/li><\/ul>\n\n\n\n<figure class=\"wp-block-image size-full\"><img loading=\"lazy\" decoding=\"async\" width=\"1024\" height=\"768\" src=\"https:\/\/www.gamberetta.it\/wp-content\/uploads\/2021\/10\/IMG_20210710_111548.jpg\" alt=\"vecchie mappe\" class=\"wp-image-18405\" srcset=\"https:\/\/www.gamberetta.it\/wp-content\/uploads\/2021\/10\/IMG_20210710_111548.jpg 1024w, https:\/\/www.gamberetta.it\/wp-content\/uploads\/2021\/10\/IMG_20210710_111548-300x225.jpg 300w, https:\/\/www.gamberetta.it\/wp-content\/uploads\/2021\/10\/IMG_20210710_111548-768x576.jpg 768w, https:\/\/www.gamberetta.it\/wp-content\/uploads\/2021\/10\/IMG_20210710_111548-1000x750.jpg 1000w, https:\/\/www.gamberetta.it\/wp-content\/uploads\/2021\/10\/IMG_20210710_111548-570x428.jpg 570w, https:\/\/www.gamberetta.it\/wp-content\/uploads\/2021\/10\/IMG_20210710_111548-330x248.jpg 330w\" sizes=\"(max-width: 1024px) 100vw, 1024px\" \/><\/figure>\n\n\n\n<ul class=\"wp-block-list\"><li>cartografia e immagini che mostrano com&#8217;era Revere nel passato, fra Ottocento e Novecento,<\/li><li>le attivit\u00e0 produttive sorte accanto al fiume, prima i mulini e poi le fabbriche,<\/li><li>la costruzione dei ponti e le distruzioni perpetrate durante le guerre.<\/li><\/ul>\n\n\n\n<figure class=\"wp-block-image size-full\"><img loading=\"lazy\" decoding=\"async\" width=\"1024\" height=\"768\" src=\"https:\/\/www.gamberetta.it\/wp-content\/uploads\/2021\/10\/IMG_20210710_105641_revere-palazzo-ducale-museo-del-po-Copia.jpg\" alt=\"il corso del po in una vecchia cartina\" class=\"wp-image-18390\" srcset=\"https:\/\/www.gamberetta.it\/wp-content\/uploads\/2021\/10\/IMG_20210710_105641_revere-palazzo-ducale-museo-del-po-Copia.jpg 1024w, https:\/\/www.gamberetta.it\/wp-content\/uploads\/2021\/10\/IMG_20210710_105641_revere-palazzo-ducale-museo-del-po-Copia-300x225.jpg 300w, https:\/\/www.gamberetta.it\/wp-content\/uploads\/2021\/10\/IMG_20210710_105641_revere-palazzo-ducale-museo-del-po-Copia-768x576.jpg 768w, https:\/\/www.gamberetta.it\/wp-content\/uploads\/2021\/10\/IMG_20210710_105641_revere-palazzo-ducale-museo-del-po-Copia-1000x750.jpg 1000w, https:\/\/www.gamberetta.it\/wp-content\/uploads\/2021\/10\/IMG_20210710_105641_revere-palazzo-ducale-museo-del-po-Copia-570x428.jpg 570w, https:\/\/www.gamberetta.it\/wp-content\/uploads\/2021\/10\/IMG_20210710_105641_revere-palazzo-ducale-museo-del-po-Copia-330x248.jpg 330w\" sizes=\"(max-width: 1024px) 100vw, 1024px\" \/><\/figure>\n\n\n\n<p>Il pezzo forte per me sono le 47 tavole disegnate dagli Austriaci, che mostrano in dettaglio com&#8217;era il corso del Po duecento anni fa, all&#8217;epoca della loro dominazione.<\/p>\n\n\n\n<p>Curiosit\u00e0: coprono solo il tratto del fiume posseduto allora dagli stessi Austriaci, da Pavia dove il Ticino si getta nel Po, sino al delta. Sono circa 150 km.<\/p>\n\n\n\n<figure class=\"wp-block-image size-full\"><img loading=\"lazy\" decoding=\"async\" width=\"1024\" height=\"768\" src=\"https:\/\/www.gamberetta.it\/wp-content\/uploads\/2021\/10\/IMG_20210710_110832_revere-palazzo-ducale-museo-del-po-Copia.jpg\" alt=\"io e la cartina del fiume po\" class=\"wp-image-18391\" srcset=\"https:\/\/www.gamberetta.it\/wp-content\/uploads\/2021\/10\/IMG_20210710_110832_revere-palazzo-ducale-museo-del-po-Copia.jpg 1024w, https:\/\/www.gamberetta.it\/wp-content\/uploads\/2021\/10\/IMG_20210710_110832_revere-palazzo-ducale-museo-del-po-Copia-300x225.jpg 300w, https:\/\/www.gamberetta.it\/wp-content\/uploads\/2021\/10\/IMG_20210710_110832_revere-palazzo-ducale-museo-del-po-Copia-768x576.jpg 768w, https:\/\/www.gamberetta.it\/wp-content\/uploads\/2021\/10\/IMG_20210710_110832_revere-palazzo-ducale-museo-del-po-Copia-1000x750.jpg 1000w, https:\/\/www.gamberetta.it\/wp-content\/uploads\/2021\/10\/IMG_20210710_110832_revere-palazzo-ducale-museo-del-po-Copia-570x428.jpg 570w, https:\/\/www.gamberetta.it\/wp-content\/uploads\/2021\/10\/IMG_20210710_110832_revere-palazzo-ducale-museo-del-po-Copia-330x248.jpg 330w\" sizes=\"(max-width: 1024px) 100vw, 1024px\" \/><\/figure>\n\n\n\n<p>Le tavole sono stupefacenti, dopo una mostra itinerante in varie parti d&#8217;Italia hanno trovato la propria sede definitiva proprio qui a Revere. E la gente le esibisce con orgoglio ai visitatori.<\/p>\n\n\n\n<p>Si tratta di un luogo accogliente e per questo la visita del museo piacer\u00e0 a tutti, sia agli appassionati di storia e cultura, sia a chi ricerca le tradizioni perdute e le bellezze naturali.<\/p>\n\n\n\n<p>Da studiare qui e poi andare a vedere in riva al fiume, per esempio nelle riserve appositamente costituite.<\/p>\n\n\n\n<p>L&#8217;approccio \u00e8 al contempo antico, nel senso di preservazione del passato, sia moderno e tecnologico.<\/p>\n\n\n\n<div class=\"wp-block-image\"><figure class=\"aligncenter size-full\"><img loading=\"lazy\" decoding=\"async\" width=\"768\" height=\"1024\" src=\"https:\/\/www.gamberetta.it\/wp-content\/uploads\/2021\/10\/IMG_20210710_111022.jpg\" alt=\"QR code per la visita\" class=\"wp-image-18398\" srcset=\"https:\/\/www.gamberetta.it\/wp-content\/uploads\/2021\/10\/IMG_20210710_111022.jpg 768w, https:\/\/www.gamberetta.it\/wp-content\/uploads\/2021\/10\/IMG_20210710_111022-225x300.jpg 225w, https:\/\/www.gamberetta.it\/wp-content\/uploads\/2021\/10\/IMG_20210710_111022-600x800.jpg 600w\" sizes=\"(max-width: 768px) 100vw, 768px\" \/><\/figure><\/div>\n\n\n\n<p>Le postazioni QR code per audioguida facilitano le visite in autonomia.<\/p>\n\n\n\n<h2 class=\"wp-block-heading\">DOPO LA VISITA<\/h2>\n\n\n\n<p>Che dire? Esco frastornata ed emozionata da questa visita, non ho visto tutto, anzi.<\/p>\n\n\n\n<p>Alla fine mi hanno letteralmente trascinato fuori.<\/p>\n\n\n\n<p>Ho riconosciuto, nei temi trattati, tanti racconti dei nonni materni. Avrei voluto toccare tutti gli attrezzi e utensili, che la bisnonna o gli zii potrebbero aver utilizzato in un passato non molto lontano.<\/p>\n\n\n\n<p>Ho rimirato le foto in bianco e nero cercandovi dei volti noti.<\/p>\n\n\n\n<p>Ho mostrato le foto a mamma Tina al mio ritorno, fra le quali l&#8217;immagine di Palazzo Grazioli. Ecco mi ha detto, io sono nata l\u00ec vicino. Lo sapevo ma poteva dirmelo, sarei andata a vedere.<\/p>\n\n\n\n<div class=\"wp-block-image\"><figure class=\"aligncenter size-full\"><img loading=\"lazy\" decoding=\"async\" width=\"768\" height=\"1024\" src=\"https:\/\/www.gamberetta.it\/wp-content\/uploads\/2021\/10\/IMG_20210710_110656.jpg\" alt=\"vecchia revere \" class=\"wp-image-18393\" srcset=\"https:\/\/www.gamberetta.it\/wp-content\/uploads\/2021\/10\/IMG_20210710_110656.jpg 768w, https:\/\/www.gamberetta.it\/wp-content\/uploads\/2021\/10\/IMG_20210710_110656-225x300.jpg 225w, https:\/\/www.gamberetta.it\/wp-content\/uploads\/2021\/10\/IMG_20210710_110656-600x800.jpg 600w\" sizes=\"(max-width: 768px) 100vw, 768px\" \/><\/figure><\/div>\n\n\n\n<p>Sono fortunata ad avere avuto accanto i parenti mantovani per tanti anni, e ad avere tanti ricordi che mi legano a loro, quelli che non ci sono pi\u00f9 e quelli che ci sono, cugini e zii.<\/p>\n\n\n\n<p>Questi luoghi mi diranno sempre tanto, Revere e non solo: Ostiglia, Pieve di Coriano, San Benedetto Po.<\/p>\n\n\n\n<p>E intanto la vita continua, come il fiume che scorre.<\/p>\n\n\n\n<figure class=\"wp-block-image size-full\"><img loading=\"lazy\" decoding=\"async\" width=\"768\" height=\"1024\" src=\"https:\/\/www.gamberetta.it\/wp-content\/uploads\/2021\/07\/IMG_20210710_111931.jpg\" alt=\"io e franchino\" class=\"wp-image-17736\" srcset=\"https:\/\/www.gamberetta.it\/wp-content\/uploads\/2021\/07\/IMG_20210710_111931.jpg 768w, https:\/\/www.gamberetta.it\/wp-content\/uploads\/2021\/07\/IMG_20210710_111931-225x300.jpg 225w, https:\/\/www.gamberetta.it\/wp-content\/uploads\/2021\/07\/IMG_20210710_111931-600x800.jpg 600w\" sizes=\"(max-width: 768px) 100vw, 768px\" \/><\/figure>\n\n\n\n<p>PS saluto il mitico Franchino che ci ha condotto in visita e allietato con spiegazioni, aneddoti, curiosit\u00e0. Avrei voluto passare l&#8217;intera giornata con lui, affinch\u00e9 mi raccontasse ancora il paese che ama. Voler bene al proprio territorio, mostrarlo con parole affettuose e competenti, non \u00e8 da tutti. Grazie e a presto Franchino!<\/p>\n\n\n\n<p>Post in collaborazione con:<\/p>\n\n\n\n<figure class=\"wp-block-embed is-type-wp-embed is-provider-consorzio-oltrepo-mantovano wp-block-embed-consorzio-oltrepo-mantovano\"><div class=\"wp-block-embed__wrapper\">\n<blockquote class=\"wp-embedded-content\" data-secret=\"zNJEpRXE0F\"><a href=\"https:\/\/www.oltrepomantovano.eu\/\">Homepage v4b<\/a><\/blockquote><iframe loading=\"lazy\" class=\"wp-embedded-content\" sandbox=\"allow-scripts\" security=\"restricted\" style=\"position: absolute; clip: rect(1px, 1px, 1px, 1px);\" title=\"&#8220;Homepage v4b&#8221; &#8212; Consorzio Oltrep\u00f2 Mantovano\" src=\"https:\/\/www.oltrepomantovano.eu\/embed\/#?secret=zNJEpRXE0F\" data-secret=\"zNJEpRXE0F\" width=\"600\" height=\"338\" frameborder=\"0\" marginwidth=\"0\" marginheight=\"0\" scrolling=\"no\"><\/iframe>\n<\/div><\/figure>\n\n\n\n<p>Per saperne di pi\u00f9:<\/p>\n\n\n\n<p>http:\/\/reveremuseodelpo.it\/<\/p>\n\n\n\n<p>Ti \u00e8 piaciuto questo post su Mantova e la Lombardia? Allora leggi anche gli altri, li trovi qui:<\/p>\n\n\n\n<p><a href=\"https:\/\/www.gamberetta.it\/it\/myselfsudime\/milano-e-la-lombardia\/\" target=\"_blank\" rel=\"noreferrer noopener\">https:\/\/www.gamberetta.it\/it\/myselfsudime\/milano-e-la-lombardia\/<\/a><\/p>\n","protected":false},"excerpt":{"rendered":"<p>Piccole rive, basse sponde di un fiume. Revere come Ostiglia prende il nome dalla sua collocazione, la sponda destra del fiume Po. Il Palazzo Ducale di Revere \u00e8 il principale sito di interesse storico e culturale per chi visita questo paese. Revere ora \u00e8 diventato parte di un comune pi\u00f9 grande che si chiama Borgo &hellip; <a class=\"more-link\" href=\"https:\/\/www.gamberetta.it\/it\/2021\/10\/05\/visitare-il-palazzo-ducale-di-revere\/\">Leggi tutto<i class=\"ion-ios-arrow-thin-right\"><\/i><\/a><\/p>\n","protected":false},"author":2,"featured_media":17722,"comment_status":"open","ping_status":"closed","sticky":false,"template":"","format":"standard","meta":{"footnotes":""},"categories":[68,26,105,73,3039,72],"tags":[],"class_list":["post-18380","post","type-post","status-publish","format-standard","has-post-thumbnail","hentry","category-food-wine","category-friends","category-in-campagna","category-milano","category-musei-e-mostre","category-parents-family"],"yoast_head":"<!-- This site is optimized with the Yoast SEO plugin v23.5 - https:\/\/yoast.com\/wordpress\/plugins\/seo\/ -->\n<title>VISITARE IL PALAZZO DUCALE DI REVERE - Gamberetta<\/title>\n<meta name=\"robots\" content=\"index, follow, max-snippet:-1, max-image-preview:large, max-video-preview:-1\" \/>\n<link rel=\"canonical\" href=\"https:\/\/www.gamberetta.it\/it\/2021\/10\/05\/visitare-il-palazzo-ducale-di-revere\/\" \/>\n<meta property=\"og:locale\" content=\"it_IT\" \/>\n<meta property=\"og:type\" content=\"article\" \/>\n<meta property=\"og:title\" content=\"VISITARE IL PALAZZO DUCALE DI REVERE - Gamberetta\" \/>\n<meta property=\"og:description\" content=\"Piccole rive, basse sponde di un fiume. Revere come Ostiglia prende il nome dalla sua collocazione, la sponda destra del fiume Po. Il Palazzo Ducale di Revere \u00e8 il principale sito di interesse storico e culturale per chi visita questo paese. Revere ora \u00e8 diventato parte di un comune pi\u00f9 grande che si chiama Borgo &hellip; Leggi tutto\" \/>\n<meta property=\"og:url\" content=\"https:\/\/www.gamberetta.it\/it\/2021\/10\/05\/visitare-il-palazzo-ducale-di-revere\/\" \/>\n<meta property=\"og:site_name\" content=\"Gamberetta\" \/>\n<meta property=\"article:publisher\" content=\"https:\/\/www.facebook.com\/Gamberettatravelblog\" \/>\n<meta property=\"article:published_time\" content=\"2021-10-05T09:16:00+00:00\" \/>\n<meta property=\"article:modified_time\" content=\"2021-10-08T21:02:02+00:00\" \/>\n<meta name=\"author\" content=\"gamberetta\" \/>\n<meta name=\"twitter:card\" content=\"summary_large_image\" \/>\n<meta name=\"twitter:creator\" content=\"@robertazennaro\" \/>\n<meta name=\"twitter:site\" content=\"@robertazennaro\" \/>\n<meta name=\"twitter:label1\" content=\"Scritto da\" \/>\n\t<meta name=\"twitter:data1\" content=\"gamberetta\" \/>\n\t<meta name=\"twitter:label2\" content=\"Tempo di lettura stimato\" \/>\n\t<meta name=\"twitter:data2\" content=\"6 minuti\" \/>\n<script type=\"application\/ld+json\" class=\"yoast-schema-graph\">{\"@context\":\"https:\/\/schema.org\",\"@graph\":[{\"@type\":\"WebPage\",\"@id\":\"https:\/\/www.gamberetta.it\/it\/2021\/10\/05\/visitare-il-palazzo-ducale-di-revere\/\",\"url\":\"https:\/\/www.gamberetta.it\/it\/2021\/10\/05\/visitare-il-palazzo-ducale-di-revere\/\",\"name\":\"VISITARE IL PALAZZO DUCALE DI REVERE - Gamberetta\",\"isPartOf\":{\"@id\":\"https:\/\/www.gamberetta.it\/it\/#website\"},\"primaryImageOfPage\":{\"@id\":\"https:\/\/www.gamberetta.it\/it\/2021\/10\/05\/visitare-il-palazzo-ducale-di-revere\/#primaryimage\"},\"image\":{\"@id\":\"https:\/\/www.gamberetta.it\/it\/2021\/10\/05\/visitare-il-palazzo-ducale-di-revere\/#primaryimage\"},\"thumbnailUrl\":\"\",\"datePublished\":\"2021-10-05T09:16:00+00:00\",\"dateModified\":\"2021-10-08T21:02:02+00:00\",\"author\":{\"@id\":\"https:\/\/www.gamberetta.it\/it\/#\/schema\/person\/7a4a919927c944edb5f3f9c665590124\"},\"breadcrumb\":{\"@id\":\"https:\/\/www.gamberetta.it\/it\/2021\/10\/05\/visitare-il-palazzo-ducale-di-revere\/#breadcrumb\"},\"inLanguage\":\"it-IT\",\"potentialAction\":[{\"@type\":\"ReadAction\",\"target\":[\"https:\/\/www.gamberetta.it\/it\/2021\/10\/05\/visitare-il-palazzo-ducale-di-revere\/\"]}]},{\"@type\":\"ImageObject\",\"inLanguage\":\"it-IT\",\"@id\":\"https:\/\/www.gamberetta.it\/it\/2021\/10\/05\/visitare-il-palazzo-ducale-di-revere\/#primaryimage\",\"url\":\"\",\"contentUrl\":\"\"},{\"@type\":\"BreadcrumbList\",\"@id\":\"https:\/\/www.gamberetta.it\/it\/2021\/10\/05\/visitare-il-palazzo-ducale-di-revere\/#breadcrumb\",\"itemListElement\":[{\"@type\":\"ListItem\",\"position\":1,\"name\":\"Home\",\"item\":\"https:\/\/www.gamberetta.it\/it\/\"},{\"@type\":\"ListItem\",\"position\":2,\"name\":\"VISITARE IL PALAZZO DUCALE DI REVERE\"}]},{\"@type\":\"WebSite\",\"@id\":\"https:\/\/www.gamberetta.it\/it\/#website\",\"url\":\"https:\/\/www.gamberetta.it\/it\/\",\"name\":\"Gamberetta\",\"description\":\"Il mio blog senza fronzoli: pensieri e parole, sempre e ovunque in viaggio\",\"potentialAction\":[{\"@type\":\"SearchAction\",\"target\":{\"@type\":\"EntryPoint\",\"urlTemplate\":\"https:\/\/www.gamberetta.it\/it\/?s={search_term_string}\"},\"query-input\":{\"@type\":\"PropertyValueSpecification\",\"valueRequired\":true,\"valueName\":\"search_term_string\"}}],\"inLanguage\":\"it-IT\"},{\"@type\":\"Person\",\"@id\":\"https:\/\/www.gamberetta.it\/it\/#\/schema\/person\/7a4a919927c944edb5f3f9c665590124\",\"name\":\"gamberetta\",\"image\":{\"@type\":\"ImageObject\",\"inLanguage\":\"it-IT\",\"@id\":\"https:\/\/www.gamberetta.it\/it\/#\/schema\/person\/image\/\",\"url\":\"https:\/\/secure.gravatar.com\/avatar\/7ef5d82656b8958070b4f589b7ae1784?s=96&d=mm&r=g\",\"contentUrl\":\"https:\/\/secure.gravatar.com\/avatar\/7ef5d82656b8958070b4f589b7ae1784?s=96&d=mm&r=g\",\"caption\":\"gamberetta\"},\"description\":\"Sono Toro ascendente Scorpione, terra di contrasti dove ora prevale una met\u00e0, ora l\u2019altra. L\u2019infanzia in Veneto e gli ultimi anni passati a Milano hanno sviluppato in me una serie ulteriore di conflitti. Scrivo da sempre, la scrittura \u00e8 la migliore forma espressiva che mi consente di fissare concetti altrimenti sospesi nell\u2019aria. Da bambina scrivevo poesie con uno stile quasi leopardiano poi sono passata ai diari di viaggio dalla prima volta in USA nel 1998 e non ho pi\u00f9 smesso...\",\"url\":\"https:\/\/www.gamberetta.it\/it\/author\/gamberettarossa\/\"}]}<\/script>\n<!-- \/ Yoast SEO plugin. -->","yoast_head_json":{"title":"VISITARE IL PALAZZO DUCALE DI REVERE - Gamberetta","robots":{"index":"index","follow":"follow","max-snippet":"max-snippet:-1","max-image-preview":"max-image-preview:large","max-video-preview":"max-video-preview:-1"},"canonical":"https:\/\/www.gamberetta.it\/it\/2021\/10\/05\/visitare-il-palazzo-ducale-di-revere\/","og_locale":"it_IT","og_type":"article","og_title":"VISITARE IL PALAZZO DUCALE DI REVERE - Gamberetta","og_description":"Piccole rive, basse sponde di un fiume. Revere come Ostiglia prende il nome dalla sua collocazione, la sponda destra del fiume Po. Il Palazzo Ducale di Revere \u00e8 il principale sito di interesse storico e culturale per chi visita questo paese. Revere ora \u00e8 diventato parte di un comune pi\u00f9 grande che si chiama Borgo &hellip; Leggi tutto","og_url":"https:\/\/www.gamberetta.it\/it\/2021\/10\/05\/visitare-il-palazzo-ducale-di-revere\/","og_site_name":"Gamberetta","article_publisher":"https:\/\/www.facebook.com\/Gamberettatravelblog","article_published_time":"2021-10-05T09:16:00+00:00","article_modified_time":"2021-10-08T21:02:02+00:00","author":"gamberetta","twitter_card":"summary_large_image","twitter_creator":"@robertazennaro","twitter_site":"@robertazennaro","twitter_misc":{"Scritto da":"gamberetta","Tempo di lettura stimato":"6 minuti"},"schema":{"@context":"https:\/\/schema.org","@graph":[{"@type":"WebPage","@id":"https:\/\/www.gamberetta.it\/it\/2021\/10\/05\/visitare-il-palazzo-ducale-di-revere\/","url":"https:\/\/www.gamberetta.it\/it\/2021\/10\/05\/visitare-il-palazzo-ducale-di-revere\/","name":"VISITARE IL PALAZZO DUCALE DI REVERE - Gamberetta","isPartOf":{"@id":"https:\/\/www.gamberetta.it\/it\/#website"},"primaryImageOfPage":{"@id":"https:\/\/www.gamberetta.it\/it\/2021\/10\/05\/visitare-il-palazzo-ducale-di-revere\/#primaryimage"},"image":{"@id":"https:\/\/www.gamberetta.it\/it\/2021\/10\/05\/visitare-il-palazzo-ducale-di-revere\/#primaryimage"},"thumbnailUrl":"","datePublished":"2021-10-05T09:16:00+00:00","dateModified":"2021-10-08T21:02:02+00:00","author":{"@id":"https:\/\/www.gamberetta.it\/it\/#\/schema\/person\/7a4a919927c944edb5f3f9c665590124"},"breadcrumb":{"@id":"https:\/\/www.gamberetta.it\/it\/2021\/10\/05\/visitare-il-palazzo-ducale-di-revere\/#breadcrumb"},"inLanguage":"it-IT","potentialAction":[{"@type":"ReadAction","target":["https:\/\/www.gamberetta.it\/it\/2021\/10\/05\/visitare-il-palazzo-ducale-di-revere\/"]}]},{"@type":"ImageObject","inLanguage":"it-IT","@id":"https:\/\/www.gamberetta.it\/it\/2021\/10\/05\/visitare-il-palazzo-ducale-di-revere\/#primaryimage","url":"","contentUrl":""},{"@type":"BreadcrumbList","@id":"https:\/\/www.gamberetta.it\/it\/2021\/10\/05\/visitare-il-palazzo-ducale-di-revere\/#breadcrumb","itemListElement":[{"@type":"ListItem","position":1,"name":"Home","item":"https:\/\/www.gamberetta.it\/it\/"},{"@type":"ListItem","position":2,"name":"VISITARE IL PALAZZO DUCALE DI REVERE"}]},{"@type":"WebSite","@id":"https:\/\/www.gamberetta.it\/it\/#website","url":"https:\/\/www.gamberetta.it\/it\/","name":"Gamberetta","description":"Il mio blog senza fronzoli: pensieri e parole, sempre e ovunque in viaggio","potentialAction":[{"@type":"SearchAction","target":{"@type":"EntryPoint","urlTemplate":"https:\/\/www.gamberetta.it\/it\/?s={search_term_string}"},"query-input":{"@type":"PropertyValueSpecification","valueRequired":true,"valueName":"search_term_string"}}],"inLanguage":"it-IT"},{"@type":"Person","@id":"https:\/\/www.gamberetta.it\/it\/#\/schema\/person\/7a4a919927c944edb5f3f9c665590124","name":"gamberetta","image":{"@type":"ImageObject","inLanguage":"it-IT","@id":"https:\/\/www.gamberetta.it\/it\/#\/schema\/person\/image\/","url":"https:\/\/secure.gravatar.com\/avatar\/7ef5d82656b8958070b4f589b7ae1784?s=96&d=mm&r=g","contentUrl":"https:\/\/secure.gravatar.com\/avatar\/7ef5d82656b8958070b4f589b7ae1784?s=96&d=mm&r=g","caption":"gamberetta"},"description":"Sono Toro ascendente Scorpione, terra di contrasti dove ora prevale una met\u00e0, ora l\u2019altra. L\u2019infanzia in Veneto e gli ultimi anni passati a Milano hanno sviluppato in me una serie ulteriore di conflitti. Scrivo da sempre, la scrittura \u00e8 la migliore forma espressiva che mi consente di fissare concetti altrimenti sospesi nell\u2019aria. Da bambina scrivevo poesie con uno stile quasi leopardiano poi sono passata ai diari di viaggio dalla prima volta in USA nel 1998 e non ho pi\u00f9 smesso...","url":"https:\/\/www.gamberetta.it\/it\/author\/gamberettarossa\/"}]}},"_links":{"self":[{"href":"https:\/\/www.gamberetta.it\/it\/wp-json\/wp\/v2\/posts\/18380"}],"collection":[{"href":"https:\/\/www.gamberetta.it\/it\/wp-json\/wp\/v2\/posts"}],"about":[{"href":"https:\/\/www.gamberetta.it\/it\/wp-json\/wp\/v2\/types\/post"}],"author":[{"embeddable":true,"href":"https:\/\/www.gamberetta.it\/it\/wp-json\/wp\/v2\/users\/2"}],"replies":[{"embeddable":true,"href":"https:\/\/www.gamberetta.it\/it\/wp-json\/wp\/v2\/comments?post=18380"}],"version-history":[{"count":7,"href":"https:\/\/www.gamberetta.it\/it\/wp-json\/wp\/v2\/posts\/18380\/revisions"}],"predecessor-version":[{"id":18406,"href":"https:\/\/www.gamberetta.it\/it\/wp-json\/wp\/v2\/posts\/18380\/revisions\/18406"}],"wp:featuredmedia":[{"embeddable":true,"href":"https:\/\/www.gamberetta.it\/it\/wp-json\/wp\/v2\/media\/17722"}],"wp:attachment":[{"href":"https:\/\/www.gamberetta.it\/it\/wp-json\/wp\/v2\/media?parent=18380"}],"wp:term":[{"taxonomy":"category","embeddable":true,"href":"https:\/\/www.gamberetta.it\/it\/wp-json\/wp\/v2\/categories?post=18380"},{"taxonomy":"post_tag","embeddable":true,"href":"https:\/\/www.gamberetta.it\/it\/wp-json\/wp\/v2\/tags?post=18380"}],"curies":[{"name":"wp","href":"https:\/\/api.w.org\/{rel}","templated":true}]}}