{"id":18505,"date":"2021-11-27T21:18:22","date_gmt":"2021-11-27T20:18:22","guid":{"rendered":"https:\/\/www.gamberetta.it\/it\/?p=18505"},"modified":"2025-10-19T09:42:48","modified_gmt":"2025-10-19T07:42:48","slug":"a-livorno-la-prima-edizione-di-wine-destinations-italia","status":"publish","type":"post","link":"https:\/\/www.gamberetta.it\/it\/2021\/11\/27\/a-livorno-la-prima-edizione-di-wine-destinations-italia\/","title":{"rendered":"A LIVORNO LA PRIMA EDIZIONE DI WINE DESTINATIONS ITALIA"},"content":{"rendered":"\n<p>L&#8217;Italia del vino riparte dalla Toscana, \u00e8 ripartita alla grande in verit\u00e0 tutta l&#8217;Italia, in questo 2021 in cui le possibilit\u00e0 di conoscere i vignaioli e assaggiare i loro vini si sono moltiplicate.<\/p>\n\n\n\n<figure class=\"wp-block-image size-full\"><img loading=\"lazy\" decoding=\"async\" width=\"1024\" height=\"768\" src=\"https:\/\/www.gamberetta.it\/wp-content\/uploads\/2021\/11\/IMG_20211113_112254.jpg\" alt=\" \" class=\"wp-image-18507\" srcset=\"https:\/\/www.gamberetta.it\/wp-content\/uploads\/2021\/11\/IMG_20211113_112254.jpg 1024w, https:\/\/www.gamberetta.it\/wp-content\/uploads\/2021\/11\/IMG_20211113_112254-300x225.jpg 300w, https:\/\/www.gamberetta.it\/wp-content\/uploads\/2021\/11\/IMG_20211113_112254-768x576.jpg 768w, https:\/\/www.gamberetta.it\/wp-content\/uploads\/2021\/11\/IMG_20211113_112254-1000x750.jpg 1000w, https:\/\/www.gamberetta.it\/wp-content\/uploads\/2021\/11\/IMG_20211113_112254-570x428.jpg 570w, https:\/\/www.gamberetta.it\/wp-content\/uploads\/2021\/11\/IMG_20211113_112254-330x248.jpg 330w\" sizes=\"(max-width: 1024px) 100vw, 1024px\" \/><\/figure>\n\n\n\n<p>E andare a una fiera del vino \u00e8 una di quelle occasioni che i winelover come me non si lasciano certo scappare, tanto pi\u00f9 oggi che abbiamo voglia di curiosare e approfondire le mille sfaccettature del nettare degli dei.<\/p>\n\n\n\n<p>Livorno ha ospitato due settimane fa, il 13 e 14 novembre, la prima edizione di Wine Destinations Italia, evento dedicato al turismo del vino dove circa 80 cantine sono convenute al terminal crociere del porto.<\/p>\n\n\n<div class=\"wp-block-image\">\n<figure class=\"aligncenter size-full\"><img loading=\"lazy\" decoding=\"async\" width=\"768\" height=\"1024\" src=\"https:\/\/www.gamberetta.it\/wp-content\/uploads\/2021\/11\/IMG_20211114_102550.jpg\" alt=\"porto livorno\" class=\"wp-image-18508\" srcset=\"https:\/\/www.gamberetta.it\/wp-content\/uploads\/2021\/11\/IMG_20211114_102550.jpg 768w, https:\/\/www.gamberetta.it\/wp-content\/uploads\/2021\/11\/IMG_20211114_102550-225x300.jpg 225w, https:\/\/www.gamberetta.it\/wp-content\/uploads\/2021\/11\/IMG_20211114_102550-60x80.jpg 60w, https:\/\/www.gamberetta.it\/wp-content\/uploads\/2021\/11\/IMG_20211114_102550-600x800.jpg 600w\" sizes=\"(max-width: 768px) 100vw, 768px\" \/><\/figure><\/div>\n\n\n<p>Hanno messo sui banchi d&#8217;assaggio i loro vini e le esperienze disponibili per i visitatori.<\/p>\n\n\n\n<p>Hanno mostrato tutto ci\u00f2 che gira attorno al vigneto e alla cantina: all&#8217;aria aperta tra i filari delle viti generose, fra le mura delle cantine che ci proteggono e ci scaldano, e fuori, alla scoperta dei tesori dei territori enologici italiani. Ci sono le visite e degustazioni ovviamente, ma anche occasioni all&#8217;insegna della cultura:<\/p>\n\n\n\n<ul class=\"wp-block-list\">\n<li>\u00a0Letture, musica e teatro.<\/li>\n\n\n\n<li>\u00a0Passeggiate e itinerari in bici e a cavallo (le mie attivit\u00e0 preferite all&#8217;aria aperta).<\/li>\n\n\n\n<li>\u00a0Gli eventi (familiari, aziendali, istituzionali) che si possono organizzare \u201cattorno\u201d al vigneto e alla cantina.<\/li>\n\n\n\n<li>\u00a0Gli itinerari alla scoperta del territorio circostante.<\/li>\n<\/ul>\n\n\n\n<p>Insomma il meglio del turismo esperienziale e slow.<\/p>\n\n\n\n<h2 class=\"wp-block-heading\">AITB OSPITE DI WINE DESTINATIONS ITALIA<\/h2>\n\n\n\n<p>A Livorno sono stata in compagnia di 5 colleghi blogger AITB, <a href=\"https:\/\/www.travelbloggeritalia.it\/\">l&#8217;associazione italiana travelblogger<\/a> di cui faccio parte dalla sua fondazione, sei anni fa. Abbiamo raccontato l&#8217;evento tramite contenuti sui social network, con il nostro punto di vista di viaggiatori curiosi. Alla fine di un weekend tanto impegnativo quanto piacevole, ora stiamo portando le rispettive esperienze sui nostri blog. Io sono Gamberetta.<\/p>\n\n\n\n<p>Poi ci sono <a href=\"https:\/\/capturingtheworldblog.com\/\">Capturing the world<\/a>, <a href=\"https:\/\/www.fiveintravel.com\/\">Fiveintravel<\/a>, <a href=\"https:\/\/www.mondovagandosenzameta.it\/\">Mondovagando<\/a>, <a href=\"https:\/\/sullestradedelmondo.it\/\">Sulle strade del mondo<\/a>, <a href=\"https:\/\/www.turistadimestiere.com\/\">Turista di mestiere<\/a>. Siamo circa 50 blogger in totale in AITB!<\/p>\n\n\n<div class=\"wp-block-image\">\n<figure class=\"aligncenter size-full\"><img loading=\"lazy\" decoding=\"async\" width=\"768\" height=\"1024\" src=\"https:\/\/www.gamberetta.it\/wp-content\/uploads\/2021\/11\/IMG_20211113_095011.jpg\" alt=\"stand aitb\" class=\"wp-image-18510\" srcset=\"https:\/\/www.gamberetta.it\/wp-content\/uploads\/2021\/11\/IMG_20211113_095011.jpg 768w, https:\/\/www.gamberetta.it\/wp-content\/uploads\/2021\/11\/IMG_20211113_095011-225x300.jpg 225w, https:\/\/www.gamberetta.it\/wp-content\/uploads\/2021\/11\/IMG_20211113_095011-600x800.jpg 600w\" sizes=\"(max-width: 768px) 100vw, 768px\" \/><\/figure><\/div>\n\n\n<p>Abbiamo proposto ad espositori e visitatori la possibilit\u00e0 di promuovere prodotti, territori e location sul web, attraverso il nostro lavoro, le competenze di ognuno e specializzazioni diverse. Viaggi in coppia e in famiglia, viaggi di lusso e viaggi all&#8217;aria aperta, solo per citarne alcuni&#8230;<\/p>\n\n\n\n<p>Poich\u00e9 da anni frequento le cantine per lavoro, il mio punto di vista era privilegiato.<\/p>\n\n\n\n<p>E durante Wine Destinations Italia ho rivisto cantine amiche e vecchi clienti.<\/p>\n\n\n<div class=\"wp-block-image\">\n<figure class=\"aligncenter size-full\"><img loading=\"lazy\" decoding=\"async\" width=\"768\" height=\"1024\" src=\"https:\/\/www.gamberetta.it\/wp-content\/uploads\/2021\/11\/IMG_20211113_103144.jpg\" alt=\"fattoria casalbosco\" class=\"wp-image-18511\" srcset=\"https:\/\/www.gamberetta.it\/wp-content\/uploads\/2021\/11\/IMG_20211113_103144.jpg 768w, https:\/\/www.gamberetta.it\/wp-content\/uploads\/2021\/11\/IMG_20211113_103144-225x300.jpg 225w, https:\/\/www.gamberetta.it\/wp-content\/uploads\/2021\/11\/IMG_20211113_103144-600x800.jpg 600w\" sizes=\"(max-width: 768px) 100vw, 768px\" \/><\/figure><\/div>\n\n\n<p>Nei vari incontri mi sono sentita fortunata da una parte e carica di responsabilit\u00e0 dall&#8217;altra.<\/p>\n\n\n\n<p>Le persone hanno gradito il mio approccio, siamo stati costruttivi e propositivi.<\/p>\n\n\n\n<p>Mi sono immersa in discorsi diversi con i produttori:<\/p>\n\n\n\n<ul class=\"wp-block-list\">\n<li>\u00a0dalle prospettive commerciali in Italia e all&#8217;estero per gli anni a venire, non dimentichiamo le difficolt\u00e0 dovute alle chiusure di ristoranti dei mesi scorsi e allo stop dei viaggi,<\/li>\n\n\n\n<li>\u00a0alla percezione dei consumatori rispetto ai percorsi di sostenibilit\u00e0 che tanti produttori hanno intrapreso.<\/li>\n<\/ul>\n\n\n\n<p>Il rispetto dell&#8217;ambiente e delle persone sono termini pi\u00f9 chiari e pratici dell&#8217;ormai abusata sostenibilit\u00e0, temi ormai imprescindibili in chiave di produzione, ma anche per promuovere i territori enologici correttamente.<\/p>\n\n\n\n<p>A nessuno piacerebbe passeggiare in un vigneto che poco prima \u00e8 stato trattato, corretto? Sono convinta che stando vicini ai produttori di vino potremo fare tanta strada insieme.&nbsp;<\/p>\n\n\n\n<h2 class=\"wp-block-heading\">LE CANTINE ESPOSITRICI<\/h2>\n\n\n\n<p>Le aziende toscane han fatto la parte del leone ovviamente, ma erano circa 80 i produttori convenuti a Livorno, provenienti da varie zone enologiche d&#8217;Italia isole comprese. Li abbiamo incontrati, ci hanno raccontato i loro vini e le esperienze che propongono, in vigneto e tutto attorno. Questo mondo bellissimo \u00e8 in pieno fermento e i vignaioli sono sempre pi\u00f9 impegnati a fare dei vini buoni, puliti, rispettosi dell&#8217;ambiente.<\/p>\n\n\n\n<figure class=\"wp-block-image size-full\"><img loading=\"lazy\" decoding=\"async\" width=\"1024\" height=\"768\" src=\"https:\/\/www.gamberetta.it\/wp-content\/uploads\/2021\/11\/IMG_20211114_125528.jpg\" alt=\"cantina toscana\" class=\"wp-image-18513\" srcset=\"https:\/\/www.gamberetta.it\/wp-content\/uploads\/2021\/11\/IMG_20211114_125528.jpg 1024w, https:\/\/www.gamberetta.it\/wp-content\/uploads\/2021\/11\/IMG_20211114_125528-300x225.jpg 300w, https:\/\/www.gamberetta.it\/wp-content\/uploads\/2021\/11\/IMG_20211114_125528-768x576.jpg 768w, https:\/\/www.gamberetta.it\/wp-content\/uploads\/2021\/11\/IMG_20211114_125528-1000x750.jpg 1000w, https:\/\/www.gamberetta.it\/wp-content\/uploads\/2021\/11\/IMG_20211114_125528-570x428.jpg 570w, https:\/\/www.gamberetta.it\/wp-content\/uploads\/2021\/11\/IMG_20211114_125528-330x248.jpg 330w\" sizes=\"(max-width: 1024px) 100vw, 1024px\" \/><\/figure>\n\n\n\n<p>Le cantine aderenti alla manifestazione hanno presentato le loro Wine experience e le hanno messe a disposizione dei visitatori. Si tratta di pacchetti o pi\u00f9 spesso proposte personalizzate, acquistabili in loco attraverso un modulo apposito. Da utilizzare per oltre un anno, fino alla fine del 2022, da tenere per s\u00e9 o come buono regalo.<\/p>\n\n\n\n<p>Si possono tuttora vedere sul sito web della manifestazione, nelle schede di ciascuna cantina presente, assieme all&#8217;elenco dei vini in degustazione e al profilo del produttore. Un comodo modulo di contatto fornisce tutte le informazioni e permette di prenotare.<\/p>\n\n\n\n<figure class=\"wp-block-image size-full\"><img loading=\"lazy\" decoding=\"async\" width=\"768\" height=\"1024\" src=\"https:\/\/www.gamberetta.it\/wp-content\/uploads\/2021\/11\/IMG_20211113_112506.jpg\" alt=\"cantina montepulciano\" class=\"wp-image-18514\" srcset=\"https:\/\/www.gamberetta.it\/wp-content\/uploads\/2021\/11\/IMG_20211113_112506.jpg 768w, https:\/\/www.gamberetta.it\/wp-content\/uploads\/2021\/11\/IMG_20211113_112506-225x300.jpg 225w, https:\/\/www.gamberetta.it\/wp-content\/uploads\/2021\/11\/IMG_20211113_112506-600x800.jpg 600w\" sizes=\"(max-width: 768px) 100vw, 768px\" \/><\/figure>\n\n\n\n<p>Alcuni consorzi toscani hanno riunito le cantine aderenti, come la Vernaccia di San Gimignano, la DOC Maremma, la Strada Costa degli Etruschi. Tutte sono zone enologiche di grande pregio, alcune \u2013 come la Costa degli Etruschi \u2013 sono collocate a pochi chilometri da Livorno. E proprio qui vicino, a Bolgheri e dintorni, sono stata in visita prima di fermarmi a Livorno con gli amici blogger AITB, per visitare cantine e frantoi. Ne parler\u00f2 presto in un post dedicato.<\/p>\n\n\n\n<p>Siccome specialmente (ma non solo) in Toscana il vino va a braccetto con l&#8217;olio, quest&#8217;ultimo \u00e8 stato messo in mostra. Novembre \u00e8 il mese perfetto per assaggiare l&#8217;olio nuovo, prodotto pregiatissimo di una freschezza sorprendente e ricco di propriet\u00e0. Si tratta di uno dei prodotti di punta del Made in Italy da valorizzare sempre di pi\u00f9, spesso imitato, come ci mostrano i tanti esempi di <em>Italian sounding<\/em> in giro per il mondo.<\/p>\n\n\n\n<h2 class=\"wp-block-heading\">IL TURISMO DEL VINO E LE ISTITUZIONI<\/h2>\n\n\n\n<p>Alcune associazioni presenti a Livorno hanno presentato i loro servizi e gli eventi, sottolineando il ruolo del vino come volano per la promozione turistica. Con la prospettiva di rivedersi con un ricco calendario nel 2022.<\/p>\n\n\n\n<ul class=\"wp-block-list\">\n<li>\u00a0Associazione citt\u00e0 del vino.<\/li>\n\n\n\n<li>\u00a0Movimento turismo del vino.<\/li>\n\n\n\n<li>\u00a0Borghi pi\u00f9 belli d&#8217;Italia.<\/li>\n\n\n\n<li>\u00a0Associazione dimore storiche d&#8217;Italia.<\/li>\n\n\n\n<li>\u00a0Banca del vino.<\/li>\n\n\n\n<li>\u00a0Associazione nazionale assaggiatori grappa.<\/li>\n<\/ul>\n\n\n\n<p>Il sindaco di Livorno Luca Salvetti ha aperto la manifestazione, ma altri rappresentanti delle istituzioni si sono succeduti sul palco e tra i banchi d&#8217;assaggio. Io ho avuto il piacere di <a href=\"https:\/\/www.youtube.com\/watch?v=x8HEvwslqm4\">intervistare Alessio Mugnaini<\/a>, sindaco di Montespertoli, in rappresentanza delle citt\u00e0 del vino.<\/p>\n\n\n<div class=\"wp-block-image\">\n<figure class=\"aligncenter size-full\"><img loading=\"lazy\" decoding=\"async\" width=\"768\" height=\"1024\" src=\"https:\/\/www.gamberetta.it\/wp-content\/uploads\/2021\/11\/IMG_20211114_112605.jpg\" alt=\"alessio mugnaini\" class=\"wp-image-18515\" srcset=\"https:\/\/www.gamberetta.it\/wp-content\/uploads\/2021\/11\/IMG_20211114_112605.jpg 768w, https:\/\/www.gamberetta.it\/wp-content\/uploads\/2021\/11\/IMG_20211114_112605-225x300.jpg 225w, https:\/\/www.gamberetta.it\/wp-content\/uploads\/2021\/11\/IMG_20211114_112605-600x800.jpg 600w\" sizes=\"(max-width: 768px) 100vw, 768px\" \/><\/figure><\/div>\n\n\n<h2 class=\"wp-block-heading\">GLI INCONTRI COLLATERALI<\/h2>\n\n\n\n<p>La scuola europea sommelier, delegazione di Livorno, uno dei partner dell&#8217;evento, ha organizzato diverse degustazioni. Al silo dei magazzini del tirreno, adiacente al terminal crociere, si sono riuniti sommelier ed enoappassionati.<\/p>\n\n\n\n<p>Momenti di approfondimento si sono tenuti sul palco in area stampa, una dozzina di conferenze con focus diversi: le donne del vino, il vino a fumetti, le cantine che strizzano l&#8217;occhio al cinema, alla moda e al design, solo per citarne alcuni.<\/p>\n\n\n\n<figure class=\"wp-block-image size-full\"><img loading=\"lazy\" decoding=\"async\" width=\"768\" height=\"1024\" src=\"https:\/\/www.gamberetta.it\/wp-content\/uploads\/2021\/11\/IMG_20211114_123808.jpg\" alt=\"tenuta dodici\" class=\"wp-image-18516\" srcset=\"https:\/\/www.gamberetta.it\/wp-content\/uploads\/2021\/11\/IMG_20211114_123808.jpg 768w, https:\/\/www.gamberetta.it\/wp-content\/uploads\/2021\/11\/IMG_20211114_123808-225x300.jpg 225w, https:\/\/www.gamberetta.it\/wp-content\/uploads\/2021\/11\/IMG_20211114_123808-600x800.jpg 600w\" sizes=\"(max-width: 768px) 100vw, 768px\" \/><\/figure>\n\n\n\n<p>La presidente AITB Monica Nardella ha parlato davanti a una folta platea dello storytelling digitale come strumento di promozione, domenica 14 novembre.<\/p>\n\n\n\n<p>L&#8217;importanza della formazione \u00e8 stata pi\u00f9 volte sottolineata, una necessit\u00e0 per produrre e promuovere al meglio un prodotto come il vino, saldamente ancorato alla tradizione ma necessariamente proiettato verso i mercati e le tecnologie del futuro. Le nuove sfide sono per tutti, e le vincer\u00e0 chi sar\u00e0 preparato a coglierle.<\/p>\n\n\n\n<figure class=\"wp-block-image size-full\"><img loading=\"lazy\" decoding=\"async\" width=\"1024\" height=\"768\" src=\"https:\/\/www.gamberetta.it\/wp-content\/uploads\/2021\/11\/IMG_20211114_143543.jpg\" alt=\"monica nardella presidente AITB\" class=\"wp-image-18518\" srcset=\"https:\/\/www.gamberetta.it\/wp-content\/uploads\/2021\/11\/IMG_20211114_143543.jpg 1024w, https:\/\/www.gamberetta.it\/wp-content\/uploads\/2021\/11\/IMG_20211114_143543-300x225.jpg 300w, https:\/\/www.gamberetta.it\/wp-content\/uploads\/2021\/11\/IMG_20211114_143543-768x576.jpg 768w, https:\/\/www.gamberetta.it\/wp-content\/uploads\/2021\/11\/IMG_20211114_143543-1000x750.jpg 1000w, https:\/\/www.gamberetta.it\/wp-content\/uploads\/2021\/11\/IMG_20211114_143543-570x428.jpg 570w, https:\/\/www.gamberetta.it\/wp-content\/uploads\/2021\/11\/IMG_20211114_143543-330x248.jpg 330w\" sizes=\"(max-width: 1024px) 100vw, 1024px\" \/><\/figure>\n\n\n\n<h2 class=\"wp-block-heading\">LIVORNO BY NIGHT<\/h2>\n\n\n\n<p>Livorno \u00e8 un capoluogo bello ma non sempre valorizzato, per me il fatto che sia sul mare \u00e8 gi\u00e0 un punto a favore. Abbiamo avuto modo di vedere la citt\u00e0 solo un pochino, ma con buoni spunti per visite future.<\/p>\n\n\n\n<p>Tanto \u00e8 bello lavorare in un luogo che non si conosce, quanto \u00e8 frustrante avere solo la sera per visitarlo.<\/p>\n\n\n\n<p>Tutto si riduce alla passeggiata prima di cena.<\/p>\n\n\n\n<figure class=\"wp-block-image size-full\"><img loading=\"lazy\" decoding=\"async\" width=\"1024\" height=\"768\" src=\"https:\/\/www.gamberetta.it\/wp-content\/uploads\/2021\/11\/IMG_20211113_182658.jpg\" alt=\"la venezia a livorno\" class=\"wp-image-18519\" srcset=\"https:\/\/www.gamberetta.it\/wp-content\/uploads\/2021\/11\/IMG_20211113_182658.jpg 1024w, https:\/\/www.gamberetta.it\/wp-content\/uploads\/2021\/11\/IMG_20211113_182658-300x225.jpg 300w, https:\/\/www.gamberetta.it\/wp-content\/uploads\/2021\/11\/IMG_20211113_182658-768x576.jpg 768w, https:\/\/www.gamberetta.it\/wp-content\/uploads\/2021\/11\/IMG_20211113_182658-1000x750.jpg 1000w, https:\/\/www.gamberetta.it\/wp-content\/uploads\/2021\/11\/IMG_20211113_182658-570x428.jpg 570w, https:\/\/www.gamberetta.it\/wp-content\/uploads\/2021\/11\/IMG_20211113_182658-330x248.jpg 330w\" sizes=\"(max-width: 1024px) 100vw, 1024px\" \/><\/figure>\n\n\n\n<p>Livorno sar\u00e0 sempre un luogo di passaggio nel mio immaginario.<\/p>\n\n\n\n<p>Porto per salpare alla volta delle isole qui di fronte, dall&#8217;altra parte del mar Tirreno.<\/p>\n\n\n\n<p>Uscita autostradale sulla via Aurelia.<\/p>\n\n\n\n<figure class=\"wp-block-image size-full\"><img loading=\"lazy\" decoding=\"async\" width=\"1024\" height=\"768\" src=\"https:\/\/www.gamberetta.it\/wp-content\/uploads\/2021\/11\/IMG_20211113_184103-Copia.jpg\" alt=\"murale\" class=\"wp-image-18520\" srcset=\"https:\/\/www.gamberetta.it\/wp-content\/uploads\/2021\/11\/IMG_20211113_184103-Copia.jpg 1024w, https:\/\/www.gamberetta.it\/wp-content\/uploads\/2021\/11\/IMG_20211113_184103-Copia-300x225.jpg 300w, https:\/\/www.gamberetta.it\/wp-content\/uploads\/2021\/11\/IMG_20211113_184103-Copia-768x576.jpg 768w, https:\/\/www.gamberetta.it\/wp-content\/uploads\/2021\/11\/IMG_20211113_184103-Copia-1000x750.jpg 1000w, https:\/\/www.gamberetta.it\/wp-content\/uploads\/2021\/11\/IMG_20211113_184103-Copia-570x428.jpg 570w, https:\/\/www.gamberetta.it\/wp-content\/uploads\/2021\/11\/IMG_20211113_184103-Copia-330x248.jpg 330w\" sizes=\"(max-width: 1024px) 100vw, 1024px\" \/><\/figure>\n\n\n\n<p>So che c&#8217;\u00e8 molto di pi\u00f9, intanto ne abbiamo avuto un assaggio:<\/p>\n\n\n\n<ul class=\"wp-block-list\">\n<li>\u00a0Il quartiere Venezia.<\/li>\n\n\n\n<li>\u00a0La fortezza nuova e la fortezza vecchia.<\/li>\n\n\n\n<li>\u00a0Gli immancabili murales.<\/li>\n\n\n\n<li>\u00a0E le statue! Io sono una fanatica di statue e busti, non solo li fotografo ma vorrei sapere tutto dei personaggi storici immortalati.<\/li>\n\n\n\n<li>San Giovanni Nepomuceno, Giuseppe Garibaldi, i granduchi di Lorena in piazza della repubblica.<\/li>\n<\/ul>\n\n\n\n<p>Noi abbiamo dormito proprio qui vicino, all&#8217;hotel Gran Duca.<\/p>\n\n\n<div class=\"wp-block-image\">\n<figure class=\"aligncenter size-full\"><img loading=\"lazy\" decoding=\"async\" width=\"768\" height=\"1024\" src=\"https:\/\/www.gamberetta.it\/wp-content\/uploads\/2021\/11\/IMG_20211114_101650.jpg\" alt=\"hotel gran duca\" class=\"wp-image-18521\" srcset=\"https:\/\/www.gamberetta.it\/wp-content\/uploads\/2021\/11\/IMG_20211114_101650.jpg 768w, https:\/\/www.gamberetta.it\/wp-content\/uploads\/2021\/11\/IMG_20211114_101650-225x300.jpg 225w, https:\/\/www.gamberetta.it\/wp-content\/uploads\/2021\/11\/IMG_20211114_101650-600x800.jpg 600w\" sizes=\"(max-width: 768px) 100vw, 768px\" \/><\/figure><\/div>\n\n\n<p>E abbiamo cenato all&#8217;ancora in una serata conviviale assieme ai produttori, che hanno allestito un grande banco d&#8217;assaggio con i loro vini. Ci hanno servito pietanze di pesce ottime, non solo il famoso caciucco ma il baccal\u00e0 e tutto il meglio della produzione ittica locale.<\/p>\n\n\n<div class=\"wp-block-image\">\n<figure class=\"aligncenter size-full\"><img loading=\"lazy\" decoding=\"async\" width=\"768\" height=\"1024\" src=\"https:\/\/www.gamberetta.it\/wp-content\/uploads\/2021\/11\/IMG_20211113_205715.jpg\" alt=\"all'ancora\" class=\"wp-image-18522\" srcset=\"https:\/\/www.gamberetta.it\/wp-content\/uploads\/2021\/11\/IMG_20211113_205715.jpg 768w, https:\/\/www.gamberetta.it\/wp-content\/uploads\/2021\/11\/IMG_20211113_205715-225x300.jpg 225w, https:\/\/www.gamberetta.it\/wp-content\/uploads\/2021\/11\/IMG_20211113_205715-600x800.jpg 600w\" sizes=\"(max-width: 768px) 100vw, 768px\" \/><\/figure><\/div>\n\n\n<p>Non si pu\u00f2 partire da Livorno senza vedere la Terrazza Mascagni.<\/p>\n\n\n\n<p>Sul suo famoso lungomare le viste sono sublimi ed eleganti, sul mare e sulla terra.<\/p>\n\n\n<div class=\"wp-block-image\">\n<figure class=\"aligncenter size-full\"><img loading=\"lazy\" decoding=\"async\" width=\"768\" height=\"1024\" src=\"https:\/\/www.gamberetta.it\/wp-content\/uploads\/2021\/11\/IMG_20211114_172812-Copia.jpg\" alt=\"terrazza mascagni\" class=\"wp-image-18523\" srcset=\"https:\/\/www.gamberetta.it\/wp-content\/uploads\/2021\/11\/IMG_20211114_172812-Copia.jpg 768w, https:\/\/www.gamberetta.it\/wp-content\/uploads\/2021\/11\/IMG_20211114_172812-Copia-225x300.jpg 225w, https:\/\/www.gamberetta.it\/wp-content\/uploads\/2021\/11\/IMG_20211114_172812-Copia-600x800.jpg 600w\" sizes=\"(max-width: 768px) 100vw, 768px\" \/><\/figure><\/div>\n\n\n<p>Un belvedere, di nome e di fatto, dove i marmi risplendono anche la sera, al chiaro di luna.<\/p>\n\n\n\n<p>Il luogo perfetto per passeggiare alla fine di Wine Destinations Italia.&nbsp;<\/p>\n\n\n\n<p>Post in collaborazione con: Wine Destinations Italia<\/p>\n\n\n\n<p>Ti \u00e8 piaciuto questo post su Livorno e la Toscana? Allora leggi anche gli altri, li trovi qui:<\/p>\n\n\n\n<figure class=\"wp-block-embed is-type-wp-embed is-provider-gamberetta wp-block-embed-gamberetta\"><div class=\"wp-block-embed__wrapper\">\n<blockquote class=\"wp-embedded-content\" data-secret=\"jpkXlihiGh\"><a href=\"https:\/\/www.gamberetta.it\/it\/myselfsudime\/in-trasferta-in-toscana\/\">In trasferta in Toscana<\/a><\/blockquote><iframe loading=\"lazy\" class=\"wp-embedded-content\" sandbox=\"allow-scripts\" security=\"restricted\" style=\"position: absolute; clip: rect(1px, 1px, 1px, 1px);\" title=\"&#8220;In trasferta in Toscana&#8221; &#8212; Gamberetta\" src=\"https:\/\/www.gamberetta.it\/it\/myselfsudime\/in-trasferta-in-toscana\/embed\/#?secret=jpkXlihiGh\" data-secret=\"jpkXlihiGh\" width=\"600\" height=\"338\" frameborder=\"0\" marginwidth=\"0\" marginheight=\"0\" scrolling=\"no\"><\/iframe>\n<\/div><\/figure>\n","protected":false},"excerpt":{"rendered":"<p>fattoria casalbosco pt<\/p>\n","protected":false},"author":2,"featured_media":18509,"comment_status":"open","ping_status":"closed","sticky":false,"template":"","format":"standard","meta":{"footnotes":""},"categories":[68,26,546],"tags":[3159,3160,3158],"class_list":["post-18505","post","type-post","status-publish","format-standard","has-post-thumbnail","hentry","category-food-wine","category-friends","category-toscana-2","tag-eventi-a-livorno-2021","tag-scuola-europea-sommelier","tag-wine-destinations-italia-livorno"],"yoast_head":"<!-- This site is optimized with the Yoast SEO plugin v23.5 - https:\/\/yoast.com\/wordpress\/plugins\/seo\/ -->\n<title>A LIVORNO LA PRIMA EDIZIONE DI WINE DESTINATIONS ITALIA - Gamberetta<\/title>\n<meta name=\"robots\" content=\"index, follow, max-snippet:-1, max-image-preview:large, max-video-preview:-1\" \/>\n<link rel=\"canonical\" href=\"https:\/\/www.gamberetta.it\/it\/2021\/11\/27\/a-livorno-la-prima-edizione-di-wine-destinations-italia\/\" \/>\n<meta property=\"og:locale\" content=\"it_IT\" \/>\n<meta property=\"og:type\" content=\"article\" \/>\n<meta property=\"og:title\" content=\"A LIVORNO LA PRIMA EDIZIONE DI WINE DESTINATIONS ITALIA - Gamberetta\" \/>\n<meta property=\"og:description\" content=\"fattoria casalbosco pt\" \/>\n<meta property=\"og:url\" content=\"https:\/\/www.gamberetta.it\/it\/2021\/11\/27\/a-livorno-la-prima-edizione-di-wine-destinations-italia\/\" \/>\n<meta property=\"og:site_name\" content=\"Gamberetta\" \/>\n<meta property=\"article:publisher\" content=\"https:\/\/www.facebook.com\/Gamberettatravelblog\" \/>\n<meta property=\"article:published_time\" content=\"2021-11-27T20:18:22+00:00\" \/>\n<meta property=\"article:modified_time\" content=\"2025-10-19T07:42:48+00:00\" \/>\n<meta name=\"author\" content=\"gamberetta\" \/>\n<meta name=\"twitter:card\" content=\"summary_large_image\" \/>\n<meta name=\"twitter:creator\" content=\"@robertazennaro\" \/>\n<meta name=\"twitter:site\" content=\"@robertazennaro\" \/>\n<meta name=\"twitter:label1\" content=\"Scritto da\" \/>\n\t<meta name=\"twitter:data1\" content=\"gamberetta\" \/>\n\t<meta name=\"twitter:label2\" content=\"Tempo di lettura stimato\" \/>\n\t<meta name=\"twitter:data2\" content=\"11 minuti\" \/>\n<script type=\"application\/ld+json\" class=\"yoast-schema-graph\">{\"@context\":\"https:\/\/schema.org\",\"@graph\":[{\"@type\":\"WebPage\",\"@id\":\"https:\/\/www.gamberetta.it\/it\/2021\/11\/27\/a-livorno-la-prima-edizione-di-wine-destinations-italia\/\",\"url\":\"https:\/\/www.gamberetta.it\/it\/2021\/11\/27\/a-livorno-la-prima-edizione-di-wine-destinations-italia\/\",\"name\":\"A LIVORNO LA PRIMA EDIZIONE DI WINE DESTINATIONS ITALIA - Gamberetta\",\"isPartOf\":{\"@id\":\"https:\/\/www.gamberetta.it\/it\/#website\"},\"primaryImageOfPage\":{\"@id\":\"https:\/\/www.gamberetta.it\/it\/2021\/11\/27\/a-livorno-la-prima-edizione-di-wine-destinations-italia\/#primaryimage\"},\"image\":{\"@id\":\"https:\/\/www.gamberetta.it\/it\/2021\/11\/27\/a-livorno-la-prima-edizione-di-wine-destinations-italia\/#primaryimage\"},\"thumbnailUrl\":\"\",\"datePublished\":\"2021-11-27T20:18:22+00:00\",\"dateModified\":\"2025-10-19T07:42:48+00:00\",\"author\":{\"@id\":\"https:\/\/www.gamberetta.it\/it\/#\/schema\/person\/7a4a919927c944edb5f3f9c665590124\"},\"breadcrumb\":{\"@id\":\"https:\/\/www.gamberetta.it\/it\/2021\/11\/27\/a-livorno-la-prima-edizione-di-wine-destinations-italia\/#breadcrumb\"},\"inLanguage\":\"it-IT\",\"potentialAction\":[{\"@type\":\"ReadAction\",\"target\":[\"https:\/\/www.gamberetta.it\/it\/2021\/11\/27\/a-livorno-la-prima-edizione-di-wine-destinations-italia\/\"]}]},{\"@type\":\"ImageObject\",\"inLanguage\":\"it-IT\",\"@id\":\"https:\/\/www.gamberetta.it\/it\/2021\/11\/27\/a-livorno-la-prima-edizione-di-wine-destinations-italia\/#primaryimage\",\"url\":\"\",\"contentUrl\":\"\"},{\"@type\":\"BreadcrumbList\",\"@id\":\"https:\/\/www.gamberetta.it\/it\/2021\/11\/27\/a-livorno-la-prima-edizione-di-wine-destinations-italia\/#breadcrumb\",\"itemListElement\":[{\"@type\":\"ListItem\",\"position\":1,\"name\":\"Home\",\"item\":\"https:\/\/www.gamberetta.it\/it\/\"},{\"@type\":\"ListItem\",\"position\":2,\"name\":\"A LIVORNO LA PRIMA EDIZIONE DI WINE DESTINATIONS ITALIA\"}]},{\"@type\":\"WebSite\",\"@id\":\"https:\/\/www.gamberetta.it\/it\/#website\",\"url\":\"https:\/\/www.gamberetta.it\/it\/\",\"name\":\"Gamberetta\",\"description\":\"Il mio blog senza fronzoli: pensieri e parole, sempre e ovunque in viaggio\",\"potentialAction\":[{\"@type\":\"SearchAction\",\"target\":{\"@type\":\"EntryPoint\",\"urlTemplate\":\"https:\/\/www.gamberetta.it\/it\/?s={search_term_string}\"},\"query-input\":{\"@type\":\"PropertyValueSpecification\",\"valueRequired\":true,\"valueName\":\"search_term_string\"}}],\"inLanguage\":\"it-IT\"},{\"@type\":\"Person\",\"@id\":\"https:\/\/www.gamberetta.it\/it\/#\/schema\/person\/7a4a919927c944edb5f3f9c665590124\",\"name\":\"gamberetta\",\"image\":{\"@type\":\"ImageObject\",\"inLanguage\":\"it-IT\",\"@id\":\"https:\/\/www.gamberetta.it\/it\/#\/schema\/person\/image\/\",\"url\":\"https:\/\/secure.gravatar.com\/avatar\/7ef5d82656b8958070b4f589b7ae1784?s=96&d=mm&r=g\",\"contentUrl\":\"https:\/\/secure.gravatar.com\/avatar\/7ef5d82656b8958070b4f589b7ae1784?s=96&d=mm&r=g\",\"caption\":\"gamberetta\"},\"description\":\"Sono Toro ascendente Scorpione, terra di contrasti dove ora prevale una met\u00e0, ora l\u2019altra. L\u2019infanzia in Veneto e gli ultimi anni passati a Milano hanno sviluppato in me una serie ulteriore di conflitti. Scrivo da sempre, la scrittura \u00e8 la migliore forma espressiva che mi consente di fissare concetti altrimenti sospesi nell\u2019aria. Da bambina scrivevo poesie con uno stile quasi leopardiano poi sono passata ai diari di viaggio dalla prima volta in USA nel 1998 e non ho pi\u00f9 smesso...\",\"url\":\"https:\/\/www.gamberetta.it\/it\/author\/gamberettarossa\/\"}]}<\/script>\n<!-- \/ Yoast SEO plugin. -->","yoast_head_json":{"title":"A LIVORNO LA PRIMA EDIZIONE DI WINE DESTINATIONS ITALIA - Gamberetta","robots":{"index":"index","follow":"follow","max-snippet":"max-snippet:-1","max-image-preview":"max-image-preview:large","max-video-preview":"max-video-preview:-1"},"canonical":"https:\/\/www.gamberetta.it\/it\/2021\/11\/27\/a-livorno-la-prima-edizione-di-wine-destinations-italia\/","og_locale":"it_IT","og_type":"article","og_title":"A LIVORNO LA PRIMA EDIZIONE DI WINE DESTINATIONS ITALIA - Gamberetta","og_description":"fattoria casalbosco pt","og_url":"https:\/\/www.gamberetta.it\/it\/2021\/11\/27\/a-livorno-la-prima-edizione-di-wine-destinations-italia\/","og_site_name":"Gamberetta","article_publisher":"https:\/\/www.facebook.com\/Gamberettatravelblog","article_published_time":"2021-11-27T20:18:22+00:00","article_modified_time":"2025-10-19T07:42:48+00:00","author":"gamberetta","twitter_card":"summary_large_image","twitter_creator":"@robertazennaro","twitter_site":"@robertazennaro","twitter_misc":{"Scritto da":"gamberetta","Tempo di lettura stimato":"11 minuti"},"schema":{"@context":"https:\/\/schema.org","@graph":[{"@type":"WebPage","@id":"https:\/\/www.gamberetta.it\/it\/2021\/11\/27\/a-livorno-la-prima-edizione-di-wine-destinations-italia\/","url":"https:\/\/www.gamberetta.it\/it\/2021\/11\/27\/a-livorno-la-prima-edizione-di-wine-destinations-italia\/","name":"A LIVORNO LA PRIMA EDIZIONE DI WINE DESTINATIONS ITALIA - Gamberetta","isPartOf":{"@id":"https:\/\/www.gamberetta.it\/it\/#website"},"primaryImageOfPage":{"@id":"https:\/\/www.gamberetta.it\/it\/2021\/11\/27\/a-livorno-la-prima-edizione-di-wine-destinations-italia\/#primaryimage"},"image":{"@id":"https:\/\/www.gamberetta.it\/it\/2021\/11\/27\/a-livorno-la-prima-edizione-di-wine-destinations-italia\/#primaryimage"},"thumbnailUrl":"","datePublished":"2021-11-27T20:18:22+00:00","dateModified":"2025-10-19T07:42:48+00:00","author":{"@id":"https:\/\/www.gamberetta.it\/it\/#\/schema\/person\/7a4a919927c944edb5f3f9c665590124"},"breadcrumb":{"@id":"https:\/\/www.gamberetta.it\/it\/2021\/11\/27\/a-livorno-la-prima-edizione-di-wine-destinations-italia\/#breadcrumb"},"inLanguage":"it-IT","potentialAction":[{"@type":"ReadAction","target":["https:\/\/www.gamberetta.it\/it\/2021\/11\/27\/a-livorno-la-prima-edizione-di-wine-destinations-italia\/"]}]},{"@type":"ImageObject","inLanguage":"it-IT","@id":"https:\/\/www.gamberetta.it\/it\/2021\/11\/27\/a-livorno-la-prima-edizione-di-wine-destinations-italia\/#primaryimage","url":"","contentUrl":""},{"@type":"BreadcrumbList","@id":"https:\/\/www.gamberetta.it\/it\/2021\/11\/27\/a-livorno-la-prima-edizione-di-wine-destinations-italia\/#breadcrumb","itemListElement":[{"@type":"ListItem","position":1,"name":"Home","item":"https:\/\/www.gamberetta.it\/it\/"},{"@type":"ListItem","position":2,"name":"A LIVORNO LA PRIMA EDIZIONE DI WINE DESTINATIONS ITALIA"}]},{"@type":"WebSite","@id":"https:\/\/www.gamberetta.it\/it\/#website","url":"https:\/\/www.gamberetta.it\/it\/","name":"Gamberetta","description":"Il mio blog senza fronzoli: pensieri e parole, sempre e ovunque in viaggio","potentialAction":[{"@type":"SearchAction","target":{"@type":"EntryPoint","urlTemplate":"https:\/\/www.gamberetta.it\/it\/?s={search_term_string}"},"query-input":{"@type":"PropertyValueSpecification","valueRequired":true,"valueName":"search_term_string"}}],"inLanguage":"it-IT"},{"@type":"Person","@id":"https:\/\/www.gamberetta.it\/it\/#\/schema\/person\/7a4a919927c944edb5f3f9c665590124","name":"gamberetta","image":{"@type":"ImageObject","inLanguage":"it-IT","@id":"https:\/\/www.gamberetta.it\/it\/#\/schema\/person\/image\/","url":"https:\/\/secure.gravatar.com\/avatar\/7ef5d82656b8958070b4f589b7ae1784?s=96&d=mm&r=g","contentUrl":"https:\/\/secure.gravatar.com\/avatar\/7ef5d82656b8958070b4f589b7ae1784?s=96&d=mm&r=g","caption":"gamberetta"},"description":"Sono Toro ascendente Scorpione, terra di contrasti dove ora prevale una met\u00e0, ora l\u2019altra. L\u2019infanzia in Veneto e gli ultimi anni passati a Milano hanno sviluppato in me una serie ulteriore di conflitti. Scrivo da sempre, la scrittura \u00e8 la migliore forma espressiva che mi consente di fissare concetti altrimenti sospesi nell\u2019aria. Da bambina scrivevo poesie con uno stile quasi leopardiano poi sono passata ai diari di viaggio dalla prima volta in USA nel 1998 e non ho pi\u00f9 smesso...","url":"https:\/\/www.gamberetta.it\/it\/author\/gamberettarossa\/"}]}},"_links":{"self":[{"href":"https:\/\/www.gamberetta.it\/it\/wp-json\/wp\/v2\/posts\/18505"}],"collection":[{"href":"https:\/\/www.gamberetta.it\/it\/wp-json\/wp\/v2\/posts"}],"about":[{"href":"https:\/\/www.gamberetta.it\/it\/wp-json\/wp\/v2\/types\/post"}],"author":[{"embeddable":true,"href":"https:\/\/www.gamberetta.it\/it\/wp-json\/wp\/v2\/users\/2"}],"replies":[{"embeddable":true,"href":"https:\/\/www.gamberetta.it\/it\/wp-json\/wp\/v2\/comments?post=18505"}],"version-history":[{"count":7,"href":"https:\/\/www.gamberetta.it\/it\/wp-json\/wp\/v2\/posts\/18505\/revisions"}],"predecessor-version":[{"id":40034,"href":"https:\/\/www.gamberetta.it\/it\/wp-json\/wp\/v2\/posts\/18505\/revisions\/40034"}],"wp:featuredmedia":[{"embeddable":true,"href":"https:\/\/www.gamberetta.it\/it\/wp-json\/wp\/v2\/media\/18509"}],"wp:attachment":[{"href":"https:\/\/www.gamberetta.it\/it\/wp-json\/wp\/v2\/media?parent=18505"}],"wp:term":[{"taxonomy":"category","embeddable":true,"href":"https:\/\/www.gamberetta.it\/it\/wp-json\/wp\/v2\/categories?post=18505"},{"taxonomy":"post_tag","embeddable":true,"href":"https:\/\/www.gamberetta.it\/it\/wp-json\/wp\/v2\/tags?post=18505"}],"curies":[{"name":"wp","href":"https:\/\/api.w.org\/{rel}","templated":true}]}}