{"id":18841,"date":"2022-02-13T19:50:32","date_gmt":"2022-02-13T18:50:32","guid":{"rendered":"https:\/\/www.gamberetta.it\/it\/?p=18841"},"modified":"2022-02-14T15:45:47","modified_gmt":"2022-02-14T14:45:47","slug":"visitare-le-cantine-di-bolgheri-podere-grattamacco","status":"publish","type":"post","link":"https:\/\/www.gamberetta.it\/it\/2022\/02\/13\/visitare-le-cantine-di-bolgheri-podere-grattamacco\/","title":{"rendered":"VISITARE LE CANTINE DI BOLGHERI: PODERE GRATTAMACCO"},"content":{"rendered":"\n<p>Podere Grattamacco ci accoglie con una cascata di giallo e rosso sulla collina attorno alla cantina: \u00e8 il manto pi\u00f9 bello dei vigneti, quello autunnale, perfetto per scattare fotografie accattivanti.<\/p>\n\n\n\n<figure class=\"wp-block-image size-full\"><img loading=\"lazy\" decoding=\"async\" width=\"1024\" height=\"768\" src=\"https:\/\/www.gamberetta.it\/wp-content\/uploads\/2022\/02\/IMG_20211112_143920.jpg\" alt=\"vigneti grattamacco\" class=\"wp-image-18842\" srcset=\"https:\/\/www.gamberetta.it\/wp-content\/uploads\/2022\/02\/IMG_20211112_143920.jpg 1024w, https:\/\/www.gamberetta.it\/wp-content\/uploads\/2022\/02\/IMG_20211112_143920-300x225.jpg 300w, https:\/\/www.gamberetta.it\/wp-content\/uploads\/2022\/02\/IMG_20211112_143920-768x576.jpg 768w, https:\/\/www.gamberetta.it\/wp-content\/uploads\/2022\/02\/IMG_20211112_143920-1000x750.jpg 1000w, https:\/\/www.gamberetta.it\/wp-content\/uploads\/2022\/02\/IMG_20211112_143920-570x428.jpg 570w, https:\/\/www.gamberetta.it\/wp-content\/uploads\/2022\/02\/IMG_20211112_143920-330x248.jpg 330w\" sizes=\"(max-width: 1024px) 100vw, 1024px\" \/><\/figure>\n\n\n\n<p>Una quercia secolare con la sua grande chioma verde li guarda dall&#8217;alto e invita ad avvicinarci. <\/p>\n\n\n\n<figure class=\"wp-block-image size-full\"><img loading=\"lazy\" decoding=\"async\" width=\"1024\" height=\"768\" src=\"https:\/\/www.gamberetta.it\/wp-content\/uploads\/2022\/02\/IMG_20211112_144055.jpg\" alt=\"quercia\" class=\"wp-image-18845\" srcset=\"https:\/\/www.gamberetta.it\/wp-content\/uploads\/2022\/02\/IMG_20211112_144055.jpg 1024w, https:\/\/www.gamberetta.it\/wp-content\/uploads\/2022\/02\/IMG_20211112_144055-300x225.jpg 300w, https:\/\/www.gamberetta.it\/wp-content\/uploads\/2022\/02\/IMG_20211112_144055-768x576.jpg 768w, https:\/\/www.gamberetta.it\/wp-content\/uploads\/2022\/02\/IMG_20211112_144055-1000x750.jpg 1000w, https:\/\/www.gamberetta.it\/wp-content\/uploads\/2022\/02\/IMG_20211112_144055-570x428.jpg 570w, https:\/\/www.gamberetta.it\/wp-content\/uploads\/2022\/02\/IMG_20211112_144055-330x248.jpg 330w\" sizes=\"(max-width: 1024px) 100vw, 1024px\" \/><\/figure>\n\n\n\n<p>Cerco di stringerla in un lungo abbraccio poi non mi vorrei pi\u00f9 muovere, e gli amici blogger devono pi\u00f9 volte richiamarmi all&#8217;ordine per farmi risalire alla cantina, dove ci aspetta una degustazione impegnativa.<\/p>\n\n\n\n<div class=\"wp-block-image\"><figure class=\"aligncenter size-full\"><img loading=\"lazy\" decoding=\"async\" width=\"768\" height=\"1024\" src=\"https:\/\/www.gamberetta.it\/wp-content\/uploads\/2022\/02\/IMG_20211112_143740.jpg\" alt=\"io e la quercia\" class=\"wp-image-18843\" srcset=\"https:\/\/www.gamberetta.it\/wp-content\/uploads\/2022\/02\/IMG_20211112_143740.jpg 768w, https:\/\/www.gamberetta.it\/wp-content\/uploads\/2022\/02\/IMG_20211112_143740-225x300.jpg 225w, https:\/\/www.gamberetta.it\/wp-content\/uploads\/2022\/02\/IMG_20211112_143740-600x800.jpg 600w\" sizes=\"(max-width: 768px) 100vw, 768px\" \/><\/figure><\/div>\n\n\n\n<p>Grattamacco appartiene al gruppo <a href=\"https:\/\/www.collemassariwines.it\/\">Collemassari<\/a>, che comprende altre tre cantine collocate nelle aree pi\u00f9 vocate della Toscana: Tenuta San Giorgio e Poggio di Sotto a Montalcino, Collemassari a Cinigiano, ai piedi del monte Amiata. Gli 80 ettari della tenuta che visitiamo, tra Bolgheri e Castagneto Carducci, sono coltivati per meno della met\u00e0 a vigneto e uliveto, circondati da boschi a perdita d&#8217;occhio.<\/p>\n\n\n\n<p>Ci troviamo a meno di 200 metri slm, a breve distanza dal mar Tirreno a ovest, in vista di foreste e pi\u00f9 alte montagne a nordest. Escursioni termiche importanti, clima asciutto: in questo ecosistema unico crescono bene i vitigni francesi alla base del taglio bordolese, ma anche gli autoctoni. Il terreno e il vento fanno il resto, creando le condizioni ideali per la coltura della vite e dell&#8217;ulivo. La resa va da 50 a 80 quintali per ettaro e la&nbsp; produzione annuale \u00e8 di sole 160.000 bottiglie l&#8217;anno.<\/p>\n\n\n\n<p>Nella cantina arrivano quindi sia le uve <strong>Cabernet Franc, Cabernet Sauvignon e Merlot<\/strong>, ma anche il <strong>Sangiovese<\/strong>, emblema delle colline toscane, e il <strong>Vermentino<\/strong> che ama stare vicino al mare, e dal mare trae beneficio.<\/p>\n\n\n\n<figure class=\"wp-block-image size-full\"><img loading=\"lazy\" decoding=\"async\" width=\"1024\" height=\"768\" src=\"https:\/\/www.gamberetta.it\/wp-content\/uploads\/2022\/02\/IMG_20211112_152522.jpg\" alt=\"in cantina\" class=\"wp-image-18846\" srcset=\"https:\/\/www.gamberetta.it\/wp-content\/uploads\/2022\/02\/IMG_20211112_152522.jpg 1024w, https:\/\/www.gamberetta.it\/wp-content\/uploads\/2022\/02\/IMG_20211112_152522-300x225.jpg 300w, https:\/\/www.gamberetta.it\/wp-content\/uploads\/2022\/02\/IMG_20211112_152522-768x576.jpg 768w, https:\/\/www.gamberetta.it\/wp-content\/uploads\/2022\/02\/IMG_20211112_152522-1000x750.jpg 1000w, https:\/\/www.gamberetta.it\/wp-content\/uploads\/2022\/02\/IMG_20211112_152522-570x428.jpg 570w, https:\/\/www.gamberetta.it\/wp-content\/uploads\/2022\/02\/IMG_20211112_152522-330x248.jpg 330w\" sizes=\"(max-width: 1024px) 100vw, 1024px\" \/><\/figure>\n\n\n\n<p>Le vasche di acciaio e i grandi tini di legno, le barrique e le bottiglie storiche in bella mostra ci fanno girare la testa, quasi quanto i tre vini che poi assaggiamo: Grattamacco Vermentino, Bolgheri rosso, l&#8217;Alberello Bolgheri superiore.<\/p>\n\n\n\n<figure class=\"wp-block-image size-full\"><img loading=\"lazy\" decoding=\"async\" width=\"768\" height=\"1024\" src=\"https:\/\/www.gamberetta.it\/wp-content\/uploads\/2022\/02\/IMG_20211112_155857.jpg\" alt=\"vini in degustazione\" class=\"wp-image-18852\" srcset=\"https:\/\/www.gamberetta.it\/wp-content\/uploads\/2022\/02\/IMG_20211112_155857.jpg 768w, https:\/\/www.gamberetta.it\/wp-content\/uploads\/2022\/02\/IMG_20211112_155857-225x300.jpg 225w, https:\/\/www.gamberetta.it\/wp-content\/uploads\/2022\/02\/IMG_20211112_155857-600x800.jpg 600w\" sizes=\"(max-width: 768px) 100vw, 768px\" \/><\/figure>\n\n\n\n<p>In realt\u00e0 il primo assaggio \u00e8 proprio in cantina, dalla vasca, una piccola perversione per gli appassionati di vino come me.<\/p>\n\n\n\n<p>Leggiamo cosa c&#8217;\u00e8 scritto sulle vasche, come su queste lavagnette che riportano il contenuto.<\/p>\n\n\n\n<div class=\"wp-block-image\"><figure class=\"aligncenter size-full\"><img loading=\"lazy\" decoding=\"async\" width=\"768\" height=\"1024\" src=\"https:\/\/www.gamberetta.it\/wp-content\/uploads\/2022\/02\/IMG_20211112_152612.jpg\" alt=\"vasca\" class=\"wp-image-18847\" srcset=\"https:\/\/www.gamberetta.it\/wp-content\/uploads\/2022\/02\/IMG_20211112_152612.jpg 768w, https:\/\/www.gamberetta.it\/wp-content\/uploads\/2022\/02\/IMG_20211112_152612-225x300.jpg 225w, https:\/\/www.gamberetta.it\/wp-content\/uploads\/2022\/02\/IMG_20211112_152612-600x800.jpg 600w\" sizes=\"(max-width: 768px) 100vw, 768px\" \/><\/figure><\/div>\n\n\n\n<p>Cabernet Sauvignon \/ Merlot \/ Sangiovese atto a DOC Bolgheri superiore BIO 2021 50 HL.<\/p>\n\n\n\n<p>Il biologico \u00e8 una scelta impegnativa parte dalle pratiche in vigneto e ha ricadute su tutta la filiera vitivinicola, fino alla distribuzione del vino.&nbsp;<\/p>\n\n\n\n<div class=\"wp-block-image\"><figure class=\"aligncenter size-full\"><img loading=\"lazy\" decoding=\"async\" width=\"768\" height=\"1024\" src=\"https:\/\/www.gamberetta.it\/wp-content\/uploads\/2022\/02\/IMG_20211112_145938.jpg\" alt=\"alcuni premi\" class=\"wp-image-18848\" srcset=\"https:\/\/www.gamberetta.it\/wp-content\/uploads\/2022\/02\/IMG_20211112_145938.jpg 768w, https:\/\/www.gamberetta.it\/wp-content\/uploads\/2022\/02\/IMG_20211112_145938-225x300.jpg 225w, https:\/\/www.gamberetta.it\/wp-content\/uploads\/2022\/02\/IMG_20211112_145938-600x800.jpg 600w\" sizes=\"(max-width: 768px) 100vw, 768px\" \/><\/figure><\/div>\n\n\n\n<p>Nella sala degustazione, arredata in stile moderno, campeggiano i numerosi premi conferiti ai vini.<\/p>\n\n\n\n<div class=\"wp-block-image\"><figure class=\"aligncenter size-full\"><img loading=\"lazy\" decoding=\"async\" width=\"768\" height=\"1024\" src=\"https:\/\/www.gamberetta.it\/wp-content\/uploads\/2022\/02\/IMG_20211112_150110.jpg\" alt=\"murrina\" class=\"wp-image-18849\" srcset=\"https:\/\/www.gamberetta.it\/wp-content\/uploads\/2022\/02\/IMG_20211112_150110.jpg 768w, https:\/\/www.gamberetta.it\/wp-content\/uploads\/2022\/02\/IMG_20211112_150110-225x300.jpg 225w, https:\/\/www.gamberetta.it\/wp-content\/uploads\/2022\/02\/IMG_20211112_150110-600x800.jpg 600w\" sizes=\"(max-width: 768px) 100vw, 768px\" \/><\/figure><\/div>\n\n\n\n<p>Ai tavoli c&#8217;\u00e8 posto per l&#8217;arte contemporanea come grandi sculture in vetro di murrina.<\/p>\n\n\n\n<figure class=\"wp-block-image size-full\"><img loading=\"lazy\" decoding=\"async\" width=\"1024\" height=\"768\" src=\"https:\/\/www.gamberetta.it\/wp-content\/uploads\/2022\/02\/IMG_20211112_151852.jpg\" alt=\"terrazza\" class=\"wp-image-18850\" srcset=\"https:\/\/www.gamberetta.it\/wp-content\/uploads\/2022\/02\/IMG_20211112_151852.jpg 1024w, https:\/\/www.gamberetta.it\/wp-content\/uploads\/2022\/02\/IMG_20211112_151852-300x225.jpg 300w, https:\/\/www.gamberetta.it\/wp-content\/uploads\/2022\/02\/IMG_20211112_151852-768x576.jpg 768w, https:\/\/www.gamberetta.it\/wp-content\/uploads\/2022\/02\/IMG_20211112_151852-1000x750.jpg 1000w, https:\/\/www.gamberetta.it\/wp-content\/uploads\/2022\/02\/IMG_20211112_151852-570x428.jpg 570w, https:\/\/www.gamberetta.it\/wp-content\/uploads\/2022\/02\/IMG_20211112_151852-330x248.jpg 330w\" sizes=\"(max-width: 1024px) 100vw, 1024px\" \/><\/figure>\n\n\n\n<p>Dalle ampie vetrate e dalla terrazza si scorgono sotto di noi i vigneti che mi hanno rapito all&#8217;arrivo, e lo sguardo spazia all&#8217;infinito tra mare e collina, dove la natura la fa da padrona.<\/p>\n\n\n\n<p>Questo \u00e8 il setting perfetto dove mostrare le bottiglie oggetto della degustazione, vino e territorio insomma, le due parole chiave dell&#8217;enoturismo in cui tutti confidano, operatori e \u201cconsumatori\u201d.<\/p>\n\n\n\n<div class=\"wp-block-image\"><figure class=\"aligncenter size-full\"><img loading=\"lazy\" decoding=\"async\" width=\"768\" height=\"1024\" src=\"https:\/\/www.gamberetta.it\/wp-content\/uploads\/2022\/02\/IMG_20211112_155443.jpg\" alt=\"bolgheri rosso\" class=\"wp-image-18851\" srcset=\"https:\/\/www.gamberetta.it\/wp-content\/uploads\/2022\/02\/IMG_20211112_155443.jpg 768w, https:\/\/www.gamberetta.it\/wp-content\/uploads\/2022\/02\/IMG_20211112_155443-225x300.jpg 225w, https:\/\/www.gamberetta.it\/wp-content\/uploads\/2022\/02\/IMG_20211112_155443-600x800.jpg 600w\" sizes=\"(max-width: 768px) 100vw, 768px\" \/><\/figure><\/div>\n\n\n\n<p>Qui nella zona di Bolgheri il \u201cprodotto vino\u201d ha fatto da traino per la crescita economica di una parte della Toscana che in un tempo non molto lontano (pochi decenni fa) era povera e poco appetibile, e ora \u00e8 un fiore all&#8217;occhiello a livello mondiale, al pari o forse pi\u00f9 del Chianti e delle altre storiche zone enologiche toscane.<\/p>\n\n\n\n<p>In dettaglio ecco cosa assaggiamo.<\/p>\n\n\n\n<h2 class=\"wp-block-heading\">Grattamacco Bolgheri Vermentino DOC 2019<\/h2>\n\n\n\n<p>14,5 gradi, 100% Vermentino. Colore giallo paglierino. Vino fresco, sapido, minerale ha tutti i sentori e gli aromi del mare vicino. Viene vinificato in vasche d&#8217;acciaio, affinato in barrique e poi in bottiglia prima di essere messo in commercio. Trovo che questo vino sia elegante e versatile allo stesso tempo, lo abbinerei non solo ai piatti di pesce pi\u00f9 raffinati ma pure ad alcune carni bianche.&nbsp;<\/p>\n\n\n\n<h2 class=\"wp-block-heading\">Bolgheri rosso DOC 2020<\/h2>\n\n\n\n<p>14 gradi, Cabernet Sauvignon, Cabernet Franc, Merlot e Sangiovese. Colore rosso granato. Vino strutturato e impegnativo, dove accanto ai frutti rossi macerati si sentono importanti note speziate e balsamiche. Vinificato in acciaio e poi in barrique, questo \u00e8 il classico taglio bordolese che ha fatto la fortuna di Bolgheri. Si pu\u00f2 abbinare alle classiche carni ma pure a primi piatti gustosi.<\/p>\n\n\n\n<h2 class=\"wp-block-heading\">L&#8217;Alberello Bolgheri rosso superiore DOC 2018<\/h2>\n\n\n\n<p>14,5 gradi, Cabernet Sauvignon e Cabernet Franc (70 \/ 30). Colore rosso granato scuro. Questo \u00e8 un altro blend bordolese, prende il nome dalla tecnica di allevamento, l&#8217;alberello appunto. I frutti rossi si mescolano alle note pi\u00f9 evolute come il cuoio e il caff\u00e8, con tannini straordinariamente morbidi per la sua giovane et\u00e0. Predisposto naturalmente all&#8217;invecchiamento, a tavola si abbina a carni grigliate, formaggi stagionati, funghi e tartufi.&nbsp;<\/p>\n\n\n\n<figure class=\"wp-block-image size-full\"><img loading=\"lazy\" decoding=\"async\" width=\"1024\" height=\"768\" src=\"https:\/\/www.gamberetta.it\/wp-content\/uploads\/2022\/02\/IMG_20211112_152548.jpg\" alt=\"ecco i nostri &quot;padroni di casa&quot;\" class=\"wp-image-18853\" srcset=\"https:\/\/www.gamberetta.it\/wp-content\/uploads\/2022\/02\/IMG_20211112_152548.jpg 1024w, https:\/\/www.gamberetta.it\/wp-content\/uploads\/2022\/02\/IMG_20211112_152548-300x225.jpg 300w, https:\/\/www.gamberetta.it\/wp-content\/uploads\/2022\/02\/IMG_20211112_152548-768x576.jpg 768w, https:\/\/www.gamberetta.it\/wp-content\/uploads\/2022\/02\/IMG_20211112_152548-1000x750.jpg 1000w, https:\/\/www.gamberetta.it\/wp-content\/uploads\/2022\/02\/IMG_20211112_152548-570x428.jpg 570w, https:\/\/www.gamberetta.it\/wp-content\/uploads\/2022\/02\/IMG_20211112_152548-330x248.jpg 330w\" sizes=\"(max-width: 1024px) 100vw, 1024px\" \/><\/figure>\n\n\n\n<p>Ci accompagnano in cantina la responsabile <strong>Michela Bartalini<\/strong> e il fondatore <strong>PierMario Meletti Cavallari<\/strong>, colui che l&#8217;ha vista nascere nel 1982, prima di intraprendere una nuova avventura con la cantina che oggi porta il suo nome, e diventare presidente del Consorzio <a href=\"https:\/\/www.lastradadelvino.com\/\" class=\"broken_link\">Strada del Vino e dell&#8217;Olio Costa degli Etruschi<\/a>. <\/p>\n\n\n\n<p>E poi chi c&#8217;\u00e8 dietro i vini di Grattamacco, quelli che abbiamo assaggiato e gli altri? <strong>Luca Marrone<\/strong> \u00e8 il direttore ed enologo della cantina, ci ha raccontato il suo lavoro e per questo lo ringrazio, assieme ai responsabili del Consorzio, coloro i quali ci hanno accompagnato in questa piccola splendida avventura, che spero continui con nuove visite a Bolgheri e non solo!<\/p>\n\n\n\n<h2 class=\"wp-block-heading\">1&nbsp; Chi sei \u2013 dove ti trovi? Raccontaci qualcosa di te e del tuo vino.<\/h2>\n\n\n\n<p>Appartengo a una famiglia di vignaioli abruzzesi, non so da quante generazioni ma almeno tre. Mancava un enologo e ho pensato di studiare a Pisa. Poi la Toscana mi ha catturato e da 18 anni vivo a Grattamacco. Non \u00e8 un caso perch\u00e9 <strong>ho sempre amato questo vino per il suo carattere selvaggio e solitario<\/strong>. Mi ci ritrovo.<\/p>\n\n\n\n<h2 class=\"wp-block-heading\">2&nbsp; L&#8217;arte di fare il vino nasce nella vigna e si sviluppa in cantina. E poi cosa c&#8217;\u00e8 dietro un grande vino?<\/h2>\n\n\n\n<p>Dipende cosa si intende per grande vino. Rimanendo nei canoni pi\u00f9 diffusi, direi che ci vuole tanta fortuna oppure tanta dedizione: studio, sudore e fatica. Quando le due cose si sovrappongono nasce un grande vino.<\/p>\n\n\n\n<h2 class=\"wp-block-heading\">3&nbsp; Come \u00e8 cambiato il vino, e come \u00e8 cambiato il tuo lavoro negli ultimi anni? La tecnologia \u00e8 uno strumento necessario o si pu\u00f2 farne a meno?<\/h2>\n\n\n\n<p>Da un punto di vista commerciale <strong>in passato il vino era un alimento, oggi \u00e8 anche una commodity<\/strong>. Questo ha dettato una reinterpretazione totale del lavoro in vigna e in cantina. L&#8217;evoluzione \u00e8 continua: negli ultimi anni i concetti di biologico \/ biodinamico \/ sostenibile si affiancano alle sfide dettate dal cambiamento climatico. La tecnologia \u00e8 uno strumento che pu\u00f2 essere pi\u00f9 o meno necessaria a seconda dei casi, della quantit\u00e0 da produrre, dello stile che si vuol dare a un vino eccetera.<\/p>\n\n\n\n<figure class=\"wp-block-image size-full\"><img loading=\"lazy\" decoding=\"async\" width=\"1024\" height=\"768\" src=\"https:\/\/www.gamberetta.it\/wp-content\/uploads\/2022\/02\/IMG_20211112_144623.jpg\" alt=\"grattamacco la storia\" class=\"wp-image-18854\" srcset=\"https:\/\/www.gamberetta.it\/wp-content\/uploads\/2022\/02\/IMG_20211112_144623.jpg 1024w, https:\/\/www.gamberetta.it\/wp-content\/uploads\/2022\/02\/IMG_20211112_144623-300x225.jpg 300w, https:\/\/www.gamberetta.it\/wp-content\/uploads\/2022\/02\/IMG_20211112_144623-768x576.jpg 768w, https:\/\/www.gamberetta.it\/wp-content\/uploads\/2022\/02\/IMG_20211112_144623-1000x750.jpg 1000w, https:\/\/www.gamberetta.it\/wp-content\/uploads\/2022\/02\/IMG_20211112_144623-570x428.jpg 570w, https:\/\/www.gamberetta.it\/wp-content\/uploads\/2022\/02\/IMG_20211112_144623-330x248.jpg 330w\" sizes=\"(max-width: 1024px) 100vw, 1024px\" \/><\/figure>\n\n\n\n<h2 class=\"wp-block-heading\">4&nbsp; Raccontaci una bella esperienza e un brutto episodio legati al tuo lavoro di vignaiolo.<\/h2>\n\n\n\n<p><strong>Lavorare la vigna \u00e8 un&#8217;esperienza di molteplice gratificazione come qualsiasi atto agricolo<\/strong>: il rapporto con la natura e l&#8217;ambiente, il sudore e il sorriso condiviso con chi ti aiuta, la consapevolezza di realizzare un atto semplice e fondamentale allo stesso tempo. I brutti episodi sono quelli che interrompono o limitano tutto ci\u00f2, come una grandinata o una gelata.<\/p>\n\n\n\n<h2 class=\"wp-block-heading\">5&nbsp; Fare il vino significa anche uscire dall&#8217;azienda per far conoscere le persone e il territorio &#8220;dietro&#8221; una bottiglia. Dove porterai il tuo vino nei prossimi mesi?<\/h2>\n\n\n\n<p>Ci sar\u00e0 da fare un bel giro quando circolare senza restrizioni sar\u00e0 di nuovo possibile (fine 2021, NdR). Intanto lo porto a tavola per condividerlo in amicizia.<\/p>\n\n\n\n<h2 class=\"wp-block-heading\">6&nbsp; E&#8217; possibile visitare la tua cantina? E dove possiamo assaggiare il tuo vino?<\/h2>\n\n\n\n<p>Certo, la cantina si pu\u00f2 visitare prenotando sul nostro sito <a href=\"http:\/\/www.collemassari.it\/\">www.collemassari.it<\/a> oppure per telefono. Il miglior posto per assaggiarlo \u00e8 sicuramente venendo a trovarci. Altrimenti \u00e8 possibile acquistarlo in molte enoteche \/ ristoranti.<\/p>\n\n\n\n<div class=\"wp-block-image\"><figure class=\"aligncenter size-full\"><img loading=\"lazy\" decoding=\"async\" width=\"768\" height=\"1024\" src=\"https:\/\/www.gamberetta.it\/wp-content\/uploads\/2022\/02\/IMG_20211112_150217.jpg\" alt=\"degustazione\" class=\"wp-image-18855\" srcset=\"https:\/\/www.gamberetta.it\/wp-content\/uploads\/2022\/02\/IMG_20211112_150217.jpg 768w, https:\/\/www.gamberetta.it\/wp-content\/uploads\/2022\/02\/IMG_20211112_150217-225x300.jpg 225w, https:\/\/www.gamberetta.it\/wp-content\/uploads\/2022\/02\/IMG_20211112_150217-600x800.jpg 600w\" sizes=\"(max-width: 768px) 100vw, 768px\" \/><\/figure><\/div>\n\n\n\n<h2 class=\"wp-block-heading\">7&nbsp; Una piccola provocazione: se fossi ministro dell&#8217;agricoltura cosa faresti per agevolare il lavoro del vignaiolo?<\/h2>\n\n\n\n<p><strong>Il vignaiolo vuole lavorare in vigna e cantina, non negli uffici<\/strong>. Quindi gli chiederei di ridurre all&#8217;essenziale tutte le storielle degli adempimenti burocratici ed amministrativi che rubano tempo ed energia, oltre che soldi.<\/p>\n\n\n\n<h2 class=\"wp-block-heading\">8&nbsp; Consiglieresti a un giovane di fare il vignaiolo? SI \u2013 NO \u2013 Perch\u00e9?<\/h2>\n\n\n\n<p>Consiglierei ad un giovane di fare tante esperienze, tra cui sicuramente quella di vivere il mondo agricolo con sudore e umilt\u00e0. Poi star\u00e0 a lui capire che senso dare alla sua vita.<\/p>\n\n\n\n<p>Post in collaborazione con:<\/p>\n\n\n\n<p><a href=\"https:\/\/www.lastradadelvino.com\/\" class=\"broken_link\">https:\/\/www.lastradadelvino.com\/<\/a><\/p>\n\n\n\n<p>Per saperne di pi\u00f9:<a href=\"https:\/\/www.collemassariwines.it\/estates\/grattamacco\/\">https:\/\/www.collemassariwines.it\/estates\/grattamacco\/<\/a><\/p>\n","protected":false},"excerpt":{"rendered":"<p>Podere Grattamacco ci accoglie con una cascata di giallo e rosso sulla collina attorno alla cantina: \u00e8 il manto pi\u00f9 bello dei vigneti, quello autunnale, perfetto per scattare fotografie accattivanti. Una quercia secolare con la sua grande chioma verde li guarda dall&#8217;alto e invita ad avvicinarci. Cerco di stringerla in un lungo abbraccio poi non &hellip; <a class=\"more-link\" href=\"https:\/\/www.gamberetta.it\/it\/2022\/02\/13\/visitare-le-cantine-di-bolgheri-podere-grattamacco\/\">Leggi tutto<i class=\"ion-ios-arrow-thin-right\"><\/i><\/a><\/p>\n","protected":false},"author":2,"featured_media":18844,"comment_status":"open","ping_status":"closed","sticky":false,"template":"","format":"standard","meta":{"footnotes":""},"categories":[68,26,105,546],"tags":[3205,3207,3159,3208,3204,3206,3209,3160,3158],"class_list":["post-18841","post","type-post","status-publish","format-standard","has-post-thumbnail","hentry","category-food-wine","category-friends","category-in-campagna","category-toscana-2","tag-aitb-a-bolgheri","tag-bolgheri-cantine","tag-eventi-a-livorno-2021","tag-luca-marrone-enologo","tag-michela-bartalini-collemassari","tag-piergiorgio-meletti-cavallari","tag-podere-grattamacco-bolgheri","tag-scuola-europea-sommelier","tag-wine-destinations-italia-livorno"],"yoast_head":"<!-- This site is optimized with the Yoast SEO plugin v23.5 - https:\/\/yoast.com\/wordpress\/plugins\/seo\/ -->\n<title>VISITARE LE CANTINE DI BOLGHERI: PODERE GRATTAMACCO - Gamberetta<\/title>\n<meta name=\"robots\" content=\"index, follow, max-snippet:-1, max-image-preview:large, max-video-preview:-1\" \/>\n<link rel=\"canonical\" href=\"https:\/\/www.gamberetta.it\/it\/2022\/02\/13\/visitare-le-cantine-di-bolgheri-podere-grattamacco\/\" \/>\n<meta property=\"og:locale\" content=\"it_IT\" \/>\n<meta property=\"og:type\" content=\"article\" \/>\n<meta property=\"og:title\" content=\"VISITARE LE CANTINE DI BOLGHERI: PODERE GRATTAMACCO - Gamberetta\" \/>\n<meta property=\"og:description\" content=\"Podere Grattamacco ci accoglie con una cascata di giallo e rosso sulla collina attorno alla cantina: \u00e8 il manto pi\u00f9 bello dei vigneti, quello autunnale, perfetto per scattare fotografie accattivanti. Una quercia secolare con la sua grande chioma verde li guarda dall&#8217;alto e invita ad avvicinarci. Cerco di stringerla in un lungo abbraccio poi non &hellip; Leggi tutto\" \/>\n<meta property=\"og:url\" content=\"https:\/\/www.gamberetta.it\/it\/2022\/02\/13\/visitare-le-cantine-di-bolgheri-podere-grattamacco\/\" \/>\n<meta property=\"og:site_name\" content=\"Gamberetta\" \/>\n<meta property=\"article:publisher\" content=\"https:\/\/www.facebook.com\/Gamberettatravelblog\" \/>\n<meta property=\"article:published_time\" content=\"2022-02-13T18:50:32+00:00\" \/>\n<meta property=\"article:modified_time\" content=\"2022-02-14T14:45:47+00:00\" \/>\n<meta name=\"author\" content=\"gamberetta\" \/>\n<meta name=\"twitter:card\" content=\"summary_large_image\" \/>\n<meta name=\"twitter:creator\" content=\"@robertazennaro\" \/>\n<meta name=\"twitter:site\" content=\"@robertazennaro\" \/>\n<meta name=\"twitter:label1\" content=\"Scritto da\" \/>\n\t<meta name=\"twitter:data1\" content=\"gamberetta\" \/>\n\t<meta name=\"twitter:label2\" content=\"Tempo di lettura stimato\" \/>\n\t<meta name=\"twitter:data2\" content=\"7 minuti\" \/>\n<script type=\"application\/ld+json\" class=\"yoast-schema-graph\">{\"@context\":\"https:\/\/schema.org\",\"@graph\":[{\"@type\":\"WebPage\",\"@id\":\"https:\/\/www.gamberetta.it\/it\/2022\/02\/13\/visitare-le-cantine-di-bolgheri-podere-grattamacco\/\",\"url\":\"https:\/\/www.gamberetta.it\/it\/2022\/02\/13\/visitare-le-cantine-di-bolgheri-podere-grattamacco\/\",\"name\":\"VISITARE LE CANTINE DI BOLGHERI: PODERE GRATTAMACCO - Gamberetta\",\"isPartOf\":{\"@id\":\"https:\/\/www.gamberetta.it\/it\/#website\"},\"primaryImageOfPage\":{\"@id\":\"https:\/\/www.gamberetta.it\/it\/2022\/02\/13\/visitare-le-cantine-di-bolgheri-podere-grattamacco\/#primaryimage\"},\"image\":{\"@id\":\"https:\/\/www.gamberetta.it\/it\/2022\/02\/13\/visitare-le-cantine-di-bolgheri-podere-grattamacco\/#primaryimage\"},\"thumbnailUrl\":\"\",\"datePublished\":\"2022-02-13T18:50:32+00:00\",\"dateModified\":\"2022-02-14T14:45:47+00:00\",\"author\":{\"@id\":\"https:\/\/www.gamberetta.it\/it\/#\/schema\/person\/7a4a919927c944edb5f3f9c665590124\"},\"breadcrumb\":{\"@id\":\"https:\/\/www.gamberetta.it\/it\/2022\/02\/13\/visitare-le-cantine-di-bolgheri-podere-grattamacco\/#breadcrumb\"},\"inLanguage\":\"it-IT\",\"potentialAction\":[{\"@type\":\"ReadAction\",\"target\":[\"https:\/\/www.gamberetta.it\/it\/2022\/02\/13\/visitare-le-cantine-di-bolgheri-podere-grattamacco\/\"]}]},{\"@type\":\"ImageObject\",\"inLanguage\":\"it-IT\",\"@id\":\"https:\/\/www.gamberetta.it\/it\/2022\/02\/13\/visitare-le-cantine-di-bolgheri-podere-grattamacco\/#primaryimage\",\"url\":\"\",\"contentUrl\":\"\"},{\"@type\":\"BreadcrumbList\",\"@id\":\"https:\/\/www.gamberetta.it\/it\/2022\/02\/13\/visitare-le-cantine-di-bolgheri-podere-grattamacco\/#breadcrumb\",\"itemListElement\":[{\"@type\":\"ListItem\",\"position\":1,\"name\":\"Home\",\"item\":\"https:\/\/www.gamberetta.it\/it\/\"},{\"@type\":\"ListItem\",\"position\":2,\"name\":\"VISITARE LE CANTINE DI BOLGHERI: PODERE GRATTAMACCO\"}]},{\"@type\":\"WebSite\",\"@id\":\"https:\/\/www.gamberetta.it\/it\/#website\",\"url\":\"https:\/\/www.gamberetta.it\/it\/\",\"name\":\"Gamberetta\",\"description\":\"Il mio blog senza fronzoli: pensieri e parole, sempre e ovunque in viaggio\",\"potentialAction\":[{\"@type\":\"SearchAction\",\"target\":{\"@type\":\"EntryPoint\",\"urlTemplate\":\"https:\/\/www.gamberetta.it\/it\/?s={search_term_string}\"},\"query-input\":{\"@type\":\"PropertyValueSpecification\",\"valueRequired\":true,\"valueName\":\"search_term_string\"}}],\"inLanguage\":\"it-IT\"},{\"@type\":\"Person\",\"@id\":\"https:\/\/www.gamberetta.it\/it\/#\/schema\/person\/7a4a919927c944edb5f3f9c665590124\",\"name\":\"gamberetta\",\"image\":{\"@type\":\"ImageObject\",\"inLanguage\":\"it-IT\",\"@id\":\"https:\/\/www.gamberetta.it\/it\/#\/schema\/person\/image\/\",\"url\":\"https:\/\/secure.gravatar.com\/avatar\/7ef5d82656b8958070b4f589b7ae1784?s=96&d=mm&r=g\",\"contentUrl\":\"https:\/\/secure.gravatar.com\/avatar\/7ef5d82656b8958070b4f589b7ae1784?s=96&d=mm&r=g\",\"caption\":\"gamberetta\"},\"description\":\"Sono Toro ascendente Scorpione, terra di contrasti dove ora prevale una met\u00e0, ora l\u2019altra. L\u2019infanzia in Veneto e gli ultimi anni passati a Milano hanno sviluppato in me una serie ulteriore di conflitti. Scrivo da sempre, la scrittura \u00e8 la migliore forma espressiva che mi consente di fissare concetti altrimenti sospesi nell\u2019aria. Da bambina scrivevo poesie con uno stile quasi leopardiano poi sono passata ai diari di viaggio dalla prima volta in USA nel 1998 e non ho pi\u00f9 smesso...\",\"url\":\"https:\/\/www.gamberetta.it\/it\/author\/gamberettarossa\/\"}]}<\/script>\n<!-- \/ Yoast SEO plugin. -->","yoast_head_json":{"title":"VISITARE LE CANTINE DI BOLGHERI: PODERE GRATTAMACCO - Gamberetta","robots":{"index":"index","follow":"follow","max-snippet":"max-snippet:-1","max-image-preview":"max-image-preview:large","max-video-preview":"max-video-preview:-1"},"canonical":"https:\/\/www.gamberetta.it\/it\/2022\/02\/13\/visitare-le-cantine-di-bolgheri-podere-grattamacco\/","og_locale":"it_IT","og_type":"article","og_title":"VISITARE LE CANTINE DI BOLGHERI: PODERE GRATTAMACCO - Gamberetta","og_description":"Podere Grattamacco ci accoglie con una cascata di giallo e rosso sulla collina attorno alla cantina: \u00e8 il manto pi\u00f9 bello dei vigneti, quello autunnale, perfetto per scattare fotografie accattivanti. Una quercia secolare con la sua grande chioma verde li guarda dall&#8217;alto e invita ad avvicinarci. Cerco di stringerla in un lungo abbraccio poi non &hellip; Leggi tutto","og_url":"https:\/\/www.gamberetta.it\/it\/2022\/02\/13\/visitare-le-cantine-di-bolgheri-podere-grattamacco\/","og_site_name":"Gamberetta","article_publisher":"https:\/\/www.facebook.com\/Gamberettatravelblog","article_published_time":"2022-02-13T18:50:32+00:00","article_modified_time":"2022-02-14T14:45:47+00:00","author":"gamberetta","twitter_card":"summary_large_image","twitter_creator":"@robertazennaro","twitter_site":"@robertazennaro","twitter_misc":{"Scritto da":"gamberetta","Tempo di lettura stimato":"7 minuti"},"schema":{"@context":"https:\/\/schema.org","@graph":[{"@type":"WebPage","@id":"https:\/\/www.gamberetta.it\/it\/2022\/02\/13\/visitare-le-cantine-di-bolgheri-podere-grattamacco\/","url":"https:\/\/www.gamberetta.it\/it\/2022\/02\/13\/visitare-le-cantine-di-bolgheri-podere-grattamacco\/","name":"VISITARE LE CANTINE DI BOLGHERI: PODERE GRATTAMACCO - Gamberetta","isPartOf":{"@id":"https:\/\/www.gamberetta.it\/it\/#website"},"primaryImageOfPage":{"@id":"https:\/\/www.gamberetta.it\/it\/2022\/02\/13\/visitare-le-cantine-di-bolgheri-podere-grattamacco\/#primaryimage"},"image":{"@id":"https:\/\/www.gamberetta.it\/it\/2022\/02\/13\/visitare-le-cantine-di-bolgheri-podere-grattamacco\/#primaryimage"},"thumbnailUrl":"","datePublished":"2022-02-13T18:50:32+00:00","dateModified":"2022-02-14T14:45:47+00:00","author":{"@id":"https:\/\/www.gamberetta.it\/it\/#\/schema\/person\/7a4a919927c944edb5f3f9c665590124"},"breadcrumb":{"@id":"https:\/\/www.gamberetta.it\/it\/2022\/02\/13\/visitare-le-cantine-di-bolgheri-podere-grattamacco\/#breadcrumb"},"inLanguage":"it-IT","potentialAction":[{"@type":"ReadAction","target":["https:\/\/www.gamberetta.it\/it\/2022\/02\/13\/visitare-le-cantine-di-bolgheri-podere-grattamacco\/"]}]},{"@type":"ImageObject","inLanguage":"it-IT","@id":"https:\/\/www.gamberetta.it\/it\/2022\/02\/13\/visitare-le-cantine-di-bolgheri-podere-grattamacco\/#primaryimage","url":"","contentUrl":""},{"@type":"BreadcrumbList","@id":"https:\/\/www.gamberetta.it\/it\/2022\/02\/13\/visitare-le-cantine-di-bolgheri-podere-grattamacco\/#breadcrumb","itemListElement":[{"@type":"ListItem","position":1,"name":"Home","item":"https:\/\/www.gamberetta.it\/it\/"},{"@type":"ListItem","position":2,"name":"VISITARE LE CANTINE DI BOLGHERI: PODERE GRATTAMACCO"}]},{"@type":"WebSite","@id":"https:\/\/www.gamberetta.it\/it\/#website","url":"https:\/\/www.gamberetta.it\/it\/","name":"Gamberetta","description":"Il mio blog senza fronzoli: pensieri e parole, sempre e ovunque in viaggio","potentialAction":[{"@type":"SearchAction","target":{"@type":"EntryPoint","urlTemplate":"https:\/\/www.gamberetta.it\/it\/?s={search_term_string}"},"query-input":{"@type":"PropertyValueSpecification","valueRequired":true,"valueName":"search_term_string"}}],"inLanguage":"it-IT"},{"@type":"Person","@id":"https:\/\/www.gamberetta.it\/it\/#\/schema\/person\/7a4a919927c944edb5f3f9c665590124","name":"gamberetta","image":{"@type":"ImageObject","inLanguage":"it-IT","@id":"https:\/\/www.gamberetta.it\/it\/#\/schema\/person\/image\/","url":"https:\/\/secure.gravatar.com\/avatar\/7ef5d82656b8958070b4f589b7ae1784?s=96&d=mm&r=g","contentUrl":"https:\/\/secure.gravatar.com\/avatar\/7ef5d82656b8958070b4f589b7ae1784?s=96&d=mm&r=g","caption":"gamberetta"},"description":"Sono Toro ascendente Scorpione, terra di contrasti dove ora prevale una met\u00e0, ora l\u2019altra. L\u2019infanzia in Veneto e gli ultimi anni passati a Milano hanno sviluppato in me una serie ulteriore di conflitti. Scrivo da sempre, la scrittura \u00e8 la migliore forma espressiva che mi consente di fissare concetti altrimenti sospesi nell\u2019aria. Da bambina scrivevo poesie con uno stile quasi leopardiano poi sono passata ai diari di viaggio dalla prima volta in USA nel 1998 e non ho pi\u00f9 smesso...","url":"https:\/\/www.gamberetta.it\/it\/author\/gamberettarossa\/"}]}},"_links":{"self":[{"href":"https:\/\/www.gamberetta.it\/it\/wp-json\/wp\/v2\/posts\/18841"}],"collection":[{"href":"https:\/\/www.gamberetta.it\/it\/wp-json\/wp\/v2\/posts"}],"about":[{"href":"https:\/\/www.gamberetta.it\/it\/wp-json\/wp\/v2\/types\/post"}],"author":[{"embeddable":true,"href":"https:\/\/www.gamberetta.it\/it\/wp-json\/wp\/v2\/users\/2"}],"replies":[{"embeddable":true,"href":"https:\/\/www.gamberetta.it\/it\/wp-json\/wp\/v2\/comments?post=18841"}],"version-history":[{"count":2,"href":"https:\/\/www.gamberetta.it\/it\/wp-json\/wp\/v2\/posts\/18841\/revisions"}],"predecessor-version":[{"id":18858,"href":"https:\/\/www.gamberetta.it\/it\/wp-json\/wp\/v2\/posts\/18841\/revisions\/18858"}],"wp:featuredmedia":[{"embeddable":true,"href":"https:\/\/www.gamberetta.it\/it\/wp-json\/wp\/v2\/media\/18844"}],"wp:attachment":[{"href":"https:\/\/www.gamberetta.it\/it\/wp-json\/wp\/v2\/media?parent=18841"}],"wp:term":[{"taxonomy":"category","embeddable":true,"href":"https:\/\/www.gamberetta.it\/it\/wp-json\/wp\/v2\/categories?post=18841"},{"taxonomy":"post_tag","embeddable":true,"href":"https:\/\/www.gamberetta.it\/it\/wp-json\/wp\/v2\/tags?post=18841"}],"curies":[{"name":"wp","href":"https:\/\/api.w.org\/{rel}","templated":true}]}}