{"id":19455,"date":"2022-05-22T17:16:00","date_gmt":"2022-05-22T15:16:00","guid":{"rendered":"https:\/\/www.gamberetta.it\/it\/?p=19455"},"modified":"2022-07-23T17:22:30","modified_gmt":"2022-07-23T15:22:30","slug":"volare-con-sky-alps","status":"publish","type":"post","link":"https:\/\/www.gamberetta.it\/it\/2022\/05\/22\/volare-con-sky-alps\/","title":{"rendered":"VOLARE CON SKY ALPS"},"content":{"rendered":"\n<p>SkyAlps \u00e8 la compagnia aerea privata che fa base all&#8217;aeroporto di Bolzano. Serve destinazioni a corto e medio raggio sia per clientela business sia leisure. Per esempio ci sono <strong>Zurigo e Dusseldorf<\/strong> fra le destinazioni meta di viaggi per affari, mentre per i luoghi di vacanza possiamo scegliere alcune isole del Mediterraneo, come <strong>Maiorca e Bra\u00e7<\/strong>.<\/p>\n\n\n\n<figure class=\"wp-block-image size-large\"><img loading=\"lazy\" decoding=\"async\" width=\"1024\" height=\"768\" src=\"https:\/\/www.gamberetta.it\/wp-content\/uploads\/2019\/04\/IMG_20190403_105601-1024x768.jpg\" alt=\"mallorca\" class=\"wp-image-14543\" srcset=\"https:\/\/www.gamberetta.it\/wp-content\/uploads\/2019\/04\/IMG_20190403_105601-1024x768.jpg 1024w, https:\/\/www.gamberetta.it\/wp-content\/uploads\/2019\/04\/IMG_20190403_105601-300x225.jpg 300w, https:\/\/www.gamberetta.it\/wp-content\/uploads\/2019\/04\/IMG_20190403_105601-768x576.jpg 768w, https:\/\/www.gamberetta.it\/wp-content\/uploads\/2019\/04\/IMG_20190403_105601-1000x750.jpg 1000w, https:\/\/www.gamberetta.it\/wp-content\/uploads\/2019\/04\/IMG_20190403_105601-570x428.jpg 570w, https:\/\/www.gamberetta.it\/wp-content\/uploads\/2019\/04\/IMG_20190403_105601-330x248.jpg 330w, https:\/\/www.gamberetta.it\/wp-content\/uploads\/2019\/04\/IMG_20190403_105601.jpg 1200w\" sizes=\"(max-width: 1024px) 100vw, 1024px\" \/><\/figure>\n\n\n\n<p>In Italia SkyAlps vola da Bolzano e Bergamo per le isole, <strong>Sicilia e Sardegna<\/strong>, e per altre due regioni del sud, <strong>Calabria e Puglia<\/strong>. Una volta arrivati a destinazione si pu\u00f2 usufruire dei partner della compagnia aerea per scegliere il luogo di soggiorno, l&#8217;auto a noleggio e altri servizi. Un pacchetto completo insomma.<\/p>\n\n\n\n<figure class=\"wp-block-image size-large\"><img loading=\"lazy\" decoding=\"async\" width=\"1024\" height=\"768\" src=\"https:\/\/www.gamberetta.it\/wp-content\/uploads\/2020\/06\/20180827_123954-1024x768.jpg\" alt=\"pula sardegna\" class=\"wp-image-16952\" srcset=\"https:\/\/www.gamberetta.it\/wp-content\/uploads\/2020\/06\/20180827_123954-1024x768.jpg 1024w, https:\/\/www.gamberetta.it\/wp-content\/uploads\/2020\/06\/20180827_123954-300x225.jpg 300w, https:\/\/www.gamberetta.it\/wp-content\/uploads\/2020\/06\/20180827_123954-768x576.jpg 768w, https:\/\/www.gamberetta.it\/wp-content\/uploads\/2020\/06\/20180827_123954-1000x750.jpg 1000w, https:\/\/www.gamberetta.it\/wp-content\/uploads\/2020\/06\/20180827_123954-570x428.jpg 570w, https:\/\/www.gamberetta.it\/wp-content\/uploads\/2020\/06\/20180827_123954-330x248.jpg 330w, https:\/\/www.gamberetta.it\/wp-content\/uploads\/2020\/06\/20180827_123954.jpg 1200w\" sizes=\"(max-width: 1024px) 100vw, 1024px\" \/><\/figure>\n\n\n\n<p>Il catalogo SkyAlps, disponibile in diverse agenzie di viaggio, mostra queste opzioni in dettaglio. Nel maggio scorso \u00e8 stata presentata a Padova l&#8217;isola di Bra\u00e7 come nuova destinazione, la settimana successiva c&#8217;\u00e8 stato il volo inaugurale da Bergamo a Bra\u00e7.<\/p>\n\n\n\n<p>Durante la serata padovana, assieme a oltre 100 agenti di viaggio e giornalisti ho effettuato una piccola crociera serale a bordo del Burchiello, la nave di lusso che da anni porta i turisti in visita tra Venezia e Padova ed \u00e8 un po&#8217; il simbolo della navigazione sulla riviera del Brenta.<\/p>\n\n\n\n<figure class=\"wp-block-image size-full\"><img loading=\"lazy\" decoding=\"async\" width=\"768\" height=\"1024\" src=\"https:\/\/www.gamberetta.it\/wp-content\/uploads\/2022\/07\/IMG_20220519_210219.jpg\" alt=\"skyalps catalogo\" class=\"wp-image-19464\" srcset=\"https:\/\/www.gamberetta.it\/wp-content\/uploads\/2022\/07\/IMG_20220519_210219.jpg 768w, https:\/\/www.gamberetta.it\/wp-content\/uploads\/2022\/07\/IMG_20220519_210219-225x300.jpg 225w, https:\/\/www.gamberetta.it\/wp-content\/uploads\/2022\/07\/IMG_20220519_210219-600x800.jpg 600w\" sizes=\"(max-width: 768px) 100vw, 768px\" \/><\/figure>\n\n\n\n<p>La prima met\u00e0 della serata si \u00e8 svolta sulla parte superiore della nave. Siamo partiti al tramonto dal molo del Portello e una brava guida turistica ci ha intrattenuti, descrivendo il paesaggio e la storia della navigazione fluviale. Siamo andati indietro nel tempo, almeno di cinquecento anni, ascoltando il legame con Venezia, il valore delle opere di ingegneria come i canali navigabili, la ricchezza storica e artistica delle ville venete. Nella vita quotidiana tutto questo si traduceva in un brulicare di attivit\u00e0 lungo il fiume, solcato da barche trainate da buoi a terra, i cosiddetti \u201cburci\u201d adibiti al trasporto di merci come cereali e materiali da costruzione.<\/p>\n\n\n\n<figure class=\"wp-block-gallery columns-2 is-cropped wp-block-gallery-2 is-layout-flex wp-block-gallery-is-layout-flex\"><ul class=\"blocks-gallery-grid\"><li class=\"blocks-gallery-item\"><figure><img loading=\"lazy\" decoding=\"async\" width=\"768\" height=\"1024\" src=\"https:\/\/www.gamberetta.it\/wp-content\/uploads\/2022\/07\/IMG_20220519_212652.jpg\" alt=\"\" data-id=\"19466\" data-full-url=\"https:\/\/www.gamberetta.it\/wp-content\/uploads\/2022\/07\/IMG_20220519_212652.jpg\" data-link=\"https:\/\/www.gamberetta.it\/it\/?attachment_id=19466\" class=\"wp-image-19466\" srcset=\"https:\/\/www.gamberetta.it\/wp-content\/uploads\/2022\/07\/IMG_20220519_212652.jpg 768w, https:\/\/www.gamberetta.it\/wp-content\/uploads\/2022\/07\/IMG_20220519_212652-225x300.jpg 225w, https:\/\/www.gamberetta.it\/wp-content\/uploads\/2022\/07\/IMG_20220519_212652-600x800.jpg 600w\" sizes=\"(max-width: 768px) 100vw, 768px\" \/><\/figure><\/li><li class=\"blocks-gallery-item\"><figure><img loading=\"lazy\" decoding=\"async\" width=\"768\" height=\"1024\" src=\"https:\/\/www.gamberetta.it\/wp-content\/uploads\/2022\/07\/IMG_20220519_220818.jpg\" alt=\"\" data-id=\"19468\" data-full-url=\"https:\/\/www.gamberetta.it\/wp-content\/uploads\/2022\/07\/IMG_20220519_220818.jpg\" data-link=\"https:\/\/www.gamberetta.it\/it\/?attachment_id=19468\" class=\"wp-image-19468\" srcset=\"https:\/\/www.gamberetta.it\/wp-content\/uploads\/2022\/07\/IMG_20220519_220818.jpg 768w, https:\/\/www.gamberetta.it\/wp-content\/uploads\/2022\/07\/IMG_20220519_220818-225x300.jpg 225w, https:\/\/www.gamberetta.it\/wp-content\/uploads\/2022\/07\/IMG_20220519_220818-600x800.jpg 600w\" sizes=\"(max-width: 768px) 100vw, 768px\" \/><\/figure><\/li><\/ul><\/figure>\n\n\n\n<p>Solcando il fiume Brenta a bordo del Burchiello si vede tutto questo: la bellezza della campagna, le ville venete e localit\u00e0 piacevoli da visitare, come <strong>Dolo e Mira<\/strong>. Noi da Padova siamo arrivati solo a <strong>Noventa Padovana<\/strong> all&#8217;altezza di <strong>Villa Giovanelli Colonna<\/strong> dove, girata la barca, siamo rientrati a Padova. Sottocoperta abbiamo ascoltato la presentazione di Skyalps e di Bra\u00e7, mentre ci servivano una light dinner e i vini di <strong>Calustra Zanovello<\/strong>, cantina pregiata dei vicini Colli Euganei.<\/p>\n\n\n\n<figure class=\"wp-block-gallery columns-2 is-cropped wp-block-gallery-3 is-layout-flex wp-block-gallery-is-layout-flex\"><ul class=\"blocks-gallery-grid\"><li class=\"blocks-gallery-item\"><figure><img loading=\"lazy\" decoding=\"async\" width=\"768\" height=\"1024\" src=\"https:\/\/www.gamberetta.it\/wp-content\/uploads\/2022\/07\/IMG_20220519_223326.jpg\" alt=\"\" data-id=\"19470\" data-full-url=\"https:\/\/www.gamberetta.it\/wp-content\/uploads\/2022\/07\/IMG_20220519_223326.jpg\" data-link=\"https:\/\/www.gamberetta.it\/it\/?attachment_id=19470\" class=\"wp-image-19470\" srcset=\"https:\/\/www.gamberetta.it\/wp-content\/uploads\/2022\/07\/IMG_20220519_223326.jpg 768w, https:\/\/www.gamberetta.it\/wp-content\/uploads\/2022\/07\/IMG_20220519_223326-225x300.jpg 225w, https:\/\/www.gamberetta.it\/wp-content\/uploads\/2022\/07\/IMG_20220519_223326-600x800.jpg 600w\" sizes=\"(max-width: 768px) 100vw, 768px\" \/><\/figure><\/li><li class=\"blocks-gallery-item\"><figure><img loading=\"lazy\" decoding=\"async\" width=\"768\" height=\"1024\" src=\"https:\/\/www.gamberetta.it\/wp-content\/uploads\/2022\/07\/IMG_20220519_231527.jpg\" alt=\"\" data-id=\"19472\" data-full-url=\"https:\/\/www.gamberetta.it\/wp-content\/uploads\/2022\/07\/IMG_20220519_231527.jpg\" data-link=\"https:\/\/www.gamberetta.it\/it\/?attachment_id=19472\" class=\"wp-image-19472\" srcset=\"https:\/\/www.gamberetta.it\/wp-content\/uploads\/2022\/07\/IMG_20220519_231527.jpg 768w, https:\/\/www.gamberetta.it\/wp-content\/uploads\/2022\/07\/IMG_20220519_231527-225x300.jpg 225w, https:\/\/www.gamberetta.it\/wp-content\/uploads\/2022\/07\/IMG_20220519_231527-600x800.jpg 600w\" sizes=\"(max-width: 768px) 100vw, 768px\" \/><\/figure><\/li><\/ul><\/figure>\n\n\n\n<p>Explore Magazine \u00e8 la rivista di bordo Skyalps dove potete trovare diverse suggestioni per organizzare il vostro prossimo viaggio&nbsp; https:\/\/www.skyalps.com\/en\/about-skyalps\/sky-alps-explore-magazine<\/p>\n\n\n\n<p>Post in collaborazione con    https:\/\/www.skyalps.com\/<\/p>\n\n\n\n<p><\/p>\n","protected":false},"excerpt":{"rendered":"<p>SkyAlps \u00e8 la compagnia aerea privata che fa base all&#8217;aeroporto di Bolzano. Serve destinazioni a corto e medio raggio sia per clientela business sia leisure. Per esempio ci sono Zurigo e Dusseldorf fra le destinazioni meta di viaggi per affari, mentre per i luoghi di vacanza possiamo scegliere alcune isole del Mediterraneo, come Maiorca e &hellip; <a class=\"more-link\" href=\"https:\/\/www.gamberetta.it\/it\/2022\/05\/22\/volare-con-sky-alps\/\">Leggi tutto<i class=\"ion-ios-arrow-thin-right\"><\/i><\/a><\/p>\n","protected":false},"author":2,"featured_media":19475,"comment_status":"open","ping_status":"closed","sticky":false,"template":"","format":"standard","meta":{"footnotes":""},"categories":[33,34],"tags":[3302,3303],"class_list":["post-19455","post","type-post","status-publish","format-standard","has-post-thumbnail","hentry","category-travelling","category-viaggi-italia-europa","tag-aeroporto-di-bolzano","tag-skyalps-compagnia-aerea"],"yoast_head":"<!-- This site is optimized with the Yoast SEO plugin v23.5 - https:\/\/yoast.com\/wordpress\/plugins\/seo\/ -->\n<title>VOLARE CON SKY ALPS - Gamberetta<\/title>\n<meta name=\"robots\" content=\"index, follow, max-snippet:-1, max-image-preview:large, max-video-preview:-1\" \/>\n<link rel=\"canonical\" href=\"https:\/\/www.gamberetta.it\/it\/2022\/05\/22\/volare-con-sky-alps\/\" \/>\n<meta property=\"og:locale\" content=\"it_IT\" \/>\n<meta property=\"og:type\" content=\"article\" \/>\n<meta property=\"og:title\" content=\"VOLARE CON SKY ALPS - Gamberetta\" \/>\n<meta property=\"og:description\" content=\"SkyAlps \u00e8 la compagnia aerea privata che fa base all&#8217;aeroporto di Bolzano. Serve destinazioni a corto e medio raggio sia per clientela business sia leisure. Per esempio ci sono Zurigo e Dusseldorf fra le destinazioni meta di viaggi per affari, mentre per i luoghi di vacanza possiamo scegliere alcune isole del Mediterraneo, come Maiorca e &hellip; Leggi tutto\" \/>\n<meta property=\"og:url\" content=\"https:\/\/www.gamberetta.it\/it\/2022\/05\/22\/volare-con-sky-alps\/\" \/>\n<meta property=\"og:site_name\" content=\"Gamberetta\" \/>\n<meta property=\"article:publisher\" content=\"https:\/\/www.facebook.com\/Gamberettatravelblog\" \/>\n<meta property=\"article:published_time\" content=\"2022-05-22T15:16:00+00:00\" \/>\n<meta property=\"article:modified_time\" content=\"2022-07-23T15:22:30+00:00\" \/>\n<meta name=\"author\" content=\"gamberetta\" \/>\n<meta name=\"twitter:card\" content=\"summary_large_image\" \/>\n<meta name=\"twitter:creator\" content=\"@robertazennaro\" \/>\n<meta name=\"twitter:site\" content=\"@robertazennaro\" \/>\n<meta name=\"twitter:label1\" content=\"Scritto da\" \/>\n\t<meta name=\"twitter:data1\" content=\"gamberetta\" \/>\n\t<meta name=\"twitter:label2\" content=\"Tempo di lettura stimato\" \/>\n\t<meta name=\"twitter:data2\" content=\"2 minuti\" \/>\n<script type=\"application\/ld+json\" class=\"yoast-schema-graph\">{\"@context\":\"https:\/\/schema.org\",\"@graph\":[{\"@type\":\"WebPage\",\"@id\":\"https:\/\/www.gamberetta.it\/it\/2022\/05\/22\/volare-con-sky-alps\/\",\"url\":\"https:\/\/www.gamberetta.it\/it\/2022\/05\/22\/volare-con-sky-alps\/\",\"name\":\"VOLARE CON SKY ALPS - Gamberetta\",\"isPartOf\":{\"@id\":\"https:\/\/www.gamberetta.it\/it\/#website\"},\"primaryImageOfPage\":{\"@id\":\"https:\/\/www.gamberetta.it\/it\/2022\/05\/22\/volare-con-sky-alps\/#primaryimage\"},\"image\":{\"@id\":\"https:\/\/www.gamberetta.it\/it\/2022\/05\/22\/volare-con-sky-alps\/#primaryimage\"},\"thumbnailUrl\":\"\",\"datePublished\":\"2022-05-22T15:16:00+00:00\",\"dateModified\":\"2022-07-23T15:22:30+00:00\",\"author\":{\"@id\":\"https:\/\/www.gamberetta.it\/it\/#\/schema\/person\/7a4a919927c944edb5f3f9c665590124\"},\"breadcrumb\":{\"@id\":\"https:\/\/www.gamberetta.it\/it\/2022\/05\/22\/volare-con-sky-alps\/#breadcrumb\"},\"inLanguage\":\"it-IT\",\"potentialAction\":[{\"@type\":\"ReadAction\",\"target\":[\"https:\/\/www.gamberetta.it\/it\/2022\/05\/22\/volare-con-sky-alps\/\"]}]},{\"@type\":\"ImageObject\",\"inLanguage\":\"it-IT\",\"@id\":\"https:\/\/www.gamberetta.it\/it\/2022\/05\/22\/volare-con-sky-alps\/#primaryimage\",\"url\":\"\",\"contentUrl\":\"\"},{\"@type\":\"BreadcrumbList\",\"@id\":\"https:\/\/www.gamberetta.it\/it\/2022\/05\/22\/volare-con-sky-alps\/#breadcrumb\",\"itemListElement\":[{\"@type\":\"ListItem\",\"position\":1,\"name\":\"Home\",\"item\":\"https:\/\/www.gamberetta.it\/it\/\"},{\"@type\":\"ListItem\",\"position\":2,\"name\":\"VOLARE CON SKY ALPS\"}]},{\"@type\":\"WebSite\",\"@id\":\"https:\/\/www.gamberetta.it\/it\/#website\",\"url\":\"https:\/\/www.gamberetta.it\/it\/\",\"name\":\"Gamberetta\",\"description\":\"Il mio blog senza fronzoli: pensieri e parole, sempre e ovunque in viaggio\",\"potentialAction\":[{\"@type\":\"SearchAction\",\"target\":{\"@type\":\"EntryPoint\",\"urlTemplate\":\"https:\/\/www.gamberetta.it\/it\/?s={search_term_string}\"},\"query-input\":{\"@type\":\"PropertyValueSpecification\",\"valueRequired\":true,\"valueName\":\"search_term_string\"}}],\"inLanguage\":\"it-IT\"},{\"@type\":\"Person\",\"@id\":\"https:\/\/www.gamberetta.it\/it\/#\/schema\/person\/7a4a919927c944edb5f3f9c665590124\",\"name\":\"gamberetta\",\"image\":{\"@type\":\"ImageObject\",\"inLanguage\":\"it-IT\",\"@id\":\"https:\/\/www.gamberetta.it\/it\/#\/schema\/person\/image\/\",\"url\":\"https:\/\/secure.gravatar.com\/avatar\/7ef5d82656b8958070b4f589b7ae1784?s=96&d=mm&r=g\",\"contentUrl\":\"https:\/\/secure.gravatar.com\/avatar\/7ef5d82656b8958070b4f589b7ae1784?s=96&d=mm&r=g\",\"caption\":\"gamberetta\"},\"description\":\"Sono Toro ascendente Scorpione, terra di contrasti dove ora prevale una met\u00e0, ora l\u2019altra. L\u2019infanzia in Veneto e gli ultimi anni passati a Milano hanno sviluppato in me una serie ulteriore di conflitti. Scrivo da sempre, la scrittura \u00e8 la migliore forma espressiva che mi consente di fissare concetti altrimenti sospesi nell\u2019aria. Da bambina scrivevo poesie con uno stile quasi leopardiano poi sono passata ai diari di viaggio dalla prima volta in USA nel 1998 e non ho pi\u00f9 smesso...\",\"url\":\"https:\/\/www.gamberetta.it\/it\/author\/gamberettarossa\/\"}]}<\/script>\n<!-- \/ Yoast SEO plugin. -->","yoast_head_json":{"title":"VOLARE CON SKY ALPS - Gamberetta","robots":{"index":"index","follow":"follow","max-snippet":"max-snippet:-1","max-image-preview":"max-image-preview:large","max-video-preview":"max-video-preview:-1"},"canonical":"https:\/\/www.gamberetta.it\/it\/2022\/05\/22\/volare-con-sky-alps\/","og_locale":"it_IT","og_type":"article","og_title":"VOLARE CON SKY ALPS - Gamberetta","og_description":"SkyAlps \u00e8 la compagnia aerea privata che fa base all&#8217;aeroporto di Bolzano. Serve destinazioni a corto e medio raggio sia per clientela business sia leisure. Per esempio ci sono Zurigo e Dusseldorf fra le destinazioni meta di viaggi per affari, mentre per i luoghi di vacanza possiamo scegliere alcune isole del Mediterraneo, come Maiorca e &hellip; Leggi tutto","og_url":"https:\/\/www.gamberetta.it\/it\/2022\/05\/22\/volare-con-sky-alps\/","og_site_name":"Gamberetta","article_publisher":"https:\/\/www.facebook.com\/Gamberettatravelblog","article_published_time":"2022-05-22T15:16:00+00:00","article_modified_time":"2022-07-23T15:22:30+00:00","author":"gamberetta","twitter_card":"summary_large_image","twitter_creator":"@robertazennaro","twitter_site":"@robertazennaro","twitter_misc":{"Scritto da":"gamberetta","Tempo di lettura stimato":"2 minuti"},"schema":{"@context":"https:\/\/schema.org","@graph":[{"@type":"WebPage","@id":"https:\/\/www.gamberetta.it\/it\/2022\/05\/22\/volare-con-sky-alps\/","url":"https:\/\/www.gamberetta.it\/it\/2022\/05\/22\/volare-con-sky-alps\/","name":"VOLARE CON SKY ALPS - Gamberetta","isPartOf":{"@id":"https:\/\/www.gamberetta.it\/it\/#website"},"primaryImageOfPage":{"@id":"https:\/\/www.gamberetta.it\/it\/2022\/05\/22\/volare-con-sky-alps\/#primaryimage"},"image":{"@id":"https:\/\/www.gamberetta.it\/it\/2022\/05\/22\/volare-con-sky-alps\/#primaryimage"},"thumbnailUrl":"","datePublished":"2022-05-22T15:16:00+00:00","dateModified":"2022-07-23T15:22:30+00:00","author":{"@id":"https:\/\/www.gamberetta.it\/it\/#\/schema\/person\/7a4a919927c944edb5f3f9c665590124"},"breadcrumb":{"@id":"https:\/\/www.gamberetta.it\/it\/2022\/05\/22\/volare-con-sky-alps\/#breadcrumb"},"inLanguage":"it-IT","potentialAction":[{"@type":"ReadAction","target":["https:\/\/www.gamberetta.it\/it\/2022\/05\/22\/volare-con-sky-alps\/"]}]},{"@type":"ImageObject","inLanguage":"it-IT","@id":"https:\/\/www.gamberetta.it\/it\/2022\/05\/22\/volare-con-sky-alps\/#primaryimage","url":"","contentUrl":""},{"@type":"BreadcrumbList","@id":"https:\/\/www.gamberetta.it\/it\/2022\/05\/22\/volare-con-sky-alps\/#breadcrumb","itemListElement":[{"@type":"ListItem","position":1,"name":"Home","item":"https:\/\/www.gamberetta.it\/it\/"},{"@type":"ListItem","position":2,"name":"VOLARE CON SKY ALPS"}]},{"@type":"WebSite","@id":"https:\/\/www.gamberetta.it\/it\/#website","url":"https:\/\/www.gamberetta.it\/it\/","name":"Gamberetta","description":"Il mio blog senza fronzoli: pensieri e parole, sempre e ovunque in viaggio","potentialAction":[{"@type":"SearchAction","target":{"@type":"EntryPoint","urlTemplate":"https:\/\/www.gamberetta.it\/it\/?s={search_term_string}"},"query-input":{"@type":"PropertyValueSpecification","valueRequired":true,"valueName":"search_term_string"}}],"inLanguage":"it-IT"},{"@type":"Person","@id":"https:\/\/www.gamberetta.it\/it\/#\/schema\/person\/7a4a919927c944edb5f3f9c665590124","name":"gamberetta","image":{"@type":"ImageObject","inLanguage":"it-IT","@id":"https:\/\/www.gamberetta.it\/it\/#\/schema\/person\/image\/","url":"https:\/\/secure.gravatar.com\/avatar\/7ef5d82656b8958070b4f589b7ae1784?s=96&d=mm&r=g","contentUrl":"https:\/\/secure.gravatar.com\/avatar\/7ef5d82656b8958070b4f589b7ae1784?s=96&d=mm&r=g","caption":"gamberetta"},"description":"Sono Toro ascendente Scorpione, terra di contrasti dove ora prevale una met\u00e0, ora l\u2019altra. L\u2019infanzia in Veneto e gli ultimi anni passati a Milano hanno sviluppato in me una serie ulteriore di conflitti. Scrivo da sempre, la scrittura \u00e8 la migliore forma espressiva che mi consente di fissare concetti altrimenti sospesi nell\u2019aria. Da bambina scrivevo poesie con uno stile quasi leopardiano poi sono passata ai diari di viaggio dalla prima volta in USA nel 1998 e non ho pi\u00f9 smesso...","url":"https:\/\/www.gamberetta.it\/it\/author\/gamberettarossa\/"}]}},"_links":{"self":[{"href":"https:\/\/www.gamberetta.it\/it\/wp-json\/wp\/v2\/posts\/19455"}],"collection":[{"href":"https:\/\/www.gamberetta.it\/it\/wp-json\/wp\/v2\/posts"}],"about":[{"href":"https:\/\/www.gamberetta.it\/it\/wp-json\/wp\/v2\/types\/post"}],"author":[{"embeddable":true,"href":"https:\/\/www.gamberetta.it\/it\/wp-json\/wp\/v2\/users\/2"}],"replies":[{"embeddable":true,"href":"https:\/\/www.gamberetta.it\/it\/wp-json\/wp\/v2\/comments?post=19455"}],"version-history":[{"count":4,"href":"https:\/\/www.gamberetta.it\/it\/wp-json\/wp\/v2\/posts\/19455\/revisions"}],"predecessor-version":[{"id":19473,"href":"https:\/\/www.gamberetta.it\/it\/wp-json\/wp\/v2\/posts\/19455\/revisions\/19473"}],"wp:featuredmedia":[{"embeddable":true,"href":"https:\/\/www.gamberetta.it\/it\/wp-json\/wp\/v2\/media\/19475"}],"wp:attachment":[{"href":"https:\/\/www.gamberetta.it\/it\/wp-json\/wp\/v2\/media?parent=19455"}],"wp:term":[{"taxonomy":"category","embeddable":true,"href":"https:\/\/www.gamberetta.it\/it\/wp-json\/wp\/v2\/categories?post=19455"},{"taxonomy":"post_tag","embeddable":true,"href":"https:\/\/www.gamberetta.it\/it\/wp-json\/wp\/v2\/tags?post=19455"}],"curies":[{"name":"wp","href":"https:\/\/api.w.org\/{rel}","templated":true}]}}