{"id":20610,"date":"2026-02-20T08:43:44","date_gmt":"2026-02-20T07:43:44","guid":{"rendered":"https:\/\/www.gamberetta.it\/it\/?p=20610"},"modified":"2026-02-18T11:28:14","modified_gmt":"2026-02-18T10:28:14","slug":"destinazione-francia-tutte-le-novita","status":"publish","type":"post","link":"https:\/\/www.gamberetta.it\/it\/2026\/02\/20\/destinazione-francia-tutte-le-novita\/","title":{"rendered":"DESTINAZIONE FRANCIA: TUTTE LE NOVIT\u00c0 PER IL 2026"},"content":{"rendered":"\n<figure class=\"wp-block-image size-full\"><img loading=\"lazy\" decoding=\"async\" width=\"1024\" height=\"768\" src=\"https:\/\/www.gamberetta.it\/wp-content\/uploads\/2025\/03\/image.png\" alt=\"\" class=\"wp-image-40568\" srcset=\"https:\/\/www.gamberetta.it\/wp-content\/uploads\/2025\/03\/image.png 1024w, https:\/\/www.gamberetta.it\/wp-content\/uploads\/2025\/03\/image-300x225.png 300w, https:\/\/www.gamberetta.it\/wp-content\/uploads\/2025\/03\/image-768x576.png 768w, https:\/\/www.gamberetta.it\/wp-content\/uploads\/2025\/03\/image-1000x750.png 1000w, https:\/\/www.gamberetta.it\/wp-content\/uploads\/2025\/03\/image-570x428.png 570w, https:\/\/www.gamberetta.it\/wp-content\/uploads\/2025\/03\/image-330x248.png 330w\" sizes=\"(max-width: 1024px) 100vw, 1024px\" \/><\/figure>\n\n\n\n<p>All&#8217;inizio di febbraio la Francia si \u00e8 nuovamente presentata agli operatori e giornalisti, come ogni anno, per raccontare il paese come destinazione turistica. Per ben tre giorni, in presenza a Bologna e Milano e online, tra gradite conferme e tante novit\u00e0. Come lo scorso anno ho ancora partecipato all&#8217;evento online, il Mediatour presentato da Barbara Lovato responsabile ufficio stampa Atout France e ho preso spunto per alcune regioni dove vorrei andare, per la prima volta o anche per un gradito ritorno.<\/p>\n\n\n\n<h2 class=\"wp-block-heading\">CORSICA<\/h2>\n\n\n\n<p>Dopo aver coronato il sogno di <a href=\"https:\/\/www.gamberetta.it\/it\/2025\/09\/09\/corsica-del-sud-cosa-vedere-e-fare-in-un-weekend\/\">visitare il sud della Corsica<\/a>, alla fine dell&#8217;estate 2025, ho sempre buoni motivi per tornare. Visitare le cantine per esempio! Oppure passare una giornata a Domaine Murtoli vicino a Sart\u00e8ne. La Corsica offre esperienze enoturistiche autentiche, oltre al mare blu e alla natura selvaggia. <strong>Vini DOP Calvi e Balagne<\/strong>, sempre pi\u00f9 spesso biologici. Gastronomia di tradizione. Percorsi ed eventi outdoor e fuori stagione. Artigianato locale per sostenere e preservare l&#8217;identit\u00e0 locale. E contro la globalizzazione \u00e8 nato \u201cBienvenue \u00e0 la ferme\u201d nuovo marchio dei gusti di Corsica. Domaine Murtoli offre soggiorni sostenibili: natura, agricoltura, cucina, vigneti, economia circolare, filiera corta mediterranea.<\/p>\n\n\n<div class=\"wp-block-image\">\n<figure class=\"aligncenter size-full\"><img loading=\"lazy\" decoding=\"async\" width=\"1024\" height=\"768\" src=\"https:\/\/www.gamberetta.it\/wp-content\/uploads\/2023\/02\/IMG_20211116_103004-Copia.jpg\" alt=\"\" class=\"wp-image-20611\" srcset=\"https:\/\/www.gamberetta.it\/wp-content\/uploads\/2023\/02\/IMG_20211116_103004-Copia.jpg 1024w, https:\/\/www.gamberetta.it\/wp-content\/uploads\/2023\/02\/IMG_20211116_103004-Copia-300x225.jpg 300w, https:\/\/www.gamberetta.it\/wp-content\/uploads\/2023\/02\/IMG_20211116_103004-Copia-768x576.jpg 768w, https:\/\/www.gamberetta.it\/wp-content\/uploads\/2023\/02\/IMG_20211116_103004-Copia-1000x750.jpg 1000w, https:\/\/www.gamberetta.it\/wp-content\/uploads\/2023\/02\/IMG_20211116_103004-Copia-570x428.jpg 570w, https:\/\/www.gamberetta.it\/wp-content\/uploads\/2023\/02\/IMG_20211116_103004-Copia-330x248.jpg 330w\" sizes=\"(max-width: 1024px) 100vw, 1024px\" \/><\/figure><\/div>\n\n\n<p><\/p>\n\n\n\n<h2 class=\"wp-block-heading\">TRE CASE DI ARTISTI E SCRITTORI<\/h2>\n\n\n\n<p><\/p>\n\n\n\n<p>La Francia offre molti luoghi, citt\u00e0 e paesi, dove sono vissuti i suoi personaggi illustri.<\/p>\n\n\n\n<p>Parlando di pittori impressionisti: alzi la mano chi conosce <strong>Gustave Caillebotte<\/strong>, pittore di talento, scomparso troppo presto all&#8217;et\u00e0 di 46 anni, che ci ha lasciato centinaia di opere. Maison Caillebotte si trova a soli 20 km a sud di Parigi, per la precisione a Yerres che per questo \u00e8 detta \u201cl&#8217;altra Giverny\u201d. Facilmente raggiungibile in treno, a Yerres si trova la casa museo di Gustave Caillebotte. Dal 1860 al 1879 \u00e8 vissuto in questa che era la residenza di villeggiatura della sua famiglia, circondata da un grande parco e oggi dotata, fra le altre cose, di un ristorante. Nella Maison Caillebotte troviamo mobili e oggetti originali, e naturalmente un&#8217;ottantina di opere del pittore. Quest&#8217;anno Maison Caillebotte dedica al pittore due mostre, tra il 9 maggio e il 18 ottobre 2026.<\/p>\n\n\n\n<p>Fra le case d&#8217;artista Giverny, vicino a Parigi, \u00e8 una delle pi\u00f9 famose, legata com&#8217;\u00e8 a doppio filo al pittore impressionista <strong>Claude Monet<\/strong> (1840 \u2013 1926). Nel centenario della sua morte il museo MUMA di Le Havre in Normandia ripercorre la sua opera in una mostra dal 5 giugno al 27 settembre.<\/p>\n\n\n\n<p>Amiens nel nord della Francia \u00e8 famosa per la sua cattedrale, fra le pi\u00f9 belle della Francia, e per <strong>Jules Verne<\/strong> (1828 \u2013 1905). Il grande scrittore e poeta, nato a Nantes, \u00e8 morto proprio qui ad Amiens dove potete visitare la sua casa museo e seguire il percorso urbano a lui dedicato. Il <strong>Mus\u00e9e de Picardie<\/strong> ospita dal mese di marzo una nuova mostra sull&#8217;Egitto.<\/p>\n\n\n\n<h2 class=\"wp-block-heading\">UN ANNO DI FESTIVAL<\/h2>\n\n\n\n<p>Accanto a festival arcinoti come la kermesse cinematografica per eccellenza, che si svolge a Cannes nel mese di maggio, il Festival dei giardini di <strong>Chaumont sur Loire<\/strong> sar\u00e0 dal 22 aprile al 1 novembre. In Provenza, ad <strong>Arles<\/strong> ci sar\u00e0 il Festival del Disegno tra aprile e maggio e a luglio il consueto Festival di <strong>Avignone<\/strong>. Infine per tornare ad Amiens e per gli amanti del verde e dei giardini, da non perdere <strong>Hortillonage<\/strong>, il festival internazionale dei giardini, dal 22 maggio all&#8217;11 ottobre, edizione numero 17.<\/p>\n\n\n\n<p><strong>Bordeaux<\/strong> in Nouvelle Aquitaine ospiter\u00e0 a giugno il Festival du Vin. Bordeaux ha l&#8217;esposizione permanente\u00a0 la <strong>Cit\u00e9 du vin<\/strong>, che quest&#8217;anno celebra i 10 anni di attivit\u00e0 e oltre tre milioni di visitatori, con eventi e commemorazioni. Le cucine e vini del mediterraneo saranno protagoniste delle Serate musicali, da 30 settembre al 4 ottobre. La Cit\u00e9 du vin \u00e8 la mostra permanente sulla vite, il vino e tutto ci\u00f2 che gira attorno al nettare degli dei. Nella boutique saranno disponibili il programma filatelico e il francobollo commemorativo del decennale. L&#8217;area vitivinicola circostante d\u00e0 vita a vini famosi nel mondo, quali Graves e M\u00e9doc, Sauternes e Saint Emilion.<\/p>\n\n\n\n<figure class=\"wp-block-image size-full\"><img loading=\"lazy\" decoding=\"async\" width=\"744\" height=\"1024\" src=\"https:\/\/www.gamberetta.it\/wp-content\/uploads\/2023\/02\/Visitbordeaux2-1.jpg\" alt=\"\" class=\"wp-image-20622\" srcset=\"https:\/\/www.gamberetta.it\/wp-content\/uploads\/2023\/02\/Visitbordeaux2-1.jpg 744w, https:\/\/www.gamberetta.it\/wp-content\/uploads\/2023\/02\/Visitbordeaux2-1-218x300.jpg 218w\" sizes=\"(max-width: 744px) 100vw, 744px\" \/><figcaption class=\"wp-element-caption\"> Crediti Instagram @visitbordeaux <\/figcaption><\/figure>\n\n\n\n<h2 class=\"wp-block-heading\">APPUNTAMENTI SPORTIVI<\/h2>\n\n\n\n<p>Per gli sportivi la prima cosa che viene in mente \u00e8 sicuramente il Tour de France, dopo le Olimpiadi che nel 2024 hanno caratterizzato l&#8217;estate parigina e non solo, quest&#8217;anno si torner\u00e0 agli appuntamenti fissi come il Roland Garros, uno dei tornei di tennis pi\u00f9 famosi al mondo. L&#8217;aspetto ecologico \u00e8 sempre presente nelle proposte turistiche francesi: <strong>mete green e sostenibili<\/strong>, citt\u00e0 che hanno spinto la mobilit\u00e0 dolce per agevolare l&#8217;utilizzo di mezzi pubblici e mezzi non inquinanti, in primis la bicicletta. Perch\u00e9 lo sport per tutti \u00e8 sinonimo di vita sana. Dal mare alle montagne.<\/p>\n\n\n\n<p>Le Alpi francesi hanno molto da offrire. A <strong>Les 2 Alpes<\/strong> si pu\u00f2 sciare da novembre a luglio. <strong>Meg\u00e8ve<\/strong> ha il complesso sportivo pi\u00f9 grande di tutto l&#8217;arco alpino. Si possono raggiungere le piste e viaggiare in citt\u00e0 a bordo dei bus (gratuiti) alimentati a gas naturale. Anche <strong>Serre Chevalier e Brian\u00e7on<\/strong> sono rinomate stazioni sciistiche, comode per noi italiani, soprattutto coloro che partono dal nord ovest del nostro paese.<\/p>\n\n\n\n<p>Ora le <strong>Olimpiadi invernali<\/strong> Milano Cortina appassionano gli sportivi in tutto il mondo, a partire dall&#8217;Italia sede dei giochi olimpici, citt\u00e0 e villaggi fancesi si preparano alle prossime Olimpiadi dal titolo eloquente: <strong>Alpi Francesi 2030.<\/strong><\/p>\n\n\n\n<p><\/p>\n\n\n\n<h2 class=\"wp-block-heading\">PER GLI AMANTI DEI CIBI E VINI FRANCESI<\/h2>\n\n\n\n<p>Enogastronomia \u00e8 un caposaldo della cultura francese, con proposte sempre pi\u00f9 articolate per portare i visitatori in Francia, anzi prenderli per la gola come solo i francesi sanno fare. Per gli amanti di vino e cucina ci sono <strong>Alsazia, Champagne e Lorena<\/strong> (Regione di Grande Est) e c&#8217;\u00e8 la \u201cValle della gastronomia\u201d appellativo che unisce due regioni ricche come la <strong>Borgogna e Auvergne \u2013 Rh\u00f4ne Alpes<\/strong>, da scoprire con itinerari in bici (oltre 800 km di piste ciclabili) e fra i vigneti.&nbsp;<\/p>\n\n\n\n<h2 class=\"wp-block-heading\">IL MARE A SUD DELLA FRANCIA<\/h2>\n\n\n\n<p>Non vado a <strong>Marsiglia<\/strong> da oltre 15 anni, dicono che sia cambiata totalmente e io ci credo.  A Marsiglia tornerei subito e partirei proprio dalla gastronomia marsigliese. Le Grandes Halles du Vieux-Port per esempio sono dedicate alla gastronomia mediterranea, in ben 2.000 metri quadri di superficie. A Marsiglia vorrei trovare il melting pot che mi \u00e8 tanto piaciuto l&#8217;altra volta, l&#8217;atmosfera del porto da dove inizia la visita al cuore della citt\u00e0, le attrattive culturali vecchie e nuove. La grotta <strong>Cosquer <\/strong>permette di effettuare un tuffo nella preistoria. La grotta preistorica sotto il mare non si pu\u00f2 visitare per ovvii motivi di sicurezza e per evitare l&#8217;impatto dei turisti, perci\u00f2 \u00e8 stata ricostruita per farci rivivere il suo passato remoto, esperienza tutt&#8217;altro che virtuale consigliata dagli amici che ci sono stati. In <strong>Costa azzurra<\/strong> i miei ricordi pi\u00f9 belli sono legati principalmente alle citt\u00e0 e al mare: Nizza, Cannes, Antibes \u2013 Juan les Pins.<\/p>\n\n\n\n<p>Se venite in Costa Azzurra per assaporare l&#8217;arte e la pittura, visitate i musei (e le mostre) dedicati a Chagall e Matisse.<\/p>\n\n\n\n<p>In Provenza \u00e8 tutto un fiorire di alberghi di carattere. Ad Arles apre un Grand hotel di design e interpretazione contemporanea, dotato di 25 camere decorate con piastrelle, che evocano Van Gogh con i suoi cieli stellati. Mercure Arles con lounge e piscina panoramica.<\/p>\n\n\n\n<h2 class=\"wp-block-heading\">LA REGIONE DELLA LOIRA<\/h2>\n\n\n\n<p><strong>La Loira<\/strong> \u00e8 la regione dei castelli per eccellenza, uno di quei posti da viaggiatori raffinati, oggi accessibili in tanti modi anche slow. In bici lungo i 5.000 km delle sue piste ciclabili, la Loire \u00e0 v\u00e9lo. Oppure in barca su un romantico bateau per ammirarne i profili e fermarsi a visitare luoghi sacri, come la <strong>cattedrale di Chartres. <\/strong> Potete soggiorna in hotel oppure, per gli amanti della natura, nei glamping, tende di lusso in luoghi suggestivi. I castelli della Loira sono alcune centinaia e tra i pi\u00f9 noti vi sono <strong>Chambord e Chenonceau.<\/strong> Ma \u00e8 un peccato che molti abbiano minor fama, forse perch\u00e9 dedichiamo poco tempo a tali visite culturali.<\/p>\n\n\n\n<p><\/p>\n\n\n\n<figure class=\"wp-block-image size-full\"><img loading=\"lazy\" decoding=\"async\" width=\"768\" height=\"872\" src=\"https:\/\/www.gamberetta.it\/wp-content\/uploads\/2023\/02\/Loirevalleytourisme4.jpg\" alt=\"\" class=\"wp-image-20620\" srcset=\"https:\/\/www.gamberetta.it\/wp-content\/uploads\/2023\/02\/Loirevalleytourisme4.jpg 768w, https:\/\/www.gamberetta.it\/wp-content\/uploads\/2023\/02\/Loirevalleytourisme4-264x300.jpg 264w\" sizes=\"(max-width: 768px) 100vw, 768px\" \/><figcaption class=\"wp-element-caption\"> Crediti Instagram @loirevalleytourisme <\/figcaption><\/figure>\n\n\n\n<h2 class=\"wp-block-heading\">IL CENTRE DES MONUMENTS NATIONAUX<\/h2>\n\n\n\n<p>Gli itinerari culturali in Francia sono davvero tanti, il <strong>Centre des Monuments Nationaux<\/strong> \u00e8 gestito dal Ministero della Cultura e si occupa di molti siti che incontriamo nei nostri viaggi in Francia: conservazione, restauro e gestione di quasi 100 edifici e siti storici di propriet\u00e0 dello stato francese. Castelli. Musei. Palazzi. Alcuni monumenti nazionali sono molto famosi, come quelli che si trovano a <strong>Parigi<\/strong>: Arco di trionfo, N\u00f4tre Dame, Palais Royal, Panth\u00e9on, Conciergerie. Proprio qui alla Conciergerie si terr\u00e0 la mostra \u201cParigi capitale della gastronomia\u201d. Molti altri sono sparsi in citt\u00e0 e sono meno noti, almeno al grande pubblico. <\/p>\n\n\n<div class=\"wp-block-image\">\n<figure class=\"aligncenter size-full\"><img loading=\"lazy\" decoding=\"async\" width=\"1024\" height=\"768\" src=\"https:\/\/www.gamberetta.it\/wp-content\/uploads\/2023\/02\/20161015_191719.jpg\" alt=\"palais royale\" class=\"wp-image-20621\" srcset=\"https:\/\/www.gamberetta.it\/wp-content\/uploads\/2023\/02\/20161015_191719.jpg 1024w, https:\/\/www.gamberetta.it\/wp-content\/uploads\/2023\/02\/20161015_191719-300x225.jpg 300w, https:\/\/www.gamberetta.it\/wp-content\/uploads\/2023\/02\/20161015_191719-768x576.jpg 768w, https:\/\/www.gamberetta.it\/wp-content\/uploads\/2023\/02\/20161015_191719-1000x750.jpg 1000w, https:\/\/www.gamberetta.it\/wp-content\/uploads\/2023\/02\/20161015_191719-570x428.jpg 570w, https:\/\/www.gamberetta.it\/wp-content\/uploads\/2023\/02\/20161015_191719-330x248.jpg 330w\" sizes=\"(max-width: 1024px) 100vw, 1024px\" \/><\/figure><\/div>\n\n\n<p><\/p>\n\n\n\n<p>Per saperne di pi\u00f9: https:\/\/www.france.fr\/it<\/p>\n","protected":false},"excerpt":{"rendered":"<p>All&#8217;inizio di febbraio la Francia si \u00e8 nuovamente presentata agli operatori e giornalisti, come ogni anno, per raccontare il paese come destinazione turistica. Per ben tre giorni, in presenza a Bologna e Milano e online, tra gradite conferme e tante novit\u00e0. Come lo scorso anno ho ancora partecipato all&#8217;evento online, il Mediatour presentato da Barbara &hellip; <a class=\"more-link\" href=\"https:\/\/www.gamberetta.it\/it\/2026\/02\/20\/destinazione-francia-tutte-le-novita\/\">Leggi tutto<i class=\"ion-ios-arrow-thin-right\"><\/i><\/a><\/p>\n","protected":false},"author":2,"featured_media":40568,"comment_status":"open","ping_status":"closed","sticky":false,"template":"","format":"standard","meta":{"footnotes":""},"categories":[3039,33,34],"tags":[3201,3718,3393,3394],"class_list":["post-20610","post","type-post","status-publish","format-standard","has-post-thumbnail","hentry","category-musei-e-mostre","category-travelling","category-viaggi-italia-europa","tag-explore-france","tag-mediatour-francia-2026","tag-turismo-francese","tag-visitare-la-francia"],"yoast_head":"<!-- This site is optimized with the Yoast SEO plugin v23.5 - https:\/\/yoast.com\/wordpress\/plugins\/seo\/ -->\n<title>DESTINAZIONE FRANCIA: TUTTE LE NOVIT\u00c0 PER IL 2026 - Gamberetta<\/title>\n<meta name=\"robots\" content=\"index, follow, max-snippet:-1, max-image-preview:large, max-video-preview:-1\" \/>\n<link rel=\"canonical\" href=\"https:\/\/www.gamberetta.it\/it\/2026\/02\/20\/destinazione-francia-tutte-le-novita\/\" \/>\n<meta property=\"og:locale\" content=\"it_IT\" \/>\n<meta property=\"og:type\" content=\"article\" \/>\n<meta property=\"og:title\" content=\"DESTINAZIONE FRANCIA: TUTTE LE NOVIT\u00c0 PER IL 2026 - Gamberetta\" \/>\n<meta property=\"og:description\" content=\"All&#8217;inizio di febbraio la Francia si \u00e8 nuovamente presentata agli operatori e giornalisti, come ogni anno, per raccontare il paese come destinazione turistica. Per ben tre giorni, in presenza a Bologna e Milano e online, tra gradite conferme e tante novit\u00e0. Come lo scorso anno ho ancora partecipato all&#8217;evento online, il Mediatour presentato da Barbara &hellip; Leggi tutto\" \/>\n<meta property=\"og:url\" content=\"https:\/\/www.gamberetta.it\/it\/2026\/02\/20\/destinazione-francia-tutte-le-novita\/\" \/>\n<meta property=\"og:site_name\" content=\"Gamberetta\" \/>\n<meta property=\"article:publisher\" content=\"https:\/\/www.facebook.com\/Gamberettatravelblog\" \/>\n<meta property=\"article:published_time\" content=\"2026-02-20T07:43:44+00:00\" \/>\n<meta property=\"article:modified_time\" content=\"2026-02-18T10:28:14+00:00\" \/>\n<meta property=\"og:image\" content=\"https:\/\/www.gamberetta.it\/wp-content\/uploads\/2025\/03\/image.png\" \/>\n\t<meta property=\"og:image:width\" content=\"1024\" \/>\n\t<meta property=\"og:image:height\" content=\"768\" \/>\n\t<meta property=\"og:image:type\" content=\"image\/png\" \/>\n<meta name=\"author\" content=\"gamberetta\" \/>\n<meta name=\"twitter:card\" content=\"summary_large_image\" \/>\n<meta name=\"twitter:creator\" content=\"@robertazennaro\" \/>\n<meta name=\"twitter:site\" content=\"@robertazennaro\" \/>\n<meta name=\"twitter:label1\" content=\"Scritto da\" \/>\n\t<meta name=\"twitter:data1\" content=\"gamberetta\" \/>\n\t<meta name=\"twitter:label2\" content=\"Tempo di lettura stimato\" \/>\n\t<meta name=\"twitter:data2\" content=\"9 minuti\" \/>\n<script type=\"application\/ld+json\" class=\"yoast-schema-graph\">{\"@context\":\"https:\/\/schema.org\",\"@graph\":[{\"@type\":\"WebPage\",\"@id\":\"https:\/\/www.gamberetta.it\/it\/2026\/02\/20\/destinazione-francia-tutte-le-novita\/\",\"url\":\"https:\/\/www.gamberetta.it\/it\/2026\/02\/20\/destinazione-francia-tutte-le-novita\/\",\"name\":\"DESTINAZIONE FRANCIA: TUTTE LE NOVIT\u00c0 PER IL 2026 - Gamberetta\",\"isPartOf\":{\"@id\":\"https:\/\/www.gamberetta.it\/it\/#website\"},\"primaryImageOfPage\":{\"@id\":\"https:\/\/www.gamberetta.it\/it\/2026\/02\/20\/destinazione-francia-tutte-le-novita\/#primaryimage\"},\"image\":{\"@id\":\"https:\/\/www.gamberetta.it\/it\/2026\/02\/20\/destinazione-francia-tutte-le-novita\/#primaryimage\"},\"thumbnailUrl\":\"https:\/\/www.gamberetta.it\/wp-content\/uploads\/2025\/03\/image.png\",\"datePublished\":\"2026-02-20T07:43:44+00:00\",\"dateModified\":\"2026-02-18T10:28:14+00:00\",\"author\":{\"@id\":\"https:\/\/www.gamberetta.it\/it\/#\/schema\/person\/7a4a919927c944edb5f3f9c665590124\"},\"breadcrumb\":{\"@id\":\"https:\/\/www.gamberetta.it\/it\/2026\/02\/20\/destinazione-francia-tutte-le-novita\/#breadcrumb\"},\"inLanguage\":\"it-IT\",\"potentialAction\":[{\"@type\":\"ReadAction\",\"target\":[\"https:\/\/www.gamberetta.it\/it\/2026\/02\/20\/destinazione-francia-tutte-le-novita\/\"]}]},{\"@type\":\"ImageObject\",\"inLanguage\":\"it-IT\",\"@id\":\"https:\/\/www.gamberetta.it\/it\/2026\/02\/20\/destinazione-francia-tutte-le-novita\/#primaryimage\",\"url\":\"https:\/\/www.gamberetta.it\/wp-content\/uploads\/2025\/03\/image.png\",\"contentUrl\":\"https:\/\/www.gamberetta.it\/wp-content\/uploads\/2025\/03\/image.png\",\"width\":1024,\"height\":768},{\"@type\":\"BreadcrumbList\",\"@id\":\"https:\/\/www.gamberetta.it\/it\/2026\/02\/20\/destinazione-francia-tutte-le-novita\/#breadcrumb\",\"itemListElement\":[{\"@type\":\"ListItem\",\"position\":1,\"name\":\"Home\",\"item\":\"https:\/\/www.gamberetta.it\/it\/\"},{\"@type\":\"ListItem\",\"position\":2,\"name\":\"DESTINAZIONE FRANCIA: TUTTE LE NOVIT\u00c0 PER IL 2026\"}]},{\"@type\":\"WebSite\",\"@id\":\"https:\/\/www.gamberetta.it\/it\/#website\",\"url\":\"https:\/\/www.gamberetta.it\/it\/\",\"name\":\"Gamberetta\",\"description\":\"Il mio blog senza fronzoli: pensieri e parole, sempre e ovunque in viaggio\",\"potentialAction\":[{\"@type\":\"SearchAction\",\"target\":{\"@type\":\"EntryPoint\",\"urlTemplate\":\"https:\/\/www.gamberetta.it\/it\/?s={search_term_string}\"},\"query-input\":{\"@type\":\"PropertyValueSpecification\",\"valueRequired\":true,\"valueName\":\"search_term_string\"}}],\"inLanguage\":\"it-IT\"},{\"@type\":\"Person\",\"@id\":\"https:\/\/www.gamberetta.it\/it\/#\/schema\/person\/7a4a919927c944edb5f3f9c665590124\",\"name\":\"gamberetta\",\"image\":{\"@type\":\"ImageObject\",\"inLanguage\":\"it-IT\",\"@id\":\"https:\/\/www.gamberetta.it\/it\/#\/schema\/person\/image\/\",\"url\":\"https:\/\/secure.gravatar.com\/avatar\/7ef5d82656b8958070b4f589b7ae1784?s=96&d=mm&r=g\",\"contentUrl\":\"https:\/\/secure.gravatar.com\/avatar\/7ef5d82656b8958070b4f589b7ae1784?s=96&d=mm&r=g\",\"caption\":\"gamberetta\"},\"description\":\"Sono Toro ascendente Scorpione, terra di contrasti dove ora prevale una met\u00e0, ora l\u2019altra. L\u2019infanzia in Veneto e gli ultimi anni passati a Milano hanno sviluppato in me una serie ulteriore di conflitti. Scrivo da sempre, la scrittura \u00e8 la migliore forma espressiva che mi consente di fissare concetti altrimenti sospesi nell\u2019aria. Da bambina scrivevo poesie con uno stile quasi leopardiano poi sono passata ai diari di viaggio dalla prima volta in USA nel 1998 e non ho pi\u00f9 smesso...\",\"url\":\"https:\/\/www.gamberetta.it\/it\/author\/gamberettarossa\/\"}]}<\/script>\n<!-- \/ Yoast SEO plugin. -->","yoast_head_json":{"title":"DESTINAZIONE FRANCIA: TUTTE LE NOVIT\u00c0 PER IL 2026 - Gamberetta","robots":{"index":"index","follow":"follow","max-snippet":"max-snippet:-1","max-image-preview":"max-image-preview:large","max-video-preview":"max-video-preview:-1"},"canonical":"https:\/\/www.gamberetta.it\/it\/2026\/02\/20\/destinazione-francia-tutte-le-novita\/","og_locale":"it_IT","og_type":"article","og_title":"DESTINAZIONE FRANCIA: TUTTE LE NOVIT\u00c0 PER IL 2026 - Gamberetta","og_description":"All&#8217;inizio di febbraio la Francia si \u00e8 nuovamente presentata agli operatori e giornalisti, come ogni anno, per raccontare il paese come destinazione turistica. Per ben tre giorni, in presenza a Bologna e Milano e online, tra gradite conferme e tante novit\u00e0. Come lo scorso anno ho ancora partecipato all&#8217;evento online, il Mediatour presentato da Barbara &hellip; Leggi tutto","og_url":"https:\/\/www.gamberetta.it\/it\/2026\/02\/20\/destinazione-francia-tutte-le-novita\/","og_site_name":"Gamberetta","article_publisher":"https:\/\/www.facebook.com\/Gamberettatravelblog","article_published_time":"2026-02-20T07:43:44+00:00","article_modified_time":"2026-02-18T10:28:14+00:00","og_image":[{"width":1024,"height":768,"url":"https:\/\/www.gamberetta.it\/wp-content\/uploads\/2025\/03\/image.png","type":"image\/png"}],"author":"gamberetta","twitter_card":"summary_large_image","twitter_creator":"@robertazennaro","twitter_site":"@robertazennaro","twitter_misc":{"Scritto da":"gamberetta","Tempo di lettura stimato":"9 minuti"},"schema":{"@context":"https:\/\/schema.org","@graph":[{"@type":"WebPage","@id":"https:\/\/www.gamberetta.it\/it\/2026\/02\/20\/destinazione-francia-tutte-le-novita\/","url":"https:\/\/www.gamberetta.it\/it\/2026\/02\/20\/destinazione-francia-tutte-le-novita\/","name":"DESTINAZIONE FRANCIA: TUTTE LE NOVIT\u00c0 PER IL 2026 - Gamberetta","isPartOf":{"@id":"https:\/\/www.gamberetta.it\/it\/#website"},"primaryImageOfPage":{"@id":"https:\/\/www.gamberetta.it\/it\/2026\/02\/20\/destinazione-francia-tutte-le-novita\/#primaryimage"},"image":{"@id":"https:\/\/www.gamberetta.it\/it\/2026\/02\/20\/destinazione-francia-tutte-le-novita\/#primaryimage"},"thumbnailUrl":"https:\/\/www.gamberetta.it\/wp-content\/uploads\/2025\/03\/image.png","datePublished":"2026-02-20T07:43:44+00:00","dateModified":"2026-02-18T10:28:14+00:00","author":{"@id":"https:\/\/www.gamberetta.it\/it\/#\/schema\/person\/7a4a919927c944edb5f3f9c665590124"},"breadcrumb":{"@id":"https:\/\/www.gamberetta.it\/it\/2026\/02\/20\/destinazione-francia-tutte-le-novita\/#breadcrumb"},"inLanguage":"it-IT","potentialAction":[{"@type":"ReadAction","target":["https:\/\/www.gamberetta.it\/it\/2026\/02\/20\/destinazione-francia-tutte-le-novita\/"]}]},{"@type":"ImageObject","inLanguage":"it-IT","@id":"https:\/\/www.gamberetta.it\/it\/2026\/02\/20\/destinazione-francia-tutte-le-novita\/#primaryimage","url":"https:\/\/www.gamberetta.it\/wp-content\/uploads\/2025\/03\/image.png","contentUrl":"https:\/\/www.gamberetta.it\/wp-content\/uploads\/2025\/03\/image.png","width":1024,"height":768},{"@type":"BreadcrumbList","@id":"https:\/\/www.gamberetta.it\/it\/2026\/02\/20\/destinazione-francia-tutte-le-novita\/#breadcrumb","itemListElement":[{"@type":"ListItem","position":1,"name":"Home","item":"https:\/\/www.gamberetta.it\/it\/"},{"@type":"ListItem","position":2,"name":"DESTINAZIONE FRANCIA: TUTTE LE NOVIT\u00c0 PER IL 2026"}]},{"@type":"WebSite","@id":"https:\/\/www.gamberetta.it\/it\/#website","url":"https:\/\/www.gamberetta.it\/it\/","name":"Gamberetta","description":"Il mio blog senza fronzoli: pensieri e parole, sempre e ovunque in viaggio","potentialAction":[{"@type":"SearchAction","target":{"@type":"EntryPoint","urlTemplate":"https:\/\/www.gamberetta.it\/it\/?s={search_term_string}"},"query-input":{"@type":"PropertyValueSpecification","valueRequired":true,"valueName":"search_term_string"}}],"inLanguage":"it-IT"},{"@type":"Person","@id":"https:\/\/www.gamberetta.it\/it\/#\/schema\/person\/7a4a919927c944edb5f3f9c665590124","name":"gamberetta","image":{"@type":"ImageObject","inLanguage":"it-IT","@id":"https:\/\/www.gamberetta.it\/it\/#\/schema\/person\/image\/","url":"https:\/\/secure.gravatar.com\/avatar\/7ef5d82656b8958070b4f589b7ae1784?s=96&d=mm&r=g","contentUrl":"https:\/\/secure.gravatar.com\/avatar\/7ef5d82656b8958070b4f589b7ae1784?s=96&d=mm&r=g","caption":"gamberetta"},"description":"Sono Toro ascendente Scorpione, terra di contrasti dove ora prevale una met\u00e0, ora l\u2019altra. L\u2019infanzia in Veneto e gli ultimi anni passati a Milano hanno sviluppato in me una serie ulteriore di conflitti. Scrivo da sempre, la scrittura \u00e8 la migliore forma espressiva che mi consente di fissare concetti altrimenti sospesi nell\u2019aria. Da bambina scrivevo poesie con uno stile quasi leopardiano poi sono passata ai diari di viaggio dalla prima volta in USA nel 1998 e non ho pi\u00f9 smesso...","url":"https:\/\/www.gamberetta.it\/it\/author\/gamberettarossa\/"}]}},"_links":{"self":[{"href":"https:\/\/www.gamberetta.it\/it\/wp-json\/wp\/v2\/posts\/20610"}],"collection":[{"href":"https:\/\/www.gamberetta.it\/it\/wp-json\/wp\/v2\/posts"}],"about":[{"href":"https:\/\/www.gamberetta.it\/it\/wp-json\/wp\/v2\/types\/post"}],"author":[{"embeddable":true,"href":"https:\/\/www.gamberetta.it\/it\/wp-json\/wp\/v2\/users\/2"}],"replies":[{"embeddable":true,"href":"https:\/\/www.gamberetta.it\/it\/wp-json\/wp\/v2\/comments?post=20610"}],"version-history":[{"count":12,"href":"https:\/\/www.gamberetta.it\/it\/wp-json\/wp\/v2\/posts\/20610\/revisions"}],"predecessor-version":[{"id":40572,"href":"https:\/\/www.gamberetta.it\/it\/wp-json\/wp\/v2\/posts\/20610\/revisions\/40572"}],"wp:featuredmedia":[{"embeddable":true,"href":"https:\/\/www.gamberetta.it\/it\/wp-json\/wp\/v2\/media\/40568"}],"wp:attachment":[{"href":"https:\/\/www.gamberetta.it\/it\/wp-json\/wp\/v2\/media?parent=20610"}],"wp:term":[{"taxonomy":"category","embeddable":true,"href":"https:\/\/www.gamberetta.it\/it\/wp-json\/wp\/v2\/categories?post=20610"},{"taxonomy":"post_tag","embeddable":true,"href":"https:\/\/www.gamberetta.it\/it\/wp-json\/wp\/v2\/tags?post=20610"}],"curies":[{"name":"wp","href":"https:\/\/api.w.org\/{rel}","templated":true}]}}