{"id":20859,"date":"2023-04-15T17:57:25","date_gmt":"2023-04-15T15:57:25","guid":{"rendered":"https:\/\/www.gamberetta.it\/it\/?p=20859"},"modified":"2023-04-15T21:57:34","modified_gmt":"2023-04-15T19:57:34","slug":"a-biot-sono-tornati-i-templari","status":"publish","type":"post","link":"https:\/\/www.gamberetta.it\/it\/2023\/04\/15\/a-biot-sono-tornati-i-templari\/","title":{"rendered":"A BIOT SONO TORNATI I TEMPLARI"},"content":{"rendered":"\n<p><strong>Biot et les templiers. Heritage du XIII si\u00e8cle<\/strong> \u00e8 il titolo della manifestazione che si \u00e8 svolta nel piccolo borgo francese di Biot. I cavalieri del tempio sono tornati a Biot dopo pi\u00f9 di 800 anni. Risale infatti al lontano 1209 l&#8217;arrivo dei Templari a Biot che due settimane fa li ha riportati in auge. A partire dalla consegna delle chiavi della citt\u00e0 venerd\u00ec sera, in una lunga e sentita cerimonia inaugurale presieduta dal sindaco, per continuare con 150 ore di eventi, distribuiti nei tre giorni della manifestazione.<\/p>\n\n\n\n<figure class=\"wp-block-image size-full\"><img loading=\"lazy\" decoding=\"async\" width=\"1024\" height=\"768\" src=\"https:\/\/www.gamberetta.it\/wp-content\/uploads\/2023\/04\/IMG_20230401_111636.jpg\" alt=\"biot_2023\" class=\"wp-image-20861\" srcset=\"https:\/\/www.gamberetta.it\/wp-content\/uploads\/2023\/04\/IMG_20230401_111636.jpg 1024w, https:\/\/www.gamberetta.it\/wp-content\/uploads\/2023\/04\/IMG_20230401_111636-300x225.jpg 300w, https:\/\/www.gamberetta.it\/wp-content\/uploads\/2023\/04\/IMG_20230401_111636-768x576.jpg 768w, https:\/\/www.gamberetta.it\/wp-content\/uploads\/2023\/04\/IMG_20230401_111636-1000x750.jpg 1000w, https:\/\/www.gamberetta.it\/wp-content\/uploads\/2023\/04\/IMG_20230401_111636-570x428.jpg 570w, https:\/\/www.gamberetta.it\/wp-content\/uploads\/2023\/04\/IMG_20230401_111636-330x248.jpg 330w\" sizes=\"(max-width: 1024px) 100vw, 1024px\" \/><\/figure>\n\n\n\n<p>Biot \u00e8 un piccolo borgo arroccato nell&#8217;entroterra della regione Provenza \u2013 Costa Azzurra, a soli 3 chilometri dal mare ed equidistante, a meno di 20 chilometri, da Nizza, Cannes e Grasse. A vederlo in un giorno normale pu\u00f2 sembrare tranquillo ma, se lo visitate durante un evento come il <strong>Festival dei Templari<\/strong>, sarete travolti da folle di visitatori e centinaia di figuranti in costume.<\/p>\n\n\n\n<h2 class=\"wp-block-heading\">IL FESTIVAL DEI TEMPLARI A BIOT, 31 MARZO \u2013 2 APRILE<\/h2>\n\n\n\n<p>Io stessa ho provato questa esperienza da venerd\u00ec 31 marzo a domenica 2 aprile 2023, ospite dell&#8217;ente del turismo. Assieme a tre amici blogger siamo arrivati, io da Venezia, loro da Roma, per partecipare all&#8217;evento suggestivo ed \u201cevocativo\u201d, \u00e8 proprio il caso di dirlo. Per la seconda volta nella mia vita ho indossato un costume e per ben due giorni, assieme a Claudia, Simonetta ed Enrico, ho sfilato per le vie di Biot vestita come una dama del Medioevo.<\/p>\n\n\n\n<figure class=\"wp-block-image size-large\"><img loading=\"lazy\" decoding=\"async\" width=\"1024\" height=\"683\" src=\"https:\/\/www.gamberetta.it\/wp-content\/uploads\/2023\/04\/IMG-20230407-WA0006-1024x683.jpg\" alt=\"biot_2023\" class=\"wp-image-20863\" srcset=\"https:\/\/www.gamberetta.it\/wp-content\/uploads\/2023\/04\/IMG-20230407-WA0006-1024x683.jpg 1024w, https:\/\/www.gamberetta.it\/wp-content\/uploads\/2023\/04\/IMG-20230407-WA0006-300x200.jpg 300w, https:\/\/www.gamberetta.it\/wp-content\/uploads\/2023\/04\/IMG-20230407-WA0006-768x512.jpg 768w, https:\/\/www.gamberetta.it\/wp-content\/uploads\/2023\/04\/IMG-20230407-WA0006.jpg 1200w\" sizes=\"(max-width: 1024px) 100vw, 1024px\" \/><\/figure>\n\n\n\n<p>Questa di darci i costumi \u00e8 stata una grande idea, grazie alla quale mi sono immersa totalmente nell&#8217;atmosfera e mi sono mescolata alle migliaia di persone, arrivate quass\u00f9 da varie parti della Francia e dal resto d&#8217;Europa: <strong>13 paesi erano rappresentati<\/strong> con le loro delegazioni e c&#8217;erano ben <strong>500 figuranti in costume<\/strong>. In questi giorni di festa mi sono allenata, non solo con il francese. C&#8217;erano molti italiani soprattutto da nord ovest, <strong>Piemonte e Liguria<\/strong> hanno legami secolari con Biot e la Costa Azzurra in generale. A Biot ho conosciuto gruppi provenienti da Como, Moncalieri, Bologna, impegnati nelle rievocazioni storiche, ma ce n&#8217;erano anche altri. Un grande successo per gli organizzatori che hanno riportato la festa nel borgo, dopo ben nove anni di assenza.<\/p>\n\n\n\n<p>Nelle vie del borgo medievale piene di gente erano allestiti laboratori artigiani con tutti i colori e profumi di questo angolo di Francia, prodotti da acquistare e da assaggiare a partire dalle pagnotte e baguette calde appena sfornate, fino a specialit\u00e0 gourmet. E poi la forgiatura del metallo, produzione di ceramica e terracotta, lavorazione dei tessuti, del legno, del cuoio.&nbsp;<\/p>\n\n\n\n<div class=\"wp-block-image\"><figure class=\"aligncenter size-full\"><img loading=\"lazy\" decoding=\"async\" width=\"768\" height=\"1024\" src=\"https:\/\/www.gamberetta.it\/wp-content\/uploads\/2023\/04\/IMG_20230401_112138.jpg\" alt=\"biot_2023\" class=\"wp-image-20864\" srcset=\"https:\/\/www.gamberetta.it\/wp-content\/uploads\/2023\/04\/IMG_20230401_112138.jpg 768w, https:\/\/www.gamberetta.it\/wp-content\/uploads\/2023\/04\/IMG_20230401_112138-225x300.jpg 225w, https:\/\/www.gamberetta.it\/wp-content\/uploads\/2023\/04\/IMG_20230401_112138-600x800.jpg 600w\" sizes=\"(max-width: 768px) 100vw, 768px\" \/><\/figure><\/div>\n\n\n\n<p>Le esibizioni di gruppi folkloristici sono iniziate sabato mattina in Place de Gaulle, il cuore pulsante di Biot, ribattezzata <em>Grand Place des Templiers<\/em> per l&#8217;occasione. Fra la luce chiara del giorno e le luci soffuse della sera, fra le fiaccolate e i fuochi d&#8217;artificio si sono svolte sfilate, esibizioni con canti e balli coinvolgenti, processioni che di notte si sono trasformate in lunghe, suggestive fiaccolate.<\/p>\n\n\n\n<p>Molto spazio \u00e8 stato riservato alle famiglie con bambini che hanno potuto provare varie attivit\u00e0 in un&#8217;atmosfera giocosa, sicuramente si sono divertiti, si vedeva sui loro volti felici. E noi siamo stati catapultati (\u00e8 proprio il caso di dirlo) nel XIII secolo. Passare in mezzo alla folla, fra banchetti dimostrativi e stand espositivi, \u00e8 stato tanto impegnativo, specialmente nei nostri costumi medievali, quanto divertente. Procedevo lentamente e il mio lungo abito rosa antico arrivava fino a terra.<\/p>\n\n\n\n<div class=\"wp-block-image\"><figure class=\"aligncenter size-full\"><img loading=\"lazy\" decoding=\"async\" width=\"768\" height=\"1024\" src=\"https:\/\/www.gamberetta.it\/wp-content\/uploads\/2023\/04\/IMG_20230401_113528.jpg\" alt=\"biot_2023\" class=\"wp-image-20865\" srcset=\"https:\/\/www.gamberetta.it\/wp-content\/uploads\/2023\/04\/IMG_20230401_113528.jpg 768w, https:\/\/www.gamberetta.it\/wp-content\/uploads\/2023\/04\/IMG_20230401_113528-225x300.jpg 225w, https:\/\/www.gamberetta.it\/wp-content\/uploads\/2023\/04\/IMG_20230401_113528-600x800.jpg 600w\" sizes=\"(max-width: 768px) 100vw, 768px\" \/><\/figure><\/div>\n\n\n\n<p>Gi\u00f9 alla Fontanette, nei suoi ampi spazi pianeggianti \u00e8 stato ricostruito un accampamento del XIII secolo dove, fra grandi tende e tavoli di legno, si sono svolti:<\/p>\n\n\n\n<ul class=\"wp-block-list\"><li>Combattimenti e tornei,<\/li><li>Rievocazioni storiche: cavalleria, falconeria, tiro con l&#8217;arco.<\/li><li>Concerti di musica dal vivo.<\/li><\/ul>\n\n\n\n<p>Lunghe file di banchetti sulle vie di accesso esponevano prodotti artigianali quali coltelli e saponi, olio e spezie, salumi e formaggi, abbigliamento e accessori. Ovviamente erano sempre affollate da avventori, desiderosi di provare tutto e fare shopping.<\/p>\n\n\n\n<figure class=\"wp-block-gallery columns-2 is-cropped wp-block-gallery-2 is-layout-flex wp-block-gallery-is-layout-flex\"><ul class=\"blocks-gallery-grid\"><li class=\"blocks-gallery-item\"><figure><img loading=\"lazy\" decoding=\"async\" width=\"768\" height=\"1024\" src=\"https:\/\/www.gamberetta.it\/wp-content\/uploads\/2023\/04\/IMG_20230401_172832.jpg\" alt=\"\" data-id=\"20866\" data-link=\"https:\/\/www.gamberetta.it\/it\/?attachment_id=20866\" class=\"wp-image-20866\" srcset=\"https:\/\/www.gamberetta.it\/wp-content\/uploads\/2023\/04\/IMG_20230401_172832.jpg 768w, https:\/\/www.gamberetta.it\/wp-content\/uploads\/2023\/04\/IMG_20230401_172832-225x300.jpg 225w, https:\/\/www.gamberetta.it\/wp-content\/uploads\/2023\/04\/IMG_20230401_172832-600x800.jpg 600w\" sizes=\"(max-width: 768px) 100vw, 768px\" \/><\/figure><\/li><li class=\"blocks-gallery-item\"><figure><img loading=\"lazy\" decoding=\"async\" width=\"768\" height=\"1024\" src=\"https:\/\/www.gamberetta.it\/wp-content\/uploads\/2023\/04\/IMG_20230401_173119.jpg\" alt=\"\" data-id=\"20867\" data-full-url=\"https:\/\/www.gamberetta.it\/wp-content\/uploads\/2023\/04\/IMG_20230401_173119.jpg\" data-link=\"https:\/\/www.gamberetta.it\/it\/?attachment_id=20867\" class=\"wp-image-20867\" srcset=\"https:\/\/www.gamberetta.it\/wp-content\/uploads\/2023\/04\/IMG_20230401_173119.jpg 768w, https:\/\/www.gamberetta.it\/wp-content\/uploads\/2023\/04\/IMG_20230401_173119-225x300.jpg 225w, https:\/\/www.gamberetta.it\/wp-content\/uploads\/2023\/04\/IMG_20230401_173119-600x800.jpg 600w\" sizes=\"(max-width: 768px) 100vw, 768px\" \/><\/figure><\/li><\/ul><\/figure>\n\n\n\n<p>Qui si trovava la maggior parte degli stand gastronomici aperti a pranzo e a cena, abbiamo assaggiato soprattutto specialit\u00e0 di carne alla brace e al forno.<\/p>\n\n\n\n<p>L&#8217;ordine dei Templari, attivo proprio nei secoli XII e XIII, si occupava di proteggere il viaggio dei pellegrini verso la Terrasanta, ai tempi delle Crociate e delle lotte fra Cristiani e Musulmani. In questa epoca medievale, ritenuta oscura per tanto tempo, in realt\u00e0 fiorivano pure i commerci fra Oriente e Occidente. Parliamo proprio delle rotte percorse da cavalli e cavalieri, dai pellegrini e dal loro seguito. I cavalieri templari erano contraddistinti da una lunga tunica bianca con una grande croce rossa, proprio cos\u00ec si sono presentati a Biot durante tutto il festival a loro dedicato. I Templari hanno trovato casa a Biot nel 1209, in quello che allora era il castello. Anzi hanno avuto una casa dove vivere e della terra da coltivare.&nbsp;<\/p>\n\n\n\n<h2 class=\"wp-block-heading\">IN VIAGGIO DALL&#8217;ITALIA A BIOT<\/h2>\n\n\n\n<p>Sono arrivata venerd\u00ec in treno, da Venezia a Ventimiglia e poi fino a Biot con il transfer dell&#8217;organizzazione. La mia \u00e8 stata una lunga corsa che fino a Milano e Genova mi ha mostrato il lato operoso di questa parte d&#8217;Italia. A Genova ho visto finalmente il mare e da l\u00ec ho sempre avuto il Mar Ligure di fronte a me, di l\u00e0 dal finestrino. Stazione dopo stazione ho avuto numerosi tuffi al cuore e ho rivangato tanti ricordi di viaggio. In famiglia e per lavoro, da sola e con amici. All&#8217;andata e al ritorno. Questo \u00e8 il bello di viaggiare in treno, anche se \u00e8 stato un lungo viaggio e pi\u00f9 volte \u00e8 andata via la linea telefonica. I pendolari lo sanno, le gallerie in Liguria sono tante e non perdonano.<\/p>\n\n\n\n<h2 class=\"wp-block-heading\">LE PERSONE INCONTRATE A BIOT<\/h2>\n\n\n\n<h3 class=\"wp-block-heading\">Il sindaco di Biot<\/h3>\n\n\n\n<p><strong>Jean-Pierre Dermit<\/strong> ha riportato il festival dei Templari dopo nove anni nel suo comune ed \u00e8 lui l&#8217;artefice, il <em>deus ex machina<\/em> dell&#8217;evento. La manifestazione, cos\u00ec importante per Biot, era stata interrotta dopo sei edizioni consecutive. Dal 2009 data dell&#8217;ottocentesimo anniversario dell&#8217;entrata dei cavalieri templari a Biot, la festa si \u00e8 tenuta ininterrottamente per sei anni, sino alla sesta edizione del 2014. Poi essa \u00e8 stata accantonata e infine fermata dal Covid. Il primo cittadino ha fortemente voluto ripristinarla e ha investito molto, sia dal punto di vista delle risorse umane, sia dell&#8217;investimento economico. Ha dato infatti spazio ai banchetti a titolo gratuito e ha istituito un servizio navetta gratuito collegato a dei parcheggi scambiatori fuori dal centro, su ben tre itinerari. Attivo dal mattino fino alla mezzanotte, il servizio ha lasciato fuori tutte le auto delle migliaia di visitatori, ma non ha evitato delle lunghe code all&#8217;esterno, lungo le vie di accesso a Biot. Soprattutto il sindaco ha portato una ventata di Medioevo e la gioia delle tante persone che hanno affollato il suo bellissimo paese, fra cui noi quattro ospiti italiani. Bravo sindaco!<\/p>\n\n\n\n<div class=\"wp-block-image\"><figure class=\"aligncenter size-full\"><img loading=\"lazy\" decoding=\"async\" width=\"768\" height=\"1024\" src=\"https:\/\/www.gamberetta.it\/wp-content\/uploads\/2023\/04\/IMG_20230331_183750.jpg\" alt=\"biot_2023\" class=\"wp-image-20868\" srcset=\"https:\/\/www.gamberetta.it\/wp-content\/uploads\/2023\/04\/IMG_20230331_183750.jpg 768w, https:\/\/www.gamberetta.it\/wp-content\/uploads\/2023\/04\/IMG_20230331_183750-225x300.jpg 225w, https:\/\/www.gamberetta.it\/wp-content\/uploads\/2023\/04\/IMG_20230331_183750-600x800.jpg 600w\" sizes=\"(max-width: 768px) 100vw, 768px\" \/><\/figure><\/div>\n\n\n\n<p>Mi sono fatta un selfie con lui per ricordarlo, e per mettere la nostra foto nella mia galleria di #selfiecolsindaco un rito dei miei viaggi che con Jean-Pierre Dermit si \u00e8 arricchita di un nuovo elemento e ha superato i confini nazionali, arrivato fino in Francia.<\/p>\n\n\n\n<h3 class=\"wp-block-heading\">Nell&#8217;ufficio del turismo di Biot<\/h3>\n\n\n\n<p>Al nostro arrivo a Biot, venerd\u00ec pomeriggio, ci ha accolto nell&#8217;ufficio del turismo la direttrice in persona, <strong>Patricia Chaniel<\/strong>, che ha introdotto il programma del Festival, ci ha dato le indicazioni e il materiale per seguirlo, in centro storico e gi\u00f9 alla Fontanette.<\/p>\n\n\n\n<p>Patricia \u00e8 di origine italiana e con lei abbiamo parlato proprio in italiano, ma io non mi sono lasciata sfuggire l&#8217;occasione di sfoggiare il francese, studiato e praticato in anni di lavoro con aziende d&#8217;oltralpe. Ma si sa, io amo le lingue straniere, e il francese \u00e8 una lingua che mi sorprende sempre anche dopo oltre 30 anni da quando l&#8217;ho avvicinato per la prima volta. Le sue sfumature e il fascino della erre moscia mi hanno subito conquistata. Patricia mi ha insegnato due cose importanti:<\/p>\n\n\n\n<ul class=\"wp-block-list\"><li>Biot si pronuncia B \u2013 I \u2013 O \u2013 T con la T, mentre la T finale \u00e8 assente dalle altre parole francesi che conosco.<\/li><li>Gli abitanti di Biot si chiamano Biotois.<\/li><\/ul>\n\n\n\n<div class=\"wp-block-image\"><figure class=\"aligncenter size-full\"><img loading=\"lazy\" decoding=\"async\" width=\"768\" height=\"1024\" src=\"https:\/\/www.gamberetta.it\/wp-content\/uploads\/2023\/04\/IMG_20230401_181227.jpg\" alt=\"biot_2023\" class=\"wp-image-20869\" srcset=\"https:\/\/www.gamberetta.it\/wp-content\/uploads\/2023\/04\/IMG_20230401_181227.jpg 768w, https:\/\/www.gamberetta.it\/wp-content\/uploads\/2023\/04\/IMG_20230401_181227-225x300.jpg 225w, https:\/\/www.gamberetta.it\/wp-content\/uploads\/2023\/04\/IMG_20230401_181227-600x800.jpg 600w\" sizes=\"(max-width: 768px) 100vw, 768px\" \/><\/figure><\/div>\n\n\n\n<p>Infine c&#8217;\u00e8 una bella parola che \u00e8 stata essenziale per far funzionare la macchina organizzativa, in un paese che di solito ha meno di 10.000 abitanti e nel nostro fine settimana di festa \u00e8 stato invaso (pacificamente) da oltre 100.000 visitatori stimati. <strong>B\u00e9n\u00e9vole<\/strong> significa Volontario. Senza i volontari tutto ci\u00f2 che abbiamo visto e fatto a Biot non sarebbe stato possibile. Ed \u00e8 a loro, i numerosi volontari che si sono spesi prima, durante e dopo il festival dei Templari, che \u00e8 andato il ringraziamento finale di Patricia Chaniel. Noi stesse l&#8217;abbiamo ringraziata nel salutarla, domenica 2 aprile. Non abbiamo avuto tempo di vedere la cerimonia di chiusura che si \u00e8 svolta alle ore 18, ma ci siamo dati appuntamento al prossimo evento. Ci saranno manifestazioni per tutti i prossimi mesi a Biot, e gi\u00e0 si parla della prossima edizione del Festival dei Templari, fra uno o pi\u00f9 probabilmente due anni.<\/p>\n\n\n\n<h3 class=\"wp-block-heading\">I visitatori incontrati a Biot<\/h3>\n\n\n\n<p>C&#8217;\u00e8 poco da dire, i cugini di oltralpe hanno una marcia in pi\u00f9, mi piace vedere le loro facce, ascoltare la erre moscia e l&#8217;intonazione della lingua francese. Ma si sa, io amo le lingue straniere, in questi giorni di festa mi sono allenata non solo con il francese. C&#8217;erano visitatori da tutta Europa, italiani e spagnoli, gli inglesi e i \u201cnordici\u201d scesi dalle loro terre pi\u00f9 fredde a scaldarsi al sole del Mediterraneo. Alcune famiglie hanno percorso centinaia di chilometri per venire qui, altri hanno eletto la Costa Azzurra a luogo dove vivere. Come dargli torto?<\/p>\n\n\n\n<div class=\"wp-block-image\"><figure class=\"aligncenter size-full\"><img loading=\"lazy\" decoding=\"async\" width=\"768\" height=\"1024\" src=\"https:\/\/www.gamberetta.it\/wp-content\/uploads\/2023\/04\/IMG_20230401_140505.jpg\" alt=\"biot_2023\" class=\"wp-image-20870\" srcset=\"https:\/\/www.gamberetta.it\/wp-content\/uploads\/2023\/04\/IMG_20230401_140505.jpg 768w, https:\/\/www.gamberetta.it\/wp-content\/uploads\/2023\/04\/IMG_20230401_140505-225x300.jpg 225w, https:\/\/www.gamberetta.it\/wp-content\/uploads\/2023\/04\/IMG_20230401_140505-600x800.jpg 600w\" sizes=\"(max-width: 768px) 100vw, 768px\" \/><\/figure><\/div>\n\n\n\n<p>Ho saputo da dove venivano queste persone proprio grazie al mio costume medievale. La gente ci fermava e chiedeva informazioni, scambiandoci per gli organizzatori o almeno per <em>locals<\/em> (e gi\u00e0 questo era divertente). Ho sempre cercato di dare risposte pertinenti, di indirizzarli ai numerosi cartelli, o meglio verso i banchetti informativi presenti un po&#8217; ovunque. Con l&#8217;occasione spiegavo che ero italiana, un&#8217;ospite come loro, e chiedevo a mia volta da dove venivano. Ho fatto interessanti scoperte e ho avuto scambi di consigli, preziosi pure per me. Ora ho un elenco di luoghi da vedere qui vicino, me li sono segnati, per una prossima visita a Biot.<\/p>\n\n\n\n<h3 class=\"wp-block-heading\">I miei compagni di viaggio<\/h3>\n\n\n\n<p>Desidero salutare e ringraziare anche i miei tre compagni di viaggio, amici blogger vecchi e nuovi. Viaggiare \u00e8 sempre scoperta e conoscenza, e Biot non \u00e8 stata da meno. Ero con Claudia Boccini (<a href=\"https:\/\/bussoladiario.com\/2023\/04\/i-cavalieri-templari-a-biot.html\">La bussola e il diario<\/a>) e Simonetta Clucher (<a href=\"https:\/\/sullestradedelmondo.it\/a-biot-per-la-festa-dei-templari\/\">Sulle strade del mondo<\/a>) due amiche blogger di lunga data. A Biot ho conosciuto Enrico de Ruvo (<a href=\"https:\/\/lefrancbuveur.blogspot.com\/2023\/04\/un-viaggio-nel-tempo-con-i-templari-di.html\">Le franc buveur<\/a>) blogger con cui ci siamo divertiti, io nelle vesti di donna Roberta, lui di messere Enrico. Quante foto ci siamo fatti? Qui siamo al museo dedicato all&#8217;artista Fernand L\u00e9ger, le cui vetrate enormi ci hanno inondato di luce e colore. Vedete solo queste immagini di tre luoghi da visitare a Biot, due musei e una delle vetrerie attive dagli anni 50. Qui si mescolano arte e storia, cultura e tradizioni che dalla dimensione locale ci portano lontano, nel resto della Francia e del mondo:<\/p>\n\n\n\n<ul class=\"wp-block-list\"><li>\u00a0Museo nazionale Fernand L\u00e9ger,<\/li><li>\u00a0Museo della ceramica,<\/li><li>\u00a0Vetreria di Biot.<\/li><\/ul>\n\n\n\n<div class=\"wp-block-image\"><figure class=\"aligncenter size-full\"><img loading=\"lazy\" decoding=\"async\" width=\"768\" height=\"1024\" src=\"https:\/\/www.gamberetta.it\/wp-content\/uploads\/2023\/04\/IMG_20230401_163324-Copia.jpg\" alt=\"biot_2023\" class=\"wp-image-20872\" srcset=\"https:\/\/www.gamberetta.it\/wp-content\/uploads\/2023\/04\/IMG_20230401_163324-Copia.jpg 768w, https:\/\/www.gamberetta.it\/wp-content\/uploads\/2023\/04\/IMG_20230401_163324-Copia-225x300.jpg 225w, https:\/\/www.gamberetta.it\/wp-content\/uploads\/2023\/04\/IMG_20230401_163324-Copia-600x800.jpg 600w\" sizes=\"(max-width: 768px) 100vw, 768px\" \/><\/figure><\/div>\n\n\n\n<p>Dei musei e della cultura di Biot parler\u00f2 in dettaglio in un articolo dedicato, ci sono tanti luoghi da vedere in questo piccolo borgo antico.<\/p>\n\n\n\n<p><strong><em>Merci \u00e0 tous et \u00e0 la prochaine!<\/em><\/strong><\/p>\n\n\n\n<p>Il nostro viaggio \u00e8 stato effettuato in collaborazione con <a href=\"https:\/\/www.france.fr\/it\">Atout France<\/a>  E <a href=\"https:\/\/www.biot-tourisme.com\/\">Biot Tourisme<\/a>&nbsp;<\/p>\n\n\n\n<p><\/p>\n","protected":false},"excerpt":{"rendered":"<p>Biot et les templiers. Heritage du XIII si\u00e8cle \u00e8 il titolo della manifestazione che si \u00e8 svolta nel piccolo borgo francese di Biot. I cavalieri del tempio sono tornati a Biot dopo pi\u00f9 di 800 anni. Risale infatti al lontano 1209 l&#8217;arrivo dei Templari a Biot che due settimane fa li ha riportati in auge. &hellip; <a class=\"more-link\" href=\"https:\/\/www.gamberetta.it\/it\/2023\/04\/15\/a-biot-sono-tornati-i-templari\/\">Leggi tutto<i class=\"ion-ios-arrow-thin-right\"><\/i><\/a><\/p>\n","protected":false},"author":2,"featured_media":20862,"comment_status":"open","ping_status":"closed","sticky":false,"template":"","format":"standard","meta":{"footnotes":""},"categories":[26,33,34],"tags":[3406,3405,3407,3408],"class_list":["post-20859","post","type-post","status-publish","format-standard","has-post-thumbnail","hentry","category-friends","category-travelling","category-viaggi-italia-europa","tag-biot-costa-azzurra","tag-biot-et-les-templiers","tag-biot-turismo","tag-festival-dei-templari-biot-2023"],"yoast_head":"<!-- This site is optimized with the Yoast SEO plugin v23.5 - https:\/\/yoast.com\/wordpress\/plugins\/seo\/ -->\n<title>A BIOT SONO TORNATI I TEMPLARI - Gamberetta<\/title>\n<meta name=\"robots\" content=\"index, follow, max-snippet:-1, max-image-preview:large, max-video-preview:-1\" \/>\n<link rel=\"canonical\" href=\"https:\/\/www.gamberetta.it\/it\/2023\/04\/15\/a-biot-sono-tornati-i-templari\/\" \/>\n<meta property=\"og:locale\" content=\"it_IT\" \/>\n<meta property=\"og:type\" content=\"article\" \/>\n<meta property=\"og:title\" content=\"A BIOT SONO TORNATI I TEMPLARI - Gamberetta\" \/>\n<meta property=\"og:description\" content=\"Biot et les templiers. Heritage du XIII si\u00e8cle \u00e8 il titolo della manifestazione che si \u00e8 svolta nel piccolo borgo francese di Biot. I cavalieri del tempio sono tornati a Biot dopo pi\u00f9 di 800 anni. Risale infatti al lontano 1209 l&#8217;arrivo dei Templari a Biot che due settimane fa li ha riportati in auge. &hellip; Leggi tutto\" \/>\n<meta property=\"og:url\" content=\"https:\/\/www.gamberetta.it\/it\/2023\/04\/15\/a-biot-sono-tornati-i-templari\/\" \/>\n<meta property=\"og:site_name\" content=\"Gamberetta\" \/>\n<meta property=\"article:publisher\" content=\"https:\/\/www.facebook.com\/Gamberettatravelblog\" \/>\n<meta property=\"article:published_time\" content=\"2023-04-15T15:57:25+00:00\" \/>\n<meta property=\"article:modified_time\" content=\"2023-04-15T19:57:34+00:00\" \/>\n<meta name=\"author\" content=\"gamberetta\" \/>\n<meta name=\"twitter:card\" content=\"summary_large_image\" \/>\n<meta name=\"twitter:creator\" content=\"@robertazennaro\" \/>\n<meta name=\"twitter:site\" content=\"@robertazennaro\" \/>\n<meta name=\"twitter:label1\" content=\"Scritto da\" \/>\n\t<meta name=\"twitter:data1\" content=\"gamberetta\" \/>\n\t<meta name=\"twitter:label2\" content=\"Tempo di lettura stimato\" \/>\n\t<meta name=\"twitter:data2\" content=\"9 minuti\" \/>\n<script type=\"application\/ld+json\" class=\"yoast-schema-graph\">{\"@context\":\"https:\/\/schema.org\",\"@graph\":[{\"@type\":\"WebPage\",\"@id\":\"https:\/\/www.gamberetta.it\/it\/2023\/04\/15\/a-biot-sono-tornati-i-templari\/\",\"url\":\"https:\/\/www.gamberetta.it\/it\/2023\/04\/15\/a-biot-sono-tornati-i-templari\/\",\"name\":\"A BIOT SONO TORNATI I TEMPLARI - Gamberetta\",\"isPartOf\":{\"@id\":\"https:\/\/www.gamberetta.it\/it\/#website\"},\"primaryImageOfPage\":{\"@id\":\"https:\/\/www.gamberetta.it\/it\/2023\/04\/15\/a-biot-sono-tornati-i-templari\/#primaryimage\"},\"image\":{\"@id\":\"https:\/\/www.gamberetta.it\/it\/2023\/04\/15\/a-biot-sono-tornati-i-templari\/#primaryimage\"},\"thumbnailUrl\":\"\",\"datePublished\":\"2023-04-15T15:57:25+00:00\",\"dateModified\":\"2023-04-15T19:57:34+00:00\",\"author\":{\"@id\":\"https:\/\/www.gamberetta.it\/it\/#\/schema\/person\/7a4a919927c944edb5f3f9c665590124\"},\"breadcrumb\":{\"@id\":\"https:\/\/www.gamberetta.it\/it\/2023\/04\/15\/a-biot-sono-tornati-i-templari\/#breadcrumb\"},\"inLanguage\":\"it-IT\",\"potentialAction\":[{\"@type\":\"ReadAction\",\"target\":[\"https:\/\/www.gamberetta.it\/it\/2023\/04\/15\/a-biot-sono-tornati-i-templari\/\"]}]},{\"@type\":\"ImageObject\",\"inLanguage\":\"it-IT\",\"@id\":\"https:\/\/www.gamberetta.it\/it\/2023\/04\/15\/a-biot-sono-tornati-i-templari\/#primaryimage\",\"url\":\"\",\"contentUrl\":\"\"},{\"@type\":\"BreadcrumbList\",\"@id\":\"https:\/\/www.gamberetta.it\/it\/2023\/04\/15\/a-biot-sono-tornati-i-templari\/#breadcrumb\",\"itemListElement\":[{\"@type\":\"ListItem\",\"position\":1,\"name\":\"Home\",\"item\":\"https:\/\/www.gamberetta.it\/it\/\"},{\"@type\":\"ListItem\",\"position\":2,\"name\":\"A BIOT SONO TORNATI I TEMPLARI\"}]},{\"@type\":\"WebSite\",\"@id\":\"https:\/\/www.gamberetta.it\/it\/#website\",\"url\":\"https:\/\/www.gamberetta.it\/it\/\",\"name\":\"Gamberetta\",\"description\":\"Il mio blog senza fronzoli: pensieri e parole, sempre e ovunque in viaggio\",\"potentialAction\":[{\"@type\":\"SearchAction\",\"target\":{\"@type\":\"EntryPoint\",\"urlTemplate\":\"https:\/\/www.gamberetta.it\/it\/?s={search_term_string}\"},\"query-input\":{\"@type\":\"PropertyValueSpecification\",\"valueRequired\":true,\"valueName\":\"search_term_string\"}}],\"inLanguage\":\"it-IT\"},{\"@type\":\"Person\",\"@id\":\"https:\/\/www.gamberetta.it\/it\/#\/schema\/person\/7a4a919927c944edb5f3f9c665590124\",\"name\":\"gamberetta\",\"image\":{\"@type\":\"ImageObject\",\"inLanguage\":\"it-IT\",\"@id\":\"https:\/\/www.gamberetta.it\/it\/#\/schema\/person\/image\/\",\"url\":\"https:\/\/secure.gravatar.com\/avatar\/7ef5d82656b8958070b4f589b7ae1784?s=96&d=mm&r=g\",\"contentUrl\":\"https:\/\/secure.gravatar.com\/avatar\/7ef5d82656b8958070b4f589b7ae1784?s=96&d=mm&r=g\",\"caption\":\"gamberetta\"},\"description\":\"Sono Toro ascendente Scorpione, terra di contrasti dove ora prevale una met\u00e0, ora l\u2019altra. L\u2019infanzia in Veneto e gli ultimi anni passati a Milano hanno sviluppato in me una serie ulteriore di conflitti. Scrivo da sempre, la scrittura \u00e8 la migliore forma espressiva che mi consente di fissare concetti altrimenti sospesi nell\u2019aria. Da bambina scrivevo poesie con uno stile quasi leopardiano poi sono passata ai diari di viaggio dalla prima volta in USA nel 1998 e non ho pi\u00f9 smesso...\",\"url\":\"https:\/\/www.gamberetta.it\/it\/author\/gamberettarossa\/\"}]}<\/script>\n<!-- \/ Yoast SEO plugin. -->","yoast_head_json":{"title":"A BIOT SONO TORNATI I TEMPLARI - Gamberetta","robots":{"index":"index","follow":"follow","max-snippet":"max-snippet:-1","max-image-preview":"max-image-preview:large","max-video-preview":"max-video-preview:-1"},"canonical":"https:\/\/www.gamberetta.it\/it\/2023\/04\/15\/a-biot-sono-tornati-i-templari\/","og_locale":"it_IT","og_type":"article","og_title":"A BIOT SONO TORNATI I TEMPLARI - Gamberetta","og_description":"Biot et les templiers. Heritage du XIII si\u00e8cle \u00e8 il titolo della manifestazione che si \u00e8 svolta nel piccolo borgo francese di Biot. I cavalieri del tempio sono tornati a Biot dopo pi\u00f9 di 800 anni. Risale infatti al lontano 1209 l&#8217;arrivo dei Templari a Biot che due settimane fa li ha riportati in auge. &hellip; Leggi tutto","og_url":"https:\/\/www.gamberetta.it\/it\/2023\/04\/15\/a-biot-sono-tornati-i-templari\/","og_site_name":"Gamberetta","article_publisher":"https:\/\/www.facebook.com\/Gamberettatravelblog","article_published_time":"2023-04-15T15:57:25+00:00","article_modified_time":"2023-04-15T19:57:34+00:00","author":"gamberetta","twitter_card":"summary_large_image","twitter_creator":"@robertazennaro","twitter_site":"@robertazennaro","twitter_misc":{"Scritto da":"gamberetta","Tempo di lettura stimato":"9 minuti"},"schema":{"@context":"https:\/\/schema.org","@graph":[{"@type":"WebPage","@id":"https:\/\/www.gamberetta.it\/it\/2023\/04\/15\/a-biot-sono-tornati-i-templari\/","url":"https:\/\/www.gamberetta.it\/it\/2023\/04\/15\/a-biot-sono-tornati-i-templari\/","name":"A BIOT SONO TORNATI I TEMPLARI - Gamberetta","isPartOf":{"@id":"https:\/\/www.gamberetta.it\/it\/#website"},"primaryImageOfPage":{"@id":"https:\/\/www.gamberetta.it\/it\/2023\/04\/15\/a-biot-sono-tornati-i-templari\/#primaryimage"},"image":{"@id":"https:\/\/www.gamberetta.it\/it\/2023\/04\/15\/a-biot-sono-tornati-i-templari\/#primaryimage"},"thumbnailUrl":"","datePublished":"2023-04-15T15:57:25+00:00","dateModified":"2023-04-15T19:57:34+00:00","author":{"@id":"https:\/\/www.gamberetta.it\/it\/#\/schema\/person\/7a4a919927c944edb5f3f9c665590124"},"breadcrumb":{"@id":"https:\/\/www.gamberetta.it\/it\/2023\/04\/15\/a-biot-sono-tornati-i-templari\/#breadcrumb"},"inLanguage":"it-IT","potentialAction":[{"@type":"ReadAction","target":["https:\/\/www.gamberetta.it\/it\/2023\/04\/15\/a-biot-sono-tornati-i-templari\/"]}]},{"@type":"ImageObject","inLanguage":"it-IT","@id":"https:\/\/www.gamberetta.it\/it\/2023\/04\/15\/a-biot-sono-tornati-i-templari\/#primaryimage","url":"","contentUrl":""},{"@type":"BreadcrumbList","@id":"https:\/\/www.gamberetta.it\/it\/2023\/04\/15\/a-biot-sono-tornati-i-templari\/#breadcrumb","itemListElement":[{"@type":"ListItem","position":1,"name":"Home","item":"https:\/\/www.gamberetta.it\/it\/"},{"@type":"ListItem","position":2,"name":"A BIOT SONO TORNATI I TEMPLARI"}]},{"@type":"WebSite","@id":"https:\/\/www.gamberetta.it\/it\/#website","url":"https:\/\/www.gamberetta.it\/it\/","name":"Gamberetta","description":"Il mio blog senza fronzoli: pensieri e parole, sempre e ovunque in viaggio","potentialAction":[{"@type":"SearchAction","target":{"@type":"EntryPoint","urlTemplate":"https:\/\/www.gamberetta.it\/it\/?s={search_term_string}"},"query-input":{"@type":"PropertyValueSpecification","valueRequired":true,"valueName":"search_term_string"}}],"inLanguage":"it-IT"},{"@type":"Person","@id":"https:\/\/www.gamberetta.it\/it\/#\/schema\/person\/7a4a919927c944edb5f3f9c665590124","name":"gamberetta","image":{"@type":"ImageObject","inLanguage":"it-IT","@id":"https:\/\/www.gamberetta.it\/it\/#\/schema\/person\/image\/","url":"https:\/\/secure.gravatar.com\/avatar\/7ef5d82656b8958070b4f589b7ae1784?s=96&d=mm&r=g","contentUrl":"https:\/\/secure.gravatar.com\/avatar\/7ef5d82656b8958070b4f589b7ae1784?s=96&d=mm&r=g","caption":"gamberetta"},"description":"Sono Toro ascendente Scorpione, terra di contrasti dove ora prevale una met\u00e0, ora l\u2019altra. L\u2019infanzia in Veneto e gli ultimi anni passati a Milano hanno sviluppato in me una serie ulteriore di conflitti. Scrivo da sempre, la scrittura \u00e8 la migliore forma espressiva che mi consente di fissare concetti altrimenti sospesi nell\u2019aria. Da bambina scrivevo poesie con uno stile quasi leopardiano poi sono passata ai diari di viaggio dalla prima volta in USA nel 1998 e non ho pi\u00f9 smesso...","url":"https:\/\/www.gamberetta.it\/it\/author\/gamberettarossa\/"}]}},"_links":{"self":[{"href":"https:\/\/www.gamberetta.it\/it\/wp-json\/wp\/v2\/posts\/20859"}],"collection":[{"href":"https:\/\/www.gamberetta.it\/it\/wp-json\/wp\/v2\/posts"}],"about":[{"href":"https:\/\/www.gamberetta.it\/it\/wp-json\/wp\/v2\/types\/post"}],"author":[{"embeddable":true,"href":"https:\/\/www.gamberetta.it\/it\/wp-json\/wp\/v2\/users\/2"}],"replies":[{"embeddable":true,"href":"https:\/\/www.gamberetta.it\/it\/wp-json\/wp\/v2\/comments?post=20859"}],"version-history":[{"count":6,"href":"https:\/\/www.gamberetta.it\/it\/wp-json\/wp\/v2\/posts\/20859\/revisions"}],"predecessor-version":[{"id":20878,"href":"https:\/\/www.gamberetta.it\/it\/wp-json\/wp\/v2\/posts\/20859\/revisions\/20878"}],"wp:featuredmedia":[{"embeddable":true,"href":"https:\/\/www.gamberetta.it\/it\/wp-json\/wp\/v2\/media\/20862"}],"wp:attachment":[{"href":"https:\/\/www.gamberetta.it\/it\/wp-json\/wp\/v2\/media?parent=20859"}],"wp:term":[{"taxonomy":"category","embeddable":true,"href":"https:\/\/www.gamberetta.it\/it\/wp-json\/wp\/v2\/categories?post=20859"},{"taxonomy":"post_tag","embeddable":true,"href":"https:\/\/www.gamberetta.it\/it\/wp-json\/wp\/v2\/tags?post=20859"}],"curies":[{"name":"wp","href":"https:\/\/api.w.org\/{rel}","templated":true}]}}