{"id":21385,"date":"2023-10-30T15:23:10","date_gmt":"2023-10-30T14:23:10","guid":{"rendered":"https:\/\/www.gamberetta.it\/it\/?p=21385"},"modified":"2024-10-07T18:33:41","modified_gmt":"2024-10-07T16:33:41","slug":"viaggio-oliveti-frantoi-foggia","status":"publish","type":"post","link":"https:\/\/www.gamberetta.it\/it\/2023\/10\/30\/viaggio-oliveti-frantoi-foggia\/","title":{"rendered":"IN VIAGGIO FRA GLI OLIVETI E I FRANTOI DELLA PROVINCIA DI FOGGIA"},"content":{"rendered":"\n<p>Dopo la vendemmia ora in Puglia \u00e8 tempo di raccogliere le olive. A met\u00e0 ottobre ho trascorso tre giorni a Foggia e provincia, ospite di APO Foggia e di quattro imprese della filiera olivicola. Ho passeggiato tra olivi carichi di frutti, le drupe ora piccole ora grandi, verdi o pi\u00f9 scure secondo la cultivar e il grado di maturazione.<\/p>\n\n\n\n<p>Con me c&#8217;erano giornalisti e blogger di Puglia e Sicilia, curiosi come me di conoscere e apprezzare le diverse cultivar locali di olive, tutte da produzione biologica, e l&#8217;olio che se ne ricava (non solo olio per la verit\u00e0). Diverse cultivar significa che la biodiversit\u00e0 italiana si pu\u00f2 toccare persino nella stessa provincia. Foggia pu\u00f2 contare su 3 o 4 variet\u00e0 di olive: dalla pi\u00f9 famosa <strong>Coratina<\/strong> alla <strong>Bella di Cerignola<\/strong> dalla duplice attitudine (da mensa e da olio). Dalla <strong>Peranzana<\/strong> alla <strong>Ogliarola del Gargano<\/strong>.<\/p>\n\n\n\n<h2 class=\"wp-block-heading\">Introduzione al viaggio<\/h2>\n\n\n<div class=\"wp-block-image\">\n<figure class=\"aligncenter size-full\"><img loading=\"lazy\" decoding=\"async\" width=\"1024\" height=\"680\" src=\"https:\/\/www.gamberetta.it\/wp-content\/uploads\/2023\/10\/DSC_7720-Copia.jpg\" alt=\"\" class=\"wp-image-21386\" srcset=\"https:\/\/www.gamberetta.it\/wp-content\/uploads\/2023\/10\/DSC_7720-Copia.jpg 1024w, https:\/\/www.gamberetta.it\/wp-content\/uploads\/2023\/10\/DSC_7720-Copia-300x199.jpg 300w, https:\/\/www.gamberetta.it\/wp-content\/uploads\/2023\/10\/DSC_7720-Copia-768x510.jpg 768w\" sizes=\"(max-width: 1024px) 100vw, 1024px\" \/><figcaption class=\"wp-element-caption\">Masseria_Belmantello<\/figcaption><\/figure><\/div>\n\n\n<p>La Puglia \u00e8 una grande regione del sud dove l&#8217;olivo \u00e8 coltivato da secoli. Accanto all&#8217;immagine di una terra del buon vivere e meta turistica di prim&#8217;ordine, fra lunghe spiagge e borghi affascinanti, c&#8217;\u00e8 un&#8217;altra Puglia dal cuore pulsante. Una terra agricola ricca e laboriosa, dove imprenditori illuminati coltivano la loro terra e perseguono la qualit\u00e0, in aziende moderne e lungimiranti.<\/p>\n\n\n\n<p>Foggia \u00e8 la porta della Puglia per chi come me arriva da nord, gli oliveti ne punteggiano il paesaggio con le loro grandi chiome verdi e i riflessi argentati. La regione, che si allunga verso sud fino al tacco d&#8217;Italia, si annuncia a Poggio Imperiale all&#8217;uscita dall&#8217;autostrada. A est il mare adriatico, le spiagge del Gargano ora sabbiose ora rocciose, con le isole Tremiti in lontananza. A ovest il promontorio garganico fatto di roccia calcarea, con strade e tornanti che salgono in altitudine, attraversano la grande Foresta Umbra e piccoli paesi pieni di vita, storia, spiritualit\u00e0.<\/p>\n\n\n\n<p>Le due giornate piene che abbiamo trascorso tra oliveti e frantoi si sono svolte con modalit\u00e0 analoghe: una visita al mattino e una al pomeriggio, ogni volta con la degustazione di quattro prodotti per conoscerne le sfumature, impararne pregi e difetti. L&#8217;olio EVO del produttore accanto a tre oli della distribuzione organizzata. Si trattava della campagna 2022, dato che quest&#8217;anno la raccolta delle olive \u00e8 appena iniziata.<\/p>\n\n\n\n<figure class=\"wp-block-gallery has-nested-images columns-default is-cropped wp-block-gallery-2 is-layout-flex wp-block-gallery-is-layout-flex\">\n<figure class=\"wp-block-image size-large\"><img loading=\"lazy\" decoding=\"async\" width=\"768\" height=\"1024\" data-id=\"21389\" src=\"https:\/\/www.gamberetta.it\/wp-content\/uploads\/2023\/10\/IMG_20231021_113310.jpg\" alt=\"\" class=\"wp-image-21389\" srcset=\"https:\/\/www.gamberetta.it\/wp-content\/uploads\/2023\/10\/IMG_20231021_113310.jpg 768w, https:\/\/www.gamberetta.it\/wp-content\/uploads\/2023\/10\/IMG_20231021_113310-225x300.jpg 225w, https:\/\/www.gamberetta.it\/wp-content\/uploads\/2023\/10\/IMG_20231021_113310-600x800.jpg 600w\" sizes=\"(max-width: 768px) 100vw, 768px\" \/><figcaption class=\"wp-element-caption\">oleificio_san_luca<\/figcaption><\/figure>\n\n\n\n<figure class=\"wp-block-image size-large\"><img loading=\"lazy\" decoding=\"async\" width=\"768\" height=\"1024\" data-id=\"21390\" src=\"https:\/\/www.gamberetta.it\/wp-content\/uploads\/2023\/10\/IMG_20231021_122749.jpg\" alt=\"\" class=\"wp-image-21390\" srcset=\"https:\/\/www.gamberetta.it\/wp-content\/uploads\/2023\/10\/IMG_20231021_122749.jpg 768w, https:\/\/www.gamberetta.it\/wp-content\/uploads\/2023\/10\/IMG_20231021_122749-225x300.jpg 225w, https:\/\/www.gamberetta.it\/wp-content\/uploads\/2023\/10\/IMG_20231021_122749-600x800.jpg 600w\" sizes=\"(max-width: 768px) 100vw, 768px\" \/><figcaption class=\"wp-element-caption\">oleificio_san_luca<\/figcaption><\/figure>\n<\/figure>\n\n\n\n<p>Troverete poche nozioni tecniche qui sull&#8217;arte olearia, anche se la filiera dell&#8217;olio fa parte del mio lavoro. Ci saranno alcune immagini delle aziende visitate, vedrete la materia prima, il prodotto finito, i macchinari impiegati (Pieralisi e Alfa Laval). Questo articolo vuole essere il racconto di tre intense giornate all&#8217;insegna del migliore olio EVO, in compagnia di APO Foggi promotrice dell&#8217;iniziativa. Auspico che si possano sviluppare itinerari turistici tra le eccellenze della provincia di Foggia con il <em>fil rouge<\/em> dell&#8217;olivo e dell&#8217;olio, oro verde di Puglia. Accanto all&#8217;enoturismo infatti, il turismo dell&#8217;olio \u00e8 la nuova frontiera del viaggiatore gourmet, come dimostrano le zone olivicole che, in Italia e all&#8217;estero, vi hanno investito risorse all&#8217;interno (tecnologia e infrastrutture) e verso l&#8217;esterno (comunicazione e promozione). Foggia e la Puglia si prestano egregiamente a tale scopo.<\/p>\n\n\n\n<h2 class=\"wp-block-heading\">Un giro d&#8217;olio. Viaggio alla scoperta delle cultivar coltivate con metodo di produzione biologico<\/h2>\n\n\n<div class=\"wp-block-image\">\n<figure class=\"aligncenter size-large\"><img loading=\"lazy\" decoding=\"async\" width=\"1024\" height=\"680\" src=\"https:\/\/www.gamberetta.it\/wp-content\/uploads\/2023\/10\/DSC_7642-1024x680.jpg\" alt=\"\" class=\"wp-image-21391\" srcset=\"https:\/\/www.gamberetta.it\/wp-content\/uploads\/2023\/10\/DSC_7642-1024x680.jpg 1024w, https:\/\/www.gamberetta.it\/wp-content\/uploads\/2023\/10\/DSC_7642-300x199.jpg 300w, https:\/\/www.gamberetta.it\/wp-content\/uploads\/2023\/10\/DSC_7642-768x510.jpg 768w, https:\/\/www.gamberetta.it\/wp-content\/uploads\/2023\/10\/DSC_7642.jpg 1200w\" sizes=\"(max-width: 1024px) 100vw, 1024px\" \/><\/figure><\/div>\n\n\n<p>Il nostro viaggio aveva un titolo lungo e significativo e si \u00e8 aperto venerd\u00ec mattina con la conferenza stampa di presentazione del progetto. Guido Cusmai, presidente APO Foggia, ha sottolineato alcuni aspetti della campagna 2023<\/p>\n\n\n\n<ul class=\"wp-block-list\">\n<li>&nbsp;gli eccellenti profili qualitativi dell&#8217;olio BIO foggiano,<\/li>\n\n\n\n<li>&nbsp;l&#8217;impegno dei produttori nell&#8217;alzare sempre pi\u00f9 l&#8217;asticella della qualit\u00e0,<\/li>\n\n\n\n<li>&nbsp;le prospettive della stagione olivicola appena iniziata,<\/li>\n\n\n\n<li>&nbsp;le prospettive e:le sfide del mercato globale.<\/li>\n<\/ul>\n\n\n\n<p>Personalmente ho colto tre messaggi forti, all&#8217;inizio e alla fine del tour.<\/p>\n\n\n\n<p>Uno \u2013 la necessit\u00e0 di lavorare insieme, in ottica di filiera. Ci\u00f2 vale sia per le aziende agricole a filiera chiusa (oliveto \u2013 frantoio \u2013 confezionamento \u2013 distribuzione) sia per le imprese operanti solo in una parte della stessa, ad esempio gli oleifici che frangono olive dei vari produttori locali e si occupano pure dello stoccaggio.<\/p>\n\n\n\n<p>Due \u2013 il valore degli investimenti tecnologici come chiave di successo e vantaggio competitivo per le imprese che vogliono mantenersi sul mercato, sempre pi\u00f9 complesso anche alla luce dei cambiamenti climatici.<\/p>\n\n\n\n<p>Tre \u2013 il valore degli oliveti come paesaggio e patrimonio condiviso, da preservare, da \u201ccoltivare\u201d per le future generazioni, da sfruttare per creare opportunit\u00e0 di lavoro, diretto e indotto, in aree soggette da decenni allo spopolamento.<\/p>\n\n\n\n<h2 class=\"wp-block-heading\">Venerd\u00ec 20 ottobre&nbsp;<\/h2>\n\n\n\n<figure class=\"wp-block-gallery has-nested-images columns-default is-cropped wp-block-gallery-3 is-layout-flex wp-block-gallery-is-layout-flex\">\n<figure class=\"wp-block-image size-large\"><img loading=\"lazy\" decoding=\"async\" width=\"768\" height=\"1024\" data-id=\"21393\" src=\"https:\/\/www.gamberetta.it\/wp-content\/uploads\/2023\/10\/IMG_20231020_114743.jpg\" alt=\"\" class=\"wp-image-21393\" srcset=\"https:\/\/www.gamberetta.it\/wp-content\/uploads\/2023\/10\/IMG_20231020_114743.jpg 768w, https:\/\/www.gamberetta.it\/wp-content\/uploads\/2023\/10\/IMG_20231020_114743-225x300.jpg 225w, https:\/\/www.gamberetta.it\/wp-content\/uploads\/2023\/10\/IMG_20231020_114743-600x800.jpg 600w\" sizes=\"(max-width: 768px) 100vw, 768px\" \/><figcaption class=\"wp-element-caption\">masseria_belmantello<\/figcaption><\/figure>\n\n\n\n<figure class=\"wp-block-image size-large\"><img loading=\"lazy\" decoding=\"async\" width=\"768\" height=\"1024\" data-id=\"21394\" src=\"https:\/\/www.gamberetta.it\/wp-content\/uploads\/2023\/10\/IMG_20231020_120404.jpg\" alt=\"\" class=\"wp-image-21394\" srcset=\"https:\/\/www.gamberetta.it\/wp-content\/uploads\/2023\/10\/IMG_20231020_120404.jpg 768w, https:\/\/www.gamberetta.it\/wp-content\/uploads\/2023\/10\/IMG_20231020_120404-225x300.jpg 225w, https:\/\/www.gamberetta.it\/wp-content\/uploads\/2023\/10\/IMG_20231020_120404-600x800.jpg 600w\" sizes=\"(max-width: 768px) 100vw, 768px\" \/><figcaption class=\"wp-element-caption\">masseria_belmantello<\/figcaption><\/figure>\n<\/figure>\n\n\n\n<p><strong>Visita Masseria Belmantello al mattino<\/strong>. Ci troviamo a Cerignola, 160 ettari distribuiti a varie altitudini nelle campagne con diverse colture soprattutto olivicole ma anche seminativo, vite e ortofrutta. Il nome riprende la forma sinuosa delle coltivazioni che coprono la terra come un \u201cBel mantello\u201d. Il dottor Onofrio Giuliano ci ha raccontato la sua idea di impresa olivicola, con una forte impronta tecnologica che inizia in oliveto. Passa dai sistemi di irrigazione ai nuovi impianti intensivi con le rese per ettaro pi\u00f9 elevate. Mentre andavamo a passeggio nell&#8217;oliveto abbiamo incontrato una quadra di operai, intenta alla raccolta meccanizzata delle olive con scuotitore. Io scattavo foto all&#8217;impazzata cercando di seguire il gruppo, senza perdermi nemmeno una delle parole del nostro padrone di casa.<\/p>\n\n\n\n<figure class=\"wp-block-gallery has-nested-images columns-default is-cropped wp-block-gallery-4 is-layout-flex wp-block-gallery-is-layout-flex\">\n<figure class=\"wp-block-image size-large\"><img loading=\"lazy\" decoding=\"async\" width=\"1024\" height=\"680\" data-id=\"21396\" src=\"https:\/\/www.gamberetta.it\/wp-content\/uploads\/2023\/10\/DSC_7788-1024x680.jpg\" alt=\"\" class=\"wp-image-21396\" srcset=\"https:\/\/www.gamberetta.it\/wp-content\/uploads\/2023\/10\/DSC_7788-1024x680.jpg 1024w, https:\/\/www.gamberetta.it\/wp-content\/uploads\/2023\/10\/DSC_7788-300x199.jpg 300w, https:\/\/www.gamberetta.it\/wp-content\/uploads\/2023\/10\/DSC_7788-768x510.jpg 768w, https:\/\/www.gamberetta.it\/wp-content\/uploads\/2023\/10\/DSC_7788.jpg 1200w\" sizes=\"(max-width: 1024px) 100vw, 1024px\" \/><\/figure>\n\n\n\n<figure class=\"wp-block-image size-large\"><img loading=\"lazy\" decoding=\"async\" width=\"1024\" height=\"680\" data-id=\"21395\" src=\"https:\/\/www.gamberetta.it\/wp-content\/uploads\/2023\/10\/DSC_7791-1024x680.jpg\" alt=\"\" class=\"wp-image-21395\" srcset=\"https:\/\/www.gamberetta.it\/wp-content\/uploads\/2023\/10\/DSC_7791-1024x680.jpg 1024w, https:\/\/www.gamberetta.it\/wp-content\/uploads\/2023\/10\/DSC_7791-300x199.jpg 300w, https:\/\/www.gamberetta.it\/wp-content\/uploads\/2023\/10\/DSC_7791-768x510.jpg 768w, https:\/\/www.gamberetta.it\/wp-content\/uploads\/2023\/10\/DSC_7791.jpg 1200w\" sizes=\"(max-width: 1024px) 100vw, 1024px\" \/><\/figure>\n<\/figure>\n\n\n\n<p><strong>Visita Frantoio Principe Pa.Vi.Ro. al pomeriggio<\/strong>. A Torremaggiore tutto parla di Raimondo de Sangro suo cittadino illustre. Il \u201cPrincipe geniale\u201d nel Settecento \u00e8 stato il principale promotore della Peranzana, oliva di origine francese (provenzale, da cui deriva il nome) che ha portato quaggi\u00f9 e a cui ha dato prestigio. La sua opera \u00e8 portata avanti fra gli altri dalla famiglia D&#8217;Ettorres con i tre fratelli, quelli che danno il nome all&#8217;azienda pluripremiata che, con i figli, proseguono una solida tradizione e con le loro scelte la fanno ancora crescere. Al ricevimento delle olive nello spazio esterno fa seguito la loro molitura e spremitura all&#8217;interno, fasi comuni a ogni frantoio dove la tecnologia la fa da padrona.<\/p>\n\n\n\n<h3 class=\"wp-block-heading\">Torremaggiore<\/h3>\n\n\n\n<figure class=\"wp-block-image size-large\"><img loading=\"lazy\" decoding=\"async\" width=\"1024\" height=\"680\" src=\"https:\/\/www.gamberetta.it\/wp-content\/uploads\/2023\/10\/DSC_7829-1024x680.jpg\" alt=\"\" class=\"wp-image-21397\" srcset=\"https:\/\/www.gamberetta.it\/wp-content\/uploads\/2023\/10\/DSC_7829-1024x680.jpg 1024w, https:\/\/www.gamberetta.it\/wp-content\/uploads\/2023\/10\/DSC_7829-300x199.jpg 300w, https:\/\/www.gamberetta.it\/wp-content\/uploads\/2023\/10\/DSC_7829-768x510.jpg 768w, https:\/\/www.gamberetta.it\/wp-content\/uploads\/2023\/10\/DSC_7829.jpg 1200w\" sizes=\"(max-width: 1024px) 100vw, 1024px\" \/><\/figure>\n\n\n\n<p>Facciamo due passi a Torremaggiore a fine giornata: al castello ducale cinto da mura e fossato, fra le vie del borgo in cerca di suggestioni medievali. Cerchiamo le tracce di Federico II che nel Duecento ha contribuito a costruire la Puglia del suo tempo (Castel del Monte vi dice qualcosa??) ma niente, \u00e8 morto qui vicino ma le sue spoglie si trovano a Palermo.&nbsp;<\/p>\n\n\n\n<h3 class=\"wp-block-heading\">Il racconto della giornata sulla pagina Facebook Gamberetta Travelblog:<\/h3>\n\n\n\n<p>Questa \u00e8 Masseria Belmantello, Cerignola (FG) visitata ieri mattina. Assistere alla raccolta delle olive che (bella) impressione! La macchina scuote l&#8217;albero di ulivo, in pochi secondi fa scendere le drupe nella rete e gli operai accarezzano i rami per ripulirli dagli ultimi frutti. La rete \u00e8 avvolta e portata ai cassoni, dove viene svuotata del suo prezioso carico e portata via. Al frantoio. Coratina \u00e8 la cultivar principale di olive da olio. Bella di Cerignola \u00e8 la cultivar locale, d\u00e0 una grande oliva, con attitudine sia da mensa sia da olio.<\/p>\n\n\n\n<p>Nel pomeriggio a Torremaggiore abbiamo visitato Principe, marchio che ricorda il primo &#8220;importatore&#8221; e promotore dell&#8217;Oliva Peranzana dalla Francia alla Puglia. Il frantoio della famiglia D&#8217;Ettorres opera da circa 40 anni e fa un ottimo olio extra vergine di oliva.<\/p>\n\n\n\n<h2 class=\"wp-block-heading\">Sabato 21 ottobre&nbsp;<\/h2>\n\n\n\n<figure class=\"wp-block-gallery has-nested-images columns-default is-cropped wp-block-gallery-5 is-layout-flex wp-block-gallery-is-layout-flex\">\n<figure class=\"wp-block-image size-large\"><img loading=\"lazy\" decoding=\"async\" width=\"680\" height=\"1024\" data-id=\"21399\" src=\"https:\/\/www.gamberetta.it\/wp-content\/uploads\/2023\/10\/DSC_7837-Copia-rotated.jpg\" alt=\"\" class=\"wp-image-21399\" srcset=\"https:\/\/www.gamberetta.it\/wp-content\/uploads\/2023\/10\/DSC_7837-Copia-rotated.jpg 680w, https:\/\/www.gamberetta.it\/wp-content\/uploads\/2023\/10\/DSC_7837-Copia-199x300.jpg 199w\" sizes=\"(max-width: 680px) 100vw, 680px\" \/><figcaption class=\"wp-element-caption\">Oleificio_san_luca<\/figcaption><\/figure>\n\n\n\n<figure class=\"wp-block-image size-full\"><img loading=\"lazy\" decoding=\"async\" width=\"680\" height=\"1024\" data-id=\"21400\" src=\"https:\/\/www.gamberetta.it\/wp-content\/uploads\/2023\/10\/DSC_7843-Copia-rotated-e1698676124817.jpg\" alt=\"\" class=\"wp-image-21400\" srcset=\"https:\/\/www.gamberetta.it\/wp-content\/uploads\/2023\/10\/DSC_7843-Copia-rotated-e1698676124817.jpg 680w, https:\/\/www.gamberetta.it\/wp-content\/uploads\/2023\/10\/DSC_7843-Copia-rotated-e1698676124817-199x300.jpg 199w, https:\/\/www.gamberetta.it\/wp-content\/uploads\/2023\/10\/DSC_7843-Copia-rotated-e1698676124817-60x90.jpg 60w\" sizes=\"(max-width: 680px) 100vw, 680px\" \/><\/figure>\n<\/figure>\n\n\n\n<p><strong>Visita Oleificio San Luca al mattino<\/strong>. A Vieste arriviamo dopo quasi due ore di viaggio da Foggia, sotto un cielo grigio e minaccioso che a un certo punto scarica tutta la pioggia, ma noi siamo al coperto. Oleificio e Locanda San Luca srl, frantoio oleario, produzione e vendita olio \u00e8 la ragione sociale completa dell&#8217;azienda. Qui accanto alla produzione olearia, attiva dal 1980, c&#8217;\u00e8 uno spazio di ospitalit\u00e0 tutto giocato su legno e pietra, materiali di recupero che ne hanno fatto un luogo accogliente, perfetto per la nostra degustazione. Salvatore Freda \u00e8 il titolare e il mattatore, trascinante e appassionato nel racconto del proprio lavoro.<\/p>\n\n\n\n<figure class=\"wp-block-gallery has-nested-images columns-default is-cropped wp-block-gallery-6 is-layout-flex wp-block-gallery-is-layout-flex\">\n<figure class=\"wp-block-image size-large\"><img loading=\"lazy\" decoding=\"async\" width=\"1024\" height=\"680\" data-id=\"21404\" src=\"https:\/\/www.gamberetta.it\/wp-content\/uploads\/2023\/10\/DSC_7897-Copia.jpg\" alt=\"\" class=\"wp-image-21404\" srcset=\"https:\/\/www.gamberetta.it\/wp-content\/uploads\/2023\/10\/DSC_7897-Copia.jpg 1024w, https:\/\/www.gamberetta.it\/wp-content\/uploads\/2023\/10\/DSC_7897-Copia-300x199.jpg 300w, https:\/\/www.gamberetta.it\/wp-content\/uploads\/2023\/10\/DSC_7897-Copia-768x510.jpg 768w\" sizes=\"(max-width: 1024px) 100vw, 1024px\" \/><figcaption class=\"wp-element-caption\">Oleificio_del_gargano<\/figcaption><\/figure>\n\n\n\n<figure class=\"wp-block-image size-large\"><img loading=\"lazy\" decoding=\"async\" width=\"1024\" height=\"680\" data-id=\"21403\" src=\"https:\/\/www.gamberetta.it\/wp-content\/uploads\/2023\/10\/DSC_7904-Copia.jpg\" alt=\"\" class=\"wp-image-21403\" srcset=\"https:\/\/www.gamberetta.it\/wp-content\/uploads\/2023\/10\/DSC_7904-Copia.jpg 1024w, https:\/\/www.gamberetta.it\/wp-content\/uploads\/2023\/10\/DSC_7904-Copia-300x199.jpg 300w, https:\/\/www.gamberetta.it\/wp-content\/uploads\/2023\/10\/DSC_7904-Copia-768x510.jpg 768w\" sizes=\"(max-width: 1024px) 100vw, 1024px\" \/><figcaption class=\"wp-element-caption\">Oleificio_del_gargano<\/figcaption><\/figure>\n<\/figure>\n\n\n\n<p><strong>Visita Oleificio del Gargano al pomeriggio<\/strong>. Antonello Fiorentino ci accoglie nel suo oleificio dove lavora le olive proprie e altrui. La sua \u00e8 una impresa familiare, sono frantoiani dal 1930. Il suo racconto \u00e8 un inno alla terra e alla cooperazione, secondo i meccanismi dettati dalle necessarie economie di scala e dal muto aiuto fra produttori. Qui attorno a Vico del Gargano gli oliveti sono molto pi\u00f9 piccoli e sparsi che in pianura, si trovano su terreni scoscesi, ad altitudini anche superiori ai 700 metri slm e a volte confinano con il bosco. La coltivazione e la raccolta delle olive sono giocoforza manuali, con costi e difficolt\u00e0 maggiori anche per trasportare le olive al frantoio. Alcuni alberi centenari continuano a dare frutti e sono tutelati.<\/p>\n\n\n\n<h3 class=\"wp-block-heading\">Vico del Gargano<\/h3>\n\n\n\n<figure class=\"wp-block-gallery has-nested-images columns-default is-cropped wp-block-gallery-7 is-layout-flex wp-block-gallery-is-layout-flex\">\n<figure class=\"wp-block-image size-large\"><img loading=\"lazy\" decoding=\"async\" width=\"768\" height=\"1024\" data-id=\"21407\" src=\"https:\/\/www.gamberetta.it\/wp-content\/uploads\/2023\/10\/IMG_20231021_151433.jpg\" alt=\"\" class=\"wp-image-21407\" srcset=\"https:\/\/www.gamberetta.it\/wp-content\/uploads\/2023\/10\/IMG_20231021_151433.jpg 768w, https:\/\/www.gamberetta.it\/wp-content\/uploads\/2023\/10\/IMG_20231021_151433-225x300.jpg 225w, https:\/\/www.gamberetta.it\/wp-content\/uploads\/2023\/10\/IMG_20231021_151433-600x800.jpg 600w\" sizes=\"(max-width: 768px) 100vw, 768px\" \/><figcaption class=\"wp-element-caption\">Pizzicato_bar<\/figcaption><\/figure>\n\n\n\n<figure class=\"wp-block-image size-large\"><img loading=\"lazy\" decoding=\"async\" width=\"680\" height=\"1024\" data-id=\"21406\" src=\"https:\/\/www.gamberetta.it\/wp-content\/uploads\/2023\/10\/DSC_7888-Copia-rotated-e1698676103195.jpg\" alt=\"\" class=\"wp-image-21406\" srcset=\"https:\/\/www.gamberetta.it\/wp-content\/uploads\/2023\/10\/DSC_7888-Copia-rotated-e1698676103195.jpg 680w, https:\/\/www.gamberetta.it\/wp-content\/uploads\/2023\/10\/DSC_7888-Copia-rotated-e1698676103195-199x300.jpg 199w, https:\/\/www.gamberetta.it\/wp-content\/uploads\/2023\/10\/DSC_7888-Copia-rotated-e1698676103195-60x90.jpg 60w\" sizes=\"(max-width: 680px) 100vw, 680px\" \/><figcaption class=\"wp-element-caption\">vico<\/figcaption><\/figure>\n<\/figure>\n\n\n\n<p>Qui avevo trascorso un lungo fine settimana nel 2015 a primavera, tornarci ora mi ha sbloccato tanti ricordi. Vico del Gargano \u00e8 uno dei Borghi pi\u00f9 belli d&#8217;Italia e nella sua semplicit\u00e0 ha tutto ci\u00f2 che serve per un soggiorno autentico:<\/p>\n\n\n\n<ul class=\"wp-block-list\">\n<li>&nbsp;scalette e vicoli (famoso \u00e8 lo stretto vicolo del bacio),<\/li>\n\n\n\n<li>&nbsp;porte e finestre con i panni stesi ad asciugare,<\/li>\n\n\n\n<li>&nbsp;piccoli alloggi nella migliore tradizione di albergo diffuso.<\/li>\n<\/ul>\n\n\n\n<p>E un bar pasticceria premiato dove una sosta \u00e8 d&#8217;obbligo. Bar Pizzicato \u00e8 una istituzione dove da mattina a sera potete fare colazione fra sontuosi pasticcini, mangiare qualcosa di fresco e gustoso a pranzo, indugiare tra i cocktail all&#8217;ora giusta, quando arriva Giuseppe Romondia l&#8217;anima del locale. A met\u00e0 pomeriggio ho preso un espressino con circa mille calorie, ma che buono! Caff\u00e8 affogato in un letto di cioccolata e biscotto caldi.&nbsp;<\/p>\n\n\n\n<h3 class=\"wp-block-heading\">Il racconto della giornata sulla pagina Facebook Gamberetta Travelblog:<\/h3>\n\n\n\n<p>Un giro d&#8217;olio. Viaggio alla scoperta delle cultivar coltivate con metodo di produzione biologico. Sul promontorio del Gargano ieri ho visto un mare in tempesta e i grandi alberi della foresta umbra. Ho rivisto Vieste e Vico del Gargano, due borghi che ho cominciato a scoprire 40 anni fa. Ora sono pi\u00f9 belli che mai in questo inizio di autunno (ebbene si \u00e8 piovuto e faceva freddo). Voi per\u00f2 volete sapere le nostre visite e assaggi. Eccoli qua:<\/p>\n\n\n\n<p>1 Oleificio e locanda San Luca Vieste. Un nuovo impianto tecnologico affiancato da una locanda accogliente, dove la pietra locale e il legno la fanno da padrone.<\/p>\n\n\n\n<p>2 Oleificio Fiorentino Vico del Gargano. Impresa familiare che lavora le proprie olive e conto terzi, con una sempre maggiore attenzione alle tecniche di lavorazione.<\/p>\n\n\n\n<p>Ogliarola garganica \u00e8 la cultivar locale e le sue sfumature organolettiche variano dal sud del Gargano, dalla zona di Mattinata fin su a Rodi e Peschici. Vicino al mare la pianura si lavora facilmente ed \u00e8 consuetudine trovare gli uliveti irrigati. L&#8217;entroterra invece \u00e8 difficile da raggiungere e pi\u00f9 spesso mostra piccoli uliveti, incastonati a 600 \u2013 700 m slm fra i boschi al limite della foresta. Qui la natura fa il suo corso, non si irriga e si raccolgono a mano le olive, anche con l&#8217;ausilio dei muli. Non \u00e8 forse questa una olivicoltura eroica??<\/p>\n\n\n\n<h2 class=\"wp-block-heading\">Mangiare e dormire a Foggia<\/h2>\n\n\n<div class=\"wp-block-image\">\n<figure class=\"aligncenter size-full\"><img loading=\"lazy\" decoding=\"async\" width=\"1024\" height=\"680\" src=\"https:\/\/www.gamberetta.it\/wp-content\/uploads\/2023\/10\/DSC_7926-Copia.jpg\" alt=\"\" class=\"wp-image-21409\" srcset=\"https:\/\/www.gamberetta.it\/wp-content\/uploads\/2023\/10\/DSC_7926-Copia.jpg 1024w, https:\/\/www.gamberetta.it\/wp-content\/uploads\/2023\/10\/DSC_7926-Copia-300x199.jpg 300w, https:\/\/www.gamberetta.it\/wp-content\/uploads\/2023\/10\/DSC_7926-Copia-768x510.jpg 768w\" sizes=\"(max-width: 1024px) 100vw, 1024px\" \/><figcaption class=\"wp-element-caption\">Foggia<\/figcaption><\/figure><\/div>\n\n\n<p>Alzi la mano chi ha fatto il turista nel capoluogo dauno!! Io sono passata per Foggia pi\u00f9 volte fino ad ora, ma quasi sempre per lavoro, e ho visto solo la stazione dei treni o la zona industriale. Fino ad ora. Quindi cosa c&#8217;\u00e8 da vedere a Foggia? E dove ci si pu\u00f2 fermare a dormire \u2013 mangiare \u2013 bere, per provare i piaceri della cucina foggiana? Foggia di certo non pu\u00f2 competere con le pi\u00f9 ricche e famose citt\u00e0 pugliesi come Bari e Lecce. Eppure durante il nostro soggiorno, complice il clima mite di ottobre (gli ultimi giorni peraltro quasi estivi) ci ha rivelato:<\/p>\n\n\n\n<ul class=\"wp-block-list\">\n<li>&nbsp;una proposta enogastronomica genuina,<\/li>\n\n\n\n<li>&nbsp;una variegata umanit\u00e0,<\/li>\n\n\n\n<li>&nbsp;una fervente vita serale \/notturna.<\/li>\n<\/ul>\n\n\n<div class=\"wp-block-image\">\n<figure class=\"aligncenter size-full\"><img loading=\"lazy\" decoding=\"async\" width=\"1024\" height=\"680\" src=\"https:\/\/www.gamberetta.it\/wp-content\/uploads\/2023\/10\/DSC_7930-Copia.jpg\" alt=\"\" class=\"wp-image-21412\" srcset=\"https:\/\/www.gamberetta.it\/wp-content\/uploads\/2023\/10\/DSC_7930-Copia.jpg 1024w, https:\/\/www.gamberetta.it\/wp-content\/uploads\/2023\/10\/DSC_7930-Copia-300x199.jpg 300w, https:\/\/www.gamberetta.it\/wp-content\/uploads\/2023\/10\/DSC_7930-Copia-768x510.jpg 768w\" sizes=\"(max-width: 1024px) 100vw, 1024px\" \/><figcaption class=\"wp-element-caption\">Foggia<\/figcaption><\/figure><\/div>\n\n\n<p>Per non parlare dei suoi gioielli nascosti che sono riuscita a vedere, all&#8217;inizio e alla fine del tour, una vera sorpresa per me! Camminando da sola senza meta, nel piccolo centro storico ho trovato:<\/p>\n\n\n\n<ul class=\"wp-block-list\">\n<li>&nbsp;chiese piccole e grandi,<\/li>\n\n\n\n<li>&nbsp;importanti musei,<\/li>\n\n\n\n<li>&nbsp;palazzi antichi,<\/li>\n\n\n\n<li>&nbsp;nuovi edifici novecenteschi.<\/li>\n<\/ul>\n\n\n<div class=\"wp-block-image\">\n<figure class=\"aligncenter size-full\"><img loading=\"lazy\" decoding=\"async\" width=\"1024\" height=\"680\" src=\"https:\/\/www.gamberetta.it\/wp-content\/uploads\/2023\/10\/DSC_7871-Copia.jpg\" alt=\"\" class=\"wp-image-21410\" srcset=\"https:\/\/www.gamberetta.it\/wp-content\/uploads\/2023\/10\/DSC_7871-Copia.jpg 1024w, https:\/\/www.gamberetta.it\/wp-content\/uploads\/2023\/10\/DSC_7871-Copia-300x199.jpg 300w, https:\/\/www.gamberetta.it\/wp-content\/uploads\/2023\/10\/DSC_7871-Copia-768x510.jpg 768w\" sizes=\"(max-width: 1024px) 100vw, 1024px\" \/><figcaption class=\"wp-element-caption\">chef_panniello<\/figcaption><\/figure><\/div>\n\n\n<p>Abbiamo provato ogni sera locali diversi e prodotti locali diversi, a km zero o quasi. Menzione d&#8217;onore ai latticini freschi e ai primi vegetariani, quella che un tempo si chiamava cucina povera ma invece \u00e8 ricca, gustosa e sana. A pranzo ci hanno pensato <strong>Chef Francesco Panniello<\/strong> e la moglie a deliziarci prima gli occhi, poi il palato con i loro showcooking a base di olio EVO. Due giornate di altissima cucina!&nbsp;<\/p>\n\n\n\n<p>Abbiamo cenato in tre diversi ristoranti e trattorie:<\/p>\n\n\n<div class=\"wp-block-image\">\n<figure class=\"aligncenter size-full\"><img loading=\"lazy\" decoding=\"async\" width=\"768\" height=\"1024\" src=\"https:\/\/www.gamberetta.it\/wp-content\/uploads\/2023\/10\/IMG_20231019_212646.jpg\" alt=\"\" class=\"wp-image-21413\" srcset=\"https:\/\/www.gamberetta.it\/wp-content\/uploads\/2023\/10\/IMG_20231019_212646.jpg 768w, https:\/\/www.gamberetta.it\/wp-content\/uploads\/2023\/10\/IMG_20231019_212646-225x300.jpg 225w, https:\/\/www.gamberetta.it\/wp-content\/uploads\/2023\/10\/IMG_20231019_212646-600x800.jpg 600w\" sizes=\"(max-width: 768px) 100vw, 768px\" \/><figcaption class=\"wp-element-caption\">uvarara_foggia<\/figcaption><\/figure><\/div>\n\n\n<p>Enoteca Uvarara \u2013 Insegna solidamente presente da anni a Foggia, porta a tavola il territorio e porta alle pareti decine di etichette interessanti. Con un tocco finale trendy: il Gin di Puglia. Il nostro vino: Motta di Lupo Paolo Petrilli. Cacc&#8217;e&#8217;mmitte di Lucera 2020, 13 gradi.<\/p>\n\n\n<div class=\"wp-block-image\">\n<figure class=\"aligncenter size-full\"><img loading=\"lazy\" decoding=\"async\" width=\"768\" height=\"1024\" src=\"https:\/\/www.gamberetta.it\/wp-content\/uploads\/2023\/10\/IMG_20231020_205226.jpg\" alt=\"\" class=\"wp-image-21414\" srcset=\"https:\/\/www.gamberetta.it\/wp-content\/uploads\/2023\/10\/IMG_20231020_205226.jpg 768w, https:\/\/www.gamberetta.it\/wp-content\/uploads\/2023\/10\/IMG_20231020_205226-225x300.jpg 225w, https:\/\/www.gamberetta.it\/wp-content\/uploads\/2023\/10\/IMG_20231020_205226-600x800.jpg 600w\" sizes=\"(max-width: 768px) 100vw, 768px\" \/><figcaption class=\"wp-element-caption\">fuorisquadro_foggia<\/figcaption><\/figure><\/div>\n\n\n<p>Fuori Squadro \u2013 piccolo locale tranquillo all&#8217;interno, agitato all&#8217;esterno dove c&#8217;\u00e8 un grande viavai di bella gente, una movida sana e gentile. Il nostro vino: Masseria Ludovico. Rosato 2022, 12 gradi.<\/p>\n\n\n<div class=\"wp-block-image\">\n<figure class=\"aligncenter size-full\"><img loading=\"lazy\" decoding=\"async\" width=\"768\" height=\"1024\" src=\"https:\/\/www.gamberetta.it\/wp-content\/uploads\/2023\/10\/IMG_20231021_210851.jpg\" alt=\"\" class=\"wp-image-21415\" srcset=\"https:\/\/www.gamberetta.it\/wp-content\/uploads\/2023\/10\/IMG_20231021_210851.jpg 768w, https:\/\/www.gamberetta.it\/wp-content\/uploads\/2023\/10\/IMG_20231021_210851-225x300.jpg 225w, https:\/\/www.gamberetta.it\/wp-content\/uploads\/2023\/10\/IMG_20231021_210851-600x800.jpg 600w\" sizes=\"(max-width: 768px) 100vw, 768px\" \/><figcaption class=\"wp-element-caption\">ciceriettria_foggia<\/figcaption><\/figure><\/div>\n\n\n<p>Ciceri e Ttria \u2013 ristorantino elegante molto urbano, chiaro nell&#8217;arredamento e nella proposta gastronomica incentrata sulla cucina salentina. Il nostro vino: Produttori di Manduria AKA Primitivo rosato. Salento IGP 2022, 13 gradi.<\/p>\n\n\n\n<h3 class=\"wp-block-heading\">Mamaco hotel<\/h3>\n\n\n\n<figure class=\"wp-block-gallery has-nested-images columns-default is-cropped wp-block-gallery-8 is-layout-flex wp-block-gallery-is-layout-flex\">\n<figure class=\"wp-block-image size-large\"><img loading=\"lazy\" decoding=\"async\" width=\"768\" height=\"1024\" data-id=\"21416\" src=\"https:\/\/www.gamberetta.it\/wp-content\/uploads\/2023\/10\/IMG_20231020_081640.jpg\" alt=\"\" class=\"wp-image-21416\" srcset=\"https:\/\/www.gamberetta.it\/wp-content\/uploads\/2023\/10\/IMG_20231020_081640.jpg 768w, https:\/\/www.gamberetta.it\/wp-content\/uploads\/2023\/10\/IMG_20231020_081640-225x300.jpg 225w, https:\/\/www.gamberetta.it\/wp-content\/uploads\/2023\/10\/IMG_20231020_081640-600x800.jpg 600w\" sizes=\"(max-width: 768px) 100vw, 768px\" \/><figcaption class=\"wp-element-caption\">mamaco_hotel<\/figcaption><\/figure>\n\n\n\n<figure class=\"wp-block-image size-large\"><img loading=\"lazy\" decoding=\"async\" width=\"768\" height=\"1024\" data-id=\"21418\" src=\"https:\/\/www.gamberetta.it\/wp-content\/uploads\/2023\/10\/IMG_20231019_181505.jpg\" alt=\"\" class=\"wp-image-21418\" srcset=\"https:\/\/www.gamberetta.it\/wp-content\/uploads\/2023\/10\/IMG_20231019_181505.jpg 768w, https:\/\/www.gamberetta.it\/wp-content\/uploads\/2023\/10\/IMG_20231019_181505-225x300.jpg 225w, https:\/\/www.gamberetta.it\/wp-content\/uploads\/2023\/10\/IMG_20231019_181505-600x800.jpg 600w\" sizes=\"(max-width: 768px) 100vw, 768px\" \/><figcaption class=\"wp-element-caption\">mamaco_hotel<\/figcaption><\/figure>\n<\/figure>\n\n\n\n<p>Abbiamo dormito in questa location nuova di zecca, in posizione centralissima (accanto al teatro Giordano, in zona pedonale). Mamaco \u00e8 un boutique hotel con solo sei camere, inaugurato all&#8217;inizio del 2023 e frutto di un progetto imprenditoriale diviso fra la Puglia, l&#8217;Abruzzo e Roma. Nella capitale presto aprir\u00e0 un altro Mamaco Hotel con la medesima impostazione super tecnologica, tutta proiettata al futuro, che non ho apprezzato subito (ma io sono imbranata). Mamaco non ha reception n\u00e9 personale presente in struttura, fatta eccezione per la signora che si occupa delle pulizie nelle sei stanze, e che la mattina prepara i cestini della colazione da portare in camera o da consumare nel piccolo giardino interno. Notevole la terrazza con vista che si raggiunge salendo una rampa di scale (quante scale al Mamaco!). Per ogni richiesta o segnalazione bisogna chiamare il numero dedicato. Improntato al design e alla domotica nelle dotazioni, con un&#8217;impronta di lusso discreto e tanta privacy, \u00e8 il luogo perfetto per una fuga di coppia romantica, anche perch\u00e9 quasi tutte le camere sono dotate di una grande vasca idromassaggio.<\/p>\n\n\n\n<p>Post in collaborazione con APO Foggia (che ringrazio sentitamente per il tempo trascorso insieme e per l&#8217;organizzazione impeccabile)&nbsp;&nbsp; http:\/\/www.apofoggia.it\/<\/p>\n\n\n\n<p><\/p>\n","protected":false},"excerpt":{"rendered":"<p>Dopo la vendemmia ora in Puglia \u00e8 tempo di raccogliere le olive. A met\u00e0 ottobre ho trascorso tre giorni a Foggia e provincia, ospite di APO Foggia e di quattro imprese della filiera olivicola. Ho passeggiato tra olivi carichi di frutti, le drupe ora piccole ora grandi, verdi o pi\u00f9 scure secondo la cultivar e &hellip; <a class=\"more-link\" href=\"https:\/\/www.gamberetta.it\/it\/2023\/10\/30\/viaggio-oliveti-frantoi-foggia\/\">Leggi tutto<i class=\"ion-ios-arrow-thin-right\"><\/i><\/a><\/p>\n","protected":false},"author":2,"featured_media":21420,"comment_status":"open","ping_status":"closed","sticky":false,"template":"","format":"standard","meta":{"footnotes":""},"categories":[68,105,34],"tags":[3458,3460,3464,3466,3462,3461,3465,3463,3467,3459],"class_list":["post-21385","post","type-post","status-publish","format-standard","has-post-thumbnail","hentry","category-food-wine","category-in-campagna","category-viaggi-italia-europa","tag-apo-foggia","tag-cultivar-olive-foggiane-bella-di-cerignola","tag-cultivar-olive-foggiane-coratina","tag-cultivar-olive-foggiane-ogliarola-garganica","tag-cultivar-olive-foggiane-peranzana","tag-frantoio-principe-torremaggiore","tag-masseria-belmantello-cerignola","tag-oleificio-del-gargano-vico-del-gargano","tag-oleificio-e-locanda-san-luca-vieste","tag-olio-evo-di-puglia"],"yoast_head":"<!-- This site is optimized with the Yoast SEO plugin v23.5 - https:\/\/yoast.com\/wordpress\/plugins\/seo\/ -->\n<title>IN VIAGGIO FRA GLI OLIVETI E I FRANTOI DELLA PROVINCIA DI FOGGIA - Gamberetta<\/title>\n<meta name=\"robots\" content=\"index, follow, max-snippet:-1, max-image-preview:large, max-video-preview:-1\" \/>\n<link rel=\"canonical\" href=\"https:\/\/www.gamberetta.it\/it\/2023\/10\/30\/viaggio-oliveti-frantoi-foggia\/\" \/>\n<meta property=\"og:locale\" content=\"it_IT\" \/>\n<meta property=\"og:type\" content=\"article\" \/>\n<meta property=\"og:title\" content=\"IN VIAGGIO FRA GLI OLIVETI E I FRANTOI DELLA PROVINCIA DI FOGGIA - Gamberetta\" \/>\n<meta property=\"og:description\" content=\"Dopo la vendemmia ora in Puglia \u00e8 tempo di raccogliere le olive. A met\u00e0 ottobre ho trascorso tre giorni a Foggia e provincia, ospite di APO Foggia e di quattro imprese della filiera olivicola. Ho passeggiato tra olivi carichi di frutti, le drupe ora piccole ora grandi, verdi o pi\u00f9 scure secondo la cultivar e &hellip; Leggi tutto\" \/>\n<meta property=\"og:url\" content=\"https:\/\/www.gamberetta.it\/it\/2023\/10\/30\/viaggio-oliveti-frantoi-foggia\/\" \/>\n<meta property=\"og:site_name\" content=\"Gamberetta\" \/>\n<meta property=\"article:publisher\" content=\"https:\/\/www.facebook.com\/Gamberettatravelblog\" \/>\n<meta property=\"article:published_time\" content=\"2023-10-30T14:23:10+00:00\" \/>\n<meta property=\"article:modified_time\" content=\"2024-10-07T16:33:41+00:00\" \/>\n<meta name=\"author\" content=\"gamberetta\" \/>\n<meta name=\"twitter:card\" content=\"summary_large_image\" \/>\n<meta name=\"twitter:creator\" content=\"@robertazennaro\" \/>\n<meta name=\"twitter:site\" content=\"@robertazennaro\" \/>\n<meta name=\"twitter:label1\" content=\"Scritto da\" \/>\n\t<meta name=\"twitter:data1\" content=\"gamberetta\" \/>\n\t<meta name=\"twitter:label2\" content=\"Tempo di lettura stimato\" \/>\n\t<meta name=\"twitter:data2\" content=\"12 minuti\" \/>\n<script type=\"application\/ld+json\" class=\"yoast-schema-graph\">{\"@context\":\"https:\/\/schema.org\",\"@graph\":[{\"@type\":\"WebPage\",\"@id\":\"https:\/\/www.gamberetta.it\/it\/2023\/10\/30\/viaggio-oliveti-frantoi-foggia\/\",\"url\":\"https:\/\/www.gamberetta.it\/it\/2023\/10\/30\/viaggio-oliveti-frantoi-foggia\/\",\"name\":\"IN VIAGGIO FRA GLI OLIVETI E I FRANTOI DELLA PROVINCIA DI FOGGIA - Gamberetta\",\"isPartOf\":{\"@id\":\"https:\/\/www.gamberetta.it\/it\/#website\"},\"primaryImageOfPage\":{\"@id\":\"https:\/\/www.gamberetta.it\/it\/2023\/10\/30\/viaggio-oliveti-frantoi-foggia\/#primaryimage\"},\"image\":{\"@id\":\"https:\/\/www.gamberetta.it\/it\/2023\/10\/30\/viaggio-oliveti-frantoi-foggia\/#primaryimage\"},\"thumbnailUrl\":\"\",\"datePublished\":\"2023-10-30T14:23:10+00:00\",\"dateModified\":\"2024-10-07T16:33:41+00:00\",\"author\":{\"@id\":\"https:\/\/www.gamberetta.it\/it\/#\/schema\/person\/7a4a919927c944edb5f3f9c665590124\"},\"breadcrumb\":{\"@id\":\"https:\/\/www.gamberetta.it\/it\/2023\/10\/30\/viaggio-oliveti-frantoi-foggia\/#breadcrumb\"},\"inLanguage\":\"it-IT\",\"potentialAction\":[{\"@type\":\"ReadAction\",\"target\":[\"https:\/\/www.gamberetta.it\/it\/2023\/10\/30\/viaggio-oliveti-frantoi-foggia\/\"]}]},{\"@type\":\"ImageObject\",\"inLanguage\":\"it-IT\",\"@id\":\"https:\/\/www.gamberetta.it\/it\/2023\/10\/30\/viaggio-oliveti-frantoi-foggia\/#primaryimage\",\"url\":\"\",\"contentUrl\":\"\"},{\"@type\":\"BreadcrumbList\",\"@id\":\"https:\/\/www.gamberetta.it\/it\/2023\/10\/30\/viaggio-oliveti-frantoi-foggia\/#breadcrumb\",\"itemListElement\":[{\"@type\":\"ListItem\",\"position\":1,\"name\":\"Home\",\"item\":\"https:\/\/www.gamberetta.it\/it\/\"},{\"@type\":\"ListItem\",\"position\":2,\"name\":\"IN VIAGGIO FRA GLI OLIVETI E I FRANTOI DELLA PROVINCIA DI FOGGIA\"}]},{\"@type\":\"WebSite\",\"@id\":\"https:\/\/www.gamberetta.it\/it\/#website\",\"url\":\"https:\/\/www.gamberetta.it\/it\/\",\"name\":\"Gamberetta\",\"description\":\"Il mio blog senza fronzoli: pensieri e parole, sempre e ovunque in viaggio\",\"potentialAction\":[{\"@type\":\"SearchAction\",\"target\":{\"@type\":\"EntryPoint\",\"urlTemplate\":\"https:\/\/www.gamberetta.it\/it\/?s={search_term_string}\"},\"query-input\":{\"@type\":\"PropertyValueSpecification\",\"valueRequired\":true,\"valueName\":\"search_term_string\"}}],\"inLanguage\":\"it-IT\"},{\"@type\":\"Person\",\"@id\":\"https:\/\/www.gamberetta.it\/it\/#\/schema\/person\/7a4a919927c944edb5f3f9c665590124\",\"name\":\"gamberetta\",\"image\":{\"@type\":\"ImageObject\",\"inLanguage\":\"it-IT\",\"@id\":\"https:\/\/www.gamberetta.it\/it\/#\/schema\/person\/image\/\",\"url\":\"https:\/\/secure.gravatar.com\/avatar\/7ef5d82656b8958070b4f589b7ae1784?s=96&d=mm&r=g\",\"contentUrl\":\"https:\/\/secure.gravatar.com\/avatar\/7ef5d82656b8958070b4f589b7ae1784?s=96&d=mm&r=g\",\"caption\":\"gamberetta\"},\"description\":\"Sono Toro ascendente Scorpione, terra di contrasti dove ora prevale una met\u00e0, ora l\u2019altra. L\u2019infanzia in Veneto e gli ultimi anni passati a Milano hanno sviluppato in me una serie ulteriore di conflitti. Scrivo da sempre, la scrittura \u00e8 la migliore forma espressiva che mi consente di fissare concetti altrimenti sospesi nell\u2019aria. Da bambina scrivevo poesie con uno stile quasi leopardiano poi sono passata ai diari di viaggio dalla prima volta in USA nel 1998 e non ho pi\u00f9 smesso...\",\"url\":\"https:\/\/www.gamberetta.it\/it\/author\/gamberettarossa\/\"}]}<\/script>\n<!-- \/ Yoast SEO plugin. -->","yoast_head_json":{"title":"IN VIAGGIO FRA GLI OLIVETI E I FRANTOI DELLA PROVINCIA DI FOGGIA - Gamberetta","robots":{"index":"index","follow":"follow","max-snippet":"max-snippet:-1","max-image-preview":"max-image-preview:large","max-video-preview":"max-video-preview:-1"},"canonical":"https:\/\/www.gamberetta.it\/it\/2023\/10\/30\/viaggio-oliveti-frantoi-foggia\/","og_locale":"it_IT","og_type":"article","og_title":"IN VIAGGIO FRA GLI OLIVETI E I FRANTOI DELLA PROVINCIA DI FOGGIA - Gamberetta","og_description":"Dopo la vendemmia ora in Puglia \u00e8 tempo di raccogliere le olive. A met\u00e0 ottobre ho trascorso tre giorni a Foggia e provincia, ospite di APO Foggia e di quattro imprese della filiera olivicola. Ho passeggiato tra olivi carichi di frutti, le drupe ora piccole ora grandi, verdi o pi\u00f9 scure secondo la cultivar e &hellip; Leggi tutto","og_url":"https:\/\/www.gamberetta.it\/it\/2023\/10\/30\/viaggio-oliveti-frantoi-foggia\/","og_site_name":"Gamberetta","article_publisher":"https:\/\/www.facebook.com\/Gamberettatravelblog","article_published_time":"2023-10-30T14:23:10+00:00","article_modified_time":"2024-10-07T16:33:41+00:00","author":"gamberetta","twitter_card":"summary_large_image","twitter_creator":"@robertazennaro","twitter_site":"@robertazennaro","twitter_misc":{"Scritto da":"gamberetta","Tempo di lettura stimato":"12 minuti"},"schema":{"@context":"https:\/\/schema.org","@graph":[{"@type":"WebPage","@id":"https:\/\/www.gamberetta.it\/it\/2023\/10\/30\/viaggio-oliveti-frantoi-foggia\/","url":"https:\/\/www.gamberetta.it\/it\/2023\/10\/30\/viaggio-oliveti-frantoi-foggia\/","name":"IN VIAGGIO FRA GLI OLIVETI E I FRANTOI DELLA PROVINCIA DI FOGGIA - Gamberetta","isPartOf":{"@id":"https:\/\/www.gamberetta.it\/it\/#website"},"primaryImageOfPage":{"@id":"https:\/\/www.gamberetta.it\/it\/2023\/10\/30\/viaggio-oliveti-frantoi-foggia\/#primaryimage"},"image":{"@id":"https:\/\/www.gamberetta.it\/it\/2023\/10\/30\/viaggio-oliveti-frantoi-foggia\/#primaryimage"},"thumbnailUrl":"","datePublished":"2023-10-30T14:23:10+00:00","dateModified":"2024-10-07T16:33:41+00:00","author":{"@id":"https:\/\/www.gamberetta.it\/it\/#\/schema\/person\/7a4a919927c944edb5f3f9c665590124"},"breadcrumb":{"@id":"https:\/\/www.gamberetta.it\/it\/2023\/10\/30\/viaggio-oliveti-frantoi-foggia\/#breadcrumb"},"inLanguage":"it-IT","potentialAction":[{"@type":"ReadAction","target":["https:\/\/www.gamberetta.it\/it\/2023\/10\/30\/viaggio-oliveti-frantoi-foggia\/"]}]},{"@type":"ImageObject","inLanguage":"it-IT","@id":"https:\/\/www.gamberetta.it\/it\/2023\/10\/30\/viaggio-oliveti-frantoi-foggia\/#primaryimage","url":"","contentUrl":""},{"@type":"BreadcrumbList","@id":"https:\/\/www.gamberetta.it\/it\/2023\/10\/30\/viaggio-oliveti-frantoi-foggia\/#breadcrumb","itemListElement":[{"@type":"ListItem","position":1,"name":"Home","item":"https:\/\/www.gamberetta.it\/it\/"},{"@type":"ListItem","position":2,"name":"IN VIAGGIO FRA GLI OLIVETI E I FRANTOI DELLA PROVINCIA DI FOGGIA"}]},{"@type":"WebSite","@id":"https:\/\/www.gamberetta.it\/it\/#website","url":"https:\/\/www.gamberetta.it\/it\/","name":"Gamberetta","description":"Il mio blog senza fronzoli: pensieri e parole, sempre e ovunque in viaggio","potentialAction":[{"@type":"SearchAction","target":{"@type":"EntryPoint","urlTemplate":"https:\/\/www.gamberetta.it\/it\/?s={search_term_string}"},"query-input":{"@type":"PropertyValueSpecification","valueRequired":true,"valueName":"search_term_string"}}],"inLanguage":"it-IT"},{"@type":"Person","@id":"https:\/\/www.gamberetta.it\/it\/#\/schema\/person\/7a4a919927c944edb5f3f9c665590124","name":"gamberetta","image":{"@type":"ImageObject","inLanguage":"it-IT","@id":"https:\/\/www.gamberetta.it\/it\/#\/schema\/person\/image\/","url":"https:\/\/secure.gravatar.com\/avatar\/7ef5d82656b8958070b4f589b7ae1784?s=96&d=mm&r=g","contentUrl":"https:\/\/secure.gravatar.com\/avatar\/7ef5d82656b8958070b4f589b7ae1784?s=96&d=mm&r=g","caption":"gamberetta"},"description":"Sono Toro ascendente Scorpione, terra di contrasti dove ora prevale una met\u00e0, ora l\u2019altra. L\u2019infanzia in Veneto e gli ultimi anni passati a Milano hanno sviluppato in me una serie ulteriore di conflitti. Scrivo da sempre, la scrittura \u00e8 la migliore forma espressiva che mi consente di fissare concetti altrimenti sospesi nell\u2019aria. Da bambina scrivevo poesie con uno stile quasi leopardiano poi sono passata ai diari di viaggio dalla prima volta in USA nel 1998 e non ho pi\u00f9 smesso...","url":"https:\/\/www.gamberetta.it\/it\/author\/gamberettarossa\/"}]}},"_links":{"self":[{"href":"https:\/\/www.gamberetta.it\/it\/wp-json\/wp\/v2\/posts\/21385"}],"collection":[{"href":"https:\/\/www.gamberetta.it\/it\/wp-json\/wp\/v2\/posts"}],"about":[{"href":"https:\/\/www.gamberetta.it\/it\/wp-json\/wp\/v2\/types\/post"}],"author":[{"embeddable":true,"href":"https:\/\/www.gamberetta.it\/it\/wp-json\/wp\/v2\/users\/2"}],"replies":[{"embeddable":true,"href":"https:\/\/www.gamberetta.it\/it\/wp-json\/wp\/v2\/comments?post=21385"}],"version-history":[{"count":10,"href":"https:\/\/www.gamberetta.it\/it\/wp-json\/wp\/v2\/posts\/21385\/revisions"}],"predecessor-version":[{"id":21423,"href":"https:\/\/www.gamberetta.it\/it\/wp-json\/wp\/v2\/posts\/21385\/revisions\/21423"}],"wp:featuredmedia":[{"embeddable":true,"href":"https:\/\/www.gamberetta.it\/it\/wp-json\/wp\/v2\/media\/21420"}],"wp:attachment":[{"href":"https:\/\/www.gamberetta.it\/it\/wp-json\/wp\/v2\/media?parent=21385"}],"wp:term":[{"taxonomy":"category","embeddable":true,"href":"https:\/\/www.gamberetta.it\/it\/wp-json\/wp\/v2\/categories?post=21385"},{"taxonomy":"post_tag","embeddable":true,"href":"https:\/\/www.gamberetta.it\/it\/wp-json\/wp\/v2\/tags?post=21385"}],"curies":[{"name":"wp","href":"https:\/\/api.w.org\/{rel}","templated":true}]}}