{"id":38724,"date":"2025-01-07T10:18:00","date_gmt":"2025-01-07T09:18:00","guid":{"rendered":"https:\/\/www.gamberetta.it\/?p=38724"},"modified":"2025-08-02T17:31:20","modified_gmt":"2025-08-02T15:31:20","slug":"peru-libri-da-leggere","status":"publish","type":"post","link":"https:\/\/www.gamberetta.it\/it\/2025\/01\/07\/peru-libri-da-leggere\/","title":{"rendered":"PER\u00da LIBRI DA LEGGERE"},"content":{"rendered":"\n<p>Di ritorno dal Per\u00f9 ho sentito come sempre il bisogno di leggere un libro sul paese visitato. <strong>Mario <\/strong><strong>Vargas Llosa <\/strong>\u00e8 stato il primo autore \u201cselezionato\u201d e qui lo nominer\u00f2 pi\u00f9 volte, ma ce ne sono e ce ne saranno altri. Con i libri ho continuato a sognare, a desiderare il mio ritorno e un nuovo viaggio. Grazie alla lettura sono tornata in tre parti diverse del Per\u00f9, in luoghi visitati e non, tanti posti collocati in diverse regioni.<\/p>\n\n\n\n<p>Ho rivisto le strade di <strong>Lima<\/strong> dove andavo per lavoro negli anni Novanta, quando il mondo era diverso e pure io. Sono tornata nella valle sacra fra <strong>Cuzco e Machu Picchu <\/strong>per poi andare oltre le Ande. Ho superato le montagne e mi sono immersa nella foresta amazzonica verso il nord del Per\u00f9, in attesa di prendere una barca per arrivare a <strong>Iquitos<\/strong> nel prossimo viaggio.<\/p>\n\n\n\n<p>Ho persino abbracciato la spiritualit\u00e0 che non sarebbe oggetto delle mie ricerche letterarie, ci sono incappata per caso e mi ha preso cos\u00ec tanto che ora desidero approfondire. Ho iniziato con tre libri e ce ne sono tanti altri da leggere ovviamente, a met\u00e0 fra i romanzi e i saggi, libri di autori peruviani e non solo.<\/p>\n\n\n\n<h2 class=\"wp-block-heading\">Lascio qui un breve elenco di titoli<\/h2>\n\n\n<div class=\"wp-block-image\">\n<figure class=\"aligncenter size-full\"><img loading=\"lazy\" decoding=\"async\" width=\"766\" height=\"1024\" src=\"https:\/\/www.gamberetta.it\/wp-content\/uploads\/2025\/01\/IMG_20231118_120941.jpg\" alt=\"\" class=\"wp-image-38730\" srcset=\"https:\/\/www.gamberetta.it\/wp-content\/uploads\/2025\/01\/IMG_20231118_120941.jpg 766w, https:\/\/www.gamberetta.it\/wp-content\/uploads\/2025\/01\/IMG_20231118_120941-224x300.jpg 224w\" sizes=\"(max-width: 766px) 100vw, 766px\" \/><figcaption class=\"wp-element-caption\">Libri_biblioteca<\/figcaption><\/figure><\/div>\n\n\n<p>La parte del leone spetta a Mario Vargas Llosa che ho trovato anche in biblioteca:<\/p>\n\n\n\n<ul class=\"wp-block-list\">\n<li>Il paradiso \u00e8 altrove<\/li>\n\n\n\n<li>Avventure della ragazza cattiva<\/li>\n\n\n\n<li>I quaderni di Don Rigoberto<\/li>\n<\/ul>\n\n\n\n<p>E poi ci sono amici preziosi che me li hanno addirittura consigliati in lingua originale:<\/p>\n\n\n\n<ul class=\"wp-block-list\">\n<li>La fiesta del chivo di Mario Vargas Llosa<\/li>\n\n\n\n<li>Tiempos recios di Mario Vargas Llosa<\/li>\n\n\n\n<li>Huella de tigre di Maica Guerrero<\/li>\n\n\n\n<li>Niente da fare monsieur Baruch di Julio R Ribeiro<\/li>\n<\/ul>\n\n\n\n<p>Sarebbe bellissimo leggere in spagnolo e so che ce la posso fare.<\/p>\n\n\n\n<h3 class=\"wp-block-heading\">Mi sono pure imbattuta in una trilogia<\/h3>\n\n\n\n<p>Pubblicata da Mondadori ora mi attende, presa al volo a uno scambio libri, parla sempre di spiritualit\u00e0:<\/p>\n\n\n\n<ul class=\"wp-block-list\">\n<li>L&#8217;ombra del puma<\/li>\n\n\n\n<li>La scelta di Anamaya<\/li>\n\n\n\n<li>La fiamma di Machu Picchu.<\/li>\n<\/ul>\n\n\n\n<p>Buona lettura amici, e grazie per i consigli che vorrete darmi anche voi sui libri ambientati in Per\u00f9!<\/p>\n\n\n\n<h2 class=\"wp-block-heading\">La casa verde di Mario Vargas Llosa<\/h2>\n\n\n<div class=\"wp-block-image\">\n<figure class=\"aligncenter size-full\"><img loading=\"lazy\" decoding=\"async\" width=\"766\" height=\"1024\" src=\"https:\/\/www.gamberetta.it\/wp-content\/uploads\/2025\/01\/IMG_20240222_152141.jpg\" alt=\"\" class=\"wp-image-38732\" srcset=\"https:\/\/www.gamberetta.it\/wp-content\/uploads\/2025\/01\/IMG_20240222_152141.jpg 766w, https:\/\/www.gamberetta.it\/wp-content\/uploads\/2025\/01\/IMG_20240222_152141-224x300.jpg 224w\" sizes=\"(max-width: 766px) 100vw, 766px\" \/><figcaption class=\"wp-element-caption\">La_casa_verde<\/figcaption><\/figure><\/div>\n\n\n<p>Posso recensire un libro che non mi \u00e8 piaciuto? <strong>La casa verde<\/strong> \u00e8 il secondo romanzo scritto da Mario Vargas Llosa uscito nel lontano 1966. L&#8217;ho cercato e scelto in biblioteca e, nonostante le mie aspettative elevate, non mi ha detto nulla. Cercavo le sensazioni della foresta amazzonica e le strade peruviane, quelle del nord del paese a Piura che ancora non ho percorso. Ma il premio Nobel mi ha lasciato un affresco confuso di luoghi e persone, raccontati su diversi piani temporali tanto da fare una gran fatica a seguirlo. Vi ho cercato anche la Pachamama senza successo. Peccato perch\u00e9 gi\u00e0 il titolo La casa verde (fra l&#8217;altro uguale in spagnolo e italiano) mi ha messo curiosit\u00e0 per i suoi tanti significati. Einaudi lo ha fatto uscire nel 1970 e forse, come dice una delle poche recensioni trovate online, lo ha tradotto male.<\/p>\n\n\n\n<h3 class=\"wp-block-heading\">La mia immagine del luogo<\/h3>\n\n\n\n<p><\/p>\n\n\n\n<p>Pi\u00f9 che una immagine legata a questo libro, non essendo stata nei luoghi descritti ho potuto sognare a lungo. Durante la lettura de La casa verde ho sentito l&#8217;odore della foresta entrarmi di nuovo nelle narici. Quell&#8217;aroma umido di terra e foglie quando lo senti la prima volta ti resta dentro per sempre, \u00e8 bello e brutto, come una costante anche se noi ci passiamo dentro per poco, \u00e8 difficile da immaginare. Leggendo la casa verde mi sono sentita come in una serra, greenhouse in inglese, che potrebbe essere la traduzione del titolo.<\/p>\n\n\n\n<h2 class=\"wp-block-heading\">Il ritorno dell&#8217;inka di Elizabeth B Jenkins<\/h2>\n\n\n<div class=\"wp-block-image\">\n<figure class=\"aligncenter size-full\"><img loading=\"lazy\" decoding=\"async\" width=\"766\" height=\"1024\" src=\"https:\/\/www.gamberetta.it\/wp-content\/uploads\/2025\/01\/IMG_20240131_084323.jpg\" alt=\"\" class=\"wp-image-38734\" srcset=\"https:\/\/www.gamberetta.it\/wp-content\/uploads\/2025\/01\/IMG_20240131_084323.jpg 766w, https:\/\/www.gamberetta.it\/wp-content\/uploads\/2025\/01\/IMG_20240131_084323-224x300.jpg 224w\" sizes=\"(max-width: 766px) 100vw, 766px\" \/><figcaption class=\"wp-element-caption\">Il_ritorno_dellinka<\/figcaption><\/figure><\/div>\n\n\n<p>A prima vista non era proprio il mio genere di libro ma, conquistata dalla copertina, ho messo da parte i pregiudizi e mi sono tuffata nella lettura. Ho riconosciuto i luoghi visitati del Per\u00f9 (alcuni non tutti) e ho sognato i luoghi a me sconosciuti. Assieme alla spiritualit\u00e0 il libro tratta il viaggio, anzi i viaggi dell&#8217;autrice, su e gi\u00f9 dagli USA al Per\u00f9 alla ricerca dei riti degli Incas. Grazie all&#8217;amicizia con le persone che a tali riti si dedicano, tocca e prova pratiche non spiegabili razionalmente. Crederci? Non crederci? Vorrei essere razionale ma non ci riesco e dopo aver letto <strong>Il ritorno dell&#8217;inka<\/strong> sono attratta sempre pi\u00f9 da quello che gli spiriti possono dirci, se li avviciniamo con mente e corpo aperti. Condizione necessaria ma non sufficiente \u00e8 crederci. Noi a loro e loro a noi.<\/p>\n\n\n\n<h3 class=\"wp-block-heading\">La mia immagine del luogo<\/h3>\n\n\n\n<p><\/p>\n\n\n\n<p>L&#8217;ho scritto qui sopra, ci sono luoghi visti e luoghi sognati nel libro che mi ha riportato in Per\u00f9 con una potenza, e a tratti una forza e violenza incredibili. Queste forze avrebbero persino potuto farmi male, invece mi hanno fatto bene, mi hanno messo in pace, con un potere taumaturgico riscontrato poche volte prima d&#8217;ora.<\/p>\n\n\n\n<h2 class=\"wp-block-heading\">La zia Julia e lo scribacchino di Mario Vargas Llosa<\/h2>\n\n\n<div class=\"wp-block-image\">\n<figure class=\"aligncenter size-full\"><img loading=\"lazy\" decoding=\"async\" width=\"766\" height=\"1024\" src=\"https:\/\/www.gamberetta.it\/wp-content\/uploads\/2025\/01\/IMG_20231216_161912.jpg\" alt=\"\" class=\"wp-image-38736\" srcset=\"https:\/\/www.gamberetta.it\/wp-content\/uploads\/2025\/01\/IMG_20231216_161912.jpg 766w, https:\/\/www.gamberetta.it\/wp-content\/uploads\/2025\/01\/IMG_20231216_161912-224x300.jpg 224w\" sizes=\"(max-width: 766px) 100vw, 766px\" \/><figcaption class=\"wp-element-caption\">La_zia_Julia_e_lo_scribacchino<\/figcaption><\/figure><\/div>\n\n\n<p>Di ritorno dal Per\u00f9 ho sentito come sempre il bisogno di leggere un libro sul paese visitato. Se la scelta dell&#8217;autore \u00e8 stata facile meno facile \u00e8 stata la scelta del titolo. La biblioteca mi ha aiutato e cos\u00ec mi sono trovata fra le mani questo romanzo del 1977. Forse \u00e8 un titolo minore rispetto alla cospicua produzione dello scrittore peruviano, premio Nobel per la letteratura. Ma che bel libro! Lo avete letto? Di Vargas Llosa mi consigliate altri titoli? Innanzi tutto <strong>La zia Julia e lo scribacchino <\/strong>\u00e8 una storia d&#8217;amore ambientata a Lima con frequenti incursioni alle regioni e stati limitrofi, Bolivia per prima, i luoghi da dove vengono i protagonisti. Il giovane aspirante scrittore si innamora della zia pi\u00f9 grande, divorziata, e fa di tutto per averla nonostante le famiglie e il destino si oppongano alla loro relazione, impossibile per i canoni dell&#8217;epoca. Attorno ai due ruotano le storie dei colleghi, dei familiari, dei peruviani. Sono storie ora felici, ora tragiche. Molti capitoli finiscono in sospeso, si potrebbero vedere a teatro. Sullo sfondo ci sono i cambiamenti sociali dell&#8217;America Latina positivi e non. Lima \u00e8 pure lei sullo sfondo, la capitale peruviana mostra i suoi abitanti di ogni classe sociale, i quartieri di lusso e i sobborghi mal frequentati. Ci sar\u00e0 un lieto fine?<\/p>\n\n\n\n<h3 class=\"wp-block-heading\">La mia immagine del luogo<\/h3>\n\n\n\n<p><\/p>\n\n\n\n<p>A Lima sono stata per lavoro alcune volte negli anni Novanta quando vendevo le macchine per fare il pane, lo scrivo sempre abbiate pazienza, ma tengo molto a questo periodo glorioso della mia vita professionale. Di Lima conservo un ricordo ampio come la capitale stessa. Ho visto la citt\u00e0 come Vargas Llosa l&#8217;ha raccontata in questo libro, una megalopoli tentacolare, protesa verso il mare (Oceano pacifico) e attaccata alla Pachamama (la madre terra) con la sua estensione immensa. Ho visto la nebbiolina (garua) che appiattisce i colori avvolgendo tutto e tutti nell&#8217;umidit\u00e0 perenne. Ho incontrato persone di ogni classe sociale e si sa, ogni capitale rappresenta un microcosmo sociale, e le disparit\u00e0 sociali in America Latina sono ancora pi\u00f9 palpabili. Ho visto infine la storia travagliata, dall&#8217;arrivo dei conquistadores spagnoli in poi, e negli anni Novanta c&#8217;era Fujimori al potere e Sendero Luminoso che portava avanti una lotta forse giusta, ma con metodi di sicuro sbagliati. La zia Julia e lo scribacchino infine mi ha riportata ad Arequipa, citt\u00e0 natale dell&#8217;autore premio Nobel che porta il suo nome in alto con il giusto orgoglio. La casa museo dedicata a Mario Vargas Llosa ospita cimeli, libri, premi.<\/p>\n\n\n\n<h2 class=\"wp-block-heading\">Aggiornamento aprile 2025<\/h2>\n\n\n\n<p>Domenica 13 aprile ci ha lasciato Mario Vargas Llosa, si \u00e8 spento a Lima a 89 anni appena compiuti. Dopo questa triste notizia vi lascio alla lettura di Melania Mazzucco che, sulle pagine di Repubblica, lo ha ricordato cos\u00ec. E sintetizza bene la vita e le opere di Vargas Llosa scrittore e politico peruviano&nbsp;&nbsp; https:\/\/www.repubblica.it\/cultura\/2025\/04\/14\/news\/mario_vargas_llosa_e_morto_addio_allo_scrittore_dell_individuo_e_del_potere-424126337\/<\/p>\n\n\n\n<p><em>Questo elenco non \u00e8 esaustivo e verr\u00e0 man mano aggiornato con nuovi consigli di lettura<\/em><\/p>\n","protected":false},"excerpt":{"rendered":"<p>Di ritorno dal Per\u00f9 ho sentito come sempre il bisogno di leggere un libro sul paese visitato. Mario Vargas Llosa \u00e8 stato il primo autore \u201cselezionato\u201d e qui lo nominer\u00f2 pi\u00f9 volte, ma ce ne sono e ce ne saranno altri. Con i libri ho continuato a sognare, a desiderare il mio ritorno e un &hellip; <a class=\"more-link\" href=\"https:\/\/www.gamberetta.it\/it\/2025\/01\/07\/peru-libri-da-leggere\/\">Leggi tutto<i class=\"ion-ios-arrow-thin-right\"><\/i><\/a><\/p>\n","protected":false},"author":2,"featured_media":38731,"comment_status":"open","ping_status":"closed","sticky":false,"template":"","format":"standard","meta":{"footnotes":""},"categories":[3285,33,147],"tags":[3626,3627,3625,3624,3623],"class_list":["post-38724","post","type-post","status-publish","format-standard","has-post-thumbnail","hentry","category-libri-da-leggere","category-travelling","category-viaggi-america","tag-il-ritorno-dellinka-di-elizabeth-b-jenkins","tag-la-casa-verde-di-mario-vargas-llosa","tag-la-zia-julia-e-lo-scribacchino-di-mario-vargas-llosa","tag-libri-sul-peru","tag-peru-libri-da-leggere"],"yoast_head":"<!-- This site is optimized with the Yoast SEO plugin v23.5 - https:\/\/yoast.com\/wordpress\/plugins\/seo\/ -->\n<title>PER\u00da LIBRI DA LEGGERE - Gamberetta<\/title>\n<meta name=\"robots\" content=\"index, follow, max-snippet:-1, max-image-preview:large, max-video-preview:-1\" \/>\n<link rel=\"canonical\" href=\"https:\/\/www.gamberetta.it\/it\/2025\/01\/07\/peru-libri-da-leggere\/\" \/>\n<meta property=\"og:locale\" content=\"it_IT\" \/>\n<meta property=\"og:type\" content=\"article\" \/>\n<meta property=\"og:title\" content=\"PER\u00da LIBRI DA LEGGERE - Gamberetta\" \/>\n<meta property=\"og:description\" content=\"Di ritorno dal Per\u00f9 ho sentito come sempre il bisogno di leggere un libro sul paese visitato. Mario Vargas Llosa \u00e8 stato il primo autore \u201cselezionato\u201d e qui lo nominer\u00f2 pi\u00f9 volte, ma ce ne sono e ce ne saranno altri. Con i libri ho continuato a sognare, a desiderare il mio ritorno e un &hellip; Leggi tutto\" \/>\n<meta property=\"og:url\" content=\"https:\/\/www.gamberetta.it\/it\/2025\/01\/07\/peru-libri-da-leggere\/\" \/>\n<meta property=\"og:site_name\" content=\"Gamberetta\" \/>\n<meta property=\"article:publisher\" content=\"https:\/\/www.facebook.com\/Gamberettatravelblog\" \/>\n<meta property=\"article:published_time\" content=\"2025-01-07T09:18:00+00:00\" \/>\n<meta property=\"article:modified_time\" content=\"2025-08-02T15:31:20+00:00\" \/>\n<meta property=\"og:image\" content=\"https:\/\/www.gamberetta.it\/wp-content\/uploads\/2025\/01\/IMG_20231118_120941.jpg\" \/>\n\t<meta property=\"og:image:width\" content=\"766\" \/>\n\t<meta property=\"og:image:height\" content=\"1024\" \/>\n\t<meta property=\"og:image:type\" content=\"image\/jpeg\" \/>\n<meta name=\"author\" content=\"gamberetta\" \/>\n<meta name=\"twitter:card\" content=\"summary_large_image\" \/>\n<meta name=\"twitter:creator\" content=\"@robertazennaro\" \/>\n<meta name=\"twitter:site\" content=\"@robertazennaro\" \/>\n<meta name=\"twitter:label1\" content=\"Scritto da\" \/>\n\t<meta name=\"twitter:data1\" content=\"gamberetta\" \/>\n\t<meta name=\"twitter:label2\" content=\"Tempo di lettura stimato\" \/>\n\t<meta name=\"twitter:data2\" content=\"8 minuti\" \/>\n<script type=\"application\/ld+json\" class=\"yoast-schema-graph\">{\"@context\":\"https:\/\/schema.org\",\"@graph\":[{\"@type\":\"WebPage\",\"@id\":\"https:\/\/www.gamberetta.it\/it\/2025\/01\/07\/peru-libri-da-leggere\/\",\"url\":\"https:\/\/www.gamberetta.it\/it\/2025\/01\/07\/peru-libri-da-leggere\/\",\"name\":\"PER\u00da LIBRI DA LEGGERE - Gamberetta\",\"isPartOf\":{\"@id\":\"https:\/\/www.gamberetta.it\/it\/#website\"},\"primaryImageOfPage\":{\"@id\":\"https:\/\/www.gamberetta.it\/it\/2025\/01\/07\/peru-libri-da-leggere\/#primaryimage\"},\"image\":{\"@id\":\"https:\/\/www.gamberetta.it\/it\/2025\/01\/07\/peru-libri-da-leggere\/#primaryimage\"},\"thumbnailUrl\":\"https:\/\/www.gamberetta.it\/wp-content\/uploads\/2025\/01\/IMG_20231118_120941.jpg\",\"datePublished\":\"2025-01-07T09:18:00+00:00\",\"dateModified\":\"2025-08-02T15:31:20+00:00\",\"author\":{\"@id\":\"https:\/\/www.gamberetta.it\/it\/#\/schema\/person\/7a4a919927c944edb5f3f9c665590124\"},\"breadcrumb\":{\"@id\":\"https:\/\/www.gamberetta.it\/it\/2025\/01\/07\/peru-libri-da-leggere\/#breadcrumb\"},\"inLanguage\":\"it-IT\",\"potentialAction\":[{\"@type\":\"ReadAction\",\"target\":[\"https:\/\/www.gamberetta.it\/it\/2025\/01\/07\/peru-libri-da-leggere\/\"]}]},{\"@type\":\"ImageObject\",\"inLanguage\":\"it-IT\",\"@id\":\"https:\/\/www.gamberetta.it\/it\/2025\/01\/07\/peru-libri-da-leggere\/#primaryimage\",\"url\":\"https:\/\/www.gamberetta.it\/wp-content\/uploads\/2025\/01\/IMG_20231118_120941.jpg\",\"contentUrl\":\"https:\/\/www.gamberetta.it\/wp-content\/uploads\/2025\/01\/IMG_20231118_120941.jpg\",\"width\":766,\"height\":1024,\"caption\":\"libro\"},{\"@type\":\"BreadcrumbList\",\"@id\":\"https:\/\/www.gamberetta.it\/it\/2025\/01\/07\/peru-libri-da-leggere\/#breadcrumb\",\"itemListElement\":[{\"@type\":\"ListItem\",\"position\":1,\"name\":\"Home\",\"item\":\"https:\/\/www.gamberetta.it\/it\/\"},{\"@type\":\"ListItem\",\"position\":2,\"name\":\"PER\u00da LIBRI DA LEGGERE\"}]},{\"@type\":\"WebSite\",\"@id\":\"https:\/\/www.gamberetta.it\/it\/#website\",\"url\":\"https:\/\/www.gamberetta.it\/it\/\",\"name\":\"Gamberetta\",\"description\":\"Il mio blog senza fronzoli: pensieri e parole, sempre e ovunque in viaggio\",\"potentialAction\":[{\"@type\":\"SearchAction\",\"target\":{\"@type\":\"EntryPoint\",\"urlTemplate\":\"https:\/\/www.gamberetta.it\/it\/?s={search_term_string}\"},\"query-input\":{\"@type\":\"PropertyValueSpecification\",\"valueRequired\":true,\"valueName\":\"search_term_string\"}}],\"inLanguage\":\"it-IT\"},{\"@type\":\"Person\",\"@id\":\"https:\/\/www.gamberetta.it\/it\/#\/schema\/person\/7a4a919927c944edb5f3f9c665590124\",\"name\":\"gamberetta\",\"image\":{\"@type\":\"ImageObject\",\"inLanguage\":\"it-IT\",\"@id\":\"https:\/\/www.gamberetta.it\/it\/#\/schema\/person\/image\/\",\"url\":\"https:\/\/secure.gravatar.com\/avatar\/7ef5d82656b8958070b4f589b7ae1784?s=96&d=mm&r=g\",\"contentUrl\":\"https:\/\/secure.gravatar.com\/avatar\/7ef5d82656b8958070b4f589b7ae1784?s=96&d=mm&r=g\",\"caption\":\"gamberetta\"},\"description\":\"Sono Toro ascendente Scorpione, terra di contrasti dove ora prevale una met\u00e0, ora l\u2019altra. L\u2019infanzia in Veneto e gli ultimi anni passati a Milano hanno sviluppato in me una serie ulteriore di conflitti. Scrivo da sempre, la scrittura \u00e8 la migliore forma espressiva che mi consente di fissare concetti altrimenti sospesi nell\u2019aria. Da bambina scrivevo poesie con uno stile quasi leopardiano poi sono passata ai diari di viaggio dalla prima volta in USA nel 1998 e non ho pi\u00f9 smesso...\",\"url\":\"https:\/\/www.gamberetta.it\/it\/author\/gamberettarossa\/\"}]}<\/script>\n<!-- \/ Yoast SEO plugin. -->","yoast_head_json":{"title":"PER\u00da LIBRI DA LEGGERE - Gamberetta","robots":{"index":"index","follow":"follow","max-snippet":"max-snippet:-1","max-image-preview":"max-image-preview:large","max-video-preview":"max-video-preview:-1"},"canonical":"https:\/\/www.gamberetta.it\/it\/2025\/01\/07\/peru-libri-da-leggere\/","og_locale":"it_IT","og_type":"article","og_title":"PER\u00da LIBRI DA LEGGERE - Gamberetta","og_description":"Di ritorno dal Per\u00f9 ho sentito come sempre il bisogno di leggere un libro sul paese visitato. Mario Vargas Llosa \u00e8 stato il primo autore \u201cselezionato\u201d e qui lo nominer\u00f2 pi\u00f9 volte, ma ce ne sono e ce ne saranno altri. Con i libri ho continuato a sognare, a desiderare il mio ritorno e un &hellip; Leggi tutto","og_url":"https:\/\/www.gamberetta.it\/it\/2025\/01\/07\/peru-libri-da-leggere\/","og_site_name":"Gamberetta","article_publisher":"https:\/\/www.facebook.com\/Gamberettatravelblog","article_published_time":"2025-01-07T09:18:00+00:00","article_modified_time":"2025-08-02T15:31:20+00:00","og_image":[{"width":766,"height":1024,"url":"https:\/\/www.gamberetta.it\/wp-content\/uploads\/2025\/01\/IMG_20231118_120941.jpg","type":"image\/jpeg"}],"author":"gamberetta","twitter_card":"summary_large_image","twitter_creator":"@robertazennaro","twitter_site":"@robertazennaro","twitter_misc":{"Scritto da":"gamberetta","Tempo di lettura stimato":"8 minuti"},"schema":{"@context":"https:\/\/schema.org","@graph":[{"@type":"WebPage","@id":"https:\/\/www.gamberetta.it\/it\/2025\/01\/07\/peru-libri-da-leggere\/","url":"https:\/\/www.gamberetta.it\/it\/2025\/01\/07\/peru-libri-da-leggere\/","name":"PER\u00da LIBRI DA LEGGERE - Gamberetta","isPartOf":{"@id":"https:\/\/www.gamberetta.it\/it\/#website"},"primaryImageOfPage":{"@id":"https:\/\/www.gamberetta.it\/it\/2025\/01\/07\/peru-libri-da-leggere\/#primaryimage"},"image":{"@id":"https:\/\/www.gamberetta.it\/it\/2025\/01\/07\/peru-libri-da-leggere\/#primaryimage"},"thumbnailUrl":"https:\/\/www.gamberetta.it\/wp-content\/uploads\/2025\/01\/IMG_20231118_120941.jpg","datePublished":"2025-01-07T09:18:00+00:00","dateModified":"2025-08-02T15:31:20+00:00","author":{"@id":"https:\/\/www.gamberetta.it\/it\/#\/schema\/person\/7a4a919927c944edb5f3f9c665590124"},"breadcrumb":{"@id":"https:\/\/www.gamberetta.it\/it\/2025\/01\/07\/peru-libri-da-leggere\/#breadcrumb"},"inLanguage":"it-IT","potentialAction":[{"@type":"ReadAction","target":["https:\/\/www.gamberetta.it\/it\/2025\/01\/07\/peru-libri-da-leggere\/"]}]},{"@type":"ImageObject","inLanguage":"it-IT","@id":"https:\/\/www.gamberetta.it\/it\/2025\/01\/07\/peru-libri-da-leggere\/#primaryimage","url":"https:\/\/www.gamberetta.it\/wp-content\/uploads\/2025\/01\/IMG_20231118_120941.jpg","contentUrl":"https:\/\/www.gamberetta.it\/wp-content\/uploads\/2025\/01\/IMG_20231118_120941.jpg","width":766,"height":1024,"caption":"libro"},{"@type":"BreadcrumbList","@id":"https:\/\/www.gamberetta.it\/it\/2025\/01\/07\/peru-libri-da-leggere\/#breadcrumb","itemListElement":[{"@type":"ListItem","position":1,"name":"Home","item":"https:\/\/www.gamberetta.it\/it\/"},{"@type":"ListItem","position":2,"name":"PER\u00da LIBRI DA LEGGERE"}]},{"@type":"WebSite","@id":"https:\/\/www.gamberetta.it\/it\/#website","url":"https:\/\/www.gamberetta.it\/it\/","name":"Gamberetta","description":"Il mio blog senza fronzoli: pensieri e parole, sempre e ovunque in viaggio","potentialAction":[{"@type":"SearchAction","target":{"@type":"EntryPoint","urlTemplate":"https:\/\/www.gamberetta.it\/it\/?s={search_term_string}"},"query-input":{"@type":"PropertyValueSpecification","valueRequired":true,"valueName":"search_term_string"}}],"inLanguage":"it-IT"},{"@type":"Person","@id":"https:\/\/www.gamberetta.it\/it\/#\/schema\/person\/7a4a919927c944edb5f3f9c665590124","name":"gamberetta","image":{"@type":"ImageObject","inLanguage":"it-IT","@id":"https:\/\/www.gamberetta.it\/it\/#\/schema\/person\/image\/","url":"https:\/\/secure.gravatar.com\/avatar\/7ef5d82656b8958070b4f589b7ae1784?s=96&d=mm&r=g","contentUrl":"https:\/\/secure.gravatar.com\/avatar\/7ef5d82656b8958070b4f589b7ae1784?s=96&d=mm&r=g","caption":"gamberetta"},"description":"Sono Toro ascendente Scorpione, terra di contrasti dove ora prevale una met\u00e0, ora l\u2019altra. L\u2019infanzia in Veneto e gli ultimi anni passati a Milano hanno sviluppato in me una serie ulteriore di conflitti. Scrivo da sempre, la scrittura \u00e8 la migliore forma espressiva che mi consente di fissare concetti altrimenti sospesi nell\u2019aria. Da bambina scrivevo poesie con uno stile quasi leopardiano poi sono passata ai diari di viaggio dalla prima volta in USA nel 1998 e non ho pi\u00f9 smesso...","url":"https:\/\/www.gamberetta.it\/it\/author\/gamberettarossa\/"}]}},"_links":{"self":[{"href":"https:\/\/www.gamberetta.it\/it\/wp-json\/wp\/v2\/posts\/38724"}],"collection":[{"href":"https:\/\/www.gamberetta.it\/it\/wp-json\/wp\/v2\/posts"}],"about":[{"href":"https:\/\/www.gamberetta.it\/it\/wp-json\/wp\/v2\/types\/post"}],"author":[{"embeddable":true,"href":"https:\/\/www.gamberetta.it\/it\/wp-json\/wp\/v2\/users\/2"}],"replies":[{"embeddable":true,"href":"https:\/\/www.gamberetta.it\/it\/wp-json\/wp\/v2\/comments?post=38724"}],"version-history":[{"count":4,"href":"https:\/\/www.gamberetta.it\/it\/wp-json\/wp\/v2\/posts\/38724\/revisions"}],"predecessor-version":[{"id":39754,"href":"https:\/\/www.gamberetta.it\/it\/wp-json\/wp\/v2\/posts\/38724\/revisions\/39754"}],"wp:featuredmedia":[{"embeddable":true,"href":"https:\/\/www.gamberetta.it\/it\/wp-json\/wp\/v2\/media\/38731"}],"wp:attachment":[{"href":"https:\/\/www.gamberetta.it\/it\/wp-json\/wp\/v2\/media?parent=38724"}],"wp:term":[{"taxonomy":"category","embeddable":true,"href":"https:\/\/www.gamberetta.it\/it\/wp-json\/wp\/v2\/categories?post=38724"},{"taxonomy":"post_tag","embeddable":true,"href":"https:\/\/www.gamberetta.it\/it\/wp-json\/wp\/v2\/tags?post=38724"}],"curies":[{"name":"wp","href":"https:\/\/api.w.org\/{rel}","templated":true}]}}