{"id":40004,"date":"2025-10-16T22:20:51","date_gmt":"2025-10-16T20:20:51","guid":{"rendered":"https:\/\/www.gamberetta.it\/?p=40004"},"modified":"2025-10-17T19:17:03","modified_gmt":"2025-10-17T17:17:03","slug":"ceramiche-lucio-fontana-collezione-peggy-guggenheim","status":"publish","type":"post","link":"https:\/\/www.gamberetta.it\/it\/2025\/10\/16\/ceramiche-lucio-fontana-collezione-peggy-guggenheim\/","title":{"rendered":"Le ceramiche di Lucio Fontana in mostra alla collezione Peggy Guggenheim"},"content":{"rendered":"\n<figure class=\"wp-block-image size-full\"><img loading=\"lazy\" decoding=\"async\" width=\"1024\" height=\"766\" src=\"https:\/\/www.gamberetta.it\/wp-content\/uploads\/2025\/10\/IMG_20251010_115851.jpg\" alt=\"\" class=\"wp-image-40005\" srcset=\"https:\/\/www.gamberetta.it\/wp-content\/uploads\/2025\/10\/IMG_20251010_115851.jpg 1024w, https:\/\/www.gamberetta.it\/wp-content\/uploads\/2025\/10\/IMG_20251010_115851-300x224.jpg 300w, https:\/\/www.gamberetta.it\/wp-content\/uploads\/2025\/10\/IMG_20251010_115851-768x575.jpg 768w, https:\/\/www.gamberetta.it\/wp-content\/uploads\/2025\/10\/IMG_20251010_115851-330x248.jpg 330w\" sizes=\"(max-width: 1024px) 100vw, 1024px\" \/><\/figure>\n\n\n\n<p>Lucio Fontana \u00e8 stato uno dei maestri dello Spazialismo ed \u00e8 noto soprattutto per i tagli nelle tele, un suo tratto distintivo. Per questo \u00e8 riconosciuto e riconoscibile. C&#8217;\u00e8 anche un altro Lucio Fontana che, quando si unisce pi\u00f9 intimamente alle sue opere, ci lascia la sensazione di entrare nella materia e far parte di essa.<\/p>\n\n\n\n<p>Le ceramiche ne sono un esempio e proprio con la lavorazione della creta, materiale povero che d\u00e0 origine a infiniti oggetti in terracotta e ceramica. Alcuni di essi sono utili e di uso quotidiano, altri prettamente belli e decorativi. <strong>Lucio Fontana (1899 \u2013 1968) <\/strong>con la sua produzione di ceramiche rivela una parte di s\u00e9 meno nota e forse pi\u00f9 interessante. E conferma il suo ruolo di artista innovativo, anticonformista e sperimentatore, nel panorama dei movimenti che hanno caratterizzato l&#8217;arte del Ventesimo secolo.<\/p>\n\n\n\n<figure class=\"wp-block-gallery has-nested-images columns-default is-cropped wp-block-gallery-2 is-layout-flex wp-block-gallery-is-layout-flex\">\n<figure class=\"wp-block-image size-large\"><img loading=\"lazy\" decoding=\"async\" width=\"766\" height=\"1024\" data-id=\"40007\" src=\"https:\/\/www.gamberetta.it\/wp-content\/uploads\/2025\/10\/IMG_20251010_115726.jpg\" alt=\"\" class=\"wp-image-40007\" srcset=\"https:\/\/www.gamberetta.it\/wp-content\/uploads\/2025\/10\/IMG_20251010_115726.jpg 766w, https:\/\/www.gamberetta.it\/wp-content\/uploads\/2025\/10\/IMG_20251010_115726-224x300.jpg 224w\" sizes=\"(max-width: 766px) 100vw, 766px\" \/><\/figure>\n\n\n\n<figure class=\"wp-block-image size-large\"><img loading=\"lazy\" decoding=\"async\" width=\"766\" height=\"1024\" data-id=\"40009\" src=\"https:\/\/www.gamberetta.it\/wp-content\/uploads\/2025\/10\/IMG_20251010_120710.jpg\" alt=\"\" class=\"wp-image-40009\" srcset=\"https:\/\/www.gamberetta.it\/wp-content\/uploads\/2025\/10\/IMG_20251010_120710.jpg 766w, https:\/\/www.gamberetta.it\/wp-content\/uploads\/2025\/10\/IMG_20251010_120710-224x300.jpg 224w\" sizes=\"(max-width: 766px) 100vw, 766px\" \/><\/figure>\n<\/figure>\n\n\n\n<p>La collezione Peggy Guggenheim di Venezia ha nelle collezioni permanenti alcune opere di Fontana e, dalla scorsa settimana, espone anche 70 opere da collezioni pubbliche e private, italiane e straniere, in una mostra temporanea (la prima di questo genere) dal titolo significativo: <strong>Mani \u2013 fattura: le ceramiche di Lucio Fontana<\/strong>. Nelle mani c&#8217;\u00e8 l&#8217;essenza del suo lavoro, nei colori di alcune grandi sculture la luce vitale, nei Crocifissi l&#8217;aspirazione all&#8217;infinito, nei toni pastello di altre l&#8217;essenzialit\u00e0. Il percorso espositivo permette di seguire l&#8217;evoluzione dello stile di Fontana nell&#8217;arco della sua vita.<\/p>\n\n\n\n<p>Fontana \u00e8 nato in Argentina, ha avuto una vita intensa e ha attraversato pi\u00f9 volte l&#8217;Atlantico per venire in Italia e in Europa. Prima di tutto \u00e8 stato a combattere nella Grande Guerra, sul fronte italiano (era un Ragazzo del &#8217;99); della guerra ha visto gli orrori e le ingiustizie. Ha vissuto il Fascismo e a questo si \u00e8 dovuto in parte adeguare per lavorare, poi con la Seconda Guerra Mondiale \u00e8 tornato in America per sette anni, in Argentina suo paese natale, dove ha incontrato Teresita Rasini la donna della sua vita.<\/p>\n\n\n\n<figure class=\"wp-block-gallery has-nested-images columns-default is-cropped wp-block-gallery-3 is-layout-flex wp-block-gallery-is-layout-flex\">\n<figure class=\"wp-block-image size-large\"><img loading=\"lazy\" decoding=\"async\" width=\"766\" height=\"1024\" data-id=\"40011\" src=\"https:\/\/www.gamberetta.it\/wp-content\/uploads\/2025\/10\/IMG_20251010_115403.jpg\" alt=\"\" class=\"wp-image-40011\" srcset=\"https:\/\/www.gamberetta.it\/wp-content\/uploads\/2025\/10\/IMG_20251010_115403.jpg 766w, https:\/\/www.gamberetta.it\/wp-content\/uploads\/2025\/10\/IMG_20251010_115403-224x300.jpg 224w\" sizes=\"(max-width: 766px) 100vw, 766px\" \/><\/figure>\n\n\n\n<figure class=\"wp-block-image size-large\"><img loading=\"lazy\" decoding=\"async\" width=\"766\" height=\"1024\" data-id=\"40013\" src=\"https:\/\/www.gamberetta.it\/wp-content\/uploads\/2025\/10\/IMG_20251010_115450.jpg\" alt=\"\" class=\"wp-image-40013\" srcset=\"https:\/\/www.gamberetta.it\/wp-content\/uploads\/2025\/10\/IMG_20251010_115450.jpg 766w, https:\/\/www.gamberetta.it\/wp-content\/uploads\/2025\/10\/IMG_20251010_115450-224x300.jpg 224w\" sizes=\"(max-width: 766px) 100vw, 766px\" \/><\/figure>\n<\/figure>\n\n\n\n<p>Delle donne parlano alcune delle ceramiche presenti in mostra, fra cui proprio Teresita. Del dolore parlano altre opere in cui ha sublimato le esperienze negative in guerra. Donne e uomini, arlecchini e guerrieri, si trovano esposti nelle sale della collezione Guggenheim assieme a soggetti mitologici, animali e frutti, piatti e forme astratte. C&#8217;\u00e8 infine la gioia della rinascita postbellica nelle ultime ceramiche di Lucio Fontana, quando ha abbracciato il design e le tendenze della moda a Milano. La citt\u00e0 lo ha accolto in questo periodo e ha esaltato il suo estro creativo. A Milano Fontana ha lasciato sculture che ornano edifici civili e religiosi. Albisola in Liguria, oggi una delle pi\u00f9 note Citt\u00e0 della Ceramica, gli ha fornito materia prima e ispirazione per lavorare la terracotta. Completano la mostra fotografie d&#8217;archivio dove Fontana \u00e8 ritratto in abiti da lavoro.<\/p>\n\n\n\n<figure class=\"wp-block-gallery has-nested-images columns-default is-cropped wp-block-gallery-4 is-layout-flex wp-block-gallery-is-layout-flex\">\n<figure class=\"wp-block-image size-large\"><img loading=\"lazy\" decoding=\"async\" width=\"766\" height=\"1024\" data-id=\"40017\" src=\"https:\/\/www.gamberetta.it\/wp-content\/uploads\/2025\/10\/IMG_20251010_114755.jpg\" alt=\"\" class=\"wp-image-40017\" srcset=\"https:\/\/www.gamberetta.it\/wp-content\/uploads\/2025\/10\/IMG_20251010_114755.jpg 766w, https:\/\/www.gamberetta.it\/wp-content\/uploads\/2025\/10\/IMG_20251010_114755-224x300.jpg 224w\" sizes=\"(max-width: 766px) 100vw, 766px\" \/><\/figure>\n\n\n\n<figure class=\"wp-block-image size-large\"><img loading=\"lazy\" decoding=\"async\" width=\"766\" height=\"1024\" data-id=\"40015\" src=\"https:\/\/www.gamberetta.it\/wp-content\/uploads\/2025\/10\/IMG_20251010_115014.jpg\" alt=\"\" class=\"wp-image-40015\" srcset=\"https:\/\/www.gamberetta.it\/wp-content\/uploads\/2025\/10\/IMG_20251010_115014.jpg 766w, https:\/\/www.gamberetta.it\/wp-content\/uploads\/2025\/10\/IMG_20251010_115014-224x300.jpg 224w\" sizes=\"(max-width: 766px) 100vw, 766px\" \/><\/figure>\n<\/figure>\n\n\n\n<p><strong>Mani \u2013 fattura: le ceramiche di Lucio Fontana<\/strong> si pu\u00f2 visitare fino al 2 marzo 2026.<\/p>\n\n\n\n<h2 class=\"wp-block-heading\">Il racconto dell&#8217;esperienza sulla mia pagina Facebook Gamberetta Travelblog<\/h2>\n\n\n\n<figure class=\"wp-block-gallery has-nested-images columns-default is-cropped wp-block-gallery-5 is-layout-flex wp-block-gallery-is-layout-flex\">\n<figure class=\"wp-block-image size-large\"><img loading=\"lazy\" decoding=\"async\" width=\"766\" height=\"1024\" data-id=\"40023\" src=\"https:\/\/www.gamberetta.it\/wp-content\/uploads\/2025\/10\/IMG_20251010_105905.jpg\" alt=\"\" class=\"wp-image-40023\" srcset=\"https:\/\/www.gamberetta.it\/wp-content\/uploads\/2025\/10\/IMG_20251010_105905.jpg 766w, https:\/\/www.gamberetta.it\/wp-content\/uploads\/2025\/10\/IMG_20251010_105905-224x300.jpg 224w\" sizes=\"(max-width: 766px) 100vw, 766px\" \/><\/figure>\n\n\n\n<figure class=\"wp-block-image size-large\"><img loading=\"lazy\" decoding=\"async\" width=\"766\" height=\"1024\" data-id=\"40025\" src=\"https:\/\/www.gamberetta.it\/wp-content\/uploads\/2025\/10\/IMG_20251010_105945.jpg\" alt=\"\" class=\"wp-image-40025\" srcset=\"https:\/\/www.gamberetta.it\/wp-content\/uploads\/2025\/10\/IMG_20251010_105945.jpg 766w, https:\/\/www.gamberetta.it\/wp-content\/uploads\/2025\/10\/IMG_20251010_105945-224x300.jpg 224w\" sizes=\"(max-width: 766px) 100vw, 766px\" \/><\/figure>\n<\/figure>\n\n\n\n<p>Le ceramiche di Lucio Fontana. La nuova mostra alla collezione Guggenheim parla di Mani- fattura e racconta un lato inedito dell&#8217;artista. Lucio Fontana (1899-1968) \u00e8 nato a Rosario (Argentina) e morto a Comabbio in provincia di Varese. Ha attraversato le due guerre mondiali e vi ha preso parte attivamente, cercando poi di sublimare il suo dolore con l&#8217;arte. Se \u00e8 facile ricordarlo per i tagli sulle tele e come esponente di spicco dello spazialismo, Fontana si \u00e8 anche impegnato nel lavorare l&#8217;argilla con le mani (da cui il titolo della mostra) trasformando questo umile materiale in forme e colori sgargianti, in oggetti a volte utili e sempre belli. Le circa 70 opere presenti in mostra rivelano un uomo umile e sensibile, intimo e profondo, che ha amato le donne in generale e la sua donna, Teresita Rasini, in particolare. Le immagini sono della conferenza stampa una settimana fa, la mostra \u00e8 visitabile fino al 2 marzo 2026.<\/p>\n\n\n\n<p>Ti \u00e8 piaciuto questo post su Venezia e il Veneto? Allora leggi anche gli altri, li trovi qui:<\/p>\n\n\n\n<p><a href=\"http:\/\/www.gamberetta.it\/it\/myselfsudime\/bentornata-a-nordest\/\" target=\"_blank\" rel=\"noreferrer noopener\">http:\/\/www.gamberetta.it\/it\/myselfsudime\/bentornata-a-nordest\/<\/a><\/p>\n\n\n\n<p><\/p>\n","protected":false},"excerpt":{"rendered":"<p>Lucio Fontana \u00e8 stato uno dei maestri dello Spazialismo ed \u00e8 noto soprattutto per i tagli nelle tele, un suo tratto distintivo. Per questo \u00e8 riconosciuto e riconoscibile. C&#8217;\u00e8 anche un altro Lucio Fontana che, quando si unisce pi\u00f9 intimamente alle sue opere, ci lascia la sensazione di entrare nella materia e far parte di &hellip; <a class=\"more-link\" href=\"https:\/\/www.gamberetta.it\/it\/2025\/10\/16\/ceramiche-lucio-fontana-collezione-peggy-guggenheim\/\">Leggi tutto<i class=\"ion-ios-arrow-thin-right\"><\/i><\/a><\/p>\n","protected":false},"author":2,"featured_media":40006,"comment_status":"open","ping_status":"closed","sticky":false,"template":"","format":"standard","meta":{"footnotes":""},"categories":[3039,58],"tags":[2585,3689,2587],"class_list":["post-40004","post","type-post","status-publish","format-standard","has-post-thumbnail","hentry","category-musei-e-mostre","category-venezia","tag-collezione-peggy-guggenheim-venezia","tag-mani-fattura-le-ceramiche-di-lucio-fontana","tag-mostre-a-venezia"],"yoast_head":"<!-- This site is optimized with the Yoast SEO plugin v23.5 - https:\/\/yoast.com\/wordpress\/plugins\/seo\/ -->\n<title>Le ceramiche di Lucio Fontana in mostra alla collezione Peggy Guggenheim - Gamberetta<\/title>\n<meta name=\"robots\" content=\"index, follow, max-snippet:-1, max-image-preview:large, max-video-preview:-1\" \/>\n<link rel=\"canonical\" href=\"https:\/\/www.gamberetta.it\/it\/2025\/10\/16\/ceramiche-lucio-fontana-collezione-peggy-guggenheim\/\" \/>\n<meta property=\"og:locale\" content=\"it_IT\" \/>\n<meta property=\"og:type\" content=\"article\" \/>\n<meta property=\"og:title\" content=\"Le ceramiche di Lucio Fontana in mostra alla collezione Peggy Guggenheim - Gamberetta\" \/>\n<meta property=\"og:description\" content=\"Lucio Fontana \u00e8 stato uno dei maestri dello Spazialismo ed \u00e8 noto soprattutto per i tagli nelle tele, un suo tratto distintivo. Per questo \u00e8 riconosciuto e riconoscibile. C&#8217;\u00e8 anche un altro Lucio Fontana che, quando si unisce pi\u00f9 intimamente alle sue opere, ci lascia la sensazione di entrare nella materia e far parte di &hellip; Leggi tutto\" \/>\n<meta property=\"og:url\" content=\"https:\/\/www.gamberetta.it\/it\/2025\/10\/16\/ceramiche-lucio-fontana-collezione-peggy-guggenheim\/\" \/>\n<meta property=\"og:site_name\" content=\"Gamberetta\" \/>\n<meta property=\"article:publisher\" content=\"https:\/\/www.facebook.com\/Gamberettatravelblog\" \/>\n<meta property=\"article:published_time\" content=\"2025-10-16T20:20:51+00:00\" \/>\n<meta property=\"article:modified_time\" content=\"2025-10-17T17:17:03+00:00\" \/>\n<meta property=\"og:image\" content=\"https:\/\/www.gamberetta.it\/wp-content\/uploads\/2025\/10\/IMG_20251010_115851.jpg\" \/>\n\t<meta property=\"og:image:width\" content=\"1024\" \/>\n\t<meta property=\"og:image:height\" content=\"766\" \/>\n\t<meta property=\"og:image:type\" content=\"image\/jpeg\" \/>\n<meta name=\"author\" content=\"gamberetta\" \/>\n<meta name=\"twitter:card\" content=\"summary_large_image\" \/>\n<meta name=\"twitter:creator\" content=\"@robertazennaro\" \/>\n<meta name=\"twitter:site\" content=\"@robertazennaro\" \/>\n<meta name=\"twitter:label1\" content=\"Scritto da\" \/>\n\t<meta name=\"twitter:data1\" content=\"gamberetta\" \/>\n\t<meta name=\"twitter:label2\" content=\"Tempo di lettura stimato\" \/>\n\t<meta name=\"twitter:data2\" content=\"6 minuti\" \/>\n<script type=\"application\/ld+json\" class=\"yoast-schema-graph\">{\"@context\":\"https:\/\/schema.org\",\"@graph\":[{\"@type\":\"WebPage\",\"@id\":\"https:\/\/www.gamberetta.it\/it\/2025\/10\/16\/ceramiche-lucio-fontana-collezione-peggy-guggenheim\/\",\"url\":\"https:\/\/www.gamberetta.it\/it\/2025\/10\/16\/ceramiche-lucio-fontana-collezione-peggy-guggenheim\/\",\"name\":\"Le ceramiche di Lucio Fontana in mostra alla collezione Peggy Guggenheim - Gamberetta\",\"isPartOf\":{\"@id\":\"https:\/\/www.gamberetta.it\/it\/#website\"},\"primaryImageOfPage\":{\"@id\":\"https:\/\/www.gamberetta.it\/it\/2025\/10\/16\/ceramiche-lucio-fontana-collezione-peggy-guggenheim\/#primaryimage\"},\"image\":{\"@id\":\"https:\/\/www.gamberetta.it\/it\/2025\/10\/16\/ceramiche-lucio-fontana-collezione-peggy-guggenheim\/#primaryimage\"},\"thumbnailUrl\":\"https:\/\/www.gamberetta.it\/wp-content\/uploads\/2025\/10\/IMG_20251010_115851.jpg\",\"datePublished\":\"2025-10-16T20:20:51+00:00\",\"dateModified\":\"2025-10-17T17:17:03+00:00\",\"author\":{\"@id\":\"https:\/\/www.gamberetta.it\/it\/#\/schema\/person\/7a4a919927c944edb5f3f9c665590124\"},\"breadcrumb\":{\"@id\":\"https:\/\/www.gamberetta.it\/it\/2025\/10\/16\/ceramiche-lucio-fontana-collezione-peggy-guggenheim\/#breadcrumb\"},\"inLanguage\":\"it-IT\",\"potentialAction\":[{\"@type\":\"ReadAction\",\"target\":[\"https:\/\/www.gamberetta.it\/it\/2025\/10\/16\/ceramiche-lucio-fontana-collezione-peggy-guggenheim\/\"]}]},{\"@type\":\"ImageObject\",\"inLanguage\":\"it-IT\",\"@id\":\"https:\/\/www.gamberetta.it\/it\/2025\/10\/16\/ceramiche-lucio-fontana-collezione-peggy-guggenheim\/#primaryimage\",\"url\":\"https:\/\/www.gamberetta.it\/wp-content\/uploads\/2025\/10\/IMG_20251010_115851.jpg\",\"contentUrl\":\"https:\/\/www.gamberetta.it\/wp-content\/uploads\/2025\/10\/IMG_20251010_115851.jpg\",\"width\":1024,\"height\":766,\"caption\":\"collezione_peggy_guggenheim\"},{\"@type\":\"BreadcrumbList\",\"@id\":\"https:\/\/www.gamberetta.it\/it\/2025\/10\/16\/ceramiche-lucio-fontana-collezione-peggy-guggenheim\/#breadcrumb\",\"itemListElement\":[{\"@type\":\"ListItem\",\"position\":1,\"name\":\"Home\",\"item\":\"https:\/\/www.gamberetta.it\/it\/\"},{\"@type\":\"ListItem\",\"position\":2,\"name\":\"Le ceramiche di Lucio Fontana in mostra alla collezione Peggy Guggenheim\"}]},{\"@type\":\"WebSite\",\"@id\":\"https:\/\/www.gamberetta.it\/it\/#website\",\"url\":\"https:\/\/www.gamberetta.it\/it\/\",\"name\":\"Gamberetta\",\"description\":\"Il mio blog senza fronzoli: pensieri e parole, sempre e ovunque in viaggio\",\"potentialAction\":[{\"@type\":\"SearchAction\",\"target\":{\"@type\":\"EntryPoint\",\"urlTemplate\":\"https:\/\/www.gamberetta.it\/it\/?s={search_term_string}\"},\"query-input\":{\"@type\":\"PropertyValueSpecification\",\"valueRequired\":true,\"valueName\":\"search_term_string\"}}],\"inLanguage\":\"it-IT\"},{\"@type\":\"Person\",\"@id\":\"https:\/\/www.gamberetta.it\/it\/#\/schema\/person\/7a4a919927c944edb5f3f9c665590124\",\"name\":\"gamberetta\",\"image\":{\"@type\":\"ImageObject\",\"inLanguage\":\"it-IT\",\"@id\":\"https:\/\/www.gamberetta.it\/it\/#\/schema\/person\/image\/\",\"url\":\"https:\/\/secure.gravatar.com\/avatar\/7ef5d82656b8958070b4f589b7ae1784?s=96&d=mm&r=g\",\"contentUrl\":\"https:\/\/secure.gravatar.com\/avatar\/7ef5d82656b8958070b4f589b7ae1784?s=96&d=mm&r=g\",\"caption\":\"gamberetta\"},\"description\":\"Sono Toro ascendente Scorpione, terra di contrasti dove ora prevale una met\u00e0, ora l\u2019altra. L\u2019infanzia in Veneto e gli ultimi anni passati a Milano hanno sviluppato in me una serie ulteriore di conflitti. Scrivo da sempre, la scrittura \u00e8 la migliore forma espressiva che mi consente di fissare concetti altrimenti sospesi nell\u2019aria. Da bambina scrivevo poesie con uno stile quasi leopardiano poi sono passata ai diari di viaggio dalla prima volta in USA nel 1998 e non ho pi\u00f9 smesso...\",\"url\":\"https:\/\/www.gamberetta.it\/it\/author\/gamberettarossa\/\"}]}<\/script>\n<!-- \/ Yoast SEO plugin. -->","yoast_head_json":{"title":"Le ceramiche di Lucio Fontana in mostra alla collezione Peggy Guggenheim - Gamberetta","robots":{"index":"index","follow":"follow","max-snippet":"max-snippet:-1","max-image-preview":"max-image-preview:large","max-video-preview":"max-video-preview:-1"},"canonical":"https:\/\/www.gamberetta.it\/it\/2025\/10\/16\/ceramiche-lucio-fontana-collezione-peggy-guggenheim\/","og_locale":"it_IT","og_type":"article","og_title":"Le ceramiche di Lucio Fontana in mostra alla collezione Peggy Guggenheim - Gamberetta","og_description":"Lucio Fontana \u00e8 stato uno dei maestri dello Spazialismo ed \u00e8 noto soprattutto per i tagli nelle tele, un suo tratto distintivo. Per questo \u00e8 riconosciuto e riconoscibile. C&#8217;\u00e8 anche un altro Lucio Fontana che, quando si unisce pi\u00f9 intimamente alle sue opere, ci lascia la sensazione di entrare nella materia e far parte di &hellip; Leggi tutto","og_url":"https:\/\/www.gamberetta.it\/it\/2025\/10\/16\/ceramiche-lucio-fontana-collezione-peggy-guggenheim\/","og_site_name":"Gamberetta","article_publisher":"https:\/\/www.facebook.com\/Gamberettatravelblog","article_published_time":"2025-10-16T20:20:51+00:00","article_modified_time":"2025-10-17T17:17:03+00:00","og_image":[{"width":1024,"height":766,"url":"https:\/\/www.gamberetta.it\/wp-content\/uploads\/2025\/10\/IMG_20251010_115851.jpg","type":"image\/jpeg"}],"author":"gamberetta","twitter_card":"summary_large_image","twitter_creator":"@robertazennaro","twitter_site":"@robertazennaro","twitter_misc":{"Scritto da":"gamberetta","Tempo di lettura stimato":"6 minuti"},"schema":{"@context":"https:\/\/schema.org","@graph":[{"@type":"WebPage","@id":"https:\/\/www.gamberetta.it\/it\/2025\/10\/16\/ceramiche-lucio-fontana-collezione-peggy-guggenheim\/","url":"https:\/\/www.gamberetta.it\/it\/2025\/10\/16\/ceramiche-lucio-fontana-collezione-peggy-guggenheim\/","name":"Le ceramiche di Lucio Fontana in mostra alla collezione Peggy Guggenheim - Gamberetta","isPartOf":{"@id":"https:\/\/www.gamberetta.it\/it\/#website"},"primaryImageOfPage":{"@id":"https:\/\/www.gamberetta.it\/it\/2025\/10\/16\/ceramiche-lucio-fontana-collezione-peggy-guggenheim\/#primaryimage"},"image":{"@id":"https:\/\/www.gamberetta.it\/it\/2025\/10\/16\/ceramiche-lucio-fontana-collezione-peggy-guggenheim\/#primaryimage"},"thumbnailUrl":"https:\/\/www.gamberetta.it\/wp-content\/uploads\/2025\/10\/IMG_20251010_115851.jpg","datePublished":"2025-10-16T20:20:51+00:00","dateModified":"2025-10-17T17:17:03+00:00","author":{"@id":"https:\/\/www.gamberetta.it\/it\/#\/schema\/person\/7a4a919927c944edb5f3f9c665590124"},"breadcrumb":{"@id":"https:\/\/www.gamberetta.it\/it\/2025\/10\/16\/ceramiche-lucio-fontana-collezione-peggy-guggenheim\/#breadcrumb"},"inLanguage":"it-IT","potentialAction":[{"@type":"ReadAction","target":["https:\/\/www.gamberetta.it\/it\/2025\/10\/16\/ceramiche-lucio-fontana-collezione-peggy-guggenheim\/"]}]},{"@type":"ImageObject","inLanguage":"it-IT","@id":"https:\/\/www.gamberetta.it\/it\/2025\/10\/16\/ceramiche-lucio-fontana-collezione-peggy-guggenheim\/#primaryimage","url":"https:\/\/www.gamberetta.it\/wp-content\/uploads\/2025\/10\/IMG_20251010_115851.jpg","contentUrl":"https:\/\/www.gamberetta.it\/wp-content\/uploads\/2025\/10\/IMG_20251010_115851.jpg","width":1024,"height":766,"caption":"collezione_peggy_guggenheim"},{"@type":"BreadcrumbList","@id":"https:\/\/www.gamberetta.it\/it\/2025\/10\/16\/ceramiche-lucio-fontana-collezione-peggy-guggenheim\/#breadcrumb","itemListElement":[{"@type":"ListItem","position":1,"name":"Home","item":"https:\/\/www.gamberetta.it\/it\/"},{"@type":"ListItem","position":2,"name":"Le ceramiche di Lucio Fontana in mostra alla collezione Peggy Guggenheim"}]},{"@type":"WebSite","@id":"https:\/\/www.gamberetta.it\/it\/#website","url":"https:\/\/www.gamberetta.it\/it\/","name":"Gamberetta","description":"Il mio blog senza fronzoli: pensieri e parole, sempre e ovunque in viaggio","potentialAction":[{"@type":"SearchAction","target":{"@type":"EntryPoint","urlTemplate":"https:\/\/www.gamberetta.it\/it\/?s={search_term_string}"},"query-input":{"@type":"PropertyValueSpecification","valueRequired":true,"valueName":"search_term_string"}}],"inLanguage":"it-IT"},{"@type":"Person","@id":"https:\/\/www.gamberetta.it\/it\/#\/schema\/person\/7a4a919927c944edb5f3f9c665590124","name":"gamberetta","image":{"@type":"ImageObject","inLanguage":"it-IT","@id":"https:\/\/www.gamberetta.it\/it\/#\/schema\/person\/image\/","url":"https:\/\/secure.gravatar.com\/avatar\/7ef5d82656b8958070b4f589b7ae1784?s=96&d=mm&r=g","contentUrl":"https:\/\/secure.gravatar.com\/avatar\/7ef5d82656b8958070b4f589b7ae1784?s=96&d=mm&r=g","caption":"gamberetta"},"description":"Sono Toro ascendente Scorpione, terra di contrasti dove ora prevale una met\u00e0, ora l\u2019altra. L\u2019infanzia in Veneto e gli ultimi anni passati a Milano hanno sviluppato in me una serie ulteriore di conflitti. Scrivo da sempre, la scrittura \u00e8 la migliore forma espressiva che mi consente di fissare concetti altrimenti sospesi nell\u2019aria. Da bambina scrivevo poesie con uno stile quasi leopardiano poi sono passata ai diari di viaggio dalla prima volta in USA nel 1998 e non ho pi\u00f9 smesso...","url":"https:\/\/www.gamberetta.it\/it\/author\/gamberettarossa\/"}]}},"_links":{"self":[{"href":"https:\/\/www.gamberetta.it\/it\/wp-json\/wp\/v2\/posts\/40004"}],"collection":[{"href":"https:\/\/www.gamberetta.it\/it\/wp-json\/wp\/v2\/posts"}],"about":[{"href":"https:\/\/www.gamberetta.it\/it\/wp-json\/wp\/v2\/types\/post"}],"author":[{"embeddable":true,"href":"https:\/\/www.gamberetta.it\/it\/wp-json\/wp\/v2\/users\/2"}],"replies":[{"embeddable":true,"href":"https:\/\/www.gamberetta.it\/it\/wp-json\/wp\/v2\/comments?post=40004"}],"version-history":[{"count":2,"href":"https:\/\/www.gamberetta.it\/it\/wp-json\/wp\/v2\/posts\/40004\/revisions"}],"predecessor-version":[{"id":40027,"href":"https:\/\/www.gamberetta.it\/it\/wp-json\/wp\/v2\/posts\/40004\/revisions\/40027"}],"wp:featuredmedia":[{"embeddable":true,"href":"https:\/\/www.gamberetta.it\/it\/wp-json\/wp\/v2\/media\/40006"}],"wp:attachment":[{"href":"https:\/\/www.gamberetta.it\/it\/wp-json\/wp\/v2\/media?parent=40004"}],"wp:term":[{"taxonomy":"category","embeddable":true,"href":"https:\/\/www.gamberetta.it\/it\/wp-json\/wp\/v2\/categories?post=40004"},{"taxonomy":"post_tag","embeddable":true,"href":"https:\/\/www.gamberetta.it\/it\/wp-json\/wp\/v2\/tags?post=40004"}],"curies":[{"name":"wp","href":"https:\/\/api.w.org\/{rel}","templated":true}]}}