{"id":40602,"date":"2026-03-08T19:23:03","date_gmt":"2026-03-08T18:23:03","guid":{"rendered":"https:\/\/www.gamberetta.it\/?p=40602"},"modified":"2026-03-09T19:19:06","modified_gmt":"2026-03-09T18:19:06","slug":"intavolando-30-anni-attivita-iniziative-2026","status":"publish","type":"post","link":"https:\/\/www.gamberetta.it\/it\/2026\/03\/08\/intavolando-30-anni-attivita-iniziative-2026\/","title":{"rendered":"Intavolando celebra 30 anni di attivit\u00e0: tutte le iniziative per il 2026"},"content":{"rendered":"\n<figure class=\"wp-block-image size-full\"><img loading=\"lazy\" decoding=\"async\" width=\"1024\" height=\"766\" src=\"https:\/\/www.gamberetta.it\/wp-content\/uploads\/2026\/03\/IMG_20260303_142533.jpg\" alt=\"\" class=\"wp-image-40603\" srcset=\"https:\/\/www.gamberetta.it\/wp-content\/uploads\/2026\/03\/IMG_20260303_142533.jpg 1024w, https:\/\/www.gamberetta.it\/wp-content\/uploads\/2026\/03\/IMG_20260303_142533-300x224.jpg 300w, https:\/\/www.gamberetta.it\/wp-content\/uploads\/2026\/03\/IMG_20260303_142533-768x575.jpg 768w, https:\/\/www.gamberetta.it\/wp-content\/uploads\/2026\/03\/IMG_20260303_142533-330x248.jpg 330w\" sizes=\"(max-width: 1024px) 100vw, 1024px\" \/><\/figure>\n\n\n\n<p>Intavolando compie 30 anni e nel 2026 si prepara a festeggiare questo traguardo importante, fatto di fedelt\u00e0 alla tradizione culinaria e con un occhio di riguardo all&#8217;attualit\u00e0 in cucina. L&#8217;associazione dal 1997 riunisce ristoratori, principalmente della Marca trevigiana ma con contributi anche dalle province di Belluno e Venezia.<\/p>\n\n\n\n<h2 class=\"wp-block-heading\">L&#8217;evento inaugurale alla Locanda da Condo<\/h2>\n\n\n\n<figure class=\"wp-block-gallery has-nested-images columns-default is-cropped wp-block-gallery-2 is-layout-flex wp-block-gallery-is-layout-flex\">\n<figure class=\"wp-block-image size-large\"><img loading=\"lazy\" decoding=\"async\" width=\"766\" height=\"1024\" data-id=\"40605\" src=\"https:\/\/www.gamberetta.it\/wp-content\/uploads\/2026\/03\/IMG_20260303_124919.jpg\" alt=\"\" class=\"wp-image-40605\" srcset=\"https:\/\/www.gamberetta.it\/wp-content\/uploads\/2026\/03\/IMG_20260303_124919.jpg 766w, https:\/\/www.gamberetta.it\/wp-content\/uploads\/2026\/03\/IMG_20260303_124919-224x300.jpg 224w\" sizes=\"(max-width: 766px) 100vw, 766px\" \/><\/figure>\n\n\n\n<figure class=\"wp-block-image size-large\"><img loading=\"lazy\" decoding=\"async\" width=\"768\" height=\"1024\" data-id=\"40607\" src=\"https:\/\/www.gamberetta.it\/wp-content\/uploads\/2026\/03\/IMG_20260303_192826.jpg\" alt=\"\" class=\"wp-image-40607\" srcset=\"https:\/\/www.gamberetta.it\/wp-content\/uploads\/2026\/03\/IMG_20260303_192826.jpg 768w, https:\/\/www.gamberetta.it\/wp-content\/uploads\/2026\/03\/IMG_20260303_192826-225x300.jpg 225w, https:\/\/www.gamberetta.it\/wp-content\/uploads\/2026\/03\/IMG_20260303_192826-600x800.jpg 600w\" sizes=\"(max-width: 768px) 100vw, 768px\" \/><figcaption class=\"wp-element-caption\">locanda_da_condo<\/figcaption><\/figure>\n<\/figure>\n\n\n\n<p><br>Marted\u00ec 3 marzo la nuova stagione \u00e8 stata salutata a Col San Martino (TV), dove la Locanda da Condo \u00e8 stata la location perfetta per un pranzo stampa affollato e caloroso, contornato da belle parole e buoni propositi. Con ottimi vini e piatti gustosi da assaggiare, dall&#8217;antipasto finger food al primo, secondo e dolci, preparati dai ristoranti:<\/p>\n\n\n\n<ul class=\"wp-block-list\">\n<li><\/li>\n\n\n\n<li>Locanda da Condo,<\/li>\n\n\n\n<li>Ristorante Andreetta,<\/li>\n\n\n\n<li>Ristorante da Ugo,<\/li>\n\n\n\n<li>La Cucina di Crema,<\/li>\n\n\n\n<li>Tino Traghetto.<\/li>\n<\/ul>\n\n\n\n<p><br>Personalmente ho molto apprezzato due cose: la presentazione elegante di ciascun piatto e la disponibilit\u00e0 a soddisfare la mia richiesta di piatti vegetariani: polenta e formaggio, funghi e lenticchie. Super professionale il personale della Locanda da Condo, in cucina e in sala, grazie!<\/p>\n\n\n\n<h2 class=\"wp-block-heading\">I vini in abbinamento<\/h2>\n\n\n\n<figure class=\"wp-block-gallery has-nested-images columns-default is-cropped wp-block-gallery-3 is-layout-flex wp-block-gallery-is-layout-flex\">\n<figure class=\"wp-block-image size-large\"><img loading=\"lazy\" decoding=\"async\" width=\"766\" height=\"1024\" data-id=\"40611\" src=\"https:\/\/www.gamberetta.it\/wp-content\/uploads\/2026\/03\/IMG_20260303_123908.jpg\" alt=\"\" class=\"wp-image-40611\" srcset=\"https:\/\/www.gamberetta.it\/wp-content\/uploads\/2026\/03\/IMG_20260303_123908.jpg 766w, https:\/\/www.gamberetta.it\/wp-content\/uploads\/2026\/03\/IMG_20260303_123908-224x300.jpg 224w\" sizes=\"(max-width: 766px) 100vw, 766px\" \/><\/figure>\n\n\n\n<figure class=\"wp-block-image size-large\"><img loading=\"lazy\" decoding=\"async\" width=\"766\" height=\"1024\" data-id=\"40609\" src=\"https:\/\/www.gamberetta.it\/wp-content\/uploads\/2026\/03\/IMG_20260303_131459.jpg\" alt=\"\" class=\"wp-image-40609\" srcset=\"https:\/\/www.gamberetta.it\/wp-content\/uploads\/2026\/03\/IMG_20260303_131459.jpg 766w, https:\/\/www.gamberetta.it\/wp-content\/uploads\/2026\/03\/IMG_20260303_131459-224x300.jpg 224w\" sizes=\"(max-width: 766px) 100vw, 766px\" \/><\/figure>\n<\/figure>\n\n\n\n<p><br>Questo sembra un mero elenco ma \u00e8 almeno due cose. Una selezione delle cantine aderenti al progetto Intavolando e un compendio della diversit\u00e0 enologica fra Veneto, Friuli e non solo!<br>Bianchetta le Manzane e Prosecco Brut Strada di Guia Foss Marai (aperitivo).<br>Sampagna del conte Manlio dalla Frattina.<br>Friulano e Ribolla de la Viarte.<br>Volpolo Bolgheri Rosso di Podere Sapaio.<br>Passito di Dani Rasera Alberto.<\/p>\n\n\n\n<h2 class=\"wp-block-heading\">Latteria Perenzin<\/h2>\n\n\n\n<figure class=\"wp-block-gallery has-nested-images columns-default is-cropped wp-block-gallery-4 is-layout-flex wp-block-gallery-is-layout-flex\">\n<figure class=\"wp-block-image size-large\"><img loading=\"lazy\" decoding=\"async\" width=\"766\" height=\"1024\" data-id=\"40615\" src=\"https:\/\/www.gamberetta.it\/wp-content\/uploads\/2026\/03\/IMG_20260303_150632.jpg\" alt=\"\" class=\"wp-image-40615\" srcset=\"https:\/\/www.gamberetta.it\/wp-content\/uploads\/2026\/03\/IMG_20260303_150632.jpg 766w, https:\/\/www.gamberetta.it\/wp-content\/uploads\/2026\/03\/IMG_20260303_150632-224x300.jpg 224w\" sizes=\"(max-width: 766px) 100vw, 766px\" \/><\/figure>\n\n\n\n<figure class=\"wp-block-image size-large\"><img loading=\"lazy\" decoding=\"async\" width=\"766\" height=\"1024\" data-id=\"40613\" src=\"https:\/\/www.gamberetta.it\/wp-content\/uploads\/2026\/03\/IMG_20260303_151118.jpg\" alt=\"\" class=\"wp-image-40613\" srcset=\"https:\/\/www.gamberetta.it\/wp-content\/uploads\/2026\/03\/IMG_20260303_151118.jpg 766w, https:\/\/www.gamberetta.it\/wp-content\/uploads\/2026\/03\/IMG_20260303_151118-224x300.jpg 224w\" sizes=\"(max-width: 766px) 100vw, 766px\" \/><\/figure>\n<\/figure>\n\n\n\n<p><br>Un nome una garanzia per la famiglia che da oltre 120 anni produce formaggi. Fondata nel lontano 1898 oggi Perenzin \u00e8 guidata dalla quinta generazione, con Emanuela Perenzin in testa. L&#8217;azienda \u00e8 nota per le tante referenze e per l&#8217;affinamento. Prendere un formaggio e affinarlo \u00e8 un lavoro diverso dalla caseificazione e pu\u00f2 dare grandi soddisfazioni, come si evince dal numero di premi internazionali vinti dai formaggi Perenzin. Consiglio di provarli da PER Bottega &amp; CheeseBar a San Pietro di Feletto (TV).<\/p>\n\n\n\n<h2 class=\"wp-block-heading\">Il passaporto del gusto<\/h2>\n\n\n\n<figure class=\"wp-block-gallery has-nested-images columns-default is-cropped wp-block-gallery-5 is-layout-flex wp-block-gallery-is-layout-flex\">\n<figure class=\"wp-block-image size-large\"><img loading=\"lazy\" decoding=\"async\" width=\"1024\" height=\"766\" data-id=\"40619\" src=\"https:\/\/www.gamberetta.it\/wp-content\/uploads\/2026\/03\/IMG_20260303_142547.jpg\" alt=\"\" class=\"wp-image-40619\" srcset=\"https:\/\/www.gamberetta.it\/wp-content\/uploads\/2026\/03\/IMG_20260303_142547.jpg 1024w, https:\/\/www.gamberetta.it\/wp-content\/uploads\/2026\/03\/IMG_20260303_142547-300x224.jpg 300w, https:\/\/www.gamberetta.it\/wp-content\/uploads\/2026\/03\/IMG_20260303_142547-768x575.jpg 768w, https:\/\/www.gamberetta.it\/wp-content\/uploads\/2026\/03\/IMG_20260303_142547-330x248.jpg 330w\" sizes=\"(max-width: 1024px) 100vw, 1024px\" \/><\/figure>\n\n\n\n<figure class=\"wp-block-image size-large\"><img loading=\"lazy\" decoding=\"async\" width=\"1024\" height=\"766\" data-id=\"40617\" src=\"https:\/\/www.gamberetta.it\/wp-content\/uploads\/2026\/03\/IMG_20260303_142734.jpg\" alt=\"\" class=\"wp-image-40617\" srcset=\"https:\/\/www.gamberetta.it\/wp-content\/uploads\/2026\/03\/IMG_20260303_142734.jpg 1024w, https:\/\/www.gamberetta.it\/wp-content\/uploads\/2026\/03\/IMG_20260303_142734-300x224.jpg 300w, https:\/\/www.gamberetta.it\/wp-content\/uploads\/2026\/03\/IMG_20260303_142734-768x575.jpg 768w, https:\/\/www.gamberetta.it\/wp-content\/uploads\/2026\/03\/IMG_20260303_142734-330x248.jpg 330w\" sizes=\"(max-width: 1024px) 100vw, 1024px\" \/><\/figure>\n<\/figure>\n\n\n\n<p><br>Con la formula del passaporto vengono presentate le 30 realt\u00e0 aderenti al progetto Intavolando, in ottica di turismo enogastronomico. Vi sono ristoranti, cantine e produttori di eccellenze gastronomiche e hotel di pregio, pronti ad accogliere i visitatori e alla fine \u201ctimbrare\u201d il passaporto del gusto. Dopo 12 visite, 12 timbri, arriva un pranzo o cena offerto da Intavolando. Una bella gara, non c&#8217;\u00e8 che dire! Il prossimo 15 aprile i ristoratori, le trenta realt\u00e0 coinvolte e i partner di progetto si incontreranno al ristorante Da Ugo, a Bigolino di Valdobbiadene per condividere le strategie e gli eventi del 2026.<\/p>\n\n\n\n<h2 class=\"wp-block-heading\">Intavolando nel 2026<\/h2>\n\n\n\n<figure class=\"wp-block-gallery has-nested-images columns-default is-cropped wp-block-gallery-6 is-layout-flex wp-block-gallery-is-layout-flex\">\n<figure class=\"wp-block-image size-large\"><img loading=\"lazy\" decoding=\"async\" width=\"766\" height=\"1024\" data-id=\"40623\" src=\"https:\/\/www.gamberetta.it\/wp-content\/uploads\/2026\/03\/IMG_20260303_123135.jpg\" alt=\"\" class=\"wp-image-40623\" srcset=\"https:\/\/www.gamberetta.it\/wp-content\/uploads\/2026\/03\/IMG_20260303_123135.jpg 766w, https:\/\/www.gamberetta.it\/wp-content\/uploads\/2026\/03\/IMG_20260303_123135-224x300.jpg 224w\" sizes=\"(max-width: 766px) 100vw, 766px\" \/><\/figure>\n\n\n\n<figure class=\"wp-block-image size-large\"><img loading=\"lazy\" decoding=\"async\" width=\"768\" height=\"1024\" data-id=\"40621\" src=\"https:\/\/www.gamberetta.it\/wp-content\/uploads\/2026\/03\/IMG_20260303_125530.jpg\" alt=\"\" class=\"wp-image-40621\" srcset=\"https:\/\/www.gamberetta.it\/wp-content\/uploads\/2026\/03\/IMG_20260303_125530.jpg 768w, https:\/\/www.gamberetta.it\/wp-content\/uploads\/2026\/03\/IMG_20260303_125530-225x300.jpg 225w, https:\/\/www.gamberetta.it\/wp-content\/uploads\/2026\/03\/IMG_20260303_125530-600x800.jpg 600w\" sizes=\"(max-width: 768px) 100vw, 768px\" \/><\/figure>\n<\/figure>\n\n\n\n<p>Oggi i ristoranti Intavolando sono :<\/p>\n\n\n\n<ul class=\"wp-block-list\">\n<li>La Cucina di Crema, Giavera del Montello (TV)<\/li>\n\n\n\n<li>Locanda da Condo, Col San Martino (TV)<\/li>\n\n\n\n<li>Algiubagio, Venezia<\/li>\n\n\n\n<li>Tino Traghetto, Roncadelle di Ormelle (TV)<\/li>\n\n\n\n<li>Andreetta, Rolle di Cison di Valmarino (TV)<\/li>\n\n\n\n<li>Da Ugo, Bigolino di Valdobbiadene (TV)<\/li>\n\n\n\n<li>Alla Pergola da Livio, Saccol di Valdobbiadene (TV)<\/li>\n\n\n\n<li>Locanda Solagna, Vas di Setteville (BL)<\/li>\n\n\n\n<li>Osteria la Certosa da Marco, Valle del Mis (BL)<\/li>\n\n\n\n<li>Antica Osteria La Muda, Cison Valmarino \u2013 Passo San Boldo (BL).<\/li>\n<\/ul>\n\n\n\n<p>Potete provare l&#8217;ospitalit\u00e0 da Tullio ad Arfanta di Tarzo (TV), al B&amp;B Andreetta Gastaldo a Rolle di Cison di Valmarino (TV), al Boutique Hotel Municipio 1815 di Valdobbiadene (TV).<\/p>\n\n\n\n<p>A questi si aggiungono fra gli altri il caff\u00e8 Dersut, la Casatella trevigiana, Banca Prealpi San Biagio.<\/p>\n\n\n\n<h2 class=\"wp-block-heading\">Intavolando nel Parco<\/h2>\n\n\n\n<figure class=\"wp-block-gallery has-nested-images columns-default is-cropped wp-block-gallery-7 is-layout-flex wp-block-gallery-is-layout-flex\">\n<figure class=\"wp-block-image size-large\"><img loading=\"lazy\" decoding=\"async\" width=\"768\" height=\"1024\" data-id=\"21142\" src=\"https:\/\/www.gamberetta.it\/wp-content\/uploads\/2023\/08\/IMG_20230802_195937.jpg\" alt=\"\" class=\"wp-image-21142\" srcset=\"https:\/\/www.gamberetta.it\/wp-content\/uploads\/2023\/08\/IMG_20230802_195937.jpg 768w, https:\/\/www.gamberetta.it\/wp-content\/uploads\/2023\/08\/IMG_20230802_195937-225x300.jpg 225w, https:\/\/www.gamberetta.it\/wp-content\/uploads\/2023\/08\/IMG_20230802_195937-600x800.jpg 600w\" sizes=\"(max-width: 768px) 100vw, 768px\" \/><figcaption class=\"wp-element-caption\">intavolando<\/figcaption><\/figure>\n\n\n\n<figure class=\"wp-block-image size-large\"><img loading=\"lazy\" decoding=\"async\" width=\"768\" height=\"1024\" data-id=\"21146\" src=\"https:\/\/www.gamberetta.it\/wp-content\/uploads\/2023\/08\/IMG_20230802_200341.jpg\" alt=\"\" class=\"wp-image-21146\" srcset=\"https:\/\/www.gamberetta.it\/wp-content\/uploads\/2023\/08\/IMG_20230802_200341.jpg 768w, https:\/\/www.gamberetta.it\/wp-content\/uploads\/2023\/08\/IMG_20230802_200341-225x300.jpg 225w, https:\/\/www.gamberetta.it\/wp-content\/uploads\/2023\/08\/IMG_20230802_200341-600x800.jpg 600w\" sizes=\"(max-width: 768px) 100vw, 768px\" \/><figcaption class=\"wp-element-caption\">intavolando<\/figcaption><\/figure>\n<\/figure>\n\n\n\n<p><br>L&#8217;evento di Intavolando che segna l&#8217;inizio della stagione estiva nei ristoranti aderenti sar\u00e0 il prossimo luned\u00ec 22 giugno, sempre alla Cucina di Crema di Giavera del Montello (TV). Qui a <a href=\"https:\/\/www.gamberetta.it\/it\/2023\/08\/04\/intavolando-nel-parco\/\">Intavolando nel Parco<\/a> ho iniziato a conoscere questo gruppo di ristoratori eterogeneo ma affiatato e ogni anno li ho visti, pronti ai nastri di partenza, per accoglierci nei loro locali.<\/p>\n\n\n\n<h2 class=\"wp-block-heading\">Autunno con Intavolando<\/h2>\n\n\n\n<figure class=\"wp-block-gallery has-nested-images columns-default is-cropped wp-block-gallery-8 is-layout-flex wp-block-gallery-is-layout-flex\">\n<figure class=\"wp-block-image size-large\"><img loading=\"lazy\" decoding=\"async\" width=\"768\" height=\"1024\" data-id=\"37987\" src=\"https:\/\/www.gamberetta.it\/wp-content\/uploads\/2024\/10\/20160903_104352-Copia-rotated-e1729676277848.jpg\" alt=\"\" class=\"wp-image-37987\" srcset=\"https:\/\/www.gamberetta.it\/wp-content\/uploads\/2024\/10\/20160903_104352-Copia-rotated-e1729676277848.jpg 768w, https:\/\/www.gamberetta.it\/wp-content\/uploads\/2024\/10\/20160903_104352-Copia-rotated-e1729676277848-225x300.jpg 225w, https:\/\/www.gamberetta.it\/wp-content\/uploads\/2024\/10\/20160903_104352-Copia-rotated-e1729676277848-600x800.jpg 600w\" sizes=\"(max-width: 768px) 100vw, 768px\" \/><figcaption class=\"wp-element-caption\">finferli<\/figcaption><\/figure>\n\n\n\n<figure class=\"wp-block-image size-large\"><img loading=\"lazy\" decoding=\"async\" width=\"626\" height=\"1024\" data-id=\"37991\" src=\"https:\/\/www.gamberetta.it\/wp-content\/uploads\/2024\/10\/intavolando_autunno2024_1_1-626x1024-1.jpg\" alt=\"\" class=\"wp-image-37991\" srcset=\"https:\/\/www.gamberetta.it\/wp-content\/uploads\/2024\/10\/intavolando_autunno2024_1_1-626x1024-1.jpg 626w, https:\/\/www.gamberetta.it\/wp-content\/uploads\/2024\/10\/intavolando_autunno2024_1_1-626x1024-1-183x300.jpg 183w\" sizes=\"(max-width: 626px) 100vw, 626px\" \/><figcaption class=\"wp-element-caption\">intavolando<\/figcaption><\/figure>\n<\/figure>\n\n\n\n<p><br>Non solo d&#8217;estate, ma per tutto l&#8217;anno vi sono occasioni periodiche per vedere tutti insieme i ristoratori Intavolando. Due anni fa c&#8217;\u00e8 stato <a href=\"https:\/\/www.gamberetta.it\/it\/2024\/10\/28\/intavolando-finferli-e-tartufi\/\">Intavolando Finferli e tartufi<\/a>. Quest&#8217;anno tra settembre e novembre La Grande Tavola Veneta porter\u00e0 in scena tre serate a tema con tre dei frutti autunnali pi\u00f9 pregiati: funghi, radicchio, tartufi, interpretati a sei mani dagli chef dei ristoranti associati. E infine le ricette dei migliori piatti saranno online, per la gioia di leggere e cucinare.<br>Ringrazio e saluto Maurizio Potocnik, organizzatore e mattatore dell&#8217;evento, e la frizzantissima Cristiana Sparvoli ufficio stampa, per avermi invitata. Ci vediamo a Intavolando nel Parco!<br>Per saperne di pi\u00f9 https:\/\/www.intavolando.it\/<\/p>\n\n\n\n<p>Ti \u00e8 piaciuto questo post su Treviso e il Veneto? Allora leggi anche gli altri, li trovi qui:<\/p>\n\n\n\n<figure class=\"wp-block-embed is-type-wp-embed is-provider-gamberetta wp-block-embed-gamberetta\"><div class=\"wp-block-embed__wrapper\">\n<blockquote class=\"wp-embedded-content\" data-secret=\"FrVAEwnbGq\"><a href=\"https:\/\/www.gamberetta.it\/it\/myselfsudime\/bentornata-a-nordest\/\">Bentornata a Nordest: Venezia e il Veneto<\/a><\/blockquote><iframe loading=\"lazy\" class=\"wp-embedded-content\" sandbox=\"allow-scripts\" security=\"restricted\" style=\"position: absolute; visibility: hidden;\" title=\"&#8220;Bentornata a Nordest: Venezia e il Veneto&#8221; &#8212; Gamberetta\" src=\"https:\/\/www.gamberetta.it\/it\/myselfsudime\/bentornata-a-nordest\/embed\/#?secret=G10onsnhLg#?secret=FrVAEwnbGq\" data-secret=\"FrVAEwnbGq\" width=\"600\" height=\"338\" frameborder=\"0\" marginwidth=\"0\" marginheight=\"0\" scrolling=\"no\"><\/iframe>\n<\/div><\/figure>\n","protected":false},"excerpt":{"rendered":"<p>Intavolando compie 30 anni e nel 2026 si prepara a festeggiare questo traguardo importante, fatto di fedelt\u00e0 alla tradizione culinaria e con un occhio di riguardo all&#8217;attualit\u00e0 in cucina. L&#8217;associazione dal 1997 riunisce ristoratori, principalmente della Marca trevigiana ma con contributi anche dalle province di Belluno e Venezia. L&#8217;evento inaugurale alla Locanda da Condo Marted\u00ec &hellip; <a class=\"more-link\" href=\"https:\/\/www.gamberetta.it\/it\/2026\/03\/08\/intavolando-30-anni-attivita-iniziative-2026\/\">Leggi tutto<i class=\"ion-ios-arrow-thin-right\"><\/i><\/a><\/p>\n","protected":false},"author":2,"featured_media":40604,"comment_status":"open","ping_status":"closed","sticky":false,"template":"","format":"standard","meta":{"footnotes":""},"categories":[68,26,105],"tags":[3597,3719],"class_list":["post-40602","post","type-post","status-publish","format-standard","has-post-thumbnail","hentry","category-food-wine","category-friends","category-in-campagna","tag-associazione-intavolando","tag-intavolando"],"yoast_head":"<!-- This site is optimized with the Yoast SEO plugin v23.5 - https:\/\/yoast.com\/wordpress\/plugins\/seo\/ -->\n<title>Intavolando celebra 30 anni di attivit\u00e0: tutte le iniziative per il 2026 - Gamberetta<\/title>\n<meta name=\"robots\" content=\"index, follow, max-snippet:-1, max-image-preview:large, max-video-preview:-1\" \/>\n<link rel=\"canonical\" href=\"https:\/\/www.gamberetta.it\/it\/2026\/03\/08\/intavolando-30-anni-attivita-iniziative-2026\/\" \/>\n<meta property=\"og:locale\" content=\"it_IT\" \/>\n<meta property=\"og:type\" content=\"article\" \/>\n<meta property=\"og:title\" content=\"Intavolando celebra 30 anni di attivit\u00e0: tutte le iniziative per il 2026 - Gamberetta\" \/>\n<meta property=\"og:description\" content=\"Intavolando compie 30 anni e nel 2026 si prepara a festeggiare questo traguardo importante, fatto di fedelt\u00e0 alla tradizione culinaria e con un occhio di riguardo all&#8217;attualit\u00e0 in cucina. L&#8217;associazione dal 1997 riunisce ristoratori, principalmente della Marca trevigiana ma con contributi anche dalle province di Belluno e Venezia. L&#8217;evento inaugurale alla Locanda da Condo Marted\u00ec &hellip; Leggi tutto\" \/>\n<meta property=\"og:url\" content=\"https:\/\/www.gamberetta.it\/it\/2026\/03\/08\/intavolando-30-anni-attivita-iniziative-2026\/\" \/>\n<meta property=\"og:site_name\" content=\"Gamberetta\" \/>\n<meta property=\"article:publisher\" content=\"https:\/\/www.facebook.com\/Gamberettatravelblog\" \/>\n<meta property=\"article:published_time\" content=\"2026-03-08T18:23:03+00:00\" \/>\n<meta property=\"article:modified_time\" content=\"2026-03-09T18:19:06+00:00\" \/>\n<meta property=\"og:image\" content=\"https:\/\/www.gamberetta.it\/wp-content\/uploads\/2026\/03\/IMG_20260303_142533.jpg\" \/>\n\t<meta property=\"og:image:width\" content=\"1024\" \/>\n\t<meta property=\"og:image:height\" content=\"766\" \/>\n\t<meta property=\"og:image:type\" content=\"image\/jpeg\" \/>\n<meta name=\"author\" content=\"gamberetta\" \/>\n<meta name=\"twitter:card\" content=\"summary_large_image\" \/>\n<meta name=\"twitter:creator\" content=\"@robertazennaro\" \/>\n<meta name=\"twitter:site\" content=\"@robertazennaro\" \/>\n<meta name=\"twitter:label1\" content=\"Scritto da\" \/>\n\t<meta name=\"twitter:data1\" content=\"gamberetta\" \/>\n\t<meta name=\"twitter:label2\" content=\"Tempo di lettura stimato\" \/>\n\t<meta name=\"twitter:data2\" content=\"8 minuti\" \/>\n<script type=\"application\/ld+json\" class=\"yoast-schema-graph\">{\"@context\":\"https:\/\/schema.org\",\"@graph\":[{\"@type\":\"WebPage\",\"@id\":\"https:\/\/www.gamberetta.it\/it\/2026\/03\/08\/intavolando-30-anni-attivita-iniziative-2026\/\",\"url\":\"https:\/\/www.gamberetta.it\/it\/2026\/03\/08\/intavolando-30-anni-attivita-iniziative-2026\/\",\"name\":\"Intavolando celebra 30 anni di attivit\u00e0: tutte le iniziative per il 2026 - Gamberetta\",\"isPartOf\":{\"@id\":\"https:\/\/www.gamberetta.it\/it\/#website\"},\"primaryImageOfPage\":{\"@id\":\"https:\/\/www.gamberetta.it\/it\/2026\/03\/08\/intavolando-30-anni-attivita-iniziative-2026\/#primaryimage\"},\"image\":{\"@id\":\"https:\/\/www.gamberetta.it\/it\/2026\/03\/08\/intavolando-30-anni-attivita-iniziative-2026\/#primaryimage\"},\"thumbnailUrl\":\"https:\/\/www.gamberetta.it\/wp-content\/uploads\/2026\/03\/IMG_20260303_142533.jpg\",\"datePublished\":\"2026-03-08T18:23:03+00:00\",\"dateModified\":\"2026-03-09T18:19:06+00:00\",\"author\":{\"@id\":\"https:\/\/www.gamberetta.it\/it\/#\/schema\/person\/7a4a919927c944edb5f3f9c665590124\"},\"breadcrumb\":{\"@id\":\"https:\/\/www.gamberetta.it\/it\/2026\/03\/08\/intavolando-30-anni-attivita-iniziative-2026\/#breadcrumb\"},\"inLanguage\":\"it-IT\",\"potentialAction\":[{\"@type\":\"ReadAction\",\"target\":[\"https:\/\/www.gamberetta.it\/it\/2026\/03\/08\/intavolando-30-anni-attivita-iniziative-2026\/\"]}]},{\"@type\":\"ImageObject\",\"inLanguage\":\"it-IT\",\"@id\":\"https:\/\/www.gamberetta.it\/it\/2026\/03\/08\/intavolando-30-anni-attivita-iniziative-2026\/#primaryimage\",\"url\":\"https:\/\/www.gamberetta.it\/wp-content\/uploads\/2026\/03\/IMG_20260303_142533.jpg\",\"contentUrl\":\"https:\/\/www.gamberetta.it\/wp-content\/uploads\/2026\/03\/IMG_20260303_142533.jpg\",\"width\":1024,\"height\":766,\"caption\":\"passaporto_del_gusto\"},{\"@type\":\"BreadcrumbList\",\"@id\":\"https:\/\/www.gamberetta.it\/it\/2026\/03\/08\/intavolando-30-anni-attivita-iniziative-2026\/#breadcrumb\",\"itemListElement\":[{\"@type\":\"ListItem\",\"position\":1,\"name\":\"Home\",\"item\":\"https:\/\/www.gamberetta.it\/it\/\"},{\"@type\":\"ListItem\",\"position\":2,\"name\":\"Intavolando celebra 30 anni di attivit\u00e0: tutte le iniziative per il 2026\"}]},{\"@type\":\"WebSite\",\"@id\":\"https:\/\/www.gamberetta.it\/it\/#website\",\"url\":\"https:\/\/www.gamberetta.it\/it\/\",\"name\":\"Gamberetta\",\"description\":\"Il mio blog senza fronzoli: pensieri e parole, sempre e ovunque in viaggio\",\"potentialAction\":[{\"@type\":\"SearchAction\",\"target\":{\"@type\":\"EntryPoint\",\"urlTemplate\":\"https:\/\/www.gamberetta.it\/it\/?s={search_term_string}\"},\"query-input\":{\"@type\":\"PropertyValueSpecification\",\"valueRequired\":true,\"valueName\":\"search_term_string\"}}],\"inLanguage\":\"it-IT\"},{\"@type\":\"Person\",\"@id\":\"https:\/\/www.gamberetta.it\/it\/#\/schema\/person\/7a4a919927c944edb5f3f9c665590124\",\"name\":\"gamberetta\",\"image\":{\"@type\":\"ImageObject\",\"inLanguage\":\"it-IT\",\"@id\":\"https:\/\/www.gamberetta.it\/it\/#\/schema\/person\/image\/\",\"url\":\"https:\/\/secure.gravatar.com\/avatar\/7ef5d82656b8958070b4f589b7ae1784?s=96&d=mm&r=g\",\"contentUrl\":\"https:\/\/secure.gravatar.com\/avatar\/7ef5d82656b8958070b4f589b7ae1784?s=96&d=mm&r=g\",\"caption\":\"gamberetta\"},\"description\":\"Sono Toro ascendente Scorpione, terra di contrasti dove ora prevale una met\u00e0, ora l\u2019altra. L\u2019infanzia in Veneto e gli ultimi anni passati a Milano hanno sviluppato in me una serie ulteriore di conflitti. Scrivo da sempre, la scrittura \u00e8 la migliore forma espressiva che mi consente di fissare concetti altrimenti sospesi nell\u2019aria. Da bambina scrivevo poesie con uno stile quasi leopardiano poi sono passata ai diari di viaggio dalla prima volta in USA nel 1998 e non ho pi\u00f9 smesso...\",\"url\":\"https:\/\/www.gamberetta.it\/it\/author\/gamberettarossa\/\"}]}<\/script>\n<!-- \/ Yoast SEO plugin. -->","yoast_head_json":{"title":"Intavolando celebra 30 anni di attivit\u00e0: tutte le iniziative per il 2026 - Gamberetta","robots":{"index":"index","follow":"follow","max-snippet":"max-snippet:-1","max-image-preview":"max-image-preview:large","max-video-preview":"max-video-preview:-1"},"canonical":"https:\/\/www.gamberetta.it\/it\/2026\/03\/08\/intavolando-30-anni-attivita-iniziative-2026\/","og_locale":"it_IT","og_type":"article","og_title":"Intavolando celebra 30 anni di attivit\u00e0: tutte le iniziative per il 2026 - Gamberetta","og_description":"Intavolando compie 30 anni e nel 2026 si prepara a festeggiare questo traguardo importante, fatto di fedelt\u00e0 alla tradizione culinaria e con un occhio di riguardo all&#8217;attualit\u00e0 in cucina. L&#8217;associazione dal 1997 riunisce ristoratori, principalmente della Marca trevigiana ma con contributi anche dalle province di Belluno e Venezia. L&#8217;evento inaugurale alla Locanda da Condo Marted\u00ec &hellip; Leggi tutto","og_url":"https:\/\/www.gamberetta.it\/it\/2026\/03\/08\/intavolando-30-anni-attivita-iniziative-2026\/","og_site_name":"Gamberetta","article_publisher":"https:\/\/www.facebook.com\/Gamberettatravelblog","article_published_time":"2026-03-08T18:23:03+00:00","article_modified_time":"2026-03-09T18:19:06+00:00","og_image":[{"width":1024,"height":766,"url":"https:\/\/www.gamberetta.it\/wp-content\/uploads\/2026\/03\/IMG_20260303_142533.jpg","type":"image\/jpeg"}],"author":"gamberetta","twitter_card":"summary_large_image","twitter_creator":"@robertazennaro","twitter_site":"@robertazennaro","twitter_misc":{"Scritto da":"gamberetta","Tempo di lettura stimato":"8 minuti"},"schema":{"@context":"https:\/\/schema.org","@graph":[{"@type":"WebPage","@id":"https:\/\/www.gamberetta.it\/it\/2026\/03\/08\/intavolando-30-anni-attivita-iniziative-2026\/","url":"https:\/\/www.gamberetta.it\/it\/2026\/03\/08\/intavolando-30-anni-attivita-iniziative-2026\/","name":"Intavolando celebra 30 anni di attivit\u00e0: tutte le iniziative per il 2026 - Gamberetta","isPartOf":{"@id":"https:\/\/www.gamberetta.it\/it\/#website"},"primaryImageOfPage":{"@id":"https:\/\/www.gamberetta.it\/it\/2026\/03\/08\/intavolando-30-anni-attivita-iniziative-2026\/#primaryimage"},"image":{"@id":"https:\/\/www.gamberetta.it\/it\/2026\/03\/08\/intavolando-30-anni-attivita-iniziative-2026\/#primaryimage"},"thumbnailUrl":"https:\/\/www.gamberetta.it\/wp-content\/uploads\/2026\/03\/IMG_20260303_142533.jpg","datePublished":"2026-03-08T18:23:03+00:00","dateModified":"2026-03-09T18:19:06+00:00","author":{"@id":"https:\/\/www.gamberetta.it\/it\/#\/schema\/person\/7a4a919927c944edb5f3f9c665590124"},"breadcrumb":{"@id":"https:\/\/www.gamberetta.it\/it\/2026\/03\/08\/intavolando-30-anni-attivita-iniziative-2026\/#breadcrumb"},"inLanguage":"it-IT","potentialAction":[{"@type":"ReadAction","target":["https:\/\/www.gamberetta.it\/it\/2026\/03\/08\/intavolando-30-anni-attivita-iniziative-2026\/"]}]},{"@type":"ImageObject","inLanguage":"it-IT","@id":"https:\/\/www.gamberetta.it\/it\/2026\/03\/08\/intavolando-30-anni-attivita-iniziative-2026\/#primaryimage","url":"https:\/\/www.gamberetta.it\/wp-content\/uploads\/2026\/03\/IMG_20260303_142533.jpg","contentUrl":"https:\/\/www.gamberetta.it\/wp-content\/uploads\/2026\/03\/IMG_20260303_142533.jpg","width":1024,"height":766,"caption":"passaporto_del_gusto"},{"@type":"BreadcrumbList","@id":"https:\/\/www.gamberetta.it\/it\/2026\/03\/08\/intavolando-30-anni-attivita-iniziative-2026\/#breadcrumb","itemListElement":[{"@type":"ListItem","position":1,"name":"Home","item":"https:\/\/www.gamberetta.it\/it\/"},{"@type":"ListItem","position":2,"name":"Intavolando celebra 30 anni di attivit\u00e0: tutte le iniziative per il 2026"}]},{"@type":"WebSite","@id":"https:\/\/www.gamberetta.it\/it\/#website","url":"https:\/\/www.gamberetta.it\/it\/","name":"Gamberetta","description":"Il mio blog senza fronzoli: pensieri e parole, sempre e ovunque in viaggio","potentialAction":[{"@type":"SearchAction","target":{"@type":"EntryPoint","urlTemplate":"https:\/\/www.gamberetta.it\/it\/?s={search_term_string}"},"query-input":{"@type":"PropertyValueSpecification","valueRequired":true,"valueName":"search_term_string"}}],"inLanguage":"it-IT"},{"@type":"Person","@id":"https:\/\/www.gamberetta.it\/it\/#\/schema\/person\/7a4a919927c944edb5f3f9c665590124","name":"gamberetta","image":{"@type":"ImageObject","inLanguage":"it-IT","@id":"https:\/\/www.gamberetta.it\/it\/#\/schema\/person\/image\/","url":"https:\/\/secure.gravatar.com\/avatar\/7ef5d82656b8958070b4f589b7ae1784?s=96&d=mm&r=g","contentUrl":"https:\/\/secure.gravatar.com\/avatar\/7ef5d82656b8958070b4f589b7ae1784?s=96&d=mm&r=g","caption":"gamberetta"},"description":"Sono Toro ascendente Scorpione, terra di contrasti dove ora prevale una met\u00e0, ora l\u2019altra. L\u2019infanzia in Veneto e gli ultimi anni passati a Milano hanno sviluppato in me una serie ulteriore di conflitti. Scrivo da sempre, la scrittura \u00e8 la migliore forma espressiva che mi consente di fissare concetti altrimenti sospesi nell\u2019aria. Da bambina scrivevo poesie con uno stile quasi leopardiano poi sono passata ai diari di viaggio dalla prima volta in USA nel 1998 e non ho pi\u00f9 smesso...","url":"https:\/\/www.gamberetta.it\/it\/author\/gamberettarossa\/"}]}},"_links":{"self":[{"href":"https:\/\/www.gamberetta.it\/it\/wp-json\/wp\/v2\/posts\/40602"}],"collection":[{"href":"https:\/\/www.gamberetta.it\/it\/wp-json\/wp\/v2\/posts"}],"about":[{"href":"https:\/\/www.gamberetta.it\/it\/wp-json\/wp\/v2\/types\/post"}],"author":[{"embeddable":true,"href":"https:\/\/www.gamberetta.it\/it\/wp-json\/wp\/v2\/users\/2"}],"replies":[{"embeddable":true,"href":"https:\/\/www.gamberetta.it\/it\/wp-json\/wp\/v2\/comments?post=40602"}],"version-history":[{"count":2,"href":"https:\/\/www.gamberetta.it\/it\/wp-json\/wp\/v2\/posts\/40602\/revisions"}],"predecessor-version":[{"id":40626,"href":"https:\/\/www.gamberetta.it\/it\/wp-json\/wp\/v2\/posts\/40602\/revisions\/40626"}],"wp:featuredmedia":[{"embeddable":true,"href":"https:\/\/www.gamberetta.it\/it\/wp-json\/wp\/v2\/media\/40604"}],"wp:attachment":[{"href":"https:\/\/www.gamberetta.it\/it\/wp-json\/wp\/v2\/media?parent=40602"}],"wp:term":[{"taxonomy":"category","embeddable":true,"href":"https:\/\/www.gamberetta.it\/it\/wp-json\/wp\/v2\/categories?post=40602"},{"taxonomy":"post_tag","embeddable":true,"href":"https:\/\/www.gamberetta.it\/it\/wp-json\/wp\/v2\/tags?post=40602"}],"curies":[{"name":"wp","href":"https:\/\/api.w.org\/{rel}","templated":true}]}}