{"id":41330,"date":"2026-08-31T09:46:00","date_gmt":"2026-08-31T07:46:00","guid":{"rendered":"https:\/\/www.gamberetta.it\/?p=41330"},"modified":"2026-08-26T18:30:08","modified_gmt":"2026-08-26T16:30:08","slug":"cosa-vedere-pordenone","status":"publish","type":"post","link":"https:\/\/www.gamberetta.it\/it\/2026\/08\/31\/cosa-vedere-pordenone\/","title":{"rendered":"Cosa vedere a Pordenone Capitale italiana della Cultura 2027"},"content":{"rendered":"<div class=\"wp-block-image\">\n<figure class=\"aligncenter size-full\"><img loading=\"lazy\" decoding=\"async\" width=\"1024\" height=\"766\" src=\"https:\/\/www.gamberetta.it\/wp-content\/uploads\/2026\/08\/IMG_20260814_133119.jpg\" alt=\"\" class=\"wp-image-41331\" srcset=\"https:\/\/www.gamberetta.it\/wp-content\/uploads\/2026\/08\/IMG_20260814_133119.jpg 1024w, https:\/\/www.gamberetta.it\/wp-content\/uploads\/2026\/08\/IMG_20260814_133119-300x224.jpg 300w, https:\/\/www.gamberetta.it\/wp-content\/uploads\/2026\/08\/IMG_20260814_133119-768x575.jpg 768w, https:\/\/www.gamberetta.it\/wp-content\/uploads\/2026\/08\/IMG_20260814_133119-330x248.jpg 330w\" sizes=\"(max-width: 1024px) 100vw, 1024px\" \/><\/figure><\/div>\n\n\n<p><\/p>\n\n\n\n<p>Pordenone si prepara a diventare Capitale Italiana della Cultura, nel 2027 il capoluogo di provincia friulano sar\u00e0 sotto i riflettori e ricever\u00e0 nuovi visitatori, all&#8217;insegna della Cultura a 360 gradi. Prima di Pordenone, Gorizia nel 2025 \u00e8 stata Capitale Europea della Cultura assieme a Nova Gorica, un periodo di fama e grande visibilit\u00e0 internazionale. Il Friuli Venezia Giulia \u00e8 sempre pi\u00f9 famoso (si pu\u00f2 dire?) nonostante sia una piccola regione in posizione defilata rispetto al profilo dell&#8217;Italia.<\/p>\n\n\n\n<h2 class=\"wp-block-heading\"><br>Il progetto \u201cPordenone 2027. Citt\u00e0 che sorprende\u201d<\/h2>\n\n\n\n<figure class=\"wp-block-gallery has-nested-images columns-default is-cropped wp-block-gallery-2 is-layout-flex wp-block-gallery-is-layout-flex\">\n<figure class=\"wp-block-image size-large\"><img loading=\"lazy\" decoding=\"async\" width=\"766\" height=\"1024\" data-id=\"41335\" src=\"https:\/\/www.gamberetta.it\/wp-content\/uploads\/2026\/08\/IMG_20260814_105434.jpg\" alt=\"\" class=\"wp-image-41335\" srcset=\"https:\/\/www.gamberetta.it\/wp-content\/uploads\/2026\/08\/IMG_20260814_105434.jpg 766w, https:\/\/www.gamberetta.it\/wp-content\/uploads\/2026\/08\/IMG_20260814_105434-224x300.jpg 224w\" sizes=\"(max-width: 766px) 100vw, 766px\" \/><\/figure>\n\n\n\n<figure class=\"wp-block-image size-large\"><img loading=\"lazy\" decoding=\"async\" width=\"766\" height=\"1024\" data-id=\"41337\" src=\"https:\/\/www.gamberetta.it\/wp-content\/uploads\/2026\/08\/IMG_20260814_105451.jpg\" alt=\"\" class=\"wp-image-41337\" srcset=\"https:\/\/www.gamberetta.it\/wp-content\/uploads\/2026\/08\/IMG_20260814_105451.jpg 766w, https:\/\/www.gamberetta.it\/wp-content\/uploads\/2026\/08\/IMG_20260814_105451-224x300.jpg 224w\" sizes=\"(max-width: 766px) 100vw, 766px\" \/><\/figure>\n<\/figure>\n\n\n\n<p><br>Il titolo \u00e8 stato conferito a Pordenone quasi un anno e mezzo fa, nel marzo 2025, \u00e8 stata una bella lotta a giudicare dalle altre localit\u00e0 in lizza per il titolo. Alberobello, Aliano, Brindisi, Gallipoli, La Spezia, Pompei, Reggio Calabria, Sant\u2019Andrea di Conza, Savona.<\/p>\n\n\n\n<p>Riporto le motivazioni della giuria espresse a favore di Pordenone.<\/p>\n\n\n\n<p>Il dossier propone un modello di valorizzazione culturale innovativo e inclusivo, capace di coniugare tradizione e contemporaneit\u00e0. L\u2019approccio strategico mira a rafforzare l\u2019identit\u00e0 del territorio attraverso progetti che intrecciano patrimonio storico, arti visive, cinema e partecipazione attiva della comunit\u00e0. Particolarmente apprezzata \u00e8 la capacit\u00e0 di attivare un processo di coinvolgimento diffuso che reinterpreta il legame tra memoria, territorio e creativit\u00e0.<\/p>\n\n\n\n<p>Il dossier si distingue per la volont\u00e0 di rendere la cultura un motore di sviluppo sostenibile, con un programma articolato lungo l\u2019intero anno, capace di attrarre un pubblico ampio e diversificato. La strategia di investimento \u00e8 solida e coerente con gli obiettivi, con un impatto atteso significativo sul tessuto socio-economico. Apprezzata, inoltre, l\u2019integrazione tra istituzioni culturali, sistema museale, universitario e realt\u00e0 associative, che garantisce una rete solida e partecipativa. La particolare attenzione rivolta ai giovani, non solo come fruitori ma come protagonisti del processo creativo, conferma la visione dinamica e inclusiva del progetto.<\/p>\n\n\n\n<p>Il dossier soddisfa gli indicatori del bando, ponendosi come un modello di progettazione culturale innovativa e condivisa.<\/p>\n\n\n\n<h2 class=\"wp-block-heading\">Visitare Pordenone<\/h2>\n\n\n\n<figure class=\"wp-block-gallery has-nested-images columns-default is-cropped wp-block-gallery-3 is-layout-flex wp-block-gallery-is-layout-flex\">\n<figure class=\"wp-block-image size-large\"><img loading=\"lazy\" decoding=\"async\" width=\"766\" height=\"1024\" data-id=\"41341\" src=\"https:\/\/www.gamberetta.it\/wp-content\/uploads\/2026\/08\/IMG_20260814_113644.jpg\" alt=\"\" class=\"wp-image-41341\" srcset=\"https:\/\/www.gamberetta.it\/wp-content\/uploads\/2026\/08\/IMG_20260814_113644.jpg 766w, https:\/\/www.gamberetta.it\/wp-content\/uploads\/2026\/08\/IMG_20260814_113644-224x300.jpg 224w\" sizes=\"(max-width: 766px) 100vw, 766px\" \/><\/figure>\n\n\n\n<figure class=\"wp-block-image size-large\"><img loading=\"lazy\" decoding=\"async\" width=\"766\" height=\"1024\" data-id=\"41339\" src=\"https:\/\/www.gamberetta.it\/wp-content\/uploads\/2026\/08\/IMG_20260814_115544.jpg\" alt=\"\" class=\"wp-image-41339\" srcset=\"https:\/\/www.gamberetta.it\/wp-content\/uploads\/2026\/08\/IMG_20260814_115544.jpg 766w, https:\/\/www.gamberetta.it\/wp-content\/uploads\/2026\/08\/IMG_20260814_115544-224x300.jpg 224w\" sizes=\"(max-width: 766px) 100vw, 766px\" \/><\/figure>\n<\/figure>\n\n\n\n<p>Sono andata a vedere Pordenone nel fine settimana di Ferragosto, nel mezzo della torrida estate 2026, con una luce accecante che faceva risaltare ogni dettaglio dei magnifici edifici. Tra l&#8217;ombra dei portici, i lavori in corso, le impalcature e i cartelli ho passeggiato nel centro storico, incontrando ben poche persone. L&#8217;ufficio del turismo mi ha fornito tante informazioni utili e una mappa completissima con tutto quello che mi serviva. Ebbene S\u00ec, io uso ancora le cartine e le guide&#8230; Ho chiesto ad alcuni esercizi commerciali e strutture ricettive come si stanno preparando a questa grande occasione. &nbsp;Il loro entusiasmo per il titolo di Capitale italiana della Cultura 2027 mi ha fatto un gran piacere, qui non siamo n\u00e9 a Udine n\u00e9 a Trieste ma in una tranquilla cittadina di 50.000 abitanti. Questa prima visita \u00e8 stata un piccolo assaggio che voglio approfondire in un prossimo futuro, e l&#8217;occasione di fare la turista: ci sono passata vicino per lavoro, senza vedere letteralmente nulla. Torner\u00f2 presto a Pordenone, per saggiare l&#8217;offerta culturale ed enogastronomica pordenonese. Magari in treno, data la comodit\u00e0 della stazione \u201cattaccata\u201d al centro. E prover\u00f2 l&#8217;ospitalit\u00e0 degli amici pordenonesi perch\u00e9 nella fretta non mi sono fermata quasi mai.<\/p>\n\n\n\n<p><\/p>\n\n\n\n<h2 class=\"wp-block-heading\">La provincia di Pordenone<\/h2>\n\n\n\n<p><\/p>\n\n\n\n<p>Conosco molto meglio la provincia di Pordenone e le sue piccole perle di cui ho parlato ampiamente sul blog, e che non mi stanco mai di visitare. Posti come Maniago, Sacile e Spilimbergo tra i pi\u00f9 grandi, ma anche i piccolissimi paesi di Andreis, Barcis e Clauzetto appartengono alla mia storia sin dagli anni Ottanta quando sono andata a studiare Agraria a Udine, e mi sono affezionata al Friuli Venezia Giulia per sempre. Per non parlare dei pregiatissimi vini friulani, prodotti da cantine grandi e piccole. Sapete che vado a vedere su Wikipedia i dati statistici dei luoghi che visito? Pordenone ha 50 comuni, tra i primi dieci ci sono quelli pi\u00f9 attivi dal punto di vista economico come Casarsa della Delizia, San Vito al Tagliamento, Zoppola. Valvasone \u00e8 uno dei Borghi pi\u00f9 belli d&#8217;Italia. Pordenone non arriva al mare ma sale in altitudine sino alle montagne, conoscete Piancavallo? Le Dolomiti Friulane sono meno note, ma certo non meno belle, delle Dolomiti in Veneto e Trentino \u2013 Alto Adige. Venite a vedere!<\/p>\n\n\n\n<h2 class=\"wp-block-heading\">Come arrivare<\/h2>\n\n\n\n<p><br>Pordenone si raggiunge facilmente sia in auto, tramite la statale Pontebbana o l&#8217;autostrada A28, sia in treno. Si trova infatti sulla linea Venezia \u2013 Udine \u2013 Trieste ed \u00e8 ben servita dalla linea che arriva fino a Vienna, tramite le linee austriache OBB. Gli aeroporti pi\u00f9 vicini sono Ronchi dei Legionari e Venezia Marco Polo.<\/p>\n\n\n\n<h2 class=\"wp-block-heading\">A passeggio nel centro storico<\/h2>\n\n\n\n<figure class=\"wp-block-gallery has-nested-images columns-default is-cropped wp-block-gallery-4 is-layout-flex wp-block-gallery-is-layout-flex\">\n<figure class=\"wp-block-image size-large\"><img loading=\"lazy\" decoding=\"async\" width=\"766\" height=\"1024\" data-id=\"41345\" src=\"https:\/\/www.gamberetta.it\/wp-content\/uploads\/2026\/08\/IMG_20260814_131206.jpg\" alt=\"\" class=\"wp-image-41345\" srcset=\"https:\/\/www.gamberetta.it\/wp-content\/uploads\/2026\/08\/IMG_20260814_131206.jpg 766w, https:\/\/www.gamberetta.it\/wp-content\/uploads\/2026\/08\/IMG_20260814_131206-224x300.jpg 224w\" sizes=\"(max-width: 766px) 100vw, 766px\" \/><\/figure>\n\n\n\n<figure class=\"wp-block-image size-large\"><img loading=\"lazy\" decoding=\"async\" width=\"766\" height=\"1024\" data-id=\"41343\" src=\"https:\/\/www.gamberetta.it\/wp-content\/uploads\/2026\/08\/IMG_20260814_131650.jpg\" alt=\"\" class=\"wp-image-41343\" srcset=\"https:\/\/www.gamberetta.it\/wp-content\/uploads\/2026\/08\/IMG_20260814_131650.jpg 766w, https:\/\/www.gamberetta.it\/wp-content\/uploads\/2026\/08\/IMG_20260814_131650-224x300.jpg 224w\" sizes=\"(max-width: 766px) 100vw, 766px\" \/><\/figure>\n<\/figure>\n\n\n\n<p>Circondato da ampi viali di scorrimento, vie moderne e alti palazzi, il piccolo centro di Pordenone \u00e8 un borgo antico che si visita a piedi tranquillamente. Alcune vie del centro sono pedonali, in tutto o in parte.<\/p>\n\n\n\n<p>Un itinerario di visita del centro di Pordenone inizia idealmente dalla stazione ferroviaria, da dove bastano pochi minuti a piedi per entrare in centro, se vi capita di attraversare il fiume Noncello ricordate che esso rappresenta la storia antica della citt\u00e0. I Romani la chiamarono Portus Naonis a indicare il porto sul fiume, e il nome di Pordenone viene proprio da qui. Se venite in auto trovate parcheggi con le strisce blu a pagamento in centro, strisce bianche fuori dal centro.<\/p>\n\n\n\n<p>Le arterie principali sono Corso Garibaldi, Via Mazzini e soprattutto Corso Vittorio Emanuele II.<\/p>\n\n\n\n<figure class=\"wp-block-gallery has-nested-images columns-default is-cropped wp-block-gallery-5 is-layout-flex wp-block-gallery-is-layout-flex\">\n<figure class=\"wp-block-image size-large\"><img loading=\"lazy\" decoding=\"async\" width=\"766\" height=\"1024\" data-id=\"41347\" src=\"https:\/\/www.gamberetta.it\/wp-content\/uploads\/2026\/08\/IMG_20260814_115105.jpg\" alt=\"\" class=\"wp-image-41347\" srcset=\"https:\/\/www.gamberetta.it\/wp-content\/uploads\/2026\/08\/IMG_20260814_115105.jpg 766w, https:\/\/www.gamberetta.it\/wp-content\/uploads\/2026\/08\/IMG_20260814_115105-224x300.jpg 224w\" sizes=\"(max-width: 766px) 100vw, 766px\" \/><\/figure>\n\n\n\n<figure class=\"wp-block-image size-large\"><img loading=\"lazy\" decoding=\"async\" width=\"766\" height=\"1024\" data-id=\"41349\" src=\"https:\/\/www.gamberetta.it\/wp-content\/uploads\/2026\/08\/IMG_20260814_130853.jpg\" alt=\"\" class=\"wp-image-41349\" srcset=\"https:\/\/www.gamberetta.it\/wp-content\/uploads\/2026\/08\/IMG_20260814_130853.jpg 766w, https:\/\/www.gamberetta.it\/wp-content\/uploads\/2026\/08\/IMG_20260814_130853-224x300.jpg 224w\" sizes=\"(max-width: 766px) 100vw, 766px\" \/><\/figure>\n<\/figure>\n\n\n\n<p>Le chiese di Pordenone ricalcano la struttura urbanistica della citt\u00e0 antica. Un concentrato di architettura medievale e rinascimentale:<\/p>\n\n\n\n<ul class=\"wp-block-list\">\n<li>San Giorgio Martire con il campanile staccato che svetta nel cielo,<\/li>\n\n\n\n<li>la Santissima Trinit\u00e0 bellissima con la sua pianta ottagonale.<\/li>\n<\/ul>\n\n\n\n<p>Purtroppo le chiese che ho trovato sul mio cammino a volte sono nascoste tra edifici moderni, che ne oscurano la vista.<\/p>\n\n\n\n<h2 class=\"wp-block-heading\">Corso Vittorio Emanuele II<\/h2>\n\n\n\n<figure class=\"wp-block-gallery has-nested-images columns-default is-cropped wp-block-gallery-6 is-layout-flex wp-block-gallery-is-layout-flex\">\n<figure class=\"wp-block-image size-large\"><img loading=\"lazy\" decoding=\"async\" width=\"766\" height=\"1024\" data-id=\"41353\" src=\"https:\/\/www.gamberetta.it\/wp-content\/uploads\/2026\/08\/IMG_20260814_132516.jpg\" alt=\"\" class=\"wp-image-41353\" srcset=\"https:\/\/www.gamberetta.it\/wp-content\/uploads\/2026\/08\/IMG_20260814_132516.jpg 766w, https:\/\/www.gamberetta.it\/wp-content\/uploads\/2026\/08\/IMG_20260814_132516-224x300.jpg 224w\" sizes=\"(max-width: 766px) 100vw, 766px\" \/><\/figure>\n\n\n\n<figure class=\"wp-block-image size-large\"><img loading=\"lazy\" decoding=\"async\" width=\"766\" height=\"1024\" data-id=\"41351\" src=\"https:\/\/www.gamberetta.it\/wp-content\/uploads\/2026\/08\/IMG_20260814_133539.jpg\" alt=\"\" class=\"wp-image-41351\" srcset=\"https:\/\/www.gamberetta.it\/wp-content\/uploads\/2026\/08\/IMG_20260814_133539.jpg 766w, https:\/\/www.gamberetta.it\/wp-content\/uploads\/2026\/08\/IMG_20260814_133539-224x300.jpg 224w\" sizes=\"(max-width: 766px) 100vw, 766px\" \/><\/figure>\n<\/figure>\n\n\n\n<p>Piccole vie si dipartono qui attorno, in un leggero saliscendi.<\/p>\n\n\n\n<p>Palazzo Comunale e Loggia del Municipio con l&#8217;orologio astronomico. Costruiti in stile gotico, al momento sono avvolti dalle impalcature.<\/p>\n\n\n\n<p>Nella parte bassa si trovano la Piazzetta San Marco con il Duomo di San Marco e il vicino campanile, costruiti a partire dal XIII e XIV secolo. Fuori sono belli e scenografici, dentro il duomo \u00e8 carino ed \u00e8 arricchito dalle opere del pi\u00f9 importante pittore rinascimentale friulano, Giovani Antonio de&#8217; Sacchis detto \u201cil Pordenone\u201d. Qui in piazza c&#8217;\u00e8 anche la casa natale del Pordenone.<\/p>\n\n\n\n<p>Se \u00e8 vero che si pu\u00f2 salire sulla cima del campanile, alto quasi 80 metri, questa \u00e8 gi\u00e0 una buona ragione per tornare: la citt\u00e0 vista dall&#8217;alto!<\/p>\n\n\n\n<p>Cosa mi \u00e8 piaciuto di pi\u00f9: i portici, gli affreschi alle pareti dei palazzi, le botteghe. Le tante persone in bici.<\/p>\n\n\n\n<h2 class=\"wp-block-heading\">Le comunit\u00e0 ebraiche a Pordenone e in Friuli<\/h2>\n\n\n\n<figure class=\"wp-block-gallery has-nested-images columns-default is-cropped wp-block-gallery-7 is-layout-flex wp-block-gallery-is-layout-flex\">\n<figure class=\"wp-block-image size-large\"><img loading=\"lazy\" decoding=\"async\" width=\"766\" height=\"1024\" data-id=\"41355\" src=\"https:\/\/www.gamberetta.it\/wp-content\/uploads\/2026\/08\/IMG_20260814_132440.jpg\" alt=\"\" class=\"wp-image-41355\" srcset=\"https:\/\/www.gamberetta.it\/wp-content\/uploads\/2026\/08\/IMG_20260814_132440.jpg 766w, https:\/\/www.gamberetta.it\/wp-content\/uploads\/2026\/08\/IMG_20260814_132440-224x300.jpg 224w\" sizes=\"(max-width: 766px) 100vw, 766px\" \/><\/figure>\n\n\n\n<figure class=\"wp-block-image size-large\"><img loading=\"lazy\" decoding=\"async\" width=\"766\" height=\"1024\" data-id=\"41357\" src=\"https:\/\/www.gamberetta.it\/wp-content\/uploads\/2026\/08\/IMG_20260814_132756.jpg\" alt=\"\" class=\"wp-image-41357\" srcset=\"https:\/\/www.gamberetta.it\/wp-content\/uploads\/2026\/08\/IMG_20260814_132756.jpg 766w, https:\/\/www.gamberetta.it\/wp-content\/uploads\/2026\/08\/IMG_20260814_132756-224x300.jpg 224w\" sizes=\"(max-width: 766px) 100vw, 766px\" \/><\/figure>\n<\/figure>\n\n\n\n<p>Non \u00e8 certo il Friuli la parte della regione pi\u00f9 ricca di tali testimonianze, sono stata a San Daniele lo scorso gennaio e ora qui a Pordenone ho trovato qualcosa. Gli ebrei erano decisamente pi\u00f9 presenti in Venezia Giulia, in particolare tra Trieste, Gorizia e Gradisca di Isonzo (il mio itinerario \u00e8 quasi pronto da pubblicare!). A Pordenone sono stata fortunata, ho intercettato la lista delle pietre di inciampo, una ventina a oggi, e proprio qui in Corso Vittorio Emanuele II ne ho trovata una che ho fotografato, con il mio consueto sentimento dolceamaro di ritrovamento e perdita. La persona in oggetto, Virginio Micheluz, \u00e8 riuscita a tornare dal campo di concentramento di Dachau, per morire per\u00f2 poco dopo.<\/p>\n\n\n\n<h2 class=\"wp-block-heading\">I teatri e musei di Pordenone<\/h2>\n\n\n\n<figure class=\"wp-block-gallery has-nested-images columns-default is-cropped wp-block-gallery-8 is-layout-flex wp-block-gallery-is-layout-flex\">\n<figure class=\"wp-block-image size-large\"><img loading=\"lazy\" decoding=\"async\" width=\"766\" height=\"1024\" data-id=\"41359\" src=\"https:\/\/www.gamberetta.it\/wp-content\/uploads\/2026\/08\/IMG_20260814_110918.jpg\" alt=\"\" class=\"wp-image-41359\" srcset=\"https:\/\/www.gamberetta.it\/wp-content\/uploads\/2026\/08\/IMG_20260814_110918.jpg 766w, https:\/\/www.gamberetta.it\/wp-content\/uploads\/2026\/08\/IMG_20260814_110918-224x300.jpg 224w\" sizes=\"(max-width: 766px) 100vw, 766px\" \/><\/figure>\n\n\n\n<figure class=\"wp-block-image size-large\"><img loading=\"lazy\" decoding=\"async\" width=\"766\" height=\"1024\" data-id=\"41361\" src=\"https:\/\/www.gamberetta.it\/wp-content\/uploads\/2026\/08\/IMG_20260814_113733.jpg\" alt=\"\" class=\"wp-image-41361\" srcset=\"https:\/\/www.gamberetta.it\/wp-content\/uploads\/2026\/08\/IMG_20260814_113733.jpg 766w, https:\/\/www.gamberetta.it\/wp-content\/uploads\/2026\/08\/IMG_20260814_113733-224x300.jpg 224w\" sizes=\"(max-width: 766px) 100vw, 766px\" \/><\/figure>\n<\/figure>\n\n\n\n<p>La cultura a Pordenone si trova in palazzi e musei antichi e moderni. Da vedere alla prossima visita.<\/p>\n\n\n\n<ul class=\"wp-block-list\">\n<li>Palazzo Ricchieri ospita il Museo Civico d&#8217;arte.<\/li>\n\n\n\n<li>Al Parco Galvani c&#8217;\u00e8 la Galleria d&#8217;Arte Moderna Armando Pizzinato e il Museo del Fumetto.<\/li>\n\n\n\n<li>La Galleria Harry Bertoia \u00e8 dedicata a mostre temporanee.<\/li>\n\n\n\n<li>Il Teatro Comunale Giuseppe Verdi spicca con la sua struttura moderna e avveniristica.<\/li>\n<\/ul>\n\n\n\n<p>E poi<\/p>\n\n\n\n<ul class=\"wp-block-list\">\n<li>Museo Civico di Storia Naturale<\/li>\n\n\n\n<li>Museo Diocesano di Arte Sacra<\/li>\n\n\n\n<li>Museo Archeologico del Friuli Occidentale<\/li>\n<\/ul>\n\n\n\n<p><\/p>\n\n\n\n<h2 class=\"wp-block-heading\">Il racconto della visita sulla mia pagina Facebook Gamberetta Travelblog<\/h2>\n\n\n\n<figure class=\"wp-block-gallery has-nested-images columns-default is-cropped wp-block-gallery-9 is-layout-flex wp-block-gallery-is-layout-flex\">\n<figure class=\"wp-block-image size-large\"><img loading=\"lazy\" decoding=\"async\" width=\"766\" height=\"1024\" data-id=\"41365\" src=\"https:\/\/www.gamberetta.it\/wp-content\/uploads\/2026\/08\/IMG_20260814_120146.jpg\" alt=\"\" class=\"wp-image-41365\" srcset=\"https:\/\/www.gamberetta.it\/wp-content\/uploads\/2026\/08\/IMG_20260814_120146.jpg 766w, https:\/\/www.gamberetta.it\/wp-content\/uploads\/2026\/08\/IMG_20260814_120146-224x300.jpg 224w\" sizes=\"(max-width: 766px) 100vw, 766px\" \/><\/figure>\n\n\n\n<figure class=\"wp-block-image size-large\"><img loading=\"lazy\" decoding=\"async\" width=\"766\" height=\"1024\" data-id=\"41363\" src=\"https:\/\/www.gamberetta.it\/wp-content\/uploads\/2026\/08\/IMG_20260814_123714.jpg\" alt=\"\" class=\"wp-image-41363\" srcset=\"https:\/\/www.gamberetta.it\/wp-content\/uploads\/2026\/08\/IMG_20260814_123714.jpg 766w, https:\/\/www.gamberetta.it\/wp-content\/uploads\/2026\/08\/IMG_20260814_123714-224x300.jpg 224w\" sizes=\"(max-width: 766px) 100vw, 766px\" \/><\/figure>\n<\/figure>\n\n\n\n<p>17 08 &nbsp;Verso Pordenone 2027 \u2013 la citt\u00e0 si prepara a diventare capitale italiana della cultura ed \u00e8 tutta in fermento. L&#8217;antica Portus Naonis \u00e8 una cittadina bagnata dal fiume Noncello, con una scena culturale attiva tutto l&#8217;anno. Festival del cinema muto. Pordenone legge sono solo due degli appuntamenti fissi. Ho preso un caff\u00e8 per iniziare le visite agli hotel con pi\u00f9 energia. Grazie Massimo (hotel damodoro). Ho preso una cartina all&#8217;ufficio turistico e ho camminato tra il centro e le parti moderne, tra ampi viali a quattro corsie e strade pedonali, tra i portici e la luce accecante di questa torrida estate 2026. Alcune tappe: Le chiese di Pordenone. Il duomo di San Marco, la Trinit\u00e0, san Giorgio martire. Le pietre di inciampo, sono stata fortunata a vedere quella in corso Vittorio Emanuele II. Alberghi nuovi e storici, piccoli e grandi, aperti e chiusi. Ora scrivo il mio piccolo itinerario poi torner\u00f2.<\/p>\n\n\n\n<p><br>Per saperne di pi\u00f9 &nbsp;&nbsp;<a href=\"https:\/\/www.pordenonecapitale2027.it\/\">https:\/\/www.pordenonecapitale2027.it\/<\/a><br>&nbsp;<\/p>\n\n\n\n<p>Ti \u00e8 piaciuto questo articolo su Pordenone e il Friuli Venezia Giulia? Allora leggi anche gli altri, li trovi qui<\/p>\n\n\n\n<figure class=\"wp-block-embed is-type-wp-embed is-provider-gamberetta wp-block-embed-gamberetta\"><div class=\"wp-block-embed__wrapper\">\n<blockquote class=\"wp-embedded-content\" data-secret=\"HxPhsSojuq\"><a href=\"https:\/\/www.gamberetta.it\/it\/myselfsudime\/molto-a-nordest\/\">Molto a nordest<\/a><\/blockquote><iframe loading=\"lazy\" class=\"wp-embedded-content\" sandbox=\"allow-scripts\" security=\"restricted\" style=\"position: absolute; visibility: hidden;\" title=\"&#8220;Molto a nordest&#8221; &#8212; Gamberetta\" src=\"https:\/\/www.gamberetta.it\/it\/myselfsudime\/molto-a-nordest\/embed\/#?secret=c03oiQx77H#?secret=HxPhsSojuq\" data-secret=\"HxPhsSojuq\" width=\"600\" height=\"338\" frameborder=\"0\" marginwidth=\"0\" marginheight=\"0\" scrolling=\"no\"><\/iframe>\n<\/div><\/figure>\n","protected":false},"excerpt":{"rendered":"<p>Pordenone si prepara a diventare Capitale Italiana della Cultura, nel 2027 il capoluogo di provincia friulano sar\u00e0 sotto i riflettori e ricever\u00e0 nuovi visitatori, all&#8217;insegna della Cultura a 360 gradi. Prima di Pordenone, Gorizia nel 2025 \u00e8 stata Capitale Europea della Cultura assieme a Nova Gorica, un periodo di fama e grande visibilit\u00e0 internazionale. Il &hellip; <a class=\"more-link\" href=\"https:\/\/www.gamberetta.it\/it\/2026\/08\/31\/cosa-vedere-pordenone\/\">Leggi tutto<i class=\"ion-ios-arrow-thin-right\"><\/i><\/a><\/p>\n","protected":false},"author":2,"featured_media":41332,"comment_status":"open","ping_status":"closed","sticky":false,"template":"","format":"standard","meta":{"footnotes":""},"categories":[68,34],"tags":[3764,3765,3763],"class_list":["post-41330","post","type-post","status-publish","format-standard","has-post-thumbnail","hentry","category-food-wine","category-viaggi-italia-europa","tag-il-progetto-pordenone-2027-citta-che-sorprende","tag-pordenone-capitale-italiana-della-cultura-2027","tag-pordenone-cosa-vedere"],"yoast_head":"<!-- This site is optimized with the Yoast SEO plugin v23.5 - https:\/\/yoast.com\/wordpress\/plugins\/seo\/ -->\n<title>Cosa vedere a Pordenone Capitale italiana della Cultura 2027 - Gamberetta<\/title>\n<meta name=\"robots\" content=\"index, follow, max-snippet:-1, max-image-preview:large, max-video-preview:-1\" \/>\n<link rel=\"canonical\" href=\"https:\/\/www.gamberetta.it\/it\/2026\/08\/31\/cosa-vedere-pordenone\/\" \/>\n<meta property=\"og:locale\" content=\"it_IT\" \/>\n<meta property=\"og:type\" content=\"article\" \/>\n<meta property=\"og:title\" content=\"Cosa vedere a Pordenone Capitale italiana della Cultura 2027 - Gamberetta\" \/>\n<meta property=\"og:description\" content=\"Pordenone si prepara a diventare Capitale Italiana della Cultura, nel 2027 il capoluogo di provincia friulano sar\u00e0 sotto i riflettori e ricever\u00e0 nuovi visitatori, all&#8217;insegna della Cultura a 360 gradi. Prima di Pordenone, Gorizia nel 2025 \u00e8 stata Capitale Europea della Cultura assieme a Nova Gorica, un periodo di fama e grande visibilit\u00e0 internazionale. Il &hellip; Leggi tutto\" \/>\n<meta property=\"og:url\" content=\"https:\/\/www.gamberetta.it\/it\/2026\/08\/31\/cosa-vedere-pordenone\/\" \/>\n<meta property=\"og:site_name\" content=\"Gamberetta\" \/>\n<meta property=\"article:publisher\" content=\"https:\/\/www.facebook.com\/Gamberettatravelblog\" \/>\n<meta property=\"article:published_time\" content=\"2026-08-31T07:46:00+00:00\" \/>\n<meta property=\"article:modified_time\" content=\"2026-08-26T16:30:08+00:00\" \/>\n<meta property=\"og:image\" content=\"https:\/\/www.gamberetta.it\/wp-content\/uploads\/2026\/08\/IMG_20260814_133119.jpg\" \/>\n\t<meta property=\"og:image:width\" content=\"1024\" \/>\n\t<meta property=\"og:image:height\" content=\"766\" \/>\n\t<meta property=\"og:image:type\" content=\"image\/jpeg\" \/>\n<meta name=\"author\" content=\"gamberetta\" \/>\n<meta name=\"twitter:card\" content=\"summary_large_image\" \/>\n<meta name=\"twitter:creator\" content=\"@robertazennaro\" \/>\n<meta name=\"twitter:site\" content=\"@robertazennaro\" \/>\n<meta name=\"twitter:label1\" content=\"Scritto da\" \/>\n\t<meta name=\"twitter:data1\" content=\"gamberetta\" \/>\n\t<meta name=\"twitter:label2\" content=\"Tempo di lettura stimato\" \/>\n\t<meta name=\"twitter:data2\" content=\"12 minuti\" \/>\n<script type=\"application\/ld+json\" class=\"yoast-schema-graph\">{\"@context\":\"https:\/\/schema.org\",\"@graph\":[{\"@type\":\"WebPage\",\"@id\":\"https:\/\/www.gamberetta.it\/it\/2026\/08\/31\/cosa-vedere-pordenone\/\",\"url\":\"https:\/\/www.gamberetta.it\/it\/2026\/08\/31\/cosa-vedere-pordenone\/\",\"name\":\"Cosa vedere a Pordenone Capitale italiana della Cultura 2027 - Gamberetta\",\"isPartOf\":{\"@id\":\"https:\/\/www.gamberetta.it\/it\/#website\"},\"primaryImageOfPage\":{\"@id\":\"https:\/\/www.gamberetta.it\/it\/2026\/08\/31\/cosa-vedere-pordenone\/#primaryimage\"},\"image\":{\"@id\":\"https:\/\/www.gamberetta.it\/it\/2026\/08\/31\/cosa-vedere-pordenone\/#primaryimage\"},\"thumbnailUrl\":\"https:\/\/www.gamberetta.it\/wp-content\/uploads\/2026\/08\/IMG_20260814_133119.jpg\",\"datePublished\":\"2026-08-31T07:46:00+00:00\",\"dateModified\":\"2026-08-26T16:30:08+00:00\",\"author\":{\"@id\":\"https:\/\/www.gamberetta.it\/it\/#\/schema\/person\/7a4a919927c944edb5f3f9c665590124\"},\"breadcrumb\":{\"@id\":\"https:\/\/www.gamberetta.it\/it\/2026\/08\/31\/cosa-vedere-pordenone\/#breadcrumb\"},\"inLanguage\":\"it-IT\",\"potentialAction\":[{\"@type\":\"ReadAction\",\"target\":[\"https:\/\/www.gamberetta.it\/it\/2026\/08\/31\/cosa-vedere-pordenone\/\"]}]},{\"@type\":\"ImageObject\",\"inLanguage\":\"it-IT\",\"@id\":\"https:\/\/www.gamberetta.it\/it\/2026\/08\/31\/cosa-vedere-pordenone\/#primaryimage\",\"url\":\"https:\/\/www.gamberetta.it\/wp-content\/uploads\/2026\/08\/IMG_20260814_133119.jpg\",\"contentUrl\":\"https:\/\/www.gamberetta.it\/wp-content\/uploads\/2026\/08\/IMG_20260814_133119.jpg\",\"width\":1024,\"height\":766,\"caption\":\"pordenone\"},{\"@type\":\"BreadcrumbList\",\"@id\":\"https:\/\/www.gamberetta.it\/it\/2026\/08\/31\/cosa-vedere-pordenone\/#breadcrumb\",\"itemListElement\":[{\"@type\":\"ListItem\",\"position\":1,\"name\":\"Home\",\"item\":\"https:\/\/www.gamberetta.it\/it\/\"},{\"@type\":\"ListItem\",\"position\":2,\"name\":\"Cosa vedere a Pordenone Capitale italiana della Cultura 2027\"}]},{\"@type\":\"WebSite\",\"@id\":\"https:\/\/www.gamberetta.it\/it\/#website\",\"url\":\"https:\/\/www.gamberetta.it\/it\/\",\"name\":\"Gamberetta\",\"description\":\"Il mio blog senza fronzoli: pensieri e parole, sempre e ovunque in viaggio\",\"potentialAction\":[{\"@type\":\"SearchAction\",\"target\":{\"@type\":\"EntryPoint\",\"urlTemplate\":\"https:\/\/www.gamberetta.it\/it\/?s={search_term_string}\"},\"query-input\":{\"@type\":\"PropertyValueSpecification\",\"valueRequired\":true,\"valueName\":\"search_term_string\"}}],\"inLanguage\":\"it-IT\"},{\"@type\":\"Person\",\"@id\":\"https:\/\/www.gamberetta.it\/it\/#\/schema\/person\/7a4a919927c944edb5f3f9c665590124\",\"name\":\"gamberetta\",\"image\":{\"@type\":\"ImageObject\",\"inLanguage\":\"it-IT\",\"@id\":\"https:\/\/www.gamberetta.it\/it\/#\/schema\/person\/image\/\",\"url\":\"https:\/\/secure.gravatar.com\/avatar\/7ef5d82656b8958070b4f589b7ae1784?s=96&d=mm&r=g\",\"contentUrl\":\"https:\/\/secure.gravatar.com\/avatar\/7ef5d82656b8958070b4f589b7ae1784?s=96&d=mm&r=g\",\"caption\":\"gamberetta\"},\"description\":\"Sono Toro ascendente Scorpione, terra di contrasti dove ora prevale una met\u00e0, ora l\u2019altra. L\u2019infanzia in Veneto e gli ultimi anni passati a Milano hanno sviluppato in me una serie ulteriore di conflitti. Scrivo da sempre, la scrittura \u00e8 la migliore forma espressiva che mi consente di fissare concetti altrimenti sospesi nell\u2019aria. Da bambina scrivevo poesie con uno stile quasi leopardiano poi sono passata ai diari di viaggio dalla prima volta in USA nel 1998 e non ho pi\u00f9 smesso...\",\"url\":\"https:\/\/www.gamberetta.it\/it\/author\/gamberettarossa\/\"}]}<\/script>\n<!-- \/ Yoast SEO plugin. -->","yoast_head_json":{"title":"Cosa vedere a Pordenone Capitale italiana della Cultura 2027 - Gamberetta","robots":{"index":"index","follow":"follow","max-snippet":"max-snippet:-1","max-image-preview":"max-image-preview:large","max-video-preview":"max-video-preview:-1"},"canonical":"https:\/\/www.gamberetta.it\/it\/2026\/08\/31\/cosa-vedere-pordenone\/","og_locale":"it_IT","og_type":"article","og_title":"Cosa vedere a Pordenone Capitale italiana della Cultura 2027 - Gamberetta","og_description":"Pordenone si prepara a diventare Capitale Italiana della Cultura, nel 2027 il capoluogo di provincia friulano sar\u00e0 sotto i riflettori e ricever\u00e0 nuovi visitatori, all&#8217;insegna della Cultura a 360 gradi. Prima di Pordenone, Gorizia nel 2025 \u00e8 stata Capitale Europea della Cultura assieme a Nova Gorica, un periodo di fama e grande visibilit\u00e0 internazionale. Il &hellip; Leggi tutto","og_url":"https:\/\/www.gamberetta.it\/it\/2026\/08\/31\/cosa-vedere-pordenone\/","og_site_name":"Gamberetta","article_publisher":"https:\/\/www.facebook.com\/Gamberettatravelblog","article_published_time":"2026-08-31T07:46:00+00:00","article_modified_time":"2026-08-26T16:30:08+00:00","og_image":[{"width":1024,"height":766,"url":"https:\/\/www.gamberetta.it\/wp-content\/uploads\/2026\/08\/IMG_20260814_133119.jpg","type":"image\/jpeg"}],"author":"gamberetta","twitter_card":"summary_large_image","twitter_creator":"@robertazennaro","twitter_site":"@robertazennaro","twitter_misc":{"Scritto da":"gamberetta","Tempo di lettura stimato":"12 minuti"},"schema":{"@context":"https:\/\/schema.org","@graph":[{"@type":"WebPage","@id":"https:\/\/www.gamberetta.it\/it\/2026\/08\/31\/cosa-vedere-pordenone\/","url":"https:\/\/www.gamberetta.it\/it\/2026\/08\/31\/cosa-vedere-pordenone\/","name":"Cosa vedere a Pordenone Capitale italiana della Cultura 2027 - Gamberetta","isPartOf":{"@id":"https:\/\/www.gamberetta.it\/it\/#website"},"primaryImageOfPage":{"@id":"https:\/\/www.gamberetta.it\/it\/2026\/08\/31\/cosa-vedere-pordenone\/#primaryimage"},"image":{"@id":"https:\/\/www.gamberetta.it\/it\/2026\/08\/31\/cosa-vedere-pordenone\/#primaryimage"},"thumbnailUrl":"https:\/\/www.gamberetta.it\/wp-content\/uploads\/2026\/08\/IMG_20260814_133119.jpg","datePublished":"2026-08-31T07:46:00+00:00","dateModified":"2026-08-26T16:30:08+00:00","author":{"@id":"https:\/\/www.gamberetta.it\/it\/#\/schema\/person\/7a4a919927c944edb5f3f9c665590124"},"breadcrumb":{"@id":"https:\/\/www.gamberetta.it\/it\/2026\/08\/31\/cosa-vedere-pordenone\/#breadcrumb"},"inLanguage":"it-IT","potentialAction":[{"@type":"ReadAction","target":["https:\/\/www.gamberetta.it\/it\/2026\/08\/31\/cosa-vedere-pordenone\/"]}]},{"@type":"ImageObject","inLanguage":"it-IT","@id":"https:\/\/www.gamberetta.it\/it\/2026\/08\/31\/cosa-vedere-pordenone\/#primaryimage","url":"https:\/\/www.gamberetta.it\/wp-content\/uploads\/2026\/08\/IMG_20260814_133119.jpg","contentUrl":"https:\/\/www.gamberetta.it\/wp-content\/uploads\/2026\/08\/IMG_20260814_133119.jpg","width":1024,"height":766,"caption":"pordenone"},{"@type":"BreadcrumbList","@id":"https:\/\/www.gamberetta.it\/it\/2026\/08\/31\/cosa-vedere-pordenone\/#breadcrumb","itemListElement":[{"@type":"ListItem","position":1,"name":"Home","item":"https:\/\/www.gamberetta.it\/it\/"},{"@type":"ListItem","position":2,"name":"Cosa vedere a Pordenone Capitale italiana della Cultura 2027"}]},{"@type":"WebSite","@id":"https:\/\/www.gamberetta.it\/it\/#website","url":"https:\/\/www.gamberetta.it\/it\/","name":"Gamberetta","description":"Il mio blog senza fronzoli: pensieri e parole, sempre e ovunque in viaggio","potentialAction":[{"@type":"SearchAction","target":{"@type":"EntryPoint","urlTemplate":"https:\/\/www.gamberetta.it\/it\/?s={search_term_string}"},"query-input":{"@type":"PropertyValueSpecification","valueRequired":true,"valueName":"search_term_string"}}],"inLanguage":"it-IT"},{"@type":"Person","@id":"https:\/\/www.gamberetta.it\/it\/#\/schema\/person\/7a4a919927c944edb5f3f9c665590124","name":"gamberetta","image":{"@type":"ImageObject","inLanguage":"it-IT","@id":"https:\/\/www.gamberetta.it\/it\/#\/schema\/person\/image\/","url":"https:\/\/secure.gravatar.com\/avatar\/7ef5d82656b8958070b4f589b7ae1784?s=96&d=mm&r=g","contentUrl":"https:\/\/secure.gravatar.com\/avatar\/7ef5d82656b8958070b4f589b7ae1784?s=96&d=mm&r=g","caption":"gamberetta"},"description":"Sono Toro ascendente Scorpione, terra di contrasti dove ora prevale una met\u00e0, ora l\u2019altra. L\u2019infanzia in Veneto e gli ultimi anni passati a Milano hanno sviluppato in me una serie ulteriore di conflitti. Scrivo da sempre, la scrittura \u00e8 la migliore forma espressiva che mi consente di fissare concetti altrimenti sospesi nell\u2019aria. Da bambina scrivevo poesie con uno stile quasi leopardiano poi sono passata ai diari di viaggio dalla prima volta in USA nel 1998 e non ho pi\u00f9 smesso...","url":"https:\/\/www.gamberetta.it\/it\/author\/gamberettarossa\/"}]}},"_links":{"self":[{"href":"https:\/\/www.gamberetta.it\/it\/wp-json\/wp\/v2\/posts\/41330"}],"collection":[{"href":"https:\/\/www.gamberetta.it\/it\/wp-json\/wp\/v2\/posts"}],"about":[{"href":"https:\/\/www.gamberetta.it\/it\/wp-json\/wp\/v2\/types\/post"}],"author":[{"embeddable":true,"href":"https:\/\/www.gamberetta.it\/it\/wp-json\/wp\/v2\/users\/2"}],"replies":[{"embeddable":true,"href":"https:\/\/www.gamberetta.it\/it\/wp-json\/wp\/v2\/comments?post=41330"}],"version-history":[{"count":3,"href":"https:\/\/www.gamberetta.it\/it\/wp-json\/wp\/v2\/posts\/41330\/revisions"}],"predecessor-version":[{"id":41371,"href":"https:\/\/www.gamberetta.it\/it\/wp-json\/wp\/v2\/posts\/41330\/revisions\/41371"}],"wp:featuredmedia":[{"embeddable":true,"href":"https:\/\/www.gamberetta.it\/it\/wp-json\/wp\/v2\/media\/41332"}],"wp:attachment":[{"href":"https:\/\/www.gamberetta.it\/it\/wp-json\/wp\/v2\/media?parent=41330"}],"wp:term":[{"taxonomy":"category","embeddable":true,"href":"https:\/\/www.gamberetta.it\/it\/wp-json\/wp\/v2\/categories?post=41330"},{"taxonomy":"post_tag","embeddable":true,"href":"https:\/\/www.gamberetta.it\/it\/wp-json\/wp\/v2\/tags?post=41330"}],"curies":[{"name":"wp","href":"https:\/\/api.w.org\/{rel}","templated":true}]}}