{"id":446,"date":"2012-10-01T07:05:26","date_gmt":"2012-10-01T07:05:26","guid":{"rendered":"https:\/\/www.gamberetta.it\/?p=446"},"modified":"2021-08-21T19:19:57","modified_gmt":"2021-08-21T17:19:57","slug":"un-po-di-storia-mia","status":"publish","type":"post","link":"https:\/\/www.gamberetta.it\/it\/2012\/10\/01\/un-po-di-storia-mia\/","title":{"rendered":"UN PO&#8217; DI STORIA MIA"},"content":{"rendered":"\n<h2 class=\"wp-block-heading\">Scritto negli anni 2005-2007<\/h2>\n\n\n\n<p><br>Sapessi com&#8217;\u00e8 strano, essere senza soldi a Milano. Se non fosse la parafrasi di una nota canzone potrebbe essere il ritornello che ripetono tante persone, venute qui a lavorare o a cercare fortuna in questi decenni in cui la citt\u00e0 ha accolto prima gli italiani e poi, a migliaia, gli stranieri.<\/p>\n\n\n\n<p><br>Essere senza soldi a Milano, quindi, \u00e8 una condizione triste e per nulla strana che accomuna me a tanta gente alla ricerca quotidiana di un modo dignitoso per arrivare alla fine mese, senza dover chiedere soldi alla famiglia che oltre tutto \u00e8 lontana e che &#8220;non posso andare a trovare solo per lavare le lenzuola e farmi prestare denaro&#8221; come saggiamente ha notato un&#8217;amica che mi conosce bene. Capita che Milano sia la citt\u00e0 pi\u00f9 cara d&#8217;Italia ma anche Venezia non scherza. I miei stanno a Mestre, quel brutto posto vicino a Venezia dove di solito si \u00e8 di passaggio e si vede la stazione o l&#8217;aeroporto, Mestre che \u00e8 sulla bocca della gente quasi solo per citare l&#8217;assurda tangenziale, trafficata anche di notte.<\/p>\n\n\n\n<p><br>Sospesi tra uno sviluppo industriale finito troppo presto, poi nella crisi di un modello e alla ricerca di nuovi sbocchi occupazionali, quando per\u00f2 la finzione delle nuove sfide attuali ha fatto capolino senza avvisare, i milanesi hanno visto trasformare l&#8217;identit\u00e0 della citt\u00e0 e i rapporti tra le persone senza poterci fare nulla. Solo chi se n&#8217;\u00e8 andato ora capisce e ripete che Milano \u00e8 cambiata, perch\u00e9 non ha senso che Piazzale Loreto sia super affollata anche di notte e che il parcheggio della darsena dei navigli sia pieno fino a tarda notte di auto provenienti soprattutto da fuori. Queste persone emigrate a loro volta, di solito per lavoro o per amore, sentono che hanno perso qualcosa e soprattutto grazie a loro chi rimane pu\u00f2 notare i piccoli cambiamenti quotidiani, spesso in peggio, che subisce la loro citt\u00e0 di adozione.<br>Oggi \u00e8 facile riempirsi la bocca con stereotipi quali i benefici della globalizzazione, la riconversione industriale, la creazione di tendenze e le nuove opportunit\u00e0 occupazionali. Di fatto flessibilit\u00e0 fa rima con precariet\u00e0 e, per fasce sempre pi\u00f9 ampie di popolazione me compresa, obiettivi un tempo normali come poter comprare una casa o mettere su famiglia diventano prospettive lontane, e restano appannaggio di poche persone, quasi sempre le stesse.<br>I soldi, le lire e ora i famigerati euro che ci teniamo stretti nel portafoglio, sono il tormento di chi ha in tasca qualcosa che non sa quantificare, che potrebbe bastare per fare la spesa ma sar\u00e0 sempre di pi\u00f9 di quanto era necessario fino al 2001. Nessuna statistica ufficiale toglier\u00e0 dalla testa della povera gente la convinzione che ora tutto \u00e8 pi\u00f9 caro, \u00e8 cos\u00ec caro da fare veramente fatica ad arrivare alla fine del mese, alla faccia delle belle parole dei politici di turno.<br>Altri miraggi, che dal dopoguerra avevano supportato lo sviluppo e l&#8217;urbanizzazione favorendo una non difficile scalata economica e spesso anche la mobilit\u00e0 sociale, stanno scomparendo o peggio regredendo verso una mobilit\u00e0 al rovescio. Impiegati a vario livello, colletti blu, manager affermati e benestanti perdono colpi sotto la scure di aziende che ristrutturano, delocalizzano e chiedono di &#8220;pensare globale&#8221; quando poi localmente hanno un solo pensiero: risparmiare, quindi tagliare e licenziare, oppure fare in modo che una persona oggi svolga il lavoro che pochi anni fa facevano due o pi\u00f9 persone. Sembra che al lavoro non ci sia pi\u00f9 posto per tutti e che ci aspettino anni ancora pi\u00f9 bui, dove altri tagli metteranno pesantemente in discussione un modello di lavoro e di societ\u00e0 sempre pi\u00f9 simile a una corda tirata, una corda che, realisticamente, un giorno potrebbe spezzarsi.<\/p>\n\n\n\n<p><br>Se possiamo &#8220;ringraziare&#8221; qualcuno della situazione che si \u00e8 creata nell&#8217;ultimo decennio, molto \u00e8 dovuto alla tecnologia, senza dubbio i computer, internet e i telefonini hanno rivoluzionato il nostro modo di lavorare. Dieci anni fa andai per un periodo in Sud America per lavoro e non mi dispiace ricordare che tutte le sere ricevevo in albergo un lungo rotolino di carta chimica, il fax con cui l&#8217;ufficio dall&#8217;Italia mi trasmetteva le cose da fare, con il quale chiudevo la giornata nella mia stanza. Ci\u00f2 mi costringeva spesso a spegnere la luce tardi, ma almeno mi gestivo meglio gli spazi mentre ora nella stessa situazione potrei ricevere in ogni momento un messaggio tipo &#8220;ti ho appena mandato una email, per favore scaricala subito, ho bisogno di una risposta entro mezz&#8217;ora&#8221;. Ma \u00e8 questo il modo di lavorare?<br>Per non parlare di noi donne che seguendo la scia di diritti reclamati dalle nostre madri abbiamo investito e sacrificato tantissimo, ora ci ritroviamo a fare bilanci sui traguardi raggiunti dall&#8217;inizio dell&#8217;emancipazione femminile e tante, troppe volte, realizziamo che il prezzo pagato \u00e8 decisamente alto, senza che gli uomini abbiano dato altrettanto alla causa delle pari opportunit\u00e0.<\/p>\n\n\n\n<p><br>Senza soldi a Milano non \u00e8 un manuale di sopravvivenza urbana ma vorrebbe essere piuttosto il compendio dei miei quasi tre anni passati qui a lavorare (non sempre), a studiare, a cercare di crescere per trovare la mia strada in mezzo al difficile percorso dei miei coetanei, amici e conoscenti, cresciuti senza lo spettro della guerra, educati ad una competizione a volte spietata e oggi sballottati verso un futuro incerto. Da quando ho deciso di scrivere queste esperienze mi sono resa conto che devo ancora vedere tante, tantissime cose della citt\u00e0 che mi ha accolto. Penso che chieder\u00f2 supporto ai miei amici per fare delle visite mirate e annotare le mie &#8211; nostre impressioni, con la scusa di passare del tempo in questi locali.<\/p>\n\n\n\n<p><br>Per concludere, senza soldi a Milano \u00e8 pi\u00f9 di tutto un modo di essere e diventa cos\u00ec l&#8217;ammissione di una situazione comune a tante persone che, spero, si riconosceranno negli aneddoti e nelle storie che mi appresto a raccontare. A tutti auguro una buona lettura. Roberta.<\/p>\n\n\n\n<p>Ti \u00e8 piaciuto questo post su Milano e la Lombardia? Allora leggi anche gli altri, li trovi qui:<\/p>\n\n\n\n<p><a href=\"https:\/\/www.gamberetta.it\/it\/myselfsudime\/milano-e-la-lombardia\/\">https:\/\/www.gamberetta.it\/it\/myselfsudime\/milano-e-la-lombardia\/<\/a><\/p>\n","protected":false},"excerpt":{"rendered":"<p>Scritto negli anni 2005-2007 Sapessi com&#8217;\u00e8 strano, essere senza soldi a Milano. Se non fosse la parafrasi di una nota canzone potrebbe essere il ritornello che ripetono tante persone, venute qui a lavorare o a cercare fortuna in questi decenni in cui la citt\u00e0 ha accolto prima gli italiani e poi, a migliaia, gli stranieri. &hellip; <a class=\"more-link\" href=\"https:\/\/www.gamberetta.it\/it\/2012\/10\/01\/un-po-di-storia-mia\/\">Leggi tutto<i class=\"ion-ios-arrow-thin-right\"><\/i><\/a><\/p>\n","protected":false},"author":2,"featured_media":0,"comment_status":"open","ping_status":"closed","sticky":false,"template":"","format":"standard","meta":{"footnotes":""},"categories":[73,28],"tags":[],"class_list":["post-446","post","type-post","status-publish","format-standard","hentry","category-milano","category-myself"],"yoast_head":"<!-- This site is optimized with the Yoast SEO plugin v23.5 - https:\/\/yoast.com\/wordpress\/plugins\/seo\/ -->\n<title>UN PO&#039; DI STORIA MIA - Gamberetta<\/title>\n<meta name=\"robots\" content=\"index, follow, max-snippet:-1, max-image-preview:large, max-video-preview:-1\" \/>\n<link rel=\"canonical\" href=\"https:\/\/www.gamberetta.it\/it\/2012\/10\/01\/un-po-di-storia-mia\/\" \/>\n<meta property=\"og:locale\" content=\"it_IT\" \/>\n<meta property=\"og:type\" content=\"article\" \/>\n<meta property=\"og:title\" content=\"UN PO&#039; DI STORIA MIA - Gamberetta\" \/>\n<meta property=\"og:description\" content=\"Scritto negli anni 2005-2007 Sapessi com&#8217;\u00e8 strano, essere senza soldi a Milano. Se non fosse la parafrasi di una nota canzone potrebbe essere il ritornello che ripetono tante persone, venute qui a lavorare o a cercare fortuna in questi decenni in cui la citt\u00e0 ha accolto prima gli italiani e poi, a migliaia, gli stranieri. &hellip; Leggi tutto\" \/>\n<meta property=\"og:url\" content=\"https:\/\/www.gamberetta.it\/it\/2012\/10\/01\/un-po-di-storia-mia\/\" \/>\n<meta property=\"og:site_name\" content=\"Gamberetta\" \/>\n<meta property=\"article:publisher\" content=\"https:\/\/www.facebook.com\/Gamberettatravelblog\" \/>\n<meta property=\"article:published_time\" content=\"2012-10-01T07:05:26+00:00\" \/>\n<meta property=\"article:modified_time\" content=\"2021-08-21T17:19:57+00:00\" \/>\n<meta name=\"author\" content=\"gamberetta\" \/>\n<meta name=\"twitter:card\" content=\"summary_large_image\" \/>\n<meta name=\"twitter:creator\" content=\"@robertazennaro\" \/>\n<meta name=\"twitter:site\" content=\"@robertazennaro\" \/>\n<meta name=\"twitter:label1\" content=\"Scritto da\" \/>\n\t<meta name=\"twitter:data1\" content=\"gamberetta\" \/>\n\t<meta name=\"twitter:label2\" content=\"Tempo di lettura stimato\" \/>\n\t<meta name=\"twitter:data2\" content=\"5 minuti\" \/>\n<script type=\"application\/ld+json\" class=\"yoast-schema-graph\">{\"@context\":\"https:\/\/schema.org\",\"@graph\":[{\"@type\":\"WebPage\",\"@id\":\"https:\/\/www.gamberetta.it\/it\/2012\/10\/01\/un-po-di-storia-mia\/\",\"url\":\"https:\/\/www.gamberetta.it\/it\/2012\/10\/01\/un-po-di-storia-mia\/\",\"name\":\"UN PO' DI STORIA MIA - Gamberetta\",\"isPartOf\":{\"@id\":\"https:\/\/www.gamberetta.it\/it\/#website\"},\"datePublished\":\"2012-10-01T07:05:26+00:00\",\"dateModified\":\"2021-08-21T17:19:57+00:00\",\"author\":{\"@id\":\"https:\/\/www.gamberetta.it\/it\/#\/schema\/person\/7a4a919927c944edb5f3f9c665590124\"},\"breadcrumb\":{\"@id\":\"https:\/\/www.gamberetta.it\/it\/2012\/10\/01\/un-po-di-storia-mia\/#breadcrumb\"},\"inLanguage\":\"it-IT\",\"potentialAction\":[{\"@type\":\"ReadAction\",\"target\":[\"https:\/\/www.gamberetta.it\/it\/2012\/10\/01\/un-po-di-storia-mia\/\"]}]},{\"@type\":\"BreadcrumbList\",\"@id\":\"https:\/\/www.gamberetta.it\/it\/2012\/10\/01\/un-po-di-storia-mia\/#breadcrumb\",\"itemListElement\":[{\"@type\":\"ListItem\",\"position\":1,\"name\":\"Home\",\"item\":\"https:\/\/www.gamberetta.it\/it\/\"},{\"@type\":\"ListItem\",\"position\":2,\"name\":\"UN PO&#8217; DI STORIA MIA\"}]},{\"@type\":\"WebSite\",\"@id\":\"https:\/\/www.gamberetta.it\/it\/#website\",\"url\":\"https:\/\/www.gamberetta.it\/it\/\",\"name\":\"Gamberetta\",\"description\":\"Il mio blog senza fronzoli: pensieri e parole, sempre e ovunque in viaggio\",\"potentialAction\":[{\"@type\":\"SearchAction\",\"target\":{\"@type\":\"EntryPoint\",\"urlTemplate\":\"https:\/\/www.gamberetta.it\/it\/?s={search_term_string}\"},\"query-input\":{\"@type\":\"PropertyValueSpecification\",\"valueRequired\":true,\"valueName\":\"search_term_string\"}}],\"inLanguage\":\"it-IT\"},{\"@type\":\"Person\",\"@id\":\"https:\/\/www.gamberetta.it\/it\/#\/schema\/person\/7a4a919927c944edb5f3f9c665590124\",\"name\":\"gamberetta\",\"image\":{\"@type\":\"ImageObject\",\"inLanguage\":\"it-IT\",\"@id\":\"https:\/\/www.gamberetta.it\/it\/#\/schema\/person\/image\/\",\"url\":\"https:\/\/secure.gravatar.com\/avatar\/7ef5d82656b8958070b4f589b7ae1784?s=96&d=mm&r=g\",\"contentUrl\":\"https:\/\/secure.gravatar.com\/avatar\/7ef5d82656b8958070b4f589b7ae1784?s=96&d=mm&r=g\",\"caption\":\"gamberetta\"},\"description\":\"Sono Toro ascendente Scorpione, terra di contrasti dove ora prevale una met\u00e0, ora l\u2019altra. L\u2019infanzia in Veneto e gli ultimi anni passati a Milano hanno sviluppato in me una serie ulteriore di conflitti. Scrivo da sempre, la scrittura \u00e8 la migliore forma espressiva che mi consente di fissare concetti altrimenti sospesi nell\u2019aria. Da bambina scrivevo poesie con uno stile quasi leopardiano poi sono passata ai diari di viaggio dalla prima volta in USA nel 1998 e non ho pi\u00f9 smesso...\",\"url\":\"https:\/\/www.gamberetta.it\/it\/author\/gamberettarossa\/\"}]}<\/script>\n<!-- \/ Yoast SEO plugin. -->","yoast_head_json":{"title":"UN PO' DI STORIA MIA - Gamberetta","robots":{"index":"index","follow":"follow","max-snippet":"max-snippet:-1","max-image-preview":"max-image-preview:large","max-video-preview":"max-video-preview:-1"},"canonical":"https:\/\/www.gamberetta.it\/it\/2012\/10\/01\/un-po-di-storia-mia\/","og_locale":"it_IT","og_type":"article","og_title":"UN PO' DI STORIA MIA - Gamberetta","og_description":"Scritto negli anni 2005-2007 Sapessi com&#8217;\u00e8 strano, essere senza soldi a Milano. Se non fosse la parafrasi di una nota canzone potrebbe essere il ritornello che ripetono tante persone, venute qui a lavorare o a cercare fortuna in questi decenni in cui la citt\u00e0 ha accolto prima gli italiani e poi, a migliaia, gli stranieri. &hellip; Leggi tutto","og_url":"https:\/\/www.gamberetta.it\/it\/2012\/10\/01\/un-po-di-storia-mia\/","og_site_name":"Gamberetta","article_publisher":"https:\/\/www.facebook.com\/Gamberettatravelblog","article_published_time":"2012-10-01T07:05:26+00:00","article_modified_time":"2021-08-21T17:19:57+00:00","author":"gamberetta","twitter_card":"summary_large_image","twitter_creator":"@robertazennaro","twitter_site":"@robertazennaro","twitter_misc":{"Scritto da":"gamberetta","Tempo di lettura stimato":"5 minuti"},"schema":{"@context":"https:\/\/schema.org","@graph":[{"@type":"WebPage","@id":"https:\/\/www.gamberetta.it\/it\/2012\/10\/01\/un-po-di-storia-mia\/","url":"https:\/\/www.gamberetta.it\/it\/2012\/10\/01\/un-po-di-storia-mia\/","name":"UN PO' DI STORIA MIA - Gamberetta","isPartOf":{"@id":"https:\/\/www.gamberetta.it\/it\/#website"},"datePublished":"2012-10-01T07:05:26+00:00","dateModified":"2021-08-21T17:19:57+00:00","author":{"@id":"https:\/\/www.gamberetta.it\/it\/#\/schema\/person\/7a4a919927c944edb5f3f9c665590124"},"breadcrumb":{"@id":"https:\/\/www.gamberetta.it\/it\/2012\/10\/01\/un-po-di-storia-mia\/#breadcrumb"},"inLanguage":"it-IT","potentialAction":[{"@type":"ReadAction","target":["https:\/\/www.gamberetta.it\/it\/2012\/10\/01\/un-po-di-storia-mia\/"]}]},{"@type":"BreadcrumbList","@id":"https:\/\/www.gamberetta.it\/it\/2012\/10\/01\/un-po-di-storia-mia\/#breadcrumb","itemListElement":[{"@type":"ListItem","position":1,"name":"Home","item":"https:\/\/www.gamberetta.it\/it\/"},{"@type":"ListItem","position":2,"name":"UN PO&#8217; DI STORIA MIA"}]},{"@type":"WebSite","@id":"https:\/\/www.gamberetta.it\/it\/#website","url":"https:\/\/www.gamberetta.it\/it\/","name":"Gamberetta","description":"Il mio blog senza fronzoli: pensieri e parole, sempre e ovunque in viaggio","potentialAction":[{"@type":"SearchAction","target":{"@type":"EntryPoint","urlTemplate":"https:\/\/www.gamberetta.it\/it\/?s={search_term_string}"},"query-input":{"@type":"PropertyValueSpecification","valueRequired":true,"valueName":"search_term_string"}}],"inLanguage":"it-IT"},{"@type":"Person","@id":"https:\/\/www.gamberetta.it\/it\/#\/schema\/person\/7a4a919927c944edb5f3f9c665590124","name":"gamberetta","image":{"@type":"ImageObject","inLanguage":"it-IT","@id":"https:\/\/www.gamberetta.it\/it\/#\/schema\/person\/image\/","url":"https:\/\/secure.gravatar.com\/avatar\/7ef5d82656b8958070b4f589b7ae1784?s=96&d=mm&r=g","contentUrl":"https:\/\/secure.gravatar.com\/avatar\/7ef5d82656b8958070b4f589b7ae1784?s=96&d=mm&r=g","caption":"gamberetta"},"description":"Sono Toro ascendente Scorpione, terra di contrasti dove ora prevale una met\u00e0, ora l\u2019altra. L\u2019infanzia in Veneto e gli ultimi anni passati a Milano hanno sviluppato in me una serie ulteriore di conflitti. Scrivo da sempre, la scrittura \u00e8 la migliore forma espressiva che mi consente di fissare concetti altrimenti sospesi nell\u2019aria. Da bambina scrivevo poesie con uno stile quasi leopardiano poi sono passata ai diari di viaggio dalla prima volta in USA nel 1998 e non ho pi\u00f9 smesso...","url":"https:\/\/www.gamberetta.it\/it\/author\/gamberettarossa\/"}]}},"_links":{"self":[{"href":"https:\/\/www.gamberetta.it\/it\/wp-json\/wp\/v2\/posts\/446"}],"collection":[{"href":"https:\/\/www.gamberetta.it\/it\/wp-json\/wp\/v2\/posts"}],"about":[{"href":"https:\/\/www.gamberetta.it\/it\/wp-json\/wp\/v2\/types\/post"}],"author":[{"embeddable":true,"href":"https:\/\/www.gamberetta.it\/it\/wp-json\/wp\/v2\/users\/2"}],"replies":[{"embeddable":true,"href":"https:\/\/www.gamberetta.it\/it\/wp-json\/wp\/v2\/comments?post=446"}],"version-history":[{"count":2,"href":"https:\/\/www.gamberetta.it\/it\/wp-json\/wp\/v2\/posts\/446\/revisions"}],"predecessor-version":[{"id":18113,"href":"https:\/\/www.gamberetta.it\/it\/wp-json\/wp\/v2\/posts\/446\/revisions\/18113"}],"wp:attachment":[{"href":"https:\/\/www.gamberetta.it\/it\/wp-json\/wp\/v2\/media?parent=446"}],"wp:term":[{"taxonomy":"category","embeddable":true,"href":"https:\/\/www.gamberetta.it\/it\/wp-json\/wp\/v2\/categories?post=446"},{"taxonomy":"post_tag","embeddable":true,"href":"https:\/\/www.gamberetta.it\/it\/wp-json\/wp\/v2\/tags?post=446"}],"curies":[{"name":"wp","href":"https:\/\/api.w.org\/{rel}","templated":true}]}}