{"id":448,"date":"2012-10-01T07:36:29","date_gmt":"2012-10-01T07:36:29","guid":{"rendered":"https:\/\/www.gamberetta.it\/?p=448"},"modified":"2021-08-21T19:16:13","modified_gmt":"2021-08-21T17:16:13","slug":"vivere-in-18-metri-quadrati","status":"publish","type":"post","link":"https:\/\/www.gamberetta.it\/it\/2012\/10\/01\/vivere-in-18-metri-quadrati\/","title":{"rendered":"VIVERE IN 18 METRI QUADRATI"},"content":{"rendered":"\n<p>Non smetter\u00f2 mai di ringraziare la mia famiglia per avermi abituato da piccola alla vita di campeggio, fatta di piccoli spazi e di code alla lavatrice, di turni e condivisione. Anche se ora frequento ben poco tende e roulotte mi rendo conto che questa sia una grande scuola di vita, un modo di pensare e di rapportarsi agli altri, che quando lo si accetta permette di sopportare molto altro ancora. La mia versione adulta della vita di campeggio sono gli ostelli, i viaggi di gruppo e la ricerca di altre esperienze, che per\u00f2 saranno oggetto di un altro racconto. ora torno a milano.<\/p>\n\n\n\n<p><br>Sono al secondo anno di vita in 18 metri quadrati, una superficie che in molte case &#8220;normali&#8221; \u00e8 occupata dalla cucina o poco pi\u00f9 e che invece per me rappresenta il totale: stanza con letto-divano, mensole, armadi (due piccoli ma ergonomici), bagno e alcuni spazi soppalcati, con il prezioso contributo di un terrazzino di due metri quadrati supplementari, quelli che fanno la differenza.<\/p>\n\n\n\n<p><br>18metriquadri?? ma come fai? decine di persone me lo chiedono e io con pazienza lo spiego a tutti senza toni di autocommiserazione, anche con disegno esplicativo. Quando ottengo una mezza approvazione ma senza comprensione rincaro la dose dicendo che sto al quarto piano senza ascensore, e l\u00ec devo iniziare daccapo a spiegare che \u00e8 comunque un posto bello, anzi bellissimo.<\/p>\n\n\n\n<p><br>Ogni tanto si rompe qualcosa e ho imparato a fare io molte cose, man mano che scopro quanto spenderei se chiamassi un tecnico. me ne sono successe varie: un simpatico amico di amici per estrarre il sacchettino dei ghiaccioli mi ha rotto il frigorifero nuovo, naturalmente la scorsa estate quando frutta e verdura avevano decisamente bisogno di un fresco rifugio. La zia di mestre ha provvidenzialmente tirato fuori dal garage un frigo inutilizzato e troppo grande per stare nell&#8217;incasso dell&#8217;altro, che dopo adeguata pulizia da allora fa il suo mestiere egregiamente in un&#8217;altra cavit\u00e0 dell&#8217;angolo cottura.<\/p>\n\n\n\n<p><br>Dopo avere speso 10 euro per arruolare gli elettricisti condominiali di passaggio, fargli fare due buchi con il trapano e infilare le staffe a sostegno delle mensole ho pensato che non volevo scialacquare oltre e ho scoperto che il trapano non \u00e8 poi un attrezzo cos\u00ec difficile. Cos\u00ec, a parte il fastidioso zzzz mi \u00e8 bastato poggiarmi bene sulle gambe e puntare la parete piastrellata del bagno dove mancava il braccio della doccia. Anche dipingere le pareti \u00e8 stato faticoso ma per nulla difficile, ora aspetto solo che qualcuno mi presti una scala leggera e sono pronta per dipingere pure il soffitto.<br>In realt\u00e0 mi mancano molte cose in casa, dalla televisione che per\u00f2 non voglio assolutamente alla linea telefonica che magari mi far\u00f2, anche solo per non spendere soldi ogni volta che devo scaricare la posta. la lavatrice \u00e8 il mio solo cruccio,che per\u00f2 costa una follia perch\u00e9 deve essere piccola per stare nell&#8217;unico spazio disponibile. Se \u00e8 vero che danno quelle da 1,5 kg in offerta mi sa che ne cercher\u00f2 una in qualche centro commerciale. Anzi, \u00e8 un sacco di tempo che non vado all&#8217;ikea ed \u00e8 giunta l&#8217;ora di andarci. presto.<\/p>\n\n\n\n<p><br>In teoria mancano le piante che fanno tanto arredamento ma che stando sempre fuori e dentro casa rischiano di morire (\u00e8 gi\u00e0 successo). Non mi resta che provare a piantare piante grasse e pothus, quel mostro indistruttibile dalle foglie verdi gialline che produce rami tipo liana, sempre pi\u00f9 lunghi.<\/p>\n\n\n\n<p><br>Non ho voglia di descrivere nel dettaglio il mio piccolo nido, ho sentito le cose pi\u00f9 pittoresche uscire dalla bocca di svariati ospiti. Preferisco infatti invitare la gente di persona e lasciarli verificare pregi e difetti della mia sistemazione. Abbiamo pi\u00f9 volte dormito in due e comodamente, e alcune volte in tre: incredibile no? Abbiamo mangiato una volta in sette, stretti e immobili, alcune volte in quattro e spesso in due-tre. Alcuni sono scappati senza farsi pi\u00f9 vedere, altri tornano e non solo per convenienza. C&#8217;\u00e8 l&#8217;amica che fa periodicamente il corso al fine settimana e la cugina psicologa che concorre a una specializzazione sui suoi bambini disagiati, ci sono gli amici che salgono per l&#8217;unico concerto italiano dei red hot chili peppers a san siro e qualcun altro di passaggio.<\/p>\n\n\n\n<p><br>Ci sono pure i fidanzati di turno e, lo prometto, trover\u00f2 spazio per parlarne, non ora per\u00f2.<\/p>\n\n\n\n<p>Ti \u00e8 piaciuto questo post su Milano e la Lombardia? Allora leggi anche gli altri, li trovi qui:<\/p>\n\n\n\n<p><a href=\"https:\/\/www.gamberetta.it\/it\/myselfsudime\/milano-e-la-lombardia\/\">https:\/\/www.gamberetta.it\/it\/myselfsudime\/milano-e-la-lombardia\/<\/a><\/p>\n","protected":false},"excerpt":{"rendered":"<p>Non smetter\u00f2 mai di ringraziare la mia famiglia per avermi abituato da piccola alla vita di campeggio, fatta di piccoli spazi e di code alla lavatrice, di turni e condivisione. Anche se ora frequento ben poco tende e roulotte mi rendo conto che questa sia una grande scuola di vita, un modo di pensare e &hellip; <a class=\"more-link\" href=\"https:\/\/www.gamberetta.it\/it\/2012\/10\/01\/vivere-in-18-metri-quadrati\/\">Leggi tutto<i class=\"ion-ios-arrow-thin-right\"><\/i><\/a><\/p>\n","protected":false},"author":2,"featured_media":0,"comment_status":"open","ping_status":"closed","sticky":false,"template":"","format":"standard","meta":{"footnotes":""},"categories":[26,73,28],"tags":[],"class_list":["post-448","post","type-post","status-publish","format-standard","hentry","category-friends","category-milano","category-myself"],"yoast_head":"<!-- This site is optimized with the Yoast SEO plugin v23.5 - https:\/\/yoast.com\/wordpress\/plugins\/seo\/ -->\n<title>VIVERE IN 18 METRI QUADRATI - Gamberetta<\/title>\n<meta name=\"robots\" content=\"index, follow, max-snippet:-1, max-image-preview:large, max-video-preview:-1\" \/>\n<link rel=\"canonical\" href=\"https:\/\/www.gamberetta.it\/it\/2012\/10\/01\/vivere-in-18-metri-quadrati\/\" \/>\n<meta property=\"og:locale\" content=\"it_IT\" \/>\n<meta property=\"og:type\" content=\"article\" \/>\n<meta property=\"og:title\" content=\"VIVERE IN 18 METRI QUADRATI - Gamberetta\" \/>\n<meta property=\"og:description\" content=\"Non smetter\u00f2 mai di ringraziare la mia famiglia per avermi abituato da piccola alla vita di campeggio, fatta di piccoli spazi e di code alla lavatrice, di turni e condivisione. Anche se ora frequento ben poco tende e roulotte mi rendo conto che questa sia una grande scuola di vita, un modo di pensare e &hellip; Leggi tutto\" \/>\n<meta property=\"og:url\" content=\"https:\/\/www.gamberetta.it\/it\/2012\/10\/01\/vivere-in-18-metri-quadrati\/\" \/>\n<meta property=\"og:site_name\" content=\"Gamberetta\" \/>\n<meta property=\"article:publisher\" content=\"https:\/\/www.facebook.com\/Gamberettatravelblog\" \/>\n<meta property=\"article:published_time\" content=\"2012-10-01T07:36:29+00:00\" \/>\n<meta property=\"article:modified_time\" content=\"2021-08-21T17:16:13+00:00\" \/>\n<meta name=\"author\" content=\"gamberetta\" \/>\n<meta name=\"twitter:card\" content=\"summary_large_image\" \/>\n<meta name=\"twitter:creator\" content=\"@robertazennaro\" \/>\n<meta name=\"twitter:site\" content=\"@robertazennaro\" \/>\n<meta name=\"twitter:label1\" content=\"Scritto da\" \/>\n\t<meta name=\"twitter:data1\" content=\"gamberetta\" \/>\n\t<meta name=\"twitter:label2\" content=\"Tempo di lettura stimato\" \/>\n\t<meta name=\"twitter:data2\" content=\"4 minuti\" \/>\n<script type=\"application\/ld+json\" class=\"yoast-schema-graph\">{\"@context\":\"https:\/\/schema.org\",\"@graph\":[{\"@type\":\"WebPage\",\"@id\":\"https:\/\/www.gamberetta.it\/it\/2012\/10\/01\/vivere-in-18-metri-quadrati\/\",\"url\":\"https:\/\/www.gamberetta.it\/it\/2012\/10\/01\/vivere-in-18-metri-quadrati\/\",\"name\":\"VIVERE IN 18 METRI QUADRATI - Gamberetta\",\"isPartOf\":{\"@id\":\"https:\/\/www.gamberetta.it\/it\/#website\"},\"datePublished\":\"2012-10-01T07:36:29+00:00\",\"dateModified\":\"2021-08-21T17:16:13+00:00\",\"author\":{\"@id\":\"https:\/\/www.gamberetta.it\/it\/#\/schema\/person\/7a4a919927c944edb5f3f9c665590124\"},\"breadcrumb\":{\"@id\":\"https:\/\/www.gamberetta.it\/it\/2012\/10\/01\/vivere-in-18-metri-quadrati\/#breadcrumb\"},\"inLanguage\":\"it-IT\",\"potentialAction\":[{\"@type\":\"ReadAction\",\"target\":[\"https:\/\/www.gamberetta.it\/it\/2012\/10\/01\/vivere-in-18-metri-quadrati\/\"]}]},{\"@type\":\"BreadcrumbList\",\"@id\":\"https:\/\/www.gamberetta.it\/it\/2012\/10\/01\/vivere-in-18-metri-quadrati\/#breadcrumb\",\"itemListElement\":[{\"@type\":\"ListItem\",\"position\":1,\"name\":\"Home\",\"item\":\"https:\/\/www.gamberetta.it\/it\/\"},{\"@type\":\"ListItem\",\"position\":2,\"name\":\"VIVERE IN 18 METRI QUADRATI\"}]},{\"@type\":\"WebSite\",\"@id\":\"https:\/\/www.gamberetta.it\/it\/#website\",\"url\":\"https:\/\/www.gamberetta.it\/it\/\",\"name\":\"Gamberetta\",\"description\":\"Il mio blog senza fronzoli: pensieri e parole, sempre e ovunque in viaggio\",\"potentialAction\":[{\"@type\":\"SearchAction\",\"target\":{\"@type\":\"EntryPoint\",\"urlTemplate\":\"https:\/\/www.gamberetta.it\/it\/?s={search_term_string}\"},\"query-input\":{\"@type\":\"PropertyValueSpecification\",\"valueRequired\":true,\"valueName\":\"search_term_string\"}}],\"inLanguage\":\"it-IT\"},{\"@type\":\"Person\",\"@id\":\"https:\/\/www.gamberetta.it\/it\/#\/schema\/person\/7a4a919927c944edb5f3f9c665590124\",\"name\":\"gamberetta\",\"image\":{\"@type\":\"ImageObject\",\"inLanguage\":\"it-IT\",\"@id\":\"https:\/\/www.gamberetta.it\/it\/#\/schema\/person\/image\/\",\"url\":\"https:\/\/secure.gravatar.com\/avatar\/7ef5d82656b8958070b4f589b7ae1784?s=96&d=mm&r=g\",\"contentUrl\":\"https:\/\/secure.gravatar.com\/avatar\/7ef5d82656b8958070b4f589b7ae1784?s=96&d=mm&r=g\",\"caption\":\"gamberetta\"},\"description\":\"Sono Toro ascendente Scorpione, terra di contrasti dove ora prevale una met\u00e0, ora l\u2019altra. L\u2019infanzia in Veneto e gli ultimi anni passati a Milano hanno sviluppato in me una serie ulteriore di conflitti. Scrivo da sempre, la scrittura \u00e8 la migliore forma espressiva che mi consente di fissare concetti altrimenti sospesi nell\u2019aria. Da bambina scrivevo poesie con uno stile quasi leopardiano poi sono passata ai diari di viaggio dalla prima volta in USA nel 1998 e non ho pi\u00f9 smesso...\",\"url\":\"https:\/\/www.gamberetta.it\/it\/author\/gamberettarossa\/\"}]}<\/script>\n<!-- \/ Yoast SEO plugin. -->","yoast_head_json":{"title":"VIVERE IN 18 METRI QUADRATI - Gamberetta","robots":{"index":"index","follow":"follow","max-snippet":"max-snippet:-1","max-image-preview":"max-image-preview:large","max-video-preview":"max-video-preview:-1"},"canonical":"https:\/\/www.gamberetta.it\/it\/2012\/10\/01\/vivere-in-18-metri-quadrati\/","og_locale":"it_IT","og_type":"article","og_title":"VIVERE IN 18 METRI QUADRATI - Gamberetta","og_description":"Non smetter\u00f2 mai di ringraziare la mia famiglia per avermi abituato da piccola alla vita di campeggio, fatta di piccoli spazi e di code alla lavatrice, di turni e condivisione. Anche se ora frequento ben poco tende e roulotte mi rendo conto che questa sia una grande scuola di vita, un modo di pensare e &hellip; Leggi tutto","og_url":"https:\/\/www.gamberetta.it\/it\/2012\/10\/01\/vivere-in-18-metri-quadrati\/","og_site_name":"Gamberetta","article_publisher":"https:\/\/www.facebook.com\/Gamberettatravelblog","article_published_time":"2012-10-01T07:36:29+00:00","article_modified_time":"2021-08-21T17:16:13+00:00","author":"gamberetta","twitter_card":"summary_large_image","twitter_creator":"@robertazennaro","twitter_site":"@robertazennaro","twitter_misc":{"Scritto da":"gamberetta","Tempo di lettura stimato":"4 minuti"},"schema":{"@context":"https:\/\/schema.org","@graph":[{"@type":"WebPage","@id":"https:\/\/www.gamberetta.it\/it\/2012\/10\/01\/vivere-in-18-metri-quadrati\/","url":"https:\/\/www.gamberetta.it\/it\/2012\/10\/01\/vivere-in-18-metri-quadrati\/","name":"VIVERE IN 18 METRI QUADRATI - Gamberetta","isPartOf":{"@id":"https:\/\/www.gamberetta.it\/it\/#website"},"datePublished":"2012-10-01T07:36:29+00:00","dateModified":"2021-08-21T17:16:13+00:00","author":{"@id":"https:\/\/www.gamberetta.it\/it\/#\/schema\/person\/7a4a919927c944edb5f3f9c665590124"},"breadcrumb":{"@id":"https:\/\/www.gamberetta.it\/it\/2012\/10\/01\/vivere-in-18-metri-quadrati\/#breadcrumb"},"inLanguage":"it-IT","potentialAction":[{"@type":"ReadAction","target":["https:\/\/www.gamberetta.it\/it\/2012\/10\/01\/vivere-in-18-metri-quadrati\/"]}]},{"@type":"BreadcrumbList","@id":"https:\/\/www.gamberetta.it\/it\/2012\/10\/01\/vivere-in-18-metri-quadrati\/#breadcrumb","itemListElement":[{"@type":"ListItem","position":1,"name":"Home","item":"https:\/\/www.gamberetta.it\/it\/"},{"@type":"ListItem","position":2,"name":"VIVERE IN 18 METRI QUADRATI"}]},{"@type":"WebSite","@id":"https:\/\/www.gamberetta.it\/it\/#website","url":"https:\/\/www.gamberetta.it\/it\/","name":"Gamberetta","description":"Il mio blog senza fronzoli: pensieri e parole, sempre e ovunque in viaggio","potentialAction":[{"@type":"SearchAction","target":{"@type":"EntryPoint","urlTemplate":"https:\/\/www.gamberetta.it\/it\/?s={search_term_string}"},"query-input":{"@type":"PropertyValueSpecification","valueRequired":true,"valueName":"search_term_string"}}],"inLanguage":"it-IT"},{"@type":"Person","@id":"https:\/\/www.gamberetta.it\/it\/#\/schema\/person\/7a4a919927c944edb5f3f9c665590124","name":"gamberetta","image":{"@type":"ImageObject","inLanguage":"it-IT","@id":"https:\/\/www.gamberetta.it\/it\/#\/schema\/person\/image\/","url":"https:\/\/secure.gravatar.com\/avatar\/7ef5d82656b8958070b4f589b7ae1784?s=96&d=mm&r=g","contentUrl":"https:\/\/secure.gravatar.com\/avatar\/7ef5d82656b8958070b4f589b7ae1784?s=96&d=mm&r=g","caption":"gamberetta"},"description":"Sono Toro ascendente Scorpione, terra di contrasti dove ora prevale una met\u00e0, ora l\u2019altra. L\u2019infanzia in Veneto e gli ultimi anni passati a Milano hanno sviluppato in me una serie ulteriore di conflitti. Scrivo da sempre, la scrittura \u00e8 la migliore forma espressiva che mi consente di fissare concetti altrimenti sospesi nell\u2019aria. Da bambina scrivevo poesie con uno stile quasi leopardiano poi sono passata ai diari di viaggio dalla prima volta in USA nel 1998 e non ho pi\u00f9 smesso...","url":"https:\/\/www.gamberetta.it\/it\/author\/gamberettarossa\/"}]}},"_links":{"self":[{"href":"https:\/\/www.gamberetta.it\/it\/wp-json\/wp\/v2\/posts\/448"}],"collection":[{"href":"https:\/\/www.gamberetta.it\/it\/wp-json\/wp\/v2\/posts"}],"about":[{"href":"https:\/\/www.gamberetta.it\/it\/wp-json\/wp\/v2\/types\/post"}],"author":[{"embeddable":true,"href":"https:\/\/www.gamberetta.it\/it\/wp-json\/wp\/v2\/users\/2"}],"replies":[{"embeddable":true,"href":"https:\/\/www.gamberetta.it\/it\/wp-json\/wp\/v2\/comments?post=448"}],"version-history":[{"count":1,"href":"https:\/\/www.gamberetta.it\/it\/wp-json\/wp\/v2\/posts\/448\/revisions"}],"predecessor-version":[{"id":18111,"href":"https:\/\/www.gamberetta.it\/it\/wp-json\/wp\/v2\/posts\/448\/revisions\/18111"}],"wp:attachment":[{"href":"https:\/\/www.gamberetta.it\/it\/wp-json\/wp\/v2\/media?parent=448"}],"wp:term":[{"taxonomy":"category","embeddable":true,"href":"https:\/\/www.gamberetta.it\/it\/wp-json\/wp\/v2\/categories?post=448"},{"taxonomy":"post_tag","embeddable":true,"href":"https:\/\/www.gamberetta.it\/it\/wp-json\/wp\/v2\/tags?post=448"}],"curies":[{"name":"wp","href":"https:\/\/api.w.org\/{rel}","templated":true}]}}