{"id":4535,"date":"2014-11-22T10:28:20","date_gmt":"2014-11-22T10:28:20","guid":{"rendered":"https:\/\/www.gamberetta.it\/?p=4535"},"modified":"2022-10-17T22:01:36","modified_gmt":"2022-10-17T20:01:36","slug":"la-citta-e-la-sua-guida-a-siena-con-rita-ceccarelli","status":"publish","type":"post","link":"https:\/\/www.gamberetta.it\/it\/2014\/11\/22\/la-citta-e-la-sua-guida-a-siena-con-rita-ceccarelli\/","title":{"rendered":"LA CITTA&#8217; E LA SUA GUIDA: A SIENA CON RITA CECCARELLI"},"content":{"rendered":"\n<p><b>Rita Ceccarelli <\/b>\u00e8 la guida che mi ha portato ben due volte per mano alla scoperta di <b>Siena<\/b>, \u00e8 un angelo custode con una chioma rossa invidiabile che incornicia due occhioni chiari e un sorriso gentile. Ma \u00e8 tosta e vera come i Toscani migliori, quelli che ti danno il cuore ma non le mandano a dire a nessuno.<\/p>\n\n\n\n<div class=\"wp-block-image\"><figure class=\"aligncenter\"><a href=\"https:\/\/www.gamberetta.it\/wp-content\/uploads\/2014\/11\/20131108_111028.jpg\"><img loading=\"lazy\" decoding=\"async\" width=\"448\" height=\"336\" src=\"https:\/\/www.gamberetta.it\/wp-content\/uploads\/2014\/11\/20131108_111028.jpg\" alt=\"20131108_111028\" class=\"wp-image-4537\" srcset=\"https:\/\/www.gamberetta.it\/wp-content\/uploads\/2014\/11\/20131108_111028.jpg 448w, https:\/\/www.gamberetta.it\/wp-content\/uploads\/2014\/11\/20131108_111028-300x225.jpg 300w\" sizes=\"(max-width: 448px) 100vw, 448px\" \/><\/a><\/figure><\/div>\n\n\n\n<p> <span style=\"color: #000000\"><span style=\"font-family: Calibri, sans-serif\"><span style=\"font-size: medium\">Rita \u00e8 presidente AGT, Associazione Guide Turistiche di Siena e provincia, le ho chiesto di descrivere la sua citt\u00e0 con l&#8217;occhio della guida alla luce della sua esperienza. La frase che pi\u00f9 mi ha colpito \u00e8 una sintesi del ruolo del turista rapportato ai luoghi che va a visitare, un punto di vista su cui dovremmo riflettere. \u201cI turisti sono cittadini temporanei, non semplici consumatori o clienti\u201d. Ma Rita mi ha raccontato molto di pi\u00f9.<\/span><\/span><\/span><\/p>\n\n\n\n<h2 class=\"wp-block-heading\"><span style=\"color: #000000\"><span style=\"font-family: Calibri, sans-serif\"><span style=\"font-size: medium\"><span style=\"text-decoration: underline\">1 Da dove vengono gli ospiti in visita alla vs citt\u00e0? Sono pi\u00f9 italiani o stranieri? <\/span><\/span><\/span><\/span><\/h2>\n\n\n\n<p><span style=\"color: #000000\"><span style=\"font-family: Calibri, sans-serif\"><span style=\"font-size: medium\">La maggior parte dei turisti sono stranieri. Questa \u00e8 la risposta a corto, poi esaminando i diversi periodi si potrebbero fare molte distinzioni. Ad esempio gli italiani crescono vertiginosamente nei periodi primaverili, nei week-end, per i ponti e nel periodo natalizio, mentre gli studenti italiani si concentrano principalmente nei mesi di aprile e quelli stranieri vengono in tutte le stagioni. Attualmente crescono gli individuali sia italiani che stranieri, segno che i viaggi si organizzano spesso \u201cfai da te\u201d e last-minute <\/span><\/span><\/span><\/p>\n\n\n\n<h2 class=\"wp-block-heading\"><span style=\"color: #000000\"><span style=\"font-family: Calibri, sans-serif\"><span style=\"font-size: medium\"><span style=\"text-decoration: underline\">2 Sono pi\u00f9 facili da gestire gli ospiti informati? O \u00e8 meglio prendere per mano persone che arrivano e sanno poco del luogo in cui si trovano? <\/span><\/span><\/span><\/span><\/h2>\n\n\n\n<p><span style=\"color: #000000\"><span style=\"font-family: Calibri, sans-serif\"><span style=\"font-size: medium\">Gli ospiti informati danno pi\u00f9 soddisfazione e quindi si gestiscono meglio, tranne quando \u201ccredono\u201d di essere informati e si formano dei preconcetti.<\/span><\/span><\/span><\/p>\n\n\n\n<div class=\"wp-block-image\"><figure class=\"aligncenter\"><img loading=\"lazy\" decoding=\"async\" width=\"336\" height=\"448\" src=\"https:\/\/www.gamberetta.it\/wp-content\/uploads\/2014\/11\/20131108_111135-e1416500653548.jpg\" alt=\"20131108_111135\" class=\"wp-image-4538\" srcset=\"https:\/\/www.gamberetta.it\/wp-content\/uploads\/2014\/11\/20131108_111135-e1416500653548.jpg 336w, https:\/\/www.gamberetta.it\/wp-content\/uploads\/2014\/11\/20131108_111135-e1416500653548-225x300.jpg 225w\" sizes=\"(max-width: 336px) 100vw, 336px\" \/><\/figure><\/div>\n\n\n\n<h2 class=\"wp-block-heading\"><span style=\"color: #000000\"><span style=\"font-family: Calibri, sans-serif\"><span style=\"font-size: medium\"><span style=\"text-decoration: underline\">3 Ci sono due \u2013 tre aneddoti successi durante una visita che avete voglia di raccontare? <\/span><\/span><\/span><\/span><\/h2>\n\n\n\n<p><span style=\"color: #000000\"><span style=\"font-family: Calibri, sans-serif\"><span style=\"font-size: medium\">Certo, ci sono <\/span><\/span><\/span><span style=\"color: #000000\"><span style=\"font-family: Calibri, sans-serif\"><span style=\"font-size: medium\">le domande buffe (ma dove lo cavate il marmo a strisce??), le osservazioni dei bambini (la torre si chiama del Mangia perch\u00e9 \u00e8 alta e mangia le nuvole??). E poi le disavventure di chi si perde, di chi s\u2019innamora, di chi si veste in maniera improbabile, di disguidi buffi a causa di errori linguistici\u2026<\/span><\/span><\/span><\/p>\n\n\n\n<h2 class=\"wp-block-heading\"><span style=\"color: #000000\"><span style=\"font-family: Calibri, sans-serif\"><span style=\"font-size: medium\"><span style=\"text-decoration: underline\">4 E un&#8217;esperienza invece da dimenticare? <\/span><\/span><\/span><\/span><\/h2>\n\n\n\n<p><span style=\"color: #000000\"><span style=\"font-family: Calibri, sans-serif\"><span style=\"font-size: medium\">Vorrei dimenticare quelle visite quando piove a dirotto e loro si rifiutano di entrare in un museo o di comprarsi un ombrello. Vorrei dimenticare quelle visite in cui c\u2019\u00e8 un \u201cprogramma\u201d o un \u201ctempo da rispettare\u201d e l\u2019accompagnatore fa pressione ma i turisti fanno tutto il contrario di quello che ci sarebbe da fare. E soprattutto vorrei dimenticare quei turisti MOLTO ricchi che si approcciano al luogo e alle persone come fossero solo \u201ccose da comprare\u201d.<\/span><\/span><\/span><\/p>\n\n\n\n<h2 class=\"wp-block-heading\"><span style=\"color: #000000\"><span style=\"font-family: Calibri, sans-serif\"><span style=\"font-size: medium\"><span style=\"text-decoration: underline\">5 Quali sono le domande o gli atteggiamenti degli ospiti in visita che possono \u201cmettere in crisi\u201d o imbarazzare una guida, anche con esperienza? <\/span><\/span><\/span><\/span><\/h2>\n\n\n\n<p><span style=\"color: #000000\"><span style=\"font-family: Calibri, sans-serif\"><span style=\"font-size: medium\">L\u2019arroganza, spesso dettata da una specie di complesso di inadeguatezza verso le cose nuove o che non si conoscono; il giudizio e il preconcetto su alcuni argomenti che toccano la sensibilit\u00e0 e l\u2019identit\u00e0. Un esempio eclatante a Siena \u00e8 l\u2019atteggiamento nei confronti del Palio.<\/span><\/span><\/span><\/p>\n\n\n\n<h2 class=\"wp-block-heading\"><span style=\"color: #000000\"><span style=\"font-family: Calibri, sans-serif\"><span style=\"font-size: medium\"><span style=\"text-decoration: underline\">6 Esistono o avete verificato alcuni stereotipi sulle caratteristiche dei turisti a seconda della loro provenienza? <\/span><\/span><\/span><\/span><\/h2>\n\n\n\n<p><span style=\"color: #000000\"><span style=\"font-family: Calibri, sans-serif\"><span style=\"font-size: medium\">Certamente ogni persona \u00e8 diversa, ma credo sia frequente che il turista americano sia pi\u00f9 aperto e informale, curioso anche se un po\u2019 ignorante, il francese sia un po\u2019 snob e sciovinista ( ma dipende anche da quale area della Francia proviene). Gli inglesi sono timidi e anche bizzarri, i tedeschi interessati, preparati ma rigorosi ( anche in questo caso ci son grosse differenze nelle diverse aree della Germania). Spagnoli e italiani sono simpatici ma rumorosi e indisciplinati ( italiani anche viziati), gli australiani curiosi e gentili come i canadesi. I giapponesi sono formali e incantevoli, i cinesi testardi e refrattari alle guide locali. Infine i turchi sono molto indisciplinati e condizionati dal capogruppo che \u00e8 \u201cil capo\u201d assoluto. <\/span><\/span><\/span><\/p>\n\n\n\n<p><span style=\"color: #000000\"><span style=\"font-family: Calibri, sans-serif\"><span style=\"font-size: medium\">Insomma sono i classici stereotipi che conosciamo, s\u00ec, appaiono inevitabilmente nel momento dell\u2019esperienza del viaggio, nei confronti della novit\u00e0, nella ricerca di vedere soddisfatte le loro aspettative e bisogni. Comunque tutti sono sempre pi\u00f9 consapevoli ed esigenti, spesso ingabbiati negli stereotipi delle \u201cimmagini cartolina\u201d. La cosa che mi piace di pi\u00f9 \u00e8 sorprenderli e trovare in ognuno di loro una \u201cporta di accesso\u201d. Non importa che sia colta o frivola, basta accorgermi che ho toccato qualche corda della loro curiosit\u00e0, del loro interesse, che ho lasciato un motivo per saperne di pi\u00f9 e ritornare, qualcosa che abbia dato ragione ai chilometri ,aerei e soldi investiti per quella esperienza che da casa, sui libri, sul web, non avrebbe potuto essere assolutamente la stessa.<\/span><\/span><\/span><\/p>\n\n\n\n<div class=\"wp-block-image\"><figure class=\"aligncenter\"><img loading=\"lazy\" decoding=\"async\" width=\"448\" height=\"336\" src=\"https:\/\/www.gamberetta.it\/wp-content\/uploads\/2014\/11\/20131108_132428.jpg\" alt=\"20131108_132428\" class=\"wp-image-4539\" srcset=\"https:\/\/www.gamberetta.it\/wp-content\/uploads\/2014\/11\/20131108_132428.jpg 448w, https:\/\/www.gamberetta.it\/wp-content\/uploads\/2014\/11\/20131108_132428-300x225.jpg 300w\" sizes=\"(max-width: 448px) 100vw, 448px\" \/><\/figure><\/div>\n\n\n\n<h2 class=\"wp-block-heading\"><span style=\"color: #000000\"><span style=\"font-family: Calibri, sans-serif\"><span style=\"font-size: medium\"><span style=\"text-decoration: underline\">7 Come si conciliano gli aspetti tecnici di una citt\u00e0 e quelli pi\u00f9 leggeri? (shopping, pranzi ecc.) Se un ospite ha fretta di vedere tutto in poco tempo e poi infilarsi in un negozio lo assecondate o cercate di trattenerlo? <\/span><\/span><\/span><\/span><\/h2>\n\n\n\n<p><span style=\"color: #000000\"><span style=\"font-family: Calibri, sans-serif\"><span style=\"font-size: medium\">L\u2019ospite si asseconda in maniera intelligente, ovvero si cerca un\u2019empatia: si possono raccontare tante cose della citt\u00e0 anche facendo shopping, anche meglio pranzando insieme. L\u2019esperienza credo debba essere totale e sebbene delle volte sia frustrante dover rinunciare a trasmettere i contenuti in maniera \u201cclassica\u201d, certe volte diventa necessario. L\u2019 importante \u00e8 vedere il momento della visita come un\u2019opportunit\u00e0 di scambio e crescita fra diverse \u201cpersone\u201d ( i turisti sono cittadini temporanei, non semplici consumatori o clienti). Se il tempo \u00e8 limitato da aspetti logistici o tecnici allora avremo l\u2019occasione di presentare quello che la visita potrebbe essere, quello che ancora ci sarebbe da fare e da vedere, da assaggiare e da conoscere, cos\u00ec da non bruciare quel momento trasformandolo in una frustrazione, ma piuttosto considerare la visita un investimento per ripetere l\u2019esperienza in futuro, in maniera pi\u00f9 completa.<\/span><\/span><\/span><\/p>\n\n\n\n<h2 class=\"wp-block-heading\"><span style=\"color: #000000\"><span style=\"font-family: Calibri, sans-serif\"><span style=\"font-size: medium\"><span style=\"text-decoration: underline\">8 Cosa fa di un ospite una persona speciale, di quelle che a fine servizio vi fa voglia di starci insieme pi\u00f9 tempo? <\/span><\/span><\/span><\/span><\/h2>\n\n\n\n<p><span style=\"color: #000000\"><span style=\"font-family: Calibri, sans-serif\"><span style=\"font-size: medium\">Lo scambio tra persone che hanno da conoscere qualcosa di nuovo l\u2019una dall\u2019altra, anche la guida cresce nell\u2019incontro e conosce attraverso gli occhi degli altri. Non sempre questo scambio pu\u00f2 accadere, ma il valore della guida locale sta proprio nell\u2019opportunit\u00e0 dell\u2019interazione con qualcuno del posto o che comunque conosce il posto intimamente.<\/span><\/span><\/span><\/p>\n\n\n\n<h2 class=\"wp-block-heading\"><span style=\"color: #000000\"><span style=\"font-family: Calibri, sans-serif\"><span style=\"font-size: medium\"><span style=\"text-decoration: underline\">9 Si pu\u00f2 diventare amici degli ospiti in visita? Pu\u00f2 succedere di mantenersi in contatto anche dopo?<\/span><\/span><\/span><\/span><\/h2>\n\n\n\n<p><span style=\"color: #000000\"><span style=\"font-family: Calibri, sans-serif\"><span style=\"font-size: medium\">Certo! A me \u00e8 capitato spesso, ho ricevuto un sacco di inviti, e poi il passaparola mi ha portato altro lavoro.<\/span><\/span><\/span><\/p>\n\n\n\n<h2 class=\"wp-block-heading\"><span style=\"color: #000000\"><span style=\"font-family: Calibri, sans-serif\"><span style=\"font-size: medium\"><span style=\"text-decoration: underline\">10 Consigliereste a un giovane di studiare per diventare guida turistica? SI \u2013 NO \u2013 Perch\u00e9? <\/span><\/span><\/span><\/span><\/h2>\n\n\n\n<p><span style=\"color: #000000\"><span style=\"font-family: Calibri, sans-serif\"><span style=\"font-size: medium\">SI perch\u00e9 \u00e8 un lavoro creativo, un lavoro che si rinnova ogni giorno, si continua a studiare costantemente, \u00e8 stimolante e tiene aperta la mente al mondo, oltre che a s\u00e9 stessi, parlare liberamente con chiunque, direttamente, in un istante, in tutte le lingue, \u00e8 fantastico! Comunicare, conoscere, essere circondati dal bello e da persone che vogliono star bene, fa bene. NO perch\u00e9 \u00e8 una professione misconosciuta, perch\u00e9 ha poco peso nel mercato e \u201cconta\u201d poco, perch\u00e9 \u00e8 una professione precaria, soggetta ai cambiamenti di clima, dei mercati, delle mode, non ci sono garanzie n\u00e9 tutele, c\u2019\u00e8 una fortissima competizione e una concorrenza sleale. E\u2019 faticosa dal punto di vista fisico e mentale, non conosce indennit\u00e0 di malattia, festivit\u00e0, diritti. Si fa la guida turistica, veramente, seriamente, per scelta, per passione, non \u00e8 un ripiego, un dopolavoro, un hobby, non si improvvisa, non si bara. <\/span><\/span><\/span><\/p>\n\n\n\n<p>Ti \u00e8 piaciuto questo post sui miei amici? Blogger. Guide turistiche. Vignaioli. Allora leggi anche gli altri, li trovi qui:<\/p>\n\n\n\n<p><a href=\"http:\/\/www.gamberetta.it\/it\/friends-amici\/\" target=\"_blank\" rel=\"noreferrer noopener\">http:\/\/www.gamberetta.it\/it\/friends-amici\/<\/a><\/p>\n","protected":false},"excerpt":{"rendered":"<p>Rita Ceccarelli \u00e8 la guida che mi ha portato ben due volte per mano alla scoperta di Siena, \u00e8 un angelo custode con una chioma rossa invidiabile che incornicia due occhioni chiari e un sorriso gentile. Ma \u00e8 tosta e vera come i Toscani migliori, quelli che ti danno il cuore ma non le mandano &hellip; <a class=\"more-link\" href=\"https:\/\/www.gamberetta.it\/it\/2014\/11\/22\/la-citta-e-la-sua-guida-a-siena-con-rita-ceccarelli\/\">Leggi tutto<i class=\"ion-ios-arrow-thin-right\"><\/i><\/a><\/p>\n","protected":false},"author":2,"featured_media":4537,"comment_status":"open","ping_status":"closed","sticky":false,"template":"","format":"standard","meta":{"footnotes":""},"categories":[26,546,34],"tags":[1291,152,154],"class_list":["post-4535","post","type-post","status-publish","format-standard","has-post-thumbnail","hentry","category-friends","category-toscana-2","category-viaggi-italia-europa","tag-rita-ceccarelli","tag-siena","tag-toscana"],"yoast_head":"<!-- This site is optimized with the Yoast SEO plugin v23.5 - https:\/\/yoast.com\/wordpress\/plugins\/seo\/ -->\n<title>LA CITTA&#039; E LA SUA GUIDA: A SIENA CON RITA CECCARELLI - Gamberetta<\/title>\n<meta name=\"robots\" content=\"index, follow, max-snippet:-1, max-image-preview:large, max-video-preview:-1\" \/>\n<link rel=\"canonical\" href=\"https:\/\/www.gamberetta.it\/it\/2014\/11\/22\/la-citta-e-la-sua-guida-a-siena-con-rita-ceccarelli\/\" \/>\n<meta property=\"og:locale\" content=\"it_IT\" \/>\n<meta property=\"og:type\" content=\"article\" \/>\n<meta property=\"og:title\" content=\"LA CITTA&#039; E LA SUA GUIDA: A SIENA CON RITA CECCARELLI - Gamberetta\" \/>\n<meta property=\"og:description\" content=\"Rita Ceccarelli \u00e8 la guida che mi ha portato ben due volte per mano alla scoperta di Siena, \u00e8 un angelo custode con una chioma rossa invidiabile che incornicia due occhioni chiari e un sorriso gentile. Ma \u00e8 tosta e vera come i Toscani migliori, quelli che ti danno il cuore ma non le mandano &hellip; Leggi tutto\" \/>\n<meta property=\"og:url\" content=\"https:\/\/www.gamberetta.it\/it\/2014\/11\/22\/la-citta-e-la-sua-guida-a-siena-con-rita-ceccarelli\/\" \/>\n<meta property=\"og:site_name\" content=\"Gamberetta\" \/>\n<meta property=\"article:publisher\" content=\"https:\/\/www.facebook.com\/Gamberettatravelblog\" \/>\n<meta property=\"article:published_time\" content=\"2014-11-22T10:28:20+00:00\" \/>\n<meta property=\"article:modified_time\" content=\"2022-10-17T20:01:36+00:00\" \/>\n<meta property=\"og:image\" content=\"https:\/\/www.gamberetta.it\/wp-content\/uploads\/2014\/11\/20131108_111028.jpg\" \/>\n\t<meta property=\"og:image:width\" content=\"448\" \/>\n\t<meta property=\"og:image:height\" content=\"336\" \/>\n\t<meta property=\"og:image:type\" content=\"image\/jpeg\" \/>\n<meta name=\"author\" content=\"gamberetta\" \/>\n<meta name=\"twitter:card\" content=\"summary_large_image\" \/>\n<meta name=\"twitter:creator\" content=\"@robertazennaro\" \/>\n<meta name=\"twitter:site\" content=\"@robertazennaro\" \/>\n<meta name=\"twitter:label1\" content=\"Scritto da\" \/>\n\t<meta name=\"twitter:data1\" content=\"gamberetta\" \/>\n\t<meta name=\"twitter:label2\" content=\"Tempo di lettura stimato\" \/>\n\t<meta name=\"twitter:data2\" content=\"6 minuti\" \/>\n<script type=\"application\/ld+json\" class=\"yoast-schema-graph\">{\"@context\":\"https:\/\/schema.org\",\"@graph\":[{\"@type\":\"WebPage\",\"@id\":\"https:\/\/www.gamberetta.it\/it\/2014\/11\/22\/la-citta-e-la-sua-guida-a-siena-con-rita-ceccarelli\/\",\"url\":\"https:\/\/www.gamberetta.it\/it\/2014\/11\/22\/la-citta-e-la-sua-guida-a-siena-con-rita-ceccarelli\/\",\"name\":\"LA CITTA' E LA SUA GUIDA: A SIENA CON RITA CECCARELLI - Gamberetta\",\"isPartOf\":{\"@id\":\"https:\/\/www.gamberetta.it\/it\/#website\"},\"primaryImageOfPage\":{\"@id\":\"https:\/\/www.gamberetta.it\/it\/2014\/11\/22\/la-citta-e-la-sua-guida-a-siena-con-rita-ceccarelli\/#primaryimage\"},\"image\":{\"@id\":\"https:\/\/www.gamberetta.it\/it\/2014\/11\/22\/la-citta-e-la-sua-guida-a-siena-con-rita-ceccarelli\/#primaryimage\"},\"thumbnailUrl\":\"https:\/\/www.gamberetta.it\/wp-content\/uploads\/2014\/11\/20131108_111028.jpg\",\"datePublished\":\"2014-11-22T10:28:20+00:00\",\"dateModified\":\"2022-10-17T20:01:36+00:00\",\"author\":{\"@id\":\"https:\/\/www.gamberetta.it\/it\/#\/schema\/person\/7a4a919927c944edb5f3f9c665590124\"},\"breadcrumb\":{\"@id\":\"https:\/\/www.gamberetta.it\/it\/2014\/11\/22\/la-citta-e-la-sua-guida-a-siena-con-rita-ceccarelli\/#breadcrumb\"},\"inLanguage\":\"it-IT\",\"potentialAction\":[{\"@type\":\"ReadAction\",\"target\":[\"https:\/\/www.gamberetta.it\/it\/2014\/11\/22\/la-citta-e-la-sua-guida-a-siena-con-rita-ceccarelli\/\"]}]},{\"@type\":\"ImageObject\",\"inLanguage\":\"it-IT\",\"@id\":\"https:\/\/www.gamberetta.it\/it\/2014\/11\/22\/la-citta-e-la-sua-guida-a-siena-con-rita-ceccarelli\/#primaryimage\",\"url\":\"https:\/\/www.gamberetta.it\/wp-content\/uploads\/2014\/11\/20131108_111028.jpg\",\"contentUrl\":\"https:\/\/www.gamberetta.it\/wp-content\/uploads\/2014\/11\/20131108_111028.jpg\",\"width\":448,\"height\":336},{\"@type\":\"BreadcrumbList\",\"@id\":\"https:\/\/www.gamberetta.it\/it\/2014\/11\/22\/la-citta-e-la-sua-guida-a-siena-con-rita-ceccarelli\/#breadcrumb\",\"itemListElement\":[{\"@type\":\"ListItem\",\"position\":1,\"name\":\"Home\",\"item\":\"https:\/\/www.gamberetta.it\/it\/\"},{\"@type\":\"ListItem\",\"position\":2,\"name\":\"LA CITTA&#8217; E LA SUA GUIDA: A SIENA CON RITA CECCARELLI\"}]},{\"@type\":\"WebSite\",\"@id\":\"https:\/\/www.gamberetta.it\/it\/#website\",\"url\":\"https:\/\/www.gamberetta.it\/it\/\",\"name\":\"Gamberetta\",\"description\":\"Il mio blog senza fronzoli: pensieri e parole, sempre e ovunque in viaggio\",\"potentialAction\":[{\"@type\":\"SearchAction\",\"target\":{\"@type\":\"EntryPoint\",\"urlTemplate\":\"https:\/\/www.gamberetta.it\/it\/?s={search_term_string}\"},\"query-input\":{\"@type\":\"PropertyValueSpecification\",\"valueRequired\":true,\"valueName\":\"search_term_string\"}}],\"inLanguage\":\"it-IT\"},{\"@type\":\"Person\",\"@id\":\"https:\/\/www.gamberetta.it\/it\/#\/schema\/person\/7a4a919927c944edb5f3f9c665590124\",\"name\":\"gamberetta\",\"image\":{\"@type\":\"ImageObject\",\"inLanguage\":\"it-IT\",\"@id\":\"https:\/\/www.gamberetta.it\/it\/#\/schema\/person\/image\/\",\"url\":\"https:\/\/secure.gravatar.com\/avatar\/7ef5d82656b8958070b4f589b7ae1784?s=96&d=mm&r=g\",\"contentUrl\":\"https:\/\/secure.gravatar.com\/avatar\/7ef5d82656b8958070b4f589b7ae1784?s=96&d=mm&r=g\",\"caption\":\"gamberetta\"},\"description\":\"Sono Toro ascendente Scorpione, terra di contrasti dove ora prevale una met\u00e0, ora l\u2019altra. L\u2019infanzia in Veneto e gli ultimi anni passati a Milano hanno sviluppato in me una serie ulteriore di conflitti. Scrivo da sempre, la scrittura \u00e8 la migliore forma espressiva che mi consente di fissare concetti altrimenti sospesi nell\u2019aria. Da bambina scrivevo poesie con uno stile quasi leopardiano poi sono passata ai diari di viaggio dalla prima volta in USA nel 1998 e non ho pi\u00f9 smesso...\",\"url\":\"https:\/\/www.gamberetta.it\/it\/author\/gamberettarossa\/\"}]}<\/script>\n<!-- \/ Yoast SEO plugin. -->","yoast_head_json":{"title":"LA CITTA' E LA SUA GUIDA: A SIENA CON RITA CECCARELLI - Gamberetta","robots":{"index":"index","follow":"follow","max-snippet":"max-snippet:-1","max-image-preview":"max-image-preview:large","max-video-preview":"max-video-preview:-1"},"canonical":"https:\/\/www.gamberetta.it\/it\/2014\/11\/22\/la-citta-e-la-sua-guida-a-siena-con-rita-ceccarelli\/","og_locale":"it_IT","og_type":"article","og_title":"LA CITTA' E LA SUA GUIDA: A SIENA CON RITA CECCARELLI - Gamberetta","og_description":"Rita Ceccarelli \u00e8 la guida che mi ha portato ben due volte per mano alla scoperta di Siena, \u00e8 un angelo custode con una chioma rossa invidiabile che incornicia due occhioni chiari e un sorriso gentile. Ma \u00e8 tosta e vera come i Toscani migliori, quelli che ti danno il cuore ma non le mandano &hellip; Leggi tutto","og_url":"https:\/\/www.gamberetta.it\/it\/2014\/11\/22\/la-citta-e-la-sua-guida-a-siena-con-rita-ceccarelli\/","og_site_name":"Gamberetta","article_publisher":"https:\/\/www.facebook.com\/Gamberettatravelblog","article_published_time":"2014-11-22T10:28:20+00:00","article_modified_time":"2022-10-17T20:01:36+00:00","og_image":[{"width":448,"height":336,"url":"https:\/\/www.gamberetta.it\/wp-content\/uploads\/2014\/11\/20131108_111028.jpg","type":"image\/jpeg"}],"author":"gamberetta","twitter_card":"summary_large_image","twitter_creator":"@robertazennaro","twitter_site":"@robertazennaro","twitter_misc":{"Scritto da":"gamberetta","Tempo di lettura stimato":"6 minuti"},"schema":{"@context":"https:\/\/schema.org","@graph":[{"@type":"WebPage","@id":"https:\/\/www.gamberetta.it\/it\/2014\/11\/22\/la-citta-e-la-sua-guida-a-siena-con-rita-ceccarelli\/","url":"https:\/\/www.gamberetta.it\/it\/2014\/11\/22\/la-citta-e-la-sua-guida-a-siena-con-rita-ceccarelli\/","name":"LA CITTA' E LA SUA GUIDA: A SIENA CON RITA CECCARELLI - Gamberetta","isPartOf":{"@id":"https:\/\/www.gamberetta.it\/it\/#website"},"primaryImageOfPage":{"@id":"https:\/\/www.gamberetta.it\/it\/2014\/11\/22\/la-citta-e-la-sua-guida-a-siena-con-rita-ceccarelli\/#primaryimage"},"image":{"@id":"https:\/\/www.gamberetta.it\/it\/2014\/11\/22\/la-citta-e-la-sua-guida-a-siena-con-rita-ceccarelli\/#primaryimage"},"thumbnailUrl":"https:\/\/www.gamberetta.it\/wp-content\/uploads\/2014\/11\/20131108_111028.jpg","datePublished":"2014-11-22T10:28:20+00:00","dateModified":"2022-10-17T20:01:36+00:00","author":{"@id":"https:\/\/www.gamberetta.it\/it\/#\/schema\/person\/7a4a919927c944edb5f3f9c665590124"},"breadcrumb":{"@id":"https:\/\/www.gamberetta.it\/it\/2014\/11\/22\/la-citta-e-la-sua-guida-a-siena-con-rita-ceccarelli\/#breadcrumb"},"inLanguage":"it-IT","potentialAction":[{"@type":"ReadAction","target":["https:\/\/www.gamberetta.it\/it\/2014\/11\/22\/la-citta-e-la-sua-guida-a-siena-con-rita-ceccarelli\/"]}]},{"@type":"ImageObject","inLanguage":"it-IT","@id":"https:\/\/www.gamberetta.it\/it\/2014\/11\/22\/la-citta-e-la-sua-guida-a-siena-con-rita-ceccarelli\/#primaryimage","url":"https:\/\/www.gamberetta.it\/wp-content\/uploads\/2014\/11\/20131108_111028.jpg","contentUrl":"https:\/\/www.gamberetta.it\/wp-content\/uploads\/2014\/11\/20131108_111028.jpg","width":448,"height":336},{"@type":"BreadcrumbList","@id":"https:\/\/www.gamberetta.it\/it\/2014\/11\/22\/la-citta-e-la-sua-guida-a-siena-con-rita-ceccarelli\/#breadcrumb","itemListElement":[{"@type":"ListItem","position":1,"name":"Home","item":"https:\/\/www.gamberetta.it\/it\/"},{"@type":"ListItem","position":2,"name":"LA CITTA&#8217; E LA SUA GUIDA: A SIENA CON RITA CECCARELLI"}]},{"@type":"WebSite","@id":"https:\/\/www.gamberetta.it\/it\/#website","url":"https:\/\/www.gamberetta.it\/it\/","name":"Gamberetta","description":"Il mio blog senza fronzoli: pensieri e parole, sempre e ovunque in viaggio","potentialAction":[{"@type":"SearchAction","target":{"@type":"EntryPoint","urlTemplate":"https:\/\/www.gamberetta.it\/it\/?s={search_term_string}"},"query-input":{"@type":"PropertyValueSpecification","valueRequired":true,"valueName":"search_term_string"}}],"inLanguage":"it-IT"},{"@type":"Person","@id":"https:\/\/www.gamberetta.it\/it\/#\/schema\/person\/7a4a919927c944edb5f3f9c665590124","name":"gamberetta","image":{"@type":"ImageObject","inLanguage":"it-IT","@id":"https:\/\/www.gamberetta.it\/it\/#\/schema\/person\/image\/","url":"https:\/\/secure.gravatar.com\/avatar\/7ef5d82656b8958070b4f589b7ae1784?s=96&d=mm&r=g","contentUrl":"https:\/\/secure.gravatar.com\/avatar\/7ef5d82656b8958070b4f589b7ae1784?s=96&d=mm&r=g","caption":"gamberetta"},"description":"Sono Toro ascendente Scorpione, terra di contrasti dove ora prevale una met\u00e0, ora l\u2019altra. L\u2019infanzia in Veneto e gli ultimi anni passati a Milano hanno sviluppato in me una serie ulteriore di conflitti. Scrivo da sempre, la scrittura \u00e8 la migliore forma espressiva che mi consente di fissare concetti altrimenti sospesi nell\u2019aria. Da bambina scrivevo poesie con uno stile quasi leopardiano poi sono passata ai diari di viaggio dalla prima volta in USA nel 1998 e non ho pi\u00f9 smesso...","url":"https:\/\/www.gamberetta.it\/it\/author\/gamberettarossa\/"}]}},"_links":{"self":[{"href":"https:\/\/www.gamberetta.it\/it\/wp-json\/wp\/v2\/posts\/4535"}],"collection":[{"href":"https:\/\/www.gamberetta.it\/it\/wp-json\/wp\/v2\/posts"}],"about":[{"href":"https:\/\/www.gamberetta.it\/it\/wp-json\/wp\/v2\/types\/post"}],"author":[{"embeddable":true,"href":"https:\/\/www.gamberetta.it\/it\/wp-json\/wp\/v2\/users\/2"}],"replies":[{"embeddable":true,"href":"https:\/\/www.gamberetta.it\/it\/wp-json\/wp\/v2\/comments?post=4535"}],"version-history":[{"count":2,"href":"https:\/\/www.gamberetta.it\/it\/wp-json\/wp\/v2\/posts\/4535\/revisions"}],"predecessor-version":[{"id":19975,"href":"https:\/\/www.gamberetta.it\/it\/wp-json\/wp\/v2\/posts\/4535\/revisions\/19975"}],"wp:featuredmedia":[{"embeddable":true,"href":"https:\/\/www.gamberetta.it\/it\/wp-json\/wp\/v2\/media\/4537"}],"wp:attachment":[{"href":"https:\/\/www.gamberetta.it\/it\/wp-json\/wp\/v2\/media?parent=4535"}],"wp:term":[{"taxonomy":"category","embeddable":true,"href":"https:\/\/www.gamberetta.it\/it\/wp-json\/wp\/v2\/categories?post=4535"},{"taxonomy":"post_tag","embeddable":true,"href":"https:\/\/www.gamberetta.it\/it\/wp-json\/wp\/v2\/tags?post=4535"}],"curies":[{"name":"wp","href":"https:\/\/api.w.org\/{rel}","templated":true}]}}