{"id":4816,"date":"2014-12-19T18:21:10","date_gmt":"2014-12-19T18:21:10","guid":{"rendered":"https:\/\/www.gamberetta.it\/?p=4816"},"modified":"2020-10-12T12:09:47","modified_gmt":"2020-10-12T10:09:47","slug":"la-citta-e-la-sua-guida-a-biella-con-linda-angeli","status":"publish","type":"post","link":"https:\/\/www.gamberetta.it\/it\/2014\/12\/19\/la-citta-e-la-sua-guida-a-biella-con-linda-angeli\/","title":{"rendered":"LA CITTA&#8217; E LA SUA GUIDA: A BIELLA CON LINDA ANGELI"},"content":{"rendered":"\n<p><span style=\"color: #000000\"><span style=\"font-family: Calibri, sans-serif\"><span style=\"font-size: medium\">Biella \u00e8 stata la destinazione di due bellissimi fine settimana, a inizio e fine 2014, tutti strutturati in perfetto stile piemontese. <b>Linda Angeli<\/b> \u00e8 stata nostro \u201cAngelo custode\u201d e non poteva essere definita diversamente: giovane, carina, precisa, con quel sorriso sicuro di chi sa il fatto suo e tiene in riga tutti gli ospiti, dal primo all&#8217;ultimo minuto della visita. <b>Oropa<\/b> a gennaio, <b>Casa Zegna<\/b> a dicembre, ecco dove ci ha portato. E quando le ho mandato per email le dieci domande alle guide&#8230; mi ha risposto subito. Cosa volere di pi\u00f9? Leggere le sue parole \u00e8 divertente e utile, speriamo che esse servano da spunto a chi fa o vuol fare la guida turistica e apra gli occhi ai legislatori che invece son sempre pi\u00f9 miopi verso queste professioni, e mi fermo qui.<\/span><\/span><\/span><\/p>\n\n\n\n<div class=\"wp-block-image\"><figure class=\"aligncenter\"><a href=\"https:\/\/www.gamberetta.it\/wp-content\/uploads\/2014\/12\/20141212_161216.jpg\"><img loading=\"lazy\" decoding=\"async\" width=\"448\" height=\"336\" src=\"https:\/\/www.gamberetta.it\/wp-content\/uploads\/2014\/12\/20141212_161216.jpg\" alt=\"20141212_161216\" class=\"wp-image-4819\" srcset=\"https:\/\/www.gamberetta.it\/wp-content\/uploads\/2014\/12\/20141212_161216.jpg 448w, https:\/\/www.gamberetta.it\/wp-content\/uploads\/2014\/12\/20141212_161216-300x225.jpg 300w\" sizes=\"(max-width: 448px) 100vw, 448px\" \/><\/a><\/figure><\/div>\n\n\n\n<p>Grazie e tanti auguri gentilissima Linda, arrivederci a presto e buon lavoro!<\/p>\n\n\n\n<h2 class=\"wp-block-heading\"><span style=\"font-family: Calibri, sans-serif\"><span style=\"text-decoration: underline\">1 Da dove vengono gli ospiti in visita alla vs citt\u00e0? Sono pi\u00f9 italiani o stranieri?<\/span><\/span><\/h2>\n\n\n\n<p><span style=\"font-family: Calibri, sans-serif\">Sono prevalentemente italiani, gli stranieri arrivano soprattutto dalla Francia, qualcuno dalla Germania. Mi \u00e8 capitato di accompagnare per\u00f2 dei gruppi di russi che sono venuti per qualche anno a fare un corso a Biella: fantastici!<\/span><\/p>\n\n\n\n<h2 class=\"wp-block-heading\"><span style=\"font-family: Calibri, sans-serif\"><span style=\"text-decoration: underline\">2 Sono pi\u00f9 facili da gestire gli ospiti informati? O \u00e8 meglio prendere per mano persone che arrivano e sanno poco del luogo in cui si trovano?<\/span><\/span><\/h2>\n\n\n\n<p><span style=\"font-family: Calibri, sans-serif\">Gli ospiti informati sono pi\u00f9 interessati all\u2019argomento quindi con loro \u00e8 interessante fare degli approfondimenti su qualche tema. Con quelli che sanno poco ci sono tante cose da raccontare, quindi si parte da una spiegazione pi\u00f9 generica per poi approfondire. Alla fine da loro si ha molta soddisfazione perch\u00e9 concludono la visita dicendo \u201cAh, non sapevo che ci fossero tutte queste cose!\u201d<\/span><\/p>\n\n\n\n<div class=\"wp-block-image\"><figure class=\"aligncenter\"><a href=\"https:\/\/www.gamberetta.it\/wp-content\/uploads\/2014\/12\/20141212_165550.jpg\"><img loading=\"lazy\" decoding=\"async\" width=\"448\" height=\"336\" src=\"https:\/\/www.gamberetta.it\/wp-content\/uploads\/2014\/12\/20141212_165550.jpg\" alt=\"20141212_165550\" class=\"wp-image-4820\" srcset=\"https:\/\/www.gamberetta.it\/wp-content\/uploads\/2014\/12\/20141212_165550.jpg 448w, https:\/\/www.gamberetta.it\/wp-content\/uploads\/2014\/12\/20141212_165550-300x225.jpg 300w\" sizes=\"(max-width: 448px) 100vw, 448px\" \/><\/a><\/figure><\/div>\n\n\n\n<h2 class=\"wp-block-heading\"><span style=\"font-family: Calibri, sans-serif\"><span style=\"text-decoration: underline\">3 Ci sono due \u2013 tre aneddoti successi durante una visita che avete voglia di raccontare?<\/span><\/span><\/h2>\n\n\n\n<p><span style=\"font-family: Calibri, sans-serif\">All\u2019archivio storico di casa Zegna:<\/span><\/p>\n\n\n\n<ul class=\"wp-block-list\"><li><span style=\"font-family: Calibri, sans-serif\">dopo aver spiegato per pi\u00f9 di un\u2019ora la storia di Ermenegildo Zegna, che ha messo a dimora oltre 500.000 conifere per valorizzare la montagna di Trivero (Biella), e dopo aver spiegato che Ermenegildo Zegna \u00e8 da sempre in cerca delle migliori lane merino australiane per i propri tessuti, e dopo aver mostrato la provenienza delle materie prime (Australia \u2013 Sud Africa \u2013 Sud America) arriva la grande domanda: \u201c\u2026 ma quindi\u2026 Ermenegildo Zegna ha piantato gli alberi cos\u00ec le pecore hanno una lana migliore?\u201d E purtroppo non era un bambino a fare la domanda\u2026!<\/span><\/li><li><span style=\"font-family: Calibri, sans-serif\">sempre al termine di una visita a casa Zegna, dopo aver mostrato i diari in cui Ermenegildo Zegna annotava ogni dettaglio riguardo alla produzione, una giornalista spagnola mi chiede \u201c Di che segno zodiacale era Ermenegildo Zegna?!\u201d Sapendo che era nato a gennaio, non \u00e8 stato difficile rispondere \u201ccapricorno!\u201d. E lei \u201cAh ecco perch\u00e9 era cos\u00ec preciso!\u201d<\/span><\/li><li><span style=\"font-family: Calibri, sans-serif\">Visita guidata alla Fondazione Pistoletto: un ospite in aperta polemica con l\u2019arte contemporanea viene a visitare Cittadellarte e, dopo aver messo in discussione tutta l\u2019opera di Pistoletto e la mia spiegazione, ho retto bene a tutte le sue provocazioni fin quando mi coglie in castagna: \u201cMa questo pacco, vorr\u00e0 dire che anche qui dentro c\u2019\u00e8 l\u2019infinito\u201d? E quel pacco l\u2019avevano portato la mattina stessa, non sapevo davvero se era un\u2019opera o un pacco da disimballare! Ci siamo messi a ridere e\u2026 va bene anche cos\u00ec!<\/span><\/li><\/ul>\n\n\n\n<div class=\"wp-block-image\"><figure class=\"aligncenter\"><a href=\"https:\/\/www.gamberetta.it\/wp-content\/uploads\/2014\/12\/20140111_163333.jpg\"><img loading=\"lazy\" decoding=\"async\" width=\"336\" height=\"448\" src=\"https:\/\/www.gamberetta.it\/wp-content\/uploads\/2014\/12\/20140111_163333.jpg\" alt=\"20140111_163333\" class=\"wp-image-4818\" srcset=\"https:\/\/www.gamberetta.it\/wp-content\/uploads\/2014\/12\/20140111_163333.jpg 336w, https:\/\/www.gamberetta.it\/wp-content\/uploads\/2014\/12\/20140111_163333-225x300.jpg 225w\" sizes=\"(max-width: 336px) 100vw, 336px\" \/><\/a><\/figure><\/div>\n\n\n\n<h2 class=\"wp-block-heading\"><span style=\"font-family: Calibri, sans-serif\"><span style=\"text-decoration: underline\">4 E un&#8217;esperienza invece da dimenticare?<\/span><\/span><\/h2>\n\n\n\n<p><span style=\"font-family: Calibri, sans-serif\">Al termine di una visita guidata, un\u2019autista si arrabbia perch\u00e9 \u201cnon ho diviso con lui le commissioni dopo aver visitato un outlet\u201d . Non c\u2019era nessuna commissione e non mi ha creduto. Ci sono rimasta molto male.<\/span><\/p>\n\n\n\n<h2 class=\"wp-block-heading\"><span style=\"font-family: Calibri, sans-serif\"><span style=\"text-decoration: underline\">5 Quali sono le domande o gli atteggiamenti degli ospiti in visita che possono \u201cmettere in crisi\u201d o imbarazzare una guida, anche con esperienza?<\/span><\/span><\/h2>\n\n\n\n<p><span style=\"font-family: Calibri, sans-serif\">A volte domande troppo specifiche o atteggiamenti provocatori che cercano di mettere in discussione quello che si racconta. Oppure l\u2019ospite che crede di essere un grande esperto ( ma non lo \u00e8) e dice sempre la sua, a volte contraddicendo la guida.<\/span><\/p>\n\n\n\n<h2 class=\"wp-block-heading\"><span style=\"font-family: Calibri, sans-serif\"><span style=\"text-decoration: underline\">6 Esistono o avete verificato alcuni stereotipi sulle caratteristiche dei turisti a seconda della loro provenienza?<\/span><\/span><\/h2>\n\n\n\n<p><span style=\"font-family: Calibri, sans-serif\">Non particolarmente, i giapponesi sono i pi\u00f9 attrezzati (arrivano con le cuffiette), i pi\u00f9 attenti e quelli che fanno pi\u00f9 \u201cooooohhh\u201d. I russi sono quelli pi\u00f9 affezionati allo shopping.<\/span><\/p>\n\n\n\n<h2 class=\"wp-block-heading\"><span style=\"font-family: Calibri, sans-serif\"><span style=\"text-decoration: underline\">7 Come si conciliano gli aspetti tecnici di una citt\u00e0 e quelli pi\u00f9 leggeri? (shopping, pranzi ecc.) Se un ospite ha fretta di vedere tutto in poco tempo e poi infilarsi in un negozio lo assecondate o cercate di trattenerlo?<\/span><\/span><\/h2>\n\n\n\n<p><span style=\"font-family: Calibri, sans-serif\">Di solito lascio lo shopping o il pranzo alla fine della visita guidata. Se esprimono questo desiderio, cerco di finire la visita con un po\u2019 di anticipo in modo da lasciare loro il tempo libero necessario<\/span><\/p>\n\n\n\n<h2 class=\"wp-block-heading\"><span style=\"font-family: Calibri, sans-serif\"><span style=\"text-decoration: underline\">8 Cosa fa di un ospite una persona speciale, di quelle che a fine servizio vi fa voglia di starci insieme pi\u00f9 tempo?<\/span><\/span><\/h2>\n\n\n\n<p><span style=\"font-family: Calibri, sans-serif\">La sua curiosit\u00e0 e la sua apertura mentale, di solito sono quelle persone che dopo la visita si fermano ancora a parlare e a commentare l\u2019esperienza vissuta.<\/span><\/p>\n\n\n\n<h2 class=\"wp-block-heading\"><span style=\"font-family: Calibri, sans-serif\"><span style=\"text-decoration: underline\">9 Si pu\u00f2 diventare amici degli ospiti in visita? Pu\u00f2 succedere di mantenersi in contatto anche dopo?<\/span><\/span><\/h2>\n\n\n\n<p><span style=\"font-family: Calibri, sans-serif\">Si, mi \u00e8 successo con i gruppi di russi ad esempio: in questo caso si fermavano per pi\u00f9 giorni quindi \u00e8 stato facile socializzare.<\/span><\/p>\n\n\n\n<h2 class=\"wp-block-heading\"><span style=\"font-family: Calibri, sans-serif\"><span style=\"text-decoration: underline\">10 Consigliereste a un giovane di studiare per diventare guida turistica? SI \u2013 NO \u2013 Perch\u00e9?<\/span><\/span><\/h2>\n\n\n\n<p><span style=\"font-family: Calibri, sans-serif\">Si! Oltre a essere un\u2019opportunit\u00e0 lavorativa, \u00e8 un modo di conoscere il proprio territorio. Soprattutto in una citt\u00e0 come Biella dove si sente dire troppo spesso \u201cMa qui non c\u2019\u00e8 niente!<\/span><\/p>\n","protected":false},"excerpt":{"rendered":"<p>Biella \u00e8 stata la destinazione di due bellissimi fine settimana, a inizio e fine 2014, tutti strutturati in perfetto stile piemontese. Linda Angeli \u00e8 stata nostro \u201cAngelo custode\u201d e non poteva essere definita diversamente: giovane, carina, precisa, con quel sorriso sicuro di chi sa il fatto suo e tiene in riga tutti gli ospiti, dal &hellip; <a class=\"more-link\" href=\"https:\/\/www.gamberetta.it\/it\/2014\/12\/19\/la-citta-e-la-sua-guida-a-biella-con-linda-angeli\/\">Leggi tutto<i class=\"ion-ios-arrow-thin-right\"><\/i><\/a><\/p>\n","protected":false},"author":2,"featured_media":4819,"comment_status":"open","ping_status":"closed","sticky":false,"template":"","format":"standard","meta":{"footnotes":""},"categories":[28,33,34],"tags":[1057,1343,1344,1345,1063,1066],"class_list":["post-4816","post","type-post","status-publish","format-standard","has-post-thumbnail","hentry","category-myself","category-travelling","category-viaggi-italia-europa","tag-biella","tag-casa-zegna","tag-destinazionebiella","tag-ermenegildo-zegna","tag-oropa","tag-piemonte"],"yoast_head":"<!-- This site is optimized with the Yoast SEO plugin v23.5 - https:\/\/yoast.com\/wordpress\/plugins\/seo\/ -->\n<title>LA CITTA&#039; E LA SUA GUIDA: A BIELLA CON LINDA ANGELI - Gamberetta<\/title>\n<meta name=\"robots\" content=\"index, follow, max-snippet:-1, max-image-preview:large, max-video-preview:-1\" \/>\n<link rel=\"canonical\" href=\"https:\/\/www.gamberetta.it\/it\/2014\/12\/19\/la-citta-e-la-sua-guida-a-biella-con-linda-angeli\/\" \/>\n<meta property=\"og:locale\" content=\"it_IT\" \/>\n<meta property=\"og:type\" content=\"article\" \/>\n<meta property=\"og:title\" content=\"LA CITTA&#039; E LA SUA GUIDA: A BIELLA CON LINDA ANGELI - Gamberetta\" \/>\n<meta property=\"og:description\" content=\"Biella \u00e8 stata la destinazione di due bellissimi fine settimana, a inizio e fine 2014, tutti strutturati in perfetto stile piemontese. Linda Angeli \u00e8 stata nostro \u201cAngelo custode\u201d e non poteva essere definita diversamente: giovane, carina, precisa, con quel sorriso sicuro di chi sa il fatto suo e tiene in riga tutti gli ospiti, dal &hellip; Leggi tutto\" \/>\n<meta property=\"og:url\" content=\"https:\/\/www.gamberetta.it\/it\/2014\/12\/19\/la-citta-e-la-sua-guida-a-biella-con-linda-angeli\/\" \/>\n<meta property=\"og:site_name\" content=\"Gamberetta\" \/>\n<meta property=\"article:publisher\" content=\"https:\/\/www.facebook.com\/Gamberettatravelblog\" \/>\n<meta property=\"article:published_time\" content=\"2014-12-19T18:21:10+00:00\" \/>\n<meta property=\"article:modified_time\" content=\"2020-10-12T10:09:47+00:00\" \/>\n<meta property=\"og:image\" content=\"https:\/\/www.gamberetta.it\/wp-content\/uploads\/2014\/12\/20141212_161216.jpg\" \/>\n\t<meta property=\"og:image:width\" content=\"448\" \/>\n\t<meta property=\"og:image:height\" content=\"336\" \/>\n\t<meta property=\"og:image:type\" content=\"image\/jpeg\" \/>\n<meta name=\"author\" content=\"gamberetta\" \/>\n<meta name=\"twitter:card\" content=\"summary_large_image\" \/>\n<meta name=\"twitter:creator\" content=\"@robertazennaro\" \/>\n<meta name=\"twitter:site\" content=\"@robertazennaro\" \/>\n<meta name=\"twitter:label1\" content=\"Scritto da\" \/>\n\t<meta name=\"twitter:data1\" content=\"gamberetta\" \/>\n\t<meta name=\"twitter:label2\" content=\"Tempo di lettura stimato\" \/>\n\t<meta name=\"twitter:data2\" content=\"4 minuti\" \/>\n<script type=\"application\/ld+json\" class=\"yoast-schema-graph\">{\"@context\":\"https:\/\/schema.org\",\"@graph\":[{\"@type\":\"WebPage\",\"@id\":\"https:\/\/www.gamberetta.it\/it\/2014\/12\/19\/la-citta-e-la-sua-guida-a-biella-con-linda-angeli\/\",\"url\":\"https:\/\/www.gamberetta.it\/it\/2014\/12\/19\/la-citta-e-la-sua-guida-a-biella-con-linda-angeli\/\",\"name\":\"LA CITTA' E LA SUA GUIDA: A BIELLA CON LINDA ANGELI - Gamberetta\",\"isPartOf\":{\"@id\":\"https:\/\/www.gamberetta.it\/it\/#website\"},\"primaryImageOfPage\":{\"@id\":\"https:\/\/www.gamberetta.it\/it\/2014\/12\/19\/la-citta-e-la-sua-guida-a-biella-con-linda-angeli\/#primaryimage\"},\"image\":{\"@id\":\"https:\/\/www.gamberetta.it\/it\/2014\/12\/19\/la-citta-e-la-sua-guida-a-biella-con-linda-angeli\/#primaryimage\"},\"thumbnailUrl\":\"https:\/\/www.gamberetta.it\/wp-content\/uploads\/2014\/12\/20141212_161216.jpg\",\"datePublished\":\"2014-12-19T18:21:10+00:00\",\"dateModified\":\"2020-10-12T10:09:47+00:00\",\"author\":{\"@id\":\"https:\/\/www.gamberetta.it\/it\/#\/schema\/person\/7a4a919927c944edb5f3f9c665590124\"},\"breadcrumb\":{\"@id\":\"https:\/\/www.gamberetta.it\/it\/2014\/12\/19\/la-citta-e-la-sua-guida-a-biella-con-linda-angeli\/#breadcrumb\"},\"inLanguage\":\"it-IT\",\"potentialAction\":[{\"@type\":\"ReadAction\",\"target\":[\"https:\/\/www.gamberetta.it\/it\/2014\/12\/19\/la-citta-e-la-sua-guida-a-biella-con-linda-angeli\/\"]}]},{\"@type\":\"ImageObject\",\"inLanguage\":\"it-IT\",\"@id\":\"https:\/\/www.gamberetta.it\/it\/2014\/12\/19\/la-citta-e-la-sua-guida-a-biella-con-linda-angeli\/#primaryimage\",\"url\":\"https:\/\/www.gamberetta.it\/wp-content\/uploads\/2014\/12\/20141212_161216.jpg\",\"contentUrl\":\"https:\/\/www.gamberetta.it\/wp-content\/uploads\/2014\/12\/20141212_161216.jpg\",\"width\":448,\"height\":336},{\"@type\":\"BreadcrumbList\",\"@id\":\"https:\/\/www.gamberetta.it\/it\/2014\/12\/19\/la-citta-e-la-sua-guida-a-biella-con-linda-angeli\/#breadcrumb\",\"itemListElement\":[{\"@type\":\"ListItem\",\"position\":1,\"name\":\"Home\",\"item\":\"https:\/\/www.gamberetta.it\/it\/\"},{\"@type\":\"ListItem\",\"position\":2,\"name\":\"LA CITTA&#8217; E LA SUA GUIDA: A BIELLA CON LINDA ANGELI\"}]},{\"@type\":\"WebSite\",\"@id\":\"https:\/\/www.gamberetta.it\/it\/#website\",\"url\":\"https:\/\/www.gamberetta.it\/it\/\",\"name\":\"Gamberetta\",\"description\":\"Il mio blog senza fronzoli: pensieri e parole, sempre e ovunque in viaggio\",\"potentialAction\":[{\"@type\":\"SearchAction\",\"target\":{\"@type\":\"EntryPoint\",\"urlTemplate\":\"https:\/\/www.gamberetta.it\/it\/?s={search_term_string}\"},\"query-input\":{\"@type\":\"PropertyValueSpecification\",\"valueRequired\":true,\"valueName\":\"search_term_string\"}}],\"inLanguage\":\"it-IT\"},{\"@type\":\"Person\",\"@id\":\"https:\/\/www.gamberetta.it\/it\/#\/schema\/person\/7a4a919927c944edb5f3f9c665590124\",\"name\":\"gamberetta\",\"image\":{\"@type\":\"ImageObject\",\"inLanguage\":\"it-IT\",\"@id\":\"https:\/\/www.gamberetta.it\/it\/#\/schema\/person\/image\/\",\"url\":\"https:\/\/secure.gravatar.com\/avatar\/7ef5d82656b8958070b4f589b7ae1784?s=96&d=mm&r=g\",\"contentUrl\":\"https:\/\/secure.gravatar.com\/avatar\/7ef5d82656b8958070b4f589b7ae1784?s=96&d=mm&r=g\",\"caption\":\"gamberetta\"},\"description\":\"Sono Toro ascendente Scorpione, terra di contrasti dove ora prevale una met\u00e0, ora l\u2019altra. L\u2019infanzia in Veneto e gli ultimi anni passati a Milano hanno sviluppato in me una serie ulteriore di conflitti. Scrivo da sempre, la scrittura \u00e8 la migliore forma espressiva che mi consente di fissare concetti altrimenti sospesi nell\u2019aria. Da bambina scrivevo poesie con uno stile quasi leopardiano poi sono passata ai diari di viaggio dalla prima volta in USA nel 1998 e non ho pi\u00f9 smesso...\",\"url\":\"https:\/\/www.gamberetta.it\/it\/author\/gamberettarossa\/\"}]}<\/script>\n<!-- \/ Yoast SEO plugin. -->","yoast_head_json":{"title":"LA CITTA' E LA SUA GUIDA: A BIELLA CON LINDA ANGELI - Gamberetta","robots":{"index":"index","follow":"follow","max-snippet":"max-snippet:-1","max-image-preview":"max-image-preview:large","max-video-preview":"max-video-preview:-1"},"canonical":"https:\/\/www.gamberetta.it\/it\/2014\/12\/19\/la-citta-e-la-sua-guida-a-biella-con-linda-angeli\/","og_locale":"it_IT","og_type":"article","og_title":"LA CITTA' E LA SUA GUIDA: A BIELLA CON LINDA ANGELI - Gamberetta","og_description":"Biella \u00e8 stata la destinazione di due bellissimi fine settimana, a inizio e fine 2014, tutti strutturati in perfetto stile piemontese. Linda Angeli \u00e8 stata nostro \u201cAngelo custode\u201d e non poteva essere definita diversamente: giovane, carina, precisa, con quel sorriso sicuro di chi sa il fatto suo e tiene in riga tutti gli ospiti, dal &hellip; Leggi tutto","og_url":"https:\/\/www.gamberetta.it\/it\/2014\/12\/19\/la-citta-e-la-sua-guida-a-biella-con-linda-angeli\/","og_site_name":"Gamberetta","article_publisher":"https:\/\/www.facebook.com\/Gamberettatravelblog","article_published_time":"2014-12-19T18:21:10+00:00","article_modified_time":"2020-10-12T10:09:47+00:00","og_image":[{"width":448,"height":336,"url":"https:\/\/www.gamberetta.it\/wp-content\/uploads\/2014\/12\/20141212_161216.jpg","type":"image\/jpeg"}],"author":"gamberetta","twitter_card":"summary_large_image","twitter_creator":"@robertazennaro","twitter_site":"@robertazennaro","twitter_misc":{"Scritto da":"gamberetta","Tempo di lettura stimato":"4 minuti"},"schema":{"@context":"https:\/\/schema.org","@graph":[{"@type":"WebPage","@id":"https:\/\/www.gamberetta.it\/it\/2014\/12\/19\/la-citta-e-la-sua-guida-a-biella-con-linda-angeli\/","url":"https:\/\/www.gamberetta.it\/it\/2014\/12\/19\/la-citta-e-la-sua-guida-a-biella-con-linda-angeli\/","name":"LA CITTA' E LA SUA GUIDA: A BIELLA CON LINDA ANGELI - Gamberetta","isPartOf":{"@id":"https:\/\/www.gamberetta.it\/it\/#website"},"primaryImageOfPage":{"@id":"https:\/\/www.gamberetta.it\/it\/2014\/12\/19\/la-citta-e-la-sua-guida-a-biella-con-linda-angeli\/#primaryimage"},"image":{"@id":"https:\/\/www.gamberetta.it\/it\/2014\/12\/19\/la-citta-e-la-sua-guida-a-biella-con-linda-angeli\/#primaryimage"},"thumbnailUrl":"https:\/\/www.gamberetta.it\/wp-content\/uploads\/2014\/12\/20141212_161216.jpg","datePublished":"2014-12-19T18:21:10+00:00","dateModified":"2020-10-12T10:09:47+00:00","author":{"@id":"https:\/\/www.gamberetta.it\/it\/#\/schema\/person\/7a4a919927c944edb5f3f9c665590124"},"breadcrumb":{"@id":"https:\/\/www.gamberetta.it\/it\/2014\/12\/19\/la-citta-e-la-sua-guida-a-biella-con-linda-angeli\/#breadcrumb"},"inLanguage":"it-IT","potentialAction":[{"@type":"ReadAction","target":["https:\/\/www.gamberetta.it\/it\/2014\/12\/19\/la-citta-e-la-sua-guida-a-biella-con-linda-angeli\/"]}]},{"@type":"ImageObject","inLanguage":"it-IT","@id":"https:\/\/www.gamberetta.it\/it\/2014\/12\/19\/la-citta-e-la-sua-guida-a-biella-con-linda-angeli\/#primaryimage","url":"https:\/\/www.gamberetta.it\/wp-content\/uploads\/2014\/12\/20141212_161216.jpg","contentUrl":"https:\/\/www.gamberetta.it\/wp-content\/uploads\/2014\/12\/20141212_161216.jpg","width":448,"height":336},{"@type":"BreadcrumbList","@id":"https:\/\/www.gamberetta.it\/it\/2014\/12\/19\/la-citta-e-la-sua-guida-a-biella-con-linda-angeli\/#breadcrumb","itemListElement":[{"@type":"ListItem","position":1,"name":"Home","item":"https:\/\/www.gamberetta.it\/it\/"},{"@type":"ListItem","position":2,"name":"LA CITTA&#8217; E LA SUA GUIDA: A BIELLA CON LINDA ANGELI"}]},{"@type":"WebSite","@id":"https:\/\/www.gamberetta.it\/it\/#website","url":"https:\/\/www.gamberetta.it\/it\/","name":"Gamberetta","description":"Il mio blog senza fronzoli: pensieri e parole, sempre e ovunque in viaggio","potentialAction":[{"@type":"SearchAction","target":{"@type":"EntryPoint","urlTemplate":"https:\/\/www.gamberetta.it\/it\/?s={search_term_string}"},"query-input":{"@type":"PropertyValueSpecification","valueRequired":true,"valueName":"search_term_string"}}],"inLanguage":"it-IT"},{"@type":"Person","@id":"https:\/\/www.gamberetta.it\/it\/#\/schema\/person\/7a4a919927c944edb5f3f9c665590124","name":"gamberetta","image":{"@type":"ImageObject","inLanguage":"it-IT","@id":"https:\/\/www.gamberetta.it\/it\/#\/schema\/person\/image\/","url":"https:\/\/secure.gravatar.com\/avatar\/7ef5d82656b8958070b4f589b7ae1784?s=96&d=mm&r=g","contentUrl":"https:\/\/secure.gravatar.com\/avatar\/7ef5d82656b8958070b4f589b7ae1784?s=96&d=mm&r=g","caption":"gamberetta"},"description":"Sono Toro ascendente Scorpione, terra di contrasti dove ora prevale una met\u00e0, ora l\u2019altra. L\u2019infanzia in Veneto e gli ultimi anni passati a Milano hanno sviluppato in me una serie ulteriore di conflitti. Scrivo da sempre, la scrittura \u00e8 la migliore forma espressiva che mi consente di fissare concetti altrimenti sospesi nell\u2019aria. Da bambina scrivevo poesie con uno stile quasi leopardiano poi sono passata ai diari di viaggio dalla prima volta in USA nel 1998 e non ho pi\u00f9 smesso...","url":"https:\/\/www.gamberetta.it\/it\/author\/gamberettarossa\/"}]}},"_links":{"self":[{"href":"https:\/\/www.gamberetta.it\/it\/wp-json\/wp\/v2\/posts\/4816"}],"collection":[{"href":"https:\/\/www.gamberetta.it\/it\/wp-json\/wp\/v2\/posts"}],"about":[{"href":"https:\/\/www.gamberetta.it\/it\/wp-json\/wp\/v2\/types\/post"}],"author":[{"embeddable":true,"href":"https:\/\/www.gamberetta.it\/it\/wp-json\/wp\/v2\/users\/2"}],"replies":[{"embeddable":true,"href":"https:\/\/www.gamberetta.it\/it\/wp-json\/wp\/v2\/comments?post=4816"}],"version-history":[{"count":1,"href":"https:\/\/www.gamberetta.it\/it\/wp-json\/wp\/v2\/posts\/4816\/revisions"}],"predecessor-version":[{"id":17285,"href":"https:\/\/www.gamberetta.it\/it\/wp-json\/wp\/v2\/posts\/4816\/revisions\/17285"}],"wp:featuredmedia":[{"embeddable":true,"href":"https:\/\/www.gamberetta.it\/it\/wp-json\/wp\/v2\/media\/4819"}],"wp:attachment":[{"href":"https:\/\/www.gamberetta.it\/it\/wp-json\/wp\/v2\/media?parent=4816"}],"wp:term":[{"taxonomy":"category","embeddable":true,"href":"https:\/\/www.gamberetta.it\/it\/wp-json\/wp\/v2\/categories?post=4816"},{"taxonomy":"post_tag","embeddable":true,"href":"https:\/\/www.gamberetta.it\/it\/wp-json\/wp\/v2\/tags?post=4816"}],"curies":[{"name":"wp","href":"https:\/\/api.w.org\/{rel}","templated":true}]}}