{"id":5014,"date":"2015-01-25T23:04:48","date_gmt":"2015-01-25T23:04:48","guid":{"rendered":"https:\/\/www.gamberetta.it\/?p=5014"},"modified":"2015-01-25T23:04:48","modified_gmt":"2015-01-25T23:04:48","slug":"quando-lolio-e-anche-storia-e-cultura-olio-officina-quarta-edizione","status":"publish","type":"post","link":"https:\/\/www.gamberetta.it\/it\/2015\/01\/25\/quando-lolio-e-anche-storia-e-cultura-olio-officina-quarta-edizione\/","title":{"rendered":"QUANDO L&#8217;OLIO E&#8217; ANCHE STORIA E CULTURA, OLIO OFFICINA QUARTA EDIZIONE"},"content":{"rendered":"<p>Si \u00e8 conclusa ieri la quarta edizione di <b>Olio Officina Food Festival<\/b>, l&#8217;evento diretto da Luigi Caricato che anche quest&#8217;anno ha messo in luce, nel bellissimo <b>Palazzo delle Stelline<\/b> in centro a Milano, l&#8217;importanza dell&#8217;olio nell&#8217;alimentazione umana e le sue mille sfaccettature.<\/p>\n<p><a href=\"https:\/\/www.gamberetta.it\/wp-content\/uploads\/2015\/01\/20150122_122014-e1422226084101.jpg\"><img loading=\"lazy\" decoding=\"async\" class=\"aligncenter size-full wp-image-5016\" src=\"https:\/\/www.gamberetta.it\/wp-content\/uploads\/2015\/01\/20150122_122014-e1422226084101.jpg\" alt=\"20150122_122014\" width=\"336\" height=\"448\" srcset=\"https:\/\/www.gamberetta.it\/wp-content\/uploads\/2015\/01\/20150122_122014-e1422226084101.jpg 336w, https:\/\/www.gamberetta.it\/wp-content\/uploads\/2015\/01\/20150122_122014-e1422226084101-225x300.jpg 225w\" sizes=\"(max-width: 336px) 100vw, 336px\" \/><\/a> <a href=\"https:\/\/www.gamberetta.it\/wp-content\/uploads\/2015\/01\/20150122_122042.jpg\"><img loading=\"lazy\" decoding=\"async\" class=\"aligncenter size-full wp-image-5017\" src=\"https:\/\/www.gamberetta.it\/wp-content\/uploads\/2015\/01\/20150122_122042.jpg\" alt=\"20150122_122042\" width=\"448\" height=\"336\" srcset=\"https:\/\/www.gamberetta.it\/wp-content\/uploads\/2015\/01\/20150122_122042.jpg 448w, https:\/\/www.gamberetta.it\/wp-content\/uploads\/2015\/01\/20150122_122042-300x225.jpg 300w\" sizes=\"(max-width: 448px) 100vw, 448px\" \/><\/a><\/p>\n<p><span style=\"font-family:Calibri, sans-serif;\"><span style=\"font-size:medium;\">Ma Olio Officina \u00e8 molto di pi\u00f9: \u00e8 un&#8217;occasione per scoprire come utilizzarlo in cucina e in tanti prodotti <b>cosmetici<\/b>; \u00e8 la storia e la <b>cultura<\/b> che ruotano intorno all&#8217;olio; \u00e8 <b>olioturismo<\/b> in piccole nicchie di territorio da scoprire (in quasi tutte le regioni italiane); \u00e8 scoperta di Paesi come il <b>Marocco<\/b> con oli ottimi; \u00e8 <b>sostenibilit\u00e0<\/b> e rispetto per l&#8217;ambiente. Queste tematiche stanno particolarmente a cuore alle grosse aziende produttrici, sempre pi\u00f9 impegnate affinch\u00e9 il concetto di qualit\u00e0 e certificazione siano vicini anche nel linguaggio alle esigenze dei clienti, su tutta la filiera produttiva. Gioved\u00ec ho partecipato alla manifestazione e ho parlato con piacere con alcuni produttori di nicchia. Ecco cosa mi hanno raccontato.<\/span><\/span><\/p>\n<p><span style=\"font-family:Calibri, sans-serif;\"><span style=\"font-size:medium;\">Passeggiando sui quattro lati del chiostro ammiro innanzi tutto opere d&#8217;arte grandi e piccole:<\/span><\/span><\/p>\n<p><a href=\"https:\/\/www.gamberetta.it\/wp-content\/uploads\/2015\/01\/20150122_124105.jpg\"><img loading=\"lazy\" decoding=\"async\" class=\"aligncenter size-full wp-image-5024\" src=\"https:\/\/www.gamberetta.it\/wp-content\/uploads\/2015\/01\/20150122_124105.jpg\" alt=\"20150122_124105\" width=\"448\" height=\"336\" srcset=\"https:\/\/www.gamberetta.it\/wp-content\/uploads\/2015\/01\/20150122_124105.jpg 448w, https:\/\/www.gamberetta.it\/wp-content\/uploads\/2015\/01\/20150122_124105-300x225.jpg 300w\" sizes=\"(max-width: 448px) 100vw, 448px\" \/><\/a> <a href=\"https:\/\/www.gamberetta.it\/wp-content\/uploads\/2015\/01\/20150122_124050-e1422226188434.jpg\"><img loading=\"lazy\" decoding=\"async\" class=\"aligncenter size-full wp-image-5023\" src=\"https:\/\/www.gamberetta.it\/wp-content\/uploads\/2015\/01\/20150122_124050-e1422226188434.jpg\" alt=\"20150122_124050\" width=\"336\" height=\"448\" srcset=\"https:\/\/www.gamberetta.it\/wp-content\/uploads\/2015\/01\/20150122_124050-e1422226188434.jpg 336w, https:\/\/www.gamberetta.it\/wp-content\/uploads\/2015\/01\/20150122_124050-e1422226188434-225x300.jpg 225w\" sizes=\"(max-width: 336px) 100vw, 336px\" \/><\/a> <a href=\"https:\/\/www.gamberetta.it\/wp-content\/uploads\/2015\/01\/20150122_124034-e1422226178708.jpg\"><img loading=\"lazy\" decoding=\"async\" class=\"aligncenter size-full wp-image-5022\" src=\"https:\/\/www.gamberetta.it\/wp-content\/uploads\/2015\/01\/20150122_124034-e1422226178708.jpg\" alt=\"20150122_124034\" width=\"336\" height=\"448\" srcset=\"https:\/\/www.gamberetta.it\/wp-content\/uploads\/2015\/01\/20150122_124034-e1422226178708.jpg 336w, https:\/\/www.gamberetta.it\/wp-content\/uploads\/2015\/01\/20150122_124034-e1422226178708-225x300.jpg 225w\" sizes=\"(max-width: 336px) 100vw, 336px\" \/><\/a> <a href=\"https:\/\/www.gamberetta.it\/wp-content\/uploads\/2015\/01\/20150122_124025-e1422226168852.jpg\"><img loading=\"lazy\" decoding=\"async\" class=\"aligncenter size-full wp-image-5021\" src=\"https:\/\/www.gamberetta.it\/wp-content\/uploads\/2015\/01\/20150122_124025-e1422226168852.jpg\" alt=\"20150122_124025\" width=\"336\" height=\"448\" srcset=\"https:\/\/www.gamberetta.it\/wp-content\/uploads\/2015\/01\/20150122_124025-e1422226168852.jpg 336w, https:\/\/www.gamberetta.it\/wp-content\/uploads\/2015\/01\/20150122_124025-e1422226168852-225x300.jpg 225w\" sizes=\"(max-width: 336px) 100vw, 336px\" \/><\/a><\/p>\n<p><span style=\"font-family:Calibri, sans-serif;\"><span style=\"font-size:medium;\">Qui si possono incontrare le persone che fanno l&#8217;olio, incluse le <b>Donne dell&#8217;Olio<\/b>, associazione che non conoscevo e che si prefigge la divulgazione di un nobile prodotto, dandogli quell&#8217;accezione positiva che spesso viene nascosta dietro scandali e problemi.<\/span><\/span><\/p>\n<p><img loading=\"lazy\" decoding=\"async\" class=\"aligncenter size-full wp-image-5026\" src=\"https:\/\/www.gamberetta.it\/wp-content\/uploads\/2015\/01\/20150122_124430.jpg\" alt=\"20150122_124430\" width=\"448\" height=\"336\" srcset=\"https:\/\/www.gamberetta.it\/wp-content\/uploads\/2015\/01\/20150122_124430.jpg 448w, https:\/\/www.gamberetta.it\/wp-content\/uploads\/2015\/01\/20150122_124430-300x225.jpg 300w\" sizes=\"(max-width: 448px) 100vw, 448px\" \/><\/p>\n<p><span style=\"font-family:Calibri, sans-serif;\"><span style=\"font-size:medium;\">Naturalmente si vedono produttori e si assaggiano i loro ottimi prodotti, confezionati in piccole bottiglie con ricche etichette dal design accattivante, destinate alle tavole degli estimatori e soprattutto ai migliori chef e ristoranti. Un tratto comune per i produttori di nicchia presenti all&#8217;evento \u00e8 la ricerca di contatti commerciali in Italia e all&#8217;estero, aiutati oggi dal web che consente, per chi vuole investire in questo senso, di operare anche attraverso e-commerce e spedire l&#8217;olio in tutto il mondo.<\/span><\/span><\/p>\n<p><img loading=\"lazy\" decoding=\"async\" class=\"aligncenter size-full wp-image-5020\" src=\"https:\/\/www.gamberetta.it\/wp-content\/uploads\/2015\/01\/20150122_122455.jpg\" alt=\"20150122_122455\" width=\"448\" height=\"336\" srcset=\"https:\/\/www.gamberetta.it\/wp-content\/uploads\/2015\/01\/20150122_122455.jpg 448w, https:\/\/www.gamberetta.it\/wp-content\/uploads\/2015\/01\/20150122_122455-300x225.jpg 300w\" sizes=\"(max-width: 448px) 100vw, 448px\" \/><a href=\"https:\/\/www.gamberetta.it\/wp-content\/uploads\/2015\/01\/20150122_132309-e1422226672507.jpg\"><img loading=\"lazy\" decoding=\"async\" class=\"aligncenter size-full wp-image-5038\" src=\"https:\/\/www.gamberetta.it\/wp-content\/uploads\/2015\/01\/20150122_132309-e1422226672507.jpg\" alt=\"20150122_132309\" width=\"336\" height=\"448\" srcset=\"https:\/\/www.gamberetta.it\/wp-content\/uploads\/2015\/01\/20150122_132309-e1422226672507.jpg 336w, https:\/\/www.gamberetta.it\/wp-content\/uploads\/2015\/01\/20150122_132309-e1422226672507-225x300.jpg 225w\" sizes=\"(max-width: 336px) 100vw, 336px\" \/><\/a><\/p>\n<p>Oltre alla difesa del proprio prodotto che in futuro sar\u00e0 sempre pi\u00f9 tutelato, non solo con la DOP, chi fa l&#8217;olio tiene molto a sottolinearne la purezza grazie alle possibilit\u00e0 di coltivare in maniera pulita, senza ricorrere a pesticidi o tramite la lotta integrata. Un olio biologico non differisce all&#8217;analisi organolettica da un olio convenzionale, cos\u00ec come accade al vino, ma \u00e8 garantito dal produttore che tiene anche a sottolineare l&#8217;utilizzo di tecniche di raccolta manuale, quando possibile, rispettose delle piante.<\/p>\n<p><span style=\"font-family:Calibri, sans-serif;\"><span style=\"font-size:medium;\"><b>Erbaceo, amaro e piccante<\/b> sono le principali note positive che si percepiscono all&#8217;esame olfattivo e gustativo dell&#8217;olio, a volte accompagnate da un retrogusto di mandorla o frutta secca. Le note visive tra giallo e verde, in varie sfumature, ci arrivano solo perch\u00e9 questi assaggi sono effettuati (giocoforza) in piccoli bicchieri bianchi di plastica. Poco male, ma i serissimi panel d&#8217;assaggio \u2013 vedere oltre \u2013 utilizzano bicchieri di vetro blu per annullare l&#8217;effetto del colore. Gli oli esposti sono tutti diversi ma puliti, tecnicamente perfetti, senza traccia di <b>metallico, rancido <\/b>o altre note negative.<\/span><\/span><\/p>\n<p><a href=\"https:\/\/www.gamberetta.it\/wp-content\/uploads\/2015\/01\/20150122_124625.jpg\"><img loading=\"lazy\" decoding=\"async\" class=\"aligncenter size-full wp-image-5029\" src=\"https:\/\/www.gamberetta.it\/wp-content\/uploads\/2015\/01\/20150122_124625.jpg\" alt=\"20150122_124625\" width=\"448\" height=\"336\" srcset=\"https:\/\/www.gamberetta.it\/wp-content\/uploads\/2015\/01\/20150122_124625.jpg 448w, https:\/\/www.gamberetta.it\/wp-content\/uploads\/2015\/01\/20150122_124625-300x225.jpg 300w\" sizes=\"(max-width: 448px) 100vw, 448px\" \/><\/a> <a href=\"https:\/\/www.gamberetta.it\/wp-content\/uploads\/2015\/01\/20150122_124606.jpg\"><img loading=\"lazy\" decoding=\"async\" class=\"aligncenter size-full wp-image-5028\" src=\"https:\/\/www.gamberetta.it\/wp-content\/uploads\/2015\/01\/20150122_124606.jpg\" alt=\"20150122_124606\" width=\"448\" height=\"336\" srcset=\"https:\/\/www.gamberetta.it\/wp-content\/uploads\/2015\/01\/20150122_124606.jpg 448w, https:\/\/www.gamberetta.it\/wp-content\/uploads\/2015\/01\/20150122_124606-300x225.jpg 300w\" sizes=\"(max-width: 448px) 100vw, 448px\" \/><\/a><\/p>\n<p><b>Lorenzo<\/b> N 1, 3 e 5 sono i tre oli dedicati da <b>Barbera<\/b> Premiati Oleifici ai membri della casa palermitana, in ben cinque generazioni che portano proprio questo nome alternato all&#8217;altro nome dei maschi di famiglia, Manfredi. Siamo in Sicilia, Barbera ha la \u201ctesta\u201d a Palermo ma il \u201ccuore\u201d nel cuore dell&#8217;isola, raccoglie infatti le olive anche nelle province di Trapani e Agrigento, da cultivar Cerasuola, Biancolilla, Nocellara. Le olive possono essere trasformate con il nocciolo ma anche denocciolate, affinch\u00e9 il prodotto sia meno tannico e pi\u00f9 pulito.<\/p>\n<p><a href=\"https:\/\/www.gamberetta.it\/wp-content\/uploads\/2015\/01\/20150122_134100-e1422226493253.jpg\"><img loading=\"lazy\" decoding=\"async\" class=\"aligncenter size-full wp-image-5032\" src=\"https:\/\/www.gamberetta.it\/wp-content\/uploads\/2015\/01\/20150122_134100-e1422226493253.jpg\" alt=\"20150122_134100\" width=\"336\" height=\"448\" srcset=\"https:\/\/www.gamberetta.it\/wp-content\/uploads\/2015\/01\/20150122_134100-e1422226493253.jpg 336w, https:\/\/www.gamberetta.it\/wp-content\/uploads\/2015\/01\/20150122_134100-e1422226493253-225x300.jpg 225w\" sizes=\"(max-width: 336px) 100vw, 336px\" \/><\/a> <a href=\"https:\/\/www.gamberetta.it\/wp-content\/uploads\/2015\/01\/20150122_132937.jpg\"><img loading=\"lazy\" decoding=\"async\" class=\"aligncenter size-full wp-image-5031\" src=\"https:\/\/www.gamberetta.it\/wp-content\/uploads\/2015\/01\/20150122_132937.jpg\" alt=\"20150122_132937\" width=\"448\" height=\"336\" srcset=\"https:\/\/www.gamberetta.it\/wp-content\/uploads\/2015\/01\/20150122_132937.jpg 448w, https:\/\/www.gamberetta.it\/wp-content\/uploads\/2015\/01\/20150122_132937-300x225.jpg 300w\" sizes=\"(max-width: 448px) 100vw, 448px\" \/><\/a><\/p>\n<p>Nell&#8217;altra isola, invece, si coltivano Bosana e Nera di Villacidro. Siamo nella <b>Sardegna<\/b> sud occidentale, di <b>Tenute dell&#8217;Olivastro<\/b> assaggio <b>Imperium<\/b> e <b>Igante<\/b> che, al mio palato curioso, parlano di macchia mediterranea. Similmente a un prodotto totalmente diverso: Stincu<b>,<\/b> l&#8217;olio estratto a freddo dalle bacche di lentisco, dall&#8217;azienda <b>Mediflora<\/b> di Pula (CA).<\/p>\n<p><span style=\"font-family:Calibri, sans-serif;\"><span style=\"font-size:medium;\">Potrei fare anche un viaggio sensoriale in <b>Umbria<\/b>, in <b>Liguria<\/b>, in <b>Toscana<\/b> ma non vedo i produttori.<\/span><\/span><\/p>\n<p><a href=\"https:\/\/www.gamberetta.it\/wp-content\/uploads\/2015\/01\/20150122_140306.jpg\"><img loading=\"lazy\" decoding=\"async\" class=\"aligncenter size-full wp-image-5035\" src=\"https:\/\/www.gamberetta.it\/wp-content\/uploads\/2015\/01\/20150122_140306.jpg\" alt=\"20150122_140306\" width=\"448\" height=\"336\" srcset=\"https:\/\/www.gamberetta.it\/wp-content\/uploads\/2015\/01\/20150122_140306.jpg 448w, https:\/\/www.gamberetta.it\/wp-content\/uploads\/2015\/01\/20150122_140306-300x225.jpg 300w\" sizes=\"(max-width: 448px) 100vw, 448px\" \/><\/a><\/p>\n<p><a href=\"https:\/\/www.gamberetta.it\/wp-content\/uploads\/2015\/01\/20150122_1242031-e1422227071891.jpg\"><img loading=\"lazy\" decoding=\"async\" class=\"aligncenter size-full wp-image-5039\" src=\"https:\/\/www.gamberetta.it\/wp-content\/uploads\/2015\/01\/20150122_1242031-e1422227071891.jpg\" alt=\"20150122_124203\" width=\"336\" height=\"448\" srcset=\"https:\/\/www.gamberetta.it\/wp-content\/uploads\/2015\/01\/20150122_1242031-e1422227071891.jpg 336w, https:\/\/www.gamberetta.it\/wp-content\/uploads\/2015\/01\/20150122_1242031-e1422227071891-225x300.jpg 225w\" sizes=\"(max-width: 336px) 100vw, 336px\" \/><\/a><\/p>\n<p><span style=\"font-family:Calibri, sans-serif;\"><span style=\"font-size:medium;\">Mentre ancora pi\u00f9 a nord ritrovo un mio vecchio amore, l&#8217;olio <b>Garda DOP<\/b> qui rappresentato dal consorzio che propone degustazioni guidate di sei oli e assaggi dei prodotti del territorio, inclusa la ricchissima fregolotta. L&#8217;olio del Garda proviene dalle cultivar Casaliva, Frantoio, Leccino, \u00e8 delicato e leggero, molto pi\u00f9 degli oli del sud. Garda \u00e8 anche l&#8217;unica DOP transregionale, presente in tutte le tre regioni che si affacciano sul lago, Veneto a est, Lombardia a ovest e Trentino a nord. Quale migliore occasione di promuovere e valorizzare il territorio, creando nuove occasioni di visita per gli \u201cOleoturisti\u201d? A quanto pare tali iniziative hanno avuto un buon successo, sia tra gli ospiti italiani sia stranieri.<\/span><\/span><\/p>\n<p><a href=\"https:\/\/www.gamberetta.it\/wp-content\/uploads\/2015\/01\/20150122_131453.jpg\"><img loading=\"lazy\" decoding=\"async\" class=\"aligncenter size-full wp-image-5030\" src=\"https:\/\/www.gamberetta.it\/wp-content\/uploads\/2015\/01\/20150122_131453.jpg\" alt=\"20150122_131453\" width=\"448\" height=\"336\" srcset=\"https:\/\/www.gamberetta.it\/wp-content\/uploads\/2015\/01\/20150122_131453.jpg 448w, https:\/\/www.gamberetta.it\/wp-content\/uploads\/2015\/01\/20150122_131453-300x225.jpg 300w\" sizes=\"(max-width: 448px) 100vw, 448px\" \/><\/a><\/p>\n<p>Olio e vino parlano di storia e cultura di un territorio, ci mostrano le antichissime colture olivicole e viticole assieme alle testimonianze archeologiche e artistiche, nonch\u00e9 ai racconti che hanno prodotto poeti e scrittori in ogni tempo.<\/p>\n<p><span style=\"font-family:Calibri, sans-serif;\"><span style=\"font-size:medium;\">Abbinare olio e vino per chi va alla scoperta della nostra bellissima Italia \u00e8 fondamentale (Toscana docet). <b>Chiaretto e Groppello<\/b> sono i miei vini del Garda preferiti, oltre che un profilo aromatico particolare essi hanno un ottimo rapporto qualit\u00e0 prezzo. <\/span><\/span><\/p>\n<p><span style=\"font-family:Calibri, sans-serif;\"><span style=\"font-size:medium;\">Torno al sud dove spero di tornare prestissimo nel corso del 2015, in <b>Puglia<\/b> mi imbatto in un altro bel progetto di valorizzazione, il parco agricolo multifunzionale Paduli. Situato in provincia di Lecce, caratterizzato da boschi di querce, lecci e olivi secolari. Qui \u00e8 possibile usufruire di ospitalit\u00e0 diffusa e ancora in sviluppo, sia in centro storico sia in campagna.<\/span><\/span><\/p>\n<p><a href=\"https:\/\/www.gamberetta.it\/wp-content\/uploads\/2015\/01\/20150122_142053-e1422226769570.jpg\"><img loading=\"lazy\" decoding=\"async\" class=\"aligncenter size-full wp-image-5036\" src=\"https:\/\/www.gamberetta.it\/wp-content\/uploads\/2015\/01\/20150122_142053-e1422226769570.jpg\" alt=\"20150122_142053\" width=\"336\" height=\"448\" srcset=\"https:\/\/www.gamberetta.it\/wp-content\/uploads\/2015\/01\/20150122_142053-e1422226769570.jpg 336w, https:\/\/www.gamberetta.it\/wp-content\/uploads\/2015\/01\/20150122_142053-e1422226769570-225x300.jpg 225w\" sizes=\"(max-width: 336px) 100vw, 336px\" \/><\/a><\/p>\n<p>Nella mia prossima destinazione, la bellissima <b>Basilicata<\/b> con Matera che mi aspetta in primavera, assaggio infine un olio biodinamico protetto da anni col marchio Demeter, prodotto dall&#8217;azienda San Canio a Montescaglioso. Finalmente con loro parlo anche della materia prima. Non ho ancora detto che vado pazza per le olive in tutte le loro declinazioni, le mangio anche a colazione quando posso e qui a Olio Officina devo dire che sono un prodotto latitante.<\/p>\n<p><a href=\"https:\/\/www.gamberetta.it\/wp-content\/uploads\/2015\/01\/20150122_122438-e1422226094814.jpg\"><img loading=\"lazy\" decoding=\"async\" class=\"aligncenter size-full wp-image-5018\" src=\"https:\/\/www.gamberetta.it\/wp-content\/uploads\/2015\/01\/20150122_122438-e1422226094814.jpg\" alt=\"20150122_122438\" width=\"336\" height=\"448\" srcset=\"https:\/\/www.gamberetta.it\/wp-content\/uploads\/2015\/01\/20150122_122438-e1422226094814.jpg 336w, https:\/\/www.gamberetta.it\/wp-content\/uploads\/2015\/01\/20150122_122438-e1422226094814-225x300.jpg 225w\" sizes=\"(max-width: 336px) 100vw, 336px\" \/><\/a><\/p>\n<p><span style=\"font-family:Calibri, sans-serif;\"><span style=\"font-size:medium;\">Meno male, avrei trascurato l&#8217;olio per assaggiarle!! Frantoio e Leccino sono alcune delle cultivar utilizzate.<\/span><\/span><\/p>\n<p><a href=\"https:\/\/www.gamberetta.it\/wp-content\/uploads\/2015\/01\/20150122_134940-e1422226811734.jpg\"><img loading=\"lazy\" decoding=\"async\" class=\"aligncenter size-full wp-image-5033\" src=\"https:\/\/www.gamberetta.it\/wp-content\/uploads\/2015\/01\/20150122_134940-e1422226811734.jpg\" alt=\"20150122_134940\" width=\"336\" height=\"448\" srcset=\"https:\/\/www.gamberetta.it\/wp-content\/uploads\/2015\/01\/20150122_134940-e1422226811734.jpg 336w, https:\/\/www.gamberetta.it\/wp-content\/uploads\/2015\/01\/20150122_134940-e1422226811734-225x300.jpg 225w\" sizes=\"(max-width: 336px) 100vw, 336px\" \/><\/a><\/p>\n<p>Un&#8217;altra occasione d&#8217;uso \u00e8 il <b>massaggio<\/b> con l&#8217;olio, alzi la mano chi non vorrebbe farselo fare. A Olio Officina si parla delle virt\u00f9 terapeutiche dell&#8217;olio applicate ai prodotti cosmetici e <b>nutraceutici<\/b>, con sessioni di massaggio dedicate effettuate da professionisti. Tanto per risvegliare i sensi e rilassarsi, facendosi coccolare con l&#8217;olio.<\/p>\n","protected":false},"excerpt":{"rendered":"<p>Si \u00e8 conclusa ieri la quarta edizione di Olio Officina Food Festival, l&#8217;evento diretto da Luigi Caricato che anche quest&#8217;anno ha messo in luce, nel bellissimo Palazzo delle Stelline in centro a Milano, l&#8217;importanza dell&#8217;olio nell&#8217;alimentazione umana e le sue mille sfaccettature. Ma Olio Officina \u00e8 molto di pi\u00f9: \u00e8 un&#8217;occasione per scoprire come utilizzarlo &hellip; <a class=\"more-link\" href=\"https:\/\/www.gamberetta.it\/it\/2015\/01\/25\/quando-lolio-e-anche-storia-e-cultura-olio-officina-quarta-edizione\/\">Leggi tutto<i class=\"ion-ios-arrow-thin-right\"><\/i><\/a><\/p>\n","protected":false},"author":2,"featured_media":9944,"comment_status":"open","ping_status":"closed","sticky":false,"template":"","format":"standard","meta":{"footnotes":""},"categories":[68,73,28],"tags":[1361,1362,1363,1364,1365,1366,1367,1368,1369,1032,569,1370,1371,1372,1373,1374,1375,1376,1377,1378],"class_list":["post-5014","post","type-post","status-publish","format-standard","has-post-thumbnail","hentry","category-food-wine","category-milano","category-myself","tag-barbera-premiati-oleifici-palermo","tag-casaliva","tag-chiaretto","tag-cultivar","tag-donne-dellolio","tag-frantoio","tag-groppello","tag-leccino","tag-luigi-caricato","tag-milano-2","tag-monorigine","tag-olio-del-garda-dop","tag-olio-di-lentisco-mediflora","tag-olio-officina-food-festival","tag-olioturismo","tag-palazzo-delle-stelline","tag-parco-agricolo-multifunzionale-paduli-puglia","tag-san-canio-montescaglioso-potenza","tag-stincu-cagliari","tag-tenute-dellolivastro-cagliari"],"yoast_head":"<!-- This site is optimized with the Yoast SEO plugin v23.5 - https:\/\/yoast.com\/wordpress\/plugins\/seo\/ -->\n<title>QUANDO L&#039;OLIO E&#039; ANCHE STORIA E CULTURA, OLIO OFFICINA QUARTA EDIZIONE - Gamberetta<\/title>\n<meta name=\"robots\" content=\"index, follow, max-snippet:-1, max-image-preview:large, max-video-preview:-1\" \/>\n<link rel=\"canonical\" href=\"https:\/\/www.gamberetta.it\/it\/2015\/01\/25\/quando-lolio-e-anche-storia-e-cultura-olio-officina-quarta-edizione\/\" \/>\n<meta property=\"og:locale\" content=\"it_IT\" \/>\n<meta property=\"og:type\" content=\"article\" \/>\n<meta property=\"og:title\" content=\"QUANDO L&#039;OLIO E&#039; ANCHE STORIA E CULTURA, OLIO OFFICINA QUARTA EDIZIONE - Gamberetta\" \/>\n<meta property=\"og:description\" content=\"Si \u00e8 conclusa ieri la quarta edizione di Olio Officina Food Festival, l&#8217;evento diretto da Luigi Caricato che anche quest&#8217;anno ha messo in luce, nel bellissimo Palazzo delle Stelline in centro a Milano, l&#8217;importanza dell&#8217;olio nell&#8217;alimentazione umana e le sue mille sfaccettature. Ma Olio Officina \u00e8 molto di pi\u00f9: \u00e8 un&#8217;occasione per scoprire come utilizzarlo &hellip; Leggi tutto\" \/>\n<meta property=\"og:url\" content=\"https:\/\/www.gamberetta.it\/it\/2015\/01\/25\/quando-lolio-e-anche-storia-e-cultura-olio-officina-quarta-edizione\/\" \/>\n<meta property=\"og:site_name\" content=\"Gamberetta\" \/>\n<meta property=\"article:publisher\" content=\"https:\/\/www.facebook.com\/Gamberettatravelblog\" \/>\n<meta property=\"article:published_time\" content=\"2015-01-25T23:04:48+00:00\" \/>\n<meta property=\"og:image\" content=\"https:\/\/www.gamberetta.it\/wp-content\/uploads\/2015\/01\/20150122_140306-1.jpg\" \/>\n\t<meta property=\"og:image:width\" content=\"300\" \/>\n\t<meta property=\"og:image:height\" content=\"225\" \/>\n\t<meta property=\"og:image:type\" content=\"image\/jpeg\" \/>\n<meta name=\"author\" content=\"gamberetta\" \/>\n<meta name=\"twitter:card\" content=\"summary_large_image\" \/>\n<meta name=\"twitter:creator\" content=\"@robertazennaro\" \/>\n<meta name=\"twitter:site\" content=\"@robertazennaro\" \/>\n<meta name=\"twitter:label1\" content=\"Scritto da\" \/>\n\t<meta name=\"twitter:data1\" content=\"gamberetta\" \/>\n\t<meta name=\"twitter:label2\" content=\"Tempo di lettura stimato\" \/>\n\t<meta name=\"twitter:data2\" content=\"5 minuti\" \/>\n<script type=\"application\/ld+json\" class=\"yoast-schema-graph\">{\"@context\":\"https:\/\/schema.org\",\"@graph\":[{\"@type\":\"WebPage\",\"@id\":\"https:\/\/www.gamberetta.it\/it\/2015\/01\/25\/quando-lolio-e-anche-storia-e-cultura-olio-officina-quarta-edizione\/\",\"url\":\"https:\/\/www.gamberetta.it\/it\/2015\/01\/25\/quando-lolio-e-anche-storia-e-cultura-olio-officina-quarta-edizione\/\",\"name\":\"QUANDO L'OLIO E' ANCHE STORIA E CULTURA, OLIO OFFICINA QUARTA EDIZIONE - Gamberetta\",\"isPartOf\":{\"@id\":\"https:\/\/www.gamberetta.it\/it\/#website\"},\"primaryImageOfPage\":{\"@id\":\"https:\/\/www.gamberetta.it\/it\/2015\/01\/25\/quando-lolio-e-anche-storia-e-cultura-olio-officina-quarta-edizione\/#primaryimage\"},\"image\":{\"@id\":\"https:\/\/www.gamberetta.it\/it\/2015\/01\/25\/quando-lolio-e-anche-storia-e-cultura-olio-officina-quarta-edizione\/#primaryimage\"},\"thumbnailUrl\":\"https:\/\/www.gamberetta.it\/wp-content\/uploads\/2015\/01\/20150122_140306-1.jpg\",\"datePublished\":\"2015-01-25T23:04:48+00:00\",\"dateModified\":\"2015-01-25T23:04:48+00:00\",\"author\":{\"@id\":\"https:\/\/www.gamberetta.it\/it\/#\/schema\/person\/7a4a919927c944edb5f3f9c665590124\"},\"breadcrumb\":{\"@id\":\"https:\/\/www.gamberetta.it\/it\/2015\/01\/25\/quando-lolio-e-anche-storia-e-cultura-olio-officina-quarta-edizione\/#breadcrumb\"},\"inLanguage\":\"it-IT\",\"potentialAction\":[{\"@type\":\"ReadAction\",\"target\":[\"https:\/\/www.gamberetta.it\/it\/2015\/01\/25\/quando-lolio-e-anche-storia-e-cultura-olio-officina-quarta-edizione\/\"]}]},{\"@type\":\"ImageObject\",\"inLanguage\":\"it-IT\",\"@id\":\"https:\/\/www.gamberetta.it\/it\/2015\/01\/25\/quando-lolio-e-anche-storia-e-cultura-olio-officina-quarta-edizione\/#primaryimage\",\"url\":\"https:\/\/www.gamberetta.it\/wp-content\/uploads\/2015\/01\/20150122_140306-1.jpg\",\"contentUrl\":\"https:\/\/www.gamberetta.it\/wp-content\/uploads\/2015\/01\/20150122_140306-1.jpg\",\"width\":300,\"height\":225},{\"@type\":\"BreadcrumbList\",\"@id\":\"https:\/\/www.gamberetta.it\/it\/2015\/01\/25\/quando-lolio-e-anche-storia-e-cultura-olio-officina-quarta-edizione\/#breadcrumb\",\"itemListElement\":[{\"@type\":\"ListItem\",\"position\":1,\"name\":\"Home\",\"item\":\"https:\/\/www.gamberetta.it\/it\/\"},{\"@type\":\"ListItem\",\"position\":2,\"name\":\"QUANDO L&#8217;OLIO E&#8217; ANCHE STORIA E CULTURA, OLIO OFFICINA QUARTA EDIZIONE\"}]},{\"@type\":\"WebSite\",\"@id\":\"https:\/\/www.gamberetta.it\/it\/#website\",\"url\":\"https:\/\/www.gamberetta.it\/it\/\",\"name\":\"Gamberetta\",\"description\":\"Il mio blog senza fronzoli: pensieri e parole, sempre e ovunque in viaggio\",\"potentialAction\":[{\"@type\":\"SearchAction\",\"target\":{\"@type\":\"EntryPoint\",\"urlTemplate\":\"https:\/\/www.gamberetta.it\/it\/?s={search_term_string}\"},\"query-input\":{\"@type\":\"PropertyValueSpecification\",\"valueRequired\":true,\"valueName\":\"search_term_string\"}}],\"inLanguage\":\"it-IT\"},{\"@type\":\"Person\",\"@id\":\"https:\/\/www.gamberetta.it\/it\/#\/schema\/person\/7a4a919927c944edb5f3f9c665590124\",\"name\":\"gamberetta\",\"image\":{\"@type\":\"ImageObject\",\"inLanguage\":\"it-IT\",\"@id\":\"https:\/\/www.gamberetta.it\/it\/#\/schema\/person\/image\/\",\"url\":\"https:\/\/secure.gravatar.com\/avatar\/7ef5d82656b8958070b4f589b7ae1784?s=96&d=mm&r=g\",\"contentUrl\":\"https:\/\/secure.gravatar.com\/avatar\/7ef5d82656b8958070b4f589b7ae1784?s=96&d=mm&r=g\",\"caption\":\"gamberetta\"},\"description\":\"Sono Toro ascendente Scorpione, terra di contrasti dove ora prevale una met\u00e0, ora l\u2019altra. L\u2019infanzia in Veneto e gli ultimi anni passati a Milano hanno sviluppato in me una serie ulteriore di conflitti. Scrivo da sempre, la scrittura \u00e8 la migliore forma espressiva che mi consente di fissare concetti altrimenti sospesi nell\u2019aria. Da bambina scrivevo poesie con uno stile quasi leopardiano poi sono passata ai diari di viaggio dalla prima volta in USA nel 1998 e non ho pi\u00f9 smesso...\",\"url\":\"https:\/\/www.gamberetta.it\/it\/author\/gamberettarossa\/\"}]}<\/script>\n<!-- \/ Yoast SEO plugin. -->","yoast_head_json":{"title":"QUANDO L'OLIO E' ANCHE STORIA E CULTURA, OLIO OFFICINA QUARTA EDIZIONE - Gamberetta","robots":{"index":"index","follow":"follow","max-snippet":"max-snippet:-1","max-image-preview":"max-image-preview:large","max-video-preview":"max-video-preview:-1"},"canonical":"https:\/\/www.gamberetta.it\/it\/2015\/01\/25\/quando-lolio-e-anche-storia-e-cultura-olio-officina-quarta-edizione\/","og_locale":"it_IT","og_type":"article","og_title":"QUANDO L'OLIO E' ANCHE STORIA E CULTURA, OLIO OFFICINA QUARTA EDIZIONE - Gamberetta","og_description":"Si \u00e8 conclusa ieri la quarta edizione di Olio Officina Food Festival, l&#8217;evento diretto da Luigi Caricato che anche quest&#8217;anno ha messo in luce, nel bellissimo Palazzo delle Stelline in centro a Milano, l&#8217;importanza dell&#8217;olio nell&#8217;alimentazione umana e le sue mille sfaccettature. Ma Olio Officina \u00e8 molto di pi\u00f9: \u00e8 un&#8217;occasione per scoprire come utilizzarlo &hellip; Leggi tutto","og_url":"https:\/\/www.gamberetta.it\/it\/2015\/01\/25\/quando-lolio-e-anche-storia-e-cultura-olio-officina-quarta-edizione\/","og_site_name":"Gamberetta","article_publisher":"https:\/\/www.facebook.com\/Gamberettatravelblog","article_published_time":"2015-01-25T23:04:48+00:00","og_image":[{"width":300,"height":225,"url":"https:\/\/www.gamberetta.it\/wp-content\/uploads\/2015\/01\/20150122_140306-1.jpg","type":"image\/jpeg"}],"author":"gamberetta","twitter_card":"summary_large_image","twitter_creator":"@robertazennaro","twitter_site":"@robertazennaro","twitter_misc":{"Scritto da":"gamberetta","Tempo di lettura stimato":"5 minuti"},"schema":{"@context":"https:\/\/schema.org","@graph":[{"@type":"WebPage","@id":"https:\/\/www.gamberetta.it\/it\/2015\/01\/25\/quando-lolio-e-anche-storia-e-cultura-olio-officina-quarta-edizione\/","url":"https:\/\/www.gamberetta.it\/it\/2015\/01\/25\/quando-lolio-e-anche-storia-e-cultura-olio-officina-quarta-edizione\/","name":"QUANDO L'OLIO E' ANCHE STORIA E CULTURA, OLIO OFFICINA QUARTA EDIZIONE - Gamberetta","isPartOf":{"@id":"https:\/\/www.gamberetta.it\/it\/#website"},"primaryImageOfPage":{"@id":"https:\/\/www.gamberetta.it\/it\/2015\/01\/25\/quando-lolio-e-anche-storia-e-cultura-olio-officina-quarta-edizione\/#primaryimage"},"image":{"@id":"https:\/\/www.gamberetta.it\/it\/2015\/01\/25\/quando-lolio-e-anche-storia-e-cultura-olio-officina-quarta-edizione\/#primaryimage"},"thumbnailUrl":"https:\/\/www.gamberetta.it\/wp-content\/uploads\/2015\/01\/20150122_140306-1.jpg","datePublished":"2015-01-25T23:04:48+00:00","dateModified":"2015-01-25T23:04:48+00:00","author":{"@id":"https:\/\/www.gamberetta.it\/it\/#\/schema\/person\/7a4a919927c944edb5f3f9c665590124"},"breadcrumb":{"@id":"https:\/\/www.gamberetta.it\/it\/2015\/01\/25\/quando-lolio-e-anche-storia-e-cultura-olio-officina-quarta-edizione\/#breadcrumb"},"inLanguage":"it-IT","potentialAction":[{"@type":"ReadAction","target":["https:\/\/www.gamberetta.it\/it\/2015\/01\/25\/quando-lolio-e-anche-storia-e-cultura-olio-officina-quarta-edizione\/"]}]},{"@type":"ImageObject","inLanguage":"it-IT","@id":"https:\/\/www.gamberetta.it\/it\/2015\/01\/25\/quando-lolio-e-anche-storia-e-cultura-olio-officina-quarta-edizione\/#primaryimage","url":"https:\/\/www.gamberetta.it\/wp-content\/uploads\/2015\/01\/20150122_140306-1.jpg","contentUrl":"https:\/\/www.gamberetta.it\/wp-content\/uploads\/2015\/01\/20150122_140306-1.jpg","width":300,"height":225},{"@type":"BreadcrumbList","@id":"https:\/\/www.gamberetta.it\/it\/2015\/01\/25\/quando-lolio-e-anche-storia-e-cultura-olio-officina-quarta-edizione\/#breadcrumb","itemListElement":[{"@type":"ListItem","position":1,"name":"Home","item":"https:\/\/www.gamberetta.it\/it\/"},{"@type":"ListItem","position":2,"name":"QUANDO L&#8217;OLIO E&#8217; ANCHE STORIA E CULTURA, OLIO OFFICINA QUARTA EDIZIONE"}]},{"@type":"WebSite","@id":"https:\/\/www.gamberetta.it\/it\/#website","url":"https:\/\/www.gamberetta.it\/it\/","name":"Gamberetta","description":"Il mio blog senza fronzoli: pensieri e parole, sempre e ovunque in viaggio","potentialAction":[{"@type":"SearchAction","target":{"@type":"EntryPoint","urlTemplate":"https:\/\/www.gamberetta.it\/it\/?s={search_term_string}"},"query-input":{"@type":"PropertyValueSpecification","valueRequired":true,"valueName":"search_term_string"}}],"inLanguage":"it-IT"},{"@type":"Person","@id":"https:\/\/www.gamberetta.it\/it\/#\/schema\/person\/7a4a919927c944edb5f3f9c665590124","name":"gamberetta","image":{"@type":"ImageObject","inLanguage":"it-IT","@id":"https:\/\/www.gamberetta.it\/it\/#\/schema\/person\/image\/","url":"https:\/\/secure.gravatar.com\/avatar\/7ef5d82656b8958070b4f589b7ae1784?s=96&d=mm&r=g","contentUrl":"https:\/\/secure.gravatar.com\/avatar\/7ef5d82656b8958070b4f589b7ae1784?s=96&d=mm&r=g","caption":"gamberetta"},"description":"Sono Toro ascendente Scorpione, terra di contrasti dove ora prevale una met\u00e0, ora l\u2019altra. L\u2019infanzia in Veneto e gli ultimi anni passati a Milano hanno sviluppato in me una serie ulteriore di conflitti. Scrivo da sempre, la scrittura \u00e8 la migliore forma espressiva che mi consente di fissare concetti altrimenti sospesi nell\u2019aria. Da bambina scrivevo poesie con uno stile quasi leopardiano poi sono passata ai diari di viaggio dalla prima volta in USA nel 1998 e non ho pi\u00f9 smesso...","url":"https:\/\/www.gamberetta.it\/it\/author\/gamberettarossa\/"}]}},"_links":{"self":[{"href":"https:\/\/www.gamberetta.it\/it\/wp-json\/wp\/v2\/posts\/5014"}],"collection":[{"href":"https:\/\/www.gamberetta.it\/it\/wp-json\/wp\/v2\/posts"}],"about":[{"href":"https:\/\/www.gamberetta.it\/it\/wp-json\/wp\/v2\/types\/post"}],"author":[{"embeddable":true,"href":"https:\/\/www.gamberetta.it\/it\/wp-json\/wp\/v2\/users\/2"}],"replies":[{"embeddable":true,"href":"https:\/\/www.gamberetta.it\/it\/wp-json\/wp\/v2\/comments?post=5014"}],"version-history":[{"count":0,"href":"https:\/\/www.gamberetta.it\/it\/wp-json\/wp\/v2\/posts\/5014\/revisions"}],"wp:featuredmedia":[{"embeddable":true,"href":"https:\/\/www.gamberetta.it\/it\/wp-json\/wp\/v2\/media\/9944"}],"wp:attachment":[{"href":"https:\/\/www.gamberetta.it\/it\/wp-json\/wp\/v2\/media?parent=5014"}],"wp:term":[{"taxonomy":"category","embeddable":true,"href":"https:\/\/www.gamberetta.it\/it\/wp-json\/wp\/v2\/categories?post=5014"},{"taxonomy":"post_tag","embeddable":true,"href":"https:\/\/www.gamberetta.it\/it\/wp-json\/wp\/v2\/tags?post=5014"}],"curies":[{"name":"wp","href":"https:\/\/api.w.org\/{rel}","templated":true}]}}