{"id":643,"date":"2012-12-03T13:32:04","date_gmt":"2012-12-03T13:32:04","guid":{"rendered":"https:\/\/www.gamberetta.it\/?p=643"},"modified":"2022-10-17T22:58:45","modified_gmt":"2022-10-17T20:58:45","slug":"in-lista-dattesa","status":"publish","type":"post","link":"https:\/\/www.gamberetta.it\/it\/2012\/12\/03\/in-lista-dattesa\/","title":{"rendered":"IN LISTA D&#8217;ATTESA"},"content":{"rendered":"\n<h2 class=\"wp-block-heading\">L&#8217;Avana, agosto 2000.<br><\/h2>\n\n\n\n<p>Siamo appena arrivate a Cuba ma \u00e8 chiaro che ci piacerebbe rimanere oltre le due settimane previste, per qualche visita in pi\u00f9: cultura, mare, relax, rispetto al nostro intenso programma. Siamo <strong>tre ragazze sui trent&#8217;anni <\/strong>, siccome si fidano di me per lo spagnolo e per altri aspetti operativi, le mie due amiche mi lasciano volentieri alla <strong>Cubana<\/strong>, la nostra compagnia aerea, con i biglietti aerei: missione <strong>\u201cposticipare il rientro in Italia\u201d<\/strong>. E se ne vanno da <strong>Coppelia<\/strong> a mangiare il gelato.<\/p>\n\n\n\n<div class=\"wp-block-image\"><figure class=\"aligncenter\"><a href=\"https:\/\/www.gamberetta.it\/wp-content\/uploads\/2015\/03\/20150311_120412-e1426610489369.jpg\"><img loading=\"lazy\" decoding=\"async\" width=\"448\" height=\"336\" src=\"https:\/\/www.gamberetta.it\/wp-content\/uploads\/2015\/03\/20150311_120412-e1426610489369.jpg\" alt=\"20150311_120412\" class=\"wp-image-5464\" srcset=\"https:\/\/www.gamberetta.it\/wp-content\/uploads\/2015\/03\/20150311_120412-e1426610489369.jpg 448w, https:\/\/www.gamberetta.it\/wp-content\/uploads\/2015\/03\/20150311_120412-e1426610489369-300x225.jpg 300w\" sizes=\"(max-width: 448px) 100vw, 448px\" \/><\/a><\/figure><\/div>\n\n\n\n<p>Una fila lunghissima di persone mi precede, sfoglio la <strong>Lonely Planet<\/strong> in silenzio e pratico il mio sport preferito: ascoltare i discorsi degli altri, quasi tutti turisti, molti dei quali italiani. Quelli davanti si lamentano, dopo Ferragosto ogni giorno ci sono oltre 100 persone <strong>in lista d&#8217;attesa<\/strong> . Anche quelli dietro si lamentano: due ragazzi sui 25 anni pare abbiano assimilato alcune abitudini locali e si divertano parecchio, ma qualcosa non va. Va bene portarla in giro, va bene offrirle la cena, ma se lei non me la d\u00e0 la prima sera basta, non ho mica tempo da perdere io! Pi\u00f9 chiaro di cos\u00ec! Sorrido in silenzio, la descrizione delle loro avventure \u00e8 abbastanza dettagliata e prevedibile, tra luoghi comuni sugli italiani che praticano il turismo sessuale e donne che si concedono per fame, o sempre pi\u00f9 spesso per comprarsi un bel vestito o le scarpe di marca.<\/p>\n\n\n\n<div class=\"wp-block-image\"><figure class=\"aligncenter\"><a href=\"https:\/\/www.gamberetta.it\/wp-content\/uploads\/2015\/03\/20150311_120427-e1426610480636.jpg\"><img loading=\"lazy\" decoding=\"async\" width=\"448\" height=\"336\" src=\"https:\/\/www.gamberetta.it\/wp-content\/uploads\/2015\/03\/20150311_120427-e1426610480636.jpg\" alt=\"20150311_120427\" class=\"wp-image-5465\" srcset=\"https:\/\/www.gamberetta.it\/wp-content\/uploads\/2015\/03\/20150311_120427-e1426610480636.jpg 448w, https:\/\/www.gamberetta.it\/wp-content\/uploads\/2015\/03\/20150311_120427-e1426610480636-300x225.jpg 300w\" sizes=\"(max-width: 448px) 100vw, 448px\" \/><\/a><\/figure><\/div>\n\n\n\n<p><\/p>\n\n\n\n<p><br>Dopo quasi 2h le mie amiche tornano alla Cubana, mi si avvicinano felici e dicono a voce alta: Roby devi assolutamente venire da Coppelia, il gelato \u00e8 strepitoso! I due ragazzi dietro di me sbiancano in volto e si fanno piccoli piccoli, io sorrido guardandoli negli occhi. Ma sei italiana? Eh s\u00ec, rispondo. Voi di dove siete? Firenze&#8230; Prato, farfugliano in evidente imbarazzo. Scambiamo qualche battuta e subito dopo tocca a me chiedere se c&#8217;\u00e8 posto su un volo a fine agosto, \u00e8 una missione impossibile ma tengo un codice di richiesta e un numero da chiamare per informazioni.<br>Salutiamo e usciamo, racconto alle ragazze la conversazione che ho seguito in incognito e saliamo verso il <strong>Vedado<\/strong> . L&#8217;Avana \u00e8 bellissima e vivibile sia seguendo serrati itinerari turistici, sia passeggiando nelle vie dei suoi tanti quartieri. C&#8217;\u00e8 un forte contrasto tra luoghi molto curati e tutelati, palazzi e giardini lussureggianti di verde, e il disordine, la trascuratezza e la precariet\u00e0 che si respirano in altre zone, dove le case perdono letteralmente i pezzi nell&#8217;indifferenza e impotenza generale. Camminiamo tutto il giorno rispettando i rituali del turista, dal <strong>mojito <\/strong>alla <strong>Bodeguita del Medio<\/strong> (anche a orari improbabili) al tramonto sul <strong>Malecon<\/strong> (ma niente onde in questa stagione).<br>Que linda es Cuba! Tra una citt\u00e0 e l&#8217;altra ci spostiamo con mezzi privati che io \u201ccontratto\u201d per la strada, con il nostro chauffeur cerchiamo all&#8217;arrivo una <strong>casa particular<\/strong> dove dormire poi, una volta che approviamo la sistemazione, lui si allontana dicendo sempre che ha sete e vuol farsi dar da bere dal padrone di casa. In realt\u00e0 va a chiedere la sua mancia, il 10% sull&#8217;importo della stanza.<br>Facciamo delle belle chiacchierate con i padroni di casa, magari dopo cena mentre ci culliamo nel patio su una sedia a dondolo, avvolte dal caldo umido e dall&#8217;odore della terra, pi\u00f9 intenso dopo l&#8217;immancabile <strong>acquazzone pomeridiano<\/strong> . Imparo qualcosa di questo Paese speciale, cos\u00ec affascinante anche se oggi \u00e8 pieno di problemi e ha un futuro assai incerto. Man mano che <strong>Fidel Castro<\/strong> invecchia, infatti, la dittatura scricchiola tra la pressione degli Stati Uniti, il sempre minore appoggio della Russia e le difficili relazioni con le nuove potenze internazionali. Il <strong>13 agosto<\/strong> , compleanno di Fidel, le televisioni a reti unificate trasmettono il discorso del presidente, ore e ore di sermoni a volte anacronistici ma che la gente ascolta con attenzione. L&#8217;ascoltiamo pure noi, le sue parole rimbombano fino in strada: oggi la propaganda pi\u00f9 visibile \u00e8 proprio in strada, dove <strong>enormi cartelli<\/strong> inneggiano alla <strong>rivoluzione<\/strong> e ripercorrono le gesta degli <strong>eroi nazionali<\/strong> , primo fra tutti il mitico <strong>Ernesto Che Guevara<\/strong> , che nella sua breve vita semin\u00f2 pace e amore, morendo da eroe.<\/p>\n\n\n\n<div class=\"wp-block-image\"><figure class=\"aligncenter\"><a href=\"https:\/\/www.gamberetta.it\/wp-content\/uploads\/2015\/03\/20150311_120448-e1426610811228.jpg\"><img loading=\"lazy\" decoding=\"async\" width=\"448\" height=\"336\" src=\"https:\/\/www.gamberetta.it\/wp-content\/uploads\/2015\/03\/20150311_120448-e1426610811228.jpg\" alt=\"20150311_120448\" class=\"wp-image-5467\" srcset=\"https:\/\/www.gamberetta.it\/wp-content\/uploads\/2015\/03\/20150311_120448-e1426610811228.jpg 448w, https:\/\/www.gamberetta.it\/wp-content\/uploads\/2015\/03\/20150311_120448-e1426610811228-300x225.jpg 300w\" sizes=\"(max-width: 448px) 100vw, 448px\" \/><\/a><\/figure><\/div>\n\n\n\n<p><\/p>\n\n\n\n<p><br>I <strong>paesaggi rurali<\/strong> si svelano pian piano con le loro luci e ombre, un territorio ricchissimo ma ancora poco sfruttato, utilizzato per un&#8217;agricoltura di sussistenza dove il lavoro nei campi \u00e8 ancora manuale e <strong>trattori malconci<\/strong> procedono sui cerchioni delle ruote, in assenza di pneumatici! A Cuba tutto \u00e8 possibile, nei primi giorni di visita le <strong>vecchie auto<\/strong> lasciate dagli americani negli anni 50, prima della rivoluzione, attraggono l&#8217;attenzione di ogni turista, dopo la meraviglia iniziale ci chiediamo come facciano a procedere, pare pi\u00f9 probabile che perdano i pezzi! E c&#8217;\u00e8 pure la <strong>ferrovia<\/strong> dedicata soprattutto al trasporto di merci, che taglia in due l&#8217;isola; ai passaggi a livello rallentiamo e dei ragazzini spuntano dal nulla per offrirci la <strong>Cuba Cola<\/strong> , prodotto locale da non confondersi con l&#8217;icona occidentale, da loro definita con disprezzo \u201cEl agua sucia del imperialismo norteamericano\u201d.<br><strong>Cienfuegos \u2013 Trinidad \u2013 Santiago<\/strong> , che raggiungiamo col bus notturno della Viazul, sono le nostre tappe verso sud, bellissime citt\u00e0 pi\u00f9 o meno grandi caratterizzate da architetture ed edifici diversi.<\/p>\n\n\n\n<p>Di Cienfuegos ricordo la grande piazza rettangolare con l&#8217;immancabile statua al centro, e le enormi torte colorate che escono dalle pasticcerie per festeggiare qualche importante evento familiare.<\/p>\n\n\n\n<div class=\"wp-block-image\"><figure class=\"aligncenter\"><img loading=\"lazy\" decoding=\"async\" width=\"448\" height=\"336\" src=\"https:\/\/www.gamberetta.it\/wp-content\/uploads\/2015\/03\/20150311_120435-e1426610801394.jpg\" alt=\"20150311_120435\" class=\"wp-image-5466\" srcset=\"https:\/\/www.gamberetta.it\/wp-content\/uploads\/2015\/03\/20150311_120435-e1426610801394.jpg 448w, https:\/\/www.gamberetta.it\/wp-content\/uploads\/2015\/03\/20150311_120435-e1426610801394-300x225.jpg 300w\" sizes=\"(max-width: 448px) 100vw, 448px\" \/><\/figure><\/div>\n\n\n\n<p>A Trinidad potremmo fermarci a lungo nel bellissimo centro storico, recentemente restaurato con importanti finanziamenti UNESCO.<\/p>\n\n\n\n<div class=\"wp-block-image\"><figure class=\"aligncenter\"><a href=\"https:\/\/www.gamberetta.it\/wp-content\/uploads\/2015\/03\/20150311_120500-e1426610820483.jpg\"><img loading=\"lazy\" decoding=\"async\" width=\"448\" height=\"336\" src=\"https:\/\/www.gamberetta.it\/wp-content\/uploads\/2015\/03\/20150311_120500-e1426610820483.jpg\" alt=\"20150311_120500\" class=\"wp-image-5468\" srcset=\"https:\/\/www.gamberetta.it\/wp-content\/uploads\/2015\/03\/20150311_120500-e1426610820483.jpg 448w, https:\/\/www.gamberetta.it\/wp-content\/uploads\/2015\/03\/20150311_120500-e1426610820483-300x225.jpg 300w\" sizes=\"(max-width: 448px) 100vw, 448px\" \/><\/a><\/figure><\/div>\n\n\n\n<div class=\"wp-block-image\"><figure class=\"aligncenter\"><a href=\"https:\/\/www.gamberetta.it\/wp-content\/uploads\/2015\/03\/20150311_120515-e1426610829549.jpg\"><img loading=\"lazy\" decoding=\"async\" width=\"448\" height=\"336\" src=\"https:\/\/www.gamberetta.it\/wp-content\/uploads\/2015\/03\/20150311_120515-e1426610829549.jpg\" alt=\"20150311_120515\" class=\"wp-image-5469\" srcset=\"https:\/\/www.gamberetta.it\/wp-content\/uploads\/2015\/03\/20150311_120515-e1426610829549.jpg 448w, https:\/\/www.gamberetta.it\/wp-content\/uploads\/2015\/03\/20150311_120515-e1426610829549-300x225.jpg 300w\" sizes=\"(max-width: 448px) 100vw, 448px\" \/><\/a><\/figure><\/div>\n\n\n\n<p>In realt\u00e0 passeggiamo in lungo e in largo per un giorno, assaggiamo la <strong>Canchanchara<\/strong> , il cocktail locale fatto col miele e l&#8217;immancabile rum, e la sera ascoltiamo musica dal vivo alla <strong>Casa de la Trova<\/strong> . E rinunciamo solo alla gita fuori citt\u00e0, verso una spiaggia che si affolla anche di sera in un locale ricavato in una grotta, chiamata per l&#8217;appunto \u201cLa Cueva\u201d.<\/p>\n\n\n\n<div class=\"wp-block-image\"><figure class=\"aligncenter\"><a href=\"https:\/\/www.gamberetta.it\/wp-content\/uploads\/2015\/03\/20150311_120524-e1426610837915.jpg\"><img loading=\"lazy\" decoding=\"async\" width=\"448\" height=\"336\" src=\"https:\/\/www.gamberetta.it\/wp-content\/uploads\/2015\/03\/20150311_120524-e1426610837915.jpg\" alt=\"20150311_120524\" class=\"wp-image-5470\" srcset=\"https:\/\/www.gamberetta.it\/wp-content\/uploads\/2015\/03\/20150311_120524-e1426610837915.jpg 448w, https:\/\/www.gamberetta.it\/wp-content\/uploads\/2015\/03\/20150311_120524-e1426610837915-300x225.jpg 300w\" sizes=\"(max-width: 448px) 100vw, 448px\" \/><\/a><\/figure><\/div>\n\n\n\n<p><\/p>\n\n\n\n<p>Il secondo giorno andiamo nella vicina <strong>Sancti Spiritu<\/strong> dove un acquazzone tropicale ci coglie di sorpresa, ma a met\u00e0 pomeriggio il sole ha la meglio sulle nuvole e il piccolo centro storico si rivela nei suoi stupendi colori pastello. Qui prendiamo il bus notturno per Santiago, un lungo trasferimento che ci permette un bel contatto con cubani che sbarcano il lunario vendendo panini e snack fatti in casa, sempre sorridenti e desiderosi di comunicare.<\/p>\n\n\n\n<p><\/p>\n\n\n\n<div class=\"wp-block-image\"><figure class=\"aligncenter\"><a href=\"https:\/\/www.gamberetta.it\/wp-content\/uploads\/2015\/03\/20150311_120559-e1426610862790.jpg\"><img loading=\"lazy\" decoding=\"async\" width=\"448\" height=\"336\" src=\"https:\/\/www.gamberetta.it\/wp-content\/uploads\/2015\/03\/20150311_120559-e1426610862790.jpg\" alt=\"20150311_120559\" class=\"wp-image-5473\" srcset=\"https:\/\/www.gamberetta.it\/wp-content\/uploads\/2015\/03\/20150311_120559-e1426610862790.jpg 448w, https:\/\/www.gamberetta.it\/wp-content\/uploads\/2015\/03\/20150311_120559-e1426610862790-300x225.jpg 300w\" sizes=\"(max-width: 448px) 100vw, 448px\" \/><\/a><\/figure><\/div>\n\n\n\n<p><br>A sud le facce cambiano, a Santiago spicca l&#8217;anima nera di Cuba e la gente sembra particolarmente lontana dall&#8217;allegra mescolanza avanera.<\/p>\n\n\n\n<div class=\"wp-block-image\"><figure class=\"aligncenter\"><a href=\"https:\/\/www.gamberetta.it\/wp-content\/uploads\/2015\/03\/20150311_120546-e1426610854700.jpg\"><img loading=\"lazy\" decoding=\"async\" width=\"448\" height=\"336\" src=\"https:\/\/www.gamberetta.it\/wp-content\/uploads\/2015\/03\/20150311_120546-e1426610854700.jpg\" alt=\"20150311_120546\" class=\"wp-image-5472\" srcset=\"https:\/\/www.gamberetta.it\/wp-content\/uploads\/2015\/03\/20150311_120546-e1426610854700.jpg 448w, https:\/\/www.gamberetta.it\/wp-content\/uploads\/2015\/03\/20150311_120546-e1426610854700-300x225.jpg 300w\" sizes=\"(max-width: 448px) 100vw, 448px\" \/><\/a><\/figure><\/div>\n\n\n\n<p><\/p>\n\n\n\n<p>Dopo una settimana di viaggio siamo quasi dall&#8217;altra parte della <strong>Isla Grande<\/strong> , abbiamo capito che non arriveremo a <strong>Baracoa<\/strong> e dovremo tenerla per un prossimo viaggio. L&#8217;hotel nella piazza principale ospita le compagnie di noleggio auto, ma non c&#8217;\u00e8 nulla di disponibile e devo nuovamente cercare un passaggio in auto per mezza giornata, impresa ardua perch\u00e9 contrattare \u00e8 quasi impossibile, dobbiamo stare ai prezzi imposti sulla strada. Il <strong>Cuartel Moncada<\/strong> \u00e8 il luogo da cui ebbe inizio, nel 1959, la rivoluzione cubana, lo visitiamo distrattamente e con un giovane autista andiamo verso il <strong>Morro<\/strong> oltre al quale c&#8217;\u00e8 una bella spiaggia. Ho sempre scelto i miei autisti fidandomi di loro a pelle, ma quando questo armeggia nel cruscotto lancio un&#8217;occhiata incerta alle mie due compagne di viaggio, cosa star\u00e0 mai cercando? Mi tengo vicino l&#8217;ombrellino pieghevole in caso di bisogno, ma con grande sorpresa il ragazzo estrae un profumo per auto con cui spruzza un aroma floreale pazzesco nell&#8217;abitacolo, e noi che temevamo le sue cattive intenzioni! Allarme rientrato, un po&#8217; di relax in spiaggia ci vuole proprio mentre lui ci raggiunge per offrirci dei <strong>manghi freschissimi<\/strong> avvolti in una foglia di palma, mentre con una foglia pi\u00f9 grossa ci rinfresca a mo&#8217; di ventaglio. Che carino!<\/p>\n\n\n\n<p><\/p>\n\n\n\n<div class=\"wp-block-image\"><figure class=\"aligncenter\"><a href=\"https:\/\/www.gamberetta.it\/wp-content\/uploads\/2015\/03\/20150311_120538-e1426610845304.jpg\"><img loading=\"lazy\" decoding=\"async\" width=\"448\" height=\"336\" src=\"https:\/\/www.gamberetta.it\/wp-content\/uploads\/2015\/03\/20150311_120538-e1426610845304.jpg\" alt=\"20150311_120538\" class=\"wp-image-5471\" srcset=\"https:\/\/www.gamberetta.it\/wp-content\/uploads\/2015\/03\/20150311_120538-e1426610845304.jpg 448w, https:\/\/www.gamberetta.it\/wp-content\/uploads\/2015\/03\/20150311_120538-e1426610845304-300x225.jpg 300w\" sizes=\"(max-width: 448px) 100vw, 448px\" \/><\/a><\/figure><\/div>\n\n\n\n<p><br>A <strong>Holguin<\/strong> siamo in compagnia di altri tre italiani che dormono nella stessa casa particular, nella stanza accanto alla nostra. Allora \u2013 tutto bene? Ci chiede il pi\u00f9 vivace dei tre. Come vi va con i cubani? Questi danno per scontato che siamo venute qui per divertirci, ma anche loro non scherzano, lo sport preferito \u00e8 sempre cuccare. Ma sono comunque simpatici e divertenti, dopo una cena abbondante, a base come sempre di <strong>aragosta, riso e fagioli<\/strong> , andiamo insieme al Tropicana, un club in mezzo alla foresta che raggiungiamo su dei risci\u00f2 guidati da giovani del posto. Assistiamo a uno spettacolo musicale con canti e balli di ragazze molto belle ma decisamente poco vestite. Il servizio ai tavoli \u00e8 lento, l&#8217;organizzazione carente. Il mio <strong>daiquiri<\/strong> non arriva, dopo qualche sollecitazione, il cameriere mi confessa che hanno finito il ghiaccio e torno a casa a bocca asciutta.<\/p>\n\n\n\n<p><\/p>\n\n\n\n<div class=\"wp-block-image\"><figure class=\"aligncenter\"><a href=\"https:\/\/www.gamberetta.it\/wp-content\/uploads\/2015\/03\/20150311_120607-e1426611070137.jpg\"><img loading=\"lazy\" decoding=\"async\" width=\"448\" height=\"336\" src=\"https:\/\/www.gamberetta.it\/wp-content\/uploads\/2015\/03\/20150311_120607-e1426611070137.jpg\" alt=\"20150311_120607\" class=\"wp-image-5474\" srcset=\"https:\/\/www.gamberetta.it\/wp-content\/uploads\/2015\/03\/20150311_120607-e1426611070137.jpg 448w, https:\/\/www.gamberetta.it\/wp-content\/uploads\/2015\/03\/20150311_120607-e1426611070137-300x225.jpg 300w\" sizes=\"(max-width: 448px) 100vw, 448px\" \/><\/a><\/figure><\/div>\n\n\n\n<p><br>Passiamo mezza giornata nella stupenda spiaggia di <strong>Guardalavaca<\/strong> dove ci fa compagnia un altro giovane cubano, scuro e dal fisico scolpito. Mi racconta che fa pugilato, ci chiede dell&#8217;Europa con quella curiosit\u00e0 che non nasconde la voglia di evadere da Cuba, un paradiso che facilmente diventa una gabbia per le giovani generazioni. Portami con te, mi chiede, chiss\u00e0 come pensa che potrei farlo uscire dal suo Paese! Eppure qualcuno ce l&#8217;ha fatta, se <strong>l&#8217;Europa<\/strong> si raggiunge in aereo e qualche fidanzamento di convenienza \u00e8 la scusa pi\u00f9 comune, per andare nei vicini <strong>Stati Uniti<\/strong> il metodo pi\u00f9 utilizzato \u00e8 il <strong>gommone<\/strong> , diretto verso le coste della <strong>Florida<\/strong> che distano meno di 200 chilometri. Non tutti ce la fanno purtroppo, si tratta pur sempre di un viaggio lungo e pericoloso. Sino agli anni 90 l&#8217;immigrazione ha alimentato un forte <strong>movimento anticastrista<\/strong> , mentre ora i giovani sono meno coinvolti dalle vicende politiche. I nostri padroni di casa di Santiago ci mostrano i loro cimeli della rivoluzione, vere e proprie reliquie a cui tengono tantissimo, usano parole di disprezzo per quelli che fuggono, incluse cantanti che hanno fatto fortuna negli USA come <strong>Celia Cruz e Gloria Estefan.<\/strong><\/p>\n\n\n\n<div class=\"wp-block-image\"><figure class=\"aligncenter\"><a href=\"https:\/\/www.gamberetta.it\/wp-content\/uploads\/2015\/03\/20150311_120621-e1426611078305.jpg\"><img loading=\"lazy\" decoding=\"async\" width=\"448\" height=\"336\" src=\"https:\/\/www.gamberetta.it\/wp-content\/uploads\/2015\/03\/20150311_120621-e1426611078305.jpg\" alt=\"20150311_120621\" class=\"wp-image-5475\" srcset=\"https:\/\/www.gamberetta.it\/wp-content\/uploads\/2015\/03\/20150311_120621-e1426611078305.jpg 448w, https:\/\/www.gamberetta.it\/wp-content\/uploads\/2015\/03\/20150311_120621-e1426611078305-300x225.jpg 300w\" sizes=\"(max-width: 448px) 100vw, 448px\" \/><\/a><\/figure><\/div>\n\n\n\n<p>Per andare ai cayos noleggiamo un&#8217;auto, i cubani non ci possono portare. Percorriamo il famoso <strong>teraplen<\/strong> che unisce gli isolotti, fotografiamo folte colonie di <strong>flamingos<\/strong> e superiamo <strong>Cayo Coco<\/strong> dove si trovano tristi villaggi turistici \u201cper italiani\u201d! <strong>Cayo Guillermo<\/strong> \u00e8 la nostra destinazione, per molte ore ci crogioliamo al sole, ci siamo solo noi o quasi. Che fantastica spiaggia, che bellissima giornata!<\/p>\n\n\n\n<div class=\"wp-block-image\"><figure class=\"aligncenter\"><a href=\"https:\/\/www.gamberetta.it\/wp-content\/uploads\/2015\/03\/20150311_120629-e1426611086990.jpg\"><img loading=\"lazy\" decoding=\"async\" width=\"448\" height=\"336\" src=\"https:\/\/www.gamberetta.it\/wp-content\/uploads\/2015\/03\/20150311_120629-e1426611086990.jpg\" alt=\"20150311_120629\" class=\"wp-image-5476\" srcset=\"https:\/\/www.gamberetta.it\/wp-content\/uploads\/2015\/03\/20150311_120629-e1426611086990.jpg 448w, https:\/\/www.gamberetta.it\/wp-content\/uploads\/2015\/03\/20150311_120629-e1426611086990-300x225.jpg 300w\" sizes=\"(max-width: 448px) 100vw, 448px\" \/><\/a><\/figure><\/div>\n\n\n\n<p>Siamo quasi agli sgoccioli di questa vacanza vissuta a ritmi un po&#8217; sostenuti, poco latini e molto milanesi. A proposito di ritmo, alla fine ci concediamo un po&#8217; di lusso nel posto meno cubano che potremmo scegliere: <strong>Varadero<\/strong>. Trascorrono gli ultimi giorni tra la spiaggia di giorno (dove i poliziotti ci avvisano di fare attenzione ai borseggiatori) e la discoteca di sera, fino a notte fonda.<\/p>\n\n\n\n<div class=\"wp-block-image\"><figure class=\"aligncenter\"><a href=\"https:\/\/www.gamberetta.it\/wp-content\/uploads\/2015\/03\/20150311_120637-e1426611095513.jpg\"><img loading=\"lazy\" decoding=\"async\" width=\"448\" height=\"336\" src=\"https:\/\/www.gamberetta.it\/wp-content\/uploads\/2015\/03\/20150311_120637-e1426611095513.jpg\" alt=\"20150311_120637\" class=\"wp-image-5477\" srcset=\"https:\/\/www.gamberetta.it\/wp-content\/uploads\/2015\/03\/20150311_120637-e1426611095513.jpg 448w, https:\/\/www.gamberetta.it\/wp-content\/uploads\/2015\/03\/20150311_120637-e1426611095513-300x225.jpg 300w\" sizes=\"(max-width: 448px) 100vw, 448px\" \/><\/a><\/figure><\/div>\n\n\n\n<p>Basta salsa e danze latine, qui suonano la nostra musica e nel \u201cbar abierto\u201d si pu\u00f2 bere tutto ci\u00f2 che si vuole. Anche questa \u00e8 Cuba, ma a misura del turista medio italiano: qui dove fino agli anni 80 c&#8217;erano venti chilometri di spiaggia bianca deserta ora si susseguono resort e grattacieli orrendi, tutto \u00e8 stato deturpato per permettere ai turisti di venire qui a far baldoria. Seleziono ben 15 cartoline da mandare a parenti e amici in Italia, all&#8217;ufficio postale compro i francobolli, porgo 7,50 dollari all&#8217;impiegata e questa mi propone gentilmente di apporli e spedirli lei, anzi ne applica subito due e le dico ok, faccia pure. Quelle due cartoline arrivano a destinazione, le altre 13 restano a Cuba. <\/p>\n\n\n\n<div class=\"wp-block-image\"><figure class=\"aligncenter\"><a href=\"https:\/\/www.gamberetta.it\/wp-content\/uploads\/2015\/03\/20150311_120645-e1426611104829.jpg\"><img loading=\"lazy\" decoding=\"async\" width=\"448\" height=\"336\" src=\"https:\/\/www.gamberetta.it\/wp-content\/uploads\/2015\/03\/20150311_120645-e1426611104829.jpg\" alt=\"20150311_120645\" class=\"wp-image-5478\" srcset=\"https:\/\/www.gamberetta.it\/wp-content\/uploads\/2015\/03\/20150311_120645-e1426611104829.jpg 448w, https:\/\/www.gamberetta.it\/wp-content\/uploads\/2015\/03\/20150311_120645-e1426611104829-300x225.jpg 300w\" sizes=\"(max-width: 448px) 100vw, 448px\" \/><\/a><\/figure><\/div>\n\n\n\n<p><\/p>\n\n\n\n<p>Naturalmente l&#8217;impiegata intasca i miei soldi, cosa ci si inventa per sbarcare il lunario! Non mi sono mai arrabbiata per questa piccola ruberia, l&#8217;ho considerata un trucco necessario per arrotondare uno stipendio spesso equivalente a pochi dollari al mese, insufficiente anche sommato alla <strong>tarjeta<\/strong> con cui i cubani accedono a razioni settimanali di <strong>riso, sale, zucchero, fagioli, caff\u00e8<\/strong> (cattivo) e generi di prima necessit\u00e0. Le lunghe tristissime code per procurarsi il cibo sono un pugno nello stomaco, in confronto con le vetrine sfavillanti dei negozi dove i turisti e i cubani ricchi fanno acquisti. Da Varadero una lingua d&#8217;asfalto lunga 160 chilometri ci riporta all&#8217;Avana dove il volo della <strong>Cubana de Aviacion<\/strong> ci riporta infine in Italia. Arrivederci!<\/p>\n\n\n\n<div class=\"wp-block-image\"><figure class=\"aligncenter\"><a href=\"https:\/\/www.gamberetta.it\/wp-content\/uploads\/2015\/03\/20150311_120705-e1426611116165.jpg\"><img loading=\"lazy\" decoding=\"async\" width=\"336\" height=\"448\" src=\"https:\/\/www.gamberetta.it\/wp-content\/uploads\/2015\/03\/20150311_120705-e1426611116165.jpg\" alt=\"20150311_120705\" class=\"wp-image-5479\" srcset=\"https:\/\/www.gamberetta.it\/wp-content\/uploads\/2015\/03\/20150311_120705-e1426611116165.jpg 336w, https:\/\/www.gamberetta.it\/wp-content\/uploads\/2015\/03\/20150311_120705-e1426611116165-225x300.jpg 225w\" sizes=\"(max-width: 336px) 100vw, 336px\" \/><\/a><\/figure><\/div>\n\n\n\n<p><br>In realt\u00e0 un&#8217;altra lista d&#8217;attesa mi lega a Cuba: otto anni dopo, alla fine del secondo viaggio nella Isla Grande, rischio di rimanere all&#8217;Avana con tre amiche. Il volo di rientro \u00e8 cos\u00ec pieno che sino alla chiusura del gate non sappiamo se riusciremo a partire. Ma questa \u00e8 un&#8217;altra storia.<\/p>\n\n\n\n<p>Ti \u00e8 piaciuto questo racconto di Gamberetta? Allora leggi anche gli altri, li trovi qui:<\/p>\n\n\n\n<p><blockquote class=\"wp-embedded-content\" data-secret=\"D4WSktrUYm\"><a href=\"https:\/\/www.gamberetta.it\/it\/racconti\/\">Racconti<\/a><\/blockquote><iframe loading=\"lazy\" class=\"wp-embedded-content\" sandbox=\"allow-scripts\" security=\"restricted\" style=\"position: absolute; clip: rect(1px, 1px, 1px, 1px);\" title=\"&#8220;Racconti&#8221; &#8212; Gamberetta\" src=\"https:\/\/www.gamberetta.it\/it\/racconti\/embed\/#?secret=D4WSktrUYm\" data-secret=\"D4WSktrUYm\" width=\"600\" height=\"338\" frameborder=\"0\" marginwidth=\"0\" marginheight=\"0\" scrolling=\"no\"><\/iframe><\/p>\n","protected":false},"excerpt":{"rendered":"<p>L&#8217;Avana, agosto 2000. Siamo appena arrivate a Cuba ma \u00e8 chiaro che ci piacerebbe rimanere oltre le due settimane previste, per qualche visita in pi\u00f9: cultura, mare, relax, rispetto al nostro intenso programma. Siamo tre ragazze sui trent&#8217;anni , siccome si fidano di me per lo spagnolo e per altri aspetti operativi, le mie due &hellip; <a class=\"more-link\" href=\"https:\/\/www.gamberetta.it\/it\/2012\/12\/03\/in-lista-dattesa\/\">Leggi tutto<i class=\"ion-ios-arrow-thin-right\"><\/i><\/a><\/p>\n","protected":false},"author":2,"featured_media":18097,"comment_status":"open","ping_status":"closed","sticky":false,"template":"","format":"standard","meta":{"footnotes":""},"categories":[26,28,147],"tags":[122,123,124,125,126,127,128,129,130,131,132,133,134,135,136,137,138,139,140,141,142,143,144,145,146],"class_list":["post-643","post","type-post","status-publish","format-standard","has-post-thumbnail","hentry","category-friends","category-myself","category-viaggi-america","tag-13-agosto","tag-bodeguita-del-medio","tag-canchanchara","tag-casa-de-la-trova","tag-casa-particular","tag-cayo-coco","tag-cayo-guillermo","tag-cienfuegos","tag-coppelia","tag-cuartel-moncada","tag-cuba","tag-daiquiri","tag-ernesto-che-guevara","tag-fidel-castro","tag-guardalavaca","tag-habana-vieja","tag-holguin","tag-lavana","tag-malecon","tag-mojito","tag-sancti-spiritu","tag-santiago-de-cuba","tag-tarjeta","tag-trinidad","tag-varadero"],"yoast_head":"<!-- This site is optimized with the Yoast SEO plugin v23.5 - https:\/\/yoast.com\/wordpress\/plugins\/seo\/ -->\n<title>IN LISTA D&#039;ATTESA - Gamberetta<\/title>\n<meta name=\"robots\" content=\"index, follow, max-snippet:-1, max-image-preview:large, max-video-preview:-1\" \/>\n<link rel=\"canonical\" href=\"https:\/\/www.gamberetta.it\/it\/2012\/12\/03\/in-lista-dattesa\/\" \/>\n<meta property=\"og:locale\" content=\"it_IT\" \/>\n<meta property=\"og:type\" content=\"article\" \/>\n<meta property=\"og:title\" content=\"IN LISTA D&#039;ATTESA - Gamberetta\" \/>\n<meta property=\"og:description\" content=\"L&#8217;Avana, agosto 2000. Siamo appena arrivate a Cuba ma \u00e8 chiaro che ci piacerebbe rimanere oltre le due settimane previste, per qualche visita in pi\u00f9: cultura, mare, relax, rispetto al nostro intenso programma. Siamo tre ragazze sui trent&#8217;anni , siccome si fidano di me per lo spagnolo e per altri aspetti operativi, le mie due &hellip; Leggi tutto\" \/>\n<meta property=\"og:url\" content=\"https:\/\/www.gamberetta.it\/it\/2012\/12\/03\/in-lista-dattesa\/\" \/>\n<meta property=\"og:site_name\" content=\"Gamberetta\" \/>\n<meta property=\"article:publisher\" content=\"https:\/\/www.facebook.com\/Gamberettatravelblog\" \/>\n<meta property=\"article:published_time\" content=\"2012-12-03T13:32:04+00:00\" \/>\n<meta property=\"article:modified_time\" content=\"2022-10-17T20:58:45+00:00\" \/>\n<meta name=\"author\" content=\"gamberetta\" \/>\n<meta name=\"twitter:card\" content=\"summary_large_image\" \/>\n<meta name=\"twitter:creator\" content=\"@robertazennaro\" \/>\n<meta name=\"twitter:site\" content=\"@robertazennaro\" \/>\n<meta name=\"twitter:label1\" content=\"Scritto da\" \/>\n\t<meta name=\"twitter:data1\" content=\"gamberetta\" \/>\n\t<meta name=\"twitter:label2\" content=\"Tempo di lettura stimato\" \/>\n\t<meta name=\"twitter:data2\" content=\"10 minuti\" \/>\n<script type=\"application\/ld+json\" class=\"yoast-schema-graph\">{\"@context\":\"https:\/\/schema.org\",\"@graph\":[{\"@type\":\"WebPage\",\"@id\":\"https:\/\/www.gamberetta.it\/it\/2012\/12\/03\/in-lista-dattesa\/\",\"url\":\"https:\/\/www.gamberetta.it\/it\/2012\/12\/03\/in-lista-dattesa\/\",\"name\":\"IN LISTA D'ATTESA - Gamberetta\",\"isPartOf\":{\"@id\":\"https:\/\/www.gamberetta.it\/it\/#website\"},\"primaryImageOfPage\":{\"@id\":\"https:\/\/www.gamberetta.it\/it\/2012\/12\/03\/in-lista-dattesa\/#primaryimage\"},\"image\":{\"@id\":\"https:\/\/www.gamberetta.it\/it\/2012\/12\/03\/in-lista-dattesa\/#primaryimage\"},\"thumbnailUrl\":\"\",\"datePublished\":\"2012-12-03T13:32:04+00:00\",\"dateModified\":\"2022-10-17T20:58:45+00:00\",\"author\":{\"@id\":\"https:\/\/www.gamberetta.it\/it\/#\/schema\/person\/7a4a919927c944edb5f3f9c665590124\"},\"breadcrumb\":{\"@id\":\"https:\/\/www.gamberetta.it\/it\/2012\/12\/03\/in-lista-dattesa\/#breadcrumb\"},\"inLanguage\":\"it-IT\",\"potentialAction\":[{\"@type\":\"ReadAction\",\"target\":[\"https:\/\/www.gamberetta.it\/it\/2012\/12\/03\/in-lista-dattesa\/\"]}]},{\"@type\":\"ImageObject\",\"inLanguage\":\"it-IT\",\"@id\":\"https:\/\/www.gamberetta.it\/it\/2012\/12\/03\/in-lista-dattesa\/#primaryimage\",\"url\":\"\",\"contentUrl\":\"\"},{\"@type\":\"BreadcrumbList\",\"@id\":\"https:\/\/www.gamberetta.it\/it\/2012\/12\/03\/in-lista-dattesa\/#breadcrumb\",\"itemListElement\":[{\"@type\":\"ListItem\",\"position\":1,\"name\":\"Home\",\"item\":\"https:\/\/www.gamberetta.it\/it\/\"},{\"@type\":\"ListItem\",\"position\":2,\"name\":\"IN LISTA D&#8217;ATTESA\"}]},{\"@type\":\"WebSite\",\"@id\":\"https:\/\/www.gamberetta.it\/it\/#website\",\"url\":\"https:\/\/www.gamberetta.it\/it\/\",\"name\":\"Gamberetta\",\"description\":\"Il mio blog senza fronzoli: pensieri e parole, sempre e ovunque in viaggio\",\"potentialAction\":[{\"@type\":\"SearchAction\",\"target\":{\"@type\":\"EntryPoint\",\"urlTemplate\":\"https:\/\/www.gamberetta.it\/it\/?s={search_term_string}\"},\"query-input\":{\"@type\":\"PropertyValueSpecification\",\"valueRequired\":true,\"valueName\":\"search_term_string\"}}],\"inLanguage\":\"it-IT\"},{\"@type\":\"Person\",\"@id\":\"https:\/\/www.gamberetta.it\/it\/#\/schema\/person\/7a4a919927c944edb5f3f9c665590124\",\"name\":\"gamberetta\",\"image\":{\"@type\":\"ImageObject\",\"inLanguage\":\"it-IT\",\"@id\":\"https:\/\/www.gamberetta.it\/it\/#\/schema\/person\/image\/\",\"url\":\"https:\/\/secure.gravatar.com\/avatar\/7ef5d82656b8958070b4f589b7ae1784?s=96&d=mm&r=g\",\"contentUrl\":\"https:\/\/secure.gravatar.com\/avatar\/7ef5d82656b8958070b4f589b7ae1784?s=96&d=mm&r=g\",\"caption\":\"gamberetta\"},\"description\":\"Sono Toro ascendente Scorpione, terra di contrasti dove ora prevale una met\u00e0, ora l\u2019altra. L\u2019infanzia in Veneto e gli ultimi anni passati a Milano hanno sviluppato in me una serie ulteriore di conflitti. Scrivo da sempre, la scrittura \u00e8 la migliore forma espressiva che mi consente di fissare concetti altrimenti sospesi nell\u2019aria. Da bambina scrivevo poesie con uno stile quasi leopardiano poi sono passata ai diari di viaggio dalla prima volta in USA nel 1998 e non ho pi\u00f9 smesso...\",\"url\":\"https:\/\/www.gamberetta.it\/it\/author\/gamberettarossa\/\"}]}<\/script>\n<!-- \/ Yoast SEO plugin. -->","yoast_head_json":{"title":"IN LISTA D'ATTESA - Gamberetta","robots":{"index":"index","follow":"follow","max-snippet":"max-snippet:-1","max-image-preview":"max-image-preview:large","max-video-preview":"max-video-preview:-1"},"canonical":"https:\/\/www.gamberetta.it\/it\/2012\/12\/03\/in-lista-dattesa\/","og_locale":"it_IT","og_type":"article","og_title":"IN LISTA D'ATTESA - Gamberetta","og_description":"L&#8217;Avana, agosto 2000. Siamo appena arrivate a Cuba ma \u00e8 chiaro che ci piacerebbe rimanere oltre le due settimane previste, per qualche visita in pi\u00f9: cultura, mare, relax, rispetto al nostro intenso programma. Siamo tre ragazze sui trent&#8217;anni , siccome si fidano di me per lo spagnolo e per altri aspetti operativi, le mie due &hellip; Leggi tutto","og_url":"https:\/\/www.gamberetta.it\/it\/2012\/12\/03\/in-lista-dattesa\/","og_site_name":"Gamberetta","article_publisher":"https:\/\/www.facebook.com\/Gamberettatravelblog","article_published_time":"2012-12-03T13:32:04+00:00","article_modified_time":"2022-10-17T20:58:45+00:00","author":"gamberetta","twitter_card":"summary_large_image","twitter_creator":"@robertazennaro","twitter_site":"@robertazennaro","twitter_misc":{"Scritto da":"gamberetta","Tempo di lettura stimato":"10 minuti"},"schema":{"@context":"https:\/\/schema.org","@graph":[{"@type":"WebPage","@id":"https:\/\/www.gamberetta.it\/it\/2012\/12\/03\/in-lista-dattesa\/","url":"https:\/\/www.gamberetta.it\/it\/2012\/12\/03\/in-lista-dattesa\/","name":"IN LISTA D'ATTESA - Gamberetta","isPartOf":{"@id":"https:\/\/www.gamberetta.it\/it\/#website"},"primaryImageOfPage":{"@id":"https:\/\/www.gamberetta.it\/it\/2012\/12\/03\/in-lista-dattesa\/#primaryimage"},"image":{"@id":"https:\/\/www.gamberetta.it\/it\/2012\/12\/03\/in-lista-dattesa\/#primaryimage"},"thumbnailUrl":"","datePublished":"2012-12-03T13:32:04+00:00","dateModified":"2022-10-17T20:58:45+00:00","author":{"@id":"https:\/\/www.gamberetta.it\/it\/#\/schema\/person\/7a4a919927c944edb5f3f9c665590124"},"breadcrumb":{"@id":"https:\/\/www.gamberetta.it\/it\/2012\/12\/03\/in-lista-dattesa\/#breadcrumb"},"inLanguage":"it-IT","potentialAction":[{"@type":"ReadAction","target":["https:\/\/www.gamberetta.it\/it\/2012\/12\/03\/in-lista-dattesa\/"]}]},{"@type":"ImageObject","inLanguage":"it-IT","@id":"https:\/\/www.gamberetta.it\/it\/2012\/12\/03\/in-lista-dattesa\/#primaryimage","url":"","contentUrl":""},{"@type":"BreadcrumbList","@id":"https:\/\/www.gamberetta.it\/it\/2012\/12\/03\/in-lista-dattesa\/#breadcrumb","itemListElement":[{"@type":"ListItem","position":1,"name":"Home","item":"https:\/\/www.gamberetta.it\/it\/"},{"@type":"ListItem","position":2,"name":"IN LISTA D&#8217;ATTESA"}]},{"@type":"WebSite","@id":"https:\/\/www.gamberetta.it\/it\/#website","url":"https:\/\/www.gamberetta.it\/it\/","name":"Gamberetta","description":"Il mio blog senza fronzoli: pensieri e parole, sempre e ovunque in viaggio","potentialAction":[{"@type":"SearchAction","target":{"@type":"EntryPoint","urlTemplate":"https:\/\/www.gamberetta.it\/it\/?s={search_term_string}"},"query-input":{"@type":"PropertyValueSpecification","valueRequired":true,"valueName":"search_term_string"}}],"inLanguage":"it-IT"},{"@type":"Person","@id":"https:\/\/www.gamberetta.it\/it\/#\/schema\/person\/7a4a919927c944edb5f3f9c665590124","name":"gamberetta","image":{"@type":"ImageObject","inLanguage":"it-IT","@id":"https:\/\/www.gamberetta.it\/it\/#\/schema\/person\/image\/","url":"https:\/\/secure.gravatar.com\/avatar\/7ef5d82656b8958070b4f589b7ae1784?s=96&d=mm&r=g","contentUrl":"https:\/\/secure.gravatar.com\/avatar\/7ef5d82656b8958070b4f589b7ae1784?s=96&d=mm&r=g","caption":"gamberetta"},"description":"Sono Toro ascendente Scorpione, terra di contrasti dove ora prevale una met\u00e0, ora l\u2019altra. L\u2019infanzia in Veneto e gli ultimi anni passati a Milano hanno sviluppato in me una serie ulteriore di conflitti. Scrivo da sempre, la scrittura \u00e8 la migliore forma espressiva che mi consente di fissare concetti altrimenti sospesi nell\u2019aria. Da bambina scrivevo poesie con uno stile quasi leopardiano poi sono passata ai diari di viaggio dalla prima volta in USA nel 1998 e non ho pi\u00f9 smesso...","url":"https:\/\/www.gamberetta.it\/it\/author\/gamberettarossa\/"}]}},"_links":{"self":[{"href":"https:\/\/www.gamberetta.it\/it\/wp-json\/wp\/v2\/posts\/643"}],"collection":[{"href":"https:\/\/www.gamberetta.it\/it\/wp-json\/wp\/v2\/posts"}],"about":[{"href":"https:\/\/www.gamberetta.it\/it\/wp-json\/wp\/v2\/types\/post"}],"author":[{"embeddable":true,"href":"https:\/\/www.gamberetta.it\/it\/wp-json\/wp\/v2\/users\/2"}],"replies":[{"embeddable":true,"href":"https:\/\/www.gamberetta.it\/it\/wp-json\/wp\/v2\/comments?post=643"}],"version-history":[{"count":2,"href":"https:\/\/www.gamberetta.it\/it\/wp-json\/wp\/v2\/posts\/643\/revisions"}],"predecessor-version":[{"id":20031,"href":"https:\/\/www.gamberetta.it\/it\/wp-json\/wp\/v2\/posts\/643\/revisions\/20031"}],"wp:featuredmedia":[{"embeddable":true,"href":"https:\/\/www.gamberetta.it\/it\/wp-json\/wp\/v2\/media\/18097"}],"wp:attachment":[{"href":"https:\/\/www.gamberetta.it\/it\/wp-json\/wp\/v2\/media?parent=643"}],"wp:term":[{"taxonomy":"category","embeddable":true,"href":"https:\/\/www.gamberetta.it\/it\/wp-json\/wp\/v2\/categories?post=643"},{"taxonomy":"post_tag","embeddable":true,"href":"https:\/\/www.gamberetta.it\/it\/wp-json\/wp\/v2\/tags?post=643"}],"curies":[{"name":"wp","href":"https:\/\/api.w.org\/{rel}","templated":true}]}}