{"id":6997,"date":"2015-11-15T15:07:55","date_gmt":"2015-11-15T15:07:55","guid":{"rendered":"https:\/\/www.gamberetta.it\/?p=6997"},"modified":"2023-11-26T12:32:53","modified_gmt":"2023-11-26T11:32:53","slug":"la-salita-al-roque-nublo-unesperienza-unica-durante-il-gran-canaria-walking-festival","status":"publish","type":"post","link":"https:\/\/www.gamberetta.it\/it\/2015\/11\/15\/la-salita-al-roque-nublo-unesperienza-unica-durante-il-gran-canaria-walking-festival\/","title":{"rendered":"LA SALITA AL ROQUE NUBLO, UN&#8217;ESPERIENZA UNICA DURANTE IL GRAN CANARIA WALKING FESTIVAL"},"content":{"rendered":"\n<p><b><\/b><span style=\"color: #000000;\"><span style=\"font-family: Calibri, sans-serif;\"><span style=\"font-size: medium;\">La quarte edizione del <\/span><\/span><\/span><span style=\"color: #000000;\"><span style=\"font-family: Calibri, sans-serif;\"><span style=\"font-size: medium;\"><b>Gran Canaria Walking Festival<\/b><\/span><\/span><\/span><span style=\"color: #000000;\"><span style=\"font-family: Calibri, sans-serif;\"><span style=\"font-size: medium;\"> si \u00e8 conclusa domenica scorsa con la salita al <\/span><\/span><\/span><span style=\"color: #000000;\"><span style=\"font-family: Calibri, sans-serif;\"><span style=\"font-size: medium;\"><b>Roque Nublo<\/b><\/span><\/span><\/span><span style=\"color: #000000;\"><span style=\"font-family: Calibri, sans-serif;\"><span style=\"font-size: medium;\">, montagna collocata al centro dell&#8217;isola a oltre 1.700 metri slm. Io c&#8217;ero, nell&#8217;ultimo giorno dedicato alla <\/span><\/span><\/span><span style=\"color: #000000;\"><span style=\"font-family: Calibri, sans-serif;\"><span style=\"font-size: medium;\"><b>Ruta de la Cumbre<\/b><\/span><\/span><\/span><span style=\"color: #000000;\"><span style=\"font-family: Calibri, sans-serif;\"><span style=\"font-size: medium;\"> dopo tre giorni chiamati con nomi altrettanto significativi: Ruta del agua y del vino, Ruta del queso, Ruta astronomica&#8230; <\/span><\/span><\/span><\/p>\n\n\n\n<p><span style=\"color: #000000;\"><span style=\"font-family: Calibri, sans-serif;\"><span style=\"font-size: medium;\"><b>Un&#8217;esperienza unica<\/b><\/span><\/span><\/span><span style=\"color: #000000;\"><span style=\"font-family: Calibri, sans-serif;\"><span style=\"font-size: medium;\"> significa che io e la mia bloggamica Cristina di <\/span><\/span><\/span><span style=\"color: #000000;\"><span style=\"font-family: Calibri, sans-serif;\"><span style=\"font-size: medium;\"><a href=\"http:\/\/www.parliamodiviaggi.it\/\" class=\"broken_link\">Parliamodiviaggi<\/a><\/span><\/span><\/span><span style=\"color: #000000;\"><span style=\"font-family: Calibri, sans-serif;\"><span style=\"font-size: medium;\"> ci siamo unite per l&#8217;occasione a un centinaio di camminatori provenienti da Gran Canaria (GC) e dalla vicina Tenerife, dalla Spagna continentale e dal resto d&#8217;Europa, soprattutto settentrionale. Italiani? Tre: noi due e l&#8217;amico Ugo Ironman, ultramaratoneta e campione di triathlon che lavora da 14 anni a GC e ci ha dato la sua versione dello sviluppo delle isole, raccontandoci come si vive qui.<\/span><\/span><\/span><\/p>\n\n\n<div class=\"wp-block-image\">\n<figure class=\"aligncenter\"><a href=\"https:\/\/www.gamberetta.it\/\/2015\/11\/15\/la-salita-al-roque-nublo-unesperienza-unica-durante-il-gran-canaria-walking-festival\/20151108_105928\/\" rel=\"attachment wp-att-7000\"><img loading=\"lazy\" decoding=\"async\" width=\"1024\" height=\"768\" src=\"https:\/\/www.gamberetta.it\/wp-content\/uploads\/2015\/11\/20151108_105928.jpg\" alt=\"20151108_105928\" class=\"wp-image-7000\" srcset=\"https:\/\/www.gamberetta.it\/wp-content\/uploads\/2015\/11\/20151108_105928.jpg 1024w, https:\/\/www.gamberetta.it\/wp-content\/uploads\/2015\/11\/20151108_105928-300x225.jpg 300w, https:\/\/www.gamberetta.it\/wp-content\/uploads\/2015\/11\/20151108_105928-768x576.jpg 768w, https:\/\/www.gamberetta.it\/wp-content\/uploads\/2015\/11\/20151108_105928-740x555.jpg 740w\" sizes=\"(max-width: 1024px) 100vw, 1024px\" \/><\/a><\/figure><\/div>\n\n\n<p><\/p>\n\n\n\n<p><span style=\"color: #000000;\"><span style=\"font-family: Calibri, sans-serif;\"><span style=\"font-size: medium;\"><b>Pronti? Partiamo! Anzi no: Vamonos!<\/b><\/span><\/span><\/span><span style=\"color: #000000;\"><span style=\"font-family: Calibri, sans-serif;\"><span style=\"font-size: medium;\"> Con questo slogan, con il giusto tono di voce e soprattutto con orari spagnoli partiamo tranquilli a met\u00e0 mattina dal <\/span><\/span><\/span><span style=\"color: #000000;\"><span style=\"font-family: Calibri, sans-serif;\"><span style=\"font-size: medium;\"><b>Campamento Gara<\/b><\/span><\/span><\/span><span style=\"color: #000000;\"><span style=\"font-family: Calibri, sans-serif;\"><span style=\"font-size: medium;\"><b>\u00f1<\/b><\/span><\/span><\/span><span style=\"color: #000000;\"><span style=\"font-family: Calibri, sans-serif;\"><span style=\"font-size: medium;\"><b>on<\/b><\/span><\/span><\/span><span style=\"color: #000000;\"><span style=\"font-family: Calibri, sans-serif;\"><span style=\"font-size: medium;\"> dove abbiamo dormito sabato sera (ma ne parler\u00f2 in un altro post). <\/span><\/span><\/span><\/p>\n\n\n<div class=\"wp-block-image\">\n<figure class=\"aligncenter\"><a href=\"https:\/\/www.gamberetta.it\/\/2015\/11\/15\/la-salita-al-roque-nublo-unesperienza-unica-durante-il-gran-canaria-walking-festival\/20151108_111903\/\" rel=\"attachment wp-att-7002\"><img loading=\"lazy\" decoding=\"async\" width=\"1024\" height=\"768\" src=\"https:\/\/www.gamberetta.it\/wp-content\/uploads\/2015\/11\/20151108_111903.jpg\" alt=\"20151108_111903\" class=\"wp-image-7002\" srcset=\"https:\/\/www.gamberetta.it\/wp-content\/uploads\/2015\/11\/20151108_111903.jpg 1024w, https:\/\/www.gamberetta.it\/wp-content\/uploads\/2015\/11\/20151108_111903-300x225.jpg 300w, https:\/\/www.gamberetta.it\/wp-content\/uploads\/2015\/11\/20151108_111903-768x576.jpg 768w, https:\/\/www.gamberetta.it\/wp-content\/uploads\/2015\/11\/20151108_111903-740x555.jpg 740w\" sizes=\"(max-width: 1024px) 100vw, 1024px\" \/><\/a><\/figure><\/div>\n\n\n<p><\/p>\n\n\n\n<p><span style=\"color: #000000;\"><span style=\"font-family: Calibri, sans-serif;\"><span style=\"font-size: medium;\">Percorriamo un anello con una sequenza di discesa, salita, ancora discesa e salita finale, intervallate da pause foto e tante utilissime spiegazioni delle guide in <\/span><\/span><\/span><span style=\"color: #000000;\"><span style=\"font-family: Calibri, sans-serif;\"><span style=\"font-size: medium;\"><b>spagnolo, inglese e tedesco<\/b><\/span><\/span><\/span><span style=\"color: #000000;\"><span style=\"font-family: Calibri, sans-serif;\"><span style=\"font-size: medium;\">. Il cielo \u00e8 cos\u00ec blu che le sfumature dei colori sono perfette, nitide, ideali per essere impresse nei nostri dispositivi e soprattutto nelle nostre menti.<\/span><\/span><\/span><\/p>\n\n\n<div class=\"wp-block-image\">\n<figure class=\"aligncenter\"><a href=\"https:\/\/www.gamberetta.it\/\/2015\/11\/15\/la-salita-al-roque-nublo-unesperienza-unica-durante-il-gran-canaria-walking-festival\/20151108_123139\/\" rel=\"attachment wp-att-7004\"><img loading=\"lazy\" decoding=\"async\" width=\"768\" height=\"1024\" src=\"https:\/\/www.gamberetta.it\/wp-content\/uploads\/2015\/11\/20151108_123139.jpg\" alt=\"20151108_123139\" class=\"wp-image-7004\" srcset=\"https:\/\/www.gamberetta.it\/wp-content\/uploads\/2015\/11\/20151108_123139.jpg 768w, https:\/\/www.gamberetta.it\/wp-content\/uploads\/2015\/11\/20151108_123139-225x300.jpg 225w, https:\/\/www.gamberetta.it\/wp-content\/uploads\/2015\/11\/20151108_123139-740x987.jpg 740w\" sizes=\"(max-width: 768px) 100vw, 768px\" \/><\/a><\/figure><\/div>\n\n\n<h2 class=\"wp-block-heading\">La salita verso il Roque Nublo<\/h2>\n\n\n\n<p><span style=\"color: #000000;\"><span style=\"font-family: Calibri, sans-serif;\"><span style=\"font-size: medium;\">La prima mezz&#8217;ora si svolge su un ampio sentiero in pietra fino a una diga. <\/span><\/span><\/span><span style=\"color: #000000;\"><span style=\"font-family: Calibri, sans-serif;\"><span style=\"font-size: medium;\"><b>La Presa del Horno<\/b><\/span><\/span><\/span><span style=\"color: #000000;\"><span style=\"font-family: Calibri, sans-serif;\"><span style=\"font-size: medium;\"> \u00e8 il bacino idrico collocato presso questo bosco che, per tradizione, si utilizzava per produrre carbone dal legno, c&#8217;era pertanto un forno che ha dato il nome a questo bellissimo posto. Il legno proviene dal <\/span><\/span><\/span><span style=\"color: #000000;\"><span style=\"font-family: Calibri, sans-serif;\"><span style=\"font-size: medium;\"><b>pino canario<\/b><\/span><\/span><\/span><span style=\"color: #000000;\"><span style=\"font-family: Calibri, sans-serif;\"><span style=\"font-size: medium;\"> (Pinus Canariensis) una delle tante specie endemiche protette dell&#8217;isola che qui stanno ancora meglio, in quanto ci troviamo in una riserva della biosfera tutelata dall&#8217;UNESCO. Molti siti son stati proposti per la nomina a Patrimonio dell&#8217;Umanit\u00e0 ma quasi sempre si \u00e8 preferito il titolo di riserva naturale della biosfera, pi\u00f9 semplice da gestire e in grado di conciliare la tutela ambientale e gli interessi degli operatori locali, tra cui agricoltori e allevatori. Una soluzione salomonica che contrasta con gli scempi compiuti sulla costa dalla speculazione edilizia, finalmente fermati \u2013 o molto rallentati \u2013 dalla crisi economica.<\/span><\/span><\/span><\/p>\n\n\n\n<p><span style=\"color: #000000;\"><span style=\"font-family: Calibri, sans-serif;\"><span style=\"font-size: medium;\">Vi sono decine di dighe a <span style=\"color: #000000;\"><span style=\"font-family: Calibri, sans-serif;\"><span style=\"font-size: medium;\">Gran Canaria<\/span><\/span><\/span>, la <b>Presa de Soria<\/b> \u00e8 la pi\u00f9 grande, a sud vicino ad <b>Arguineguin<\/b>. Alta ben 150 metri, ha una capacit\u00e0 di 32 milioni di metri cubi e ci son voluti oltre 10 anni per erigerla. Tali bacini sono necessari a raccogliere l&#8217;acqua delle scarse precipitazioni e renderle disponibili oggi per usi agricoli, mentre l&#8217;acqua per uso domestico proviene sempre pi\u00f9, purtroppo, dalla desalinizzazione dell&#8217;acqua marina (un male necessario). Le Canarie sono spesso cos\u00ec aride da rendere necessarie tali misure, a GC ad esempio piove solo un paio di volte l&#8217;anno. Due settimane fa c&#8217;\u00e8 stata una pioggia torrenziale che ha ripulito l&#8217;aria e ha rinverdito la terra, per\u00f2 ha anche causato grossi danni e interruzioni stradali, di cui noi stesse facciamo le spese mentre andiamo in giro in auto. Non oggi per fortuna, camminiamo! <\/span><\/span><\/span><\/p>\n\n\n\n<p><span style=\"color: #000000;\"><span style=\"font-family: Calibri, sans-serif;\"><span style=\"font-size: medium;\">Il panorama alla nostra destra \u00e8 fantastico: c&#8217;\u00e8 un grosso blocco di basalto, il <\/span><\/span><\/span><span style=\"color: #000000;\"><span style=\"font-family: Calibri, sans-serif;\"><span style=\"font-size: medium;\"><b>Pico de las Nieves<\/b><\/span><\/span><\/span><span style=\"color: #000000;\"><span style=\"font-family: Calibri, sans-serif;\"><span style=\"font-size: medium;\"> che con oltre 1.900 metri slm \u00e8 la montagna pi\u00f9 alta dell&#8217;isola. Davanti a un mare azzurrissimo si vede la sagoma alta 3.700 metri, esattamente il doppio, del vulcano <\/span><\/span><\/span><span style=\"color: #000000;\"><span style=\"font-family: Calibri, sans-serif;\"><span style=\"font-size: medium;\"><b>Teide<\/b><\/span><\/span><\/span><span style=\"color: #000000;\"><span style=\"font-family: Calibri, sans-serif;\"><span style=\"font-size: medium;\"> che domina <\/span><\/span><\/span><span style=\"color: #000000;\"><span style=\"font-family: Calibri, sans-serif;\"><span style=\"font-size: medium;\"><b>Tenerife<\/b><\/span><\/span><\/span><span style=\"color: #000000;\"><span style=\"font-family: Calibri, sans-serif;\"><span style=\"font-size: medium;\">. Come non desiderarne la conquista?<\/span><\/span><\/span><\/p>\n\n\n<div class=\"wp-block-image\">\n<figure class=\"aligncenter\"><a href=\"https:\/\/www.gamberetta.it\/\/2015\/11\/15\/la-salita-al-roque-nublo-unesperienza-unica-durante-il-gran-canaria-walking-festival\/20151108_133910\/\" rel=\"attachment wp-att-7005\"><img loading=\"lazy\" decoding=\"async\" width=\"1024\" height=\"768\" src=\"https:\/\/www.gamberetta.it\/wp-content\/uploads\/2015\/11\/20151108_133910.jpg\" alt=\"20151108_133910\" class=\"wp-image-7005\" srcset=\"https:\/\/www.gamberetta.it\/wp-content\/uploads\/2015\/11\/20151108_133910.jpg 1024w, https:\/\/www.gamberetta.it\/wp-content\/uploads\/2015\/11\/20151108_133910-300x225.jpg 300w, https:\/\/www.gamberetta.it\/wp-content\/uploads\/2015\/11\/20151108_133910-768x576.jpg 768w, https:\/\/www.gamberetta.it\/wp-content\/uploads\/2015\/11\/20151108_133910-740x555.jpg 740w\" sizes=\"(max-width: 1024px) 100vw, 1024px\" \/><\/a><\/figure><\/div>\n\n<div class=\"wp-block-image\">\n<figure class=\"aligncenter\"><a href=\"https:\/\/www.gamberetta.it\/\/2015\/11\/15\/la-salita-al-roque-nublo-unesperienza-unica-durante-il-gran-canaria-walking-festival\/20151108_133928\/\" rel=\"attachment wp-att-7006\"><img loading=\"lazy\" decoding=\"async\" width=\"1024\" height=\"768\" src=\"https:\/\/www.gamberetta.it\/wp-content\/uploads\/2015\/11\/20151108_133928.jpg\" alt=\"20151108_133928\" class=\"wp-image-7006\" srcset=\"https:\/\/www.gamberetta.it\/wp-content\/uploads\/2015\/11\/20151108_133928.jpg 1024w, https:\/\/www.gamberetta.it\/wp-content\/uploads\/2015\/11\/20151108_133928-300x225.jpg 300w, https:\/\/www.gamberetta.it\/wp-content\/uploads\/2015\/11\/20151108_133928-768x576.jpg 768w, https:\/\/www.gamberetta.it\/wp-content\/uploads\/2015\/11\/20151108_133928-740x555.jpg 740w\" sizes=\"(max-width: 1024px) 100vw, 1024px\" \/><\/a><\/figure><\/div>\n\n\n<p> <\/p>\n\n\n\n<p><span style=\"color: #000000;\"><span style=\"font-family: Calibri, sans-serif;\"><span style=\"font-size: medium;\">A sinistra il panorama non \u00e8 da meno perch\u00e9 ci stiamo avvicinando, girandoci intorno, alla nostra destinazione il Roque Nublo. Lungo un facile sentiero saliamo in fila indiana, ordinati come formichine molte delle quali silenziose. Io no, hablo con todos, chiunque parli un idioma comprensibile. Una parte dei pini qui sono di ripascimento e sono stati messi per garantire la solidit\u00e0 della cresta montuosa, abbinati alla salvia e agli arbusti autoctoni, piante di montagna con diverse sfumature di verde, profumate, belle. Poi <\/span><\/span><\/span><span style=\"color: #000000;\"><span style=\"font-family: Calibri, sans-serif;\"><span style=\"font-size: medium;\"><b>hongos&#8230;<\/b><\/span><\/span><\/span><span style=\"color: #000000;\"><span style=\"font-family: Calibri, sans-serif;\"><span style=\"font-size: medium;\"> Laricini, luridus, altre sfumature di porcini mi fanno voglia di raccoglierli ma non potrei cucinarli e mi limito alle foto.<\/span><\/span><\/span><\/p>\n\n\n\n<p><span style=\"color: #111111;\"><span style=\"font-family: Calibri, sans-serif;\"><span style=\"font-size: medium;\"><b>\u00bf<\/b><\/span><\/span><\/span><span style=\"color: #000000;\"><span style=\"font-family: Calibri, sans-serif;\"><span style=\"font-size: medium;\"><b>Conoces? Claro que si. <\/b><\/span><\/span><\/span><span style=\"color: #111111;\"><span style=\"font-family: Calibri, sans-serif;\"><span style=\"font-size: medium;\"><b>\u00bf<\/b><\/span><\/span><\/span><span style=\"color: #000000;\"><span style=\"font-family: Calibri, sans-serif;\"><span style=\"font-size: medium;\"><b>Son buenos? Creo que si pero por eso hay una prueba segura<\/b><\/span><\/span><\/span><span style=\"color: #000000;\"><span style=\"font-family: Calibri, sans-serif;\"><span style=\"font-size: medium;\">. Propongo il test della suocera ai miei compagni di trekking. Se facciamo assaggiare i funghi alla suocera e sopravvive erano buoni. Se muore erano velenosi. Scherzo ovviamente, ci ridiamo sopra e alcuni dicono che avrebbero una lunga lista di persone a cui farli assaggiare!! <\/span><\/span><\/span><\/p>\n\n\n\n<p><span style=\"color: #000000;\"><span style=\"font-family: Calibri, sans-serif;\"><span style=\"font-size: medium;\">Prima della salita finale ci fermiamo per riposare e ascoltare le ultime spiegazioni e le simpatiche battute tra abitanti di <span style=\"color: #000000;\"><span style=\"font-family: Calibri, sans-serif;\"><span style=\"font-size: medium;\">Gran Canaria<\/span><\/span><\/span> e di Tenerife, tra i quali c&#8217;\u00e8 una rivalit\u00e0 che qui si vive con goliardia. Mangio una mela, mi guardo intorno estasiata e ripartiamo. Vamonos! Son stanca ma ho fretta di arrivare, la spianata pietrosa che si apre davanti a noi \u00e8 cos\u00ec spettrale che non mi sorprendono le teorie dei Guanches, gli abitanti originari delle Canarie prima che Greci e Romani ne parlassero come del Paradiso in terra, il giardino delle Esperidi ecc ecc.<\/span><\/span><\/span><\/p>\n\n\n<div class=\"wp-block-image\">\n<figure class=\"aligncenter\"><a href=\"https:\/\/www.gamberetta.it\/\/2015\/11\/15\/la-salita-al-roque-nublo-unesperienza-unica-durante-il-gran-canaria-walking-festival\/20151108_134136\/\" rel=\"attachment wp-att-7007\"><img loading=\"lazy\" decoding=\"async\" width=\"1024\" height=\"768\" src=\"https:\/\/www.gamberetta.it\/wp-content\/uploads\/2015\/11\/20151108_134136.jpg\" alt=\"20151108_134136\" class=\"wp-image-7007\" srcset=\"https:\/\/www.gamberetta.it\/wp-content\/uploads\/2015\/11\/20151108_134136.jpg 1024w, https:\/\/www.gamberetta.it\/wp-content\/uploads\/2015\/11\/20151108_134136-300x225.jpg 300w, https:\/\/www.gamberetta.it\/wp-content\/uploads\/2015\/11\/20151108_134136-768x576.jpg 768w, https:\/\/www.gamberetta.it\/wp-content\/uploads\/2015\/11\/20151108_134136-740x555.jpg 740w\" sizes=\"(max-width: 1024px) 100vw, 1024px\" \/><\/a><\/figure><\/div>\n\n<div class=\"wp-block-image\">\n<figure class=\"aligncenter\"><a href=\"https:\/\/www.gamberetta.it\/\/2015\/11\/15\/la-salita-al-roque-nublo-unesperienza-unica-durante-il-gran-canaria-walking-festival\/20151108_121134\/\" rel=\"attachment wp-att-7003\"><img loading=\"lazy\" decoding=\"async\" width=\"768\" height=\"1024\" src=\"https:\/\/www.gamberetta.it\/wp-content\/uploads\/2015\/11\/20151108_121134.jpg\" alt=\"20151108_121134\" class=\"wp-image-7003\" srcset=\"https:\/\/www.gamberetta.it\/wp-content\/uploads\/2015\/11\/20151108_121134.jpg 768w, https:\/\/www.gamberetta.it\/wp-content\/uploads\/2015\/11\/20151108_121134-225x300.jpg 225w, https:\/\/www.gamberetta.it\/wp-content\/uploads\/2015\/11\/20151108_121134-740x987.jpg 740w\" sizes=\"(max-width: 768px) 100vw, 768px\" \/><\/a><\/figure><\/div>\n\n<div class=\"wp-block-image\">\n<figure class=\"aligncenter\"><a href=\"https:\/\/www.gamberetta.it\/\/2015\/11\/15\/la-salita-al-roque-nublo-unesperienza-unica-durante-il-gran-canaria-walking-festival\/20151108_140431\/\" rel=\"attachment wp-att-7008\"><img loading=\"lazy\" decoding=\"async\" width=\"1024\" height=\"768\" src=\"https:\/\/www.gamberetta.it\/wp-content\/uploads\/2015\/11\/20151108_140431.jpg\" alt=\"20151108_140431\" class=\"wp-image-7008\" srcset=\"https:\/\/www.gamberetta.it\/wp-content\/uploads\/2015\/11\/20151108_140431.jpg 1024w, https:\/\/www.gamberetta.it\/wp-content\/uploads\/2015\/11\/20151108_140431-300x225.jpg 300w, https:\/\/www.gamberetta.it\/wp-content\/uploads\/2015\/11\/20151108_140431-768x576.jpg 768w, https:\/\/www.gamberetta.it\/wp-content\/uploads\/2015\/11\/20151108_140431-740x555.jpg 740w\" sizes=\"(max-width: 1024px) 100vw, 1024px\" \/><\/a><\/figure><\/div>\n\n\n<p>  <\/p>\n\n\n\n<p><span style=\"color: #000000;\"><span style=\"font-family: Calibri, sans-serif;\"><span style=\"font-size: medium;\">Essi, i guanches che gli spagnoli avrebbero sterminato per impossessarsi della terra e delle risorse delle Canarie, davano un valore spirituale al Roque Nublo. Venivano quass\u00f9 a vedere le stelle. Sentivano l&#8217;energia che scorre dal centro della terra fin quass\u00f9, nel centro geografico di <span style=\"color: #000000;\"><span style=\"font-family: Calibri, sans-serif;\"><span style=\"font-size: medium;\">Gran Canaria<\/span><\/span><\/span> che \u00e8 segnato con un cerchio di pittura bianca. <\/span><\/span><\/span><\/p>\n\n\n<div class=\"wp-block-image\">\n<figure class=\"aligncenter\"><a href=\"https:\/\/www.gamberetta.it\/\/2015\/11\/15\/la-salita-al-roque-nublo-unesperienza-unica-durante-il-gran-canaria-walking-festival\/20151108_142356\/\" rel=\"attachment wp-att-7012\"><img loading=\"lazy\" decoding=\"async\" width=\"1024\" height=\"768\" src=\"https:\/\/www.gamberetta.it\/wp-content\/uploads\/2015\/11\/20151108_142356.jpg\" alt=\"20151108_142356\" class=\"wp-image-7012\" srcset=\"https:\/\/www.gamberetta.it\/wp-content\/uploads\/2015\/11\/20151108_142356.jpg 1024w, https:\/\/www.gamberetta.it\/wp-content\/uploads\/2015\/11\/20151108_142356-300x225.jpg 300w, https:\/\/www.gamberetta.it\/wp-content\/uploads\/2015\/11\/20151108_142356-768x576.jpg 768w, https:\/\/www.gamberetta.it\/wp-content\/uploads\/2015\/11\/20151108_142356-740x555.jpg 740w\" sizes=\"(max-width: 1024px) 100vw, 1024px\" \/><\/a><\/figure><\/div>\n\n<div class=\"wp-block-image\">\n<figure class=\"aligncenter\"><a href=\"https:\/\/www.gamberetta.it\/\/2015\/11\/15\/la-salita-al-roque-nublo-unesperienza-unica-durante-il-gran-canaria-walking-festival\/20151108_142359\/\" rel=\"attachment wp-att-7013\"><img loading=\"lazy\" decoding=\"async\" width=\"768\" height=\"1024\" src=\"https:\/\/www.gamberetta.it\/wp-content\/uploads\/2015\/11\/20151108_142359.jpg\" alt=\"20151108_142359\" class=\"wp-image-7013\" srcset=\"https:\/\/www.gamberetta.it\/wp-content\/uploads\/2015\/11\/20151108_142359.jpg 768w, https:\/\/www.gamberetta.it\/wp-content\/uploads\/2015\/11\/20151108_142359-225x300.jpg 225w, https:\/\/www.gamberetta.it\/wp-content\/uploads\/2015\/11\/20151108_142359-740x987.jpg 740w\" sizes=\"(max-width: 768px) 100vw, 768px\" \/><\/a><\/figure><\/div>\n\n\n<p> <\/p>\n\n\n\n<p><span style=\"color: #000000;\"><span style=\"font-family: Calibri, sans-serif;\"><span style=\"font-size: medium;\">E credevano che questa spianata fosse <\/span><\/span><\/span><span style=\"color: #000000;\"><span style=\"font-family: Calibri, sans-serif;\"><span style=\"font-size: medium;\"><b>una<\/b><\/span><\/span><\/span> <span style=\"color: #000000;\"><span style=\"font-family: Calibri, sans-serif;\"><span style=\"font-size: medium;\"><b>pista ancestrale, non per gli elicotteri ma per l&#8217;atterraggio degli extraterrestri<\/b><\/span><\/span><\/span><span style=\"color: #000000;\"><span style=\"font-family: Calibri, sans-serif;\"><span style=\"font-size: medium;\">. C&#8217;\u00e8 da crederci, la mia stanchezza lascia il posto a un&#8217;energia pazzesca dove la terra dura, colorata incontra il cielo blu sopra di me. Faccio foto di qua e di l\u00e0 in quest&#8217;orizzonte infinito privo di nubi, o dove la poca foschia a valle aumenta le tonalit\u00e0 di colore e la bellezza infinita di questo luogo cos\u00ec magico.<\/span><\/span><\/span><\/p>\n\n\n<div class=\"wp-block-image\">\n<figure class=\"aligncenter\"><a href=\"https:\/\/www.gamberetta.it\/\/2015\/11\/15\/la-salita-al-roque-nublo-unesperienza-unica-durante-il-gran-canaria-walking-festival\/20151108_141328\/\" rel=\"attachment wp-att-7010\"><img loading=\"lazy\" decoding=\"async\" width=\"1024\" height=\"768\" src=\"https:\/\/www.gamberetta.it\/wp-content\/uploads\/2015\/11\/20151108_141328.jpg\" alt=\"20151108_141328\" class=\"wp-image-7010\" srcset=\"https:\/\/www.gamberetta.it\/wp-content\/uploads\/2015\/11\/20151108_141328.jpg 1024w, https:\/\/www.gamberetta.it\/wp-content\/uploads\/2015\/11\/20151108_141328-300x225.jpg 300w, https:\/\/www.gamberetta.it\/wp-content\/uploads\/2015\/11\/20151108_141328-768x576.jpg 768w, https:\/\/www.gamberetta.it\/wp-content\/uploads\/2015\/11\/20151108_141328-740x555.jpg 740w\" sizes=\"(max-width: 1024px) 100vw, 1024px\" \/><\/a><\/figure><\/div>\n\n\n<h2 class=\"wp-block-heading\">In cima alla salita<\/h2>\n\n\n\n<p><span style=\"color: #000000;\"><span style=\"font-family: Calibri, sans-serif;\"><span style=\"font-size: medium;\">Cristina scorrazza verso <\/span><\/span><\/span><span style=\"color: #000000;\"><span style=\"font-family: Calibri, sans-serif;\"><span style=\"font-size: medium;\"><b>la base del Roque Nublo, un parallelepipedo di basalto alto 70 metri di 45 metri di lato<\/b><\/span><\/span><\/span><span style=\"color: #000000;\"><span style=\"font-family: Calibri, sans-serif;\"><span style=\"font-size: medium;\">, con un picco pi\u00f9 piccolo laterale dalla forma caratteristica di un monaco in preghiera. <\/span><\/span><\/span><\/p>\n\n\n<div class=\"wp-block-image\">\n<figure class=\"aligncenter\"><a href=\"https:\/\/www.gamberetta.it\/\/2015\/11\/15\/la-salita-al-roque-nublo-unesperienza-unica-durante-il-gran-canaria-walking-festival\/20151108_140826\/\" rel=\"attachment wp-att-7009\"><img loading=\"lazy\" decoding=\"async\" width=\"1024\" height=\"768\" src=\"https:\/\/www.gamberetta.it\/wp-content\/uploads\/2015\/11\/20151108_140826.jpg\" alt=\"20151108_140826\" class=\"wp-image-7009\" srcset=\"https:\/\/www.gamberetta.it\/wp-content\/uploads\/2015\/11\/20151108_140826.jpg 1024w, https:\/\/www.gamberetta.it\/wp-content\/uploads\/2015\/11\/20151108_140826-300x225.jpg 300w, https:\/\/www.gamberetta.it\/wp-content\/uploads\/2015\/11\/20151108_140826-768x576.jpg 768w, https:\/\/www.gamberetta.it\/wp-content\/uploads\/2015\/11\/20151108_140826-740x555.jpg 740w\" sizes=\"(max-width: 1024px) 100vw, 1024px\" \/><\/a><\/figure><\/div>\n\n<div class=\"wp-block-image\">\n<figure class=\"aligncenter\"><a href=\"https:\/\/www.gamberetta.it\/\/2015\/11\/15\/la-salita-al-roque-nublo-unesperienza-unica-durante-il-gran-canaria-walking-festival\/20151108_142133\/\" rel=\"attachment wp-att-7011\"><img loading=\"lazy\" decoding=\"async\" width=\"768\" height=\"1024\" src=\"https:\/\/www.gamberetta.it\/wp-content\/uploads\/2015\/11\/20151108_142133.jpg\" alt=\"20151108_142133\" class=\"wp-image-7011\" srcset=\"https:\/\/www.gamberetta.it\/wp-content\/uploads\/2015\/11\/20151108_142133.jpg 768w, https:\/\/www.gamberetta.it\/wp-content\/uploads\/2015\/11\/20151108_142133-225x300.jpg 225w, https:\/\/www.gamberetta.it\/wp-content\/uploads\/2015\/11\/20151108_142133-740x987.jpg 740w\" sizes=\"(max-width: 768px) 100vw, 768px\" \/><\/a><\/figure><\/div>\n\n\n<p> <\/p>\n\n\n\n<p><span style=\"color: #000000;\"><span style=\"font-family: Calibri, sans-serif;\"><span style=\"font-size: medium;\">Io mi stendo a terra, allargo braccia e gambe e cerco di assorbire l&#8217;energia come facevo nei templi buddisti in Mongolia. Alla fin fine non trovo molto differenti i due luoghi, anzi. E penso naturalmente al mio caro pap\u00e0 che mi guarda dal cielo e, ne sono sicura, approva e sorride nel vedermi quass\u00f9. Grazie pap\u00e0 per avermi insegnato ad amare la montagna, ci mancherai sempre tanto ma la tua stupenda eredit\u00e0 prosegue con noi, sappilo! <\/span><\/span><\/span><\/p>\n\n\n<div class=\"wp-block-image\">\n<figure class=\"aligncenter\"><a href=\"https:\/\/www.gamberetta.it\/\/2015\/11\/15\/la-salita-al-roque-nublo-unesperienza-unica-durante-il-gran-canaria-walking-festival\/20151108_142407\/\" rel=\"attachment wp-att-7014\"><img loading=\"lazy\" decoding=\"async\" width=\"768\" height=\"1024\" src=\"https:\/\/www.gamberetta.it\/wp-content\/uploads\/2015\/11\/20151108_142407.jpg\" alt=\"20151108_142407\" class=\"wp-image-7014\" srcset=\"https:\/\/www.gamberetta.it\/wp-content\/uploads\/2015\/11\/20151108_142407.jpg 768w, https:\/\/www.gamberetta.it\/wp-content\/uploads\/2015\/11\/20151108_142407-225x300.jpg 225w, https:\/\/www.gamberetta.it\/wp-content\/uploads\/2015\/11\/20151108_142407-740x987.jpg 740w\" sizes=\"(max-width: 768px) 100vw, 768px\" \/><\/a><\/figure><\/div>\n\n\n<h2 class=\"wp-block-heading\">La discesa al <span style=\"color: #000000;\"><span style=\"font-family: Calibri, sans-serif;\"><span style=\"font-size: medium;\">Campamento Gara\u00f1on<\/span><\/span><\/span><\/h2>\n\n\n\n<p><span style=\"color: #000000;\"><span style=\"font-family: Calibri, sans-serif;\"><span style=\"font-size: medium;\">Facciamo una foto di gruppo di tutti noi cento camminatori, bellissima, poi ripartiamo. Vamonos!<\/span><\/span><\/span><\/p>\n\n\n\n<p><span style=\"color: #000000;\"><span style=\"font-family: Calibri, sans-serif;\"><span style=\"font-size: medium;\">Discesa \u2013 salita \u2013 discesa e ultima salita. Ripassiamo un paio di volte accanto alla strada asfaltata, per chi non pu\u00f2 camminare molto trovo utilissima la possibilit\u00e0 di avvicinarsi alla montagna cos\u00ec, ci sono anche dei pannelli esplicativi molto utili. <\/span><\/span><\/span><\/p>\n\n\n\n<p><span style=\"color: #000000;\"><span style=\"font-family: Calibri, sans-serif;\"><span style=\"font-size: medium;\">Il Campamento Gara<\/span><\/span><\/span><span style=\"color: #000000;\"><span style=\"font-family: Calibri, sans-serif;\"><span style=\"font-size: medium;\">\u00f1<\/span><\/span><\/span><span style=\"color: #000000;\"><span style=\"font-family: Calibri, sans-serif;\"><span style=\"font-size: medium;\">on ci aspetta con un&#8217;accoglienza pazzesca nel migliore stile spagnolo: un pranzo tipico e l&#8217;esibizione di un gruppo folklorico in costume, con canti e balli canari.<\/span><\/span><\/span><\/p>\n\n\n<div class=\"wp-block-image\">\n<figure class=\"aligncenter\"><a href=\"https:\/\/www.gamberetta.it\/\/2015\/11\/15\/la-salita-al-roque-nublo-unesperienza-unica-durante-il-gran-canaria-walking-festival\/20151108_161043\/\" rel=\"attachment wp-att-7016\"><img loading=\"lazy\" decoding=\"async\" width=\"1024\" height=\"768\" src=\"https:\/\/www.gamberetta.it\/wp-content\/uploads\/2015\/11\/20151108_161043.jpg\" alt=\"20151108_161043\" class=\"wp-image-7016\" srcset=\"https:\/\/www.gamberetta.it\/wp-content\/uploads\/2015\/11\/20151108_161043.jpg 1024w, https:\/\/www.gamberetta.it\/wp-content\/uploads\/2015\/11\/20151108_161043-300x225.jpg 300w, https:\/\/www.gamberetta.it\/wp-content\/uploads\/2015\/11\/20151108_161043-768x576.jpg 768w, https:\/\/www.gamberetta.it\/wp-content\/uploads\/2015\/11\/20151108_161043-740x555.jpg 740w\" sizes=\"(max-width: 1024px) 100vw, 1024px\" \/><\/a><\/figure><\/div>\n\n<div class=\"wp-block-image\">\n<figure class=\"aligncenter\"><a href=\"https:\/\/www.gamberetta.it\/\/2015\/11\/15\/la-salita-al-roque-nublo-unesperienza-unica-durante-il-gran-canaria-walking-festival\/20151108_161058\/\" rel=\"attachment wp-att-7017\"><img loading=\"lazy\" decoding=\"async\" width=\"1024\" height=\"768\" src=\"https:\/\/www.gamberetta.it\/wp-content\/uploads\/2015\/11\/20151108_161058.jpg\" alt=\"20151108_161058\" class=\"wp-image-7017\" srcset=\"https:\/\/www.gamberetta.it\/wp-content\/uploads\/2015\/11\/20151108_161058.jpg 1024w, https:\/\/www.gamberetta.it\/wp-content\/uploads\/2015\/11\/20151108_161058-300x225.jpg 300w, https:\/\/www.gamberetta.it\/wp-content\/uploads\/2015\/11\/20151108_161058-768x576.jpg 768w, https:\/\/www.gamberetta.it\/wp-content\/uploads\/2015\/11\/20151108_161058-740x555.jpg 740w\" sizes=\"(max-width: 1024px) 100vw, 1024px\" \/><\/a><\/figure><\/div>\n\n<div class=\"wp-block-image\">\n<figure class=\"aligncenter\"><a href=\"https:\/\/www.gamberetta.it\/\/2015\/11\/15\/la-salita-al-roque-nublo-unesperienza-unica-durante-il-gran-canaria-walking-festival\/20151108_161101\/\" rel=\"attachment wp-att-7018\"><img loading=\"lazy\" decoding=\"async\" width=\"1024\" height=\"768\" src=\"https:\/\/www.gamberetta.it\/wp-content\/uploads\/2015\/11\/20151108_161101.jpg\" alt=\"20151108_161101\" class=\"wp-image-7018\" srcset=\"https:\/\/www.gamberetta.it\/wp-content\/uploads\/2015\/11\/20151108_161101.jpg 1024w, https:\/\/www.gamberetta.it\/wp-content\/uploads\/2015\/11\/20151108_161101-300x225.jpg 300w, https:\/\/www.gamberetta.it\/wp-content\/uploads\/2015\/11\/20151108_161101-768x576.jpg 768w, https:\/\/www.gamberetta.it\/wp-content\/uploads\/2015\/11\/20151108_161101-740x555.jpg 740w\" sizes=\"(max-width: 1024px) 100vw, 1024px\" \/><\/a><\/figure><\/div>\n\n<div class=\"wp-block-image\">\n<figure class=\"aligncenter\"><a href=\"https:\/\/www.gamberetta.it\/\/2015\/11\/15\/la-salita-al-roque-nublo-unesperienza-unica-durante-il-gran-canaria-walking-festival\/20151108_161105\/\" rel=\"attachment wp-att-7019\"><img loading=\"lazy\" decoding=\"async\" width=\"1024\" height=\"768\" src=\"https:\/\/www.gamberetta.it\/wp-content\/uploads\/2015\/11\/20151108_161105.jpg\" alt=\"20151108_161105\" class=\"wp-image-7019\" srcset=\"https:\/\/www.gamberetta.it\/wp-content\/uploads\/2015\/11\/20151108_161105.jpg 1024w, https:\/\/www.gamberetta.it\/wp-content\/uploads\/2015\/11\/20151108_161105-300x225.jpg 300w, https:\/\/www.gamberetta.it\/wp-content\/uploads\/2015\/11\/20151108_161105-768x576.jpg 768w, https:\/\/www.gamberetta.it\/wp-content\/uploads\/2015\/11\/20151108_161105-740x555.jpg 740w\" sizes=\"(max-width: 1024px) 100vw, 1024px\" \/><\/a><\/figure><\/div>\n\n\n<p>   <\/p>\n\n\n<div class=\"wp-block-image\">\n<figure class=\"aligncenter\"><a href=\"https:\/\/www.gamberetta.it\/\/2015\/11\/15\/la-salita-al-roque-nublo-unesperienza-unica-durante-il-gran-canaria-walking-festival\/20151108_171046\/\" rel=\"attachment wp-att-7028\"><img loading=\"lazy\" decoding=\"async\" width=\"1024\" height=\"768\" src=\"https:\/\/www.gamberetta.it\/wp-content\/uploads\/2015\/11\/20151108_171046.jpg\" alt=\"20151108_171046\" class=\"wp-image-7028\" srcset=\"https:\/\/www.gamberetta.it\/wp-content\/uploads\/2015\/11\/20151108_171046.jpg 1024w, https:\/\/www.gamberetta.it\/wp-content\/uploads\/2015\/11\/20151108_171046-300x225.jpg 300w, https:\/\/www.gamberetta.it\/wp-content\/uploads\/2015\/11\/20151108_171046-768x576.jpg 768w, https:\/\/www.gamberetta.it\/wp-content\/uploads\/2015\/11\/20151108_171046-740x555.jpg 740w\" sizes=\"(max-width: 1024px) 100vw, 1024px\" \/><\/a><\/figure><\/div>\n\n\n<p><\/p>\n\n\n\n<p><span style=\"color: #000000;\"><span style=\"font-family: Calibri, sans-serif;\"><span style=\"font-size: medium;\">Il menu: zuppa di verdura, bocconcini di maiale, papas arrugadas (il mio piatto preferito di Gran Canaria) queso de flor, pan con mojo, gofio in tutte le salse (al gofio dedicher\u00f2 tutto lo spazio che merita).<\/span><\/span><\/span><\/p>\n\n\n<div class=\"wp-block-image\">\n<figure class=\"aligncenter\"><a href=\"https:\/\/www.gamberetta.it\/\/2015\/11\/15\/la-salita-al-roque-nublo-unesperienza-unica-durante-il-gran-canaria-walking-festival\/20151108_161118\/\" rel=\"attachment wp-att-7020\"><img loading=\"lazy\" decoding=\"async\" width=\"768\" height=\"1024\" src=\"https:\/\/www.gamberetta.it\/wp-content\/uploads\/2015\/11\/20151108_161118.jpg\" alt=\"20151108_161118\" class=\"wp-image-7020\" srcset=\"https:\/\/www.gamberetta.it\/wp-content\/uploads\/2015\/11\/20151108_161118.jpg 768w, https:\/\/www.gamberetta.it\/wp-content\/uploads\/2015\/11\/20151108_161118-225x300.jpg 225w, https:\/\/www.gamberetta.it\/wp-content\/uploads\/2015\/11\/20151108_161118-740x987.jpg 740w\" sizes=\"(max-width: 768px) 100vw, 768px\" \/><\/a><\/figure><\/div>\n\n<div class=\"wp-block-image\">\n<figure class=\"aligncenter\"><a href=\"https:\/\/www.gamberetta.it\/\/2015\/11\/15\/la-salita-al-roque-nublo-unesperienza-unica-durante-il-gran-canaria-walking-festival\/20151108_161131\/\" rel=\"attachment wp-att-7021\"><img loading=\"lazy\" decoding=\"async\" width=\"1024\" height=\"768\" src=\"https:\/\/www.gamberetta.it\/wp-content\/uploads\/2015\/11\/20151108_161131.jpg\" alt=\"20151108_161131\" class=\"wp-image-7021\" srcset=\"https:\/\/www.gamberetta.it\/wp-content\/uploads\/2015\/11\/20151108_161131.jpg 1024w, https:\/\/www.gamberetta.it\/wp-content\/uploads\/2015\/11\/20151108_161131-300x225.jpg 300w, https:\/\/www.gamberetta.it\/wp-content\/uploads\/2015\/11\/20151108_161131-768x576.jpg 768w, https:\/\/www.gamberetta.it\/wp-content\/uploads\/2015\/11\/20151108_161131-740x555.jpg 740w\" sizes=\"(max-width: 1024px) 100vw, 1024px\" \/><\/a><\/figure><\/div>\n\n<div class=\"wp-block-image\">\n<figure class=\"aligncenter\"><a href=\"https:\/\/www.gamberetta.it\/\/2015\/11\/15\/la-salita-al-roque-nublo-unesperienza-unica-durante-il-gran-canaria-walking-festival\/20151108_162928\/\" rel=\"attachment wp-att-7022\"><img loading=\"lazy\" decoding=\"async\" width=\"768\" height=\"1024\" src=\"https:\/\/www.gamberetta.it\/wp-content\/uploads\/2015\/11\/20151108_162928.jpg\" alt=\"20151108_162928\" class=\"wp-image-7022\" srcset=\"https:\/\/www.gamberetta.it\/wp-content\/uploads\/2015\/11\/20151108_162928.jpg 768w, https:\/\/www.gamberetta.it\/wp-content\/uploads\/2015\/11\/20151108_162928-225x300.jpg 225w, https:\/\/www.gamberetta.it\/wp-content\/uploads\/2015\/11\/20151108_162928-740x987.jpg 740w\" sizes=\"(max-width: 768px) 100vw, 768px\" \/><\/a><\/figure><\/div>\n\n<div class=\"wp-block-image\">\n<figure class=\"aligncenter\"><a href=\"https:\/\/www.gamberetta.it\/\/2015\/11\/15\/la-salita-al-roque-nublo-unesperienza-unica-durante-il-gran-canaria-walking-festival\/20151108_162934\/\" rel=\"attachment wp-att-7023\"><img loading=\"lazy\" decoding=\"async\" width=\"1024\" height=\"768\" src=\"https:\/\/www.gamberetta.it\/wp-content\/uploads\/2015\/11\/20151108_162934.jpg\" alt=\"20151108_162934\" class=\"wp-image-7023\" srcset=\"https:\/\/www.gamberetta.it\/wp-content\/uploads\/2015\/11\/20151108_162934.jpg 1024w, https:\/\/www.gamberetta.it\/wp-content\/uploads\/2015\/11\/20151108_162934-300x225.jpg 300w, https:\/\/www.gamberetta.it\/wp-content\/uploads\/2015\/11\/20151108_162934-768x576.jpg 768w, https:\/\/www.gamberetta.it\/wp-content\/uploads\/2015\/11\/20151108_162934-740x555.jpg 740w\" sizes=\"(max-width: 1024px) 100vw, 1024px\" \/><\/a><\/figure><\/div>\n\n<div class=\"wp-block-image\">\n<figure class=\"aligncenter\"><a href=\"https:\/\/www.gamberetta.it\/\/2015\/11\/15\/la-salita-al-roque-nublo-unesperienza-unica-durante-il-gran-canaria-walking-festival\/20151108_162939\/\" rel=\"attachment wp-att-7024\"><img loading=\"lazy\" decoding=\"async\" width=\"1024\" height=\"768\" src=\"https:\/\/www.gamberetta.it\/wp-content\/uploads\/2015\/11\/20151108_162939.jpg\" alt=\"20151108_162939\" class=\"wp-image-7024\" srcset=\"https:\/\/www.gamberetta.it\/wp-content\/uploads\/2015\/11\/20151108_162939.jpg 1024w, https:\/\/www.gamberetta.it\/wp-content\/uploads\/2015\/11\/20151108_162939-300x225.jpg 300w, https:\/\/www.gamberetta.it\/wp-content\/uploads\/2015\/11\/20151108_162939-768x576.jpg 768w, https:\/\/www.gamberetta.it\/wp-content\/uploads\/2015\/11\/20151108_162939-740x555.jpg 740w\" sizes=\"(max-width: 1024px) 100vw, 1024px\" \/><\/a><\/figure><\/div>\n\n<div class=\"wp-block-image\">\n<figure class=\"aligncenter\"><a href=\"https:\/\/www.gamberetta.it\/\/2015\/11\/15\/la-salita-al-roque-nublo-unesperienza-unica-durante-il-gran-canaria-walking-festival\/20151108_163457\/\" rel=\"attachment wp-att-7025\"><img loading=\"lazy\" decoding=\"async\" width=\"768\" height=\"1024\" src=\"https:\/\/www.gamberetta.it\/wp-content\/uploads\/2015\/11\/20151108_163457.jpg\" alt=\"20151108_163457\" class=\"wp-image-7025\" srcset=\"https:\/\/www.gamberetta.it\/wp-content\/uploads\/2015\/11\/20151108_163457.jpg 768w, https:\/\/www.gamberetta.it\/wp-content\/uploads\/2015\/11\/20151108_163457-225x300.jpg 225w, https:\/\/www.gamberetta.it\/wp-content\/uploads\/2015\/11\/20151108_163457-740x987.jpg 740w\" sizes=\"(max-width: 768px) 100vw, 768px\" \/><\/a><\/figure><\/div>\n\n\n<p>     <\/p>\n\n\n\n<p><span style=\"color: #000000;\"><span style=\"font-family: Calibri, sans-serif;\"><span style=\"font-size: medium;\">La caraffa d&#8217;acqua che lasciano al nostro tavolo, il tavolo degli italiani (circondati da spagnoli e svedesi) rimane piena mentre dopo mezz&#8217;ora giacciono qui ben tre bottiglie vuote di rioja, il vino tinto del continente che \u00e8 proprio buono, come tutto del resto.<\/span><\/span><\/span><\/p>\n\n\n<div class=\"wp-block-image\">\n<figure class=\"aligncenter\"><a href=\"https:\/\/www.gamberetta.it\/\/2015\/11\/15\/la-salita-al-roque-nublo-unesperienza-unica-durante-il-gran-canaria-walking-festival\/20151108_164538\/\" rel=\"attachment wp-att-7026\"><img loading=\"lazy\" decoding=\"async\" width=\"1024\" height=\"768\" src=\"https:\/\/www.gamberetta.it\/wp-content\/uploads\/2015\/11\/20151108_164538.jpg\" alt=\"20151108_164538\" class=\"wp-image-7026\" srcset=\"https:\/\/www.gamberetta.it\/wp-content\/uploads\/2015\/11\/20151108_164538.jpg 1024w, https:\/\/www.gamberetta.it\/wp-content\/uploads\/2015\/11\/20151108_164538-300x225.jpg 300w, https:\/\/www.gamberetta.it\/wp-content\/uploads\/2015\/11\/20151108_164538-768x576.jpg 768w, https:\/\/www.gamberetta.it\/wp-content\/uploads\/2015\/11\/20151108_164538-740x555.jpg 740w\" sizes=\"(max-width: 1024px) 100vw, 1024px\" \/><\/a><\/figure><\/div>\n\n<div class=\"wp-block-image\">\n<figure class=\"aligncenter\"><a href=\"https:\/\/www.gamberetta.it\/\/2015\/11\/15\/la-salita-al-roque-nublo-unesperienza-unica-durante-il-gran-canaria-walking-festival\/20151108_164552\/\" rel=\"attachment wp-att-7027\"><img loading=\"lazy\" decoding=\"async\" width=\"1024\" height=\"768\" src=\"https:\/\/www.gamberetta.it\/wp-content\/uploads\/2015\/11\/20151108_164552.jpg\" alt=\"20151108_164552\" class=\"wp-image-7027\" srcset=\"https:\/\/www.gamberetta.it\/wp-content\/uploads\/2015\/11\/20151108_164552.jpg 1024w, https:\/\/www.gamberetta.it\/wp-content\/uploads\/2015\/11\/20151108_164552-300x225.jpg 300w, https:\/\/www.gamberetta.it\/wp-content\/uploads\/2015\/11\/20151108_164552-768x576.jpg 768w, https:\/\/www.gamberetta.it\/wp-content\/uploads\/2015\/11\/20151108_164552-740x555.jpg 740w\" sizes=\"(max-width: 1024px) 100vw, 1024px\" \/><\/a><\/figure><\/div>\n\n\n<p> <\/p>\n\n\n\n<p><span style=\"color: #000000;\"><span style=\"font-family: Calibri, sans-serif;\"><span style=\"font-size: medium;\">Gran Canaria Walking Festival finisce qui, con un discorso sentito che casomai ce ne fosse bisogno ci fa sentire parte di questa grande fantastica famiglia. La macchina per la quinta edizione \u00e8 gi\u00e0 al lavoro per pensare agli itinerari del 2016, sono una squadra fortissima, grazie infinite amici!<\/span><\/span><\/span><\/p>\n\n\n<div class=\"wp-block-image\">\n<figure class=\"aligncenter\"><a href=\"https:\/\/www.gamberetta.it\/\/2015\/11\/15\/la-salita-al-roque-nublo-unesperienza-unica-durante-il-gran-canaria-walking-festival\/20151108_172518\/\" rel=\"attachment wp-att-7029\"><img loading=\"lazy\" decoding=\"async\" width=\"1024\" height=\"768\" src=\"https:\/\/www.gamberetta.it\/wp-content\/uploads\/2015\/11\/20151108_172518.jpg\" alt=\"20151108_172518\" class=\"wp-image-7029\" srcset=\"https:\/\/www.gamberetta.it\/wp-content\/uploads\/2015\/11\/20151108_172518.jpg 1024w, https:\/\/www.gamberetta.it\/wp-content\/uploads\/2015\/11\/20151108_172518-300x225.jpg 300w, https:\/\/www.gamberetta.it\/wp-content\/uploads\/2015\/11\/20151108_172518-768x576.jpg 768w, https:\/\/www.gamberetta.it\/wp-content\/uploads\/2015\/11\/20151108_172518-740x555.jpg 740w\" sizes=\"(max-width: 1024px) 100vw, 1024px\" \/><\/a><\/figure><\/div>\n\n\n<h2 class=\"wp-block-heading\">Gli organizzatori del Gran Canaria Walking Festival<\/h2>\n\n\n\n<p><span style=\"color: #000000;\"><span style=\"font-family: Calibri, sans-serif;\"><span style=\"font-size: medium;\">Desidero infine parlare anche di loro, l&#8217;organizzazione del festival \u00e8 una macchina perfetta che ha abbinato il calore del sud (e qui siamo proprio a sud!) con l&#8217;ordine teutonico. Guardate le bellissime foto che ho scattato con loro domenica.<\/span><\/span><\/span><\/p>\n\n\n<div class=\"wp-block-image\">\n<figure class=\"aligncenter\"><a href=\"https:\/\/www.gamberetta.it\/\/2015\/11\/15\/la-salita-al-roque-nublo-unesperienza-unica-durante-il-gran-canaria-walking-festival\/20151108_155258\/\" rel=\"attachment wp-att-7015\"><img loading=\"lazy\" decoding=\"async\" width=\"1024\" height=\"768\" src=\"https:\/\/www.gamberetta.it\/wp-content\/uploads\/2015\/11\/20151108_155258.jpg\" alt=\"20151108_155258\" class=\"wp-image-7015\" srcset=\"https:\/\/www.gamberetta.it\/wp-content\/uploads\/2015\/11\/20151108_155258.jpg 1024w, https:\/\/www.gamberetta.it\/wp-content\/uploads\/2015\/11\/20151108_155258-300x225.jpg 300w, https:\/\/www.gamberetta.it\/wp-content\/uploads\/2015\/11\/20151108_155258-768x576.jpg 768w, https:\/\/www.gamberetta.it\/wp-content\/uploads\/2015\/11\/20151108_155258-740x555.jpg 740w\" sizes=\"(max-width: 1024px) 100vw, 1024px\" \/><\/a><\/figure><\/div>\n\n\n<p><\/p>\n\n\n\n<p><span style=\"color: #000000;\"><span style=\"font-family: Calibri, sans-serif;\"><span style=\"font-size: medium;\"> La parola chiave oltre a <a href=\"http:\/\/www.grancanariawalkingfestival.com\/en\/\">GC Walking Festival<\/a> \u00e8 <\/span><\/span><\/span><span style=\"color: #000000;\"><span style=\"font-family: Calibri, sans-serif;\"><span style=\"font-size: medium;\"><a href=\"http:\/\/www.grancanarianaturalandactive.com\/en\/\">GC Natural and Active<\/a><\/span><\/span><\/span><span style=\"color: #000000;\"><span style=\"font-family: Calibri, sans-serif;\"><span style=\"font-size: medium;\"> \u2013 portale che si occupa di turismo rurale e a contatto con la natura. Veronica, la gerente del Patronato de Turismo<\/span><\/span><\/span><span style=\"color: #000000;\"><span style=\"font-family: Calibri, sans-serif;\"><span style=\"font-size: medium;\"> de Gran Canaria<\/span><\/span><\/span><span style=\"color: #000000;\"><span style=\"font-family: Calibri, sans-serif;\"><span style=\"font-size: medium;\">, fa Aleman di cognome.<\/span><\/span><\/span><\/p>\n\n\n<div class=\"wp-block-image\">\n<figure class=\"aligncenter\"><a href=\"https:\/\/www.gamberetta.it\/\/2015\/11\/15\/la-salita-al-roque-nublo-unesperienza-unica-durante-il-gran-canaria-walking-festival\/20151108_111421\/\" rel=\"attachment wp-att-7001\"><img loading=\"lazy\" decoding=\"async\" width=\"1024\" height=\"768\" src=\"https:\/\/www.gamberetta.it\/wp-content\/uploads\/2015\/11\/20151108_111421.jpg\" alt=\"20151108_111421\" class=\"wp-image-7001\" srcset=\"https:\/\/www.gamberetta.it\/wp-content\/uploads\/2015\/11\/20151108_111421.jpg 1024w, https:\/\/www.gamberetta.it\/wp-content\/uploads\/2015\/11\/20151108_111421-300x225.jpg 300w, https:\/\/www.gamberetta.it\/wp-content\/uploads\/2015\/11\/20151108_111421-768x576.jpg 768w, https:\/\/www.gamberetta.it\/wp-content\/uploads\/2015\/11\/20151108_111421-740x555.jpg 740w\" sizes=\"(max-width: 1024px) 100vw, 1024px\" \/><\/a><\/figure><\/div>\n\n\n<p><\/p>\n\n\n\n<p><span style=\"color: #000000;\"><span style=\"font-family: Calibri, sans-serif;\"><span style=\"font-size: medium;\">Nomen omen e me ne accorgo lungo il cammino: controlla tutto, sorride e parla con tutti, anche in tedesco. Perfetta! I complimenti per il mio spagnolo fan piacere, abbiamo scambiato con il Patronato una fitta corrispondenza (appunto in spagnolo, solo senz&#8217;accenti) per avere il loro sostegno da qui e la collaborazione, condivisione, empatia di <\/span><\/span><\/span><span style=\"color: #000000;\"><span style=\"font-family: Calibri, sans-serif;\"><span style=\"font-size: medium;\"><a href=\"http:\/\/travelbloggeritalia.it\/\">AITB<\/a><\/span><\/span><\/span><span style=\"color: #000000;\"><span style=\"font-family: Calibri, sans-serif;\"><span style=\"font-size: medium;\"> in Italia, la nostra bellissima squadra di blogger di viaggio. Engagement allo stato puro. Tutto \u00e8 stato cos\u00ec perfetto, prima durante e dopo, che spero di collaborare ancora in futuro con enti come questo, ne vale sicuramente la pena. Eventi diversi si svolgono alle Canarie in tutto l&#8217;arco dell&#8217;anno, dalle processioni al Carnevale ad altri momenti di divertimento collettivo. Desidero visitare <\/span><\/span><\/span><span style=\"color: #000000;\"><span style=\"font-family: Calibri, sans-serif;\"><span style=\"font-size: medium;\"><b>Tenerife<\/b><\/span><\/span><\/span><span style=\"color: #000000;\"><span style=\"font-family: Calibri, sans-serif;\"><span style=\"font-size: medium;\"> innanzi tutto, conoscere vigneti e vini a <\/span><\/span><\/span><span style=\"color: #000000;\"><span style=\"font-family: Calibri, sans-serif;\"><span style=\"font-size: medium;\"><b>Lanzarote<\/b><\/span><\/span><\/span><span style=\"color: #000000;\"><span style=\"font-family: Calibri, sans-serif;\"><span style=\"font-size: medium;\">, camminare nelle selvagge <\/span><\/span><\/span><span style=\"color: #000000;\"><span style=\"font-family: Calibri, sans-serif;\"><span style=\"font-size: medium;\"><b>Gomera<\/b><\/span><\/span><\/span><span style=\"color: #000000;\"><span style=\"font-family: Calibri, sans-serif;\"><span style=\"font-size: medium;\"> ed <\/span><\/span><\/span><span style=\"color: #000000;\"><span style=\"font-family: Calibri, sans-serif;\"><span style=\"font-size: medium;\"><b>El Hierro<\/b><\/span><\/span><\/span><span style=\"color: #000000;\"><span style=\"font-family: Calibri, sans-serif;\"><span style=\"font-size: medium;\">. E rilassarmi in spiaggia a <\/span><\/span><\/span><span style=\"color: #000000;\"><span style=\"font-family: Calibri, sans-serif;\"><span style=\"font-size: medium;\"><b>Fuerteventura<\/b><\/span><\/span><\/span><span style=\"color: #000000;\"><span style=\"font-family: Calibri, sans-serif;\"><span style=\"font-size: medium;\">, ce la far\u00f2 a rilassarmi? Cosa manca? <\/span><\/span><\/span><span style=\"color: #000000;\"><span style=\"font-family: Calibri, sans-serif;\"><span style=\"font-size: medium;\"><b>Never stop exploring<\/b><\/span><\/span><\/span><span style=\"color: #000000;\"><span style=\"font-family: Calibri, sans-serif;\"><span style=\"font-size: medium;\"> penso, il claim di North Face \u00e8 proprio la sintesi del mio modo di viaggiare. Anche oggi che mentre scrivo contiamo i morti di Parigi e speriamo che il buonsenso abbia il sopravvento sui venti di guerra.<\/span><\/span><\/span><\/p>\n\n\n\n<p>Ti \u00e8 piaciuto questo post su <strong>Gran Canaria<\/strong>? Allora leggi anche gli altri, li trovi qui:<\/p>\n\n\n\n<figure class=\"wp-block-embed is-type-wp-embed is-provider-gamberetta wp-block-embed-gamberetta\"><div class=\"wp-block-embed__wrapper\">\n<blockquote class=\"wp-embedded-content\" data-secret=\"pDzpvHN28S\"><a href=\"https:\/\/www.gamberetta.it\/it\/reportag\/italia-europa\/grancanariabreak-un-weekend-lungo-nel-continente-in-miniatura\/\">GranCanariaBreak un weekend lungo nel continente in miniatura<\/a><\/blockquote><iframe loading=\"lazy\" class=\"wp-embedded-content\" sandbox=\"allow-scripts\" security=\"restricted\" style=\"position: absolute; clip: rect(1px, 1px, 1px, 1px);\" title=\"&#8220;GranCanariaBreak un weekend lungo nel continente in miniatura&#8221; &#8212; Gamberetta\" src=\"https:\/\/www.gamberetta.it\/it\/reportag\/italia-europa\/grancanariabreak-un-weekend-lungo-nel-continente-in-miniatura\/embed\/#?secret=z2v5AUHnnd#?secret=pDzpvHN28S\" data-secret=\"pDzpvHN28S\" width=\"600\" height=\"338\" frameborder=\"0\" marginwidth=\"0\" marginheight=\"0\" scrolling=\"no\"><\/iframe>\n<\/div><\/figure>\n","protected":false},"excerpt":{"rendered":"<p>La quarte edizione del Gran Canaria Walking Festival si \u00e8 conclusa domenica scorsa con la salita al Roque Nublo, montagna collocata al centro dell&#8217;isola a oltre 1.700 metri slm. Io c&#8217;ero, nell&#8217;ultimo giorno dedicato alla Ruta de la Cumbre dopo tre giorni chiamati con nomi altrettanto significativi: Ruta del agua y del vino, Ruta del &hellip; <a class=\"more-link\" href=\"https:\/\/www.gamberetta.it\/it\/2015\/11\/15\/la-salita-al-roque-nublo-unesperienza-unica-durante-il-gran-canaria-walking-festival\/\">Leggi tutto<i class=\"ion-ios-arrow-thin-right\"><\/i><\/a><\/p>\n","protected":false},"author":2,"featured_media":7000,"comment_status":"open","ping_status":"closed","sticky":false,"template":"","format":"standard","meta":{"footnotes":""},"categories":[68,33,34],"tags":[1690,1691,1692,1693,1694,1695,1696,1697,1698,1699,1700,1701,1702,1703,1704,1705,1706,1707,1708,1709,1710],"class_list":["post-6997","post","type-post","status-publish","format-standard","has-post-thumbnail","hentry","category-food-wine","category-travelling","category-viaggi-italia-europa","tag-campamento-garanon","tag-el-hierro","tag-fuerteventura","tag-gomera","tag-gran-canaria","tag-gran-canaria-natural-and-active","tag-gran-canaria-walking-festival","tag-la-palma","tag-lanzarote","tag-patronato-de-turismo-de-gran-canaria","tag-pico-de-las-nieves","tag-pino-canario","tag-pinus-canariensis","tag-presa-de-soria","tag-presa-del-horno","tag-roque-nublo","tag-ruta-astronomica","tag-ruta-de-la-cumbre","tag-ruta-del-agua-y-del-vino","tag-ruta-del-queso","tag-vulcano-teide"],"yoast_head":"<!-- This site is optimized with the Yoast SEO plugin v23.5 - https:\/\/yoast.com\/wordpress\/plugins\/seo\/ -->\n<title>LA SALITA AL ROQUE NUBLO, UN&#039;ESPERIENZA UNICA DURANTE IL GRAN CANARIA WALKING FESTIVAL - Gamberetta<\/title>\n<meta name=\"robots\" content=\"index, follow, max-snippet:-1, max-image-preview:large, max-video-preview:-1\" \/>\n<link rel=\"canonical\" href=\"https:\/\/www.gamberetta.it\/it\/2015\/11\/15\/la-salita-al-roque-nublo-unesperienza-unica-durante-il-gran-canaria-walking-festival\/\" \/>\n<meta property=\"og:locale\" content=\"it_IT\" \/>\n<meta property=\"og:type\" content=\"article\" \/>\n<meta property=\"og:title\" content=\"LA SALITA AL ROQUE NUBLO, UN&#039;ESPERIENZA UNICA DURANTE IL GRAN CANARIA WALKING FESTIVAL - Gamberetta\" \/>\n<meta property=\"og:description\" content=\"La quarte edizione del Gran Canaria Walking Festival si \u00e8 conclusa domenica scorsa con la salita al Roque Nublo, montagna collocata al centro dell&#8217;isola a oltre 1.700 metri slm. Io c&#8217;ero, nell&#8217;ultimo giorno dedicato alla Ruta de la Cumbre dopo tre giorni chiamati con nomi altrettanto significativi: Ruta del agua y del vino, Ruta del &hellip; Leggi tutto\" \/>\n<meta property=\"og:url\" content=\"https:\/\/www.gamberetta.it\/it\/2015\/11\/15\/la-salita-al-roque-nublo-unesperienza-unica-durante-il-gran-canaria-walking-festival\/\" \/>\n<meta property=\"og:site_name\" content=\"Gamberetta\" \/>\n<meta property=\"article:publisher\" content=\"https:\/\/www.facebook.com\/Gamberettatravelblog\" \/>\n<meta property=\"article:published_time\" content=\"2015-11-15T15:07:55+00:00\" \/>\n<meta property=\"article:modified_time\" content=\"2023-11-26T11:32:53+00:00\" \/>\n<meta property=\"og:image\" content=\"https:\/\/www.gamberetta.it\/wp-content\/uploads\/2015\/11\/20151108_105928.jpg\" \/>\n\t<meta property=\"og:image:width\" content=\"1024\" \/>\n\t<meta property=\"og:image:height\" content=\"768\" \/>\n\t<meta property=\"og:image:type\" content=\"image\/jpeg\" \/>\n<meta name=\"author\" content=\"gamberetta\" \/>\n<meta name=\"twitter:card\" content=\"summary_large_image\" \/>\n<meta name=\"twitter:creator\" content=\"@robertazennaro\" \/>\n<meta name=\"twitter:site\" content=\"@robertazennaro\" \/>\n<meta name=\"twitter:label1\" content=\"Scritto da\" \/>\n\t<meta name=\"twitter:data1\" content=\"gamberetta\" \/>\n\t<meta name=\"twitter:label2\" content=\"Tempo di lettura stimato\" \/>\n\t<meta name=\"twitter:data2\" content=\"8 minuti\" \/>\n<script type=\"application\/ld+json\" class=\"yoast-schema-graph\">{\"@context\":\"https:\/\/schema.org\",\"@graph\":[{\"@type\":\"WebPage\",\"@id\":\"https:\/\/www.gamberetta.it\/it\/2015\/11\/15\/la-salita-al-roque-nublo-unesperienza-unica-durante-il-gran-canaria-walking-festival\/\",\"url\":\"https:\/\/www.gamberetta.it\/it\/2015\/11\/15\/la-salita-al-roque-nublo-unesperienza-unica-durante-il-gran-canaria-walking-festival\/\",\"name\":\"LA SALITA AL ROQUE NUBLO, UN'ESPERIENZA UNICA DURANTE IL GRAN CANARIA WALKING FESTIVAL - Gamberetta\",\"isPartOf\":{\"@id\":\"https:\/\/www.gamberetta.it\/it\/#website\"},\"primaryImageOfPage\":{\"@id\":\"https:\/\/www.gamberetta.it\/it\/2015\/11\/15\/la-salita-al-roque-nublo-unesperienza-unica-durante-il-gran-canaria-walking-festival\/#primaryimage\"},\"image\":{\"@id\":\"https:\/\/www.gamberetta.it\/it\/2015\/11\/15\/la-salita-al-roque-nublo-unesperienza-unica-durante-il-gran-canaria-walking-festival\/#primaryimage\"},\"thumbnailUrl\":\"https:\/\/www.gamberetta.it\/wp-content\/uploads\/2015\/11\/20151108_105928.jpg\",\"datePublished\":\"2015-11-15T15:07:55+00:00\",\"dateModified\":\"2023-11-26T11:32:53+00:00\",\"author\":{\"@id\":\"https:\/\/www.gamberetta.it\/it\/#\/schema\/person\/7a4a919927c944edb5f3f9c665590124\"},\"breadcrumb\":{\"@id\":\"https:\/\/www.gamberetta.it\/it\/2015\/11\/15\/la-salita-al-roque-nublo-unesperienza-unica-durante-il-gran-canaria-walking-festival\/#breadcrumb\"},\"inLanguage\":\"it-IT\",\"potentialAction\":[{\"@type\":\"ReadAction\",\"target\":[\"https:\/\/www.gamberetta.it\/it\/2015\/11\/15\/la-salita-al-roque-nublo-unesperienza-unica-durante-il-gran-canaria-walking-festival\/\"]}]},{\"@type\":\"ImageObject\",\"inLanguage\":\"it-IT\",\"@id\":\"https:\/\/www.gamberetta.it\/it\/2015\/11\/15\/la-salita-al-roque-nublo-unesperienza-unica-durante-il-gran-canaria-walking-festival\/#primaryimage\",\"url\":\"https:\/\/www.gamberetta.it\/wp-content\/uploads\/2015\/11\/20151108_105928.jpg\",\"contentUrl\":\"https:\/\/www.gamberetta.it\/wp-content\/uploads\/2015\/11\/20151108_105928.jpg\",\"width\":1024,\"height\":768},{\"@type\":\"BreadcrumbList\",\"@id\":\"https:\/\/www.gamberetta.it\/it\/2015\/11\/15\/la-salita-al-roque-nublo-unesperienza-unica-durante-il-gran-canaria-walking-festival\/#breadcrumb\",\"itemListElement\":[{\"@type\":\"ListItem\",\"position\":1,\"name\":\"Home\",\"item\":\"https:\/\/www.gamberetta.it\/it\/\"},{\"@type\":\"ListItem\",\"position\":2,\"name\":\"LA SALITA AL ROQUE NUBLO, UN&#8217;ESPERIENZA UNICA DURANTE IL GRAN CANARIA WALKING FESTIVAL\"}]},{\"@type\":\"WebSite\",\"@id\":\"https:\/\/www.gamberetta.it\/it\/#website\",\"url\":\"https:\/\/www.gamberetta.it\/it\/\",\"name\":\"Gamberetta\",\"description\":\"Il mio blog senza fronzoli: pensieri e parole, sempre e ovunque in viaggio\",\"potentialAction\":[{\"@type\":\"SearchAction\",\"target\":{\"@type\":\"EntryPoint\",\"urlTemplate\":\"https:\/\/www.gamberetta.it\/it\/?s={search_term_string}\"},\"query-input\":{\"@type\":\"PropertyValueSpecification\",\"valueRequired\":true,\"valueName\":\"search_term_string\"}}],\"inLanguage\":\"it-IT\"},{\"@type\":\"Person\",\"@id\":\"https:\/\/www.gamberetta.it\/it\/#\/schema\/person\/7a4a919927c944edb5f3f9c665590124\",\"name\":\"gamberetta\",\"image\":{\"@type\":\"ImageObject\",\"inLanguage\":\"it-IT\",\"@id\":\"https:\/\/www.gamberetta.it\/it\/#\/schema\/person\/image\/\",\"url\":\"https:\/\/secure.gravatar.com\/avatar\/7ef5d82656b8958070b4f589b7ae1784?s=96&d=mm&r=g\",\"contentUrl\":\"https:\/\/secure.gravatar.com\/avatar\/7ef5d82656b8958070b4f589b7ae1784?s=96&d=mm&r=g\",\"caption\":\"gamberetta\"},\"description\":\"Sono Toro ascendente Scorpione, terra di contrasti dove ora prevale una met\u00e0, ora l\u2019altra. L\u2019infanzia in Veneto e gli ultimi anni passati a Milano hanno sviluppato in me una serie ulteriore di conflitti. Scrivo da sempre, la scrittura \u00e8 la migliore forma espressiva che mi consente di fissare concetti altrimenti sospesi nell\u2019aria. Da bambina scrivevo poesie con uno stile quasi leopardiano poi sono passata ai diari di viaggio dalla prima volta in USA nel 1998 e non ho pi\u00f9 smesso...\",\"url\":\"https:\/\/www.gamberetta.it\/it\/author\/gamberettarossa\/\"}]}<\/script>\n<!-- \/ Yoast SEO plugin. -->","yoast_head_json":{"title":"LA SALITA AL ROQUE NUBLO, UN'ESPERIENZA UNICA DURANTE IL GRAN CANARIA WALKING FESTIVAL - Gamberetta","robots":{"index":"index","follow":"follow","max-snippet":"max-snippet:-1","max-image-preview":"max-image-preview:large","max-video-preview":"max-video-preview:-1"},"canonical":"https:\/\/www.gamberetta.it\/it\/2015\/11\/15\/la-salita-al-roque-nublo-unesperienza-unica-durante-il-gran-canaria-walking-festival\/","og_locale":"it_IT","og_type":"article","og_title":"LA SALITA AL ROQUE NUBLO, UN'ESPERIENZA UNICA DURANTE IL GRAN CANARIA WALKING FESTIVAL - Gamberetta","og_description":"La quarte edizione del Gran Canaria Walking Festival si \u00e8 conclusa domenica scorsa con la salita al Roque Nublo, montagna collocata al centro dell&#8217;isola a oltre 1.700 metri slm. Io c&#8217;ero, nell&#8217;ultimo giorno dedicato alla Ruta de la Cumbre dopo tre giorni chiamati con nomi altrettanto significativi: Ruta del agua y del vino, Ruta del &hellip; Leggi tutto","og_url":"https:\/\/www.gamberetta.it\/it\/2015\/11\/15\/la-salita-al-roque-nublo-unesperienza-unica-durante-il-gran-canaria-walking-festival\/","og_site_name":"Gamberetta","article_publisher":"https:\/\/www.facebook.com\/Gamberettatravelblog","article_published_time":"2015-11-15T15:07:55+00:00","article_modified_time":"2023-11-26T11:32:53+00:00","og_image":[{"width":1024,"height":768,"url":"https:\/\/www.gamberetta.it\/wp-content\/uploads\/2015\/11\/20151108_105928.jpg","type":"image\/jpeg"}],"author":"gamberetta","twitter_card":"summary_large_image","twitter_creator":"@robertazennaro","twitter_site":"@robertazennaro","twitter_misc":{"Scritto da":"gamberetta","Tempo di lettura stimato":"8 minuti"},"schema":{"@context":"https:\/\/schema.org","@graph":[{"@type":"WebPage","@id":"https:\/\/www.gamberetta.it\/it\/2015\/11\/15\/la-salita-al-roque-nublo-unesperienza-unica-durante-il-gran-canaria-walking-festival\/","url":"https:\/\/www.gamberetta.it\/it\/2015\/11\/15\/la-salita-al-roque-nublo-unesperienza-unica-durante-il-gran-canaria-walking-festival\/","name":"LA SALITA AL ROQUE NUBLO, UN'ESPERIENZA UNICA DURANTE IL GRAN CANARIA WALKING FESTIVAL - Gamberetta","isPartOf":{"@id":"https:\/\/www.gamberetta.it\/it\/#website"},"primaryImageOfPage":{"@id":"https:\/\/www.gamberetta.it\/it\/2015\/11\/15\/la-salita-al-roque-nublo-unesperienza-unica-durante-il-gran-canaria-walking-festival\/#primaryimage"},"image":{"@id":"https:\/\/www.gamberetta.it\/it\/2015\/11\/15\/la-salita-al-roque-nublo-unesperienza-unica-durante-il-gran-canaria-walking-festival\/#primaryimage"},"thumbnailUrl":"https:\/\/www.gamberetta.it\/wp-content\/uploads\/2015\/11\/20151108_105928.jpg","datePublished":"2015-11-15T15:07:55+00:00","dateModified":"2023-11-26T11:32:53+00:00","author":{"@id":"https:\/\/www.gamberetta.it\/it\/#\/schema\/person\/7a4a919927c944edb5f3f9c665590124"},"breadcrumb":{"@id":"https:\/\/www.gamberetta.it\/it\/2015\/11\/15\/la-salita-al-roque-nublo-unesperienza-unica-durante-il-gran-canaria-walking-festival\/#breadcrumb"},"inLanguage":"it-IT","potentialAction":[{"@type":"ReadAction","target":["https:\/\/www.gamberetta.it\/it\/2015\/11\/15\/la-salita-al-roque-nublo-unesperienza-unica-durante-il-gran-canaria-walking-festival\/"]}]},{"@type":"ImageObject","inLanguage":"it-IT","@id":"https:\/\/www.gamberetta.it\/it\/2015\/11\/15\/la-salita-al-roque-nublo-unesperienza-unica-durante-il-gran-canaria-walking-festival\/#primaryimage","url":"https:\/\/www.gamberetta.it\/wp-content\/uploads\/2015\/11\/20151108_105928.jpg","contentUrl":"https:\/\/www.gamberetta.it\/wp-content\/uploads\/2015\/11\/20151108_105928.jpg","width":1024,"height":768},{"@type":"BreadcrumbList","@id":"https:\/\/www.gamberetta.it\/it\/2015\/11\/15\/la-salita-al-roque-nublo-unesperienza-unica-durante-il-gran-canaria-walking-festival\/#breadcrumb","itemListElement":[{"@type":"ListItem","position":1,"name":"Home","item":"https:\/\/www.gamberetta.it\/it\/"},{"@type":"ListItem","position":2,"name":"LA SALITA AL ROQUE NUBLO, UN&#8217;ESPERIENZA UNICA DURANTE IL GRAN CANARIA WALKING FESTIVAL"}]},{"@type":"WebSite","@id":"https:\/\/www.gamberetta.it\/it\/#website","url":"https:\/\/www.gamberetta.it\/it\/","name":"Gamberetta","description":"Il mio blog senza fronzoli: pensieri e parole, sempre e ovunque in viaggio","potentialAction":[{"@type":"SearchAction","target":{"@type":"EntryPoint","urlTemplate":"https:\/\/www.gamberetta.it\/it\/?s={search_term_string}"},"query-input":{"@type":"PropertyValueSpecification","valueRequired":true,"valueName":"search_term_string"}}],"inLanguage":"it-IT"},{"@type":"Person","@id":"https:\/\/www.gamberetta.it\/it\/#\/schema\/person\/7a4a919927c944edb5f3f9c665590124","name":"gamberetta","image":{"@type":"ImageObject","inLanguage":"it-IT","@id":"https:\/\/www.gamberetta.it\/it\/#\/schema\/person\/image\/","url":"https:\/\/secure.gravatar.com\/avatar\/7ef5d82656b8958070b4f589b7ae1784?s=96&d=mm&r=g","contentUrl":"https:\/\/secure.gravatar.com\/avatar\/7ef5d82656b8958070b4f589b7ae1784?s=96&d=mm&r=g","caption":"gamberetta"},"description":"Sono Toro ascendente Scorpione, terra di contrasti dove ora prevale una met\u00e0, ora l\u2019altra. L\u2019infanzia in Veneto e gli ultimi anni passati a Milano hanno sviluppato in me una serie ulteriore di conflitti. Scrivo da sempre, la scrittura \u00e8 la migliore forma espressiva che mi consente di fissare concetti altrimenti sospesi nell\u2019aria. Da bambina scrivevo poesie con uno stile quasi leopardiano poi sono passata ai diari di viaggio dalla prima volta in USA nel 1998 e non ho pi\u00f9 smesso...","url":"https:\/\/www.gamberetta.it\/it\/author\/gamberettarossa\/"}]}},"_links":{"self":[{"href":"https:\/\/www.gamberetta.it\/it\/wp-json\/wp\/v2\/posts\/6997"}],"collection":[{"href":"https:\/\/www.gamberetta.it\/it\/wp-json\/wp\/v2\/posts"}],"about":[{"href":"https:\/\/www.gamberetta.it\/it\/wp-json\/wp\/v2\/types\/post"}],"author":[{"embeddable":true,"href":"https:\/\/www.gamberetta.it\/it\/wp-json\/wp\/v2\/users\/2"}],"replies":[{"embeddable":true,"href":"https:\/\/www.gamberetta.it\/it\/wp-json\/wp\/v2\/comments?post=6997"}],"version-history":[{"count":2,"href":"https:\/\/www.gamberetta.it\/it\/wp-json\/wp\/v2\/posts\/6997\/revisions"}],"predecessor-version":[{"id":21503,"href":"https:\/\/www.gamberetta.it\/it\/wp-json\/wp\/v2\/posts\/6997\/revisions\/21503"}],"wp:featuredmedia":[{"embeddable":true,"href":"https:\/\/www.gamberetta.it\/it\/wp-json\/wp\/v2\/media\/7000"}],"wp:attachment":[{"href":"https:\/\/www.gamberetta.it\/it\/wp-json\/wp\/v2\/media?parent=6997"}],"wp:term":[{"taxonomy":"category","embeddable":true,"href":"https:\/\/www.gamberetta.it\/it\/wp-json\/wp\/v2\/categories?post=6997"},{"taxonomy":"post_tag","embeddable":true,"href":"https:\/\/www.gamberetta.it\/it\/wp-json\/wp\/v2\/tags?post=6997"}],"curies":[{"name":"wp","href":"https:\/\/api.w.org\/{rel}","templated":true}]}}