{"id":7217,"date":"2016-04-28T17:08:05","date_gmt":"2016-04-28T17:08:05","guid":{"rendered":"https:\/\/www.gamberetta.it\/?p=7217"},"modified":"2022-10-29T15:35:20","modified_gmt":"2022-10-29T13:35:20","slug":"da-bir-ali-a-sayun-passando-per-sif-e-shibam-due-citta-simbolo-dello-yemen-del-sud-martedi-26-settembre-2006","status":"publish","type":"post","link":"https:\/\/www.gamberetta.it\/it\/2016\/04\/28\/da-bir-ali-a-sayun-passando-per-sif-e-shibam-due-citta-simbolo-dello-yemen-del-sud-martedi-26-settembre-2006\/","title":{"rendered":"Da Bir Ali a Sayun passando per Sif e Shibam, due citt\u00e0 simbolo dello Yemen del sud"},"content":{"rendered":"\n<p><i><span style=\"font-family: Calibri, sans-serif;\"><span style=\"font-size: medium;\">Questo \u00e8 un post lungo e difficile che ho scritto di getto al mio ritorno. Pi\u00f9 di altri post descrive lo Yemen com&#8217;era nel 2006, e in parte preannuncia quello che sarebbe diventato: una polveriera pronta ad esplodere. <\/span><\/span><\/i><\/p>\n\n\n\n<p><span style=\"font-family: Calibri, sans-serif;\"><span style=\"font-size: medium;\">Sveglia all\u2019alba e, dopo un saluto ai delfini, facciamo ancora colazione in spiaggia e presto partiamo. Il capo del villaggio di <strong>Bir Ali<\/strong> mi ha dato l\u2019opportunit\u00e0 di conoscere lo speciale punto di vista di un uomo d\u2019affari a cui oggi, visto in shorts e ciabatte, non si darebbe due soldi. Invece lui, il capo, ne ha fatte di cose: dopo gli studi in patria e in Gran Bretagna, che gli hanno lasciato uno splendido accento british, si trasfer\u00ec per lavoro a Jeddah in Arabia Saudita e, a quanto dice, maneggiava un bel po\u2019 di soldi. Nel 1990, mentre i suoi connnazionali brindavano all\u2019unificazione, fu costretto dal governo saudita a rientrare in patria, assieme ad altri due milioni di yemeniti. Il re saudita temeva la loro presenza e le possibili interferenze, economiche e non solo. Immagino che fosse difficile fare affari in un Paese arretrato economicamente e isolato politicamente, come era allora lo Yemen, cos\u00ec il capo si \u00e8 pian piano ritirato per valutare nuove possibilit\u00e0 di business. Ha rilevato la concessione della spiaggia dove l\u2019abbiamo conosciuto e vi ha ospitato migliaia di \u201ceco turisti\u201d da tutto il mondo mentre riprendeva i suoi contatti per non meglio specificati \u201cnuovi investimenti\u201d tuttora in corso. Nel 2001 ha ospitato un\u2019imprenditrice francese, titolare di tale marchio \u201cAbyss\u201d cio\u00e8 abissi, gi\u00e0 attivo in Thailandia, Gibuti e altri quattro resort eco turistici in giro per il mondo. I due hanno valutato il potenziale del piccolo paradiso di Bir Ali e si sono salutati con una stretta di mano e l\u2019accordo di valutare lo sviluppo della zona prima di fare il grande passo. Poi c\u2019\u00e8 stato l\u201911 settembre e poco dopo la signora francese ha scritto una lettera in cui lamentava di non voler pi\u00f9 iniziare questa avventura, con i venti di guerra che spiravano sul Medio Oriente. E le cose si sono fermate, inabissate in un sentimento d&#8217;impotenza che anche nel 2006 serpeggia tra gli operatori turistici vittime, assieme ai cittadini, di un governo corrotto incapace di migliorare le condizioni di vita di tutti. Per questo essi alzano la voce con disordini e rapimenti, per farsi sentire, ma spesso non ottengono un bel niente. Evidentemente gli yemeniti sono un crogiolo di genti diverse, tutte fiere e buone, che dovrebbe essere condotto per mano a migliorare le proprie condizioni di vita prospettando uno sviluppo graduale a beneficio di tutta la popolazione. Ma finch\u00e9 verranno attuate politiche repressive, con grandi opere edilizie e stradali saldamente in mano ad aziende cinesi, per gli yemeniti resteranno le briciole degli affari e ben pochi miglioramenti. Se il presidente Ali Saleh regnava gi\u00e0 nel lontano 1988 in una parte del Paese e siede ancora sul suo trono, ora rieletto con l\u201980% dei suffragi, \u00e8 difficile credere alla trasparenza del voto e del governo. E per giunta \u201cin Occidente\u201d dove noi abitiamo le uniche notizie che arrivano dallo Yemen parlano dei disordini e dei rapimenti, cos\u00ec la fama di questa terra splendida \u00e8 tutta negativa.<\/span><\/span><\/p>\n\n\n\n<div class=\"wp-block-image\"><figure class=\"aligncenter\"><a href=\"https:\/\/www.gamberetta.it\/\/2016\/04\/28\/da-bir-ali-a-sayun-passando-per-sif-e-shibam-due-citta-simbolo-dello-yemen-del-sud-martedi-26-settembre-2006\/img1089-sif\/\" rel=\" rel=&quot;attachment wp-att-7220&quot;\"><img loading=\"lazy\" decoding=\"async\" width=\"640\" height=\"480\" src=\"https:\/\/www.gamberetta.it\/wp-content\/uploads\/2015\/12\/img1089-sif.jpg\" alt=\"Img1089 SIF\" class=\"wp-image-7220\" srcset=\"https:\/\/www.gamberetta.it\/wp-content\/uploads\/2015\/12\/img1089-sif.jpg 640w, https:\/\/www.gamberetta.it\/wp-content\/uploads\/2015\/12\/img1089-sif-300x225.jpg 300w\" sizes=\"(max-width: 640px) 100vw, 640px\" \/><\/a><\/figure><\/div>\n\n\n\n<p><span style=\"font-family: Calibri, sans-serif;\"><span style=\"font-size: medium;\">Lungo la bellissima costa molti hanno posato l\u2019occhio, ma nessuno osa investire per l\u2019incertezza politica di questa zona. Raggiungiamo presto <\/span><\/span><span style=\"font-family: Calibri, sans-serif;\"><span style=\"font-size: medium;\"><b>Al Mukalla<\/b><\/span><\/span><span style=\"font-family: Calibri, sans-serif;\"><span style=\"font-size: medium;\"> attraverso una comoda strada a quattro corsie, pure qui ci sarebbe da visitare un bel porto, il centro storico e la casa sulla roccia, ma proseguiamo all\u2019interno dove il paesaggio si fa aspro e prelude agli wadi di cui \u00e8 costellato il nordest dello Yemen. Le tappe sono: <\/span><\/span><span style=\"font-family: Calibri, sans-serif;\"><span style=\"font-size: medium;\"><b>Wadi Dawan<\/b><\/span><\/span><span style=\"font-family: Calibri, sans-serif;\"><span style=\"font-size: medium;\"> dove monti alti si stagliano al di sopra di un palmeto verdissimo, <\/span><\/span><span style=\"font-family: Calibri, sans-serif;\"><span style=\"font-size: medium;\"><b>Sif<\/b><\/span><\/span><span style=\"font-family: Calibri, sans-serif;\"><span style=\"font-size: medium;\"> con alte case in adobe, ricche porte in argento battuto e alcuni edifici in colori sgargianti tra cui la casa natale di Bin Laden&#8230; <\/span><\/span><a href=\"https:\/\/www.gamberetta.it\/\/2016\/03\/29\/da-aden-a-bir-ali-e-finalmente-un-po-di-relax-domenica-24-e-lunedi-25-settembre-2006\/img1029-habban\/\" rel=\" rel=&quot;attachment wp-att-7214&quot;\"><br><\/a> <\/p>\n\n\n\n<p><span style=\"font-family: Calibri, sans-serif;\"><span style=\"font-size: medium;\"><b>Al Hajjarayn<\/b><\/span><\/span><span style=\"font-family: Calibri, sans-serif;\"><span style=\"font-size: medium;\"> la patria \u201cdel migliore miele del mondo\u201d, <\/span><\/span><span style=\"font-family: Calibri, sans-serif;\"><span style=\"font-size: medium;\"><b>Al Mashad<\/b><\/span><\/span><span style=\"font-family: Calibri, sans-serif;\"><span style=\"font-size: medium;\"> con una moschea antica dalle cupole caratteristiche. A met\u00e0 pomeriggio visitiamo la stupenda <\/span><\/span><span style=\"font-family: Calibri, sans-serif;\"><span style=\"font-size: medium;\"><b>Shibam<\/b><\/span><\/span><span style=\"font-family: Calibri, sans-serif;\"><span style=\"font-size: medium;\">, citt\u00e0 che in mezzo chilometro quadro di grattacieli cinquecenteschi condensa il desiderio antico di abitare e fare affari nel caldo ma ricco wadi, tanto da essere chiamata la Manhattan (o la Chicago) del deserto. <\/span><\/span><\/p>\n\n\n\n<div class=\"wp-block-image\"><figure class=\"aligncenter\"><a href=\"https:\/\/www.gamberetta.it\/\/2016\/04\/28\/da-bir-ali-a-sayun-passando-per-sif-e-shibam-due-citta-simbolo-dello-yemen-del-sud-martedi-26-settembre-2006\/yemen-014\/\" rel=\" rel=&quot;attachment wp-att-7221&quot;\"><img loading=\"lazy\" decoding=\"async\" width=\"800\" height=\"533\" src=\"https:\/\/www.gamberetta.it\/wp-content\/uploads\/2015\/12\/yemen-014.jpg\" alt=\"yemen-014\" class=\"wp-image-7221\" srcset=\"https:\/\/www.gamberetta.it\/wp-content\/uploads\/2015\/12\/yemen-014.jpg 800w, https:\/\/www.gamberetta.it\/wp-content\/uploads\/2015\/12\/yemen-014-300x200.jpg 300w, https:\/\/www.gamberetta.it\/wp-content\/uploads\/2015\/12\/yemen-014-768x512.jpg 768w, https:\/\/www.gamberetta.it\/wp-content\/uploads\/2015\/12\/yemen-014-740x493.jpg 740w\" sizes=\"(max-width: 800px) 100vw, 800px\" \/><\/a><\/figure><\/div>\n\n\n\n<div class=\"wp-block-image\"><figure class=\"aligncenter\"><a href=\"https:\/\/www.gamberetta.it\/\/2016\/04\/28\/da-bir-ali-a-sayun-passando-per-sif-e-shibam-due-citta-simbolo-dello-yemen-del-sud-martedi-26-settembre-2006\/yemen-015\/\" rel=\" rel=&quot;attachment wp-att-7222&quot;\"><img loading=\"lazy\" decoding=\"async\" width=\"800\" height=\"533\" src=\"https:\/\/www.gamberetta.it\/wp-content\/uploads\/2015\/12\/yemen-015.jpg\" alt=\"yemen-015\" class=\"wp-image-7222\" srcset=\"https:\/\/www.gamberetta.it\/wp-content\/uploads\/2015\/12\/yemen-015.jpg 800w, https:\/\/www.gamberetta.it\/wp-content\/uploads\/2015\/12\/yemen-015-300x200.jpg 300w, https:\/\/www.gamberetta.it\/wp-content\/uploads\/2015\/12\/yemen-015-768x512.jpg 768w, https:\/\/www.gamberetta.it\/wp-content\/uploads\/2015\/12\/yemen-015-740x493.jpg 740w\" sizes=\"(max-width: 800px) 100vw, 800px\" \/><\/a><\/figure><\/div>\n\n\n\n<p> <\/p>\n\n\n\n<p><span style=\"font-family: Calibri, sans-serif;\"><span style=\"font-size: medium;\">Bello \u00e8 passeggiare e perdersi nei suoi vicoli mentre il sole cambia il colore alle case e alle finestre, la gente esce nelle strade sterrate e ci accoglie con un sorriso. Peccato che da trent\u2019anni l\u2019Unesco investa qui fior di quattrini e ci sia ancora un sacco di lavoro, con tanti edifici sul punto di crollare come d\u2019altra parte accade in tanti altri paesi yemeniti. Al tramonto saliamo sulla collina di fronte per avere un panorama globale e colorito di questa gemma di citt\u00e0. Siamo ormai sulla strada che taglia lo Yemen da ovest a est, non pi\u00f9 via dell\u2019incenso ma rotta carovaniera ultracentenaria sino alle diverse ricchezze dell\u2019Oman. Arriviamo a Sayun col buio, ci fermeremo due notti qui: non abbiamo scelta, nessun hotel in centro ci farebbe la colazione causa ramadan, non si pu\u00f2 nemmeno pranzare e dobbiamo stare in un posto noto per la sua bruttezza, decisamente l\u2019hotel peggiore del viaggio&#8230; e non fatevi stuzzicare dalla piscina che non merita. Ma il nostro viaggio rimane bellissimo e ancora con tanti tesori da scoprire.<\/span><\/span><\/p>\n\n\n\n<p>Ti \u00e8 piaciuto questo post sullo Yemen? Allora leggi anche gli altri, li trovi qui:<\/p>\n\n\n\n<figure class=\"wp-block-embed is-type-wp-embed is-provider-gamberetta wp-block-embed-gamberetta\"><div class=\"wp-block-embed__wrapper\">\n<blockquote class=\"wp-embedded-content\" data-secret=\"14F6LQ3MIG\"><a href=\"https:\/\/www.gamberetta.it\/it\/reportag\/medio-oriente\/con-il-pollice-bagnato-nellinchiostro\/\">CON IL POLLICE BAGNATO NELL\u2019INCHIOSTRO<\/a><\/blockquote><iframe loading=\"lazy\" class=\"wp-embedded-content\" sandbox=\"allow-scripts\" security=\"restricted\" style=\"position: absolute; clip: rect(1px, 1px, 1px, 1px);\" title=\"&#8220;CON IL POLLICE BAGNATO NELL\u2019INCHIOSTRO&#8221; &#8212; Gamberetta\" src=\"https:\/\/www.gamberetta.it\/it\/reportag\/medio-oriente\/con-il-pollice-bagnato-nellinchiostro\/embed\/#?secret=14F6LQ3MIG\" data-secret=\"14F6LQ3MIG\" width=\"600\" height=\"338\" frameborder=\"0\" marginwidth=\"0\" marginheight=\"0\" scrolling=\"no\"><\/iframe>\n<\/div><\/figure>\n","protected":false},"excerpt":{"rendered":"<p>Questo \u00e8 un post lungo e difficile che ho scritto di getto al mio ritorno. Pi\u00f9 di altri post descrive lo Yemen com&#8217;era nel 2006, e in parte preannuncia quello che sarebbe diventato: una polveriera pronta ad esplodere. Sveglia all\u2019alba e, dopo un saluto ai delfini, facciamo ancora colazione in spiaggia e presto partiamo. Il &hellip; <a class=\"more-link\" href=\"https:\/\/www.gamberetta.it\/it\/2016\/04\/28\/da-bir-ali-a-sayun-passando-per-sif-e-shibam-due-citta-simbolo-dello-yemen-del-sud-martedi-26-settembre-2006\/\">Leggi tutto<i class=\"ion-ios-arrow-thin-right\"><\/i><\/a><\/p>\n","protected":false},"author":2,"featured_media":20162,"comment_status":"open","ping_status":"closed","sticky":false,"template":"","format":"standard","meta":{"footnotes":""},"categories":[33,896],"tags":[102,1580],"class_list":["post-7217","post","type-post","status-publish","format-standard","has-post-thumbnail","hentry","category-travelling","category-viaggi-medio-oriente","tag-avventure-nel-mondo","tag-yemen-nord-sud"],"yoast_head":"<!-- This site is optimized with the Yoast SEO plugin v23.5 - https:\/\/yoast.com\/wordpress\/plugins\/seo\/ -->\n<title>Da Bir Ali a Sayun passando per Sif e Shibam, due citt\u00e0 simbolo dello Yemen del sud - Gamberetta<\/title>\n<meta name=\"robots\" content=\"index, follow, max-snippet:-1, max-image-preview:large, max-video-preview:-1\" \/>\n<link rel=\"canonical\" href=\"https:\/\/www.gamberetta.it\/it\/2016\/04\/28\/da-bir-ali-a-sayun-passando-per-sif-e-shibam-due-citta-simbolo-dello-yemen-del-sud-martedi-26-settembre-2006\/\" \/>\n<meta property=\"og:locale\" content=\"it_IT\" \/>\n<meta property=\"og:type\" content=\"article\" \/>\n<meta property=\"og:title\" content=\"Da Bir Ali a Sayun passando per Sif e Shibam, due citt\u00e0 simbolo dello Yemen del sud - Gamberetta\" \/>\n<meta property=\"og:description\" content=\"Questo \u00e8 un post lungo e difficile che ho scritto di getto al mio ritorno. Pi\u00f9 di altri post descrive lo Yemen com&#8217;era nel 2006, e in parte preannuncia quello che sarebbe diventato: una polveriera pronta ad esplodere. Sveglia all\u2019alba e, dopo un saluto ai delfini, facciamo ancora colazione in spiaggia e presto partiamo. Il &hellip; Leggi tutto\" \/>\n<meta property=\"og:url\" content=\"https:\/\/www.gamberetta.it\/it\/2016\/04\/28\/da-bir-ali-a-sayun-passando-per-sif-e-shibam-due-citta-simbolo-dello-yemen-del-sud-martedi-26-settembre-2006\/\" \/>\n<meta property=\"og:site_name\" content=\"Gamberetta\" \/>\n<meta property=\"article:publisher\" content=\"https:\/\/www.facebook.com\/Gamberettatravelblog\" \/>\n<meta property=\"article:published_time\" content=\"2016-04-28T17:08:05+00:00\" \/>\n<meta property=\"article:modified_time\" content=\"2022-10-29T13:35:20+00:00\" \/>\n<meta name=\"author\" content=\"gamberetta\" \/>\n<meta name=\"twitter:card\" content=\"summary_large_image\" \/>\n<meta name=\"twitter:creator\" content=\"@robertazennaro\" \/>\n<meta name=\"twitter:site\" content=\"@robertazennaro\" \/>\n<meta name=\"twitter:label1\" content=\"Scritto da\" \/>\n\t<meta name=\"twitter:data1\" content=\"gamberetta\" \/>\n\t<meta name=\"twitter:label2\" content=\"Tempo di lettura stimato\" \/>\n\t<meta name=\"twitter:data2\" content=\"5 minuti\" \/>\n<script type=\"application\/ld+json\" class=\"yoast-schema-graph\">{\"@context\":\"https:\/\/schema.org\",\"@graph\":[{\"@type\":\"WebPage\",\"@id\":\"https:\/\/www.gamberetta.it\/it\/2016\/04\/28\/da-bir-ali-a-sayun-passando-per-sif-e-shibam-due-citta-simbolo-dello-yemen-del-sud-martedi-26-settembre-2006\/\",\"url\":\"https:\/\/www.gamberetta.it\/it\/2016\/04\/28\/da-bir-ali-a-sayun-passando-per-sif-e-shibam-due-citta-simbolo-dello-yemen-del-sud-martedi-26-settembre-2006\/\",\"name\":\"Da Bir Ali a Sayun passando per Sif e Shibam, due citt\u00e0 simbolo dello Yemen del sud - Gamberetta\",\"isPartOf\":{\"@id\":\"https:\/\/www.gamberetta.it\/it\/#website\"},\"primaryImageOfPage\":{\"@id\":\"https:\/\/www.gamberetta.it\/it\/2016\/04\/28\/da-bir-ali-a-sayun-passando-per-sif-e-shibam-due-citta-simbolo-dello-yemen-del-sud-martedi-26-settembre-2006\/#primaryimage\"},\"image\":{\"@id\":\"https:\/\/www.gamberetta.it\/it\/2016\/04\/28\/da-bir-ali-a-sayun-passando-per-sif-e-shibam-due-citta-simbolo-dello-yemen-del-sud-martedi-26-settembre-2006\/#primaryimage\"},\"thumbnailUrl\":\"\",\"datePublished\":\"2016-04-28T17:08:05+00:00\",\"dateModified\":\"2022-10-29T13:35:20+00:00\",\"author\":{\"@id\":\"https:\/\/www.gamberetta.it\/it\/#\/schema\/person\/7a4a919927c944edb5f3f9c665590124\"},\"breadcrumb\":{\"@id\":\"https:\/\/www.gamberetta.it\/it\/2016\/04\/28\/da-bir-ali-a-sayun-passando-per-sif-e-shibam-due-citta-simbolo-dello-yemen-del-sud-martedi-26-settembre-2006\/#breadcrumb\"},\"inLanguage\":\"it-IT\",\"potentialAction\":[{\"@type\":\"ReadAction\",\"target\":[\"https:\/\/www.gamberetta.it\/it\/2016\/04\/28\/da-bir-ali-a-sayun-passando-per-sif-e-shibam-due-citta-simbolo-dello-yemen-del-sud-martedi-26-settembre-2006\/\"]}]},{\"@type\":\"ImageObject\",\"inLanguage\":\"it-IT\",\"@id\":\"https:\/\/www.gamberetta.it\/it\/2016\/04\/28\/da-bir-ali-a-sayun-passando-per-sif-e-shibam-due-citta-simbolo-dello-yemen-del-sud-martedi-26-settembre-2006\/#primaryimage\",\"url\":\"\",\"contentUrl\":\"\"},{\"@type\":\"BreadcrumbList\",\"@id\":\"https:\/\/www.gamberetta.it\/it\/2016\/04\/28\/da-bir-ali-a-sayun-passando-per-sif-e-shibam-due-citta-simbolo-dello-yemen-del-sud-martedi-26-settembre-2006\/#breadcrumb\",\"itemListElement\":[{\"@type\":\"ListItem\",\"position\":1,\"name\":\"Home\",\"item\":\"https:\/\/www.gamberetta.it\/it\/\"},{\"@type\":\"ListItem\",\"position\":2,\"name\":\"Da Bir Ali a Sayun passando per Sif e Shibam, due citt\u00e0 simbolo dello Yemen del sud\"}]},{\"@type\":\"WebSite\",\"@id\":\"https:\/\/www.gamberetta.it\/it\/#website\",\"url\":\"https:\/\/www.gamberetta.it\/it\/\",\"name\":\"Gamberetta\",\"description\":\"Il mio blog senza fronzoli: pensieri e parole, sempre e ovunque in viaggio\",\"potentialAction\":[{\"@type\":\"SearchAction\",\"target\":{\"@type\":\"EntryPoint\",\"urlTemplate\":\"https:\/\/www.gamberetta.it\/it\/?s={search_term_string}\"},\"query-input\":{\"@type\":\"PropertyValueSpecification\",\"valueRequired\":true,\"valueName\":\"search_term_string\"}}],\"inLanguage\":\"it-IT\"},{\"@type\":\"Person\",\"@id\":\"https:\/\/www.gamberetta.it\/it\/#\/schema\/person\/7a4a919927c944edb5f3f9c665590124\",\"name\":\"gamberetta\",\"image\":{\"@type\":\"ImageObject\",\"inLanguage\":\"it-IT\",\"@id\":\"https:\/\/www.gamberetta.it\/it\/#\/schema\/person\/image\/\",\"url\":\"https:\/\/secure.gravatar.com\/avatar\/7ef5d82656b8958070b4f589b7ae1784?s=96&d=mm&r=g\",\"contentUrl\":\"https:\/\/secure.gravatar.com\/avatar\/7ef5d82656b8958070b4f589b7ae1784?s=96&d=mm&r=g\",\"caption\":\"gamberetta\"},\"description\":\"Sono Toro ascendente Scorpione, terra di contrasti dove ora prevale una met\u00e0, ora l\u2019altra. L\u2019infanzia in Veneto e gli ultimi anni passati a Milano hanno sviluppato in me una serie ulteriore di conflitti. Scrivo da sempre, la scrittura \u00e8 la migliore forma espressiva che mi consente di fissare concetti altrimenti sospesi nell\u2019aria. Da bambina scrivevo poesie con uno stile quasi leopardiano poi sono passata ai diari di viaggio dalla prima volta in USA nel 1998 e non ho pi\u00f9 smesso...\",\"url\":\"https:\/\/www.gamberetta.it\/it\/author\/gamberettarossa\/\"}]}<\/script>\n<!-- \/ Yoast SEO plugin. -->","yoast_head_json":{"title":"Da Bir Ali a Sayun passando per Sif e Shibam, due citt\u00e0 simbolo dello Yemen del sud - Gamberetta","robots":{"index":"index","follow":"follow","max-snippet":"max-snippet:-1","max-image-preview":"max-image-preview:large","max-video-preview":"max-video-preview:-1"},"canonical":"https:\/\/www.gamberetta.it\/it\/2016\/04\/28\/da-bir-ali-a-sayun-passando-per-sif-e-shibam-due-citta-simbolo-dello-yemen-del-sud-martedi-26-settembre-2006\/","og_locale":"it_IT","og_type":"article","og_title":"Da Bir Ali a Sayun passando per Sif e Shibam, due citt\u00e0 simbolo dello Yemen del sud - Gamberetta","og_description":"Questo \u00e8 un post lungo e difficile che ho scritto di getto al mio ritorno. Pi\u00f9 di altri post descrive lo Yemen com&#8217;era nel 2006, e in parte preannuncia quello che sarebbe diventato: una polveriera pronta ad esplodere. Sveglia all\u2019alba e, dopo un saluto ai delfini, facciamo ancora colazione in spiaggia e presto partiamo. Il &hellip; Leggi tutto","og_url":"https:\/\/www.gamberetta.it\/it\/2016\/04\/28\/da-bir-ali-a-sayun-passando-per-sif-e-shibam-due-citta-simbolo-dello-yemen-del-sud-martedi-26-settembre-2006\/","og_site_name":"Gamberetta","article_publisher":"https:\/\/www.facebook.com\/Gamberettatravelblog","article_published_time":"2016-04-28T17:08:05+00:00","article_modified_time":"2022-10-29T13:35:20+00:00","author":"gamberetta","twitter_card":"summary_large_image","twitter_creator":"@robertazennaro","twitter_site":"@robertazennaro","twitter_misc":{"Scritto da":"gamberetta","Tempo di lettura stimato":"5 minuti"},"schema":{"@context":"https:\/\/schema.org","@graph":[{"@type":"WebPage","@id":"https:\/\/www.gamberetta.it\/it\/2016\/04\/28\/da-bir-ali-a-sayun-passando-per-sif-e-shibam-due-citta-simbolo-dello-yemen-del-sud-martedi-26-settembre-2006\/","url":"https:\/\/www.gamberetta.it\/it\/2016\/04\/28\/da-bir-ali-a-sayun-passando-per-sif-e-shibam-due-citta-simbolo-dello-yemen-del-sud-martedi-26-settembre-2006\/","name":"Da Bir Ali a Sayun passando per Sif e Shibam, due citt\u00e0 simbolo dello Yemen del sud - Gamberetta","isPartOf":{"@id":"https:\/\/www.gamberetta.it\/it\/#website"},"primaryImageOfPage":{"@id":"https:\/\/www.gamberetta.it\/it\/2016\/04\/28\/da-bir-ali-a-sayun-passando-per-sif-e-shibam-due-citta-simbolo-dello-yemen-del-sud-martedi-26-settembre-2006\/#primaryimage"},"image":{"@id":"https:\/\/www.gamberetta.it\/it\/2016\/04\/28\/da-bir-ali-a-sayun-passando-per-sif-e-shibam-due-citta-simbolo-dello-yemen-del-sud-martedi-26-settembre-2006\/#primaryimage"},"thumbnailUrl":"","datePublished":"2016-04-28T17:08:05+00:00","dateModified":"2022-10-29T13:35:20+00:00","author":{"@id":"https:\/\/www.gamberetta.it\/it\/#\/schema\/person\/7a4a919927c944edb5f3f9c665590124"},"breadcrumb":{"@id":"https:\/\/www.gamberetta.it\/it\/2016\/04\/28\/da-bir-ali-a-sayun-passando-per-sif-e-shibam-due-citta-simbolo-dello-yemen-del-sud-martedi-26-settembre-2006\/#breadcrumb"},"inLanguage":"it-IT","potentialAction":[{"@type":"ReadAction","target":["https:\/\/www.gamberetta.it\/it\/2016\/04\/28\/da-bir-ali-a-sayun-passando-per-sif-e-shibam-due-citta-simbolo-dello-yemen-del-sud-martedi-26-settembre-2006\/"]}]},{"@type":"ImageObject","inLanguage":"it-IT","@id":"https:\/\/www.gamberetta.it\/it\/2016\/04\/28\/da-bir-ali-a-sayun-passando-per-sif-e-shibam-due-citta-simbolo-dello-yemen-del-sud-martedi-26-settembre-2006\/#primaryimage","url":"","contentUrl":""},{"@type":"BreadcrumbList","@id":"https:\/\/www.gamberetta.it\/it\/2016\/04\/28\/da-bir-ali-a-sayun-passando-per-sif-e-shibam-due-citta-simbolo-dello-yemen-del-sud-martedi-26-settembre-2006\/#breadcrumb","itemListElement":[{"@type":"ListItem","position":1,"name":"Home","item":"https:\/\/www.gamberetta.it\/it\/"},{"@type":"ListItem","position":2,"name":"Da Bir Ali a Sayun passando per Sif e Shibam, due citt\u00e0 simbolo dello Yemen del sud"}]},{"@type":"WebSite","@id":"https:\/\/www.gamberetta.it\/it\/#website","url":"https:\/\/www.gamberetta.it\/it\/","name":"Gamberetta","description":"Il mio blog senza fronzoli: pensieri e parole, sempre e ovunque in viaggio","potentialAction":[{"@type":"SearchAction","target":{"@type":"EntryPoint","urlTemplate":"https:\/\/www.gamberetta.it\/it\/?s={search_term_string}"},"query-input":{"@type":"PropertyValueSpecification","valueRequired":true,"valueName":"search_term_string"}}],"inLanguage":"it-IT"},{"@type":"Person","@id":"https:\/\/www.gamberetta.it\/it\/#\/schema\/person\/7a4a919927c944edb5f3f9c665590124","name":"gamberetta","image":{"@type":"ImageObject","inLanguage":"it-IT","@id":"https:\/\/www.gamberetta.it\/it\/#\/schema\/person\/image\/","url":"https:\/\/secure.gravatar.com\/avatar\/7ef5d82656b8958070b4f589b7ae1784?s=96&d=mm&r=g","contentUrl":"https:\/\/secure.gravatar.com\/avatar\/7ef5d82656b8958070b4f589b7ae1784?s=96&d=mm&r=g","caption":"gamberetta"},"description":"Sono Toro ascendente Scorpione, terra di contrasti dove ora prevale una met\u00e0, ora l\u2019altra. L\u2019infanzia in Veneto e gli ultimi anni passati a Milano hanno sviluppato in me una serie ulteriore di conflitti. Scrivo da sempre, la scrittura \u00e8 la migliore forma espressiva che mi consente di fissare concetti altrimenti sospesi nell\u2019aria. Da bambina scrivevo poesie con uno stile quasi leopardiano poi sono passata ai diari di viaggio dalla prima volta in USA nel 1998 e non ho pi\u00f9 smesso...","url":"https:\/\/www.gamberetta.it\/it\/author\/gamberettarossa\/"}]}},"_links":{"self":[{"href":"https:\/\/www.gamberetta.it\/it\/wp-json\/wp\/v2\/posts\/7217"}],"collection":[{"href":"https:\/\/www.gamberetta.it\/it\/wp-json\/wp\/v2\/posts"}],"about":[{"href":"https:\/\/www.gamberetta.it\/it\/wp-json\/wp\/v2\/types\/post"}],"author":[{"embeddable":true,"href":"https:\/\/www.gamberetta.it\/it\/wp-json\/wp\/v2\/users\/2"}],"replies":[{"embeddable":true,"href":"https:\/\/www.gamberetta.it\/it\/wp-json\/wp\/v2\/comments?post=7217"}],"version-history":[{"count":1,"href":"https:\/\/www.gamberetta.it\/it\/wp-json\/wp\/v2\/posts\/7217\/revisions"}],"predecessor-version":[{"id":20163,"href":"https:\/\/www.gamberetta.it\/it\/wp-json\/wp\/v2\/posts\/7217\/revisions\/20163"}],"wp:featuredmedia":[{"embeddable":true,"href":"https:\/\/www.gamberetta.it\/it\/wp-json\/wp\/v2\/media\/20162"}],"wp:attachment":[{"href":"https:\/\/www.gamberetta.it\/it\/wp-json\/wp\/v2\/media?parent=7217"}],"wp:term":[{"taxonomy":"category","embeddable":true,"href":"https:\/\/www.gamberetta.it\/it\/wp-json\/wp\/v2\/categories?post=7217"},{"taxonomy":"post_tag","embeddable":true,"href":"https:\/\/www.gamberetta.it\/it\/wp-json\/wp\/v2\/tags?post=7217"}],"curies":[{"name":"wp","href":"https:\/\/api.w.org\/{rel}","templated":true}]}}