{"id":7837,"date":"2016-02-07T20:20:34","date_gmt":"2016-02-07T20:20:34","guid":{"rendered":"https:\/\/www.gamberetta.it\/?p=7837"},"modified":"2016-02-07T20:20:34","modified_gmt":"2016-02-07T20:20:34","slug":"udine-citta-darte-da-tiepolo-a-casa-cavazzini","status":"publish","type":"post","link":"https:\/\/www.gamberetta.it\/it\/2016\/02\/07\/udine-citta-darte-da-tiepolo-a-casa-cavazzini\/","title":{"rendered":"UDINE CITTA&#8217; D&#8217;ARTE, DA TIEPOLO A CASA CAVAZZINI"},"content":{"rendered":"<p align=\"LEFT\"><span style=\"font-family:Calibri, sans-serif;\">Una settimana fa sono stata a Udine per visitare la mostra su <b>Tina Modotti<\/b> allestita a <a href=\"http:\/\/www.casacavazzini.it\/\">Casa Cavazzini<\/a>. Era un Instameet organizzato dagli amici Igers di Udine, non finir\u00f2 mai di ringraziare Giorgia, Nensi e gli altri per questa stupenda visita. Siccome avete tempo fino alla fine di febbraio, vi invito caldamente ad andarci e, gi\u00e0 che ci sono, vi racconto le mie ultime visite culturali a Udine. Tra il 2014 e il 2016, tra l&#8217;instameet e il blogtour svolto in Friuli a maggio 2014, Adristorical Lands, iniziato e finito a Udine con una passeggiata in centro alla ricerca della storia e delle anime della citt\u00e0. Partiamo proprio con un po&#8217; di storia&#8230;<\/span><\/p>\n<p align=\"LEFT\"><span style=\"font-family:Calibri, sans-serif;\">La <b>Serenissima Repubblica di Venezia<\/b> domin\u00f2 il Friuli per quasi 400 anni, dal 1420 al 1797, data del <b>trattato di Campoformido<\/b> che, a fronte dell&#8217;esistente conclamato declino del potere economico di Venezia, trasport\u00f2 il Nordest nell&#8217;Impero Austroungarico. Tale dominazione, che ebbe anche una piccola parentesi francese durante le scorrerie napoleoniche, fu una ventata di Europa <i>ante litteram<\/i> in quest&#8217;angolo della futura Italia, quella che sarebbe nata nel 1918 alla fine della <b>Grande Guerra<\/b>. Fino al 2018 ci sar\u00e0 un continuo rievocare l&#8217;epopea di un conflitto, spesso dimenticato o insegnato in modo parziale.<\/span><\/p>\n<p align=\"LEFT\"><span style=\"font-family:Calibri, sans-serif;\">I Dogi veneziani diedero a Udine una grande importanza economica e una certa autonomia amministrativa, determinarono l&#8217;attuale impronta urbanistica della citt\u00e0 e un nuovo vento di cultura, che si respira anche oggi. <\/span><\/p>\n<p align=\"LEFT\"><span style=\"font-family:Calibri, sans-serif;\">Il fermento artistico partito allora da Venezia per Udine \u00e8 evidente nelle case e nei palazzi del centro, nel perimetro delle due piazze principali, Piazza Libert\u00e0 che \u00e8 una piccola piazza San Marco e Piazza Matteotti. Ci sono i Mori e l&#8217;immancabile leone di San Marco, ci sono chiese antiche, e spesso rimaneggiate, che si ergono nelle piazze, schive come i Friulani. Gente schietta ma timida, sincera e di poche parole. <b>Friuli, ospiti di gente unica<\/b>; cos\u00ec recitano i cartelloni di promozione turistica. Io aggiungo che i friulani sono come il vino buono: si aprono pian piano e migliorano col tempo.<\/span><\/p>\n<p align=\"LEFT\"><a href=\"https:\/\/www.gamberetta.it\/\/2016\/02\/07\/udine-citta-darte-da-tiepolo-a-casa-cavazzini\/20140524_095757\/\" rel=\"attachment wp-att-7849\"><img loading=\"lazy\" decoding=\"async\" class=\"aligncenter size-full wp-image-7849\" src=\"https:\/\/www.gamberetta.it\/wp-content\/uploads\/2016\/02\/20140524_095757-e1454875770601.jpg\" alt=\"20140524_095757\" width=\"336\" height=\"448\" srcset=\"https:\/\/www.gamberetta.it\/wp-content\/uploads\/2016\/02\/20140524_095757-e1454875770601.jpg 336w, https:\/\/www.gamberetta.it\/wp-content\/uploads\/2016\/02\/20140524_095757-e1454875770601-225x300.jpg 225w\" sizes=\"(max-width: 336px) 100vw, 336px\" \/><\/a> <a href=\"https:\/\/www.gamberetta.it\/\/2016\/02\/07\/udine-citta-darte-da-tiepolo-a-casa-cavazzini\/20140524_095739\/\" rel=\"attachment wp-att-7848\"><img loading=\"lazy\" decoding=\"async\" class=\"aligncenter size-full wp-image-7848\" src=\"https:\/\/www.gamberetta.it\/wp-content\/uploads\/2016\/02\/20140524_095739.jpg\" alt=\"20140524_095739\" width=\"448\" height=\"336\" srcset=\"https:\/\/www.gamberetta.it\/wp-content\/uploads\/2016\/02\/20140524_095739.jpg 448w, https:\/\/www.gamberetta.it\/wp-content\/uploads\/2016\/02\/20140524_095739-300x225.jpg 300w\" sizes=\"(max-width: 448px) 100vw, 448px\" \/><\/a> <a href=\"https:\/\/www.gamberetta.it\/\/2016\/02\/07\/udine-citta-darte-da-tiepolo-a-casa-cavazzini\/20140524_095605\/\" rel=\"attachment wp-att-7847\"><img loading=\"lazy\" decoding=\"async\" class=\"aligncenter size-full wp-image-7847\" src=\"https:\/\/www.gamberetta.it\/wp-content\/uploads\/2016\/02\/20140524_095605-e1454875780742.jpg\" alt=\"20140524_095605\" width=\"336\" height=\"448\" srcset=\"https:\/\/www.gamberetta.it\/wp-content\/uploads\/2016\/02\/20140524_095605-e1454875780742.jpg 336w, https:\/\/www.gamberetta.it\/wp-content\/uploads\/2016\/02\/20140524_095605-e1454875780742-225x300.jpg 225w\" sizes=\"(max-width: 336px) 100vw, 336px\" \/><\/a> <a href=\"https:\/\/www.gamberetta.it\/\/2016\/02\/07\/udine-citta-darte-da-tiepolo-a-casa-cavazzini\/20140524_095556\/\" rel=\"attachment wp-att-7846\"><img loading=\"lazy\" decoding=\"async\" class=\"aligncenter size-full wp-image-7846\" src=\"https:\/\/www.gamberetta.it\/wp-content\/uploads\/2016\/02\/20140524_095556.jpg\" alt=\"20140524_095556\" width=\"448\" height=\"336\" srcset=\"https:\/\/www.gamberetta.it\/wp-content\/uploads\/2016\/02\/20140524_095556.jpg 448w, https:\/\/www.gamberetta.it\/wp-content\/uploads\/2016\/02\/20140524_095556-300x225.jpg 300w\" sizes=\"(max-width: 448px) 100vw, 448px\" \/><\/a> <a href=\"https:\/\/www.gamberetta.it\/\/2016\/02\/07\/udine-citta-darte-da-tiepolo-a-casa-cavazzini\/20140524_095527\/\" rel=\"attachment wp-att-7845\"><img loading=\"lazy\" decoding=\"async\" class=\"aligncenter size-full wp-image-7845\" src=\"https:\/\/www.gamberetta.it\/wp-content\/uploads\/2016\/02\/20140524_095527.jpg\" alt=\"20140524_095527\" width=\"448\" height=\"336\" srcset=\"https:\/\/www.gamberetta.it\/wp-content\/uploads\/2016\/02\/20140524_095527.jpg 448w, https:\/\/www.gamberetta.it\/wp-content\/uploads\/2016\/02\/20140524_095527-300x225.jpg 300w\" sizes=\"(max-width: 448px) 100vw, 448px\" \/><\/a><\/p>\n<figure id=\"attachment_7844\" aria-describedby=\"caption-attachment-7844\" style=\"width: 336px\" class=\"wp-caption aligncenter\"><a href=\"https:\/\/www.gamberetta.it\/\/2016\/02\/07\/udine-citta-darte-da-tiepolo-a-casa-cavazzini\/20140524_095515\/\" rel=\"attachment wp-att-7844\"><img loading=\"lazy\" decoding=\"async\" class=\"size-full wp-image-7844\" src=\"https:\/\/www.gamberetta.it\/wp-content\/uploads\/2016\/02\/20140524_095515-e1454875751192.jpg\" alt=\"????\" width=\"336\" height=\"448\" srcset=\"https:\/\/www.gamberetta.it\/wp-content\/uploads\/2016\/02\/20140524_095515-e1454875751192.jpg 336w, https:\/\/www.gamberetta.it\/wp-content\/uploads\/2016\/02\/20140524_095515-e1454875751192-225x300.jpg 225w\" sizes=\"(max-width: 336px) 100vw, 336px\" \/><\/a><figcaption id=\"caption-attachment-7844\" class=\"wp-caption-text\">????<\/figcaption><\/figure>\n<p align=\"LEFT\"><span style=\"font-family:Calibri, sans-serif;\">Le chiese tengono i propri tesori nascosti all&#8217;interno, come le opere di <b>Giovanbattista Tiepolo<\/b>, il pittore della luce che soggiorn\u00f2 a lungo in citt\u00e0 all&#8217;inizio e alla fine della sua lunga carriera, portandovi anche il figlio e la sua scuola. Le loro opere si vedono nelle omonime gallerie del palazzo patriarcale, in Duomo e nella Cappella del Sacramento, la quarta cappella del medesimo Duomo. Le ammiriamo, nella pace e nel silenzio di una citt\u00e0 assonnata il sabato mattina. Vi sono raffigurate scene dell&#8217;Antico e del Nuovo Testamento, ma gli angeli sono sempre i miei preferiti.<\/span><\/p>\n<p align=\"LEFT\"><a href=\"https:\/\/www.gamberetta.it\/\/2016\/02\/07\/udine-citta-darte-da-tiepolo-a-casa-cavazzini\/20140524_093654\/\" rel=\"attachment wp-att-7839\"><img loading=\"lazy\" decoding=\"async\" class=\"aligncenter size-full wp-image-7839\" src=\"https:\/\/www.gamberetta.it\/wp-content\/uploads\/2016\/02\/20140524_093654-e1454875702492.jpg\" alt=\"20140524_093654\" width=\"336\" height=\"448\" srcset=\"https:\/\/www.gamberetta.it\/wp-content\/uploads\/2016\/02\/20140524_093654-e1454875702492.jpg 336w, https:\/\/www.gamberetta.it\/wp-content\/uploads\/2016\/02\/20140524_093654-e1454875702492-225x300.jpg 225w\" sizes=\"(max-width: 336px) 100vw, 336px\" \/><\/a> <a href=\"https:\/\/www.gamberetta.it\/\/2016\/02\/07\/udine-citta-darte-da-tiepolo-a-casa-cavazzini\/20140524_094708\/\" rel=\"attachment wp-att-7840\"><img loading=\"lazy\" decoding=\"async\" class=\"aligncenter size-full wp-image-7840\" src=\"https:\/\/www.gamberetta.it\/wp-content\/uploads\/2016\/02\/20140524_094708-e1454875712719.jpg\" alt=\"20140524_094708\" width=\"336\" height=\"448\" srcset=\"https:\/\/www.gamberetta.it\/wp-content\/uploads\/2016\/02\/20140524_094708-e1454875712719.jpg 336w, https:\/\/www.gamberetta.it\/wp-content\/uploads\/2016\/02\/20140524_094708-e1454875712719-225x300.jpg 225w\" sizes=\"(max-width: 336px) 100vw, 336px\" \/><\/a> <a href=\"https:\/\/www.gamberetta.it\/\/2016\/02\/07\/udine-citta-darte-da-tiepolo-a-casa-cavazzini\/20140524_094905\/\" rel=\"attachment wp-att-7841\"><img loading=\"lazy\" decoding=\"async\" class=\"aligncenter size-full wp-image-7841\" src=\"https:\/\/www.gamberetta.it\/wp-content\/uploads\/2016\/02\/20140524_094905-e1454875727542.jpg\" alt=\"20140524_094905\" width=\"336\" height=\"448\" srcset=\"https:\/\/www.gamberetta.it\/wp-content\/uploads\/2016\/02\/20140524_094905-e1454875727542.jpg 336w, https:\/\/www.gamberetta.it\/wp-content\/uploads\/2016\/02\/20140524_094905-e1454875727542-225x300.jpg 225w\" sizes=\"(max-width: 336px) 100vw, 336px\" \/><\/a> <a href=\"https:\/\/www.gamberetta.it\/\/2016\/02\/07\/udine-citta-darte-da-tiepolo-a-casa-cavazzini\/20140524_095148\/\" rel=\"attachment wp-att-7842\"><img loading=\"lazy\" decoding=\"async\" class=\"aligncenter size-full wp-image-7842\" src=\"https:\/\/www.gamberetta.it\/wp-content\/uploads\/2016\/02\/20140524_095148.jpg\" alt=\"20140524_095148\" width=\"448\" height=\"336\" srcset=\"https:\/\/www.gamberetta.it\/wp-content\/uploads\/2016\/02\/20140524_095148.jpg 448w, https:\/\/www.gamberetta.it\/wp-content\/uploads\/2016\/02\/20140524_095148-300x225.jpg 300w\" sizes=\"(max-width: 448px) 100vw, 448px\" \/><\/a> <a href=\"https:\/\/www.gamberetta.it\/\/2016\/02\/07\/udine-citta-darte-da-tiepolo-a-casa-cavazzini\/20140524_095352\/\" rel=\"attachment wp-att-7843\"><img loading=\"lazy\" decoding=\"async\" class=\"aligncenter size-full wp-image-7843\" src=\"https:\/\/www.gamberetta.it\/wp-content\/uploads\/2016\/02\/20140524_095352-e1454875740506.jpg\" alt=\"20140524_095352\" width=\"336\" height=\"448\" srcset=\"https:\/\/www.gamberetta.it\/wp-content\/uploads\/2016\/02\/20140524_095352-e1454875740506.jpg 336w, https:\/\/www.gamberetta.it\/wp-content\/uploads\/2016\/02\/20140524_095352-e1454875740506-225x300.jpg 225w\" sizes=\"(max-width: 336px) 100vw, 336px\" \/><\/a><\/p>\n<p align=\"LEFT\"><span style=\"font-family:Calibri, sans-serif;\">Udine oggi si presenta ai visitatori come citt\u00e0 d&#8217;acqua e vino, citt\u00e0 ricca di storia e d&#8217;arte: quella che si vede per strada e quella \u201cchiusa\u201d nei musei, uno in particolare dove ho lasciato il cuore, un luogo speciale con un approccio all&#8217;arte moderna e contemporanea che non ho trovato in nessun altro luogo.<\/span><\/p>\n<p align=\"LEFT\"><span style=\"font-family:Calibri, sans-serif;\"><b>Casa Cavazzini<\/b> si trova in Via Cavour, in centro storico, in un complesso abitativo vivo come testimoniano le sale, arredate con gusto dalla famiglia che per anni vi ha abitato. In questa casa museo sono stati raccolti tesori preziosi dell&#8217;Ottocento e Novecento, quadri dei maggiori artisti italiani, sculture di grandissimo valore. Le opere sono state acquistate e donate in quel grande gioco che \u00e8 il mecenatismo, che si basa sull&#8217;amicizia e complicit\u00e0 tra gli antiquari. Il progetto della ristrutturazione \u00e8 stato diretto da <b>Gae Aulenti<\/b>. Strutturato su tre piani per 3.500 metri quadri di superficie, comprende le collezioni ospitate in precedenza nella Galleria d&#8217;Arte Moderna e nuovi lasciti. Carr\u00e0, De Chirico, De Pisis fra gli altri compongono la <b>Collezione Astaldi<\/b>. De Kooning, Stella e molte delle avanguardie americane sono invece riunite nella <b>Donazione FRIAM<\/b>, 113 opere provenienti direttamente dagli USA dopo il terremoto del 1976. <\/span><\/p>\n<p align=\"LEFT\"><span style=\"font-family:Calibri, sans-serif;\">Ci sono poi le opere a cui sono pi\u00f9 affezionata, perch\u00e9 mi piacciono esteticamente e raccontano una storia di famiglia, la loro e un po&#8217; anche la mia. Come quella dei <b>fratelli Basaldella<\/b>: Afro, Dino e Mirko, uno spaccato dell&#8217;Italia del Novecento prima e dopo la guerra. Come <b>Alberto Viani<\/b> che per tutta la vita chiamer\u00f2 \u201cil marito della mia maestra elementare\u201d ineguagliabile e unica. Come <b>Mario Rimoldi<\/b> a cui il <b>Museo delle Regole<\/b> di Cortina \u00e8 intitolato, in qualche modo legato a Casa Cavazzini da un filo sottile. <\/span><\/p>\n<p align=\"LEFT\"><span style=\"font-family:Calibri, sans-serif;\">Le collezioni permanenti si trovano al primo e secondo piano, mentre il piano terra ospita mostre temporanee come l&#8217;esposizione di fotografie di e su Tina Modotti, un&#8217;icona della friulanit\u00e0 che trov\u00f2 la sua fortuna e il suo destino oltreoceano, dove intrecci\u00f2 le vicende di un&#8217;Italia ancora povera con istanze di democrazia e libert\u00e0 ancora in fase embrionale, pagando le sue idee con la vita. Mi limito a mostrare alcune immagini della nostra visita e spero di tornare con gli amici udinesi, prestissimo. <b>Mandi e grazie di cuore! <\/b><\/span><\/p>\n<p><a href=\"https:\/\/www.gamberetta.it\/\/2016\/02\/07\/udine-citta-darte-da-tiepolo-a-casa-cavazzini\/ud4\/\" rel=\"attachment wp-att-7852\"><img loading=\"lazy\" decoding=\"async\" class=\"aligncenter size-full wp-image-7852\" src=\"https:\/\/www.gamberetta.it\/wp-content\/uploads\/2016\/02\/ud4.jpg\" alt=\"\" width=\"600\" height=\"450\" srcset=\"https:\/\/www.gamberetta.it\/wp-content\/uploads\/2016\/02\/ud4.jpg 600w, https:\/\/www.gamberetta.it\/wp-content\/uploads\/2016\/02\/ud4-300x225.jpg 300w\" sizes=\"(max-width: 600px) 100vw, 600px\" \/><\/a> <a href=\"https:\/\/www.gamberetta.it\/\/2016\/02\/07\/udine-citta-darte-da-tiepolo-a-casa-cavazzini\/ud3\/\" rel=\"attachment wp-att-7851\"><img loading=\"lazy\" decoding=\"async\" class=\"aligncenter size-full wp-image-7851\" src=\"https:\/\/www.gamberetta.it\/wp-content\/uploads\/2016\/02\/ud3.jpg\" alt=\"\" width=\"526\" height=\"526\" srcset=\"https:\/\/www.gamberetta.it\/wp-content\/uploads\/2016\/02\/ud3.jpg 526w, https:\/\/www.gamberetta.it\/wp-content\/uploads\/2016\/02\/ud3-150x150.jpg 150w, https:\/\/www.gamberetta.it\/wp-content\/uploads\/2016\/02\/ud3-300x300.jpg 300w\" sizes=\"(max-width: 526px) 100vw, 526px\" \/><\/a> <a href=\"https:\/\/www.gamberetta.it\/\/2016\/02\/07\/udine-citta-darte-da-tiepolo-a-casa-cavazzini\/ud2\/\" rel=\"attachment wp-att-7853\"><img loading=\"lazy\" decoding=\"async\" class=\"aligncenter size-full wp-image-7853\" src=\"https:\/\/www.gamberetta.it\/wp-content\/uploads\/2016\/02\/ud2.jpg\" alt=\"\" width=\"640\" height=\"639\" srcset=\"https:\/\/www.gamberetta.it\/wp-content\/uploads\/2016\/02\/ud2.jpg 960w, https:\/\/www.gamberetta.it\/wp-content\/uploads\/2016\/02\/ud2-150x150.jpg 150w, https:\/\/www.gamberetta.it\/wp-content\/uploads\/2016\/02\/ud2-300x300.jpg 300w, https:\/\/www.gamberetta.it\/wp-content\/uploads\/2016\/02\/ud2-768x767.jpg 768w, https:\/\/www.gamberetta.it\/wp-content\/uploads\/2016\/02\/ud2-740x739.jpg 740w\" sizes=\"(max-width: 640px) 100vw, 640px\" \/><\/a> <a href=\"https:\/\/www.gamberetta.it\/\/2016\/02\/07\/udine-citta-darte-da-tiepolo-a-casa-cavazzini\/ud1\/\" rel=\"attachment wp-att-7854\"><img loading=\"lazy\" decoding=\"async\" class=\"aligncenter size-full wp-image-7854\" src=\"https:\/\/www.gamberetta.it\/wp-content\/uploads\/2016\/02\/ud1.jpg\" alt=\"\" width=\"640\" height=\"640\" srcset=\"https:\/\/www.gamberetta.it\/wp-content\/uploads\/2016\/02\/ud1.jpg 960w, https:\/\/www.gamberetta.it\/wp-content\/uploads\/2016\/02\/ud1-150x150.jpg 150w, https:\/\/www.gamberetta.it\/wp-content\/uploads\/2016\/02\/ud1-300x300.jpg 300w, https:\/\/www.gamberetta.it\/wp-content\/uploads\/2016\/02\/ud1-768x768.jpg 768w, https:\/\/www.gamberetta.it\/wp-content\/uploads\/2016\/02\/ud1-740x740.jpg 740w\" sizes=\"(max-width: 640px) 100vw, 640px\" \/><\/a><\/p>\n<p><span style=\"color:#000000;\"><span style=\"font-family:Calibri, sans-serif;\">Ti \u00e8 piaciuto questo post ? Allora leggi anche gli altri, li trovi qui:<\/span><\/span><\/p>\n<p align=\"LEFT\">\n<blockquote class=\"wp-embedded-content\" data-secret=\"M1mxOEe36J\"><p><a href=\"https:\/\/www.gamberetta.it\/it\/in-tour-blog-educ-press\/in-friuli-a-passeggio-nella-storia\/\">In Friuli a passeggio nella storia, Maggio 2014<\/a><\/p><\/blockquote>\n<p><iframe loading=\"lazy\" class=\"wp-embedded-content\" sandbox=\"allow-scripts\" security=\"restricted\" style=\"position: absolute; clip: rect(1px, 1px, 1px, 1px);\" title=\"&#8220;In Friuli a passeggio nella storia, Maggio 2014&#8221; &#8212; Gamberetta\" src=\"https:\/\/www.gamberetta.it\/it\/in-tour-blog-educ-press\/in-friuli-a-passeggio-nella-storia\/embed\/#?secret=M1mxOEe36J\" data-secret=\"M1mxOEe36J\" width=\"600\" height=\"338\" frameborder=\"0\" marginwidth=\"0\" marginheight=\"0\" scrolling=\"no\"><\/iframe><\/p>\n","protected":false},"excerpt":{"rendered":"<p>Una settimana fa sono stata a Udine per visitare la mostra su Tina Modotti allestita a Casa Cavazzini. Era un Instameet organizzato dagli amici Igers di Udine, non finir\u00f2 mai di ringraziare Giorgia, Nensi e gli altri per questa stupenda visita. Siccome avete tempo fino alla fine di febbraio, vi invito caldamente ad andarci e, &hellip; <a class=\"more-link\" href=\"https:\/\/www.gamberetta.it\/it\/2016\/02\/07\/udine-citta-darte-da-tiepolo-a-casa-cavazzini\/\">Leggi tutto<i class=\"ion-ios-arrow-thin-right\"><\/i><\/a><\/p>\n","protected":false},"author":2,"featured_media":9664,"comment_status":"open","ping_status":"closed","sticky":false,"template":"","format":"standard","meta":{"footnotes":""},"categories":[68,33,58],"tags":[1094,742,1808,1103,660,632,1809,1095,404,1810,1141,406,1104,1811,1105,1142,1115,1812,1813,1106,263,1143,637,1096,1144,1107,694,1814,1145,824,416,1116,700,1108,1109],"class_list":["post-7837","post","type-post","status-publish","format-standard","has-post-thumbnail","hentry","category-food-wine","category-travelling","category-venezia","tag-adristorical-blogtour","tag-adristorical-lands","tag-afro-basaldella","tag-alpi-carniche","tag-aria-di-festa","tag-carnia","tag-casa-cavazzini","tag-caserme","tag-cividale","tag-dino-basaldella","tag-donatella-ruttar","tag-friuli","tag-gemona","tag-giambattista-tiepolo","tag-giro-ditalia","tag-grimacco","tag-invito-a-pranzo","tag-mario-rimoldi","tag-mirko-basaldella","tag-monte-san-simeone","tag-pordenone","tag-postaja-topolove","tag-san-daniele","tag-spaccamela","tag-stazione-di-topolo","tag-strada-statale-pontebbana","tag-terremoto-6-maggio-1976","tag-tina-modotti","tag-topolo","tag-trieste","tag-udine","tag-valli-del-natisone","tag-venzone","tag-via-bini","tag-zoncolan"],"yoast_head":"<!-- This site is optimized with the Yoast SEO plugin v23.5 - https:\/\/yoast.com\/wordpress\/plugins\/seo\/ -->\n<title>UDINE CITTA&#039; D&#039;ARTE, DA TIEPOLO A CASA CAVAZZINI - Gamberetta<\/title>\n<meta name=\"robots\" content=\"index, follow, max-snippet:-1, max-image-preview:large, max-video-preview:-1\" \/>\n<link rel=\"canonical\" href=\"https:\/\/www.gamberetta.it\/it\/2016\/02\/07\/udine-citta-darte-da-tiepolo-a-casa-cavazzini\/\" \/>\n<meta property=\"og:locale\" content=\"it_IT\" \/>\n<meta property=\"og:type\" content=\"article\" \/>\n<meta property=\"og:title\" content=\"UDINE CITTA&#039; D&#039;ARTE, DA TIEPOLO A CASA CAVAZZINI - Gamberetta\" \/>\n<meta property=\"og:description\" content=\"Una settimana fa sono stata a Udine per visitare la mostra su Tina Modotti allestita a Casa Cavazzini. Era un Instameet organizzato dagli amici Igers di Udine, non finir\u00f2 mai di ringraziare Giorgia, Nensi e gli altri per questa stupenda visita. Siccome avete tempo fino alla fine di febbraio, vi invito caldamente ad andarci e, &hellip; Leggi tutto\" \/>\n<meta property=\"og:url\" content=\"https:\/\/www.gamberetta.it\/it\/2016\/02\/07\/udine-citta-darte-da-tiepolo-a-casa-cavazzini\/\" \/>\n<meta property=\"og:site_name\" content=\"Gamberetta\" \/>\n<meta property=\"article:publisher\" content=\"https:\/\/www.facebook.com\/Gamberettatravelblog\" \/>\n<meta property=\"article:published_time\" content=\"2016-02-07T20:20:34+00:00\" \/>\n<meta property=\"og:image\" content=\"https:\/\/www.gamberetta.it\/wp-content\/uploads\/2016\/02\/ud3-1.jpg\" \/>\n\t<meta property=\"og:image:width\" content=\"526\" \/>\n\t<meta property=\"og:image:height\" content=\"526\" \/>\n\t<meta property=\"og:image:type\" content=\"image\/jpeg\" \/>\n<meta name=\"author\" content=\"gamberetta\" \/>\n<meta name=\"twitter:card\" content=\"summary_large_image\" \/>\n<meta name=\"twitter:creator\" content=\"@robertazennaro\" \/>\n<meta name=\"twitter:site\" content=\"@robertazennaro\" \/>\n<meta name=\"twitter:label1\" content=\"Scritto da\" \/>\n\t<meta name=\"twitter:data1\" content=\"gamberetta\" \/>\n\t<meta name=\"twitter:label2\" content=\"Tempo di lettura stimato\" \/>\n\t<meta name=\"twitter:data2\" content=\"4 minuti\" \/>\n<script type=\"application\/ld+json\" class=\"yoast-schema-graph\">{\"@context\":\"https:\/\/schema.org\",\"@graph\":[{\"@type\":\"WebPage\",\"@id\":\"https:\/\/www.gamberetta.it\/it\/2016\/02\/07\/udine-citta-darte-da-tiepolo-a-casa-cavazzini\/\",\"url\":\"https:\/\/www.gamberetta.it\/it\/2016\/02\/07\/udine-citta-darte-da-tiepolo-a-casa-cavazzini\/\",\"name\":\"UDINE CITTA' D'ARTE, DA TIEPOLO A CASA CAVAZZINI - Gamberetta\",\"isPartOf\":{\"@id\":\"https:\/\/www.gamberetta.it\/it\/#website\"},\"primaryImageOfPage\":{\"@id\":\"https:\/\/www.gamberetta.it\/it\/2016\/02\/07\/udine-citta-darte-da-tiepolo-a-casa-cavazzini\/#primaryimage\"},\"image\":{\"@id\":\"https:\/\/www.gamberetta.it\/it\/2016\/02\/07\/udine-citta-darte-da-tiepolo-a-casa-cavazzini\/#primaryimage\"},\"thumbnailUrl\":\"https:\/\/www.gamberetta.it\/wp-content\/uploads\/2016\/02\/ud3-1.jpg\",\"datePublished\":\"2016-02-07T20:20:34+00:00\",\"dateModified\":\"2016-02-07T20:20:34+00:00\",\"author\":{\"@id\":\"https:\/\/www.gamberetta.it\/it\/#\/schema\/person\/7a4a919927c944edb5f3f9c665590124\"},\"breadcrumb\":{\"@id\":\"https:\/\/www.gamberetta.it\/it\/2016\/02\/07\/udine-citta-darte-da-tiepolo-a-casa-cavazzini\/#breadcrumb\"},\"inLanguage\":\"it-IT\",\"potentialAction\":[{\"@type\":\"ReadAction\",\"target\":[\"https:\/\/www.gamberetta.it\/it\/2016\/02\/07\/udine-citta-darte-da-tiepolo-a-casa-cavazzini\/\"]}]},{\"@type\":\"ImageObject\",\"inLanguage\":\"it-IT\",\"@id\":\"https:\/\/www.gamberetta.it\/it\/2016\/02\/07\/udine-citta-darte-da-tiepolo-a-casa-cavazzini\/#primaryimage\",\"url\":\"https:\/\/www.gamberetta.it\/wp-content\/uploads\/2016\/02\/ud3-1.jpg\",\"contentUrl\":\"https:\/\/www.gamberetta.it\/wp-content\/uploads\/2016\/02\/ud3-1.jpg\",\"width\":526,\"height\":526},{\"@type\":\"BreadcrumbList\",\"@id\":\"https:\/\/www.gamberetta.it\/it\/2016\/02\/07\/udine-citta-darte-da-tiepolo-a-casa-cavazzini\/#breadcrumb\",\"itemListElement\":[{\"@type\":\"ListItem\",\"position\":1,\"name\":\"Home\",\"item\":\"https:\/\/www.gamberetta.it\/it\/\"},{\"@type\":\"ListItem\",\"position\":2,\"name\":\"UDINE CITTA&#8217; D&#8217;ARTE, DA TIEPOLO A CASA CAVAZZINI\"}]},{\"@type\":\"WebSite\",\"@id\":\"https:\/\/www.gamberetta.it\/it\/#website\",\"url\":\"https:\/\/www.gamberetta.it\/it\/\",\"name\":\"Gamberetta\",\"description\":\"Il mio blog senza fronzoli: pensieri e parole, sempre e ovunque in viaggio\",\"potentialAction\":[{\"@type\":\"SearchAction\",\"target\":{\"@type\":\"EntryPoint\",\"urlTemplate\":\"https:\/\/www.gamberetta.it\/it\/?s={search_term_string}\"},\"query-input\":{\"@type\":\"PropertyValueSpecification\",\"valueRequired\":true,\"valueName\":\"search_term_string\"}}],\"inLanguage\":\"it-IT\"},{\"@type\":\"Person\",\"@id\":\"https:\/\/www.gamberetta.it\/it\/#\/schema\/person\/7a4a919927c944edb5f3f9c665590124\",\"name\":\"gamberetta\",\"image\":{\"@type\":\"ImageObject\",\"inLanguage\":\"it-IT\",\"@id\":\"https:\/\/www.gamberetta.it\/it\/#\/schema\/person\/image\/\",\"url\":\"https:\/\/secure.gravatar.com\/avatar\/7ef5d82656b8958070b4f589b7ae1784?s=96&d=mm&r=g\",\"contentUrl\":\"https:\/\/secure.gravatar.com\/avatar\/7ef5d82656b8958070b4f589b7ae1784?s=96&d=mm&r=g\",\"caption\":\"gamberetta\"},\"description\":\"Sono Toro ascendente Scorpione, terra di contrasti dove ora prevale una met\u00e0, ora l\u2019altra. L\u2019infanzia in Veneto e gli ultimi anni passati a Milano hanno sviluppato in me una serie ulteriore di conflitti. Scrivo da sempre, la scrittura \u00e8 la migliore forma espressiva che mi consente di fissare concetti altrimenti sospesi nell\u2019aria. Da bambina scrivevo poesie con uno stile quasi leopardiano poi sono passata ai diari di viaggio dalla prima volta in USA nel 1998 e non ho pi\u00f9 smesso...\",\"url\":\"https:\/\/www.gamberetta.it\/it\/author\/gamberettarossa\/\"}]}<\/script>\n<!-- \/ Yoast SEO plugin. -->","yoast_head_json":{"title":"UDINE CITTA' D'ARTE, DA TIEPOLO A CASA CAVAZZINI - Gamberetta","robots":{"index":"index","follow":"follow","max-snippet":"max-snippet:-1","max-image-preview":"max-image-preview:large","max-video-preview":"max-video-preview:-1"},"canonical":"https:\/\/www.gamberetta.it\/it\/2016\/02\/07\/udine-citta-darte-da-tiepolo-a-casa-cavazzini\/","og_locale":"it_IT","og_type":"article","og_title":"UDINE CITTA' D'ARTE, DA TIEPOLO A CASA CAVAZZINI - Gamberetta","og_description":"Una settimana fa sono stata a Udine per visitare la mostra su Tina Modotti allestita a Casa Cavazzini. Era un Instameet organizzato dagli amici Igers di Udine, non finir\u00f2 mai di ringraziare Giorgia, Nensi e gli altri per questa stupenda visita. Siccome avete tempo fino alla fine di febbraio, vi invito caldamente ad andarci e, &hellip; Leggi tutto","og_url":"https:\/\/www.gamberetta.it\/it\/2016\/02\/07\/udine-citta-darte-da-tiepolo-a-casa-cavazzini\/","og_site_name":"Gamberetta","article_publisher":"https:\/\/www.facebook.com\/Gamberettatravelblog","article_published_time":"2016-02-07T20:20:34+00:00","og_image":[{"width":526,"height":526,"url":"https:\/\/www.gamberetta.it\/wp-content\/uploads\/2016\/02\/ud3-1.jpg","type":"image\/jpeg"}],"author":"gamberetta","twitter_card":"summary_large_image","twitter_creator":"@robertazennaro","twitter_site":"@robertazennaro","twitter_misc":{"Scritto da":"gamberetta","Tempo di lettura stimato":"4 minuti"},"schema":{"@context":"https:\/\/schema.org","@graph":[{"@type":"WebPage","@id":"https:\/\/www.gamberetta.it\/it\/2016\/02\/07\/udine-citta-darte-da-tiepolo-a-casa-cavazzini\/","url":"https:\/\/www.gamberetta.it\/it\/2016\/02\/07\/udine-citta-darte-da-tiepolo-a-casa-cavazzini\/","name":"UDINE CITTA' D'ARTE, DA TIEPOLO A CASA CAVAZZINI - Gamberetta","isPartOf":{"@id":"https:\/\/www.gamberetta.it\/it\/#website"},"primaryImageOfPage":{"@id":"https:\/\/www.gamberetta.it\/it\/2016\/02\/07\/udine-citta-darte-da-tiepolo-a-casa-cavazzini\/#primaryimage"},"image":{"@id":"https:\/\/www.gamberetta.it\/it\/2016\/02\/07\/udine-citta-darte-da-tiepolo-a-casa-cavazzini\/#primaryimage"},"thumbnailUrl":"https:\/\/www.gamberetta.it\/wp-content\/uploads\/2016\/02\/ud3-1.jpg","datePublished":"2016-02-07T20:20:34+00:00","dateModified":"2016-02-07T20:20:34+00:00","author":{"@id":"https:\/\/www.gamberetta.it\/it\/#\/schema\/person\/7a4a919927c944edb5f3f9c665590124"},"breadcrumb":{"@id":"https:\/\/www.gamberetta.it\/it\/2016\/02\/07\/udine-citta-darte-da-tiepolo-a-casa-cavazzini\/#breadcrumb"},"inLanguage":"it-IT","potentialAction":[{"@type":"ReadAction","target":["https:\/\/www.gamberetta.it\/it\/2016\/02\/07\/udine-citta-darte-da-tiepolo-a-casa-cavazzini\/"]}]},{"@type":"ImageObject","inLanguage":"it-IT","@id":"https:\/\/www.gamberetta.it\/it\/2016\/02\/07\/udine-citta-darte-da-tiepolo-a-casa-cavazzini\/#primaryimage","url":"https:\/\/www.gamberetta.it\/wp-content\/uploads\/2016\/02\/ud3-1.jpg","contentUrl":"https:\/\/www.gamberetta.it\/wp-content\/uploads\/2016\/02\/ud3-1.jpg","width":526,"height":526},{"@type":"BreadcrumbList","@id":"https:\/\/www.gamberetta.it\/it\/2016\/02\/07\/udine-citta-darte-da-tiepolo-a-casa-cavazzini\/#breadcrumb","itemListElement":[{"@type":"ListItem","position":1,"name":"Home","item":"https:\/\/www.gamberetta.it\/it\/"},{"@type":"ListItem","position":2,"name":"UDINE CITTA&#8217; D&#8217;ARTE, DA TIEPOLO A CASA CAVAZZINI"}]},{"@type":"WebSite","@id":"https:\/\/www.gamberetta.it\/it\/#website","url":"https:\/\/www.gamberetta.it\/it\/","name":"Gamberetta","description":"Il mio blog senza fronzoli: pensieri e parole, sempre e ovunque in viaggio","potentialAction":[{"@type":"SearchAction","target":{"@type":"EntryPoint","urlTemplate":"https:\/\/www.gamberetta.it\/it\/?s={search_term_string}"},"query-input":{"@type":"PropertyValueSpecification","valueRequired":true,"valueName":"search_term_string"}}],"inLanguage":"it-IT"},{"@type":"Person","@id":"https:\/\/www.gamberetta.it\/it\/#\/schema\/person\/7a4a919927c944edb5f3f9c665590124","name":"gamberetta","image":{"@type":"ImageObject","inLanguage":"it-IT","@id":"https:\/\/www.gamberetta.it\/it\/#\/schema\/person\/image\/","url":"https:\/\/secure.gravatar.com\/avatar\/7ef5d82656b8958070b4f589b7ae1784?s=96&d=mm&r=g","contentUrl":"https:\/\/secure.gravatar.com\/avatar\/7ef5d82656b8958070b4f589b7ae1784?s=96&d=mm&r=g","caption":"gamberetta"},"description":"Sono Toro ascendente Scorpione, terra di contrasti dove ora prevale una met\u00e0, ora l\u2019altra. L\u2019infanzia in Veneto e gli ultimi anni passati a Milano hanno sviluppato in me una serie ulteriore di conflitti. Scrivo da sempre, la scrittura \u00e8 la migliore forma espressiva che mi consente di fissare concetti altrimenti sospesi nell\u2019aria. Da bambina scrivevo poesie con uno stile quasi leopardiano poi sono passata ai diari di viaggio dalla prima volta in USA nel 1998 e non ho pi\u00f9 smesso...","url":"https:\/\/www.gamberetta.it\/it\/author\/gamberettarossa\/"}]}},"_links":{"self":[{"href":"https:\/\/www.gamberetta.it\/it\/wp-json\/wp\/v2\/posts\/7837"}],"collection":[{"href":"https:\/\/www.gamberetta.it\/it\/wp-json\/wp\/v2\/posts"}],"about":[{"href":"https:\/\/www.gamberetta.it\/it\/wp-json\/wp\/v2\/types\/post"}],"author":[{"embeddable":true,"href":"https:\/\/www.gamberetta.it\/it\/wp-json\/wp\/v2\/users\/2"}],"replies":[{"embeddable":true,"href":"https:\/\/www.gamberetta.it\/it\/wp-json\/wp\/v2\/comments?post=7837"}],"version-history":[{"count":0,"href":"https:\/\/www.gamberetta.it\/it\/wp-json\/wp\/v2\/posts\/7837\/revisions"}],"wp:featuredmedia":[{"embeddable":true,"href":"https:\/\/www.gamberetta.it\/it\/wp-json\/wp\/v2\/media\/9664"}],"wp:attachment":[{"href":"https:\/\/www.gamberetta.it\/it\/wp-json\/wp\/v2\/media?parent=7837"}],"wp:term":[{"taxonomy":"category","embeddable":true,"href":"https:\/\/www.gamberetta.it\/it\/wp-json\/wp\/v2\/categories?post=7837"},{"taxonomy":"post_tag","embeddable":true,"href":"https:\/\/www.gamberetta.it\/it\/wp-json\/wp\/v2\/tags?post=7837"}],"curies":[{"name":"wp","href":"https:\/\/api.w.org\/{rel}","templated":true}]}}