{"id":9461,"date":"2016-12-27T21:12:59","date_gmt":"2016-12-27T20:12:59","guid":{"rendered":"https:\/\/www.gamberetta.it\/it\/?p=9461"},"modified":"2020-10-17T17:31:52","modified_gmt":"2020-10-17T15:31:52","slug":"nasce-epotenza-rinnovato-portale-turistico-del-capoluogo-lucano","status":"publish","type":"post","link":"https:\/\/www.gamberetta.it\/it\/2016\/12\/27\/nasce-epotenza-rinnovato-portale-turistico-del-capoluogo-lucano\/","title":{"rendered":"NASCE \u00c8POTENZA, IL RINNOVATO PORTALE TURISTICO DEL CAPOLUOGO LUCANO"},"content":{"rendered":"\n<p><span style=\"color: #000000\"><span style=\"font-family: Calibri, sans-serif\"><span style=\"font-size: medium\">Marted\u00ec 20 dicembre \u00e8 stato presentato il portale turistico del capoluogo lucano, che mette l&#8217;accento di nome e di fatto su Potenza. La citt\u00e0 dove il 31 dicembre ci sar\u00e0 la diretta televisiva RAI con il <b>concerto di Capodanno in piazza Mario Pagano<\/b>, la stessa citt\u00e0 dove c&#8217;\u00e8 un rinnovato fervore culturale. E io che ci sono stata sei mesi fa posso confermare che nella sua pacatezza \u00e8 una citt\u00e0 da visitare, magari in occasione di eventi come la <b>Storica Parata dei Turchi<\/b> a cui ho partecipato con tanta emozione. Lo so devo ancora scriverne, abbiate pazienza intanto leggete \u00e8Potenza perch\u00e9 nella sezione Testimonianze ci sono anch&#8217;io!<\/span><\/span><\/span><\/p>\n\n\n\n<p><a href=\"http:\/\/www.epotenza.it\/testimonianze\/roberta-zennero\" class=\"broken_link\">http:\/\/www.epotenza.it\/testimonianze\/roberta-zennero<\/a><\/p>\n\n\n\n<p><span style=\"color: #000000\"><span style=\"font-family: Calibri, sans-serif\"><span style=\"font-size: medium\">A parte il fatto che ho gli occhi azzurri (!!!) quel che racconto in qualit\u00e0 di blogger invitata, o per meglio dire catapultata nell&#8217;evento \u00e8 proprio la sensazione di fermento, che spero si diffonda tutto l&#8217;anno a partire dal 2017. Su \u00e8Potenza si possono visionare in diretta gli appuntamenti e gli eventi culturali, si pu\u00f2 cercare una meta per lo shopping o un ristorante, assieme alle informazioni utili sulla mobilit\u00e0 e gli altri servizi presenti in citt\u00e0.<\/span><\/span><\/span><\/p>\n\n\n\n<div class=\"wp-block-image\"><figure class=\"aligncenter\"><img loading=\"lazy\" decoding=\"async\" width=\"300\" height=\"225\" src=\"https:\/\/www.gamberetta.it\/wp-content\/uploads\/2016\/12\/20160528_231334-300x225.jpg\" alt=\"20160528_231334\" class=\"wp-image-9463\" srcset=\"https:\/\/www.gamberetta.it\/wp-content\/uploads\/2016\/12\/20160528_231334-300x225.jpg 300w, https:\/\/www.gamberetta.it\/wp-content\/uploads\/2016\/12\/20160528_231334-768x576.jpg 768w, https:\/\/www.gamberetta.it\/wp-content\/uploads\/2016\/12\/20160528_231334-1024x768.jpg 1024w, https:\/\/www.gamberetta.it\/wp-content\/uploads\/2016\/12\/20160528_231334-60x45.jpg 60w, https:\/\/www.gamberetta.it\/wp-content\/uploads\/2016\/12\/20160528_231334-1000x750.jpg 1000w, https:\/\/www.gamberetta.it\/wp-content\/uploads\/2016\/12\/20160528_231334-570x428.jpg 570w, https:\/\/www.gamberetta.it\/wp-content\/uploads\/2016\/12\/20160528_231334-330x248.jpg 330w, https:\/\/www.gamberetta.it\/wp-content\/uploads\/2016\/12\/20160528_231334.jpg 1200w\" sizes=\"(max-width: 300px) 100vw, 300px\" \/><\/figure><\/div>\n\n\n\n<p><span style=\"color: #000000\"><span style=\"font-family: Calibri, sans-serif\"><span style=\"font-size: medium\">La piattaforma web \u00e8 stata realizzata dalla cooperativa Vertigo, prodotta dall\u2019Apt Basilicata e affidata al Comune di Potenza. Come ha sottolineato <b>Roberto Falotico, assessore alla cultura del Comune<\/b>, con tale operazione non solo saranno agevolati gli ospiti in visita, ma gli stessi abitanti di Potenza avranno a disposizione una vetrina per conoscere e vivere meglio la propria citt\u00e0.<\/span><\/span><\/span><\/p>\n\n\n\n<p><\/p>\n","protected":false},"excerpt":{"rendered":"<p>Marted\u00ec 20 dicembre \u00e8 stato presentato il portale turistico del capoluogo lucano, che mette l&#8217;accento di nome e di fatto su Potenza. La citt\u00e0 dove il 31 dicembre ci sar\u00e0 la diretta televisiva RAI con il concerto di Capodanno in piazza Mario Pagano, la stessa citt\u00e0 dove c&#8217;\u00e8 un rinnovato fervore culturale. E io che &hellip; <a class=\"more-link\" href=\"https:\/\/www.gamberetta.it\/it\/2016\/12\/27\/nasce-epotenza-rinnovato-portale-turistico-del-capoluogo-lucano\/\">Leggi tutto<i class=\"ion-ios-arrow-thin-right\"><\/i><\/a><\/p>\n","protected":false},"author":2,"featured_media":9463,"comment_status":"open","ping_status":"closed","sticky":false,"template":"","format":"standard","meta":{"footnotes":""},"categories":[33,34],"tags":[1952,1953,1955,1954,1951,1889],"class_list":["post-9461","post","type-post","status-publish","format-standard","has-post-thumbnail","hentry","category-travelling","category-viaggi-italia-europa","tag-apt-basilicata","tag-assessore-roberto-falotico","tag-capodanno-2016-a-potenza","tag-concerto-di-capodanno-in-piazza-mario-pagano","tag-epotenza","tag-potenza"],"yoast_head":"<!-- This site is optimized with the Yoast SEO plugin v23.5 - https:\/\/yoast.com\/wordpress\/plugins\/seo\/ -->\n<title>NASCE \u00c8POTENZA, IL RINNOVATO PORTALE TURISTICO DEL CAPOLUOGO LUCANO - Gamberetta<\/title>\n<meta name=\"robots\" content=\"index, follow, max-snippet:-1, max-image-preview:large, max-video-preview:-1\" \/>\n<link rel=\"canonical\" href=\"https:\/\/www.gamberetta.it\/it\/2016\/12\/27\/nasce-epotenza-rinnovato-portale-turistico-del-capoluogo-lucano\/\" \/>\n<meta property=\"og:locale\" content=\"it_IT\" \/>\n<meta property=\"og:type\" content=\"article\" \/>\n<meta property=\"og:title\" content=\"NASCE \u00c8POTENZA, IL RINNOVATO PORTALE TURISTICO DEL CAPOLUOGO LUCANO - Gamberetta\" \/>\n<meta property=\"og:description\" content=\"Marted\u00ec 20 dicembre \u00e8 stato presentato il portale turistico del capoluogo lucano, che mette l&#8217;accento di nome e di fatto su Potenza. La citt\u00e0 dove il 31 dicembre ci sar\u00e0 la diretta televisiva RAI con il concerto di Capodanno in piazza Mario Pagano, la stessa citt\u00e0 dove c&#8217;\u00e8 un rinnovato fervore culturale. E io che &hellip; Leggi tutto\" \/>\n<meta property=\"og:url\" content=\"https:\/\/www.gamberetta.it\/it\/2016\/12\/27\/nasce-epotenza-rinnovato-portale-turistico-del-capoluogo-lucano\/\" \/>\n<meta property=\"og:site_name\" content=\"Gamberetta\" \/>\n<meta property=\"article:publisher\" content=\"https:\/\/www.facebook.com\/Gamberettatravelblog\" \/>\n<meta property=\"article:published_time\" content=\"2016-12-27T20:12:59+00:00\" \/>\n<meta property=\"article:modified_time\" content=\"2020-10-17T15:31:52+00:00\" \/>\n<meta property=\"og:image\" content=\"https:\/\/www.gamberetta.it\/wp-content\/uploads\/2016\/12\/20160528_231334.jpg\" \/>\n\t<meta property=\"og:image:width\" content=\"1200\" \/>\n\t<meta property=\"og:image:height\" content=\"900\" \/>\n\t<meta property=\"og:image:type\" content=\"image\/jpeg\" \/>\n<meta name=\"author\" content=\"gamberetta\" \/>\n<meta name=\"twitter:card\" content=\"summary_large_image\" \/>\n<meta name=\"twitter:creator\" content=\"@robertazennaro\" \/>\n<meta name=\"twitter:site\" content=\"@robertazennaro\" \/>\n<meta name=\"twitter:label1\" content=\"Scritto da\" \/>\n\t<meta name=\"twitter:data1\" content=\"gamberetta\" \/>\n\t<meta name=\"twitter:label2\" content=\"Tempo di lettura stimato\" \/>\n\t<meta name=\"twitter:data2\" content=\"1 minuto\" \/>\n<script type=\"application\/ld+json\" class=\"yoast-schema-graph\">{\"@context\":\"https:\/\/schema.org\",\"@graph\":[{\"@type\":\"WebPage\",\"@id\":\"https:\/\/www.gamberetta.it\/it\/2016\/12\/27\/nasce-epotenza-rinnovato-portale-turistico-del-capoluogo-lucano\/\",\"url\":\"https:\/\/www.gamberetta.it\/it\/2016\/12\/27\/nasce-epotenza-rinnovato-portale-turistico-del-capoluogo-lucano\/\",\"name\":\"NASCE \u00c8POTENZA, IL RINNOVATO PORTALE TURISTICO DEL CAPOLUOGO LUCANO - Gamberetta\",\"isPartOf\":{\"@id\":\"https:\/\/www.gamberetta.it\/it\/#website\"},\"primaryImageOfPage\":{\"@id\":\"https:\/\/www.gamberetta.it\/it\/2016\/12\/27\/nasce-epotenza-rinnovato-portale-turistico-del-capoluogo-lucano\/#primaryimage\"},\"image\":{\"@id\":\"https:\/\/www.gamberetta.it\/it\/2016\/12\/27\/nasce-epotenza-rinnovato-portale-turistico-del-capoluogo-lucano\/#primaryimage\"},\"thumbnailUrl\":\"https:\/\/www.gamberetta.it\/wp-content\/uploads\/2016\/12\/20160528_231334.jpg\",\"datePublished\":\"2016-12-27T20:12:59+00:00\",\"dateModified\":\"2020-10-17T15:31:52+00:00\",\"author\":{\"@id\":\"https:\/\/www.gamberetta.it\/it\/#\/schema\/person\/7a4a919927c944edb5f3f9c665590124\"},\"breadcrumb\":{\"@id\":\"https:\/\/www.gamberetta.it\/it\/2016\/12\/27\/nasce-epotenza-rinnovato-portale-turistico-del-capoluogo-lucano\/#breadcrumb\"},\"inLanguage\":\"it-IT\",\"potentialAction\":[{\"@type\":\"ReadAction\",\"target\":[\"https:\/\/www.gamberetta.it\/it\/2016\/12\/27\/nasce-epotenza-rinnovato-portale-turistico-del-capoluogo-lucano\/\"]}]},{\"@type\":\"ImageObject\",\"inLanguage\":\"it-IT\",\"@id\":\"https:\/\/www.gamberetta.it\/it\/2016\/12\/27\/nasce-epotenza-rinnovato-portale-turistico-del-capoluogo-lucano\/#primaryimage\",\"url\":\"https:\/\/www.gamberetta.it\/wp-content\/uploads\/2016\/12\/20160528_231334.jpg\",\"contentUrl\":\"https:\/\/www.gamberetta.it\/wp-content\/uploads\/2016\/12\/20160528_231334.jpg\",\"width\":1200,\"height\":900},{\"@type\":\"BreadcrumbList\",\"@id\":\"https:\/\/www.gamberetta.it\/it\/2016\/12\/27\/nasce-epotenza-rinnovato-portale-turistico-del-capoluogo-lucano\/#breadcrumb\",\"itemListElement\":[{\"@type\":\"ListItem\",\"position\":1,\"name\":\"Home\",\"item\":\"https:\/\/www.gamberetta.it\/it\/\"},{\"@type\":\"ListItem\",\"position\":2,\"name\":\"NASCE \u00c8POTENZA, IL RINNOVATO PORTALE TURISTICO DEL CAPOLUOGO LUCANO\"}]},{\"@type\":\"WebSite\",\"@id\":\"https:\/\/www.gamberetta.it\/it\/#website\",\"url\":\"https:\/\/www.gamberetta.it\/it\/\",\"name\":\"Gamberetta\",\"description\":\"Il mio blog senza fronzoli: pensieri e parole, sempre e ovunque in viaggio\",\"potentialAction\":[{\"@type\":\"SearchAction\",\"target\":{\"@type\":\"EntryPoint\",\"urlTemplate\":\"https:\/\/www.gamberetta.it\/it\/?s={search_term_string}\"},\"query-input\":{\"@type\":\"PropertyValueSpecification\",\"valueRequired\":true,\"valueName\":\"search_term_string\"}}],\"inLanguage\":\"it-IT\"},{\"@type\":\"Person\",\"@id\":\"https:\/\/www.gamberetta.it\/it\/#\/schema\/person\/7a4a919927c944edb5f3f9c665590124\",\"name\":\"gamberetta\",\"image\":{\"@type\":\"ImageObject\",\"inLanguage\":\"it-IT\",\"@id\":\"https:\/\/www.gamberetta.it\/it\/#\/schema\/person\/image\/\",\"url\":\"https:\/\/secure.gravatar.com\/avatar\/7ef5d82656b8958070b4f589b7ae1784?s=96&d=mm&r=g\",\"contentUrl\":\"https:\/\/secure.gravatar.com\/avatar\/7ef5d82656b8958070b4f589b7ae1784?s=96&d=mm&r=g\",\"caption\":\"gamberetta\"},\"description\":\"Sono Toro ascendente Scorpione, terra di contrasti dove ora prevale una met\u00e0, ora l\u2019altra. L\u2019infanzia in Veneto e gli ultimi anni passati a Milano hanno sviluppato in me una serie ulteriore di conflitti. Scrivo da sempre, la scrittura \u00e8 la migliore forma espressiva che mi consente di fissare concetti altrimenti sospesi nell\u2019aria. Da bambina scrivevo poesie con uno stile quasi leopardiano poi sono passata ai diari di viaggio dalla prima volta in USA nel 1998 e non ho pi\u00f9 smesso...\",\"url\":\"https:\/\/www.gamberetta.it\/it\/author\/gamberettarossa\/\"}]}<\/script>\n<!-- \/ Yoast SEO plugin. -->","yoast_head_json":{"title":"NASCE \u00c8POTENZA, IL RINNOVATO PORTALE TURISTICO DEL CAPOLUOGO LUCANO - Gamberetta","robots":{"index":"index","follow":"follow","max-snippet":"max-snippet:-1","max-image-preview":"max-image-preview:large","max-video-preview":"max-video-preview:-1"},"canonical":"https:\/\/www.gamberetta.it\/it\/2016\/12\/27\/nasce-epotenza-rinnovato-portale-turistico-del-capoluogo-lucano\/","og_locale":"it_IT","og_type":"article","og_title":"NASCE \u00c8POTENZA, IL RINNOVATO PORTALE TURISTICO DEL CAPOLUOGO LUCANO - Gamberetta","og_description":"Marted\u00ec 20 dicembre \u00e8 stato presentato il portale turistico del capoluogo lucano, che mette l&#8217;accento di nome e di fatto su Potenza. La citt\u00e0 dove il 31 dicembre ci sar\u00e0 la diretta televisiva RAI con il concerto di Capodanno in piazza Mario Pagano, la stessa citt\u00e0 dove c&#8217;\u00e8 un rinnovato fervore culturale. E io che &hellip; Leggi tutto","og_url":"https:\/\/www.gamberetta.it\/it\/2016\/12\/27\/nasce-epotenza-rinnovato-portale-turistico-del-capoluogo-lucano\/","og_site_name":"Gamberetta","article_publisher":"https:\/\/www.facebook.com\/Gamberettatravelblog","article_published_time":"2016-12-27T20:12:59+00:00","article_modified_time":"2020-10-17T15:31:52+00:00","og_image":[{"width":1200,"height":900,"url":"https:\/\/www.gamberetta.it\/wp-content\/uploads\/2016\/12\/20160528_231334.jpg","type":"image\/jpeg"}],"author":"gamberetta","twitter_card":"summary_large_image","twitter_creator":"@robertazennaro","twitter_site":"@robertazennaro","twitter_misc":{"Scritto da":"gamberetta","Tempo di lettura stimato":"1 minuto"},"schema":{"@context":"https:\/\/schema.org","@graph":[{"@type":"WebPage","@id":"https:\/\/www.gamberetta.it\/it\/2016\/12\/27\/nasce-epotenza-rinnovato-portale-turistico-del-capoluogo-lucano\/","url":"https:\/\/www.gamberetta.it\/it\/2016\/12\/27\/nasce-epotenza-rinnovato-portale-turistico-del-capoluogo-lucano\/","name":"NASCE \u00c8POTENZA, IL RINNOVATO PORTALE TURISTICO DEL CAPOLUOGO LUCANO - Gamberetta","isPartOf":{"@id":"https:\/\/www.gamberetta.it\/it\/#website"},"primaryImageOfPage":{"@id":"https:\/\/www.gamberetta.it\/it\/2016\/12\/27\/nasce-epotenza-rinnovato-portale-turistico-del-capoluogo-lucano\/#primaryimage"},"image":{"@id":"https:\/\/www.gamberetta.it\/it\/2016\/12\/27\/nasce-epotenza-rinnovato-portale-turistico-del-capoluogo-lucano\/#primaryimage"},"thumbnailUrl":"https:\/\/www.gamberetta.it\/wp-content\/uploads\/2016\/12\/20160528_231334.jpg","datePublished":"2016-12-27T20:12:59+00:00","dateModified":"2020-10-17T15:31:52+00:00","author":{"@id":"https:\/\/www.gamberetta.it\/it\/#\/schema\/person\/7a4a919927c944edb5f3f9c665590124"},"breadcrumb":{"@id":"https:\/\/www.gamberetta.it\/it\/2016\/12\/27\/nasce-epotenza-rinnovato-portale-turistico-del-capoluogo-lucano\/#breadcrumb"},"inLanguage":"it-IT","potentialAction":[{"@type":"ReadAction","target":["https:\/\/www.gamberetta.it\/it\/2016\/12\/27\/nasce-epotenza-rinnovato-portale-turistico-del-capoluogo-lucano\/"]}]},{"@type":"ImageObject","inLanguage":"it-IT","@id":"https:\/\/www.gamberetta.it\/it\/2016\/12\/27\/nasce-epotenza-rinnovato-portale-turistico-del-capoluogo-lucano\/#primaryimage","url":"https:\/\/www.gamberetta.it\/wp-content\/uploads\/2016\/12\/20160528_231334.jpg","contentUrl":"https:\/\/www.gamberetta.it\/wp-content\/uploads\/2016\/12\/20160528_231334.jpg","width":1200,"height":900},{"@type":"BreadcrumbList","@id":"https:\/\/www.gamberetta.it\/it\/2016\/12\/27\/nasce-epotenza-rinnovato-portale-turistico-del-capoluogo-lucano\/#breadcrumb","itemListElement":[{"@type":"ListItem","position":1,"name":"Home","item":"https:\/\/www.gamberetta.it\/it\/"},{"@type":"ListItem","position":2,"name":"NASCE \u00c8POTENZA, IL RINNOVATO PORTALE TURISTICO DEL CAPOLUOGO LUCANO"}]},{"@type":"WebSite","@id":"https:\/\/www.gamberetta.it\/it\/#website","url":"https:\/\/www.gamberetta.it\/it\/","name":"Gamberetta","description":"Il mio blog senza fronzoli: pensieri e parole, sempre e ovunque in viaggio","potentialAction":[{"@type":"SearchAction","target":{"@type":"EntryPoint","urlTemplate":"https:\/\/www.gamberetta.it\/it\/?s={search_term_string}"},"query-input":{"@type":"PropertyValueSpecification","valueRequired":true,"valueName":"search_term_string"}}],"inLanguage":"it-IT"},{"@type":"Person","@id":"https:\/\/www.gamberetta.it\/it\/#\/schema\/person\/7a4a919927c944edb5f3f9c665590124","name":"gamberetta","image":{"@type":"ImageObject","inLanguage":"it-IT","@id":"https:\/\/www.gamberetta.it\/it\/#\/schema\/person\/image\/","url":"https:\/\/secure.gravatar.com\/avatar\/7ef5d82656b8958070b4f589b7ae1784?s=96&d=mm&r=g","contentUrl":"https:\/\/secure.gravatar.com\/avatar\/7ef5d82656b8958070b4f589b7ae1784?s=96&d=mm&r=g","caption":"gamberetta"},"description":"Sono Toro ascendente Scorpione, terra di contrasti dove ora prevale una met\u00e0, ora l\u2019altra. L\u2019infanzia in Veneto e gli ultimi anni passati a Milano hanno sviluppato in me una serie ulteriore di conflitti. Scrivo da sempre, la scrittura \u00e8 la migliore forma espressiva che mi consente di fissare concetti altrimenti sospesi nell\u2019aria. Da bambina scrivevo poesie con uno stile quasi leopardiano poi sono passata ai diari di viaggio dalla prima volta in USA nel 1998 e non ho pi\u00f9 smesso...","url":"https:\/\/www.gamberetta.it\/it\/author\/gamberettarossa\/"}]}},"_links":{"self":[{"href":"https:\/\/www.gamberetta.it\/it\/wp-json\/wp\/v2\/posts\/9461"}],"collection":[{"href":"https:\/\/www.gamberetta.it\/it\/wp-json\/wp\/v2\/posts"}],"about":[{"href":"https:\/\/www.gamberetta.it\/it\/wp-json\/wp\/v2\/types\/post"}],"author":[{"embeddable":true,"href":"https:\/\/www.gamberetta.it\/it\/wp-json\/wp\/v2\/users\/2"}],"replies":[{"embeddable":true,"href":"https:\/\/www.gamberetta.it\/it\/wp-json\/wp\/v2\/comments?post=9461"}],"version-history":[{"count":1,"href":"https:\/\/www.gamberetta.it\/it\/wp-json\/wp\/v2\/posts\/9461\/revisions"}],"predecessor-version":[{"id":17375,"href":"https:\/\/www.gamberetta.it\/it\/wp-json\/wp\/v2\/posts\/9461\/revisions\/17375"}],"wp:featuredmedia":[{"embeddable":true,"href":"https:\/\/www.gamberetta.it\/it\/wp-json\/wp\/v2\/media\/9463"}],"wp:attachment":[{"href":"https:\/\/www.gamberetta.it\/it\/wp-json\/wp\/v2\/media?parent=9461"}],"wp:term":[{"taxonomy":"category","embeddable":true,"href":"https:\/\/www.gamberetta.it\/it\/wp-json\/wp\/v2\/categories?post=9461"},{"taxonomy":"post_tag","embeddable":true,"href":"https:\/\/www.gamberetta.it\/it\/wp-json\/wp\/v2\/tags?post=9461"}],"curies":[{"name":"wp","href":"https:\/\/api.w.org\/{rel}","templated":true}]}}