{"id":961,"date":"2013-02-01T22:26:21","date_gmt":"2013-02-01T22:26:21","guid":{"rendered":"https:\/\/www.gamberetta.it\/?p=961"},"modified":"2013-02-01T22:26:21","modified_gmt":"2013-02-01T22:26:21","slug":"in-trasferta-in-toscana-tra-pieraccioni-e-papaleo","status":"publish","type":"post","link":"https:\/\/www.gamberetta.it\/it\/2013\/02\/01\/in-trasferta-in-toscana-tra-pieraccioni-e-papaleo\/","title":{"rendered":"IN TRASFERTA IN TOSCANA: TRA PIERACCIONI E PAPALEO"},"content":{"rendered":"<p>Stiamo seduti su degli sgabelli e ci appoggiamo a un tavolo alto mangiando, insieme, quello che esce dalla piccola cucina attigua: un primo, minestra o pasta, un secondo di carne con contorno, pi\u00f9 focaccia o insalata.<br \/>\nQuando passa qualcuno sulla via saluta con un cenno della mano, anche tra passanti si \u00e8 soliti salutare e sorridere. Gli avventori vengono qui con piacere: il mio preferito \u00e8 un ragazzo che luned\u00ec sera mangia qualcosa qui, prima di andare al corso di degustazione vini. Ha due ettari di vigneto nuovo, impiantati a sangiovese; ha appena iniziato a vinificare, ci scambiamo informazioni e gli auguro tutto il bene possibile perch\u00e9 \u00e8 proprio bravo.<br \/>\nCi facciamo compagnia tra un piatto e l&#8217;altro con un bicchiere di vino casereccio, parlando di tutto inclusa ahim\u00e8 la politica. Per una volta \u00e8 un dialogo facile essendo tutti dalla parte giusta, non litighiamo e speriamo che tra un mese il nostro bel paese migliori con le elezioni, chiss\u00e0. Sono circondata da brillanti cinquantenni che portano bene gli anni, pur avendoli vissuti intensamente. I miei padroni di casa sono toscani, hanno questi due locali belli e genuini, uno per dormire l&#8217;altro per mangiare. Gli altri due, lucani, vanno in giro tutto il giorno sul furgone, per distribuire biancheria dalla lavanderia ai locali pubblici di Firenze e dintorni, la sera sono distrutti. Non mi hanno ancora portato l&#8217;aglianico ma glie lo chiedo ogni settimana e prima o poi arriver\u00e0. Io sono arrivata luned\u00ec con due bottiglie di prosecco e tre vasetti di crema per degustazione formaggi, non solo le cipolle con l&#8217;aceto balsamico che avevano gi\u00e0 assaggiato, ma anche i peperoni e un vasetto di miele \u201cbiologico vero\u201d.<br \/>\nParliamo anche di lavoro: dopo un solo mese qui e gi\u00e0 ho imparato un sacco di cose dell&#8217;azienda che mi ha accolto fra le sue braccia. Con l&#8217;anno  nuovo ho avuto la favolosa opportunit\u00e0 di fare il lavoro che desideravo, nel posto dove volevo stare. Sarebbe gi\u00e0 un motivo per essere contenta, ma se faccio una lista delle mie recenti sfortune professionali e se penso al quadro difficile (eufemisticamente) del mercato del lavoro in Italia, mi bacio le mani.<br \/>\nCosa far\u00f2: vender\u00f2 analisi, consulenze e servizi per le aziende agro alimentari, di base nel Triveneto ma con una certa mobilit\u00e0. Mi piace troppo questo lavoro, mi piace tanto l&#8217;azienda che fra l&#8217;altro sta tra Firenze e Siena, quasi nel bellissimo Chianti. Ci sono arrivata in un momento di cambiamento e allargamento dell&#8217;attivit\u00e0, grazie alla fusione con un gruppo internazionale molto pi\u00f9 grande e articolato. C&#8217;\u00e8 tutto da fare, ora sono in affiancamento con colleghi indaffarati che mi chiedono di essere disponibile e propositiva, possibilmente senza complicare il loro lavoro che con la fusione sta cambiando radicalmente. Tutto sta cambiando e io capisco che armonizzare i due modi di lavorare non sar\u00e0 facile, ma dobbiamo provarci insieme. Non sar\u00e0 facile, nulla \u00e8 facile oggi. I clienti chiedono condizioni di vendita e servizio sempre migliori ma non \u00e8 un buon motivo per sbracarsi subito. Spero che i miei capi lo capiscono. Stasera sono stanca e ho ben presenti le difficolt\u00e0 e i problemi ma ci sto provando, incrocio le dita!<br \/>\nE da quando il tempo \u00e8 migliorato, le ultime sere sono salita a Firenze per vedere le mie deliziose amichette dei viaggi. Di solito abbiamo due ore per riassumere le rispettive vite di 2-3 anni ma ce la facciamo. Un aperitivo e via, fuori le chiacchiere, concitate, profonde, sincere. E la prossima settimana andiamo al cinema. Chi viene?  <\/p>\n","protected":false},"excerpt":{"rendered":"<p>Stiamo seduti su degli sgabelli e ci appoggiamo a un tavolo alto mangiando, insieme, quello che esce dalla piccola cucina attigua: un primo, minestra o pasta, un secondo di carne con contorno, pi\u00f9 focaccia o insalata. Quando passa qualcuno sulla via saluta con un cenno della mano, anche tra passanti si \u00e8 soliti salutare e &hellip; <a class=\"more-link\" href=\"https:\/\/www.gamberetta.it\/it\/2013\/02\/01\/in-trasferta-in-toscana-tra-pieraccioni-e-papaleo\/\">Leggi tutto<i class=\"ion-ios-arrow-thin-right\"><\/i><\/a><\/p>\n","protected":false},"author":2,"featured_media":0,"comment_status":"open","ping_status":"closed","sticky":false,"template":"","format":"standard","meta":{"footnotes":""},"categories":[71,68,26,28],"tags":[368,159,369,370,154],"class_list":["post-961","post","type-post","status-publish","format-standard","hentry","category-baratto","category-food-wine","category-friends","category-myself","tag-analisi-agro-alimentari","tag-chianti","tag-firenze","tag-lavoro","tag-toscana"],"yoast_head":"<!-- This site is optimized with the Yoast SEO plugin v23.5 - https:\/\/yoast.com\/wordpress\/plugins\/seo\/ -->\n<title>IN TRASFERTA IN TOSCANA: TRA PIERACCIONI E PAPALEO - Gamberetta<\/title>\n<meta name=\"robots\" content=\"index, follow, max-snippet:-1, max-image-preview:large, max-video-preview:-1\" \/>\n<link rel=\"canonical\" href=\"https:\/\/www.gamberetta.it\/it\/2013\/02\/01\/in-trasferta-in-toscana-tra-pieraccioni-e-papaleo\/\" \/>\n<meta property=\"og:locale\" content=\"it_IT\" \/>\n<meta property=\"og:type\" content=\"article\" \/>\n<meta property=\"og:title\" content=\"IN TRASFERTA IN TOSCANA: TRA PIERACCIONI E PAPALEO - Gamberetta\" \/>\n<meta property=\"og:description\" content=\"Stiamo seduti su degli sgabelli e ci appoggiamo a un tavolo alto mangiando, insieme, quello che esce dalla piccola cucina attigua: un primo, minestra o pasta, un secondo di carne con contorno, pi\u00f9 focaccia o insalata. Quando passa qualcuno sulla via saluta con un cenno della mano, anche tra passanti si \u00e8 soliti salutare e &hellip; Leggi tutto\" \/>\n<meta property=\"og:url\" content=\"https:\/\/www.gamberetta.it\/it\/2013\/02\/01\/in-trasferta-in-toscana-tra-pieraccioni-e-papaleo\/\" \/>\n<meta property=\"og:site_name\" content=\"Gamberetta\" \/>\n<meta property=\"article:publisher\" content=\"https:\/\/www.facebook.com\/Gamberettatravelblog\" \/>\n<meta property=\"article:published_time\" content=\"2013-02-01T22:26:21+00:00\" \/>\n<meta name=\"author\" content=\"gamberetta\" \/>\n<meta name=\"twitter:card\" content=\"summary_large_image\" \/>\n<meta name=\"twitter:creator\" content=\"@robertazennaro\" \/>\n<meta name=\"twitter:site\" content=\"@robertazennaro\" \/>\n<meta name=\"twitter:label1\" content=\"Scritto da\" \/>\n\t<meta name=\"twitter:data1\" content=\"gamberetta\" \/>\n\t<meta name=\"twitter:label2\" content=\"Tempo di lettura stimato\" \/>\n\t<meta name=\"twitter:data2\" content=\"3 minuti\" \/>\n<script type=\"application\/ld+json\" class=\"yoast-schema-graph\">{\"@context\":\"https:\/\/schema.org\",\"@graph\":[{\"@type\":\"WebPage\",\"@id\":\"https:\/\/www.gamberetta.it\/it\/2013\/02\/01\/in-trasferta-in-toscana-tra-pieraccioni-e-papaleo\/\",\"url\":\"https:\/\/www.gamberetta.it\/it\/2013\/02\/01\/in-trasferta-in-toscana-tra-pieraccioni-e-papaleo\/\",\"name\":\"IN TRASFERTA IN TOSCANA: TRA PIERACCIONI E PAPALEO - Gamberetta\",\"isPartOf\":{\"@id\":\"https:\/\/www.gamberetta.it\/it\/#website\"},\"datePublished\":\"2013-02-01T22:26:21+00:00\",\"dateModified\":\"2013-02-01T22:26:21+00:00\",\"author\":{\"@id\":\"https:\/\/www.gamberetta.it\/it\/#\/schema\/person\/7a4a919927c944edb5f3f9c665590124\"},\"breadcrumb\":{\"@id\":\"https:\/\/www.gamberetta.it\/it\/2013\/02\/01\/in-trasferta-in-toscana-tra-pieraccioni-e-papaleo\/#breadcrumb\"},\"inLanguage\":\"it-IT\",\"potentialAction\":[{\"@type\":\"ReadAction\",\"target\":[\"https:\/\/www.gamberetta.it\/it\/2013\/02\/01\/in-trasferta-in-toscana-tra-pieraccioni-e-papaleo\/\"]}]},{\"@type\":\"BreadcrumbList\",\"@id\":\"https:\/\/www.gamberetta.it\/it\/2013\/02\/01\/in-trasferta-in-toscana-tra-pieraccioni-e-papaleo\/#breadcrumb\",\"itemListElement\":[{\"@type\":\"ListItem\",\"position\":1,\"name\":\"Home\",\"item\":\"https:\/\/www.gamberetta.it\/it\/\"},{\"@type\":\"ListItem\",\"position\":2,\"name\":\"IN TRASFERTA IN TOSCANA: TRA PIERACCIONI E PAPALEO\"}]},{\"@type\":\"WebSite\",\"@id\":\"https:\/\/www.gamberetta.it\/it\/#website\",\"url\":\"https:\/\/www.gamberetta.it\/it\/\",\"name\":\"Gamberetta\",\"description\":\"Il mio blog senza fronzoli: pensieri e parole, sempre e ovunque in viaggio\",\"potentialAction\":[{\"@type\":\"SearchAction\",\"target\":{\"@type\":\"EntryPoint\",\"urlTemplate\":\"https:\/\/www.gamberetta.it\/it\/?s={search_term_string}\"},\"query-input\":{\"@type\":\"PropertyValueSpecification\",\"valueRequired\":true,\"valueName\":\"search_term_string\"}}],\"inLanguage\":\"it-IT\"},{\"@type\":\"Person\",\"@id\":\"https:\/\/www.gamberetta.it\/it\/#\/schema\/person\/7a4a919927c944edb5f3f9c665590124\",\"name\":\"gamberetta\",\"image\":{\"@type\":\"ImageObject\",\"inLanguage\":\"it-IT\",\"@id\":\"https:\/\/www.gamberetta.it\/it\/#\/schema\/person\/image\/\",\"url\":\"https:\/\/secure.gravatar.com\/avatar\/7ef5d82656b8958070b4f589b7ae1784?s=96&d=mm&r=g\",\"contentUrl\":\"https:\/\/secure.gravatar.com\/avatar\/7ef5d82656b8958070b4f589b7ae1784?s=96&d=mm&r=g\",\"caption\":\"gamberetta\"},\"description\":\"Sono Toro ascendente Scorpione, terra di contrasti dove ora prevale una met\u00e0, ora l\u2019altra. L\u2019infanzia in Veneto e gli ultimi anni passati a Milano hanno sviluppato in me una serie ulteriore di conflitti. Scrivo da sempre, la scrittura \u00e8 la migliore forma espressiva che mi consente di fissare concetti altrimenti sospesi nell\u2019aria. Da bambina scrivevo poesie con uno stile quasi leopardiano poi sono passata ai diari di viaggio dalla prima volta in USA nel 1998 e non ho pi\u00f9 smesso...\",\"url\":\"https:\/\/www.gamberetta.it\/it\/author\/gamberettarossa\/\"}]}<\/script>\n<!-- \/ Yoast SEO plugin. -->","yoast_head_json":{"title":"IN TRASFERTA IN TOSCANA: TRA PIERACCIONI E PAPALEO - Gamberetta","robots":{"index":"index","follow":"follow","max-snippet":"max-snippet:-1","max-image-preview":"max-image-preview:large","max-video-preview":"max-video-preview:-1"},"canonical":"https:\/\/www.gamberetta.it\/it\/2013\/02\/01\/in-trasferta-in-toscana-tra-pieraccioni-e-papaleo\/","og_locale":"it_IT","og_type":"article","og_title":"IN TRASFERTA IN TOSCANA: TRA PIERACCIONI E PAPALEO - Gamberetta","og_description":"Stiamo seduti su degli sgabelli e ci appoggiamo a un tavolo alto mangiando, insieme, quello che esce dalla piccola cucina attigua: un primo, minestra o pasta, un secondo di carne con contorno, pi\u00f9 focaccia o insalata. Quando passa qualcuno sulla via saluta con un cenno della mano, anche tra passanti si \u00e8 soliti salutare e &hellip; Leggi tutto","og_url":"https:\/\/www.gamberetta.it\/it\/2013\/02\/01\/in-trasferta-in-toscana-tra-pieraccioni-e-papaleo\/","og_site_name":"Gamberetta","article_publisher":"https:\/\/www.facebook.com\/Gamberettatravelblog","article_published_time":"2013-02-01T22:26:21+00:00","author":"gamberetta","twitter_card":"summary_large_image","twitter_creator":"@robertazennaro","twitter_site":"@robertazennaro","twitter_misc":{"Scritto da":"gamberetta","Tempo di lettura stimato":"3 minuti"},"schema":{"@context":"https:\/\/schema.org","@graph":[{"@type":"WebPage","@id":"https:\/\/www.gamberetta.it\/it\/2013\/02\/01\/in-trasferta-in-toscana-tra-pieraccioni-e-papaleo\/","url":"https:\/\/www.gamberetta.it\/it\/2013\/02\/01\/in-trasferta-in-toscana-tra-pieraccioni-e-papaleo\/","name":"IN TRASFERTA IN TOSCANA: TRA PIERACCIONI E PAPALEO - Gamberetta","isPartOf":{"@id":"https:\/\/www.gamberetta.it\/it\/#website"},"datePublished":"2013-02-01T22:26:21+00:00","dateModified":"2013-02-01T22:26:21+00:00","author":{"@id":"https:\/\/www.gamberetta.it\/it\/#\/schema\/person\/7a4a919927c944edb5f3f9c665590124"},"breadcrumb":{"@id":"https:\/\/www.gamberetta.it\/it\/2013\/02\/01\/in-trasferta-in-toscana-tra-pieraccioni-e-papaleo\/#breadcrumb"},"inLanguage":"it-IT","potentialAction":[{"@type":"ReadAction","target":["https:\/\/www.gamberetta.it\/it\/2013\/02\/01\/in-trasferta-in-toscana-tra-pieraccioni-e-papaleo\/"]}]},{"@type":"BreadcrumbList","@id":"https:\/\/www.gamberetta.it\/it\/2013\/02\/01\/in-trasferta-in-toscana-tra-pieraccioni-e-papaleo\/#breadcrumb","itemListElement":[{"@type":"ListItem","position":1,"name":"Home","item":"https:\/\/www.gamberetta.it\/it\/"},{"@type":"ListItem","position":2,"name":"IN TRASFERTA IN TOSCANA: TRA PIERACCIONI E PAPALEO"}]},{"@type":"WebSite","@id":"https:\/\/www.gamberetta.it\/it\/#website","url":"https:\/\/www.gamberetta.it\/it\/","name":"Gamberetta","description":"Il mio blog senza fronzoli: pensieri e parole, sempre e ovunque in viaggio","potentialAction":[{"@type":"SearchAction","target":{"@type":"EntryPoint","urlTemplate":"https:\/\/www.gamberetta.it\/it\/?s={search_term_string}"},"query-input":{"@type":"PropertyValueSpecification","valueRequired":true,"valueName":"search_term_string"}}],"inLanguage":"it-IT"},{"@type":"Person","@id":"https:\/\/www.gamberetta.it\/it\/#\/schema\/person\/7a4a919927c944edb5f3f9c665590124","name":"gamberetta","image":{"@type":"ImageObject","inLanguage":"it-IT","@id":"https:\/\/www.gamberetta.it\/it\/#\/schema\/person\/image\/","url":"https:\/\/secure.gravatar.com\/avatar\/7ef5d82656b8958070b4f589b7ae1784?s=96&d=mm&r=g","contentUrl":"https:\/\/secure.gravatar.com\/avatar\/7ef5d82656b8958070b4f589b7ae1784?s=96&d=mm&r=g","caption":"gamberetta"},"description":"Sono Toro ascendente Scorpione, terra di contrasti dove ora prevale una met\u00e0, ora l\u2019altra. L\u2019infanzia in Veneto e gli ultimi anni passati a Milano hanno sviluppato in me una serie ulteriore di conflitti. Scrivo da sempre, la scrittura \u00e8 la migliore forma espressiva che mi consente di fissare concetti altrimenti sospesi nell\u2019aria. Da bambina scrivevo poesie con uno stile quasi leopardiano poi sono passata ai diari di viaggio dalla prima volta in USA nel 1998 e non ho pi\u00f9 smesso...","url":"https:\/\/www.gamberetta.it\/it\/author\/gamberettarossa\/"}]}},"_links":{"self":[{"href":"https:\/\/www.gamberetta.it\/it\/wp-json\/wp\/v2\/posts\/961"}],"collection":[{"href":"https:\/\/www.gamberetta.it\/it\/wp-json\/wp\/v2\/posts"}],"about":[{"href":"https:\/\/www.gamberetta.it\/it\/wp-json\/wp\/v2\/types\/post"}],"author":[{"embeddable":true,"href":"https:\/\/www.gamberetta.it\/it\/wp-json\/wp\/v2\/users\/2"}],"replies":[{"embeddable":true,"href":"https:\/\/www.gamberetta.it\/it\/wp-json\/wp\/v2\/comments?post=961"}],"version-history":[{"count":0,"href":"https:\/\/www.gamberetta.it\/it\/wp-json\/wp\/v2\/posts\/961\/revisions"}],"wp:attachment":[{"href":"https:\/\/www.gamberetta.it\/it\/wp-json\/wp\/v2\/media?parent=961"}],"wp:term":[{"taxonomy":"category","embeddable":true,"href":"https:\/\/www.gamberetta.it\/it\/wp-json\/wp\/v2\/categories?post=961"},{"taxonomy":"post_tag","embeddable":true,"href":"https:\/\/www.gamberetta.it\/it\/wp-json\/wp\/v2\/tags?post=961"}],"curies":[{"name":"wp","href":"https:\/\/api.w.org\/{rel}","templated":true}]}}